{"id":4384,"date":"2011-11-22T09:57:35","date_gmt":"2011-11-22T08:57:35","guid":{"rendered":"https:\/\/pmza.sk.sk\/?p=4384"},"modified":"2011-11-22T09:57:35","modified_gmt":"2011-11-22T08:57:35","slug":"dod-muzealnej-kniznice-aj-o-restaurovani-starych-knih","status":"publish","type":"post","link":"https:\/\/pmza.sk\/?p=4384","title":{"rendered":"DOD muze\u00e1lnej kni\u017enice aj o re\u0161taurovan\u00ed star\u00fdch kn\u00edh"},"content":{"rendered":"<p><strong><\/strong><a href=\"https:\/\/pmza.sk\/wp-content\/uploads\/2011\/11\/kniznica-muzea.jpg\"><img fetchpriority=\"high\" decoding=\"async\" class=\"alignleft size-medium wp-image-4385\" style=\"margin: 4px; border: 2px solid black;\" title=\"kniznica muzea\" src=\"https:\/\/pmza.sk.sk\/wp-content\/uploads\/2011\/11\/kniznica-muzea-300x225.jpg\" alt=\"\" width=\"300\" height=\"225\" \/><\/a><br \/>\n<span style=\"color: #ff0000;\">D\u00e1tum: 23. 11. 2011<\/span><br \/>\n<span style=\"color: #ff0000;\">Miesto: Are\u00e1l hradu Budat\u00edn, kni\u017enica<\/span><\/p>\n<p>V\u00a0porad\u00ed tret\u00ed De\u0148 otvoren\u00fdch dver\u00ed kni\u017enice Pova\u017esk\u00e9ho m\u00fazea v\u00a0\u017diline, ktor\u00fd m\u00fazeum organizuje od roku 2010, bude op\u00e4\u0165 atrakt\u00edvny nielen pre v\u0161etk\u00fdch \u0161tudentov stredn\u00fdch a\u00a0vysok\u00fdch \u0161k\u00f4l, ale aj pre \u0161irok\u00fa verejnos\u0165. \u201e<em>Kni\u017enica m\u00fazea, ktor\u00e1 existuje od roku 1953, kedy je datovan\u00fd prv\u00fd z\u00e1pis do pr\u00edrastkovej knihy, je u\u017e nieko\u013eko rokov pr\u00edstupn\u00e1 verejnosti. V\u00a0s\u00fa\u010dasnosti disponuje viac ako 12\u00a0000 ks kni\u017eni\u010dn\u00fdch jednotiek a\u00a0aj v\u010faka otvoren\u00fdm d\u0148om kni\u017enice n\u00e1m narast\u00e1 po\u010det predov\u0161etk\u00fdm virtu\u00e1lnych n\u00e1v\u0161tevn\u00edkov<\/em>,\u201c upozornila Janka Sakalov\u00e1, knihovn\u00ed\u010dka m\u00fazea.<!--more-->Od roku 2009 za\u010dal v\u00a0kni\u017enici prebieha\u0165 inova\u010dn\u00fd proces vo forme digitaliz\u00e1cie kni\u017en\u00e9ho fondu. \u201e <em>Elektronick\u00e1 \u00a0evidencia cel\u00e9ho v\u00fdpo\u017ei\u010dn\u00e9ho syst\u00e9mu a \u00a0online katal\u00f3gy nie s\u00fa v\u00a0s\u00fa\u010dasnosti samozrejmos\u0165ou ka\u017edej kni\u017enice. Z\u00a0roka na rok sa sna\u017e\u00edme skvalit\u0148ova\u0165 kni\u017eni\u010dn\u00e9 slu\u017eby, \u00a0poskytujeme napr\u00edklad konzult\u00e1cie v\u00a0kontexte metodiky bibliografie<\/em>. <em>V\u00a0neposlednom rade kni\u017enica sl\u00fa\u017ei aj ako pr\u00edjemn\u00e1 \u0161tudov\u0148a s\u00a0kompletn\u00fdm technick\u00fdm vybaven\u00edm, <\/em>\u201c povedal Boris Schubert, riadite\u013e m\u00fazea.<\/p>\n<p><strong>D\u0148om otvoren\u00fdch dver\u00ed kni\u017enice<\/strong> bude <strong>streda 23. novembra 2011 od 8,00h do 17,00 h<\/strong>, kedy bude registr\u00e1cia do kni\u017enice zadarmo. Pre z\u00e1ujemcov, ktor\u00fdch zauj\u00edma proces n\u00e1ro\u010dn\u00e9ho re\u0161taurovania star\u00fdch kn\u00edh bude v\u00a0kni\u017enici o \u00a014,00 h pripraven\u00e1 predn\u00e1\u0161ka ved\u00facej Oddelenia pre uchov\u00e1vanie a ochranu zbierkov\u00e9ho fondu Pova\u017esk\u00e9ho m\u00fazea v\u00a0\u017diline Anety \u0160panovej. Posledn\u00fdm benefitom novembrov\u00e9ho d\u0148a kni\u017enice je v\u00fdhodn\u00e1 ponuka bal\u00ed\u010dkov publik\u00e1ci\u00ed m\u00fazea.<\/p>\n<p>Organiz\u00e1torom D\u0148a otvoren\u00fdch dver\u00ed kni\u017enice Pova\u017esk\u00e9ho m\u00fazea v\u00a0\u017diline v\u00a0stredu 23. novembra 2011 v\u00a0are\u00e1li Budat\u00ednskeho hradu je \u017dilinsk\u00fd samospr\u00e1vny kraj a Pova\u017esk\u00e9 m\u00fazeum v\u00a0\u017diline<\/p>\n","protected":false},"excerpt":{"rendered":"<p>D\u00e1tum: 23. 11. 2011 Miesto: Are\u00e1l hradu Budat\u00edn, kni\u017enica V\u00a0porad\u00ed tret\u00ed De\u0148 otvoren\u00fdch dver\u00ed kni\u017enice Pova\u017esk\u00e9ho m\u00fazea v\u00a0\u017diline, ktor\u00fd m\u00fazeum organizuje od roku 2010, bude op\u00e4\u0165 atrakt\u00edvny nielen pre v\u0161etk\u00fdch \u0161tudentov stredn\u00fdch a\u00a0vysok\u00fdch \u0161k\u00f4l, ale aj pre \u0161irok\u00fa verejnos\u0165. \u201eKni\u017enica m\u00fazea, ktor\u00e1 existuje od roku 1953, kedy je datovan\u00fd prv\u00fd z\u00e1pis do pr\u00edrastkovej knihy, je [&hellip;]<\/p>\n","protected":false},"author":1,"featured_media":0,"comment_status":"closed","ping_status":"closed","sticky":false,"template":"","format":"standard","meta":{"site-sidebar-layout":"default","site-content-layout":"","ast-site-content-layout":"","site-content-style":"default","site-sidebar-style":"default","ast-global-header-display":"","ast-banner-title-visibility":"","ast-main-header-display":"","ast-hfb-above-header-display":"","ast-hfb-below-header-display":"","ast-hfb-mobile-header-display":"","site-post-title":"","ast-breadcrumbs-content":"","ast-featured-img":"","footer-sml-layout":"","theme-transparent-header-meta":"","adv-header-id-meta":"","stick-header-meta":"","header-above-stick-meta":"","header-main-stick-meta":"","header-below-stick-meta":"","astra-migrate-meta-layouts":"default","ast-page-background-enabled":"default","ast-page-background-meta":{"desktop":{"background-color":"var(--ast-global-color-4)","background-image":"","background-repeat":"repeat","background-position":"center center","background-size":"auto","background-attachment":"scroll","background-type":"","background-media":"","overlay-type":"","overlay-color":"","overlay-opacity":"","overlay-gradient":""},"tablet":{"background-color":"","background-image":"","background-repeat":"repeat","background-position":"center center","background-size":"auto","background-attachment":"scroll","background-type":"","background-media":"","overlay-type":"","overlay-color":"","overlay-opacity":"","overlay-gradient":""},"mobile":{"background-color":"","background-image":"","background-repeat":"repeat","background-position":"center center","background-size":"auto","background-attachment":"scroll","background-type":"","background-media":"","overlay-type":"","overlay-color":"","overlay-opacity":"","overlay-gradient":""}},"ast-content-background-meta":{"desktop":{"background-color":"var(--ast-global-color-5)","background-image":"","background-repeat":"repeat","background-position":"center center","background-size":"auto","background-attachment":"scroll","background-type":"","background-media":"","overlay-type":"","overlay-color":"","overlay-opacity":"","overlay-gradient":""},"tablet":{"background-color":"var(--ast-global-color-5)","background-image":"","background-repeat":"repeat","background-position":"center center","background-size":"auto","background-attachment":"scroll","background-type":"","background-media":"","overlay-type":"","overlay-color":"","overlay-opacity":"","overlay-gradient":""},"mobile":{"background-color":"var(--ast-global-color-5)","background-image":"","background-repeat":"repeat","background-position":"center center","background-size":"auto","background-attachment":"scroll","background-type":"","background-media":"","overlay-type":"","overlay-color":"","overlay-opacity":"","overlay-gradient":""}},"footnotes":""},"categories":[30],"tags":[],"class_list":["post-4384","post","type-post","status-publish","format-standard","hentry","category-archiv-2011"],"yoast_head":"<!-- This site is optimized with the Yoast SEO plugin v27.4 - https:\/\/yoast.com\/product\/yoast-seo-wordpress\/ -->\n<title>DOD muze\u00e1lnej kni\u017enice aj o re\u0161taurovan\u00ed star\u00fdch kn\u00edh - Pova\u017esk\u00e9 m\u00fazeum<\/title>\n<meta name=\"robots\" content=\"index, follow, max-snippet:-1, max-image-preview:large, max-video-preview:-1\" \/>\n<link rel=\"canonical\" href=\"https:\/\/pmza.sk\/?p=4384\" \/>\n<meta property=\"og:locale\" content=\"sk_SK\" \/>\n<meta property=\"og:type\" content=\"article\" \/>\n<meta property=\"og:title\" content=\"DOD muze\u00e1lnej kni\u017enice aj o re\u0161taurovan\u00ed star\u00fdch kn\u00edh - Pova\u017esk\u00e9 m\u00fazeum\" \/>\n<meta property=\"og:description\" content=\"D\u00e1tum: 23. 11. 2011 Miesto: Are\u00e1l hradu Budat\u00edn, kni\u017enica V\u00a0porad\u00ed tret\u00ed De\u0148 otvoren\u00fdch dver\u00ed kni\u017enice Pova\u017esk\u00e9ho m\u00fazea v\u00a0\u017diline, ktor\u00fd m\u00fazeum organizuje od roku 2010, bude op\u00e4\u0165 atrakt\u00edvny nielen pre v\u0161etk\u00fdch \u0161tudentov stredn\u00fdch a\u00a0vysok\u00fdch \u0161k\u00f4l, ale aj pre \u0161irok\u00fa verejnos\u0165. \u201eKni\u017enica m\u00fazea, ktor\u00e1 existuje od roku 1953, kedy je datovan\u00fd prv\u00fd z\u00e1pis do pr\u00edrastkovej knihy, je [&hellip;]\" \/>\n<meta property=\"og:url\" content=\"https:\/\/pmza.sk\/?p=4384\" \/>\n<meta property=\"og:site_name\" content=\"Pova\u017esk\u00e9 m\u00fazeum\" \/>\n<meta property=\"article:publisher\" content=\"https:\/\/www.facebook.com\/povazskemuzeum\" \/>\n<meta property=\"article:published_time\" content=\"2011-11-22T08:57:35+00:00\" \/>\n<meta property=\"og:image\" content=\"https:\/\/pmza.sk.sk\/wp-content\/uploads\/2011\/11\/kniznica-muzea-300x225.jpg\" \/>\n<meta name=\"author\" content=\"libor\" \/>\n<meta name=\"twitter:card\" content=\"summary_large_image\" \/>\n<meta name=\"twitter:label1\" content=\"Autor\" \/>\n\t<meta name=\"twitter:data1\" content=\"libor\" \/>\n\t<meta name=\"twitter:label2\" content=\"Predpokladan\u00fd \u010das \u010d\u00edtania\" \/>\n\t<meta name=\"twitter:data2\" content=\"2 min\u00faty\" \/>\n<script type=\"application\/ld+json\" class=\"yoast-schema-graph\">{\"@context\":\"https:\\\/\\\/schema.org\",\"@graph\":[{\"@type\":\"Article\",\"@id\":\"https:\\\/\\\/pmza.sk\\\/?p=4384#article\",\"isPartOf\":{\"@id\":\"https:\\\/\\\/pmza.sk\\\/?p=4384\"},\"author\":{\"name\":\"libor\",\"@id\":\"https:\\\/\\\/pmza.sk\\\/#\\\/schema\\\/person\\\/f0b923a9aa8e1f67feef0d7cd9afde35\"},\"headline\":\"DOD muze\u00e1lnej kni\u017enice aj o re\u0161taurovan\u00ed star\u00fdch kn\u00edh\",\"datePublished\":\"2011-11-22T08:57:35+00:00\",\"mainEntityOfPage\":{\"@id\":\"https:\\\/\\\/pmza.sk\\\/?p=4384\"},\"wordCount\":355,\"publisher\":{\"@id\":\"https:\\\/\\\/pmza.sk\\\/#organization\"},\"image\":{\"@id\":\"https:\\\/\\\/pmza.sk\\\/?p=4384#primaryimage\"},\"thumbnailUrl\":\"http:\\\/\\\/pmza.sk.sk\\\/wp-content\\\/uploads\\\/2011\\\/11\\\/kniznica-muzea-300x225.jpg\",\"articleSection\":[\"Arch\u00edv 2011\"],\"inLanguage\":\"sk-SK\"},{\"@type\":\"WebPage\",\"@id\":\"https:\\\/\\\/pmza.sk\\\/?p=4384\",\"url\":\"https:\\\/\\\/pmza.sk\\\/?p=4384\",\"name\":\"DOD muze\u00e1lnej kni\u017enice aj o re\u0161taurovan\u00ed star\u00fdch kn\u00edh - Pova\u017esk\u00e9 m\u00fazeum\",\"isPartOf\":{\"@id\":\"https:\\\/\\\/pmza.sk\\\/#website\"},\"primaryImageOfPage\":{\"@id\":\"https:\\\/\\\/pmza.sk\\\/?p=4384#primaryimage\"},\"image\":{\"@id\":\"https:\\\/\\\/pmza.sk\\\/?p=4384#primaryimage\"},\"thumbnailUrl\":\"http:\\\/\\\/pmza.sk.sk\\\/wp-content\\\/uploads\\\/2011\\\/11\\\/kniznica-muzea-300x225.jpg\",\"datePublished\":\"2011-11-22T08:57:35+00:00\",\"breadcrumb\":{\"@id\":\"https:\\\/\\\/pmza.sk\\\/?p=4384#breadcrumb\"},\"inLanguage\":\"sk-SK\",\"potentialAction\":[{\"@type\":\"ReadAction\",\"target\":[\"https:\\\/\\\/pmza.sk\\\/?p=4384\"]}]},{\"@type\":\"ImageObject\",\"inLanguage\":\"sk-SK\",\"@id\":\"https:\\\/\\\/pmza.sk\\\/?p=4384#primaryimage\",\"url\":\"http:\\\/\\\/pmza.sk.sk\\\/wp-content\\\/uploads\\\/2011\\\/11\\\/kniznica-muzea-300x225.jpg\",\"contentUrl\":\"http:\\\/\\\/pmza.sk.sk\\\/wp-content\\\/uploads\\\/2011\\\/11\\\/kniznica-muzea-300x225.jpg\"},{\"@type\":\"BreadcrumbList\",\"@id\":\"https:\\\/\\\/pmza.sk\\\/?p=4384#breadcrumb\",\"itemListElement\":[{\"@type\":\"ListItem\",\"position\":1,\"name\":\"Domovsk\u00e1 str\u00e1nka\",\"item\":\"https:\\\/\\\/pmza.sk\\\/\"},{\"@type\":\"ListItem\",\"position\":2,\"name\":\"DOD muze\u00e1lnej kni\u017enice aj o re\u0161taurovan\u00ed star\u00fdch kn\u00edh\"}]},{\"@type\":\"WebSite\",\"@id\":\"https:\\\/\\\/pmza.sk\\\/#website\",\"url\":\"https:\\\/\\\/pmza.sk\\\/\",\"name\":\"Pova\u017esk\u00e9 m\u00fazeum\",\"description\":\"Pova\u017esk\u00e9 m\u00fazeum v \u017diline je region\u00e1lne m\u00fazeum so s\u00eddlom v Budat\u00edne. Jeho expoz\u00edcie s\u00fa zameran\u00e9 na dejiny slovensk\u00e9ho umenia, kult\u00fary a dopravy.\",\"publisher\":{\"@id\":\"https:\\\/\\\/pmza.sk\\\/#organization\"},\"potentialAction\":[{\"@type\":\"SearchAction\",\"target\":{\"@type\":\"EntryPoint\",\"urlTemplate\":\"https:\\\/\\\/pmza.sk\\\/?s={search_term_string}\"},\"query-input\":{\"@type\":\"PropertyValueSpecification\",\"valueRequired\":true,\"valueName\":\"search_term_string\"}}],\"inLanguage\":\"sk-SK\"},{\"@type\":\"Organization\",\"@id\":\"https:\\\/\\\/pmza.sk\\\/#organization\",\"name\":\"Pova\u017esk\u00e9 m\u00fazeum\",\"url\":\"https:\\\/\\\/pmza.sk\\\/\",\"logo\":{\"@type\":\"ImageObject\",\"inLanguage\":\"sk-SK\",\"@id\":\"https:\\\/\\\/pmza.sk\\\/#\\\/schema\\\/logo\\\/image\\\/\",\"url\":\"https:\\\/\\\/pmza.sk\\\/wp-content\\\/uploads\\\/2022\\\/01\\\/logo_PM_horizontal.jpg\",\"contentUrl\":\"https:\\\/\\\/pmza.sk\\\/wp-content\\\/uploads\\\/2022\\\/01\\\/logo_PM_horizontal.jpg\",\"width\":231,\"height\":142,\"caption\":\"Pova\u017esk\u00e9 m\u00fazeum\"},\"image\":{\"@id\":\"https:\\\/\\\/pmza.sk\\\/#\\\/schema\\\/logo\\\/image\\\/\"},\"sameAs\":[\"https:\\\/\\\/www.facebook.com\\\/povazskemuzeum\",\"https:\\\/\\\/www.instagram.com\\\/povazskemuzeum\\\/\"]},{\"@type\":\"Person\",\"@id\":\"https:\\\/\\\/pmza.sk\\\/#\\\/schema\\\/person\\\/f0b923a9aa8e1f67feef0d7cd9afde35\",\"name\":\"libor\",\"image\":{\"@type\":\"ImageObject\",\"inLanguage\":\"sk-SK\",\"@id\":\"https:\\\/\\\/secure.gravatar.com\\\/avatar\\\/c583dbc698e594aacced1589eb8cf1673bd41d461e8b2ab635484ffc26fee7b0?s=96&d=mm&r=g\",\"url\":\"https:\\\/\\\/secure.gravatar.com\\\/avatar\\\/c583dbc698e594aacced1589eb8cf1673bd41d461e8b2ab635484ffc26fee7b0?s=96&d=mm&r=g\",\"contentUrl\":\"https:\\\/\\\/secure.gravatar.com\\\/avatar\\\/c583dbc698e594aacced1589eb8cf1673bd41d461e8b2ab635484ffc26fee7b0?s=96&d=mm&r=g\",\"caption\":\"libor\"}}]}<\/script>\n<!-- \/ Yoast SEO plugin. -->","yoast_head_json":{"title":"DOD muze\u00e1lnej kni\u017enice aj o re\u0161taurovan\u00ed star\u00fdch kn\u00edh - Pova\u017esk\u00e9 m\u00fazeum","robots":{"index":"index","follow":"follow","max-snippet":"max-snippet:-1","max-image-preview":"max-image-preview:large","max-video-preview":"max-video-preview:-1"},"canonical":"https:\/\/pmza.sk\/?p=4384","og_locale":"sk_SK","og_type":"article","og_title":"DOD muze\u00e1lnej kni\u017enice aj o re\u0161taurovan\u00ed star\u00fdch kn\u00edh - Pova\u017esk\u00e9 m\u00fazeum","og_description":"D\u00e1tum: 23. 11. 2011 Miesto: Are\u00e1l hradu Budat\u00edn, kni\u017enica V\u00a0porad\u00ed tret\u00ed De\u0148 otvoren\u00fdch dver\u00ed kni\u017enice Pova\u017esk\u00e9ho m\u00fazea v\u00a0\u017diline, ktor\u00fd m\u00fazeum organizuje od roku 2010, bude op\u00e4\u0165 atrakt\u00edvny nielen pre v\u0161etk\u00fdch \u0161tudentov stredn\u00fdch a\u00a0vysok\u00fdch \u0161k\u00f4l, ale aj pre \u0161irok\u00fa verejnos\u0165. \u201eKni\u017enica m\u00fazea, ktor\u00e1 existuje od roku 1953, kedy je datovan\u00fd prv\u00fd z\u00e1pis do pr\u00edrastkovej knihy, je [&hellip;]","og_url":"https:\/\/pmza.sk\/?p=4384","og_site_name":"Pova\u017esk\u00e9 m\u00fazeum","article_publisher":"https:\/\/www.facebook.com\/povazskemuzeum","article_published_time":"2011-11-22T08:57:35+00:00","og_image":[{"url":"https:\/\/pmza.sk.sk\/wp-content\/uploads\/2011\/11\/kniznica-muzea-300x225.jpg","type":"","width":"","height":""}],"author":"libor","twitter_card":"summary_large_image","twitter_misc":{"Autor":"libor","Predpokladan\u00fd \u010das \u010d\u00edtania":"2 min\u00faty"},"schema":{"@context":"https:\/\/schema.org","@graph":[{"@type":"Article","@id":"https:\/\/pmza.sk\/?p=4384#article","isPartOf":{"@id":"https:\/\/pmza.sk\/?p=4384"},"author":{"name":"libor","@id":"https:\/\/pmza.sk\/#\/schema\/person\/f0b923a9aa8e1f67feef0d7cd9afde35"},"headline":"DOD muze\u00e1lnej kni\u017enice aj o re\u0161taurovan\u00ed star\u00fdch kn\u00edh","datePublished":"2011-11-22T08:57:35+00:00","mainEntityOfPage":{"@id":"https:\/\/pmza.sk\/?p=4384"},"wordCount":355,"publisher":{"@id":"https:\/\/pmza.sk\/#organization"},"image":{"@id":"https:\/\/pmza.sk\/?p=4384#primaryimage"},"thumbnailUrl":"https:\/\/pmza.sk.sk\/wp-content\/uploads\/2011\/11\/kniznica-muzea-300x225.jpg","articleSection":["Arch\u00edv 2011"],"inLanguage":"sk-SK"},{"@type":"WebPage","@id":"https:\/\/pmza.sk\/?p=4384","url":"https:\/\/pmza.sk\/?p=4384","name":"DOD muze\u00e1lnej kni\u017enice aj o re\u0161taurovan\u00ed star\u00fdch kn\u00edh - Pova\u017esk\u00e9 m\u00fazeum","isPartOf":{"@id":"https:\/\/pmza.sk\/#website"},"primaryImageOfPage":{"@id":"https:\/\/pmza.sk\/?p=4384#primaryimage"},"image":{"@id":"https:\/\/pmza.sk\/?p=4384#primaryimage"},"thumbnailUrl":"https:\/\/pmza.sk.sk\/wp-content\/uploads\/2011\/11\/kniznica-muzea-300x225.jpg","datePublished":"2011-11-22T08:57:35+00:00","breadcrumb":{"@id":"https:\/\/pmza.sk\/?p=4384#breadcrumb"},"inLanguage":"sk-SK","potentialAction":[{"@type":"ReadAction","target":["https:\/\/pmza.sk\/?p=4384"]}]},{"@type":"ImageObject","inLanguage":"sk-SK","@id":"https:\/\/pmza.sk\/?p=4384#primaryimage","url":"https:\/\/pmza.sk.sk\/wp-content\/uploads\/2011\/11\/kniznica-muzea-300x225.jpg","contentUrl":"https:\/\/pmza.sk.sk\/wp-content\/uploads\/2011\/11\/kniznica-muzea-300x225.jpg"},{"@type":"BreadcrumbList","@id":"https:\/\/pmza.sk\/?p=4384#breadcrumb","itemListElement":[{"@type":"ListItem","position":1,"name":"Domovsk\u00e1 str\u00e1nka","item":"https:\/\/pmza.sk\/"},{"@type":"ListItem","position":2,"name":"DOD muze\u00e1lnej kni\u017enice aj o re\u0161taurovan\u00ed star\u00fdch kn\u00edh"}]},{"@type":"WebSite","@id":"https:\/\/pmza.sk\/#website","url":"https:\/\/pmza.sk\/","name":"Pova\u017esk\u00e9 m\u00fazeum","description":"Pova\u017esk\u00e9 m\u00fazeum v \u017diline je region\u00e1lne m\u00fazeum so s\u00eddlom v Budat\u00edne. Jeho expoz\u00edcie s\u00fa zameran\u00e9 na dejiny slovensk\u00e9ho umenia, kult\u00fary a dopravy.","publisher":{"@id":"https:\/\/pmza.sk\/#organization"},"potentialAction":[{"@type":"SearchAction","target":{"@type":"EntryPoint","urlTemplate":"https:\/\/pmza.sk\/?s={search_term_string}"},"query-input":{"@type":"PropertyValueSpecification","valueRequired":true,"valueName":"search_term_string"}}],"inLanguage":"sk-SK"},{"@type":"Organization","@id":"https:\/\/pmza.sk\/#organization","name":"Pova\u017esk\u00e9 m\u00fazeum","url":"https:\/\/pmza.sk\/","logo":{"@type":"ImageObject","inLanguage":"sk-SK","@id":"https:\/\/pmza.sk\/#\/schema\/logo\/image\/","url":"https:\/\/pmza.sk\/wp-content\/uploads\/2022\/01\/logo_PM_horizontal.jpg","contentUrl":"https:\/\/pmza.sk\/wp-content\/uploads\/2022\/01\/logo_PM_horizontal.jpg","width":231,"height":142,"caption":"Pova\u017esk\u00e9 m\u00fazeum"},"image":{"@id":"https:\/\/pmza.sk\/#\/schema\/logo\/image\/"},"sameAs":["https:\/\/www.facebook.com\/povazskemuzeum","https:\/\/www.instagram.com\/povazskemuzeum\/"]},{"@type":"Person","@id":"https:\/\/pmza.sk\/#\/schema\/person\/f0b923a9aa8e1f67feef0d7cd9afde35","name":"libor","image":{"@type":"ImageObject","inLanguage":"sk-SK","@id":"https:\/\/secure.gravatar.com\/avatar\/c583dbc698e594aacced1589eb8cf1673bd41d461e8b2ab635484ffc26fee7b0?s=96&d=mm&r=g","url":"https:\/\/secure.gravatar.com\/avatar\/c583dbc698e594aacced1589eb8cf1673bd41d461e8b2ab635484ffc26fee7b0?s=96&d=mm&r=g","contentUrl":"https:\/\/secure.gravatar.com\/avatar\/c583dbc698e594aacced1589eb8cf1673bd41d461e8b2ab635484ffc26fee7b0?s=96&d=mm&r=g","caption":"libor"}}]}},"_links":{"self":[{"href":"https:\/\/pmza.sk\/index.php?rest_route=\/wp\/v2\/posts\/4384","targetHints":{"allow":["GET"]}}],"collection":[{"href":"https:\/\/pmza.sk\/index.php?rest_route=\/wp\/v2\/posts"}],"about":[{"href":"https:\/\/pmza.sk\/index.php?rest_route=\/wp\/v2\/types\/post"}],"author":[{"embeddable":true,"href":"https:\/\/pmza.sk\/index.php?rest_route=\/wp\/v2\/users\/1"}],"replies":[{"embeddable":true,"href":"https:\/\/pmza.sk\/index.php?rest_route=%2Fwp%2Fv2%2Fcomments&post=4384"}],"version-history":[{"count":0,"href":"https:\/\/pmza.sk\/index.php?rest_route=\/wp\/v2\/posts\/4384\/revisions"}],"wp:attachment":[{"href":"https:\/\/pmza.sk\/index.php?rest_route=%2Fwp%2Fv2%2Fmedia&parent=4384"}],"wp:term":[{"taxonomy":"category","embeddable":true,"href":"https:\/\/pmza.sk\/index.php?rest_route=%2Fwp%2Fv2%2Fcategories&post=4384"},{"taxonomy":"post_tag","embeddable":true,"href":"https:\/\/pmza.sk\/index.php?rest_route=%2Fwp%2Fv2%2Ftags&post=4384"}],"curies":[{"name":"wp","href":"https:\/\/api.w.org\/{rel}","templated":true}]}}