{"id":4426,"date":"2011-11-25T12:47:55","date_gmt":"2011-11-25T11:47:55","guid":{"rendered":"https:\/\/pmza.sk.sk\/?p=4426"},"modified":"2011-11-25T12:47:55","modified_gmt":"2011-11-25T11:47:55","slug":"orchester-slovenskych-vytvarnikov-v-budatine","status":"publish","type":"post","link":"https:\/\/pmza.sk\/?p=4426","title":{"rendered":"Orchester slovensk\u00fdch v\u00fdtvarn\u00edkov v Budat\u00edne"},"content":{"rendered":"<p><strong><\/strong><a href=\"https:\/\/pmza.sk\/wp-content\/uploads\/2011\/11\/foto-z-vystavy-1-scaled-1.jpg\"><img fetchpriority=\"high\" decoding=\"async\" class=\"alignleft size-medium wp-image-4427\" style=\"margin: 4px; border: 2px solid black;\" title=\"foto z vystavy 1\" src=\"https:\/\/pmza.sk.sk\/wp-content\/uploads\/2011\/11\/foto-z-vystavy-1-209x300.jpg\" alt=\"\" width=\"209\" height=\"300\" \/><\/a><\/p>\n<p><span style=\"color: #ff0000;\">D\u00e1tum: 16. 11. 2011 &#8211; 12.2.2012<\/span><br \/>\n<span style=\"color: #ff0000;\"> Miesto: Are\u00e1l hradu Budat\u00edn<\/span><\/p>\n<p>Jedine\u010dnou farebnou<span style=\"text-decoration: underline;\"> <\/span>hrou na husle sa d\u00e1 nazva\u0165 v\u00fdstava ma\u013eovan\u00fdch husli\u010diek a projekt umeleckej agent\u00fary Folk Slovakia, ktor\u00fd u\u017e p\u00e4\u0165 rokov putuje po kult\u00farnych zariadeniach Slovenska i \u00a0Eur\u00f3py. Dvadsiatou \u00f4smou z\u00e1stavkou prezent\u00e1cie v\u00fdstavy pod n\u00e1zvom <strong>Na husli\u010dk\u00e1ch ma\u013eovan\u00e9 <\/strong>je are\u00e1l Budat\u00ednskeho hradu. Viac ako stoosemdesiat profesion\u00e1lnych slovensk\u00fdch v\u00fdtvarn\u00edkov vd\u00fdchlo nefunk\u010dn\u00fdm husli\u010dk\u00e1m nov\u00fa du\u0161u a o\u017eivilo ich farbami, n\u00e1padmi, no najm\u00e4\u00a0svoj\u00edm rukopisom. Tak vytvorili jedine\u010dn\u00fa zbierku husl\u00ed, ktor\u00e9 sa na jednej strane od seba odli\u0161uj\u00fa bohatou pestros\u0165ou individu\u00e1lneho autorsk\u00e9ho\u00a0prejavu a\u00a0na druhej strane ich vz\u00e1jomne sp\u00e1ja jednotn\u00fd\u00a0 tvar husl\u00ed. Tie sa\u00a0 v\u00a0ruk\u00e1ch umelcov st\u00e1vaj\u00fa z\u00e1kladn\u00fdm artefaktom projektu.<\/p>\n<p><!--more-->\u201e<em>Ka\u017ed\u00fd z autorov pon\u00faka svojimi husli\u010dkami\u00a0 v\u00fdrazov\u00fa variabilitu n\u00e1zorov\u00fdch orient\u00e1ci\u00ed a\u00a0trendov ako aj bohat\u00fa r\u00f4znorodos\u0165 foriem, \u0161t\u00fdlu, vyzretosti a\u00a0invencie. Stretli sa tu\u00a0 v\u00fdrazn\u00e9 osobnosti v\u00fdtvarn\u00e9ho umenia z\u00a0r\u00f4znych regi\u00f3nov Slovenska, ale aj gener\u00e1cie a cel\u00e9 rodiny v\u00fdtvarn\u00edkov spr\u00edtom\u0148uj\u00face \u017e\u00e1nrov\u00fa odli\u0161nos\u0165 v\u00a0ma\u013ebe, kresbe, grafike, dizajne, \u00fa\u017eitkovom umen\u00ed aj\u00a0sochy.<\/em> <em>Cie\u013eom putovn\u00fdch v\u00fdstav Na husli\u010dk\u00e1ch ma\u013eovan\u00e9 je uk\u00e1za\u0165 verejnosti originalitu r\u00f4znorodosti v\u00fdtvarn\u00e9ho prejavu a \u00a0z\u00e1rove\u0148 spozna\u0165 v\u00fdtvarn\u00ed<\/em>kov <em>svojho regi\u00f3nu, ale aj\u00a0 v\u00fdznamn\u00e9 osobnosti slovensk\u00e9ho v\u00fdtvarn\u00e9ho umenia,\u201c <\/em>povedala Be\u00e1ta Pachingerov\u00e1, autorka projektu.<\/p>\n<p>V\u00fdstava v\u00a0\u017diline je koncipovan\u00e1 s\u00a0d\u00f4razom na prezent\u00e1ciu v\u00fdtvarn\u00edkov \u017eilinsk\u00e9ho kraja a\u00a0jeho rod\u00e1kov, ktor\u00ed sa do projektu zapojili. N\u00e1v\u0161tevn\u00edci m\u00f4\u017eu obdivova\u0165 umeleck\u00e9 diela autorov ako Laco Berger, Robo Brun, Igor Cvacho, Juraj \u010cutek, Zuzana Hlo\u017en\u00edkov\u00e1, Robo Hromec, rodina Kraj\u010dovcov(Daniela st. a ml. a\u00a0Milan), Ferko Kr\u00e1\u013e- in zuje (nedokon\u010den\u00e9), Stano Lajda a\u00a0Rudolf Sikora. Korene v\u00a0\u017eilinskom regi\u00f3ne maj\u00fa aj zn\u00e1mi v\u00fdtvarn\u00ed umelci ako Vladim\u00edr Komp\u00e1nek (in memoriam) z\u00a0bl\u00edzkeho Rajca alebo Zdeno Horeck\u00fd z\u00a0Byt\u010dice. Kysuce sa m\u00f4\u017eu na v\u00fdstave pop\u00fd\u0161i\u0165 svojimi rod\u00e1kmi ako Ondrej Zimka, Miro Cip\u00e1r, Peter Galv\u00e1nek, \u010di Pavol Mu\u0161ka a\u00a0Anna Galkov\u00e1. Orava prezentuje svojich rod\u00e1kov ako s\u00fa Ign\u00e1c Kol\u010d\u00e1k (in memoriam), Karin Kol\u010d\u00e1kov\u00e1 a Miroslav Knap .<\/p>\n<p>\u201e\u201e<em>Projekt<\/em><em> Na husli\u010dk\u00e1ch ma\u013eovan\u00e9 pova\u017eujem za vydaren\u00fa a v\u00fdborn\u00fa prezent\u00e1ciu s\u00fa\u010dasn\u00e9ho slovensk\u00e9ho umenia. Spojenie v\u00fdtvarn\u00e9ho umenia a\u00a0\u013eudovej hudby, reprezentovanej dreven\u00fdmi husli\u010dkami je nekonven\u010dn\u00fd n\u00e1pad. Z\u00a0tohto d\u00f4vodu som r\u00e1d som prijal pozvanie \u00a0z\u00fa\u010dastni\u0165 sa projektu \u00a0a\u00a0takto prezentova\u0165 svoje dielko spolu s\u00a0desiatkami \u010fal\u0161\u00edch slovensk\u00fdch v\u00fdtvarn\u00fdch umelcov v\u00a0rade eur\u00f3pskych metropol<\/em>,\u201c uviedol Igor Cvacho, \u017eilinsk\u00fd v\u00fdtvarn\u00edk a\u00a0dizajn\u00e9r.<\/p>\n<p><em> \u201e V tejto zbierke\u00a0 sa podp\u00edsala siln\u00e1 individualita a osobnos\u0165 ka\u017ed\u00e9ho v\u00fdtvarn\u00edka, \u010di u\u017e v\u00a0klasickom, \u0161t\u00fdlovom, trojrozmernom \u010di v nad\u010dasovom pon\u00edman\u00ed, v\u00fdraze alebo v prejave. Technika a\u00a0n\u00e1met ka\u017ed\u00e9ho v\u00fdtvarn\u00edka s\u00fa nielen \u013eubovo\u013en\u00e9, ale pr\u00e1ve<strong> <\/strong>v\u00fdrazne individu\u00e1lne, a\u00a0tak m\u00e1 ka\u017ed\u00fd n\u00e1v\u0161tevn\u00edk mo\u017enos\u0165 vybra\u0165 si to, \u010do sa mu p\u00e1\u010di pod\u013ea svojho vkusu. \u00a0V\u0161etci umelci re\u0161pektuj\u00fa spolo\u010dn\u00fd podkladov\u00fd materi\u00e1l v\u00a0 tvare husli\u010diek, ktor\u00fd je symbolom ich jednoty, spolupatri\u010dnosti a\u00a0trad\u00edcie, a\u00a0tak sa im podarilo vytvori\u0165 model <strong>jednotnej diverzity<\/strong>.\u201c<\/em> dodala na z\u00e1ver Be\u00e1ta Pachingerov\u00e1.<\/p>\n<p>Orchester slovensk\u00fdch v\u00fdtvarn\u00edkov v\u00fdstavy Na husli\u010dk\u00e1ch ma\u013eovan\u00e9 bude \u201eznie\u0165\u201c vo v\u00fdstavnej sieni\u00a0 are\u00e1lu Budat\u00ednskeho hradu a\u017e do 12. febru\u00e1ra 2012, na ktor\u00fa V\u00e1s srde\u010dne poz\u00fdva organiz\u00e1tor v\u00fdstavy \u017dilinsk\u00fd samospr\u00e1vny kraj, Pova\u017esk\u00e9 m\u00fazeum v\u00a0\u017diline. Z\u00e1\u0161titu nad projektom prevzalo Ministerstvo kult\u00fary SR.<\/p>\n","protected":false},"excerpt":{"rendered":"<p>D\u00e1tum: 16. 11. 2011 &#8211; 12.2.2012 Miesto: Are\u00e1l hradu Budat\u00edn Jedine\u010dnou farebnou hrou na husle sa d\u00e1 nazva\u0165 v\u00fdstava ma\u013eovan\u00fdch husli\u010diek a projekt umeleckej agent\u00fary Folk Slovakia, ktor\u00fd u\u017e p\u00e4\u0165 rokov putuje po kult\u00farnych zariadeniach Slovenska i \u00a0Eur\u00f3py. Dvadsiatou \u00f4smou z\u00e1stavkou prezent\u00e1cie v\u00fdstavy pod n\u00e1zvom Na husli\u010dk\u00e1ch ma\u013eovan\u00e9 je are\u00e1l Budat\u00ednskeho hradu. Viac ako stoosemdesiat [&hellip;]<\/p>\n","protected":false},"author":1,"featured_media":0,"comment_status":"closed","ping_status":"closed","sticky":false,"template":"","format":"standard","meta":{"site-sidebar-layout":"default","site-content-layout":"","ast-site-content-layout":"","site-content-style":"default","site-sidebar-style":"default","ast-global-header-display":"","ast-banner-title-visibility":"","ast-main-header-display":"","ast-hfb-above-header-display":"","ast-hfb-below-header-display":"","ast-hfb-mobile-header-display":"","site-post-title":"","ast-breadcrumbs-content":"","ast-featured-img":"","footer-sml-layout":"","theme-transparent-header-meta":"","adv-header-id-meta":"","stick-header-meta":"","header-above-stick-meta":"","header-main-stick-meta":"","header-below-stick-meta":"","astra-migrate-meta-layouts":"default","ast-page-background-enabled":"default","ast-page-background-meta":{"desktop":{"background-color":"var(--ast-global-color-4)","background-image":"","background-repeat":"repeat","background-position":"center center","background-size":"auto","background-attachment":"scroll","background-type":"","background-media":"","overlay-type":"","overlay-color":"","overlay-opacity":"","overlay-gradient":""},"tablet":{"background-color":"","background-image":"","background-repeat":"repeat","background-position":"center center","background-size":"auto","background-attachment":"scroll","background-type":"","background-media":"","overlay-type":"","overlay-color":"","overlay-opacity":"","overlay-gradient":""},"mobile":{"background-color":"","background-image":"","background-repeat":"repeat","background-position":"center center","background-size":"auto","background-attachment":"scroll","background-type":"","background-media":"","overlay-type":"","overlay-color":"","overlay-opacity":"","overlay-gradient":""}},"ast-content-background-meta":{"desktop":{"background-color":"var(--ast-global-color-5)","background-image":"","background-repeat":"repeat","background-position":"center center","background-size":"auto","background-attachment":"scroll","background-type":"","background-media":"","overlay-type":"","overlay-color":"","overlay-opacity":"","overlay-gradient":""},"tablet":{"background-color":"var(--ast-global-color-5)","background-image":"","background-repeat":"repeat","background-position":"center center","background-size":"auto","background-attachment":"scroll","background-type":"","background-media":"","overlay-type":"","overlay-color":"","overlay-opacity":"","overlay-gradient":""},"mobile":{"background-color":"var(--ast-global-color-5)","background-image":"","background-repeat":"repeat","background-position":"center center","background-size":"auto","background-attachment":"scroll","background-type":"","background-media":"","overlay-type":"","overlay-color":"","overlay-opacity":"","overlay-gradient":""}},"footnotes":""},"categories":[32],"tags":[],"class_list":["post-4426","post","type-post","status-publish","format-standard","hentry","category-archiv-2012"],"yoast_head":"<!-- This site is optimized with the Yoast SEO plugin v27.4 - https:\/\/yoast.com\/product\/yoast-seo-wordpress\/ -->\n<title>Orchester slovensk\u00fdch v\u00fdtvarn\u00edkov v Budat\u00edne - Pova\u017esk\u00e9 m\u00fazeum<\/title>\n<meta name=\"robots\" content=\"index, follow, max-snippet:-1, max-image-preview:large, max-video-preview:-1\" \/>\n<link rel=\"canonical\" href=\"https:\/\/pmza.sk\/?p=4426\" \/>\n<meta property=\"og:locale\" content=\"sk_SK\" \/>\n<meta property=\"og:type\" content=\"article\" \/>\n<meta property=\"og:title\" content=\"Orchester slovensk\u00fdch v\u00fdtvarn\u00edkov v Budat\u00edne - Pova\u017esk\u00e9 m\u00fazeum\" \/>\n<meta property=\"og:description\" content=\"D\u00e1tum: 16. 11. 2011 &#8211; 12.2.2012 Miesto: Are\u00e1l hradu Budat\u00edn Jedine\u010dnou farebnou hrou na husle sa d\u00e1 nazva\u0165 v\u00fdstava ma\u013eovan\u00fdch husli\u010diek a projekt umeleckej agent\u00fary Folk Slovakia, ktor\u00fd u\u017e p\u00e4\u0165 rokov putuje po kult\u00farnych zariadeniach Slovenska i \u00a0Eur\u00f3py. Dvadsiatou \u00f4smou z\u00e1stavkou prezent\u00e1cie v\u00fdstavy pod n\u00e1zvom Na husli\u010dk\u00e1ch ma\u013eovan\u00e9 je are\u00e1l Budat\u00ednskeho hradu. Viac ako stoosemdesiat [&hellip;]\" \/>\n<meta property=\"og:url\" content=\"https:\/\/pmza.sk\/?p=4426\" \/>\n<meta property=\"og:site_name\" content=\"Pova\u017esk\u00e9 m\u00fazeum\" \/>\n<meta property=\"article:publisher\" content=\"https:\/\/www.facebook.com\/povazskemuzeum\" \/>\n<meta property=\"article:published_time\" content=\"2011-11-25T11:47:55+00:00\" \/>\n<meta property=\"og:image\" content=\"https:\/\/pmza.sk.sk\/wp-content\/uploads\/2011\/11\/foto-z-vystavy-1-209x300.jpg\" \/>\n<meta name=\"author\" content=\"libor\" \/>\n<meta name=\"twitter:card\" content=\"summary_large_image\" \/>\n<meta name=\"twitter:label1\" content=\"Autor\" \/>\n\t<meta name=\"twitter:data1\" content=\"libor\" \/>\n\t<meta name=\"twitter:label2\" content=\"Predpokladan\u00fd \u010das \u010d\u00edtania\" \/>\n\t<meta name=\"twitter:data2\" content=\"3 min\u00faty\" \/>\n<script type=\"application\/ld+json\" class=\"yoast-schema-graph\">{\"@context\":\"https:\\\/\\\/schema.org\",\"@graph\":[{\"@type\":\"Article\",\"@id\":\"https:\\\/\\\/pmza.sk\\\/?p=4426#article\",\"isPartOf\":{\"@id\":\"https:\\\/\\\/pmza.sk\\\/?p=4426\"},\"author\":{\"name\":\"libor\",\"@id\":\"https:\\\/\\\/pmza.sk\\\/#\\\/schema\\\/person\\\/f0b923a9aa8e1f67feef0d7cd9afde35\"},\"headline\":\"Orchester slovensk\u00fdch v\u00fdtvarn\u00edkov v Budat\u00edne\",\"datePublished\":\"2011-11-25T11:47:55+00:00\",\"mainEntityOfPage\":{\"@id\":\"https:\\\/\\\/pmza.sk\\\/?p=4426\"},\"wordCount\":693,\"publisher\":{\"@id\":\"https:\\\/\\\/pmza.sk\\\/#organization\"},\"image\":{\"@id\":\"https:\\\/\\\/pmza.sk\\\/?p=4426#primaryimage\"},\"thumbnailUrl\":\"http:\\\/\\\/pmza.sk.sk\\\/wp-content\\\/uploads\\\/2011\\\/11\\\/foto-z-vystavy-1-209x300.jpg\",\"articleSection\":[\"Arch\u00edv 2012\"],\"inLanguage\":\"sk-SK\"},{\"@type\":\"WebPage\",\"@id\":\"https:\\\/\\\/pmza.sk\\\/?p=4426\",\"url\":\"https:\\\/\\\/pmza.sk\\\/?p=4426\",\"name\":\"Orchester slovensk\u00fdch v\u00fdtvarn\u00edkov v Budat\u00edne - Pova\u017esk\u00e9 m\u00fazeum\",\"isPartOf\":{\"@id\":\"https:\\\/\\\/pmza.sk\\\/#website\"},\"primaryImageOfPage\":{\"@id\":\"https:\\\/\\\/pmza.sk\\\/?p=4426#primaryimage\"},\"image\":{\"@id\":\"https:\\\/\\\/pmza.sk\\\/?p=4426#primaryimage\"},\"thumbnailUrl\":\"http:\\\/\\\/pmza.sk.sk\\\/wp-content\\\/uploads\\\/2011\\\/11\\\/foto-z-vystavy-1-209x300.jpg\",\"datePublished\":\"2011-11-25T11:47:55+00:00\",\"breadcrumb\":{\"@id\":\"https:\\\/\\\/pmza.sk\\\/?p=4426#breadcrumb\"},\"inLanguage\":\"sk-SK\",\"potentialAction\":[{\"@type\":\"ReadAction\",\"target\":[\"https:\\\/\\\/pmza.sk\\\/?p=4426\"]}]},{\"@type\":\"ImageObject\",\"inLanguage\":\"sk-SK\",\"@id\":\"https:\\\/\\\/pmza.sk\\\/?p=4426#primaryimage\",\"url\":\"http:\\\/\\\/pmza.sk.sk\\\/wp-content\\\/uploads\\\/2011\\\/11\\\/foto-z-vystavy-1-209x300.jpg\",\"contentUrl\":\"http:\\\/\\\/pmza.sk.sk\\\/wp-content\\\/uploads\\\/2011\\\/11\\\/foto-z-vystavy-1-209x300.jpg\"},{\"@type\":\"BreadcrumbList\",\"@id\":\"https:\\\/\\\/pmza.sk\\\/?p=4426#breadcrumb\",\"itemListElement\":[{\"@type\":\"ListItem\",\"position\":1,\"name\":\"Domovsk\u00e1 str\u00e1nka\",\"item\":\"https:\\\/\\\/pmza.sk\\\/\"},{\"@type\":\"ListItem\",\"position\":2,\"name\":\"Orchester slovensk\u00fdch v\u00fdtvarn\u00edkov v Budat\u00edne\"}]},{\"@type\":\"WebSite\",\"@id\":\"https:\\\/\\\/pmza.sk\\\/#website\",\"url\":\"https:\\\/\\\/pmza.sk\\\/\",\"name\":\"Pova\u017esk\u00e9 m\u00fazeum\",\"description\":\"Pova\u017esk\u00e9 m\u00fazeum v \u017diline je region\u00e1lne m\u00fazeum so s\u00eddlom v Budat\u00edne. Jeho expoz\u00edcie s\u00fa zameran\u00e9 na dejiny slovensk\u00e9ho umenia, kult\u00fary a dopravy.\",\"publisher\":{\"@id\":\"https:\\\/\\\/pmza.sk\\\/#organization\"},\"potentialAction\":[{\"@type\":\"SearchAction\",\"target\":{\"@type\":\"EntryPoint\",\"urlTemplate\":\"https:\\\/\\\/pmza.sk\\\/?s={search_term_string}\"},\"query-input\":{\"@type\":\"PropertyValueSpecification\",\"valueRequired\":true,\"valueName\":\"search_term_string\"}}],\"inLanguage\":\"sk-SK\"},{\"@type\":\"Organization\",\"@id\":\"https:\\\/\\\/pmza.sk\\\/#organization\",\"name\":\"Pova\u017esk\u00e9 m\u00fazeum\",\"url\":\"https:\\\/\\\/pmza.sk\\\/\",\"logo\":{\"@type\":\"ImageObject\",\"inLanguage\":\"sk-SK\",\"@id\":\"https:\\\/\\\/pmza.sk\\\/#\\\/schema\\\/logo\\\/image\\\/\",\"url\":\"https:\\\/\\\/pmza.sk\\\/wp-content\\\/uploads\\\/2022\\\/01\\\/logo_PM_horizontal.jpg\",\"contentUrl\":\"https:\\\/\\\/pmza.sk\\\/wp-content\\\/uploads\\\/2022\\\/01\\\/logo_PM_horizontal.jpg\",\"width\":231,\"height\":142,\"caption\":\"Pova\u017esk\u00e9 m\u00fazeum\"},\"image\":{\"@id\":\"https:\\\/\\\/pmza.sk\\\/#\\\/schema\\\/logo\\\/image\\\/\"},\"sameAs\":[\"https:\\\/\\\/www.facebook.com\\\/povazskemuzeum\",\"https:\\\/\\\/www.instagram.com\\\/povazskemuzeum\\\/\"]},{\"@type\":\"Person\",\"@id\":\"https:\\\/\\\/pmza.sk\\\/#\\\/schema\\\/person\\\/f0b923a9aa8e1f67feef0d7cd9afde35\",\"name\":\"libor\",\"image\":{\"@type\":\"ImageObject\",\"inLanguage\":\"sk-SK\",\"@id\":\"https:\\\/\\\/secure.gravatar.com\\\/avatar\\\/c583dbc698e594aacced1589eb8cf1673bd41d461e8b2ab635484ffc26fee7b0?s=96&d=mm&r=g\",\"url\":\"https:\\\/\\\/secure.gravatar.com\\\/avatar\\\/c583dbc698e594aacced1589eb8cf1673bd41d461e8b2ab635484ffc26fee7b0?s=96&d=mm&r=g\",\"contentUrl\":\"https:\\\/\\\/secure.gravatar.com\\\/avatar\\\/c583dbc698e594aacced1589eb8cf1673bd41d461e8b2ab635484ffc26fee7b0?s=96&d=mm&r=g\",\"caption\":\"libor\"}}]}<\/script>\n<!-- \/ Yoast SEO plugin. -->","yoast_head_json":{"title":"Orchester slovensk\u00fdch v\u00fdtvarn\u00edkov v Budat\u00edne - Pova\u017esk\u00e9 m\u00fazeum","robots":{"index":"index","follow":"follow","max-snippet":"max-snippet:-1","max-image-preview":"max-image-preview:large","max-video-preview":"max-video-preview:-1"},"canonical":"https:\/\/pmza.sk\/?p=4426","og_locale":"sk_SK","og_type":"article","og_title":"Orchester slovensk\u00fdch v\u00fdtvarn\u00edkov v Budat\u00edne - Pova\u017esk\u00e9 m\u00fazeum","og_description":"D\u00e1tum: 16. 11. 2011 &#8211; 12.2.2012 Miesto: Are\u00e1l hradu Budat\u00edn Jedine\u010dnou farebnou hrou na husle sa d\u00e1 nazva\u0165 v\u00fdstava ma\u013eovan\u00fdch husli\u010diek a projekt umeleckej agent\u00fary Folk Slovakia, ktor\u00fd u\u017e p\u00e4\u0165 rokov putuje po kult\u00farnych zariadeniach Slovenska i \u00a0Eur\u00f3py. Dvadsiatou \u00f4smou z\u00e1stavkou prezent\u00e1cie v\u00fdstavy pod n\u00e1zvom Na husli\u010dk\u00e1ch ma\u013eovan\u00e9 je are\u00e1l Budat\u00ednskeho hradu. Viac ako stoosemdesiat [&hellip;]","og_url":"https:\/\/pmza.sk\/?p=4426","og_site_name":"Pova\u017esk\u00e9 m\u00fazeum","article_publisher":"https:\/\/www.facebook.com\/povazskemuzeum","article_published_time":"2011-11-25T11:47:55+00:00","og_image":[{"url":"https:\/\/pmza.sk.sk\/wp-content\/uploads\/2011\/11\/foto-z-vystavy-1-209x300.jpg","type":"","width":"","height":""}],"author":"libor","twitter_card":"summary_large_image","twitter_misc":{"Autor":"libor","Predpokladan\u00fd \u010das \u010d\u00edtania":"3 min\u00faty"},"schema":{"@context":"https:\/\/schema.org","@graph":[{"@type":"Article","@id":"https:\/\/pmza.sk\/?p=4426#article","isPartOf":{"@id":"https:\/\/pmza.sk\/?p=4426"},"author":{"name":"libor","@id":"https:\/\/pmza.sk\/#\/schema\/person\/f0b923a9aa8e1f67feef0d7cd9afde35"},"headline":"Orchester slovensk\u00fdch v\u00fdtvarn\u00edkov v Budat\u00edne","datePublished":"2011-11-25T11:47:55+00:00","mainEntityOfPage":{"@id":"https:\/\/pmza.sk\/?p=4426"},"wordCount":693,"publisher":{"@id":"https:\/\/pmza.sk\/#organization"},"image":{"@id":"https:\/\/pmza.sk\/?p=4426#primaryimage"},"thumbnailUrl":"https:\/\/pmza.sk.sk\/wp-content\/uploads\/2011\/11\/foto-z-vystavy-1-209x300.jpg","articleSection":["Arch\u00edv 2012"],"inLanguage":"sk-SK"},{"@type":"WebPage","@id":"https:\/\/pmza.sk\/?p=4426","url":"https:\/\/pmza.sk\/?p=4426","name":"Orchester slovensk\u00fdch v\u00fdtvarn\u00edkov v Budat\u00edne - Pova\u017esk\u00e9 m\u00fazeum","isPartOf":{"@id":"https:\/\/pmza.sk\/#website"},"primaryImageOfPage":{"@id":"https:\/\/pmza.sk\/?p=4426#primaryimage"},"image":{"@id":"https:\/\/pmza.sk\/?p=4426#primaryimage"},"thumbnailUrl":"https:\/\/pmza.sk.sk\/wp-content\/uploads\/2011\/11\/foto-z-vystavy-1-209x300.jpg","datePublished":"2011-11-25T11:47:55+00:00","breadcrumb":{"@id":"https:\/\/pmza.sk\/?p=4426#breadcrumb"},"inLanguage":"sk-SK","potentialAction":[{"@type":"ReadAction","target":["https:\/\/pmza.sk\/?p=4426"]}]},{"@type":"ImageObject","inLanguage":"sk-SK","@id":"https:\/\/pmza.sk\/?p=4426#primaryimage","url":"https:\/\/pmza.sk.sk\/wp-content\/uploads\/2011\/11\/foto-z-vystavy-1-209x300.jpg","contentUrl":"https:\/\/pmza.sk.sk\/wp-content\/uploads\/2011\/11\/foto-z-vystavy-1-209x300.jpg"},{"@type":"BreadcrumbList","@id":"https:\/\/pmza.sk\/?p=4426#breadcrumb","itemListElement":[{"@type":"ListItem","position":1,"name":"Domovsk\u00e1 str\u00e1nka","item":"https:\/\/pmza.sk\/"},{"@type":"ListItem","position":2,"name":"Orchester slovensk\u00fdch v\u00fdtvarn\u00edkov v Budat\u00edne"}]},{"@type":"WebSite","@id":"https:\/\/pmza.sk\/#website","url":"https:\/\/pmza.sk\/","name":"Pova\u017esk\u00e9 m\u00fazeum","description":"Pova\u017esk\u00e9 m\u00fazeum v \u017diline je region\u00e1lne m\u00fazeum so s\u00eddlom v Budat\u00edne. Jeho expoz\u00edcie s\u00fa zameran\u00e9 na dejiny slovensk\u00e9ho umenia, kult\u00fary a dopravy.","publisher":{"@id":"https:\/\/pmza.sk\/#organization"},"potentialAction":[{"@type":"SearchAction","target":{"@type":"EntryPoint","urlTemplate":"https:\/\/pmza.sk\/?s={search_term_string}"},"query-input":{"@type":"PropertyValueSpecification","valueRequired":true,"valueName":"search_term_string"}}],"inLanguage":"sk-SK"},{"@type":"Organization","@id":"https:\/\/pmza.sk\/#organization","name":"Pova\u017esk\u00e9 m\u00fazeum","url":"https:\/\/pmza.sk\/","logo":{"@type":"ImageObject","inLanguage":"sk-SK","@id":"https:\/\/pmza.sk\/#\/schema\/logo\/image\/","url":"https:\/\/pmza.sk\/wp-content\/uploads\/2022\/01\/logo_PM_horizontal.jpg","contentUrl":"https:\/\/pmza.sk\/wp-content\/uploads\/2022\/01\/logo_PM_horizontal.jpg","width":231,"height":142,"caption":"Pova\u017esk\u00e9 m\u00fazeum"},"image":{"@id":"https:\/\/pmza.sk\/#\/schema\/logo\/image\/"},"sameAs":["https:\/\/www.facebook.com\/povazskemuzeum","https:\/\/www.instagram.com\/povazskemuzeum\/"]},{"@type":"Person","@id":"https:\/\/pmza.sk\/#\/schema\/person\/f0b923a9aa8e1f67feef0d7cd9afde35","name":"libor","image":{"@type":"ImageObject","inLanguage":"sk-SK","@id":"https:\/\/secure.gravatar.com\/avatar\/c583dbc698e594aacced1589eb8cf1673bd41d461e8b2ab635484ffc26fee7b0?s=96&d=mm&r=g","url":"https:\/\/secure.gravatar.com\/avatar\/c583dbc698e594aacced1589eb8cf1673bd41d461e8b2ab635484ffc26fee7b0?s=96&d=mm&r=g","contentUrl":"https:\/\/secure.gravatar.com\/avatar\/c583dbc698e594aacced1589eb8cf1673bd41d461e8b2ab635484ffc26fee7b0?s=96&d=mm&r=g","caption":"libor"}}]}},"_links":{"self":[{"href":"https:\/\/pmza.sk\/index.php?rest_route=\/wp\/v2\/posts\/4426","targetHints":{"allow":["GET"]}}],"collection":[{"href":"https:\/\/pmza.sk\/index.php?rest_route=\/wp\/v2\/posts"}],"about":[{"href":"https:\/\/pmza.sk\/index.php?rest_route=\/wp\/v2\/types\/post"}],"author":[{"embeddable":true,"href":"https:\/\/pmza.sk\/index.php?rest_route=\/wp\/v2\/users\/1"}],"replies":[{"embeddable":true,"href":"https:\/\/pmza.sk\/index.php?rest_route=%2Fwp%2Fv2%2Fcomments&post=4426"}],"version-history":[{"count":0,"href":"https:\/\/pmza.sk\/index.php?rest_route=\/wp\/v2\/posts\/4426\/revisions"}],"wp:attachment":[{"href":"https:\/\/pmza.sk\/index.php?rest_route=%2Fwp%2Fv2%2Fmedia&parent=4426"}],"wp:term":[{"taxonomy":"category","embeddable":true,"href":"https:\/\/pmza.sk\/index.php?rest_route=%2Fwp%2Fv2%2Fcategories&post=4426"},{"taxonomy":"post_tag","embeddable":true,"href":"https:\/\/pmza.sk\/index.php?rest_route=%2Fwp%2Fv2%2Ftags&post=4426"}],"curies":[{"name":"wp","href":"https:\/\/api.w.org\/{rel}","templated":true}]}}