{"id":4429,"date":"2011-11-25T12:50:52","date_gmt":"2011-11-25T11:50:52","guid":{"rendered":"https:\/\/pmza.sk.sk\/?p=4429"},"modified":"2011-11-25T12:50:52","modified_gmt":"2011-11-25T11:50:52","slug":"4429","status":"publish","type":"post","link":"https:\/\/pmza.sk\/?p=4429","title":{"rendered":"Pr\u00edbehy slovensk\u00fdch \u017eelezn\u00edc v novej publik\u00e1cii"},"content":{"rendered":"<p><strong> <\/strong><\/p>\n<p><strong> <\/strong><\/p>\n<p><span style=\"color: #ff0000;\"><a href=\"https:\/\/pmza.sk\/wp-content\/uploads\/2011\/11\/obalka-kopia.jpg\"><img decoding=\"async\" class=\"alignleft size-medium wp-image-4442\" style=\"margin-left: 5px; margin-right: 5px; border: 2px solid black;\" title=\"obalka - k\u00f3pia\" src=\"https:\/\/pmza.sk.sk\/wp-content\/uploads\/2011\/11\/obalka-k\u00f3pia-214x300.jpg\" alt=\"\" width=\"171\" height=\"240\" \/><\/a><\/span><span style=\"color: #ff0000;\"> <\/span><\/p>\n<p>V\u00a0t\u00fdchto d\u0148och sa dost\u00e1va na pulty slovensk\u00fdch kn\u00edhkupectiev nov\u00e1 kniha venovan\u00e1 dejin\u00e1m dopravy, konkr\u00e9tne \u00a0\u017eelezniciam Slovenska na historick\u00fdch poh\u013eadniciach. <em>\u201eZberate\u013estvo poh\u013eadn\u00edc so \u017eelezni\u010dnou tematikou patr\u00ed na Slovensku pomerne k\u00a0zriedkav\u00fdm z\u00e1\u013eub\u00e1m. Okrem nieko\u013ek\u00fdch jednotlivcov sa mu venuje aj Pova\u017esk\u00e9 m\u00fazeum v\u00a0\u017diline, kde sa vo fonde dopravy nach\u00e1dza zbierka asi 120 poh\u013eadn\u00edc. T\u00e1to kolekcia sa postupne dop\u013a\u0148ala a\u00a0po\u010das vy\u0161e dvoch rokov sa ju podarilo zdvojn\u00e1sobi\u0165. V\u010faka tomu bolo mo\u017en\u00e9 prist\u00fapi\u0165 k\u00a0jej kni\u017en\u00e9mu vydaniu<\/em>,\u201c uviedol Peter \u0160imko, historik dopravy Pova\u017esk\u00e9ho m\u00fazea v\u00a0\u017diline a\u00a0autor publik\u00e1cie.<!--more--><\/p>\n<p>My\u0161lienka kni\u017en\u00e9ho vydania historick\u00fdch poh\u013eadn\u00edc \u017eelezn\u00edc vznikla v\u00a0roku 2010, kedy bola v\u00a0are\u00e1li Budat\u00ednskeho hradu spr\u00edstupnen\u00e1 v\u00fdstava pod n\u00e1zvom <em>\u017delezni\u010dn\u00e9 stanice Slovenska na historick\u00fdch poh\u013eadniciach<\/em>. V\u00fdstava \u010falej putovala do Kysuck\u00e9ho m\u00fazea v\u00a0\u010cadci a\u00a0do \u00a0M\u00fazea dopravy v Bratislave, kde sa 21. novembra 2011 konalo aj prv\u00e9 sl\u00e1vnostn\u00e9 uvedenie knihy do \u017eivota. \u201e<em>Chceli by sme sa po\u010fakova\u0165 vydavate\u013estvu DAJAMA, \u017ee\u00a0 podporilo tak\u00fato atrakt\u00edvnu formu prezent\u00e1cie muze\u00e1lnej pr\u00e1ce. Vydanie knihy \u017deleznice na star\u00fdch poh\u013eadniciach vn\u00edmam ako v\u00fdznamn\u00fd po\u010din aj v\u00a0tej s\u00favislosti, \u017ee Pova\u017esk\u00e9 m\u00fazeum \u00a0v\u00a0\u017diline je m\u00fazeom s celoslovenskou \u0161pecializ\u00e1ciou pre oblas\u0165 \u00a0dopravy<\/em>,\u201c povedal Boris Schubert, riadite\u013e m\u00fazea.<\/p>\n<p>Publik\u00e1cia obsahuje viac ako 150 poh\u013eadn\u00edc \u017eelezn\u00edc hlavn\u00fdch a\u00a0ved\u013eaj\u0161\u00edch trat\u00ed Slovenska. \u201e<em>Najviac poh\u013eadn\u00edc je z\u00a0Ko\u0161icko-bohum\u00ednskej \u017eeleznice, ktorej 140. v\u00fdro\u010die otvorenia si pripom\u00edname v\u00a0tomto a bud\u00facom roku. Okrem budov \u017eelezni\u010dn\u00fdch stan\u00edc poh\u013eadnice zachyt\u00e1vaj\u00fa aj mosty a\u00a0tunely. Pr\u00e1ve najstar\u0161ia poh\u013eadnica pou\u017eit\u00e1 v publik\u00e1cii je poh\u013eadnica \u017eelezni\u010dn\u00e9ho mostu pri Budat\u00edne z\u00a0roku 1898<\/em>,\u201c dodal Peter \u0160imko.<\/p>\n<p>Kniha <strong>\u017deleznice na star\u00fdch poh\u013eadniciach<\/strong> rozpr\u00e1va aj pr\u00edbehy jednotliv\u00fdch trat\u00ed, zauj\u00edmavosti z\u00a0prev\u00e1dzky na \u017eeleznici a\u00a0je aj o\u00a0tom, ako ovplyvnila \u017eeleznica rozvoj miest a\u00a0obc\u00ed na Slovensku.<\/p>\n<p>Sl\u00e1vnostn\u00e1 \u017eilinsk\u00e1 premi\u00e9ra prom\u00f3cie knihy Petra \u0160imka \u00a0<strong>\u017deleznice na star\u00fdch poh\u013eadniciach<\/strong> sa uskuto\u010dnila <strong>v\u00a0piatok 2. decembra 2011 o\u00a018,00h<\/strong> v\u00a0kn\u00edhkupectve Artforum, Bottova 2, \u017dilina.<\/p>\n","protected":false},"excerpt":{"rendered":"<p>V\u00a0t\u00fdchto d\u0148och sa dost\u00e1va na pulty slovensk\u00fdch kn\u00edhkupectiev nov\u00e1 kniha venovan\u00e1 dejin\u00e1m dopravy, konkr\u00e9tne \u00a0\u017eelezniciam Slovenska na historick\u00fdch poh\u013eadniciach. \u201eZberate\u013estvo poh\u013eadn\u00edc so \u017eelezni\u010dnou tematikou patr\u00ed na Slovensku pomerne k\u00a0zriedkav\u00fdm z\u00e1\u013eub\u00e1m. Okrem nieko\u013ek\u00fdch jednotlivcov sa mu venuje aj Pova\u017esk\u00e9 m\u00fazeum v\u00a0\u017diline, kde sa vo fonde dopravy nach\u00e1dza zbierka asi 120 poh\u013eadn\u00edc. T\u00e1to kolekcia sa postupne dop\u013a\u0148ala [&hellip;]<\/p>\n","protected":false},"author":1,"featured_media":0,"comment_status":"closed","ping_status":"closed","sticky":false,"template":"","format":"standard","meta":{"site-sidebar-layout":"default","site-content-layout":"","ast-site-content-layout":"","site-content-style":"default","site-sidebar-style":"default","ast-global-header-display":"","ast-banner-title-visibility":"","ast-main-header-display":"","ast-hfb-above-header-display":"","ast-hfb-below-header-display":"","ast-hfb-mobile-header-display":"","site-post-title":"","ast-breadcrumbs-content":"","ast-featured-img":"","footer-sml-layout":"","theme-transparent-header-meta":"","adv-header-id-meta":"","stick-header-meta":"","header-above-stick-meta":"","header-main-stick-meta":"","header-below-stick-meta":"","astra-migrate-meta-layouts":"default","ast-page-background-enabled":"default","ast-page-background-meta":{"desktop":{"background-color":"var(--ast-global-color-4)","background-image":"","background-repeat":"repeat","background-position":"center center","background-size":"auto","background-attachment":"scroll","background-type":"","background-media":"","overlay-type":"","overlay-color":"","overlay-opacity":"","overlay-gradient":""},"tablet":{"background-color":"","background-image":"","background-repeat":"repeat","background-position":"center center","background-size":"auto","background-attachment":"scroll","background-type":"","background-media":"","overlay-type":"","overlay-color":"","overlay-opacity":"","overlay-gradient":""},"mobile":{"background-color":"","background-image":"","background-repeat":"repeat","background-position":"center center","background-size":"auto","background-attachment":"scroll","background-type":"","background-media":"","overlay-type":"","overlay-color":"","overlay-opacity":"","overlay-gradient":""}},"ast-content-background-meta":{"desktop":{"background-color":"var(--ast-global-color-5)","background-image":"","background-repeat":"repeat","background-position":"center center","background-size":"auto","background-attachment":"scroll","background-type":"","background-media":"","overlay-type":"","overlay-color":"","overlay-opacity":"","overlay-gradient":""},"tablet":{"background-color":"var(--ast-global-color-5)","background-image":"","background-repeat":"repeat","background-position":"center center","background-size":"auto","background-attachment":"scroll","background-type":"","background-media":"","overlay-type":"","overlay-color":"","overlay-opacity":"","overlay-gradient":""},"mobile":{"background-color":"var(--ast-global-color-5)","background-image":"","background-repeat":"repeat","background-position":"center center","background-size":"auto","background-attachment":"scroll","background-type":"","background-media":"","overlay-type":"","overlay-color":"","overlay-opacity":"","overlay-gradient":""}},"footnotes":""},"categories":[32],"tags":[],"class_list":["post-4429","post","type-post","status-publish","format-standard","hentry","category-archiv-2012"],"yoast_head":"<!-- This site is optimized with the Yoast SEO plugin v27.4 - https:\/\/yoast.com\/product\/yoast-seo-wordpress\/ -->\n<title>Pr\u00edbehy slovensk\u00fdch \u017eelezn\u00edc v novej publik\u00e1cii - Pova\u017esk\u00e9 m\u00fazeum<\/title>\n<meta name=\"robots\" content=\"index, follow, max-snippet:-1, max-image-preview:large, max-video-preview:-1\" \/>\n<link rel=\"canonical\" href=\"https:\/\/pmza.sk\/?p=4429\" \/>\n<meta property=\"og:locale\" content=\"sk_SK\" \/>\n<meta property=\"og:type\" content=\"article\" \/>\n<meta property=\"og:title\" content=\"Pr\u00edbehy slovensk\u00fdch \u017eelezn\u00edc v novej publik\u00e1cii - Pova\u017esk\u00e9 m\u00fazeum\" \/>\n<meta property=\"og:description\" content=\"V\u00a0t\u00fdchto d\u0148och sa dost\u00e1va na pulty slovensk\u00fdch kn\u00edhkupectiev nov\u00e1 kniha venovan\u00e1 dejin\u00e1m dopravy, konkr\u00e9tne \u00a0\u017eelezniciam Slovenska na historick\u00fdch poh\u013eadniciach. \u201eZberate\u013estvo poh\u013eadn\u00edc so \u017eelezni\u010dnou tematikou patr\u00ed na Slovensku pomerne k\u00a0zriedkav\u00fdm z\u00e1\u013eub\u00e1m. Okrem nieko\u013ek\u00fdch jednotlivcov sa mu venuje aj Pova\u017esk\u00e9 m\u00fazeum v\u00a0\u017diline, kde sa vo fonde dopravy nach\u00e1dza zbierka asi 120 poh\u013eadn\u00edc. T\u00e1to kolekcia sa postupne dop\u013a\u0148ala [&hellip;]\" \/>\n<meta property=\"og:url\" content=\"https:\/\/pmza.sk\/?p=4429\" \/>\n<meta property=\"og:site_name\" content=\"Pova\u017esk\u00e9 m\u00fazeum\" \/>\n<meta property=\"article:publisher\" content=\"https:\/\/www.facebook.com\/povazskemuzeum\" \/>\n<meta property=\"article:published_time\" content=\"2011-11-25T11:50:52+00:00\" \/>\n<meta name=\"author\" content=\"libor\" \/>\n<meta name=\"twitter:card\" content=\"summary_large_image\" \/>\n<meta name=\"twitter:label1\" content=\"Autor\" \/>\n\t<meta name=\"twitter:data1\" content=\"libor\" \/>\n\t<meta name=\"twitter:label2\" content=\"Predpokladan\u00fd \u010das \u010d\u00edtania\" \/>\n\t<meta name=\"twitter:data2\" content=\"2 min\u00faty\" \/>\n<script type=\"application\/ld+json\" class=\"yoast-schema-graph\">{\"@context\":\"https:\\\/\\\/schema.org\",\"@graph\":[{\"@type\":\"Article\",\"@id\":\"https:\\\/\\\/pmza.sk\\\/?p=4429#article\",\"isPartOf\":{\"@id\":\"https:\\\/\\\/pmza.sk\\\/?p=4429\"},\"author\":{\"name\":\"libor\",\"@id\":\"https:\\\/\\\/pmza.sk\\\/#\\\/schema\\\/person\\\/f0b923a9aa8e1f67feef0d7cd9afde35\"},\"headline\":\"Pr\u00edbehy slovensk\u00fdch \u017eelezn\u00edc v novej publik\u00e1cii\",\"datePublished\":\"2011-11-25T11:50:52+00:00\",\"mainEntityOfPage\":{\"@id\":\"https:\\\/\\\/pmza.sk\\\/?p=4429\"},\"wordCount\":418,\"publisher\":{\"@id\":\"https:\\\/\\\/pmza.sk\\\/#organization\"},\"articleSection\":[\"Arch\u00edv 2012\"],\"inLanguage\":\"sk-SK\"},{\"@type\":\"WebPage\",\"@id\":\"https:\\\/\\\/pmza.sk\\\/?p=4429\",\"url\":\"https:\\\/\\\/pmza.sk\\\/?p=4429\",\"name\":\"Pr\u00edbehy slovensk\u00fdch \u017eelezn\u00edc v novej publik\u00e1cii - Pova\u017esk\u00e9 m\u00fazeum\",\"isPartOf\":{\"@id\":\"https:\\\/\\\/pmza.sk\\\/#website\"},\"datePublished\":\"2011-11-25T11:50:52+00:00\",\"breadcrumb\":{\"@id\":\"https:\\\/\\\/pmza.sk\\\/?p=4429#breadcrumb\"},\"inLanguage\":\"sk-SK\",\"potentialAction\":[{\"@type\":\"ReadAction\",\"target\":[\"https:\\\/\\\/pmza.sk\\\/?p=4429\"]}]},{\"@type\":\"BreadcrumbList\",\"@id\":\"https:\\\/\\\/pmza.sk\\\/?p=4429#breadcrumb\",\"itemListElement\":[{\"@type\":\"ListItem\",\"position\":1,\"name\":\"Domovsk\u00e1 str\u00e1nka\",\"item\":\"https:\\\/\\\/pmza.sk\\\/\"},{\"@type\":\"ListItem\",\"position\":2,\"name\":\"Pr\u00edbehy slovensk\u00fdch \u017eelezn\u00edc v novej publik\u00e1cii\"}]},{\"@type\":\"WebSite\",\"@id\":\"https:\\\/\\\/pmza.sk\\\/#website\",\"url\":\"https:\\\/\\\/pmza.sk\\\/\",\"name\":\"Pova\u017esk\u00e9 m\u00fazeum\",\"description\":\"Pova\u017esk\u00e9 m\u00fazeum v \u017diline je region\u00e1lne m\u00fazeum so s\u00eddlom v Budat\u00edne. Jeho expoz\u00edcie s\u00fa zameran\u00e9 na dejiny slovensk\u00e9ho umenia, kult\u00fary a dopravy.\",\"publisher\":{\"@id\":\"https:\\\/\\\/pmza.sk\\\/#organization\"},\"potentialAction\":[{\"@type\":\"SearchAction\",\"target\":{\"@type\":\"EntryPoint\",\"urlTemplate\":\"https:\\\/\\\/pmza.sk\\\/?s={search_term_string}\"},\"query-input\":{\"@type\":\"PropertyValueSpecification\",\"valueRequired\":true,\"valueName\":\"search_term_string\"}}],\"inLanguage\":\"sk-SK\"},{\"@type\":\"Organization\",\"@id\":\"https:\\\/\\\/pmza.sk\\\/#organization\",\"name\":\"Pova\u017esk\u00e9 m\u00fazeum\",\"url\":\"https:\\\/\\\/pmza.sk\\\/\",\"logo\":{\"@type\":\"ImageObject\",\"inLanguage\":\"sk-SK\",\"@id\":\"https:\\\/\\\/pmza.sk\\\/#\\\/schema\\\/logo\\\/image\\\/\",\"url\":\"https:\\\/\\\/pmza.sk\\\/wp-content\\\/uploads\\\/2022\\\/01\\\/logo_PM_horizontal.jpg\",\"contentUrl\":\"https:\\\/\\\/pmza.sk\\\/wp-content\\\/uploads\\\/2022\\\/01\\\/logo_PM_horizontal.jpg\",\"width\":231,\"height\":142,\"caption\":\"Pova\u017esk\u00e9 m\u00fazeum\"},\"image\":{\"@id\":\"https:\\\/\\\/pmza.sk\\\/#\\\/schema\\\/logo\\\/image\\\/\"},\"sameAs\":[\"https:\\\/\\\/www.facebook.com\\\/povazskemuzeum\",\"https:\\\/\\\/www.instagram.com\\\/povazskemuzeum\\\/\"]},{\"@type\":\"Person\",\"@id\":\"https:\\\/\\\/pmza.sk\\\/#\\\/schema\\\/person\\\/f0b923a9aa8e1f67feef0d7cd9afde35\",\"name\":\"libor\",\"image\":{\"@type\":\"ImageObject\",\"inLanguage\":\"sk-SK\",\"@id\":\"https:\\\/\\\/secure.gravatar.com\\\/avatar\\\/c583dbc698e594aacced1589eb8cf1673bd41d461e8b2ab635484ffc26fee7b0?s=96&d=mm&r=g\",\"url\":\"https:\\\/\\\/secure.gravatar.com\\\/avatar\\\/c583dbc698e594aacced1589eb8cf1673bd41d461e8b2ab635484ffc26fee7b0?s=96&d=mm&r=g\",\"contentUrl\":\"https:\\\/\\\/secure.gravatar.com\\\/avatar\\\/c583dbc698e594aacced1589eb8cf1673bd41d461e8b2ab635484ffc26fee7b0?s=96&d=mm&r=g\",\"caption\":\"libor\"}}]}<\/script>\n<!-- \/ Yoast SEO plugin. -->","yoast_head_json":{"title":"Pr\u00edbehy slovensk\u00fdch \u017eelezn\u00edc v novej publik\u00e1cii - Pova\u017esk\u00e9 m\u00fazeum","robots":{"index":"index","follow":"follow","max-snippet":"max-snippet:-1","max-image-preview":"max-image-preview:large","max-video-preview":"max-video-preview:-1"},"canonical":"https:\/\/pmza.sk\/?p=4429","og_locale":"sk_SK","og_type":"article","og_title":"Pr\u00edbehy slovensk\u00fdch \u017eelezn\u00edc v novej publik\u00e1cii - Pova\u017esk\u00e9 m\u00fazeum","og_description":"V\u00a0t\u00fdchto d\u0148och sa dost\u00e1va na pulty slovensk\u00fdch kn\u00edhkupectiev nov\u00e1 kniha venovan\u00e1 dejin\u00e1m dopravy, konkr\u00e9tne \u00a0\u017eelezniciam Slovenska na historick\u00fdch poh\u013eadniciach. \u201eZberate\u013estvo poh\u013eadn\u00edc so \u017eelezni\u010dnou tematikou patr\u00ed na Slovensku pomerne k\u00a0zriedkav\u00fdm z\u00e1\u013eub\u00e1m. Okrem nieko\u013ek\u00fdch jednotlivcov sa mu venuje aj Pova\u017esk\u00e9 m\u00fazeum v\u00a0\u017diline, kde sa vo fonde dopravy nach\u00e1dza zbierka asi 120 poh\u013eadn\u00edc. T\u00e1to kolekcia sa postupne dop\u013a\u0148ala [&hellip;]","og_url":"https:\/\/pmza.sk\/?p=4429","og_site_name":"Pova\u017esk\u00e9 m\u00fazeum","article_publisher":"https:\/\/www.facebook.com\/povazskemuzeum","article_published_time":"2011-11-25T11:50:52+00:00","author":"libor","twitter_card":"summary_large_image","twitter_misc":{"Autor":"libor","Predpokladan\u00fd \u010das \u010d\u00edtania":"2 min\u00faty"},"schema":{"@context":"https:\/\/schema.org","@graph":[{"@type":"Article","@id":"https:\/\/pmza.sk\/?p=4429#article","isPartOf":{"@id":"https:\/\/pmza.sk\/?p=4429"},"author":{"name":"libor","@id":"https:\/\/pmza.sk\/#\/schema\/person\/f0b923a9aa8e1f67feef0d7cd9afde35"},"headline":"Pr\u00edbehy slovensk\u00fdch \u017eelezn\u00edc v novej publik\u00e1cii","datePublished":"2011-11-25T11:50:52+00:00","mainEntityOfPage":{"@id":"https:\/\/pmza.sk\/?p=4429"},"wordCount":418,"publisher":{"@id":"https:\/\/pmza.sk\/#organization"},"articleSection":["Arch\u00edv 2012"],"inLanguage":"sk-SK"},{"@type":"WebPage","@id":"https:\/\/pmza.sk\/?p=4429","url":"https:\/\/pmza.sk\/?p=4429","name":"Pr\u00edbehy slovensk\u00fdch \u017eelezn\u00edc v novej publik\u00e1cii - Pova\u017esk\u00e9 m\u00fazeum","isPartOf":{"@id":"https:\/\/pmza.sk\/#website"},"datePublished":"2011-11-25T11:50:52+00:00","breadcrumb":{"@id":"https:\/\/pmza.sk\/?p=4429#breadcrumb"},"inLanguage":"sk-SK","potentialAction":[{"@type":"ReadAction","target":["https:\/\/pmza.sk\/?p=4429"]}]},{"@type":"BreadcrumbList","@id":"https:\/\/pmza.sk\/?p=4429#breadcrumb","itemListElement":[{"@type":"ListItem","position":1,"name":"Domovsk\u00e1 str\u00e1nka","item":"https:\/\/pmza.sk\/"},{"@type":"ListItem","position":2,"name":"Pr\u00edbehy slovensk\u00fdch \u017eelezn\u00edc v novej publik\u00e1cii"}]},{"@type":"WebSite","@id":"https:\/\/pmza.sk\/#website","url":"https:\/\/pmza.sk\/","name":"Pova\u017esk\u00e9 m\u00fazeum","description":"Pova\u017esk\u00e9 m\u00fazeum v \u017diline je region\u00e1lne m\u00fazeum so s\u00eddlom v Budat\u00edne. Jeho expoz\u00edcie s\u00fa zameran\u00e9 na dejiny slovensk\u00e9ho umenia, kult\u00fary a dopravy.","publisher":{"@id":"https:\/\/pmza.sk\/#organization"},"potentialAction":[{"@type":"SearchAction","target":{"@type":"EntryPoint","urlTemplate":"https:\/\/pmza.sk\/?s={search_term_string}"},"query-input":{"@type":"PropertyValueSpecification","valueRequired":true,"valueName":"search_term_string"}}],"inLanguage":"sk-SK"},{"@type":"Organization","@id":"https:\/\/pmza.sk\/#organization","name":"Pova\u017esk\u00e9 m\u00fazeum","url":"https:\/\/pmza.sk\/","logo":{"@type":"ImageObject","inLanguage":"sk-SK","@id":"https:\/\/pmza.sk\/#\/schema\/logo\/image\/","url":"https:\/\/pmza.sk\/wp-content\/uploads\/2022\/01\/logo_PM_horizontal.jpg","contentUrl":"https:\/\/pmza.sk\/wp-content\/uploads\/2022\/01\/logo_PM_horizontal.jpg","width":231,"height":142,"caption":"Pova\u017esk\u00e9 m\u00fazeum"},"image":{"@id":"https:\/\/pmza.sk\/#\/schema\/logo\/image\/"},"sameAs":["https:\/\/www.facebook.com\/povazskemuzeum","https:\/\/www.instagram.com\/povazskemuzeum\/"]},{"@type":"Person","@id":"https:\/\/pmza.sk\/#\/schema\/person\/f0b923a9aa8e1f67feef0d7cd9afde35","name":"libor","image":{"@type":"ImageObject","inLanguage":"sk-SK","@id":"https:\/\/secure.gravatar.com\/avatar\/c583dbc698e594aacced1589eb8cf1673bd41d461e8b2ab635484ffc26fee7b0?s=96&d=mm&r=g","url":"https:\/\/secure.gravatar.com\/avatar\/c583dbc698e594aacced1589eb8cf1673bd41d461e8b2ab635484ffc26fee7b0?s=96&d=mm&r=g","contentUrl":"https:\/\/secure.gravatar.com\/avatar\/c583dbc698e594aacced1589eb8cf1673bd41d461e8b2ab635484ffc26fee7b0?s=96&d=mm&r=g","caption":"libor"}}]}},"_links":{"self":[{"href":"https:\/\/pmza.sk\/index.php?rest_route=\/wp\/v2\/posts\/4429","targetHints":{"allow":["GET"]}}],"collection":[{"href":"https:\/\/pmza.sk\/index.php?rest_route=\/wp\/v2\/posts"}],"about":[{"href":"https:\/\/pmza.sk\/index.php?rest_route=\/wp\/v2\/types\/post"}],"author":[{"embeddable":true,"href":"https:\/\/pmza.sk\/index.php?rest_route=\/wp\/v2\/users\/1"}],"replies":[{"embeddable":true,"href":"https:\/\/pmza.sk\/index.php?rest_route=%2Fwp%2Fv2%2Fcomments&post=4429"}],"version-history":[{"count":0,"href":"https:\/\/pmza.sk\/index.php?rest_route=\/wp\/v2\/posts\/4429\/revisions"}],"wp:attachment":[{"href":"https:\/\/pmza.sk\/index.php?rest_route=%2Fwp%2Fv2%2Fmedia&parent=4429"}],"wp:term":[{"taxonomy":"category","embeddable":true,"href":"https:\/\/pmza.sk\/index.php?rest_route=%2Fwp%2Fv2%2Fcategories&post=4429"},{"taxonomy":"post_tag","embeddable":true,"href":"https:\/\/pmza.sk\/index.php?rest_route=%2Fwp%2Fv2%2Ftags&post=4429"}],"curies":[{"name":"wp","href":"https:\/\/api.w.org\/{rel}","templated":true}]}}