{"id":45488,"date":"2021-08-12T07:56:15","date_gmt":"2021-08-12T05:56:15","guid":{"rendered":"https:\/\/pmza.sk\/?p=45488"},"modified":"2021-08-12T07:56:15","modified_gmt":"2021-08-12T05:56:15","slug":"povedacky-na-terase","status":"publish","type":"post","link":"https:\/\/pmza.sk\/?p=45488","title":{"rendered":"Poveda\u010dky na terase"},"content":{"rendered":"<p>Posledn\u00fa augustov\u00fa sobotu na Budat\u00ednskom hrade o\u017eivia Poveda\u010dky na terase. Podujatie v\u00a0podan\u00ed divadelno-hrav\u00e9ho zoskupenia RAZCA, ktor\u00e9 p\u00f4sob\u00ed pri Pova\u017eskom m\u00fazeu, l\u00e1ka netradi\u010dn\u00fdm prostred\u00edm aj zauj\u00edmav\u00fdm n\u00e1metom.<\/p>\n<p><em>\u201eStra\u0161ideln\u00e9 a tragick\u00e9 pr\u00edbehy s\u00fa v\u017edy p\u00fatavou t\u00e9mou a\u00a0v\u00a0na\u0161om reperto\u00e1ri maj\u00fa nepochybne svoje miesto. Tento rok sme sa rozhodli prinies\u0165 tri smutn\u00e9 a viac menej re\u00e1lne povesti o Budat\u00edne a \u017diline. Aby v\u0161ak atmosf\u00e9ra nebola pr\u00edli\u0161 pochm\u00farna, rozpr\u00e1vania sa zhostia tri klebetn\u00e9 babky. Tie sebe vlastn\u00fdm sp\u00f4sobom prerozpr\u00e1vaj\u00fa \u017eivotn\u00e9 osudy troch post\u00e1v spojen\u00fdch so \u017eilinsk\u00fdm regi\u00f3nom. Augustov\u00fd ve\u010der z\u00e1rove\u0148 doplnia \u013eudov\u00e9 piesne v podan\u00ed na\u0161ej \u0161ikovnej kolegyne. Cel\u00e9 podujatie sa uskuto\u010dn\u00ed na terase Budat\u00ednskeho hradu, kde sa be\u017ene n\u00e1v\u0161tevn\u00edci nedostan\u00fa,\u201c<\/em> pribl\u00ed\u017eila autorka scen\u00e1ra Katar\u00edna Mar\u0161alov\u00e1.<\/p>\n<p>Poveda\u010dky na terase sa bud\u00fa kona\u0165 v\u00a0sobotu 28. augusta o\u00a018.00 a\u00a019.00. Cena z\u00e1kladn\u00e9ho vstupn\u00e9ho je 3 \u20ac, z\u013eavnen\u00e9 vstupn\u00e9 je 1,50 \u20ac. Kapacita je obmedzen\u00e1, preto je vhodn\u00e9 sa vopred\u00a0 objedna\u0165 na tel. \u010d\u00edsle 0907 108\u00a0659. N\u00e1v\u0161tevn\u00edci s\u00fa povinn\u00ed dodr\u017eiava\u0165 aktu\u00e1lne platn\u00e9 hygienick\u00e9 opatrenia. Viac inform\u00e1ci\u00ed n\u00e1jdu na <a href=\"http:\/\/www.pmza.sk\">www.pmza.sk<\/a>.<\/p>\n<p>&nbsp;<\/p>\n","protected":false},"excerpt":{"rendered":"<p>Posledn\u00fa augustov\u00fa sobotu na Budat\u00ednskom hrade o\u017eivia Poveda\u010dky na terase. Podujatie v\u00a0podan\u00ed divadelno-hrav\u00e9ho zoskupenia RAZCA, ktor\u00e9 p\u00f4sob\u00ed pri Pova\u017eskom m\u00fazeu, l\u00e1ka netradi\u010dn\u00fdm prostred\u00edm aj zauj\u00edmav\u00fdm n\u00e1metom. \u201eStra\u0161ideln\u00e9 a tragick\u00e9 pr\u00edbehy s\u00fa v\u017edy p\u00fatavou t\u00e9mou a\u00a0v\u00a0na\u0161om reperto\u00e1ri maj\u00fa nepochybne svoje miesto. Tento rok sme sa rozhodli prinies\u0165 tri smutn\u00e9 a viac menej re\u00e1lne povesti o Budat\u00edne [&hellip;]<\/p>\n","protected":false},"author":2,"featured_media":45490,"comment_status":"closed","ping_status":"closed","sticky":false,"template":"","format":"standard","meta":{"site-sidebar-layout":"default","site-content-layout":"","ast-site-content-layout":"","site-content-style":"default","site-sidebar-style":"default","ast-global-header-display":"","ast-banner-title-visibility":"","ast-main-header-display":"","ast-hfb-above-header-display":"","ast-hfb-below-header-display":"","ast-hfb-mobile-header-display":"","site-post-title":"","ast-breadcrumbs-content":"","ast-featured-img":"","footer-sml-layout":"","theme-transparent-header-meta":"","adv-header-id-meta":"","stick-header-meta":"","header-above-stick-meta":"","header-main-stick-meta":"","header-below-stick-meta":"","astra-migrate-meta-layouts":"default","ast-page-background-enabled":"default","ast-page-background-meta":{"desktop":{"background-color":"var(--ast-global-color-4)","background-image":"","background-repeat":"repeat","background-position":"center center","background-size":"auto","background-attachment":"scroll","background-type":"","background-media":"","overlay-type":"","overlay-color":"","overlay-opacity":"","overlay-gradient":""},"tablet":{"background-color":"","background-image":"","background-repeat":"repeat","background-position":"center center","background-size":"auto","background-attachment":"scroll","background-type":"","background-media":"","overlay-type":"","overlay-color":"","overlay-opacity":"","overlay-gradient":""},"mobile":{"background-color":"","background-image":"","background-repeat":"repeat","background-position":"center center","background-size":"auto","background-attachment":"scroll","background-type":"","background-media":"","overlay-type":"","overlay-color":"","overlay-opacity":"","overlay-gradient":""}},"ast-content-background-meta":{"desktop":{"background-color":"var(--ast-global-color-5)","background-image":"","background-repeat":"repeat","background-position":"center center","background-size":"auto","background-attachment":"scroll","background-type":"","background-media":"","overlay-type":"","overlay-color":"","overlay-opacity":"","overlay-gradient":""},"tablet":{"background-color":"var(--ast-global-color-5)","background-image":"","background-repeat":"repeat","background-position":"center center","background-size":"auto","background-attachment":"scroll","background-type":"","background-media":"","overlay-type":"","overlay-color":"","overlay-opacity":"","overlay-gradient":""},"mobile":{"background-color":"var(--ast-global-color-5)","background-image":"","background-repeat":"repeat","background-position":"center center","background-size":"auto","background-attachment":"scroll","background-type":"","background-media":"","overlay-type":"","overlay-color":"","overlay-opacity":"","overlay-gradient":""}},"footnotes":""},"categories":[31],"tags":[],"class_list":["post-45488","post","type-post","status-publish","format-standard","has-post-thumbnail","hentry","category-aktuality"],"yoast_head":"<!-- This site is optimized with the Yoast SEO plugin v27.4 - https:\/\/yoast.com\/product\/yoast-seo-wordpress\/ -->\n<title>Poveda\u010dky na terase - Pova\u017esk\u00e9 m\u00fazeum<\/title>\n<meta name=\"robots\" content=\"index, follow, max-snippet:-1, max-image-preview:large, max-video-preview:-1\" \/>\n<link rel=\"canonical\" href=\"https:\/\/pmza.sk\/?p=45488\" \/>\n<meta property=\"og:locale\" content=\"sk_SK\" \/>\n<meta property=\"og:type\" content=\"article\" \/>\n<meta property=\"og:title\" content=\"Poveda\u010dky na terase - Pova\u017esk\u00e9 m\u00fazeum\" \/>\n<meta property=\"og:description\" content=\"Posledn\u00fa augustov\u00fa sobotu na Budat\u00ednskom hrade o\u017eivia Poveda\u010dky na terase. Podujatie v\u00a0podan\u00ed divadelno-hrav\u00e9ho zoskupenia RAZCA, ktor\u00e9 p\u00f4sob\u00ed pri Pova\u017eskom m\u00fazeu, l\u00e1ka netradi\u010dn\u00fdm prostred\u00edm aj zauj\u00edmav\u00fdm n\u00e1metom. \u201eStra\u0161ideln\u00e9 a tragick\u00e9 pr\u00edbehy s\u00fa v\u017edy p\u00fatavou t\u00e9mou a\u00a0v\u00a0na\u0161om reperto\u00e1ri maj\u00fa nepochybne svoje miesto. Tento rok sme sa rozhodli prinies\u0165 tri smutn\u00e9 a viac menej re\u00e1lne povesti o Budat\u00edne [&hellip;]\" \/>\n<meta property=\"og:url\" content=\"https:\/\/pmza.sk\/?p=45488\" \/>\n<meta property=\"og:site_name\" content=\"Pova\u017esk\u00e9 m\u00fazeum\" \/>\n<meta property=\"article:publisher\" content=\"https:\/\/www.facebook.com\/povazskemuzeum\" \/>\n<meta property=\"article:published_time\" content=\"2021-08-12T05:56:15+00:00\" \/>\n<meta property=\"og:image\" content=\"https:\/\/pmza.sk\/wp-content\/uploads\/2021\/08\/19_povedacky_www.jpg\" \/>\n\t<meta property=\"og:image:width\" content=\"566\" \/>\n\t<meta property=\"og:image:height\" content=\"800\" \/>\n\t<meta property=\"og:image:type\" content=\"image\/jpeg\" \/>\n<meta name=\"author\" content=\"Pova\u017esk\u00e9 m\u00fazeum\" \/>\n<meta name=\"twitter:card\" content=\"summary_large_image\" \/>\n<meta name=\"twitter:label1\" content=\"Autor\" \/>\n\t<meta name=\"twitter:data1\" content=\"Pova\u017esk\u00e9 m\u00fazeum\" \/>\n\t<meta name=\"twitter:label2\" content=\"Predpokladan\u00fd \u010das \u010d\u00edtania\" \/>\n\t<meta name=\"twitter:data2\" content=\"1 min\u00fata\" \/>\n<script type=\"application\/ld+json\" class=\"yoast-schema-graph\">{\"@context\":\"https:\\\/\\\/schema.org\",\"@graph\":[{\"@type\":\"Article\",\"@id\":\"https:\\\/\\\/pmza.sk\\\/?p=45488#article\",\"isPartOf\":{\"@id\":\"https:\\\/\\\/pmza.sk\\\/?p=45488\"},\"author\":{\"name\":\"Pova\u017esk\u00e9 m\u00fazeum\",\"@id\":\"https:\\\/\\\/pmza.sk\\\/#\\\/schema\\\/person\\\/595e6a2ce731ea94dcd5d7f50a41ae33\"},\"headline\":\"Poveda\u010dky na terase\",\"datePublished\":\"2021-08-12T05:56:15+00:00\",\"mainEntityOfPage\":{\"@id\":\"https:\\\/\\\/pmza.sk\\\/?p=45488\"},\"wordCount\":224,\"publisher\":{\"@id\":\"https:\\\/\\\/pmza.sk\\\/#organization\"},\"image\":{\"@id\":\"https:\\\/\\\/pmza.sk\\\/?p=45488#primaryimage\"},\"thumbnailUrl\":\"https:\\\/\\\/pmza.sk\\\/wp-content\\\/uploads\\\/2021\\\/08\\\/19_povedacky_www.jpg\",\"articleSection\":[\"Aktuality\"],\"inLanguage\":\"sk-SK\"},{\"@type\":\"WebPage\",\"@id\":\"https:\\\/\\\/pmza.sk\\\/?p=45488\",\"url\":\"https:\\\/\\\/pmza.sk\\\/?p=45488\",\"name\":\"Poveda\u010dky na terase - Pova\u017esk\u00e9 m\u00fazeum\",\"isPartOf\":{\"@id\":\"https:\\\/\\\/pmza.sk\\\/#website\"},\"primaryImageOfPage\":{\"@id\":\"https:\\\/\\\/pmza.sk\\\/?p=45488#primaryimage\"},\"image\":{\"@id\":\"https:\\\/\\\/pmza.sk\\\/?p=45488#primaryimage\"},\"thumbnailUrl\":\"https:\\\/\\\/pmza.sk\\\/wp-content\\\/uploads\\\/2021\\\/08\\\/19_povedacky_www.jpg\",\"datePublished\":\"2021-08-12T05:56:15+00:00\",\"breadcrumb\":{\"@id\":\"https:\\\/\\\/pmza.sk\\\/?p=45488#breadcrumb\"},\"inLanguage\":\"sk-SK\",\"potentialAction\":[{\"@type\":\"ReadAction\",\"target\":[\"https:\\\/\\\/pmza.sk\\\/?p=45488\"]}]},{\"@type\":\"ImageObject\",\"inLanguage\":\"sk-SK\",\"@id\":\"https:\\\/\\\/pmza.sk\\\/?p=45488#primaryimage\",\"url\":\"https:\\\/\\\/pmza.sk\\\/wp-content\\\/uploads\\\/2021\\\/08\\\/19_povedacky_www.jpg\",\"contentUrl\":\"https:\\\/\\\/pmza.sk\\\/wp-content\\\/uploads\\\/2021\\\/08\\\/19_povedacky_www.jpg\",\"width\":566,\"height\":800},{\"@type\":\"BreadcrumbList\",\"@id\":\"https:\\\/\\\/pmza.sk\\\/?p=45488#breadcrumb\",\"itemListElement\":[{\"@type\":\"ListItem\",\"position\":1,\"name\":\"Domovsk\u00e1 str\u00e1nka\",\"item\":\"https:\\\/\\\/pmza.sk\\\/\"},{\"@type\":\"ListItem\",\"position\":2,\"name\":\"Poveda\u010dky na terase\"}]},{\"@type\":\"WebSite\",\"@id\":\"https:\\\/\\\/pmza.sk\\\/#website\",\"url\":\"https:\\\/\\\/pmza.sk\\\/\",\"name\":\"Pova\u017esk\u00e9 m\u00fazeum\",\"description\":\"Pova\u017esk\u00e9 m\u00fazeum v \u017diline je region\u00e1lne m\u00fazeum so s\u00eddlom v Budat\u00edne. Jeho expoz\u00edcie s\u00fa zameran\u00e9 na dejiny slovensk\u00e9ho umenia, kult\u00fary a dopravy.\",\"publisher\":{\"@id\":\"https:\\\/\\\/pmza.sk\\\/#organization\"},\"potentialAction\":[{\"@type\":\"SearchAction\",\"target\":{\"@type\":\"EntryPoint\",\"urlTemplate\":\"https:\\\/\\\/pmza.sk\\\/?s={search_term_string}\"},\"query-input\":{\"@type\":\"PropertyValueSpecification\",\"valueRequired\":true,\"valueName\":\"search_term_string\"}}],\"inLanguage\":\"sk-SK\"},{\"@type\":\"Organization\",\"@id\":\"https:\\\/\\\/pmza.sk\\\/#organization\",\"name\":\"Pova\u017esk\u00e9 m\u00fazeum\",\"url\":\"https:\\\/\\\/pmza.sk\\\/\",\"logo\":{\"@type\":\"ImageObject\",\"inLanguage\":\"sk-SK\",\"@id\":\"https:\\\/\\\/pmza.sk\\\/#\\\/schema\\\/logo\\\/image\\\/\",\"url\":\"https:\\\/\\\/pmza.sk\\\/wp-content\\\/uploads\\\/2022\\\/01\\\/logo_PM_horizontal.jpg\",\"contentUrl\":\"https:\\\/\\\/pmza.sk\\\/wp-content\\\/uploads\\\/2022\\\/01\\\/logo_PM_horizontal.jpg\",\"width\":231,\"height\":142,\"caption\":\"Pova\u017esk\u00e9 m\u00fazeum\"},\"image\":{\"@id\":\"https:\\\/\\\/pmza.sk\\\/#\\\/schema\\\/logo\\\/image\\\/\"},\"sameAs\":[\"https:\\\/\\\/www.facebook.com\\\/povazskemuzeum\",\"https:\\\/\\\/www.instagram.com\\\/povazskemuzeum\\\/\"]},{\"@type\":\"Person\",\"@id\":\"https:\\\/\\\/pmza.sk\\\/#\\\/schema\\\/person\\\/595e6a2ce731ea94dcd5d7f50a41ae33\",\"name\":\"Pova\u017esk\u00e9 m\u00fazeum\",\"image\":{\"@type\":\"ImageObject\",\"inLanguage\":\"sk-SK\",\"@id\":\"https:\\\/\\\/secure.gravatar.com\\\/avatar\\\/2bb7f1561282132fb5826dfeccc66c7996d11ee392ac6aaf7ced8a1c2027fbb2?s=96&d=mm&r=g\",\"url\":\"https:\\\/\\\/secure.gravatar.com\\\/avatar\\\/2bb7f1561282132fb5826dfeccc66c7996d11ee392ac6aaf7ced8a1c2027fbb2?s=96&d=mm&r=g\",\"contentUrl\":\"https:\\\/\\\/secure.gravatar.com\\\/avatar\\\/2bb7f1561282132fb5826dfeccc66c7996d11ee392ac6aaf7ced8a1c2027fbb2?s=96&d=mm&r=g\",\"caption\":\"Pova\u017esk\u00e9 m\u00fazeum\"}}]}<\/script>\n<!-- \/ Yoast SEO plugin. -->","yoast_head_json":{"title":"Poveda\u010dky na terase - Pova\u017esk\u00e9 m\u00fazeum","robots":{"index":"index","follow":"follow","max-snippet":"max-snippet:-1","max-image-preview":"max-image-preview:large","max-video-preview":"max-video-preview:-1"},"canonical":"https:\/\/pmza.sk\/?p=45488","og_locale":"sk_SK","og_type":"article","og_title":"Poveda\u010dky na terase - Pova\u017esk\u00e9 m\u00fazeum","og_description":"Posledn\u00fa augustov\u00fa sobotu na Budat\u00ednskom hrade o\u017eivia Poveda\u010dky na terase. Podujatie v\u00a0podan\u00ed divadelno-hrav\u00e9ho zoskupenia RAZCA, ktor\u00e9 p\u00f4sob\u00ed pri Pova\u017eskom m\u00fazeu, l\u00e1ka netradi\u010dn\u00fdm prostred\u00edm aj zauj\u00edmav\u00fdm n\u00e1metom. \u201eStra\u0161ideln\u00e9 a tragick\u00e9 pr\u00edbehy s\u00fa v\u017edy p\u00fatavou t\u00e9mou a\u00a0v\u00a0na\u0161om reperto\u00e1ri maj\u00fa nepochybne svoje miesto. Tento rok sme sa rozhodli prinies\u0165 tri smutn\u00e9 a viac menej re\u00e1lne povesti o Budat\u00edne [&hellip;]","og_url":"https:\/\/pmza.sk\/?p=45488","og_site_name":"Pova\u017esk\u00e9 m\u00fazeum","article_publisher":"https:\/\/www.facebook.com\/povazskemuzeum","article_published_time":"2021-08-12T05:56:15+00:00","og_image":[{"width":566,"height":800,"url":"https:\/\/pmza.sk\/wp-content\/uploads\/2021\/08\/19_povedacky_www.jpg","type":"image\/jpeg"}],"author":"Pova\u017esk\u00e9 m\u00fazeum","twitter_card":"summary_large_image","twitter_misc":{"Autor":"Pova\u017esk\u00e9 m\u00fazeum","Predpokladan\u00fd \u010das \u010d\u00edtania":"1 min\u00fata"},"schema":{"@context":"https:\/\/schema.org","@graph":[{"@type":"Article","@id":"https:\/\/pmza.sk\/?p=45488#article","isPartOf":{"@id":"https:\/\/pmza.sk\/?p=45488"},"author":{"name":"Pova\u017esk\u00e9 m\u00fazeum","@id":"https:\/\/pmza.sk\/#\/schema\/person\/595e6a2ce731ea94dcd5d7f50a41ae33"},"headline":"Poveda\u010dky na terase","datePublished":"2021-08-12T05:56:15+00:00","mainEntityOfPage":{"@id":"https:\/\/pmza.sk\/?p=45488"},"wordCount":224,"publisher":{"@id":"https:\/\/pmza.sk\/#organization"},"image":{"@id":"https:\/\/pmza.sk\/?p=45488#primaryimage"},"thumbnailUrl":"https:\/\/pmza.sk\/wp-content\/uploads\/2021\/08\/19_povedacky_www.jpg","articleSection":["Aktuality"],"inLanguage":"sk-SK"},{"@type":"WebPage","@id":"https:\/\/pmza.sk\/?p=45488","url":"https:\/\/pmza.sk\/?p=45488","name":"Poveda\u010dky na terase - Pova\u017esk\u00e9 m\u00fazeum","isPartOf":{"@id":"https:\/\/pmza.sk\/#website"},"primaryImageOfPage":{"@id":"https:\/\/pmza.sk\/?p=45488#primaryimage"},"image":{"@id":"https:\/\/pmza.sk\/?p=45488#primaryimage"},"thumbnailUrl":"https:\/\/pmza.sk\/wp-content\/uploads\/2021\/08\/19_povedacky_www.jpg","datePublished":"2021-08-12T05:56:15+00:00","breadcrumb":{"@id":"https:\/\/pmza.sk\/?p=45488#breadcrumb"},"inLanguage":"sk-SK","potentialAction":[{"@type":"ReadAction","target":["https:\/\/pmza.sk\/?p=45488"]}]},{"@type":"ImageObject","inLanguage":"sk-SK","@id":"https:\/\/pmza.sk\/?p=45488#primaryimage","url":"https:\/\/pmza.sk\/wp-content\/uploads\/2021\/08\/19_povedacky_www.jpg","contentUrl":"https:\/\/pmza.sk\/wp-content\/uploads\/2021\/08\/19_povedacky_www.jpg","width":566,"height":800},{"@type":"BreadcrumbList","@id":"https:\/\/pmza.sk\/?p=45488#breadcrumb","itemListElement":[{"@type":"ListItem","position":1,"name":"Domovsk\u00e1 str\u00e1nka","item":"https:\/\/pmza.sk\/"},{"@type":"ListItem","position":2,"name":"Poveda\u010dky na terase"}]},{"@type":"WebSite","@id":"https:\/\/pmza.sk\/#website","url":"https:\/\/pmza.sk\/","name":"Pova\u017esk\u00e9 m\u00fazeum","description":"Pova\u017esk\u00e9 m\u00fazeum v \u017diline je region\u00e1lne m\u00fazeum so s\u00eddlom v Budat\u00edne. Jeho expoz\u00edcie s\u00fa zameran\u00e9 na dejiny slovensk\u00e9ho umenia, kult\u00fary a dopravy.","publisher":{"@id":"https:\/\/pmza.sk\/#organization"},"potentialAction":[{"@type":"SearchAction","target":{"@type":"EntryPoint","urlTemplate":"https:\/\/pmza.sk\/?s={search_term_string}"},"query-input":{"@type":"PropertyValueSpecification","valueRequired":true,"valueName":"search_term_string"}}],"inLanguage":"sk-SK"},{"@type":"Organization","@id":"https:\/\/pmza.sk\/#organization","name":"Pova\u017esk\u00e9 m\u00fazeum","url":"https:\/\/pmza.sk\/","logo":{"@type":"ImageObject","inLanguage":"sk-SK","@id":"https:\/\/pmza.sk\/#\/schema\/logo\/image\/","url":"https:\/\/pmza.sk\/wp-content\/uploads\/2022\/01\/logo_PM_horizontal.jpg","contentUrl":"https:\/\/pmza.sk\/wp-content\/uploads\/2022\/01\/logo_PM_horizontal.jpg","width":231,"height":142,"caption":"Pova\u017esk\u00e9 m\u00fazeum"},"image":{"@id":"https:\/\/pmza.sk\/#\/schema\/logo\/image\/"},"sameAs":["https:\/\/www.facebook.com\/povazskemuzeum","https:\/\/www.instagram.com\/povazskemuzeum\/"]},{"@type":"Person","@id":"https:\/\/pmza.sk\/#\/schema\/person\/595e6a2ce731ea94dcd5d7f50a41ae33","name":"Pova\u017esk\u00e9 m\u00fazeum","image":{"@type":"ImageObject","inLanguage":"sk-SK","@id":"https:\/\/secure.gravatar.com\/avatar\/2bb7f1561282132fb5826dfeccc66c7996d11ee392ac6aaf7ced8a1c2027fbb2?s=96&d=mm&r=g","url":"https:\/\/secure.gravatar.com\/avatar\/2bb7f1561282132fb5826dfeccc66c7996d11ee392ac6aaf7ced8a1c2027fbb2?s=96&d=mm&r=g","contentUrl":"https:\/\/secure.gravatar.com\/avatar\/2bb7f1561282132fb5826dfeccc66c7996d11ee392ac6aaf7ced8a1c2027fbb2?s=96&d=mm&r=g","caption":"Pova\u017esk\u00e9 m\u00fazeum"}}]}},"_links":{"self":[{"href":"https:\/\/pmza.sk\/index.php?rest_route=\/wp\/v2\/posts\/45488","targetHints":{"allow":["GET"]}}],"collection":[{"href":"https:\/\/pmza.sk\/index.php?rest_route=\/wp\/v2\/posts"}],"about":[{"href":"https:\/\/pmza.sk\/index.php?rest_route=\/wp\/v2\/types\/post"}],"author":[{"embeddable":true,"href":"https:\/\/pmza.sk\/index.php?rest_route=\/wp\/v2\/users\/2"}],"replies":[{"embeddable":true,"href":"https:\/\/pmza.sk\/index.php?rest_route=%2Fwp%2Fv2%2Fcomments&post=45488"}],"version-history":[{"count":0,"href":"https:\/\/pmza.sk\/index.php?rest_route=\/wp\/v2\/posts\/45488\/revisions"}],"wp:featuredmedia":[{"embeddable":true,"href":"https:\/\/pmza.sk\/index.php?rest_route=\/wp\/v2\/media\/45490"}],"wp:attachment":[{"href":"https:\/\/pmza.sk\/index.php?rest_route=%2Fwp%2Fv2%2Fmedia&parent=45488"}],"wp:term":[{"taxonomy":"category","embeddable":true,"href":"https:\/\/pmza.sk\/index.php?rest_route=%2Fwp%2Fv2%2Fcategories&post=45488"},{"taxonomy":"post_tag","embeddable":true,"href":"https:\/\/pmza.sk\/index.php?rest_route=%2Fwp%2Fv2%2Ftags&post=45488"}],"curies":[{"name":"wp","href":"https:\/\/api.w.org\/{rel}","templated":true}]}}