{"id":45689,"date":"2021-08-19T13:24:53","date_gmt":"2021-08-19T11:24:53","guid":{"rendered":"https:\/\/pmza.sk\/?p=45689"},"modified":"2021-08-19T13:24:53","modified_gmt":"2021-08-19T11:24:53","slug":"vystava-v-tichu","status":"publish","type":"post","link":"https:\/\/pmza.sk\/?p=45689","title":{"rendered":"V\u00fdstava V tichu"},"content":{"rendered":"<p>V\u00a0kaplnke Budat\u00ednskeho hradu m\u00f4\u017eu n\u00e1v\u0161tevn\u00edci od 8. septembra obdivova\u0165 nov\u00fa v\u00fdstavu s\u00a0n\u00e1zvom V\u00a0tichu, ktor\u00e1 predstavuje\u00a0 mal\u00fd v\u00fdber z\u00a0tvorby \u0161iestich autorov zo star\u0161ej a\u00a0strednej gener\u00e1cie slovensk\u00fdch v\u00fdtvarn\u00edkov. Niektor\u00ed z\u00a0nich s\u00fa v\u00fdrazn\u00fdmi pedagogick\u00fdmi osobnos\u0165ami v\u00a0oblasti v\u00fdtvarn\u00e9ho vzdel\u00e1vania, v\u00a0ktorej p\u00f4sobili v\u00a0minulosti alebo \u2013 v\u00a0pr\u00edpade strednej gener\u00e1cie \u2013 aj st\u00e1le p\u00f4sobia. Spolo\u010dn\u00fdm menovate\u013eom v\u0161etk\u00fdch je v\u0161ak predov\u0161etk\u00fdm inklin\u00e1cia k\u00a0citliv\u00e9mu, h\u013abav\u00e9mu a\u017e meditat\u00edvnemu tvoriv\u00e9mu pr\u00edstupu.<\/p>\n<p>Na v\u00fdstave bud\u00fa prezentovan\u00e9 drobn\u00e9 expres\u00edvne plastiky Marka Hubu, s\u00e9ria \u00fa\u017eitkovej keramiky Simony Jani\u0161ovej, objekty Jozefa Kurinca, \u201ekresboma\u013eby\u201c Igora Min\u00e1rika, kolekcie \u0161perkov Daniely Ml\u00e1denkovej a s\u00fabor fotografi\u00ed a\u00a0textov Dany Sochorovej. <em>\u201eZ\u00e1merom v\u00fdstavy nebolo vytvori\u0165 tematicky a vizu\u00e1lne kompaktn\u00fd celok z\u00a0diel viacer\u00fdch v\u00fdtvarn\u00edkov. Sk\u00f4r naopak. Od za\u010diatku existuj\u00face alebo postupne vyprofilovan\u00e9 bytostn\u00e9 t\u00e9my jednotliv\u00fdch autorov, r\u00f4zne osobnostn\u00e9 sp\u00f4soby ich vizu\u00e1lneho spracovania a\u00a0aj r\u00f4zne druhy umenia, v\u00a0ktor\u00fdch sa pohybuj\u00fa, poskytuj\u00fa v\u00a0malom v\u00fdstavnom priestore \u0161ir\u0161\u00ed poh\u013ead nielen na s\u00fa\u010dasn\u00fa v\u00fdtvarn\u00fa produkciu, ale aj na \u017eivot, ktor\u00fd \u017eijeme v\u00a0konkr\u00e9tnom historickom \u010dase,\u201c<\/em> vysvetlil kur\u00e1tor v\u00fdstavy \u2013 historik umenia Pova\u017esk\u00e9ho m\u00fazea Zden\u011bk Hogh.<\/p>\n<p>Zauj\u00edmav\u00fa kombin\u00e1ciu diel v\u00fdnimo\u010dn\u00fdch autorov m\u00f4\u017eu z\u00e1ujemcovia vidie\u0165 od stredy do nedele v\u00a0\u010dase od 9.00 do 16.30 v\u00a0komunitnej miestnosti kaplnky Budat\u00ednskeho hradu. Viac inform\u00e1ci\u00ed n\u00e1jdu na <a href=\"http:\/\/www.pmza.sk\">www.pmza.sk<\/a>.<\/p>\n","protected":false},"excerpt":{"rendered":"<p>V\u00a0kaplnke Budat\u00ednskeho hradu m\u00f4\u017eu n\u00e1v\u0161tevn\u00edci od 8. septembra obdivova\u0165 nov\u00fa v\u00fdstavu s\u00a0n\u00e1zvom V\u00a0tichu, ktor\u00e1 predstavuje\u00a0 mal\u00fd v\u00fdber z\u00a0tvorby \u0161iestich autorov zo star\u0161ej a\u00a0strednej gener\u00e1cie slovensk\u00fdch v\u00fdtvarn\u00edkov. Niektor\u00ed z\u00a0nich s\u00fa v\u00fdrazn\u00fdmi pedagogick\u00fdmi osobnos\u0165ami v\u00a0oblasti v\u00fdtvarn\u00e9ho vzdel\u00e1vania, v\u00a0ktorej p\u00f4sobili v\u00a0minulosti alebo \u2013 v\u00a0pr\u00edpade strednej gener\u00e1cie \u2013 aj st\u00e1le p\u00f4sobia. Spolo\u010dn\u00fdm menovate\u013eom v\u0161etk\u00fdch je v\u0161ak predov\u0161etk\u00fdm inklin\u00e1cia k\u00a0citliv\u00e9mu, [&hellip;]<\/p>\n","protected":false},"author":2,"featured_media":45690,"comment_status":"closed","ping_status":"closed","sticky":false,"template":"","format":"standard","meta":{"site-sidebar-layout":"default","site-content-layout":"","ast-site-content-layout":"","site-content-style":"default","site-sidebar-style":"default","ast-global-header-display":"","ast-banner-title-visibility":"","ast-main-header-display":"","ast-hfb-above-header-display":"","ast-hfb-below-header-display":"","ast-hfb-mobile-header-display":"","site-post-title":"","ast-breadcrumbs-content":"","ast-featured-img":"","footer-sml-layout":"","theme-transparent-header-meta":"","adv-header-id-meta":"","stick-header-meta":"","header-above-stick-meta":"","header-main-stick-meta":"","header-below-stick-meta":"","astra-migrate-meta-layouts":"default","ast-page-background-enabled":"default","ast-page-background-meta":{"desktop":{"background-color":"var(--ast-global-color-4)","background-image":"","background-repeat":"repeat","background-position":"center center","background-size":"auto","background-attachment":"scroll","background-type":"","background-media":"","overlay-type":"","overlay-color":"","overlay-opacity":"","overlay-gradient":""},"tablet":{"background-color":"","background-image":"","background-repeat":"repeat","background-position":"center center","background-size":"auto","background-attachment":"scroll","background-type":"","background-media":"","overlay-type":"","overlay-color":"","overlay-opacity":"","overlay-gradient":""},"mobile":{"background-color":"","background-image":"","background-repeat":"repeat","background-position":"center center","background-size":"auto","background-attachment":"scroll","background-type":"","background-media":"","overlay-type":"","overlay-color":"","overlay-opacity":"","overlay-gradient":""}},"ast-content-background-meta":{"desktop":{"background-color":"var(--ast-global-color-5)","background-image":"","background-repeat":"repeat","background-position":"center center","background-size":"auto","background-attachment":"scroll","background-type":"","background-media":"","overlay-type":"","overlay-color":"","overlay-opacity":"","overlay-gradient":""},"tablet":{"background-color":"var(--ast-global-color-5)","background-image":"","background-repeat":"repeat","background-position":"center center","background-size":"auto","background-attachment":"scroll","background-type":"","background-media":"","overlay-type":"","overlay-color":"","overlay-opacity":"","overlay-gradient":""},"mobile":{"background-color":"var(--ast-global-color-5)","background-image":"","background-repeat":"repeat","background-position":"center center","background-size":"auto","background-attachment":"scroll","background-type":"","background-media":"","overlay-type":"","overlay-color":"","overlay-opacity":"","overlay-gradient":""}},"footnotes":""},"categories":[31],"tags":[],"class_list":["post-45689","post","type-post","status-publish","format-standard","has-post-thumbnail","hentry","category-aktuality"],"yoast_head":"<!-- This site is optimized with the Yoast SEO plugin v27.4 - https:\/\/yoast.com\/product\/yoast-seo-wordpress\/ -->\n<title>V\u00fdstava V tichu - Pova\u017esk\u00e9 m\u00fazeum<\/title>\n<meta name=\"robots\" content=\"index, follow, max-snippet:-1, max-image-preview:large, max-video-preview:-1\" \/>\n<link rel=\"canonical\" href=\"https:\/\/pmza.sk\/?p=45689\" \/>\n<meta property=\"og:locale\" content=\"sk_SK\" \/>\n<meta property=\"og:type\" content=\"article\" \/>\n<meta property=\"og:title\" content=\"V\u00fdstava V tichu - Pova\u017esk\u00e9 m\u00fazeum\" \/>\n<meta property=\"og:description\" content=\"V\u00a0kaplnke Budat\u00ednskeho hradu m\u00f4\u017eu n\u00e1v\u0161tevn\u00edci od 8. septembra obdivova\u0165 nov\u00fa v\u00fdstavu s\u00a0n\u00e1zvom V\u00a0tichu, ktor\u00e1 predstavuje\u00a0 mal\u00fd v\u00fdber z\u00a0tvorby \u0161iestich autorov zo star\u0161ej a\u00a0strednej gener\u00e1cie slovensk\u00fdch v\u00fdtvarn\u00edkov. Niektor\u00ed z\u00a0nich s\u00fa v\u00fdrazn\u00fdmi pedagogick\u00fdmi osobnos\u0165ami v\u00a0oblasti v\u00fdtvarn\u00e9ho vzdel\u00e1vania, v\u00a0ktorej p\u00f4sobili v\u00a0minulosti alebo \u2013 v\u00a0pr\u00edpade strednej gener\u00e1cie \u2013 aj st\u00e1le p\u00f4sobia. Spolo\u010dn\u00fdm menovate\u013eom v\u0161etk\u00fdch je v\u0161ak predov\u0161etk\u00fdm inklin\u00e1cia k\u00a0citliv\u00e9mu, [&hellip;]\" \/>\n<meta property=\"og:url\" content=\"https:\/\/pmza.sk\/?p=45689\" \/>\n<meta property=\"og:site_name\" content=\"Pova\u017esk\u00e9 m\u00fazeum\" \/>\n<meta property=\"article:publisher\" content=\"https:\/\/www.facebook.com\/povazskemuzeum\" \/>\n<meta property=\"article:published_time\" content=\"2021-08-19T11:24:53+00:00\" \/>\n<meta property=\"og:image\" content=\"https:\/\/pmza.sk\/wp-content\/uploads\/2021\/08\/20_v_tichu_www.jpg\" \/>\n\t<meta property=\"og:image:width\" content=\"566\" \/>\n\t<meta property=\"og:image:height\" content=\"800\" \/>\n\t<meta property=\"og:image:type\" content=\"image\/jpeg\" \/>\n<meta name=\"author\" content=\"Pova\u017esk\u00e9 m\u00fazeum\" \/>\n<meta name=\"twitter:card\" content=\"summary_large_image\" \/>\n<meta name=\"twitter:label1\" content=\"Autor\" \/>\n\t<meta name=\"twitter:data1\" content=\"Pova\u017esk\u00e9 m\u00fazeum\" \/>\n\t<meta name=\"twitter:label2\" content=\"Predpokladan\u00fd \u010das \u010d\u00edtania\" \/>\n\t<meta name=\"twitter:data2\" content=\"1 min\u00fata\" \/>\n<script type=\"application\/ld+json\" class=\"yoast-schema-graph\">{\"@context\":\"https:\\\/\\\/schema.org\",\"@graph\":[{\"@type\":\"Article\",\"@id\":\"https:\\\/\\\/pmza.sk\\\/?p=45689#article\",\"isPartOf\":{\"@id\":\"https:\\\/\\\/pmza.sk\\\/?p=45689\"},\"author\":{\"name\":\"Pova\u017esk\u00e9 m\u00fazeum\",\"@id\":\"https:\\\/\\\/pmza.sk\\\/#\\\/schema\\\/person\\\/595e6a2ce731ea94dcd5d7f50a41ae33\"},\"headline\":\"V\u00fdstava V tichu\",\"datePublished\":\"2021-08-19T11:24:53+00:00\",\"mainEntityOfPage\":{\"@id\":\"https:\\\/\\\/pmza.sk\\\/?p=45689\"},\"wordCount\":288,\"publisher\":{\"@id\":\"https:\\\/\\\/pmza.sk\\\/#organization\"},\"image\":{\"@id\":\"https:\\\/\\\/pmza.sk\\\/?p=45689#primaryimage\"},\"thumbnailUrl\":\"https:\\\/\\\/pmza.sk\\\/wp-content\\\/uploads\\\/2021\\\/08\\\/20_v_tichu_www.jpg\",\"articleSection\":[\"Aktuality\"],\"inLanguage\":\"sk-SK\"},{\"@type\":\"WebPage\",\"@id\":\"https:\\\/\\\/pmza.sk\\\/?p=45689\",\"url\":\"https:\\\/\\\/pmza.sk\\\/?p=45689\",\"name\":\"V\u00fdstava V tichu - Pova\u017esk\u00e9 m\u00fazeum\",\"isPartOf\":{\"@id\":\"https:\\\/\\\/pmza.sk\\\/#website\"},\"primaryImageOfPage\":{\"@id\":\"https:\\\/\\\/pmza.sk\\\/?p=45689#primaryimage\"},\"image\":{\"@id\":\"https:\\\/\\\/pmza.sk\\\/?p=45689#primaryimage\"},\"thumbnailUrl\":\"https:\\\/\\\/pmza.sk\\\/wp-content\\\/uploads\\\/2021\\\/08\\\/20_v_tichu_www.jpg\",\"datePublished\":\"2021-08-19T11:24:53+00:00\",\"breadcrumb\":{\"@id\":\"https:\\\/\\\/pmza.sk\\\/?p=45689#breadcrumb\"},\"inLanguage\":\"sk-SK\",\"potentialAction\":[{\"@type\":\"ReadAction\",\"target\":[\"https:\\\/\\\/pmza.sk\\\/?p=45689\"]}]},{\"@type\":\"ImageObject\",\"inLanguage\":\"sk-SK\",\"@id\":\"https:\\\/\\\/pmza.sk\\\/?p=45689#primaryimage\",\"url\":\"https:\\\/\\\/pmza.sk\\\/wp-content\\\/uploads\\\/2021\\\/08\\\/20_v_tichu_www.jpg\",\"contentUrl\":\"https:\\\/\\\/pmza.sk\\\/wp-content\\\/uploads\\\/2021\\\/08\\\/20_v_tichu_www.jpg\",\"width\":566,\"height\":800},{\"@type\":\"BreadcrumbList\",\"@id\":\"https:\\\/\\\/pmza.sk\\\/?p=45689#breadcrumb\",\"itemListElement\":[{\"@type\":\"ListItem\",\"position\":1,\"name\":\"Domovsk\u00e1 str\u00e1nka\",\"item\":\"https:\\\/\\\/pmza.sk\\\/\"},{\"@type\":\"ListItem\",\"position\":2,\"name\":\"V\u00fdstava V tichu\"}]},{\"@type\":\"WebSite\",\"@id\":\"https:\\\/\\\/pmza.sk\\\/#website\",\"url\":\"https:\\\/\\\/pmza.sk\\\/\",\"name\":\"Pova\u017esk\u00e9 m\u00fazeum\",\"description\":\"Pova\u017esk\u00e9 m\u00fazeum v \u017diline je region\u00e1lne m\u00fazeum so s\u00eddlom v Budat\u00edne. Jeho expoz\u00edcie s\u00fa zameran\u00e9 na dejiny slovensk\u00e9ho umenia, kult\u00fary a dopravy.\",\"publisher\":{\"@id\":\"https:\\\/\\\/pmza.sk\\\/#organization\"},\"potentialAction\":[{\"@type\":\"SearchAction\",\"target\":{\"@type\":\"EntryPoint\",\"urlTemplate\":\"https:\\\/\\\/pmza.sk\\\/?s={search_term_string}\"},\"query-input\":{\"@type\":\"PropertyValueSpecification\",\"valueRequired\":true,\"valueName\":\"search_term_string\"}}],\"inLanguage\":\"sk-SK\"},{\"@type\":\"Organization\",\"@id\":\"https:\\\/\\\/pmza.sk\\\/#organization\",\"name\":\"Pova\u017esk\u00e9 m\u00fazeum\",\"url\":\"https:\\\/\\\/pmza.sk\\\/\",\"logo\":{\"@type\":\"ImageObject\",\"inLanguage\":\"sk-SK\",\"@id\":\"https:\\\/\\\/pmza.sk\\\/#\\\/schema\\\/logo\\\/image\\\/\",\"url\":\"https:\\\/\\\/pmza.sk\\\/wp-content\\\/uploads\\\/2022\\\/01\\\/logo_PM_horizontal.jpg\",\"contentUrl\":\"https:\\\/\\\/pmza.sk\\\/wp-content\\\/uploads\\\/2022\\\/01\\\/logo_PM_horizontal.jpg\",\"width\":231,\"height\":142,\"caption\":\"Pova\u017esk\u00e9 m\u00fazeum\"},\"image\":{\"@id\":\"https:\\\/\\\/pmza.sk\\\/#\\\/schema\\\/logo\\\/image\\\/\"},\"sameAs\":[\"https:\\\/\\\/www.facebook.com\\\/povazskemuzeum\",\"https:\\\/\\\/www.instagram.com\\\/povazskemuzeum\\\/\"]},{\"@type\":\"Person\",\"@id\":\"https:\\\/\\\/pmza.sk\\\/#\\\/schema\\\/person\\\/595e6a2ce731ea94dcd5d7f50a41ae33\",\"name\":\"Pova\u017esk\u00e9 m\u00fazeum\",\"image\":{\"@type\":\"ImageObject\",\"inLanguage\":\"sk-SK\",\"@id\":\"https:\\\/\\\/secure.gravatar.com\\\/avatar\\\/2bb7f1561282132fb5826dfeccc66c7996d11ee392ac6aaf7ced8a1c2027fbb2?s=96&d=mm&r=g\",\"url\":\"https:\\\/\\\/secure.gravatar.com\\\/avatar\\\/2bb7f1561282132fb5826dfeccc66c7996d11ee392ac6aaf7ced8a1c2027fbb2?s=96&d=mm&r=g\",\"contentUrl\":\"https:\\\/\\\/secure.gravatar.com\\\/avatar\\\/2bb7f1561282132fb5826dfeccc66c7996d11ee392ac6aaf7ced8a1c2027fbb2?s=96&d=mm&r=g\",\"caption\":\"Pova\u017esk\u00e9 m\u00fazeum\"}}]}<\/script>\n<!-- \/ Yoast SEO plugin. -->","yoast_head_json":{"title":"V\u00fdstava V tichu - Pova\u017esk\u00e9 m\u00fazeum","robots":{"index":"index","follow":"follow","max-snippet":"max-snippet:-1","max-image-preview":"max-image-preview:large","max-video-preview":"max-video-preview:-1"},"canonical":"https:\/\/pmza.sk\/?p=45689","og_locale":"sk_SK","og_type":"article","og_title":"V\u00fdstava V tichu - Pova\u017esk\u00e9 m\u00fazeum","og_description":"V\u00a0kaplnke Budat\u00ednskeho hradu m\u00f4\u017eu n\u00e1v\u0161tevn\u00edci od 8. septembra obdivova\u0165 nov\u00fa v\u00fdstavu s\u00a0n\u00e1zvom V\u00a0tichu, ktor\u00e1 predstavuje\u00a0 mal\u00fd v\u00fdber z\u00a0tvorby \u0161iestich autorov zo star\u0161ej a\u00a0strednej gener\u00e1cie slovensk\u00fdch v\u00fdtvarn\u00edkov. Niektor\u00ed z\u00a0nich s\u00fa v\u00fdrazn\u00fdmi pedagogick\u00fdmi osobnos\u0165ami v\u00a0oblasti v\u00fdtvarn\u00e9ho vzdel\u00e1vania, v\u00a0ktorej p\u00f4sobili v\u00a0minulosti alebo \u2013 v\u00a0pr\u00edpade strednej gener\u00e1cie \u2013 aj st\u00e1le p\u00f4sobia. Spolo\u010dn\u00fdm menovate\u013eom v\u0161etk\u00fdch je v\u0161ak predov\u0161etk\u00fdm inklin\u00e1cia k\u00a0citliv\u00e9mu, [&hellip;]","og_url":"https:\/\/pmza.sk\/?p=45689","og_site_name":"Pova\u017esk\u00e9 m\u00fazeum","article_publisher":"https:\/\/www.facebook.com\/povazskemuzeum","article_published_time":"2021-08-19T11:24:53+00:00","og_image":[{"width":566,"height":800,"url":"https:\/\/pmza.sk\/wp-content\/uploads\/2021\/08\/20_v_tichu_www.jpg","type":"image\/jpeg"}],"author":"Pova\u017esk\u00e9 m\u00fazeum","twitter_card":"summary_large_image","twitter_misc":{"Autor":"Pova\u017esk\u00e9 m\u00fazeum","Predpokladan\u00fd \u010das \u010d\u00edtania":"1 min\u00fata"},"schema":{"@context":"https:\/\/schema.org","@graph":[{"@type":"Article","@id":"https:\/\/pmza.sk\/?p=45689#article","isPartOf":{"@id":"https:\/\/pmza.sk\/?p=45689"},"author":{"name":"Pova\u017esk\u00e9 m\u00fazeum","@id":"https:\/\/pmza.sk\/#\/schema\/person\/595e6a2ce731ea94dcd5d7f50a41ae33"},"headline":"V\u00fdstava V tichu","datePublished":"2021-08-19T11:24:53+00:00","mainEntityOfPage":{"@id":"https:\/\/pmza.sk\/?p=45689"},"wordCount":288,"publisher":{"@id":"https:\/\/pmza.sk\/#organization"},"image":{"@id":"https:\/\/pmza.sk\/?p=45689#primaryimage"},"thumbnailUrl":"https:\/\/pmza.sk\/wp-content\/uploads\/2021\/08\/20_v_tichu_www.jpg","articleSection":["Aktuality"],"inLanguage":"sk-SK"},{"@type":"WebPage","@id":"https:\/\/pmza.sk\/?p=45689","url":"https:\/\/pmza.sk\/?p=45689","name":"V\u00fdstava V tichu - Pova\u017esk\u00e9 m\u00fazeum","isPartOf":{"@id":"https:\/\/pmza.sk\/#website"},"primaryImageOfPage":{"@id":"https:\/\/pmza.sk\/?p=45689#primaryimage"},"image":{"@id":"https:\/\/pmza.sk\/?p=45689#primaryimage"},"thumbnailUrl":"https:\/\/pmza.sk\/wp-content\/uploads\/2021\/08\/20_v_tichu_www.jpg","datePublished":"2021-08-19T11:24:53+00:00","breadcrumb":{"@id":"https:\/\/pmza.sk\/?p=45689#breadcrumb"},"inLanguage":"sk-SK","potentialAction":[{"@type":"ReadAction","target":["https:\/\/pmza.sk\/?p=45689"]}]},{"@type":"ImageObject","inLanguage":"sk-SK","@id":"https:\/\/pmza.sk\/?p=45689#primaryimage","url":"https:\/\/pmza.sk\/wp-content\/uploads\/2021\/08\/20_v_tichu_www.jpg","contentUrl":"https:\/\/pmza.sk\/wp-content\/uploads\/2021\/08\/20_v_tichu_www.jpg","width":566,"height":800},{"@type":"BreadcrumbList","@id":"https:\/\/pmza.sk\/?p=45689#breadcrumb","itemListElement":[{"@type":"ListItem","position":1,"name":"Domovsk\u00e1 str\u00e1nka","item":"https:\/\/pmza.sk\/"},{"@type":"ListItem","position":2,"name":"V\u00fdstava V tichu"}]},{"@type":"WebSite","@id":"https:\/\/pmza.sk\/#website","url":"https:\/\/pmza.sk\/","name":"Pova\u017esk\u00e9 m\u00fazeum","description":"Pova\u017esk\u00e9 m\u00fazeum v \u017diline je region\u00e1lne m\u00fazeum so s\u00eddlom v Budat\u00edne. Jeho expoz\u00edcie s\u00fa zameran\u00e9 na dejiny slovensk\u00e9ho umenia, kult\u00fary a dopravy.","publisher":{"@id":"https:\/\/pmza.sk\/#organization"},"potentialAction":[{"@type":"SearchAction","target":{"@type":"EntryPoint","urlTemplate":"https:\/\/pmza.sk\/?s={search_term_string}"},"query-input":{"@type":"PropertyValueSpecification","valueRequired":true,"valueName":"search_term_string"}}],"inLanguage":"sk-SK"},{"@type":"Organization","@id":"https:\/\/pmza.sk\/#organization","name":"Pova\u017esk\u00e9 m\u00fazeum","url":"https:\/\/pmza.sk\/","logo":{"@type":"ImageObject","inLanguage":"sk-SK","@id":"https:\/\/pmza.sk\/#\/schema\/logo\/image\/","url":"https:\/\/pmza.sk\/wp-content\/uploads\/2022\/01\/logo_PM_horizontal.jpg","contentUrl":"https:\/\/pmza.sk\/wp-content\/uploads\/2022\/01\/logo_PM_horizontal.jpg","width":231,"height":142,"caption":"Pova\u017esk\u00e9 m\u00fazeum"},"image":{"@id":"https:\/\/pmza.sk\/#\/schema\/logo\/image\/"},"sameAs":["https:\/\/www.facebook.com\/povazskemuzeum","https:\/\/www.instagram.com\/povazskemuzeum\/"]},{"@type":"Person","@id":"https:\/\/pmza.sk\/#\/schema\/person\/595e6a2ce731ea94dcd5d7f50a41ae33","name":"Pova\u017esk\u00e9 m\u00fazeum","image":{"@type":"ImageObject","inLanguage":"sk-SK","@id":"https:\/\/secure.gravatar.com\/avatar\/2bb7f1561282132fb5826dfeccc66c7996d11ee392ac6aaf7ced8a1c2027fbb2?s=96&d=mm&r=g","url":"https:\/\/secure.gravatar.com\/avatar\/2bb7f1561282132fb5826dfeccc66c7996d11ee392ac6aaf7ced8a1c2027fbb2?s=96&d=mm&r=g","contentUrl":"https:\/\/secure.gravatar.com\/avatar\/2bb7f1561282132fb5826dfeccc66c7996d11ee392ac6aaf7ced8a1c2027fbb2?s=96&d=mm&r=g","caption":"Pova\u017esk\u00e9 m\u00fazeum"}}]}},"_links":{"self":[{"href":"https:\/\/pmza.sk\/index.php?rest_route=\/wp\/v2\/posts\/45689","targetHints":{"allow":["GET"]}}],"collection":[{"href":"https:\/\/pmza.sk\/index.php?rest_route=\/wp\/v2\/posts"}],"about":[{"href":"https:\/\/pmza.sk\/index.php?rest_route=\/wp\/v2\/types\/post"}],"author":[{"embeddable":true,"href":"https:\/\/pmza.sk\/index.php?rest_route=\/wp\/v2\/users\/2"}],"replies":[{"embeddable":true,"href":"https:\/\/pmza.sk\/index.php?rest_route=%2Fwp%2Fv2%2Fcomments&post=45689"}],"version-history":[{"count":0,"href":"https:\/\/pmza.sk\/index.php?rest_route=\/wp\/v2\/posts\/45689\/revisions"}],"wp:featuredmedia":[{"embeddable":true,"href":"https:\/\/pmza.sk\/index.php?rest_route=\/wp\/v2\/media\/45690"}],"wp:attachment":[{"href":"https:\/\/pmza.sk\/index.php?rest_route=%2Fwp%2Fv2%2Fmedia&parent=45689"}],"wp:term":[{"taxonomy":"category","embeddable":true,"href":"https:\/\/pmza.sk\/index.php?rest_route=%2Fwp%2Fv2%2Fcategories&post=45689"},{"taxonomy":"post_tag","embeddable":true,"href":"https:\/\/pmza.sk\/index.php?rest_route=%2Fwp%2Fv2%2Ftags&post=45689"}],"curies":[{"name":"wp","href":"https:\/\/api.w.org\/{rel}","templated":true}]}}