{"id":45762,"date":"2021-09-02T08:00:49","date_gmt":"2021-09-02T06:00:49","guid":{"rendered":"https:\/\/pmza.sk\/?p=45762"},"modified":"2021-09-02T08:00:49","modified_gmt":"2021-09-02T06:00:49","slug":"premeny-svadobnej-bielej-v-pohybe","status":"publish","type":"post","link":"https:\/\/pmza.sk\/?p=45762","title":{"rendered":"Premeny svadobnej bielej v pohybe"},"content":{"rendered":"<div dir=\"auto\">\n<p>V\u00fdstava Premeny svadobnej bielej, ktor\u00e1 je in\u0161talovan\u00e1 v\u00a0Sob\u00e1\u0161nom pal\u00e1ci v\u00a0Byt\u010di mala medzi n\u00e1v\u0161tevn\u00edkmi ve\u013ek\u00fd \u00faspech. Preto sa Pova\u017esk\u00e9 m\u00fazeum rozhodlo, \u017ee im na konci hlavnej sez\u00f3ny priprav\u00ed prekvapenie. V\u00a0sobotu 11. septembra o\u00a014.00 sa m\u00f4\u017eu te\u0161i\u0165 na origin\u00e1lnu komentovan\u00fa m\u00f3dnu prehliadku s\u00a0pr\u00edzna\u010dn\u00fdm n\u00e1zvom Premeny svadobnej bielej v\u00a0pohybe, ktor\u00fa bude vies\u0165 majite\u013eka zbierky Janka Ml\u00e1dek Rajniakov\u00e1.<\/p>\n<p>Vy\u0161tudovan\u00e1 etnologi\u010dka \u017eij\u00faca v\u00a0obci I\u0148a pri Leviciach zbiera svadobn\u00e9 \u0161aty u\u017e nieko\u013eko rokov. Prv\u00e9 na\u0161la n\u00e1hodou v\u00a0opustenom dome, \u010fal\u0161ie sa k\u00a0nej dostali darom. Postupne tak vytvorila origin\u00e1lnu zbierku, ktor\u00e1 mapuje hist\u00f3riu svadobnej m\u00f3dy 20. storo\u010dia, ale obsahuje aj s\u00fa\u010dasn\u00e9 modely. Priamo na v\u00fdstave m\u00f4\u017eu n\u00e1v\u0161tevn\u00edci obdivova\u0165 40 kusov svadobn\u00fdch odevov. <em>\u201e\u0160aty v\u00a0tejto nev\u0161ednej zbierke nie s\u00fa len oby\u010dajn\u00e9 predmety. S\u00fa \u017eiv\u00e9 a\u00a0rozpr\u00e1vaj\u00fa. Predveden\u00e9 na modelk\u00e1ch bud\u00fa vyzera\u0165 e\u0161te autentickej\u0161ie. Ja osobne sa na to ve\u013emi te\u0161\u00edm a\u00a0ver\u00edm, \u017ee rovnak\u00fa rados\u0165 poc\u00edtia aj v\u0161etci, ktor\u00ed pr\u00eddu,\u201c<\/em> poz\u00fdva Janka Ml\u00e1dek Rajniakov\u00e1.<\/p>\n<p><em>\u00a0<\/em>M\u00f3dna prehliadka bude doplnen\u00e1 koncertom hudobnej skupiny Doris Day Band. <em>\u201eChceli sme \u013eu\u010fom trochu pribl\u00ed\u017ei\u0165 atmosf\u00e9ru svadby v\u00a0jednotliv\u00fdch obdobiach 20. storo\u010dia a\u00a0hudba dod\u00e1 tomuto v\u00fdnimo\u010dn\u00e9mu okamihu \u00faplne in\u00fd rozmer. D\u00fafame, \u017ee n\u00e1\u0161 n\u00e1pad zaujme aj n\u00e1v\u0161tevn\u00edkov a\u00a0nenechaj\u00fa si toto podujatie ujs\u0165. Pros\u00edme ich v\u0161ak o\u00a0dodr\u017eiavanie aktu\u00e1lnych hygienick\u00fdch nariaden\u00ed a\u00a0kv\u00f4li obmedzen\u00e9mu po\u010dtu odpor\u00fa\u010dame objedna\u0165 sa na telef\u00f3nnom \u010d\u00edsle 0917 598\u00a0905. Cena vstupn\u00e9ho pre jednu osobu je 5 eur,\u201c <\/em>pribl\u00ed\u017eila spr\u00e1vky\u0148a Sob\u00e1\u0161neho pal\u00e1ca v\u00a0Byt\u010di Andrea Tur\u010d\u00e1kov\u00e1.<\/p>\n<\/div>\n<p>&nbsp;<\/p>\n","protected":false},"excerpt":{"rendered":"<p>V\u00fdstava Premeny svadobnej bielej, ktor\u00e1 je in\u0161talovan\u00e1 v\u00a0Sob\u00e1\u0161nom pal\u00e1ci v\u00a0Byt\u010di mala medzi n\u00e1v\u0161tevn\u00edkmi ve\u013ek\u00fd \u00faspech. Preto sa Pova\u017esk\u00e9 m\u00fazeum rozhodlo, \u017ee im na konci hlavnej sez\u00f3ny priprav\u00ed prekvapenie. V\u00a0sobotu 11. septembra o\u00a014.00 sa m\u00f4\u017eu te\u0161i\u0165 na origin\u00e1lnu komentovan\u00fa m\u00f3dnu prehliadku s\u00a0pr\u00edzna\u010dn\u00fdm n\u00e1zvom Premeny svadobnej bielej v\u00a0pohybe, ktor\u00fa bude vies\u0165 majite\u013eka zbierky Janka Ml\u00e1dek Rajniakov\u00e1. Vy\u0161tudovan\u00e1 [&hellip;]<\/p>\n","protected":false},"author":2,"featured_media":45763,"comment_status":"closed","ping_status":"closed","sticky":false,"template":"","format":"standard","meta":{"site-sidebar-layout":"default","site-content-layout":"","ast-site-content-layout":"","site-content-style":"default","site-sidebar-style":"default","ast-global-header-display":"","ast-banner-title-visibility":"","ast-main-header-display":"","ast-hfb-above-header-display":"","ast-hfb-below-header-display":"","ast-hfb-mobile-header-display":"","site-post-title":"","ast-breadcrumbs-content":"","ast-featured-img":"","footer-sml-layout":"","theme-transparent-header-meta":"","adv-header-id-meta":"","stick-header-meta":"","header-above-stick-meta":"","header-main-stick-meta":"","header-below-stick-meta":"","astra-migrate-meta-layouts":"default","ast-page-background-enabled":"default","ast-page-background-meta":{"desktop":{"background-color":"var(--ast-global-color-4)","background-image":"","background-repeat":"repeat","background-position":"center center","background-size":"auto","background-attachment":"scroll","background-type":"","background-media":"","overlay-type":"","overlay-color":"","overlay-opacity":"","overlay-gradient":""},"tablet":{"background-color":"","background-image":"","background-repeat":"repeat","background-position":"center center","background-size":"auto","background-attachment":"scroll","background-type":"","background-media":"","overlay-type":"","overlay-color":"","overlay-opacity":"","overlay-gradient":""},"mobile":{"background-color":"","background-image":"","background-repeat":"repeat","background-position":"center center","background-size":"auto","background-attachment":"scroll","background-type":"","background-media":"","overlay-type":"","overlay-color":"","overlay-opacity":"","overlay-gradient":""}},"ast-content-background-meta":{"desktop":{"background-color":"var(--ast-global-color-5)","background-image":"","background-repeat":"repeat","background-position":"center center","background-size":"auto","background-attachment":"scroll","background-type":"","background-media":"","overlay-type":"","overlay-color":"","overlay-opacity":"","overlay-gradient":""},"tablet":{"background-color":"var(--ast-global-color-5)","background-image":"","background-repeat":"repeat","background-position":"center center","background-size":"auto","background-attachment":"scroll","background-type":"","background-media":"","overlay-type":"","overlay-color":"","overlay-opacity":"","overlay-gradient":""},"mobile":{"background-color":"var(--ast-global-color-5)","background-image":"","background-repeat":"repeat","background-position":"center center","background-size":"auto","background-attachment":"scroll","background-type":"","background-media":"","overlay-type":"","overlay-color":"","overlay-opacity":"","overlay-gradient":""}},"footnotes":""},"categories":[31],"tags":[],"class_list":["post-45762","post","type-post","status-publish","format-standard","has-post-thumbnail","hentry","category-aktuality"],"yoast_head":"<!-- This site is optimized with the Yoast SEO plugin v27.4 - https:\/\/yoast.com\/product\/yoast-seo-wordpress\/ -->\n<title>Premeny svadobnej bielej v pohybe - Pova\u017esk\u00e9 m\u00fazeum<\/title>\n<meta name=\"robots\" content=\"index, follow, max-snippet:-1, max-image-preview:large, max-video-preview:-1\" \/>\n<link rel=\"canonical\" href=\"https:\/\/pmza.sk\/?p=45762\" \/>\n<meta property=\"og:locale\" content=\"sk_SK\" \/>\n<meta property=\"og:type\" content=\"article\" \/>\n<meta property=\"og:title\" content=\"Premeny svadobnej bielej v pohybe - Pova\u017esk\u00e9 m\u00fazeum\" \/>\n<meta property=\"og:description\" content=\"V\u00fdstava Premeny svadobnej bielej, ktor\u00e1 je in\u0161talovan\u00e1 v\u00a0Sob\u00e1\u0161nom pal\u00e1ci v\u00a0Byt\u010di mala medzi n\u00e1v\u0161tevn\u00edkmi ve\u013ek\u00fd \u00faspech. Preto sa Pova\u017esk\u00e9 m\u00fazeum rozhodlo, \u017ee im na konci hlavnej sez\u00f3ny priprav\u00ed prekvapenie. V\u00a0sobotu 11. septembra o\u00a014.00 sa m\u00f4\u017eu te\u0161i\u0165 na origin\u00e1lnu komentovan\u00fa m\u00f3dnu prehliadku s\u00a0pr\u00edzna\u010dn\u00fdm n\u00e1zvom Premeny svadobnej bielej v\u00a0pohybe, ktor\u00fa bude vies\u0165 majite\u013eka zbierky Janka Ml\u00e1dek Rajniakov\u00e1. Vy\u0161tudovan\u00e1 [&hellip;]\" \/>\n<meta property=\"og:url\" content=\"https:\/\/pmza.sk\/?p=45762\" \/>\n<meta property=\"og:site_name\" content=\"Pova\u017esk\u00e9 m\u00fazeum\" \/>\n<meta property=\"article:publisher\" content=\"https:\/\/www.facebook.com\/povazskemuzeum\" \/>\n<meta property=\"article:published_time\" content=\"2021-09-02T06:00:49+00:00\" \/>\n<meta property=\"og:image\" content=\"https:\/\/pmza.sk\/wp-content\/uploads\/2021\/09\/06_svadobne_saty_www.jpg\" \/>\n\t<meta property=\"og:image:width\" content=\"566\" \/>\n\t<meta property=\"og:image:height\" content=\"800\" \/>\n\t<meta property=\"og:image:type\" content=\"image\/jpeg\" \/>\n<meta name=\"author\" content=\"Pova\u017esk\u00e9 m\u00fazeum\" \/>\n<meta name=\"twitter:card\" content=\"summary_large_image\" \/>\n<meta name=\"twitter:label1\" content=\"Autor\" \/>\n\t<meta name=\"twitter:data1\" content=\"Pova\u017esk\u00e9 m\u00fazeum\" \/>\n\t<meta name=\"twitter:label2\" content=\"Predpokladan\u00fd \u010das \u010d\u00edtania\" \/>\n\t<meta name=\"twitter:data2\" content=\"2 min\u00faty\" \/>\n<script type=\"application\/ld+json\" class=\"yoast-schema-graph\">{\"@context\":\"https:\\\/\\\/schema.org\",\"@graph\":[{\"@type\":\"Article\",\"@id\":\"https:\\\/\\\/pmza.sk\\\/?p=45762#article\",\"isPartOf\":{\"@id\":\"https:\\\/\\\/pmza.sk\\\/?p=45762\"},\"author\":{\"name\":\"Pova\u017esk\u00e9 m\u00fazeum\",\"@id\":\"https:\\\/\\\/pmza.sk\\\/#\\\/schema\\\/person\\\/595e6a2ce731ea94dcd5d7f50a41ae33\"},\"headline\":\"Premeny svadobnej bielej v pohybe\",\"datePublished\":\"2021-09-02T06:00:49+00:00\",\"mainEntityOfPage\":{\"@id\":\"https:\\\/\\\/pmza.sk\\\/?p=45762\"},\"wordCount\":320,\"publisher\":{\"@id\":\"https:\\\/\\\/pmza.sk\\\/#organization\"},\"image\":{\"@id\":\"https:\\\/\\\/pmza.sk\\\/?p=45762#primaryimage\"},\"thumbnailUrl\":\"https:\\\/\\\/pmza.sk\\\/wp-content\\\/uploads\\\/2021\\\/09\\\/06_svadobne_saty_www.jpg\",\"articleSection\":[\"Aktuality\"],\"inLanguage\":\"sk-SK\"},{\"@type\":\"WebPage\",\"@id\":\"https:\\\/\\\/pmza.sk\\\/?p=45762\",\"url\":\"https:\\\/\\\/pmza.sk\\\/?p=45762\",\"name\":\"Premeny svadobnej bielej v pohybe - Pova\u017esk\u00e9 m\u00fazeum\",\"isPartOf\":{\"@id\":\"https:\\\/\\\/pmza.sk\\\/#website\"},\"primaryImageOfPage\":{\"@id\":\"https:\\\/\\\/pmza.sk\\\/?p=45762#primaryimage\"},\"image\":{\"@id\":\"https:\\\/\\\/pmza.sk\\\/?p=45762#primaryimage\"},\"thumbnailUrl\":\"https:\\\/\\\/pmza.sk\\\/wp-content\\\/uploads\\\/2021\\\/09\\\/06_svadobne_saty_www.jpg\",\"datePublished\":\"2021-09-02T06:00:49+00:00\",\"breadcrumb\":{\"@id\":\"https:\\\/\\\/pmza.sk\\\/?p=45762#breadcrumb\"},\"inLanguage\":\"sk-SK\",\"potentialAction\":[{\"@type\":\"ReadAction\",\"target\":[\"https:\\\/\\\/pmza.sk\\\/?p=45762\"]}]},{\"@type\":\"ImageObject\",\"inLanguage\":\"sk-SK\",\"@id\":\"https:\\\/\\\/pmza.sk\\\/?p=45762#primaryimage\",\"url\":\"https:\\\/\\\/pmza.sk\\\/wp-content\\\/uploads\\\/2021\\\/09\\\/06_svadobne_saty_www.jpg\",\"contentUrl\":\"https:\\\/\\\/pmza.sk\\\/wp-content\\\/uploads\\\/2021\\\/09\\\/06_svadobne_saty_www.jpg\",\"width\":566,\"height\":800},{\"@type\":\"BreadcrumbList\",\"@id\":\"https:\\\/\\\/pmza.sk\\\/?p=45762#breadcrumb\",\"itemListElement\":[{\"@type\":\"ListItem\",\"position\":1,\"name\":\"Domovsk\u00e1 str\u00e1nka\",\"item\":\"https:\\\/\\\/pmza.sk\\\/\"},{\"@type\":\"ListItem\",\"position\":2,\"name\":\"Premeny svadobnej bielej v pohybe\"}]},{\"@type\":\"WebSite\",\"@id\":\"https:\\\/\\\/pmza.sk\\\/#website\",\"url\":\"https:\\\/\\\/pmza.sk\\\/\",\"name\":\"Pova\u017esk\u00e9 m\u00fazeum\",\"description\":\"Pova\u017esk\u00e9 m\u00fazeum v \u017diline je region\u00e1lne m\u00fazeum so s\u00eddlom v Budat\u00edne. Jeho expoz\u00edcie s\u00fa zameran\u00e9 na dejiny slovensk\u00e9ho umenia, kult\u00fary a dopravy.\",\"publisher\":{\"@id\":\"https:\\\/\\\/pmza.sk\\\/#organization\"},\"potentialAction\":[{\"@type\":\"SearchAction\",\"target\":{\"@type\":\"EntryPoint\",\"urlTemplate\":\"https:\\\/\\\/pmza.sk\\\/?s={search_term_string}\"},\"query-input\":{\"@type\":\"PropertyValueSpecification\",\"valueRequired\":true,\"valueName\":\"search_term_string\"}}],\"inLanguage\":\"sk-SK\"},{\"@type\":\"Organization\",\"@id\":\"https:\\\/\\\/pmza.sk\\\/#organization\",\"name\":\"Pova\u017esk\u00e9 m\u00fazeum\",\"url\":\"https:\\\/\\\/pmza.sk\\\/\",\"logo\":{\"@type\":\"ImageObject\",\"inLanguage\":\"sk-SK\",\"@id\":\"https:\\\/\\\/pmza.sk\\\/#\\\/schema\\\/logo\\\/image\\\/\",\"url\":\"https:\\\/\\\/pmza.sk\\\/wp-content\\\/uploads\\\/2022\\\/01\\\/logo_PM_horizontal.jpg\",\"contentUrl\":\"https:\\\/\\\/pmza.sk\\\/wp-content\\\/uploads\\\/2022\\\/01\\\/logo_PM_horizontal.jpg\",\"width\":231,\"height\":142,\"caption\":\"Pova\u017esk\u00e9 m\u00fazeum\"},\"image\":{\"@id\":\"https:\\\/\\\/pmza.sk\\\/#\\\/schema\\\/logo\\\/image\\\/\"},\"sameAs\":[\"https:\\\/\\\/www.facebook.com\\\/povazskemuzeum\",\"https:\\\/\\\/www.instagram.com\\\/povazskemuzeum\\\/\"]},{\"@type\":\"Person\",\"@id\":\"https:\\\/\\\/pmza.sk\\\/#\\\/schema\\\/person\\\/595e6a2ce731ea94dcd5d7f50a41ae33\",\"name\":\"Pova\u017esk\u00e9 m\u00fazeum\",\"image\":{\"@type\":\"ImageObject\",\"inLanguage\":\"sk-SK\",\"@id\":\"https:\\\/\\\/secure.gravatar.com\\\/avatar\\\/2bb7f1561282132fb5826dfeccc66c7996d11ee392ac6aaf7ced8a1c2027fbb2?s=96&d=mm&r=g\",\"url\":\"https:\\\/\\\/secure.gravatar.com\\\/avatar\\\/2bb7f1561282132fb5826dfeccc66c7996d11ee392ac6aaf7ced8a1c2027fbb2?s=96&d=mm&r=g\",\"contentUrl\":\"https:\\\/\\\/secure.gravatar.com\\\/avatar\\\/2bb7f1561282132fb5826dfeccc66c7996d11ee392ac6aaf7ced8a1c2027fbb2?s=96&d=mm&r=g\",\"caption\":\"Pova\u017esk\u00e9 m\u00fazeum\"}}]}<\/script>\n<!-- \/ Yoast SEO plugin. -->","yoast_head_json":{"title":"Premeny svadobnej bielej v pohybe - Pova\u017esk\u00e9 m\u00fazeum","robots":{"index":"index","follow":"follow","max-snippet":"max-snippet:-1","max-image-preview":"max-image-preview:large","max-video-preview":"max-video-preview:-1"},"canonical":"https:\/\/pmza.sk\/?p=45762","og_locale":"sk_SK","og_type":"article","og_title":"Premeny svadobnej bielej v pohybe - Pova\u017esk\u00e9 m\u00fazeum","og_description":"V\u00fdstava Premeny svadobnej bielej, ktor\u00e1 je in\u0161talovan\u00e1 v\u00a0Sob\u00e1\u0161nom pal\u00e1ci v\u00a0Byt\u010di mala medzi n\u00e1v\u0161tevn\u00edkmi ve\u013ek\u00fd \u00faspech. Preto sa Pova\u017esk\u00e9 m\u00fazeum rozhodlo, \u017ee im na konci hlavnej sez\u00f3ny priprav\u00ed prekvapenie. V\u00a0sobotu 11. septembra o\u00a014.00 sa m\u00f4\u017eu te\u0161i\u0165 na origin\u00e1lnu komentovan\u00fa m\u00f3dnu prehliadku s\u00a0pr\u00edzna\u010dn\u00fdm n\u00e1zvom Premeny svadobnej bielej v\u00a0pohybe, ktor\u00fa bude vies\u0165 majite\u013eka zbierky Janka Ml\u00e1dek Rajniakov\u00e1. Vy\u0161tudovan\u00e1 [&hellip;]","og_url":"https:\/\/pmza.sk\/?p=45762","og_site_name":"Pova\u017esk\u00e9 m\u00fazeum","article_publisher":"https:\/\/www.facebook.com\/povazskemuzeum","article_published_time":"2021-09-02T06:00:49+00:00","og_image":[{"width":566,"height":800,"url":"https:\/\/pmza.sk\/wp-content\/uploads\/2021\/09\/06_svadobne_saty_www.jpg","type":"image\/jpeg"}],"author":"Pova\u017esk\u00e9 m\u00fazeum","twitter_card":"summary_large_image","twitter_misc":{"Autor":"Pova\u017esk\u00e9 m\u00fazeum","Predpokladan\u00fd \u010das \u010d\u00edtania":"2 min\u00faty"},"schema":{"@context":"https:\/\/schema.org","@graph":[{"@type":"Article","@id":"https:\/\/pmza.sk\/?p=45762#article","isPartOf":{"@id":"https:\/\/pmza.sk\/?p=45762"},"author":{"name":"Pova\u017esk\u00e9 m\u00fazeum","@id":"https:\/\/pmza.sk\/#\/schema\/person\/595e6a2ce731ea94dcd5d7f50a41ae33"},"headline":"Premeny svadobnej bielej v pohybe","datePublished":"2021-09-02T06:00:49+00:00","mainEntityOfPage":{"@id":"https:\/\/pmza.sk\/?p=45762"},"wordCount":320,"publisher":{"@id":"https:\/\/pmza.sk\/#organization"},"image":{"@id":"https:\/\/pmza.sk\/?p=45762#primaryimage"},"thumbnailUrl":"https:\/\/pmza.sk\/wp-content\/uploads\/2021\/09\/06_svadobne_saty_www.jpg","articleSection":["Aktuality"],"inLanguage":"sk-SK"},{"@type":"WebPage","@id":"https:\/\/pmza.sk\/?p=45762","url":"https:\/\/pmza.sk\/?p=45762","name":"Premeny svadobnej bielej v pohybe - Pova\u017esk\u00e9 m\u00fazeum","isPartOf":{"@id":"https:\/\/pmza.sk\/#website"},"primaryImageOfPage":{"@id":"https:\/\/pmza.sk\/?p=45762#primaryimage"},"image":{"@id":"https:\/\/pmza.sk\/?p=45762#primaryimage"},"thumbnailUrl":"https:\/\/pmza.sk\/wp-content\/uploads\/2021\/09\/06_svadobne_saty_www.jpg","datePublished":"2021-09-02T06:00:49+00:00","breadcrumb":{"@id":"https:\/\/pmza.sk\/?p=45762#breadcrumb"},"inLanguage":"sk-SK","potentialAction":[{"@type":"ReadAction","target":["https:\/\/pmza.sk\/?p=45762"]}]},{"@type":"ImageObject","inLanguage":"sk-SK","@id":"https:\/\/pmza.sk\/?p=45762#primaryimage","url":"https:\/\/pmza.sk\/wp-content\/uploads\/2021\/09\/06_svadobne_saty_www.jpg","contentUrl":"https:\/\/pmza.sk\/wp-content\/uploads\/2021\/09\/06_svadobne_saty_www.jpg","width":566,"height":800},{"@type":"BreadcrumbList","@id":"https:\/\/pmza.sk\/?p=45762#breadcrumb","itemListElement":[{"@type":"ListItem","position":1,"name":"Domovsk\u00e1 str\u00e1nka","item":"https:\/\/pmza.sk\/"},{"@type":"ListItem","position":2,"name":"Premeny svadobnej bielej v pohybe"}]},{"@type":"WebSite","@id":"https:\/\/pmza.sk\/#website","url":"https:\/\/pmza.sk\/","name":"Pova\u017esk\u00e9 m\u00fazeum","description":"Pova\u017esk\u00e9 m\u00fazeum v \u017diline je region\u00e1lne m\u00fazeum so s\u00eddlom v Budat\u00edne. Jeho expoz\u00edcie s\u00fa zameran\u00e9 na dejiny slovensk\u00e9ho umenia, kult\u00fary a dopravy.","publisher":{"@id":"https:\/\/pmza.sk\/#organization"},"potentialAction":[{"@type":"SearchAction","target":{"@type":"EntryPoint","urlTemplate":"https:\/\/pmza.sk\/?s={search_term_string}"},"query-input":{"@type":"PropertyValueSpecification","valueRequired":true,"valueName":"search_term_string"}}],"inLanguage":"sk-SK"},{"@type":"Organization","@id":"https:\/\/pmza.sk\/#organization","name":"Pova\u017esk\u00e9 m\u00fazeum","url":"https:\/\/pmza.sk\/","logo":{"@type":"ImageObject","inLanguage":"sk-SK","@id":"https:\/\/pmza.sk\/#\/schema\/logo\/image\/","url":"https:\/\/pmza.sk\/wp-content\/uploads\/2022\/01\/logo_PM_horizontal.jpg","contentUrl":"https:\/\/pmza.sk\/wp-content\/uploads\/2022\/01\/logo_PM_horizontal.jpg","width":231,"height":142,"caption":"Pova\u017esk\u00e9 m\u00fazeum"},"image":{"@id":"https:\/\/pmza.sk\/#\/schema\/logo\/image\/"},"sameAs":["https:\/\/www.facebook.com\/povazskemuzeum","https:\/\/www.instagram.com\/povazskemuzeum\/"]},{"@type":"Person","@id":"https:\/\/pmza.sk\/#\/schema\/person\/595e6a2ce731ea94dcd5d7f50a41ae33","name":"Pova\u017esk\u00e9 m\u00fazeum","image":{"@type":"ImageObject","inLanguage":"sk-SK","@id":"https:\/\/secure.gravatar.com\/avatar\/2bb7f1561282132fb5826dfeccc66c7996d11ee392ac6aaf7ced8a1c2027fbb2?s=96&d=mm&r=g","url":"https:\/\/secure.gravatar.com\/avatar\/2bb7f1561282132fb5826dfeccc66c7996d11ee392ac6aaf7ced8a1c2027fbb2?s=96&d=mm&r=g","contentUrl":"https:\/\/secure.gravatar.com\/avatar\/2bb7f1561282132fb5826dfeccc66c7996d11ee392ac6aaf7ced8a1c2027fbb2?s=96&d=mm&r=g","caption":"Pova\u017esk\u00e9 m\u00fazeum"}}]}},"_links":{"self":[{"href":"https:\/\/pmza.sk\/index.php?rest_route=\/wp\/v2\/posts\/45762","targetHints":{"allow":["GET"]}}],"collection":[{"href":"https:\/\/pmza.sk\/index.php?rest_route=\/wp\/v2\/posts"}],"about":[{"href":"https:\/\/pmza.sk\/index.php?rest_route=\/wp\/v2\/types\/post"}],"author":[{"embeddable":true,"href":"https:\/\/pmza.sk\/index.php?rest_route=\/wp\/v2\/users\/2"}],"replies":[{"embeddable":true,"href":"https:\/\/pmza.sk\/index.php?rest_route=%2Fwp%2Fv2%2Fcomments&post=45762"}],"version-history":[{"count":0,"href":"https:\/\/pmza.sk\/index.php?rest_route=\/wp\/v2\/posts\/45762\/revisions"}],"wp:featuredmedia":[{"embeddable":true,"href":"https:\/\/pmza.sk\/index.php?rest_route=\/wp\/v2\/media\/45763"}],"wp:attachment":[{"href":"https:\/\/pmza.sk\/index.php?rest_route=%2Fwp%2Fv2%2Fmedia&parent=45762"}],"wp:term":[{"taxonomy":"category","embeddable":true,"href":"https:\/\/pmza.sk\/index.php?rest_route=%2Fwp%2Fv2%2Fcategories&post=45762"},{"taxonomy":"post_tag","embeddable":true,"href":"https:\/\/pmza.sk\/index.php?rest_route=%2Fwp%2Fv2%2Ftags&post=45762"}],"curies":[{"name":"wp","href":"https:\/\/api.w.org\/{rel}","templated":true}]}}