{"id":45867,"date":"2021-09-09T09:40:38","date_gmt":"2021-09-09T07:40:38","guid":{"rendered":"https:\/\/pmza.sk\/?p=45867"},"modified":"2021-09-09T09:40:38","modified_gmt":"2021-09-09T07:40:38","slug":"restaurovanie-pohrebneho-koca-v-uzsej-nominacii-cien-pamiatky-a-muzea","status":"publish","type":"post","link":"https:\/\/pmza.sk\/?p=45867","title":{"rendered":"Re\u0161taurovanie pohrebn\u00e9ho ko\u010da v u\u017e\u0161ej nomin\u00e1cii cien Pamiatky a m\u00faze\u00e1"},"content":{"rendered":"<p>Redak\u010dn\u00e1 rada \u010dasopisu Pamiatky a m\u00faze\u00e1, revue pre kult\u00farne dedi\u010dstvo spolo\u010dne s vydavate\u013emi \u010dasopisu Slovensk\u00fdm n\u00e1rodn\u00fdm m\u00fazeom a Pamiatkov\u00fdm \u00faradom Slovenskej republiky pravidelne raz do roka ude\u013euje\u00a0prest\u00ed\u017ene ceny za najv\u00fdznamnej\u0161ie aktivity z oblasti n\u00e1\u0161ho kult\u00farneho dedi\u010dstva. Tento rok sa do s\u00fa\u0165a\u017ee prihl\u00e1silo a\u017e 127 projektov v\u00a0nasledovn\u00fdch kateg\u00f3ri\u00e1ch: objav \u2013 n\u00e1lez \u2013 akviz\u00edcia, expoz\u00edcia \u2013 v\u00fdstava, publik\u00e1cia, obnova \u2013 adapt\u00e1cia, re\u0161taurovanie, podujatie, audiov\u00edzia \u2013 multim\u00e9di\u00e1. Pova\u017esk\u00e9 m\u00fazeum poslalo \u0161es\u0165 prihl\u00e1\u0161ok. V\u00a0silnej konkurencii sa podarilo projektu re\u0161taurovanie pohrebn\u00e9ho secesn\u00e9ho ko\u010da, ktor\u00e9ho autorom bol historik dopravy Peter \u0160imko, dosta\u0165 do u\u017e\u0161ieho v\u00fdberu v\u00a0kateg\u00f3rii re\u0161taurovanie.<\/p>\n<p>Vz\u00e1cny secesn\u00fd pohrebn\u00fd ko\u010d, ktor\u00fd je najv\u00e4\u010d\u0161\u00edm zbierkov\u00fdm predmetom v\u00a0Pova\u017eskom m\u00fazeu, sa\u00a0od augusta 2020 nach\u00e1dza v\u00a0priestoroch M\u00fazea dopravy v\u00a0Rajeck\u00fdch Tepliciach. Ko\u010d sa p\u00f4vodne pou\u017e\u00edval v\u00a0obci Te\u0161ed\u00edkovo v\u00a0okrese \u0160a\u013ea a\u00a0m\u00fazeu ho v\u00a0roku 1985 odpredal vtedaj\u0161\u00ed administr\u00e1tor farnosti Imrich Unger. Ko\u010d bol funk\u010dn\u00fd, av\u0161ak v\u00a0opotrebovanom stave. Kv\u00f4li n\u00e1ro\u010dnosti pr\u00e1ce a\u00a0vysok\u00e9mu finan\u010dn\u00e9mu za\u0165a\u017eeniu re\u0161taurovanie za\u010dalo a\u017e v\u00a0roku 2019. T\u00fato zodpovedn\u00fa \u00falohu v\u00fdborne zvl\u00e1dol re\u0161taur\u00e1tor Jozef Barinka a\u00a0zauj\u00edmav\u00fd dopravn\u00fd prostriedok sa do m\u00fazea vr\u00e1til v\u00a0j\u00fali 2020. Re\u0161taurovanie sa financovalo najm\u00e4 z\u00a0verejn\u00fdch zdrojov z Fondu na podporu umenia aj z\u00a0vlastn\u00fdch zdrojov Pova\u017esk\u00e9ho m\u00fazea.<\/p>\n<p>Tento rok sa sl\u00e1vnostn\u00e9 odovzd\u00e1vanie v\u00fdro\u010dn\u00fdch cien Pamiatky a m\u00faze\u00e1 uskuto\u010dnilo v obnoven\u00fdch v priestoroch Zimnej jazdiarne v are\u00e1li Bratislavsk\u00e9ho hradu. Na \u00favod pr\u00edtomn\u00fdch pozdravil gener\u00e1lny riadite\u013e Pamiatkov\u00e9ho \u00faradu Slovenskej republiky Radoslav Raga\u010d. Podujat\u00edm sprev\u00e1dzal moder\u00e1tor \u0160tefan Chrappa a atmosf\u00e9ru spr\u00edjem\u0148ovala skupina Fats Jazz Band. Spolu bolo udelen\u00fdch sedem cien v \u0161iestich kateg\u00f3ri\u00e1ch, ke\u010f\u017ee v kateg\u00f3rii podujatie cena udelen\u00e1 nebola a v kateg\u00f3rii Objav \u2013 n\u00e1lez \u2013 akviz\u00edcia sa nominovan\u00ed te\u0161ili dvom cen\u00e1m. Podujatia sa z\u00fa\u010dastnili aj historik dopravy Peter \u0160imko, riadite\u013e Pova\u017esk\u00e9ho m\u00fazea Michal Jureck\u00fd a tie\u017e re\u0161taur\u00e1tor Jozef Barinka. <em>\u201eJe pre n\u00e1s ve\u013ek\u00e1 pocta, \u017ee sme sa dostali do tak\u00e9hoto \u00fazkeho v\u00fdberu. Nie som sklaman\u00fd, \u017ee sme nevyhrali, ale o\u010dak\u00e1vali sme, \u017ee budeme ma\u0165 mo\u017enos\u0165 predstavi\u0165 sa publiku. Cel\u00e9 podujatie v\u0161ak hodnot\u00edm kladne, lebo sme nadviazali nov\u00e9 kontakty a\u00a0ver\u00edm, \u017ee v\u00a0bud\u00facnosti sa op\u00e4\u0165 zapoj\u00edme do tejto s\u00fa\u0165a\u017ee,\u201c<\/em> zhodnotil Peter \u0160imko. \u00a0<\/p>\n<p>&nbsp;<\/p>\n<p><a href=\"https:\/\/pmza.sk\/aktuality\/restaurovanie-pohrebneho-koca-v-uzsej-nominacii-cien-pamiatky-a-muzea\/attachment\/pamiatky-1\/\" rel=\"attachment wp-att-45870\"><img fetchpriority=\"high\" decoding=\"async\" class=\"aligncenter size-medium wp-image-45870\" src=\"https:\/\/pmza.sk\/wp-content\/uploads\/2021\/09\/Pamiatky-1-240x360.jpg\" alt=\"\" width=\"240\" height=\"360\" srcset=\"https:\/\/pmza.sk\/wp-content\/uploads\/2021\/09\/Pamiatky-1-240x360.jpg 240w, https:\/\/pmza.sk\/wp-content\/uploads\/2021\/09\/Pamiatky-1-491x736.jpg 491w, https:\/\/pmza.sk\/wp-content\/uploads\/2021\/09\/Pamiatky-1-768x1152.jpg 768w, https:\/\/pmza.sk\/wp-content\/uploads\/2021\/09\/Pamiatky-1-600x900.jpg 600w, https:\/\/pmza.sk\/wp-content\/uploads\/2021\/09\/Pamiatky-1.jpg 1024w\" sizes=\"(max-width: 240px) 100vw, 240px\" \/><\/a><\/p>\n<p><a href=\"https:\/\/pmza.sk\/aktuality\/restaurovanie-pohrebneho-koca-v-uzsej-nominacii-cien-pamiatky-a-muzea\/attachment\/pamiatky-2\/\" rel=\"attachment wp-att-45871\"><img decoding=\"async\" class=\"aligncenter size-medium wp-image-45871\" src=\"https:\/\/pmza.sk\/wp-content\/uploads\/2021\/09\/Pamiatky-2-480x360.jpg\" alt=\"\" width=\"480\" height=\"360\" srcset=\"https:\/\/pmza.sk\/wp-content\/uploads\/2021\/09\/Pamiatky-2-480x360.jpg 480w, https:\/\/pmza.sk\/wp-content\/uploads\/2021\/09\/Pamiatky-2-981x736.jpg 981w, https:\/\/pmza.sk\/wp-content\/uploads\/2021\/09\/Pamiatky-2-768x576.jpg 768w, https:\/\/pmza.sk\/wp-content\/uploads\/2021\/09\/Pamiatky-2-600x450.jpg 600w, https:\/\/pmza.sk\/wp-content\/uploads\/2021\/09\/Pamiatky-2.jpg 1024w\" sizes=\"(max-width: 480px) 100vw, 480px\" \/><\/a><\/p>\n<p><a href=\"https:\/\/pmza.sk\/aktuality\/restaurovanie-pohrebneho-koca-v-uzsej-nominacii-cien-pamiatky-a-muzea\/attachment\/pamiatky-3\/\" rel=\"attachment wp-att-45872\"><img decoding=\"async\" class=\"aligncenter size-medium wp-image-45872\" src=\"https:\/\/pmza.sk\/wp-content\/uploads\/2021\/09\/Pamiatky-3-540x360.jpg\" alt=\"\" width=\"540\" height=\"360\" srcset=\"https:\/\/pmza.sk\/wp-content\/uploads\/2021\/09\/Pamiatky-3-540x360.jpg 540w, https:\/\/pmza.sk\/wp-content\/uploads\/2021\/09\/Pamiatky-3-768x512.jpg 768w, https:\/\/pmza.sk\/wp-content\/uploads\/2021\/09\/Pamiatky-3-600x400.jpg 600w, https:\/\/pmza.sk\/wp-content\/uploads\/2021\/09\/Pamiatky-3.jpg 1024w\" sizes=\"(max-width: 540px) 100vw, 540px\" \/><\/a><\/p>\n<p><a href=\"https:\/\/pmza.sk\/aktuality\/restaurovanie-pohrebneho-koca-v-uzsej-nominacii-cien-pamiatky-a-muzea\/attachment\/pamiatky-4\/\" rel=\"attachment wp-att-45873\"><img loading=\"lazy\" decoding=\"async\" class=\"aligncenter size-medium wp-image-45873\" src=\"https:\/\/pmza.sk\/wp-content\/uploads\/2021\/09\/Pamiatky-4-480x360.jpg\" alt=\"\" width=\"480\" height=\"360\" srcset=\"https:\/\/pmza.sk\/wp-content\/uploads\/2021\/09\/Pamiatky-4-480x360.jpg 480w, https:\/\/pmza.sk\/wp-content\/uploads\/2021\/09\/Pamiatky-4-981x736.jpg 981w, https:\/\/pmza.sk\/wp-content\/uploads\/2021\/09\/Pamiatky-4-768x576.jpg 768w, https:\/\/pmza.sk\/wp-content\/uploads\/2021\/09\/Pamiatky-4-600x450.jpg 600w, https:\/\/pmza.sk\/wp-content\/uploads\/2021\/09\/Pamiatky-4.jpg 1024w\" sizes=\"(max-width: 480px) 100vw, 480px\" \/><\/a><\/p>\n<p><a href=\"https:\/\/pmza.sk\/aktuality\/restaurovanie-pohrebneho-koca-v-uzsej-nominacii-cien-pamiatky-a-muzea\/attachment\/pamiatky-5\/\" rel=\"attachment wp-att-45874\"><img loading=\"lazy\" decoding=\"async\" class=\"aligncenter size-medium wp-image-45874\" src=\"https:\/\/pmza.sk\/wp-content\/uploads\/2021\/09\/Pamiatky-5-540x360.jpg\" alt=\"\" width=\"540\" height=\"360\" srcset=\"https:\/\/pmza.sk\/wp-content\/uploads\/2021\/09\/Pamiatky-5-540x360.jpg 540w, https:\/\/pmza.sk\/wp-content\/uploads\/2021\/09\/Pamiatky-5-768x512.jpg 768w, https:\/\/pmza.sk\/wp-content\/uploads\/2021\/09\/Pamiatky-5-600x400.jpg 600w, https:\/\/pmza.sk\/wp-content\/uploads\/2021\/09\/Pamiatky-5.jpg 1024w\" sizes=\"(max-width: 540px) 100vw, 540px\" \/><\/a><\/p>\n<p><a href=\"https:\/\/pmza.sk\/aktuality\/restaurovanie-pohrebneho-koca-v-uzsej-nominacii-cien-pamiatky-a-muzea\/attachment\/pamiatky-6\/\" rel=\"attachment wp-att-45875\"><img loading=\"lazy\" decoding=\"async\" class=\"aligncenter size-medium wp-image-45875\" src=\"https:\/\/pmza.sk\/wp-content\/uploads\/2021\/09\/Pamiatky-6-540x360.jpg\" alt=\"\" width=\"540\" height=\"360\" srcset=\"https:\/\/pmza.sk\/wp-content\/uploads\/2021\/09\/Pamiatky-6-540x360.jpg 540w, https:\/\/pmza.sk\/wp-content\/uploads\/2021\/09\/Pamiatky-6-768x512.jpg 768w, https:\/\/pmza.sk\/wp-content\/uploads\/2021\/09\/Pamiatky-6-600x400.jpg 600w, https:\/\/pmza.sk\/wp-content\/uploads\/2021\/09\/Pamiatky-6.jpg 1024w\" sizes=\"(max-width: 540px) 100vw, 540px\" \/><\/a><\/p>\n<p><a href=\"https:\/\/pmza.sk\/aktuality\/restaurovanie-pohrebneho-koca-v-uzsej-nominacii-cien-pamiatky-a-muzea\/attachment\/pamiatky-7\/\" rel=\"attachment wp-att-45876\"><img loading=\"lazy\" decoding=\"async\" class=\"aligncenter size-medium wp-image-45876\" src=\"https:\/\/pmza.sk\/wp-content\/uploads\/2021\/09\/Pamiatky-7-540x360.jpg\" alt=\"\" width=\"540\" height=\"360\" srcset=\"https:\/\/pmza.sk\/wp-content\/uploads\/2021\/09\/Pamiatky-7-540x360.jpg 540w, https:\/\/pmza.sk\/wp-content\/uploads\/2021\/09\/Pamiatky-7-768x512.jpg 768w, https:\/\/pmza.sk\/wp-content\/uploads\/2021\/09\/Pamiatky-7-600x400.jpg 600w, https:\/\/pmza.sk\/wp-content\/uploads\/2021\/09\/Pamiatky-7.jpg 1024w\" sizes=\"(max-width: 540px) 100vw, 540px\" \/><\/a><\/p>\n<p><a href=\"https:\/\/pmza.sk\/aktuality\/restaurovanie-pohrebneho-koca-v-uzsej-nominacii-cien-pamiatky-a-muzea\/attachment\/pamiatky-8\/\" rel=\"attachment wp-att-45877\"><img loading=\"lazy\" decoding=\"async\" class=\"aligncenter size-medium wp-image-45877\" src=\"https:\/\/pmza.sk\/wp-content\/uploads\/2021\/09\/Pamiatky-8-540x360.jpg\" alt=\"\" width=\"540\" height=\"360\" srcset=\"https:\/\/pmza.sk\/wp-content\/uploads\/2021\/09\/Pamiatky-8-540x360.jpg 540w, https:\/\/pmza.sk\/wp-content\/uploads\/2021\/09\/Pamiatky-8-768x512.jpg 768w, https:\/\/pmza.sk\/wp-content\/uploads\/2021\/09\/Pamiatky-8-600x400.jpg 600w, https:\/\/pmza.sk\/wp-content\/uploads\/2021\/09\/Pamiatky-8.jpg 1024w\" sizes=\"(max-width: 540px) 100vw, 540px\" \/><\/a><\/p>\n<p><a href=\"https:\/\/pmza.sk\/aktuality\/restaurovanie-pohrebneho-koca-v-uzsej-nominacii-cien-pamiatky-a-muzea\/attachment\/pamiatky-9\/\" rel=\"attachment wp-att-45878\"><img loading=\"lazy\" decoding=\"async\" class=\"aligncenter size-medium wp-image-45878\" src=\"https:\/\/pmza.sk\/wp-content\/uploads\/2021\/09\/Pamiatky-9-540x360.jpg\" alt=\"\" width=\"540\" height=\"360\" srcset=\"https:\/\/pmza.sk\/wp-content\/uploads\/2021\/09\/Pamiatky-9-540x360.jpg 540w, https:\/\/pmza.sk\/wp-content\/uploads\/2021\/09\/Pamiatky-9-768x512.jpg 768w, https:\/\/pmza.sk\/wp-content\/uploads\/2021\/09\/Pamiatky-9-600x400.jpg 600w, https:\/\/pmza.sk\/wp-content\/uploads\/2021\/09\/Pamiatky-9.jpg 1024w\" sizes=\"(max-width: 540px) 100vw, 540px\" \/><\/a><\/p>\n<p><a href=\"https:\/\/pmza.sk\/aktuality\/restaurovanie-pohrebneho-koca-v-uzsej-nominacii-cien-pamiatky-a-muzea\/attachment\/pamiatky-10-2\/\" rel=\"attachment wp-att-45879\"><img loading=\"lazy\" decoding=\"async\" class=\"aligncenter size-medium wp-image-45879\" src=\"https:\/\/pmza.sk\/wp-content\/uploads\/2021\/09\/Pamiatky-10-1-480x360.jpg\" alt=\"\" width=\"480\" height=\"360\" srcset=\"https:\/\/pmza.sk\/wp-content\/uploads\/2021\/09\/Pamiatky-10-1-480x360.jpg 480w, https:\/\/pmza.sk\/wp-content\/uploads\/2021\/09\/Pamiatky-10-1-981x736.jpg 981w, https:\/\/pmza.sk\/wp-content\/uploads\/2021\/09\/Pamiatky-10-1-768x576.jpg 768w, https:\/\/pmza.sk\/wp-content\/uploads\/2021\/09\/Pamiatky-10-1-600x450.jpg 600w, https:\/\/pmza.sk\/wp-content\/uploads\/2021\/09\/Pamiatky-10-1.jpg 1024w\" sizes=\"(max-width: 480px) 100vw, 480px\" \/><\/a><\/p>\n<p><a href=\"https:\/\/pmza.sk\/aktuality\/restaurovanie-pohrebneho-koca-v-uzsej-nominacii-cien-pamiatky-a-muzea\/attachment\/pamiatky-11-2\/\" rel=\"attachment wp-att-45880\"><img loading=\"lazy\" decoding=\"async\" class=\"aligncenter size-medium wp-image-45880\" src=\"https:\/\/pmza.sk\/wp-content\/uploads\/2021\/09\/Pamiatky-11-1-511x360.jpg\" alt=\"\" width=\"511\" height=\"360\" srcset=\"https:\/\/pmza.sk\/wp-content\/uploads\/2021\/09\/Pamiatky-11-1-511x360.jpg 511w, https:\/\/pmza.sk\/wp-content\/uploads\/2021\/09\/Pamiatky-11-1-768x541.jpg 768w, https:\/\/pmza.sk\/wp-content\/uploads\/2021\/09\/Pamiatky-11-1-600x423.jpg 600w, https:\/\/pmza.sk\/wp-content\/uploads\/2021\/09\/Pamiatky-11-1.jpg 932w\" sizes=\"(max-width: 511px) 100vw, 511px\" \/><\/a><\/p>\n<p><a href=\"https:\/\/pmza.sk\/aktuality\/restaurovanie-pohrebneho-koca-v-uzsej-nominacii-cien-pamiatky-a-muzea\/attachment\/pamiatky-12\/\" rel=\"attachment wp-att-45881\"><img loading=\"lazy\" decoding=\"async\" class=\"aligncenter size-medium wp-image-45881\" src=\"https:\/\/pmza.sk\/wp-content\/uploads\/2021\/09\/Pamiatky-12-540x360.jpg\" alt=\"\" width=\"540\" height=\"360\" srcset=\"https:\/\/pmza.sk\/wp-content\/uploads\/2021\/09\/Pamiatky-12-540x360.jpg 540w, https:\/\/pmza.sk\/wp-content\/uploads\/2021\/09\/Pamiatky-12-768x512.jpg 768w, https:\/\/pmza.sk\/wp-content\/uploads\/2021\/09\/Pamiatky-12-600x400.jpg 600w, https:\/\/pmza.sk\/wp-content\/uploads\/2021\/09\/Pamiatky-12.jpg 1024w\" sizes=\"(max-width: 540px) 100vw, 540px\" \/><\/a><\/p>\n<p><a href=\"https:\/\/pmza.sk\/aktuality\/restaurovanie-pohrebneho-koca-v-uzsej-nominacii-cien-pamiatky-a-muzea\/attachment\/pamiatky-13\/\" rel=\"attachment wp-att-45882\"><img loading=\"lazy\" decoding=\"async\" class=\"aligncenter size-medium wp-image-45882\" src=\"https:\/\/pmza.sk\/wp-content\/uploads\/2021\/09\/Pamiatky-13-540x360.jpg\" alt=\"\" width=\"540\" height=\"360\" srcset=\"https:\/\/pmza.sk\/wp-content\/uploads\/2021\/09\/Pamiatky-13-540x360.jpg 540w, https:\/\/pmza.sk\/wp-content\/uploads\/2021\/09\/Pamiatky-13-768x512.jpg 768w, https:\/\/pmza.sk\/wp-content\/uploads\/2021\/09\/Pamiatky-13-600x400.jpg 600w, https:\/\/pmza.sk\/wp-content\/uploads\/2021\/09\/Pamiatky-13.jpg 1024w\" sizes=\"(max-width: 540px) 100vw, 540px\" \/><\/a><\/p>\n","protected":false},"excerpt":{"rendered":"<p>Redak\u010dn\u00e1 rada \u010dasopisu Pamiatky a m\u00faze\u00e1, revue pre kult\u00farne dedi\u010dstvo spolo\u010dne s vydavate\u013emi \u010dasopisu Slovensk\u00fdm n\u00e1rodn\u00fdm m\u00fazeom a Pamiatkov\u00fdm \u00faradom Slovenskej republiky pravidelne raz do roka ude\u013euje\u00a0prest\u00ed\u017ene ceny za najv\u00fdznamnej\u0161ie aktivity z oblasti n\u00e1\u0161ho kult\u00farneho dedi\u010dstva. Tento rok sa do s\u00fa\u0165a\u017ee prihl\u00e1silo a\u017e 127 projektov v\u00a0nasledovn\u00fdch kateg\u00f3ri\u00e1ch: objav \u2013 n\u00e1lez \u2013 akviz\u00edcia, expoz\u00edcia \u2013 v\u00fdstava, [&hellip;]<\/p>\n","protected":false},"author":2,"featured_media":45869,"comment_status":"closed","ping_status":"closed","sticky":false,"template":"","format":"standard","meta":{"site-sidebar-layout":"default","site-content-layout":"","ast-site-content-layout":"","site-content-style":"default","site-sidebar-style":"default","ast-global-header-display":"","ast-banner-title-visibility":"","ast-main-header-display":"","ast-hfb-above-header-display":"","ast-hfb-below-header-display":"","ast-hfb-mobile-header-display":"","site-post-title":"","ast-breadcrumbs-content":"","ast-featured-img":"","footer-sml-layout":"","theme-transparent-header-meta":"","adv-header-id-meta":"","stick-header-meta":"","header-above-stick-meta":"","header-main-stick-meta":"","header-below-stick-meta":"","astra-migrate-meta-layouts":"default","ast-page-background-enabled":"default","ast-page-background-meta":{"desktop":{"background-color":"var(--ast-global-color-4)","background-image":"","background-repeat":"repeat","background-position":"center center","background-size":"auto","background-attachment":"scroll","background-type":"","background-media":"","overlay-type":"","overlay-color":"","overlay-opacity":"","overlay-gradient":""},"tablet":{"background-color":"","background-image":"","background-repeat":"repeat","background-position":"center center","background-size":"auto","background-attachment":"scroll","background-type":"","background-media":"","overlay-type":"","overlay-color":"","overlay-opacity":"","overlay-gradient":""},"mobile":{"background-color":"","background-image":"","background-repeat":"repeat","background-position":"center center","background-size":"auto","background-attachment":"scroll","background-type":"","background-media":"","overlay-type":"","overlay-color":"","overlay-opacity":"","overlay-gradient":""}},"ast-content-background-meta":{"desktop":{"background-color":"var(--ast-global-color-5)","background-image":"","background-repeat":"repeat","background-position":"center center","background-size":"auto","background-attachment":"scroll","background-type":"","background-media":"","overlay-type":"","overlay-color":"","overlay-opacity":"","overlay-gradient":""},"tablet":{"background-color":"var(--ast-global-color-5)","background-image":"","background-repeat":"repeat","background-position":"center center","background-size":"auto","background-attachment":"scroll","background-type":"","background-media":"","overlay-type":"","overlay-color":"","overlay-opacity":"","overlay-gradient":""},"mobile":{"background-color":"var(--ast-global-color-5)","background-image":"","background-repeat":"repeat","background-position":"center center","background-size":"auto","background-attachment":"scroll","background-type":"","background-media":"","overlay-type":"","overlay-color":"","overlay-opacity":"","overlay-gradient":""}},"footnotes":""},"categories":[31],"tags":[],"class_list":["post-45867","post","type-post","status-publish","format-standard","has-post-thumbnail","hentry","category-aktuality"],"yoast_head":"<!-- This site is optimized with the Yoast SEO plugin v27.4 - https:\/\/yoast.com\/product\/yoast-seo-wordpress\/ -->\n<title>Re\u0161taurovanie pohrebn\u00e9ho ko\u010da v u\u017e\u0161ej nomin\u00e1cii cien Pamiatky a m\u00faze\u00e1 - Pova\u017esk\u00e9 m\u00fazeum<\/title>\n<meta name=\"robots\" content=\"index, follow, max-snippet:-1, max-image-preview:large, max-video-preview:-1\" \/>\n<link rel=\"canonical\" href=\"https:\/\/pmza.sk\/?p=45867\" \/>\n<meta property=\"og:locale\" content=\"sk_SK\" \/>\n<meta property=\"og:type\" content=\"article\" \/>\n<meta property=\"og:title\" content=\"Re\u0161taurovanie pohrebn\u00e9ho ko\u010da v u\u017e\u0161ej nomin\u00e1cii cien Pamiatky a m\u00faze\u00e1 - Pova\u017esk\u00e9 m\u00fazeum\" \/>\n<meta property=\"og:description\" content=\"Redak\u010dn\u00e1 rada \u010dasopisu Pamiatky a m\u00faze\u00e1, revue pre kult\u00farne dedi\u010dstvo spolo\u010dne s vydavate\u013emi \u010dasopisu Slovensk\u00fdm n\u00e1rodn\u00fdm m\u00fazeom a Pamiatkov\u00fdm \u00faradom Slovenskej republiky pravidelne raz do roka ude\u013euje\u00a0prest\u00ed\u017ene ceny za najv\u00fdznamnej\u0161ie aktivity z oblasti n\u00e1\u0161ho kult\u00farneho dedi\u010dstva. Tento rok sa do s\u00fa\u0165a\u017ee prihl\u00e1silo a\u017e 127 projektov v\u00a0nasledovn\u00fdch kateg\u00f3ri\u00e1ch: objav \u2013 n\u00e1lez \u2013 akviz\u00edcia, expoz\u00edcia \u2013 v\u00fdstava, [&hellip;]\" \/>\n<meta property=\"og:url\" content=\"https:\/\/pmza.sk\/?p=45867\" \/>\n<meta property=\"og:site_name\" content=\"Pova\u017esk\u00e9 m\u00fazeum\" \/>\n<meta property=\"article:publisher\" content=\"https:\/\/www.facebook.com\/povazskemuzeum\" \/>\n<meta property=\"article:published_time\" content=\"2021-09-09T07:40:38+00:00\" \/>\n<meta property=\"og:image\" content=\"https:\/\/pmza.sk\/wp-content\/uploads\/2021\/09\/Pamiatky-10.jpg\" \/>\n\t<meta property=\"og:image:width\" content=\"1024\" \/>\n\t<meta property=\"og:image:height\" content=\"768\" \/>\n\t<meta property=\"og:image:type\" content=\"image\/jpeg\" \/>\n<meta name=\"author\" content=\"Pova\u017esk\u00e9 m\u00fazeum\" \/>\n<meta name=\"twitter:card\" content=\"summary_large_image\" \/>\n<meta name=\"twitter:label1\" content=\"Autor\" \/>\n\t<meta name=\"twitter:data1\" content=\"Pova\u017esk\u00e9 m\u00fazeum\" \/>\n\t<meta name=\"twitter:label2\" content=\"Predpokladan\u00fd \u010das \u010d\u00edtania\" \/>\n\t<meta name=\"twitter:data2\" content=\"2 min\u00faty\" \/>\n<script type=\"application\/ld+json\" class=\"yoast-schema-graph\">{\"@context\":\"https:\\\/\\\/schema.org\",\"@graph\":[{\"@type\":\"Article\",\"@id\":\"https:\\\/\\\/pmza.sk\\\/?p=45867#article\",\"isPartOf\":{\"@id\":\"https:\\\/\\\/pmza.sk\\\/?p=45867\"},\"author\":{\"name\":\"Pova\u017esk\u00e9 m\u00fazeum\",\"@id\":\"https:\\\/\\\/pmza.sk\\\/#\\\/schema\\\/person\\\/595e6a2ce731ea94dcd5d7f50a41ae33\"},\"headline\":\"Re\u0161taurovanie pohrebn\u00e9ho ko\u010da v u\u017e\u0161ej nomin\u00e1cii cien Pamiatky a m\u00faze\u00e1\",\"datePublished\":\"2021-09-09T07:40:38+00:00\",\"mainEntityOfPage\":{\"@id\":\"https:\\\/\\\/pmza.sk\\\/?p=45867\"},\"wordCount\":485,\"publisher\":{\"@id\":\"https:\\\/\\\/pmza.sk\\\/#organization\"},\"image\":{\"@id\":\"https:\\\/\\\/pmza.sk\\\/?p=45867#primaryimage\"},\"thumbnailUrl\":\"https:\\\/\\\/pmza.sk\\\/wp-content\\\/uploads\\\/2021\\\/09\\\/Pamiatky-10.jpg\",\"articleSection\":[\"Aktuality\"],\"inLanguage\":\"sk-SK\"},{\"@type\":\"WebPage\",\"@id\":\"https:\\\/\\\/pmza.sk\\\/?p=45867\",\"url\":\"https:\\\/\\\/pmza.sk\\\/?p=45867\",\"name\":\"Re\u0161taurovanie pohrebn\u00e9ho ko\u010da v u\u017e\u0161ej nomin\u00e1cii cien Pamiatky a m\u00faze\u00e1 - Pova\u017esk\u00e9 m\u00fazeum\",\"isPartOf\":{\"@id\":\"https:\\\/\\\/pmza.sk\\\/#website\"},\"primaryImageOfPage\":{\"@id\":\"https:\\\/\\\/pmza.sk\\\/?p=45867#primaryimage\"},\"image\":{\"@id\":\"https:\\\/\\\/pmza.sk\\\/?p=45867#primaryimage\"},\"thumbnailUrl\":\"https:\\\/\\\/pmza.sk\\\/wp-content\\\/uploads\\\/2021\\\/09\\\/Pamiatky-10.jpg\",\"datePublished\":\"2021-09-09T07:40:38+00:00\",\"breadcrumb\":{\"@id\":\"https:\\\/\\\/pmza.sk\\\/?p=45867#breadcrumb\"},\"inLanguage\":\"sk-SK\",\"potentialAction\":[{\"@type\":\"ReadAction\",\"target\":[\"https:\\\/\\\/pmza.sk\\\/?p=45867\"]}]},{\"@type\":\"ImageObject\",\"inLanguage\":\"sk-SK\",\"@id\":\"https:\\\/\\\/pmza.sk\\\/?p=45867#primaryimage\",\"url\":\"https:\\\/\\\/pmza.sk\\\/wp-content\\\/uploads\\\/2021\\\/09\\\/Pamiatky-10.jpg\",\"contentUrl\":\"https:\\\/\\\/pmza.sk\\\/wp-content\\\/uploads\\\/2021\\\/09\\\/Pamiatky-10.jpg\",\"width\":1024,\"height\":768},{\"@type\":\"BreadcrumbList\",\"@id\":\"https:\\\/\\\/pmza.sk\\\/?p=45867#breadcrumb\",\"itemListElement\":[{\"@type\":\"ListItem\",\"position\":1,\"name\":\"Domovsk\u00e1 str\u00e1nka\",\"item\":\"https:\\\/\\\/pmza.sk\\\/\"},{\"@type\":\"ListItem\",\"position\":2,\"name\":\"Re\u0161taurovanie pohrebn\u00e9ho ko\u010da v u\u017e\u0161ej nomin\u00e1cii cien Pamiatky a m\u00faze\u00e1\"}]},{\"@type\":\"WebSite\",\"@id\":\"https:\\\/\\\/pmza.sk\\\/#website\",\"url\":\"https:\\\/\\\/pmza.sk\\\/\",\"name\":\"Pova\u017esk\u00e9 m\u00fazeum\",\"description\":\"Pova\u017esk\u00e9 m\u00fazeum v \u017diline je region\u00e1lne m\u00fazeum so s\u00eddlom v Budat\u00edne. Jeho expoz\u00edcie s\u00fa zameran\u00e9 na dejiny slovensk\u00e9ho umenia, kult\u00fary a dopravy.\",\"publisher\":{\"@id\":\"https:\\\/\\\/pmza.sk\\\/#organization\"},\"potentialAction\":[{\"@type\":\"SearchAction\",\"target\":{\"@type\":\"EntryPoint\",\"urlTemplate\":\"https:\\\/\\\/pmza.sk\\\/?s={search_term_string}\"},\"query-input\":{\"@type\":\"PropertyValueSpecification\",\"valueRequired\":true,\"valueName\":\"search_term_string\"}}],\"inLanguage\":\"sk-SK\"},{\"@type\":\"Organization\",\"@id\":\"https:\\\/\\\/pmza.sk\\\/#organization\",\"name\":\"Pova\u017esk\u00e9 m\u00fazeum\",\"url\":\"https:\\\/\\\/pmza.sk\\\/\",\"logo\":{\"@type\":\"ImageObject\",\"inLanguage\":\"sk-SK\",\"@id\":\"https:\\\/\\\/pmza.sk\\\/#\\\/schema\\\/logo\\\/image\\\/\",\"url\":\"https:\\\/\\\/pmza.sk\\\/wp-content\\\/uploads\\\/2022\\\/01\\\/logo_PM_horizontal.jpg\",\"contentUrl\":\"https:\\\/\\\/pmza.sk\\\/wp-content\\\/uploads\\\/2022\\\/01\\\/logo_PM_horizontal.jpg\",\"width\":231,\"height\":142,\"caption\":\"Pova\u017esk\u00e9 m\u00fazeum\"},\"image\":{\"@id\":\"https:\\\/\\\/pmza.sk\\\/#\\\/schema\\\/logo\\\/image\\\/\"},\"sameAs\":[\"https:\\\/\\\/www.facebook.com\\\/povazskemuzeum\",\"https:\\\/\\\/www.instagram.com\\\/povazskemuzeum\\\/\"]},{\"@type\":\"Person\",\"@id\":\"https:\\\/\\\/pmza.sk\\\/#\\\/schema\\\/person\\\/595e6a2ce731ea94dcd5d7f50a41ae33\",\"name\":\"Pova\u017esk\u00e9 m\u00fazeum\",\"image\":{\"@type\":\"ImageObject\",\"inLanguage\":\"sk-SK\",\"@id\":\"https:\\\/\\\/secure.gravatar.com\\\/avatar\\\/2bb7f1561282132fb5826dfeccc66c7996d11ee392ac6aaf7ced8a1c2027fbb2?s=96&d=mm&r=g\",\"url\":\"https:\\\/\\\/secure.gravatar.com\\\/avatar\\\/2bb7f1561282132fb5826dfeccc66c7996d11ee392ac6aaf7ced8a1c2027fbb2?s=96&d=mm&r=g\",\"contentUrl\":\"https:\\\/\\\/secure.gravatar.com\\\/avatar\\\/2bb7f1561282132fb5826dfeccc66c7996d11ee392ac6aaf7ced8a1c2027fbb2?s=96&d=mm&r=g\",\"caption\":\"Pova\u017esk\u00e9 m\u00fazeum\"}}]}<\/script>\n<!-- \/ Yoast SEO plugin. -->","yoast_head_json":{"title":"Re\u0161taurovanie pohrebn\u00e9ho ko\u010da v u\u017e\u0161ej nomin\u00e1cii cien Pamiatky a m\u00faze\u00e1 - Pova\u017esk\u00e9 m\u00fazeum","robots":{"index":"index","follow":"follow","max-snippet":"max-snippet:-1","max-image-preview":"max-image-preview:large","max-video-preview":"max-video-preview:-1"},"canonical":"https:\/\/pmza.sk\/?p=45867","og_locale":"sk_SK","og_type":"article","og_title":"Re\u0161taurovanie pohrebn\u00e9ho ko\u010da v u\u017e\u0161ej nomin\u00e1cii cien Pamiatky a m\u00faze\u00e1 - Pova\u017esk\u00e9 m\u00fazeum","og_description":"Redak\u010dn\u00e1 rada \u010dasopisu Pamiatky a m\u00faze\u00e1, revue pre kult\u00farne dedi\u010dstvo spolo\u010dne s vydavate\u013emi \u010dasopisu Slovensk\u00fdm n\u00e1rodn\u00fdm m\u00fazeom a Pamiatkov\u00fdm \u00faradom Slovenskej republiky pravidelne raz do roka ude\u013euje\u00a0prest\u00ed\u017ene ceny za najv\u00fdznamnej\u0161ie aktivity z oblasti n\u00e1\u0161ho kult\u00farneho dedi\u010dstva. Tento rok sa do s\u00fa\u0165a\u017ee prihl\u00e1silo a\u017e 127 projektov v\u00a0nasledovn\u00fdch kateg\u00f3ri\u00e1ch: objav \u2013 n\u00e1lez \u2013 akviz\u00edcia, expoz\u00edcia \u2013 v\u00fdstava, [&hellip;]","og_url":"https:\/\/pmza.sk\/?p=45867","og_site_name":"Pova\u017esk\u00e9 m\u00fazeum","article_publisher":"https:\/\/www.facebook.com\/povazskemuzeum","article_published_time":"2021-09-09T07:40:38+00:00","og_image":[{"width":1024,"height":768,"url":"https:\/\/pmza.sk\/wp-content\/uploads\/2021\/09\/Pamiatky-10.jpg","type":"image\/jpeg"}],"author":"Pova\u017esk\u00e9 m\u00fazeum","twitter_card":"summary_large_image","twitter_misc":{"Autor":"Pova\u017esk\u00e9 m\u00fazeum","Predpokladan\u00fd \u010das \u010d\u00edtania":"2 min\u00faty"},"schema":{"@context":"https:\/\/schema.org","@graph":[{"@type":"Article","@id":"https:\/\/pmza.sk\/?p=45867#article","isPartOf":{"@id":"https:\/\/pmza.sk\/?p=45867"},"author":{"name":"Pova\u017esk\u00e9 m\u00fazeum","@id":"https:\/\/pmza.sk\/#\/schema\/person\/595e6a2ce731ea94dcd5d7f50a41ae33"},"headline":"Re\u0161taurovanie pohrebn\u00e9ho ko\u010da v u\u017e\u0161ej nomin\u00e1cii cien Pamiatky a m\u00faze\u00e1","datePublished":"2021-09-09T07:40:38+00:00","mainEntityOfPage":{"@id":"https:\/\/pmza.sk\/?p=45867"},"wordCount":485,"publisher":{"@id":"https:\/\/pmza.sk\/#organization"},"image":{"@id":"https:\/\/pmza.sk\/?p=45867#primaryimage"},"thumbnailUrl":"https:\/\/pmza.sk\/wp-content\/uploads\/2021\/09\/Pamiatky-10.jpg","articleSection":["Aktuality"],"inLanguage":"sk-SK"},{"@type":"WebPage","@id":"https:\/\/pmza.sk\/?p=45867","url":"https:\/\/pmza.sk\/?p=45867","name":"Re\u0161taurovanie pohrebn\u00e9ho ko\u010da v u\u017e\u0161ej nomin\u00e1cii cien Pamiatky a m\u00faze\u00e1 - Pova\u017esk\u00e9 m\u00fazeum","isPartOf":{"@id":"https:\/\/pmza.sk\/#website"},"primaryImageOfPage":{"@id":"https:\/\/pmza.sk\/?p=45867#primaryimage"},"image":{"@id":"https:\/\/pmza.sk\/?p=45867#primaryimage"},"thumbnailUrl":"https:\/\/pmza.sk\/wp-content\/uploads\/2021\/09\/Pamiatky-10.jpg","datePublished":"2021-09-09T07:40:38+00:00","breadcrumb":{"@id":"https:\/\/pmza.sk\/?p=45867#breadcrumb"},"inLanguage":"sk-SK","potentialAction":[{"@type":"ReadAction","target":["https:\/\/pmza.sk\/?p=45867"]}]},{"@type":"ImageObject","inLanguage":"sk-SK","@id":"https:\/\/pmza.sk\/?p=45867#primaryimage","url":"https:\/\/pmza.sk\/wp-content\/uploads\/2021\/09\/Pamiatky-10.jpg","contentUrl":"https:\/\/pmza.sk\/wp-content\/uploads\/2021\/09\/Pamiatky-10.jpg","width":1024,"height":768},{"@type":"BreadcrumbList","@id":"https:\/\/pmza.sk\/?p=45867#breadcrumb","itemListElement":[{"@type":"ListItem","position":1,"name":"Domovsk\u00e1 str\u00e1nka","item":"https:\/\/pmza.sk\/"},{"@type":"ListItem","position":2,"name":"Re\u0161taurovanie pohrebn\u00e9ho ko\u010da v u\u017e\u0161ej nomin\u00e1cii cien Pamiatky a m\u00faze\u00e1"}]},{"@type":"WebSite","@id":"https:\/\/pmza.sk\/#website","url":"https:\/\/pmza.sk\/","name":"Pova\u017esk\u00e9 m\u00fazeum","description":"Pova\u017esk\u00e9 m\u00fazeum v \u017diline je region\u00e1lne m\u00fazeum so s\u00eddlom v Budat\u00edne. Jeho expoz\u00edcie s\u00fa zameran\u00e9 na dejiny slovensk\u00e9ho umenia, kult\u00fary a dopravy.","publisher":{"@id":"https:\/\/pmza.sk\/#organization"},"potentialAction":[{"@type":"SearchAction","target":{"@type":"EntryPoint","urlTemplate":"https:\/\/pmza.sk\/?s={search_term_string}"},"query-input":{"@type":"PropertyValueSpecification","valueRequired":true,"valueName":"search_term_string"}}],"inLanguage":"sk-SK"},{"@type":"Organization","@id":"https:\/\/pmza.sk\/#organization","name":"Pova\u017esk\u00e9 m\u00fazeum","url":"https:\/\/pmza.sk\/","logo":{"@type":"ImageObject","inLanguage":"sk-SK","@id":"https:\/\/pmza.sk\/#\/schema\/logo\/image\/","url":"https:\/\/pmza.sk\/wp-content\/uploads\/2022\/01\/logo_PM_horizontal.jpg","contentUrl":"https:\/\/pmza.sk\/wp-content\/uploads\/2022\/01\/logo_PM_horizontal.jpg","width":231,"height":142,"caption":"Pova\u017esk\u00e9 m\u00fazeum"},"image":{"@id":"https:\/\/pmza.sk\/#\/schema\/logo\/image\/"},"sameAs":["https:\/\/www.facebook.com\/povazskemuzeum","https:\/\/www.instagram.com\/povazskemuzeum\/"]},{"@type":"Person","@id":"https:\/\/pmza.sk\/#\/schema\/person\/595e6a2ce731ea94dcd5d7f50a41ae33","name":"Pova\u017esk\u00e9 m\u00fazeum","image":{"@type":"ImageObject","inLanguage":"sk-SK","@id":"https:\/\/secure.gravatar.com\/avatar\/2bb7f1561282132fb5826dfeccc66c7996d11ee392ac6aaf7ced8a1c2027fbb2?s=96&d=mm&r=g","url":"https:\/\/secure.gravatar.com\/avatar\/2bb7f1561282132fb5826dfeccc66c7996d11ee392ac6aaf7ced8a1c2027fbb2?s=96&d=mm&r=g","contentUrl":"https:\/\/secure.gravatar.com\/avatar\/2bb7f1561282132fb5826dfeccc66c7996d11ee392ac6aaf7ced8a1c2027fbb2?s=96&d=mm&r=g","caption":"Pova\u017esk\u00e9 m\u00fazeum"}}]}},"_links":{"self":[{"href":"https:\/\/pmza.sk\/index.php?rest_route=\/wp\/v2\/posts\/45867","targetHints":{"allow":["GET"]}}],"collection":[{"href":"https:\/\/pmza.sk\/index.php?rest_route=\/wp\/v2\/posts"}],"about":[{"href":"https:\/\/pmza.sk\/index.php?rest_route=\/wp\/v2\/types\/post"}],"author":[{"embeddable":true,"href":"https:\/\/pmza.sk\/index.php?rest_route=\/wp\/v2\/users\/2"}],"replies":[{"embeddable":true,"href":"https:\/\/pmza.sk\/index.php?rest_route=%2Fwp%2Fv2%2Fcomments&post=45867"}],"version-history":[{"count":0,"href":"https:\/\/pmza.sk\/index.php?rest_route=\/wp\/v2\/posts\/45867\/revisions"}],"wp:featuredmedia":[{"embeddable":true,"href":"https:\/\/pmza.sk\/index.php?rest_route=\/wp\/v2\/media\/45869"}],"wp:attachment":[{"href":"https:\/\/pmza.sk\/index.php?rest_route=%2Fwp%2Fv2%2Fmedia&parent=45867"}],"wp:term":[{"taxonomy":"category","embeddable":true,"href":"https:\/\/pmza.sk\/index.php?rest_route=%2Fwp%2Fv2%2Fcategories&post=45867"},{"taxonomy":"post_tag","embeddable":true,"href":"https:\/\/pmza.sk\/index.php?rest_route=%2Fwp%2Fv2%2Ftags&post=45867"}],"curies":[{"name":"wp","href":"https:\/\/api.w.org\/{rel}","templated":true}]}}