{"id":4592,"date":"2011-12-07T13:32:34","date_gmt":"2011-12-07T12:32:34","guid":{"rendered":"https:\/\/pmza.sk.sk\/?p=4592"},"modified":"2011-12-07T13:32:34","modified_gmt":"2011-12-07T12:32:34","slug":"betlehemske-svetlo-na-hrade-strecno","status":"publish","type":"post","link":"https:\/\/pmza.sk\/?p=4592","title":{"rendered":"Betlehemsk\u00e9 svetlo na hrade Stre\u010dno"},"content":{"rendered":"<p><strong> <\/strong><\/p>\n<p><a href=\"https:\/\/pmza.sk\/wp-content\/uploads\/2011\/12\/vianocny-vystup-na-hrad-Strecno-2010.jpg\"><img fetchpriority=\"high\" decoding=\"async\" class=\"alignleft size-medium wp-image-4595\" style=\"margin: 4px; border: 2px solid black;\" title=\"vianocny vystup na hrad Strecno 2010\" src=\"https:\/\/pmza.sk.sk\/wp-content\/uploads\/2011\/12\/vianocny-vystup-na-hrad-Strecno-2010-300x200.jpg\" alt=\"\" width=\"300\" height=\"200\" \/><\/a><span style=\"color: #ff0000;\"> <\/span><span style=\"color: #ff0000;\"> <\/span><\/p>\n<p><span style=\"color: #ff0000;\"> <\/span>Jedine\u010dnou pr\u00edle\u017eitos\u0165ou str\u00e1vi\u0165 pr\u00edjemn\u00e9 chv\u00edle na hrade\u00a0 Stre\u010dno aj v\u00a0decembri je podujatie Viano\u010dn\u00fd v\u00fdstup na hrad Stre\u010dno, ktor\u00e9 v\u00a0<strong>nede\u013eu 18. decembra 2011 <\/strong>vst\u00fapi do svojho tretieho ro\u010dn\u00edka. \u201e<em>Viano\u010dn\u00fd v\u00fdstup na hrad Stre\u010dno je najm\u00e4 o\u00a0n\u00e1vratoch k\u00a0tradi\u010dn\u00e9mu viano\u010dn\u00e9mu zvykosloviu prostredn\u00edctvom spevu, hudby a\u00a0viano\u010dn\u00fdch dobr\u00f4t. <\/em><em>Minul\u00fd rok mohli n\u00e1v\u0161tevn\u00edci podujatia spozna\u0165 a\u00a0ochutna\u0165 po\u013esk\u00e9 viano\u010dn\u00e9 oby\u010daje. Tento ro\u010dn\u00edk sa\u00a0 bude nies\u0165 v\u00a0znamen\u00ed moravsk\u00fdch Vianoc<\/em>,\u201c uviedla Katar\u00edna Rep\u00e1\u0148ov\u00e1, spr\u00e1vky\u0148a hradu Stre\u010dno.<!--more--><\/p>\n<p>Na hudobne bohatom programe vyst\u00fapia gajdo\u0161i z\u00a0Cimbalovej muziky z\u00a0Ro\u017enova pod\u00a0 Radho\u0161t\u011bm s\u00a0p\u00e1smom viano\u010dn\u00fdch kolied, hudobn\u00e1 skupina Cantica Juventica zo Stre\u010dna a\u00a0ich stredovek\u00fd reperto\u00e1r, Ohniv\u00e9 helig\u00f3nky zo Starej Bystrice, spev\u00e1cka skupina Zvonica a\u00a0Detsk\u00fd folkl\u00f3rny s\u00fabor H\u00e1jov\u010dek zo Stre\u010dna tie\u017e s\u00a0viano\u010dn\u00fdm zvykoslov\u00edm a\u00a0koledami. Dom\u00e1ce viano\u010dn\u00e9 pe\u010divo, vo\u0148av\u00fd pun\u010d a\u00a0hor\u00faci \u010daj u\u017e neodmyslite\u013ene patria k\u00a0tomuto podujatiu.<\/p>\n<p>Od 10.00 hod., kedy bude hrad Stre\u010dno po\u010das nedele 18. decembra 2011 spr\u00edstupnen\u00fd verejnosti, sa bud\u00fa m\u00f4c\u0165 n\u00e1v\u0161tevn\u00edci zapoji\u0165 do akcie Re\u0165az svetla &#8211; spoj\u00edme cel\u00e9 Slovensko. \u201e<em>V tento de\u0148 od skor\u00e9ho r\u00e1na vlaky so skautsk\u00fdmi pos\u00e1dkami bud\u00fa \u0161\u00edri\u0165 Betlehemsk\u00e9 svetlo po Slovensku. V priebehu d\u0148a ho doru\u010dia \u017eilinsk\u00e9 skautky aj na hrad Stre\u010dno a\u00a0tak sa symbolicky m\u00f4\u017eeme zapoji\u0165 za\u017e\u00ednan\u00edm svetielok do celoslovenskej Re\u0165aze svetla<\/em>,\u201c dodal Michael Daskalakis, konzerv\u00e1tor keramiky a\u00a0organiz\u00e1tor podujatia.<\/p>\n<p>Organiz\u00e1torom 3. ro\u010dn\u00edka Viano\u010dn\u00e9ho v\u00fdstupu na hrad Stre\u010dno v\u00a0nede\u013eu 18. decembra 2011 od 10,00 hod. do 15,00 hod. je \u017dilinsk\u00fd samospr\u00e1vny kraj, Pova\u017esk\u00e9 m\u00fazeum v\u00a0\u017diline a\u00a0Ob\u010dianske zdru\u017eenie Fond Jan\u00e1\u010dkovy Hukvaldy. Podujatie sa uskuto\u010dn\u00ed v\u00a0r\u00e1mci projektu cezhrani\u010dnej spolupr\u00e1ce \u010cR-SR 2007\/2013.<\/p>\n","protected":false},"excerpt":{"rendered":"<p>Jedine\u010dnou pr\u00edle\u017eitos\u0165ou str\u00e1vi\u0165 pr\u00edjemn\u00e9 chv\u00edle na hrade\u00a0 Stre\u010dno aj v\u00a0decembri je podujatie Viano\u010dn\u00fd v\u00fdstup na hrad Stre\u010dno, ktor\u00e9 v\u00a0nede\u013eu 18. decembra 2011 vst\u00fapi do svojho tretieho ro\u010dn\u00edka. \u201eViano\u010dn\u00fd v\u00fdstup na hrad Stre\u010dno je najm\u00e4 o\u00a0n\u00e1vratoch k\u00a0tradi\u010dn\u00e9mu viano\u010dn\u00e9mu zvykosloviu prostredn\u00edctvom spevu, hudby a\u00a0viano\u010dn\u00fdch dobr\u00f4t. Minul\u00fd rok mohli n\u00e1v\u0161tevn\u00edci podujatia spozna\u0165 a\u00a0ochutna\u0165 po\u013esk\u00e9 viano\u010dn\u00e9 oby\u010daje. Tento ro\u010dn\u00edk [&hellip;]<\/p>\n","protected":false},"author":1,"featured_media":0,"comment_status":"closed","ping_status":"closed","sticky":false,"template":"","format":"standard","meta":{"site-sidebar-layout":"default","site-content-layout":"","ast-site-content-layout":"","site-content-style":"default","site-sidebar-style":"default","ast-global-header-display":"","ast-banner-title-visibility":"","ast-main-header-display":"","ast-hfb-above-header-display":"","ast-hfb-below-header-display":"","ast-hfb-mobile-header-display":"","site-post-title":"","ast-breadcrumbs-content":"","ast-featured-img":"","footer-sml-layout":"","theme-transparent-header-meta":"","adv-header-id-meta":"","stick-header-meta":"","header-above-stick-meta":"","header-main-stick-meta":"","header-below-stick-meta":"","astra-migrate-meta-layouts":"default","ast-page-background-enabled":"default","ast-page-background-meta":{"desktop":{"background-color":"var(--ast-global-color-4)","background-image":"","background-repeat":"repeat","background-position":"center center","background-size":"auto","background-attachment":"scroll","background-type":"","background-media":"","overlay-type":"","overlay-color":"","overlay-opacity":"","overlay-gradient":""},"tablet":{"background-color":"","background-image":"","background-repeat":"repeat","background-position":"center center","background-size":"auto","background-attachment":"scroll","background-type":"","background-media":"","overlay-type":"","overlay-color":"","overlay-opacity":"","overlay-gradient":""},"mobile":{"background-color":"","background-image":"","background-repeat":"repeat","background-position":"center center","background-size":"auto","background-attachment":"scroll","background-type":"","background-media":"","overlay-type":"","overlay-color":"","overlay-opacity":"","overlay-gradient":""}},"ast-content-background-meta":{"desktop":{"background-color":"var(--ast-global-color-5)","background-image":"","background-repeat":"repeat","background-position":"center center","background-size":"auto","background-attachment":"scroll","background-type":"","background-media":"","overlay-type":"","overlay-color":"","overlay-opacity":"","overlay-gradient":""},"tablet":{"background-color":"var(--ast-global-color-5)","background-image":"","background-repeat":"repeat","background-position":"center center","background-size":"auto","background-attachment":"scroll","background-type":"","background-media":"","overlay-type":"","overlay-color":"","overlay-opacity":"","overlay-gradient":""},"mobile":{"background-color":"var(--ast-global-color-5)","background-image":"","background-repeat":"repeat","background-position":"center center","background-size":"auto","background-attachment":"scroll","background-type":"","background-media":"","overlay-type":"","overlay-color":"","overlay-opacity":"","overlay-gradient":""}},"footnotes":""},"categories":[30],"tags":[],"class_list":["post-4592","post","type-post","status-publish","format-standard","hentry","category-archiv-2011"],"yoast_head":"<!-- This site is optimized with the Yoast SEO plugin v27.4 - https:\/\/yoast.com\/product\/yoast-seo-wordpress\/ -->\n<title>Betlehemsk\u00e9 svetlo na hrade Stre\u010dno - Pova\u017esk\u00e9 m\u00fazeum<\/title>\n<meta name=\"robots\" content=\"index, follow, max-snippet:-1, max-image-preview:large, max-video-preview:-1\" \/>\n<link rel=\"canonical\" href=\"https:\/\/pmza.sk\/?p=4592\" \/>\n<meta property=\"og:locale\" content=\"sk_SK\" \/>\n<meta property=\"og:type\" content=\"article\" \/>\n<meta property=\"og:title\" content=\"Betlehemsk\u00e9 svetlo na hrade Stre\u010dno - Pova\u017esk\u00e9 m\u00fazeum\" \/>\n<meta property=\"og:description\" content=\"Jedine\u010dnou pr\u00edle\u017eitos\u0165ou str\u00e1vi\u0165 pr\u00edjemn\u00e9 chv\u00edle na hrade\u00a0 Stre\u010dno aj v\u00a0decembri je podujatie Viano\u010dn\u00fd v\u00fdstup na hrad Stre\u010dno, ktor\u00e9 v\u00a0nede\u013eu 18. decembra 2011 vst\u00fapi do svojho tretieho ro\u010dn\u00edka. \u201eViano\u010dn\u00fd v\u00fdstup na hrad Stre\u010dno je najm\u00e4 o\u00a0n\u00e1vratoch k\u00a0tradi\u010dn\u00e9mu viano\u010dn\u00e9mu zvykosloviu prostredn\u00edctvom spevu, hudby a\u00a0viano\u010dn\u00fdch dobr\u00f4t. Minul\u00fd rok mohli n\u00e1v\u0161tevn\u00edci podujatia spozna\u0165 a\u00a0ochutna\u0165 po\u013esk\u00e9 viano\u010dn\u00e9 oby\u010daje. Tento ro\u010dn\u00edk [&hellip;]\" \/>\n<meta property=\"og:url\" content=\"https:\/\/pmza.sk\/?p=4592\" \/>\n<meta property=\"og:site_name\" content=\"Pova\u017esk\u00e9 m\u00fazeum\" \/>\n<meta property=\"article:publisher\" content=\"https:\/\/www.facebook.com\/povazskemuzeum\" \/>\n<meta property=\"article:published_time\" content=\"2011-12-07T12:32:34+00:00\" \/>\n<meta property=\"og:image\" content=\"https:\/\/pmza.sk.sk\/wp-content\/uploads\/2011\/12\/vianocny-vystup-na-hrad-Strecno-2010-300x200.jpg\" \/>\n<meta name=\"author\" content=\"libor\" \/>\n<meta name=\"twitter:card\" content=\"summary_large_image\" \/>\n<meta name=\"twitter:label1\" content=\"Autor\" \/>\n\t<meta name=\"twitter:data1\" content=\"libor\" \/>\n\t<meta name=\"twitter:label2\" content=\"Predpokladan\u00fd \u010das \u010d\u00edtania\" \/>\n\t<meta name=\"twitter:data2\" content=\"2 min\u00faty\" \/>\n<script type=\"application\/ld+json\" class=\"yoast-schema-graph\">{\"@context\":\"https:\\\/\\\/schema.org\",\"@graph\":[{\"@type\":\"Article\",\"@id\":\"https:\\\/\\\/pmza.sk\\\/?p=4592#article\",\"isPartOf\":{\"@id\":\"https:\\\/\\\/pmza.sk\\\/?p=4592\"},\"author\":{\"name\":\"libor\",\"@id\":\"https:\\\/\\\/pmza.sk\\\/#\\\/schema\\\/person\\\/f0b923a9aa8e1f67feef0d7cd9afde35\"},\"headline\":\"Betlehemsk\u00e9 svetlo na hrade Stre\u010dno\",\"datePublished\":\"2011-12-07T12:32:34+00:00\",\"mainEntityOfPage\":{\"@id\":\"https:\\\/\\\/pmza.sk\\\/?p=4592\"},\"wordCount\":355,\"publisher\":{\"@id\":\"https:\\\/\\\/pmza.sk\\\/#organization\"},\"image\":{\"@id\":\"https:\\\/\\\/pmza.sk\\\/?p=4592#primaryimage\"},\"thumbnailUrl\":\"http:\\\/\\\/pmza.sk.sk\\\/wp-content\\\/uploads\\\/2011\\\/12\\\/vianocny-vystup-na-hrad-Strecno-2010-300x200.jpg\",\"articleSection\":[\"Arch\u00edv 2011\"],\"inLanguage\":\"sk-SK\"},{\"@type\":\"WebPage\",\"@id\":\"https:\\\/\\\/pmza.sk\\\/?p=4592\",\"url\":\"https:\\\/\\\/pmza.sk\\\/?p=4592\",\"name\":\"Betlehemsk\u00e9 svetlo na hrade Stre\u010dno - Pova\u017esk\u00e9 m\u00fazeum\",\"isPartOf\":{\"@id\":\"https:\\\/\\\/pmza.sk\\\/#website\"},\"primaryImageOfPage\":{\"@id\":\"https:\\\/\\\/pmza.sk\\\/?p=4592#primaryimage\"},\"image\":{\"@id\":\"https:\\\/\\\/pmza.sk\\\/?p=4592#primaryimage\"},\"thumbnailUrl\":\"http:\\\/\\\/pmza.sk.sk\\\/wp-content\\\/uploads\\\/2011\\\/12\\\/vianocny-vystup-na-hrad-Strecno-2010-300x200.jpg\",\"datePublished\":\"2011-12-07T12:32:34+00:00\",\"breadcrumb\":{\"@id\":\"https:\\\/\\\/pmza.sk\\\/?p=4592#breadcrumb\"},\"inLanguage\":\"sk-SK\",\"potentialAction\":[{\"@type\":\"ReadAction\",\"target\":[\"https:\\\/\\\/pmza.sk\\\/?p=4592\"]}]},{\"@type\":\"ImageObject\",\"inLanguage\":\"sk-SK\",\"@id\":\"https:\\\/\\\/pmza.sk\\\/?p=4592#primaryimage\",\"url\":\"http:\\\/\\\/pmza.sk.sk\\\/wp-content\\\/uploads\\\/2011\\\/12\\\/vianocny-vystup-na-hrad-Strecno-2010-300x200.jpg\",\"contentUrl\":\"http:\\\/\\\/pmza.sk.sk\\\/wp-content\\\/uploads\\\/2011\\\/12\\\/vianocny-vystup-na-hrad-Strecno-2010-300x200.jpg\"},{\"@type\":\"BreadcrumbList\",\"@id\":\"https:\\\/\\\/pmza.sk\\\/?p=4592#breadcrumb\",\"itemListElement\":[{\"@type\":\"ListItem\",\"position\":1,\"name\":\"Domovsk\u00e1 str\u00e1nka\",\"item\":\"https:\\\/\\\/pmza.sk\\\/\"},{\"@type\":\"ListItem\",\"position\":2,\"name\":\"Betlehemsk\u00e9 svetlo na hrade Stre\u010dno\"}]},{\"@type\":\"WebSite\",\"@id\":\"https:\\\/\\\/pmza.sk\\\/#website\",\"url\":\"https:\\\/\\\/pmza.sk\\\/\",\"name\":\"Pova\u017esk\u00e9 m\u00fazeum\",\"description\":\"Pova\u017esk\u00e9 m\u00fazeum v \u017diline je region\u00e1lne m\u00fazeum so s\u00eddlom v Budat\u00edne. Jeho expoz\u00edcie s\u00fa zameran\u00e9 na dejiny slovensk\u00e9ho umenia, kult\u00fary a dopravy.\",\"publisher\":{\"@id\":\"https:\\\/\\\/pmza.sk\\\/#organization\"},\"potentialAction\":[{\"@type\":\"SearchAction\",\"target\":{\"@type\":\"EntryPoint\",\"urlTemplate\":\"https:\\\/\\\/pmza.sk\\\/?s={search_term_string}\"},\"query-input\":{\"@type\":\"PropertyValueSpecification\",\"valueRequired\":true,\"valueName\":\"search_term_string\"}}],\"inLanguage\":\"sk-SK\"},{\"@type\":\"Organization\",\"@id\":\"https:\\\/\\\/pmza.sk\\\/#organization\",\"name\":\"Pova\u017esk\u00e9 m\u00fazeum\",\"url\":\"https:\\\/\\\/pmza.sk\\\/\",\"logo\":{\"@type\":\"ImageObject\",\"inLanguage\":\"sk-SK\",\"@id\":\"https:\\\/\\\/pmza.sk\\\/#\\\/schema\\\/logo\\\/image\\\/\",\"url\":\"https:\\\/\\\/pmza.sk\\\/wp-content\\\/uploads\\\/2022\\\/01\\\/logo_PM_horizontal.jpg\",\"contentUrl\":\"https:\\\/\\\/pmza.sk\\\/wp-content\\\/uploads\\\/2022\\\/01\\\/logo_PM_horizontal.jpg\",\"width\":231,\"height\":142,\"caption\":\"Pova\u017esk\u00e9 m\u00fazeum\"},\"image\":{\"@id\":\"https:\\\/\\\/pmza.sk\\\/#\\\/schema\\\/logo\\\/image\\\/\"},\"sameAs\":[\"https:\\\/\\\/www.facebook.com\\\/povazskemuzeum\",\"https:\\\/\\\/www.instagram.com\\\/povazskemuzeum\\\/\"]},{\"@type\":\"Person\",\"@id\":\"https:\\\/\\\/pmza.sk\\\/#\\\/schema\\\/person\\\/f0b923a9aa8e1f67feef0d7cd9afde35\",\"name\":\"libor\",\"image\":{\"@type\":\"ImageObject\",\"inLanguage\":\"sk-SK\",\"@id\":\"https:\\\/\\\/secure.gravatar.com\\\/avatar\\\/c583dbc698e594aacced1589eb8cf1673bd41d461e8b2ab635484ffc26fee7b0?s=96&d=mm&r=g\",\"url\":\"https:\\\/\\\/secure.gravatar.com\\\/avatar\\\/c583dbc698e594aacced1589eb8cf1673bd41d461e8b2ab635484ffc26fee7b0?s=96&d=mm&r=g\",\"contentUrl\":\"https:\\\/\\\/secure.gravatar.com\\\/avatar\\\/c583dbc698e594aacced1589eb8cf1673bd41d461e8b2ab635484ffc26fee7b0?s=96&d=mm&r=g\",\"caption\":\"libor\"}}]}<\/script>\n<!-- \/ Yoast SEO plugin. -->","yoast_head_json":{"title":"Betlehemsk\u00e9 svetlo na hrade Stre\u010dno - Pova\u017esk\u00e9 m\u00fazeum","robots":{"index":"index","follow":"follow","max-snippet":"max-snippet:-1","max-image-preview":"max-image-preview:large","max-video-preview":"max-video-preview:-1"},"canonical":"https:\/\/pmza.sk\/?p=4592","og_locale":"sk_SK","og_type":"article","og_title":"Betlehemsk\u00e9 svetlo na hrade Stre\u010dno - Pova\u017esk\u00e9 m\u00fazeum","og_description":"Jedine\u010dnou pr\u00edle\u017eitos\u0165ou str\u00e1vi\u0165 pr\u00edjemn\u00e9 chv\u00edle na hrade\u00a0 Stre\u010dno aj v\u00a0decembri je podujatie Viano\u010dn\u00fd v\u00fdstup na hrad Stre\u010dno, ktor\u00e9 v\u00a0nede\u013eu 18. decembra 2011 vst\u00fapi do svojho tretieho ro\u010dn\u00edka. \u201eViano\u010dn\u00fd v\u00fdstup na hrad Stre\u010dno je najm\u00e4 o\u00a0n\u00e1vratoch k\u00a0tradi\u010dn\u00e9mu viano\u010dn\u00e9mu zvykosloviu prostredn\u00edctvom spevu, hudby a\u00a0viano\u010dn\u00fdch dobr\u00f4t. Minul\u00fd rok mohli n\u00e1v\u0161tevn\u00edci podujatia spozna\u0165 a\u00a0ochutna\u0165 po\u013esk\u00e9 viano\u010dn\u00e9 oby\u010daje. Tento ro\u010dn\u00edk [&hellip;]","og_url":"https:\/\/pmza.sk\/?p=4592","og_site_name":"Pova\u017esk\u00e9 m\u00fazeum","article_publisher":"https:\/\/www.facebook.com\/povazskemuzeum","article_published_time":"2011-12-07T12:32:34+00:00","og_image":[{"url":"https:\/\/pmza.sk.sk\/wp-content\/uploads\/2011\/12\/vianocny-vystup-na-hrad-Strecno-2010-300x200.jpg","type":"","width":"","height":""}],"author":"libor","twitter_card":"summary_large_image","twitter_misc":{"Autor":"libor","Predpokladan\u00fd \u010das \u010d\u00edtania":"2 min\u00faty"},"schema":{"@context":"https:\/\/schema.org","@graph":[{"@type":"Article","@id":"https:\/\/pmza.sk\/?p=4592#article","isPartOf":{"@id":"https:\/\/pmza.sk\/?p=4592"},"author":{"name":"libor","@id":"https:\/\/pmza.sk\/#\/schema\/person\/f0b923a9aa8e1f67feef0d7cd9afde35"},"headline":"Betlehemsk\u00e9 svetlo na hrade Stre\u010dno","datePublished":"2011-12-07T12:32:34+00:00","mainEntityOfPage":{"@id":"https:\/\/pmza.sk\/?p=4592"},"wordCount":355,"publisher":{"@id":"https:\/\/pmza.sk\/#organization"},"image":{"@id":"https:\/\/pmza.sk\/?p=4592#primaryimage"},"thumbnailUrl":"https:\/\/pmza.sk.sk\/wp-content\/uploads\/2011\/12\/vianocny-vystup-na-hrad-Strecno-2010-300x200.jpg","articleSection":["Arch\u00edv 2011"],"inLanguage":"sk-SK"},{"@type":"WebPage","@id":"https:\/\/pmza.sk\/?p=4592","url":"https:\/\/pmza.sk\/?p=4592","name":"Betlehemsk\u00e9 svetlo na hrade Stre\u010dno - Pova\u017esk\u00e9 m\u00fazeum","isPartOf":{"@id":"https:\/\/pmza.sk\/#website"},"primaryImageOfPage":{"@id":"https:\/\/pmza.sk\/?p=4592#primaryimage"},"image":{"@id":"https:\/\/pmza.sk\/?p=4592#primaryimage"},"thumbnailUrl":"https:\/\/pmza.sk.sk\/wp-content\/uploads\/2011\/12\/vianocny-vystup-na-hrad-Strecno-2010-300x200.jpg","datePublished":"2011-12-07T12:32:34+00:00","breadcrumb":{"@id":"https:\/\/pmza.sk\/?p=4592#breadcrumb"},"inLanguage":"sk-SK","potentialAction":[{"@type":"ReadAction","target":["https:\/\/pmza.sk\/?p=4592"]}]},{"@type":"ImageObject","inLanguage":"sk-SK","@id":"https:\/\/pmza.sk\/?p=4592#primaryimage","url":"https:\/\/pmza.sk.sk\/wp-content\/uploads\/2011\/12\/vianocny-vystup-na-hrad-Strecno-2010-300x200.jpg","contentUrl":"https:\/\/pmza.sk.sk\/wp-content\/uploads\/2011\/12\/vianocny-vystup-na-hrad-Strecno-2010-300x200.jpg"},{"@type":"BreadcrumbList","@id":"https:\/\/pmza.sk\/?p=4592#breadcrumb","itemListElement":[{"@type":"ListItem","position":1,"name":"Domovsk\u00e1 str\u00e1nka","item":"https:\/\/pmza.sk\/"},{"@type":"ListItem","position":2,"name":"Betlehemsk\u00e9 svetlo na hrade Stre\u010dno"}]},{"@type":"WebSite","@id":"https:\/\/pmza.sk\/#website","url":"https:\/\/pmza.sk\/","name":"Pova\u017esk\u00e9 m\u00fazeum","description":"Pova\u017esk\u00e9 m\u00fazeum v \u017diline je region\u00e1lne m\u00fazeum so s\u00eddlom v Budat\u00edne. Jeho expoz\u00edcie s\u00fa zameran\u00e9 na dejiny slovensk\u00e9ho umenia, kult\u00fary a dopravy.","publisher":{"@id":"https:\/\/pmza.sk\/#organization"},"potentialAction":[{"@type":"SearchAction","target":{"@type":"EntryPoint","urlTemplate":"https:\/\/pmza.sk\/?s={search_term_string}"},"query-input":{"@type":"PropertyValueSpecification","valueRequired":true,"valueName":"search_term_string"}}],"inLanguage":"sk-SK"},{"@type":"Organization","@id":"https:\/\/pmza.sk\/#organization","name":"Pova\u017esk\u00e9 m\u00fazeum","url":"https:\/\/pmza.sk\/","logo":{"@type":"ImageObject","inLanguage":"sk-SK","@id":"https:\/\/pmza.sk\/#\/schema\/logo\/image\/","url":"https:\/\/pmza.sk\/wp-content\/uploads\/2022\/01\/logo_PM_horizontal.jpg","contentUrl":"https:\/\/pmza.sk\/wp-content\/uploads\/2022\/01\/logo_PM_horizontal.jpg","width":231,"height":142,"caption":"Pova\u017esk\u00e9 m\u00fazeum"},"image":{"@id":"https:\/\/pmza.sk\/#\/schema\/logo\/image\/"},"sameAs":["https:\/\/www.facebook.com\/povazskemuzeum","https:\/\/www.instagram.com\/povazskemuzeum\/"]},{"@type":"Person","@id":"https:\/\/pmza.sk\/#\/schema\/person\/f0b923a9aa8e1f67feef0d7cd9afde35","name":"libor","image":{"@type":"ImageObject","inLanguage":"sk-SK","@id":"https:\/\/secure.gravatar.com\/avatar\/c583dbc698e594aacced1589eb8cf1673bd41d461e8b2ab635484ffc26fee7b0?s=96&d=mm&r=g","url":"https:\/\/secure.gravatar.com\/avatar\/c583dbc698e594aacced1589eb8cf1673bd41d461e8b2ab635484ffc26fee7b0?s=96&d=mm&r=g","contentUrl":"https:\/\/secure.gravatar.com\/avatar\/c583dbc698e594aacced1589eb8cf1673bd41d461e8b2ab635484ffc26fee7b0?s=96&d=mm&r=g","caption":"libor"}}]}},"_links":{"self":[{"href":"https:\/\/pmza.sk\/index.php?rest_route=\/wp\/v2\/posts\/4592","targetHints":{"allow":["GET"]}}],"collection":[{"href":"https:\/\/pmza.sk\/index.php?rest_route=\/wp\/v2\/posts"}],"about":[{"href":"https:\/\/pmza.sk\/index.php?rest_route=\/wp\/v2\/types\/post"}],"author":[{"embeddable":true,"href":"https:\/\/pmza.sk\/index.php?rest_route=\/wp\/v2\/users\/1"}],"replies":[{"embeddable":true,"href":"https:\/\/pmza.sk\/index.php?rest_route=%2Fwp%2Fv2%2Fcomments&post=4592"}],"version-history":[{"count":0,"href":"https:\/\/pmza.sk\/index.php?rest_route=\/wp\/v2\/posts\/4592\/revisions"}],"wp:attachment":[{"href":"https:\/\/pmza.sk\/index.php?rest_route=%2Fwp%2Fv2%2Fmedia&parent=4592"}],"wp:term":[{"taxonomy":"category","embeddable":true,"href":"https:\/\/pmza.sk\/index.php?rest_route=%2Fwp%2Fv2%2Fcategories&post=4592"},{"taxonomy":"post_tag","embeddable":true,"href":"https:\/\/pmza.sk\/index.php?rest_route=%2Fwp%2Fv2%2Ftags&post=4592"}],"curies":[{"name":"wp","href":"https:\/\/api.w.org\/{rel}","templated":true}]}}