{"id":46037,"date":"2021-10-07T11:01:23","date_gmt":"2021-10-07T09:01:23","guid":{"rendered":"https:\/\/pmza.sk\/?p=46037"},"modified":"2022-02-23T08:31:19","modified_gmt":"2022-02-23T07:31:19","slug":"predmetom-mesiaca-invazne-astry","status":"publish","type":"post","link":"https:\/\/pmza.sk\/?p=46037","title":{"rendered":"Predmetom mesiaca okt\u00f3ber inv\u00e1zne astry"},"content":{"rendered":"<p><strong>Inv\u00e1zne astry \u2013 atrakt\u00edvne, ale agres\u00edvne sa \u0161\u00edriace<\/strong><\/p>\n<p>Najv\u010fa\u010dnej\u0161\u00edmi kvetinami okt\u00f3bra s\u00fa astry, zn\u00e1\u0161aj\u00fa pr\u00edzemn\u00e9 mraz\u00edky a mno\u017estvom atrakt\u00edvnych kultivarov skr\u00e1\u0161\u013euj\u00fa jesenn\u00e9 z\u00e1hradky aj cintor\u00edny.<\/p>\n<p>Ve\u013ek\u00fa skupinu astier rast\u00facich v\u00a0na\u0161ej krajine v\u0161ak ozna\u010dujeme ako inv\u00e1zne, preto\u017ee sa agres\u00edvne a nekompromisne \u0161\u00edria \u00fazem\u00edm, tvoria rozsiahle \u00a0jednoliate porasty a\u00a0t\u00fdm uberaj\u00fa \u017eivotn\u00fd priestor dom\u00e1cim rastlinn\u00fdm spolo\u010denstv\u00e1m. S\u00fa konkuren\u010dne ve\u013emi zdatn\u00e9, nen\u00e1ro\u010dn\u00e9 na podmienky, bez z\u00e1sahu \u010dloveka skoro nezni\u010dite\u013en\u00e9. Z\u00a0jednej rastliny m\u00f4\u017ee vietor roznies\u0165 a\u017e 200\u00a0000 semien, preto\u017ee bohato kvitn\u00fa, aj ke\u010f kvety s\u00fa pomerne mal\u00e9. Ich roz\u0161irovanie m\u00f4\u017ee obmedzi\u0165 len pravideln\u00e9 kosenie. Astra novobelgick\u00e1, hladk\u00e1, kopijovitolist\u00e1, novoanglick\u00e1, malokvet\u00e1 a\u00a0astra v\u0155bovit\u00e1 poch\u00e1dzaj\u00fa zo severnej Ameriky. Splaneli v\u00e4\u010d\u0161inou zo z\u00e1hrad a\u00a0roz\u0161\u00edrili sa po celom Slovensku. Nach\u00e1dzame ich pozd\u013a\u017e riek, komunik\u00e1ci\u00ed, skl\u00e1dok a\u00a0na neobhospodarovan\u00fdch ploch\u00e1ch v\u00a0bl\u00edzkosti s\u00eddiel mimo lesov a\u00a0vysok\u00fdch pohor\u00ed. S\u00fa esteticky ve\u013emi pr\u00edjemn\u00e9, vo\u0148av\u00e9 a medonosn\u00e9, ale negat\u00edva ich hromadn\u00e9ho v\u00fdskytu a\u00a0ovplyv\u0148ovania prirodzenej fl\u00f3ry ur\u010dite preva\u017euj\u00fa. Mimo pestovan\u00fdch druhov astier u\u00a0n\u00e1s vo vo\u013enej pr\u00edrode rastie p\u00f4vodn\u00e1 teplomiln\u00e1 astra spi\u0161sk\u00e1 a\u00a0ozdobou \u0161trb\u00edn v\u00e1pencov\u00fdch br\u00e1l na\u0161ich pohor\u00ed je astra alp\u00ednska.<\/p>\n<p>V\u00a0herb\u00e1ri Pova\u017esk\u00e9ho m\u00fazea m\u00e1me z\u00a0okolia zdokumentovan\u00fd v\u00fdskyt astry kopijovitolistej, astry hladkej, astry v\u0155bovitej a\u00a0astry r\u00f4znofarebnej. Pod\u013ea najnov\u0161ieho taxonomick\u00e9ho \u010dlenenia s\u00fa zara\u010fovan\u00e9 do rodu <em>Symphyotrichum<\/em>, ktor\u00fd po celom svete zah\u0155\u0148a 90 druhov. Presn\u00e9 ur\u010denie \u010dasto s\u0165a\u017euje ich vz\u00e1jomn\u00e9 kr\u00ed\u017eenie.<\/p>\n<p>Astra kopijovitolist\u00e1 (<em>Aster lanceolatus<\/em>) je a\u017e 120 cm vysok\u00e1 bylina, ktor\u00e1 je u\u017e od 19. storo\u010dia pestovan\u00e1 ako okrasn\u00e1 trvalka. N\u00e1zov astry hladkej (<em>Aster laevis<\/em>) upozor\u0148uje na\u00a0 hol\u00fa stonku, odli\u0161nos\u0165ou od pr\u00edbuzn\u00fdch s\u00fa aj drobn\u00e9 l\u00edstky na kon\u00e1rikoch hlavnej stonky. A\u017e trojcentimetrov\u00e9 modrofialov\u00e9 korunn\u00e9 lupienky m\u00e1 astra novobelgick\u00e1 (<em>Aster novi-belgii<\/em>), ktor\u00e1 je u\u00a0n\u00e1s najbe\u017enej\u0161ie sa vyskytuj\u00facou inv\u00e1znou astrou. \u00a0Astra r\u00f4znofarebn\u00e1 <em>(Aster x versicolor)<\/em> vznikla pravdepodobne kr\u00ed\u017een\u00edm astry novobelgickej a\u00a0astry hladkej, astra v\u0155bovit\u00e1 <em>(Aster x salignum)<\/em> je kr\u00ed\u017eencom astry novobelgickej a\u00a0kopijovitolistej. Uveden\u00e9 kr\u00ed\u017eence vznikli a\u017e na \u00fazem\u00ed Eur\u00f3py, nes\u00fa znaky obidvoch rodi\u010dovsk\u00fdch rastl\u00edn.<\/p>\n<p>Pozrie\u0165 si rozkvitnut\u00e9 porasty inv\u00e1znych astier m\u00f4\u017eete priamo v\u00a0\u017diline v\u00a0priebehu okt\u00f3bra, sta\u010d\u00ed sa vybra\u0165 na prech\u00e1dzku popri vodn\u00fdch tokoch alebo okolo opusten\u00fdch pozemkov bl\u00edzko \u017eeleznice. Astra r\u00f4znofarebn\u00e1 je typick\u00e1 po\u010detn\u00fdmi pomerne ve\u013ek\u00fdmi kvetmi s\u00a0fialovo modr\u00fdmi lupienkami, astra kopijovitolist\u00e1 nem\u00e1 na b\u00e1ze listov u\u0161k\u00e1, kvety m\u00e1 drobnej\u0161ie, s\u00a0bielymi lupienkami.<\/p>\n<p>Fond zbierkov\u00fdch predmetov Pova\u017esk\u00e9ho m\u00fazea zah\u0155\u0148a\u00a0 vy\u0161e 152\u00a0000 predmetov kult\u00farnej hodnoty, ktor\u00e9 m\u00fazeum uchov\u00e1va, ochra\u0148uje, odborne spracov\u00e1va a\u00a0pou\u017e\u00edva na v\u00fdstavn\u00e9 a\u00a0in\u00e9 prezenta\u010dn\u00e9 \u00fa\u010dely. Fond je rozdelen\u00fd na odbory: hist\u00f3ria, doprava, archeol\u00f3gia, etnol\u00f3gia, drot\u00e1rstvo, geol\u00f3gia, zool\u00f3gia a\u00a0botanika. Odbor botaniky eviduje v herb\u00e1ri vy\u0161e 17\u00a0000 polo\u017eiek ni\u017e\u0161\u00edch a\u00a0vy\u0161\u0161\u00edch rastl\u00edn, ktor\u00e9 dokumentuj\u00fa fl\u00f3ru severoz\u00e1padn\u00e9ho Slovenska.<\/p>\n<p>Te\u0161\u00edme sa na va\u0161u n\u00e1v\u0161tevu!<\/p>\n<p>text: Ing. Kv\u011bta Kickov\u00e1, botani\u010dka Pova\u017esk\u00e9ho m\u00fazea<\/p>\n<p>foto: arch\u00edv Pova\u017esk\u00e9ho m\u00fazea<\/p>\n<figure id=\"attachment_46176\" aria-describedby=\"caption-attachment-46176\" style=\"width: 203px\" class=\"wp-caption aligncenter\"><a href=\"https:\/\/pmza.sk\/wp-content\/uploads\/2021\/10\/astra-roznofarebna-scaled-1.jpg\" rel=\"attachment wp-att-46176\"><img fetchpriority=\"high\" decoding=\"async\" class=\"wp-image-46176 size-medium\" src=\"https:\/\/pmza.sk\/wp-content\/uploads\/2021\/10\/astra-roznofarebna-scaled-1-203x360.jpg\" alt=\"\" width=\"203\" height=\"360\" srcset=\"https:\/\/pmza.sk\/wp-content\/uploads\/2021\/10\/astra-roznofarebna-scaled-1-203x360.jpg 203w, https:\/\/pmza.sk\/wp-content\/uploads\/2021\/10\/astra-roznofarebna-scaled-1-414x736.jpg 414w, https:\/\/pmza.sk\/wp-content\/uploads\/2021\/10\/astra-roznofarebna-scaled-1-768x1365.jpg 768w, https:\/\/pmza.sk\/wp-content\/uploads\/2021\/10\/astra-roznofarebna-scaled-1-864x1536.jpg 864w, https:\/\/pmza.sk\/wp-content\/uploads\/2021\/10\/astra-roznofarebna-scaled-1-1152x2048.jpg 1152w, https:\/\/pmza.sk\/wp-content\/uploads\/2021\/10\/astra-roznofarebna-scaled-1-600x1067.jpg 600w, https:\/\/pmza.sk\/wp-content\/uploads\/2021\/10\/astra-roznofarebna-scaled-1.jpg 1440w\" sizes=\"(max-width: 203px) 100vw, 203px\" \/><\/a><figcaption id=\"caption-attachment-46176\" class=\"wp-caption-text\">astra r\u00f4znofarebn\u00e1<\/figcaption><\/figure>\n<figure id=\"attachment_46177\" aria-describedby=\"caption-attachment-46177\" style=\"width: 203px\" class=\"wp-caption aligncenter\"><a href=\"https:\/\/pmza.sk\/wp-content\/uploads\/2021\/10\/astra-vrbovita-scaled-1.jpg\" rel=\"attachment wp-att-46177\"><img decoding=\"async\" class=\"wp-image-46177 size-medium\" src=\"https:\/\/pmza.sk\/wp-content\/uploads\/2021\/10\/astra-vrbovita-scaled-1-203x360.jpg\" alt=\"\" width=\"203\" height=\"360\" srcset=\"https:\/\/pmza.sk\/wp-content\/uploads\/2021\/10\/astra-vrbovita-scaled-1-203x360.jpg 203w, https:\/\/pmza.sk\/wp-content\/uploads\/2021\/10\/astra-vrbovita-scaled-1-414x736.jpg 414w, https:\/\/pmza.sk\/wp-content\/uploads\/2021\/10\/astra-vrbovita-scaled-1-768x1365.jpg 768w, https:\/\/pmza.sk\/wp-content\/uploads\/2021\/10\/astra-vrbovita-scaled-1-864x1536.jpg 864w, https:\/\/pmza.sk\/wp-content\/uploads\/2021\/10\/astra-vrbovita-scaled-1-1152x2048.jpg 1152w, https:\/\/pmza.sk\/wp-content\/uploads\/2021\/10\/astra-vrbovita-scaled-1-600x1067.jpg 600w, https:\/\/pmza.sk\/wp-content\/uploads\/2021\/10\/astra-vrbovita-scaled-1.jpg 1440w\" sizes=\"(max-width: 203px) 100vw, 203px\" \/><\/a><figcaption id=\"caption-attachment-46177\" class=\"wp-caption-text\">astra v\u0155bovit\u00e1<\/figcaption><\/figure>\n<figure id=\"attachment_46175\" aria-describedby=\"caption-attachment-46175\" style=\"width: 203px\" class=\"wp-caption aligncenter\"><a href=\"https:\/\/pmza.sk\/wp-content\/uploads\/2021\/10\/astra-kopijovitolista-scaled-1.jpg\" rel=\"attachment wp-att-46175\"><img decoding=\"async\" class=\"wp-image-46175 size-medium\" src=\"https:\/\/pmza.sk\/wp-content\/uploads\/2021\/10\/astra-kopijovitolista-scaled-1-203x360.jpg\" alt=\"\" width=\"203\" height=\"360\" srcset=\"https:\/\/pmza.sk\/wp-content\/uploads\/2021\/10\/astra-kopijovitolista-scaled-1-203x360.jpg 203w, https:\/\/pmza.sk\/wp-content\/uploads\/2021\/10\/astra-kopijovitolista-scaled-1-414x736.jpg 414w, https:\/\/pmza.sk\/wp-content\/uploads\/2021\/10\/astra-kopijovitolista-scaled-1-768x1365.jpg 768w, https:\/\/pmza.sk\/wp-content\/uploads\/2021\/10\/astra-kopijovitolista-scaled-1-864x1536.jpg 864w, https:\/\/pmza.sk\/wp-content\/uploads\/2021\/10\/astra-kopijovitolista-scaled-1-1152x2048.jpg 1152w, https:\/\/pmza.sk\/wp-content\/uploads\/2021\/10\/astra-kopijovitolista-scaled-1-600x1067.jpg 600w, https:\/\/pmza.sk\/wp-content\/uploads\/2021\/10\/astra-kopijovitolista-scaled-1.jpg 1440w\" sizes=\"(max-width: 203px) 100vw, 203px\" \/><\/a><figcaption id=\"caption-attachment-46175\" class=\"wp-caption-text\">astra kopijovolist\u00e1<\/figcaption><\/figure>\n<figure id=\"attachment_46039\" aria-describedby=\"caption-attachment-46039\" style=\"width: 570px\" class=\"wp-caption aligncenter\"><a href=\"https:\/\/pmza.sk\/aktuality\/predmetom-mesiaca-invazne-astry\/attachment\/herbar-astry-web\/\" rel=\"attachment wp-att-46039\"><img loading=\"lazy\" decoding=\"async\" class=\"size-medium wp-image-46039\" src=\"https:\/\/pmza.sk\/wp-content\/uploads\/2021\/10\/herbar-astry-web-570x321.jpg\" alt=\"\" width=\"570\" height=\"321\" srcset=\"https:\/\/pmza.sk\/wp-content\/uploads\/2021\/10\/herbar-astry-web-570x321.jpg 570w, https:\/\/pmza.sk\/wp-content\/uploads\/2021\/10\/herbar-astry-web-1170x658.jpg 1170w, https:\/\/pmza.sk\/wp-content\/uploads\/2021\/10\/herbar-astry-web-768x432.jpg 768w, https:\/\/pmza.sk\/wp-content\/uploads\/2021\/10\/herbar-astry-web-1536x864.jpg 1536w, https:\/\/pmza.sk\/wp-content\/uploads\/2021\/10\/herbar-astry-web-600x338.jpg 600w, https:\/\/pmza.sk\/wp-content\/uploads\/2021\/10\/herbar-astry-web.jpg 1930w\" sizes=\"(max-width: 570px) 100vw, 570px\" \/><\/a><figcaption id=\"caption-attachment-46039\" class=\"wp-caption-text\">astry v herb\u00e1ri Pova\u017esk\u00e9ho m\u00fazea<\/figcaption><\/figure>\n<figure id=\"attachment_46040\" aria-describedby=\"caption-attachment-46040\" style=\"width: 570px\" class=\"wp-caption aligncenter\"><a href=\"https:\/\/pmza.sk\/wp-content\/uploads\/2021\/10\/astry-hrad-web-2-rotated-1.jpg\" rel=\"attachment wp-att-46040\"><img loading=\"lazy\" decoding=\"async\" class=\"wp-image-46040 size-medium\" src=\"https:\/\/pmza.sk\/wp-content\/uploads\/2021\/10\/astry-hrad-web-2-rotated-1-570x321.jpg\" alt=\"\" width=\"570\" height=\"321\" srcset=\"https:\/\/pmza.sk\/wp-content\/uploads\/2021\/10\/astry-hrad-web-2-rotated-1-570x321.jpg 570w, https:\/\/pmza.sk\/wp-content\/uploads\/2021\/10\/astry-hrad-web-2-rotated-1-1170x658.jpg 1170w, https:\/\/pmza.sk\/wp-content\/uploads\/2021\/10\/astry-hrad-web-2-rotated-1-768x432.jpg 768w, https:\/\/pmza.sk\/wp-content\/uploads\/2021\/10\/astry-hrad-web-2-rotated-1-1536x864.jpg 1536w, https:\/\/pmza.sk\/wp-content\/uploads\/2021\/10\/astry-hrad-web-2-rotated-1-600x338.jpg 600w, https:\/\/pmza.sk\/wp-content\/uploads\/2021\/10\/astry-hrad-web-2-rotated-1.jpg 1930w\" sizes=\"(max-width: 570px) 100vw, 570px\" \/><\/a><figcaption id=\"caption-attachment-46040\" class=\"wp-caption-text\">predmet mesiaca v infopulte Budat\u00ednskeho hradu<\/figcaption><\/figure>\n<p>&nbsp;<\/p>\n","protected":false},"excerpt":{"rendered":"<p>Inv\u00e1zne astry \u2013 atrakt\u00edvne, ale agres\u00edvne sa \u0161\u00edriace Najv\u010fa\u010dnej\u0161\u00edmi kvetinami okt\u00f3bra s\u00fa astry, zn\u00e1\u0161aj\u00fa pr\u00edzemn\u00e9 mraz\u00edky a mno\u017estvom atrakt\u00edvnych kultivarov skr\u00e1\u0161\u013euj\u00fa jesenn\u00e9 z\u00e1hradky aj cintor\u00edny. Ve\u013ek\u00fa skupinu astier rast\u00facich v\u00a0na\u0161ej krajine v\u0161ak ozna\u010dujeme ako inv\u00e1zne, preto\u017ee sa agres\u00edvne a nekompromisne \u0161\u00edria \u00fazem\u00edm, tvoria rozsiahle \u00a0jednoliate porasty a\u00a0t\u00fdm uberaj\u00fa \u017eivotn\u00fd priestor dom\u00e1cim rastlinn\u00fdm spolo\u010denstv\u00e1m. S\u00fa konkuren\u010dne [&hellip;]<\/p>\n","protected":false},"author":2,"featured_media":46038,"comment_status":"closed","ping_status":"closed","sticky":false,"template":"","format":"standard","meta":{"site-sidebar-layout":"default","site-content-layout":"default","ast-site-content-layout":"","site-content-style":"default","site-sidebar-style":"default","ast-global-header-display":"","ast-banner-title-visibility":"","ast-main-header-display":"","ast-hfb-above-header-display":"","ast-hfb-below-header-display":"","ast-hfb-mobile-header-display":"","site-post-title":"","ast-breadcrumbs-content":"","ast-featured-img":"","footer-sml-layout":"","theme-transparent-header-meta":"default","adv-header-id-meta":"","stick-header-meta":"default","header-above-stick-meta":"","header-main-stick-meta":"","header-below-stick-meta":"","astra-migrate-meta-layouts":"default","ast-page-background-enabled":"default","ast-page-background-meta":{"desktop":{"background-color":"var(--ast-global-color-4)","background-image":"","background-repeat":"repeat","background-position":"center center","background-size":"auto","background-attachment":"scroll","background-type":"","background-media":"","overlay-type":"","overlay-color":"","overlay-opacity":"","overlay-gradient":""},"tablet":{"background-color":"","background-image":"","background-repeat":"repeat","background-position":"center center","background-size":"auto","background-attachment":"scroll","background-type":"","background-media":"","overlay-type":"","overlay-color":"","overlay-opacity":"","overlay-gradient":""},"mobile":{"background-color":"","background-image":"","background-repeat":"repeat","background-position":"center center","background-size":"auto","background-attachment":"scroll","background-type":"","background-media":"","overlay-type":"","overlay-color":"","overlay-opacity":"","overlay-gradient":""}},"ast-content-background-meta":{"desktop":{"background-color":"var(--ast-global-color-5)","background-image":"","background-repeat":"repeat","background-position":"center center","background-size":"auto","background-attachment":"scroll","background-type":"","background-media":"","overlay-type":"","overlay-color":"","overlay-opacity":"","overlay-gradient":""},"tablet":{"background-color":"var(--ast-global-color-5)","background-image":"","background-repeat":"repeat","background-position":"center center","background-size":"auto","background-attachment":"scroll","background-type":"","background-media":"","overlay-type":"","overlay-color":"","overlay-opacity":"","overlay-gradient":""},"mobile":{"background-color":"var(--ast-global-color-5)","background-image":"","background-repeat":"repeat","background-position":"center center","background-size":"auto","background-attachment":"scroll","background-type":"","background-media":"","overlay-type":"","overlay-color":"","overlay-opacity":"","overlay-gradient":""}},"footnotes":""},"categories":[31],"tags":[],"class_list":["post-46037","post","type-post","status-publish","format-standard","has-post-thumbnail","hentry","category-aktuality"],"yoast_head":"<!-- This site is optimized with the Yoast SEO plugin v27.4 - https:\/\/yoast.com\/product\/yoast-seo-wordpress\/ -->\n<title>Predmetom mesiaca okt\u00f3ber inv\u00e1zne astry - Pova\u017esk\u00e9 m\u00fazeum<\/title>\n<meta name=\"robots\" content=\"index, follow, max-snippet:-1, max-image-preview:large, max-video-preview:-1\" \/>\n<link rel=\"canonical\" href=\"https:\/\/pmza.sk\/?p=46037\" \/>\n<meta property=\"og:locale\" content=\"sk_SK\" \/>\n<meta property=\"og:type\" content=\"article\" \/>\n<meta property=\"og:title\" content=\"Predmetom mesiaca okt\u00f3ber inv\u00e1zne astry - Pova\u017esk\u00e9 m\u00fazeum\" \/>\n<meta property=\"og:description\" content=\"Inv\u00e1zne astry \u2013 atrakt\u00edvne, ale agres\u00edvne sa \u0161\u00edriace Najv\u010fa\u010dnej\u0161\u00edmi kvetinami okt\u00f3bra s\u00fa astry, zn\u00e1\u0161aj\u00fa pr\u00edzemn\u00e9 mraz\u00edky a mno\u017estvom atrakt\u00edvnych kultivarov skr\u00e1\u0161\u013euj\u00fa jesenn\u00e9 z\u00e1hradky aj cintor\u00edny. Ve\u013ek\u00fa skupinu astier rast\u00facich v\u00a0na\u0161ej krajine v\u0161ak ozna\u010dujeme ako inv\u00e1zne, preto\u017ee sa agres\u00edvne a nekompromisne \u0161\u00edria \u00fazem\u00edm, tvoria rozsiahle \u00a0jednoliate porasty a\u00a0t\u00fdm uberaj\u00fa \u017eivotn\u00fd priestor dom\u00e1cim rastlinn\u00fdm spolo\u010denstv\u00e1m. S\u00fa konkuren\u010dne [&hellip;]\" \/>\n<meta property=\"og:url\" content=\"https:\/\/pmza.sk\/?p=46037\" \/>\n<meta property=\"og:site_name\" content=\"Pova\u017esk\u00e9 m\u00fazeum\" \/>\n<meta property=\"article:publisher\" content=\"https:\/\/www.facebook.com\/povazskemuzeum\" \/>\n<meta property=\"article:published_time\" content=\"2021-10-07T09:01:23+00:00\" \/>\n<meta property=\"article:modified_time\" content=\"2022-02-23T07:31:19+00:00\" \/>\n<meta property=\"og:image\" content=\"https:\/\/pmza.sk\/wp-content\/uploads\/2021\/10\/astry-hrad-web.jpg\" \/>\n\t<meta property=\"og:image:width\" content=\"1625\" \/>\n\t<meta property=\"og:image:height\" content=\"1290\" \/>\n\t<meta property=\"og:image:type\" content=\"image\/jpeg\" \/>\n<meta name=\"author\" content=\"Pova\u017esk\u00e9 m\u00fazeum\" \/>\n<meta name=\"twitter:card\" content=\"summary_large_image\" \/>\n<meta name=\"twitter:label1\" content=\"Autor\" \/>\n\t<meta name=\"twitter:data1\" content=\"Pova\u017esk\u00e9 m\u00fazeum\" \/>\n\t<meta name=\"twitter:label2\" content=\"Predpokladan\u00fd \u010das \u010d\u00edtania\" \/>\n\t<meta name=\"twitter:data2\" content=\"4 min\u00faty\" \/>\n<script type=\"application\/ld+json\" class=\"yoast-schema-graph\">{\"@context\":\"https:\\\/\\\/schema.org\",\"@graph\":[{\"@type\":\"Article\",\"@id\":\"https:\\\/\\\/pmza.sk\\\/?p=46037#article\",\"isPartOf\":{\"@id\":\"https:\\\/\\\/pmza.sk\\\/?p=46037\"},\"author\":{\"name\":\"Pova\u017esk\u00e9 m\u00fazeum\",\"@id\":\"https:\\\/\\\/pmza.sk\\\/#\\\/schema\\\/person\\\/595e6a2ce731ea94dcd5d7f50a41ae33\"},\"headline\":\"Predmetom mesiaca okt\u00f3ber inv\u00e1zne astry\",\"datePublished\":\"2021-10-07T09:01:23+00:00\",\"dateModified\":\"2022-02-23T07:31:19+00:00\",\"mainEntityOfPage\":{\"@id\":\"https:\\\/\\\/pmza.sk\\\/?p=46037\"},\"wordCount\":670,\"publisher\":{\"@id\":\"https:\\\/\\\/pmza.sk\\\/#organization\"},\"image\":{\"@id\":\"https:\\\/\\\/pmza.sk\\\/?p=46037#primaryimage\"},\"thumbnailUrl\":\"https:\\\/\\\/pmza.sk\\\/wp-content\\\/uploads\\\/2021\\\/10\\\/astry-hrad-web.jpg\",\"articleSection\":[\"Aktuality\"],\"inLanguage\":\"sk-SK\"},{\"@type\":\"WebPage\",\"@id\":\"https:\\\/\\\/pmza.sk\\\/?p=46037\",\"url\":\"https:\\\/\\\/pmza.sk\\\/?p=46037\",\"name\":\"Predmetom mesiaca okt\u00f3ber inv\u00e1zne astry - Pova\u017esk\u00e9 m\u00fazeum\",\"isPartOf\":{\"@id\":\"https:\\\/\\\/pmza.sk\\\/#website\"},\"primaryImageOfPage\":{\"@id\":\"https:\\\/\\\/pmza.sk\\\/?p=46037#primaryimage\"},\"image\":{\"@id\":\"https:\\\/\\\/pmza.sk\\\/?p=46037#primaryimage\"},\"thumbnailUrl\":\"https:\\\/\\\/pmza.sk\\\/wp-content\\\/uploads\\\/2021\\\/10\\\/astry-hrad-web.jpg\",\"datePublished\":\"2021-10-07T09:01:23+00:00\",\"dateModified\":\"2022-02-23T07:31:19+00:00\",\"breadcrumb\":{\"@id\":\"https:\\\/\\\/pmza.sk\\\/?p=46037#breadcrumb\"},\"inLanguage\":\"sk-SK\",\"potentialAction\":[{\"@type\":\"ReadAction\",\"target\":[\"https:\\\/\\\/pmza.sk\\\/?p=46037\"]}]},{\"@type\":\"ImageObject\",\"inLanguage\":\"sk-SK\",\"@id\":\"https:\\\/\\\/pmza.sk\\\/?p=46037#primaryimage\",\"url\":\"https:\\\/\\\/pmza.sk\\\/wp-content\\\/uploads\\\/2021\\\/10\\\/astry-hrad-web.jpg\",\"contentUrl\":\"https:\\\/\\\/pmza.sk\\\/wp-content\\\/uploads\\\/2021\\\/10\\\/astry-hrad-web.jpg\",\"width\":1625,\"height\":1290,\"caption\":\"predmet mesiaca v infopulte Budat\u00ednskeho hradu\"},{\"@type\":\"BreadcrumbList\",\"@id\":\"https:\\\/\\\/pmza.sk\\\/?p=46037#breadcrumb\",\"itemListElement\":[{\"@type\":\"ListItem\",\"position\":1,\"name\":\"Domovsk\u00e1 str\u00e1nka\",\"item\":\"https:\\\/\\\/pmza.sk\\\/\"},{\"@type\":\"ListItem\",\"position\":2,\"name\":\"Predmetom mesiaca okt\u00f3ber inv\u00e1zne astry\"}]},{\"@type\":\"WebSite\",\"@id\":\"https:\\\/\\\/pmza.sk\\\/#website\",\"url\":\"https:\\\/\\\/pmza.sk\\\/\",\"name\":\"Pova\u017esk\u00e9 m\u00fazeum\",\"description\":\"Pova\u017esk\u00e9 m\u00fazeum v \u017diline je region\u00e1lne m\u00fazeum so s\u00eddlom v Budat\u00edne. Jeho expoz\u00edcie s\u00fa zameran\u00e9 na dejiny slovensk\u00e9ho umenia, kult\u00fary a dopravy.\",\"publisher\":{\"@id\":\"https:\\\/\\\/pmza.sk\\\/#organization\"},\"potentialAction\":[{\"@type\":\"SearchAction\",\"target\":{\"@type\":\"EntryPoint\",\"urlTemplate\":\"https:\\\/\\\/pmza.sk\\\/?s={search_term_string}\"},\"query-input\":{\"@type\":\"PropertyValueSpecification\",\"valueRequired\":true,\"valueName\":\"search_term_string\"}}],\"inLanguage\":\"sk-SK\"},{\"@type\":\"Organization\",\"@id\":\"https:\\\/\\\/pmza.sk\\\/#organization\",\"name\":\"Pova\u017esk\u00e9 m\u00fazeum\",\"url\":\"https:\\\/\\\/pmza.sk\\\/\",\"logo\":{\"@type\":\"ImageObject\",\"inLanguage\":\"sk-SK\",\"@id\":\"https:\\\/\\\/pmza.sk\\\/#\\\/schema\\\/logo\\\/image\\\/\",\"url\":\"https:\\\/\\\/pmza.sk\\\/wp-content\\\/uploads\\\/2022\\\/01\\\/logo_PM_horizontal.jpg\",\"contentUrl\":\"https:\\\/\\\/pmza.sk\\\/wp-content\\\/uploads\\\/2022\\\/01\\\/logo_PM_horizontal.jpg\",\"width\":231,\"height\":142,\"caption\":\"Pova\u017esk\u00e9 m\u00fazeum\"},\"image\":{\"@id\":\"https:\\\/\\\/pmza.sk\\\/#\\\/schema\\\/logo\\\/image\\\/\"},\"sameAs\":[\"https:\\\/\\\/www.facebook.com\\\/povazskemuzeum\",\"https:\\\/\\\/www.instagram.com\\\/povazskemuzeum\\\/\"]},{\"@type\":\"Person\",\"@id\":\"https:\\\/\\\/pmza.sk\\\/#\\\/schema\\\/person\\\/595e6a2ce731ea94dcd5d7f50a41ae33\",\"name\":\"Pova\u017esk\u00e9 m\u00fazeum\",\"image\":{\"@type\":\"ImageObject\",\"inLanguage\":\"sk-SK\",\"@id\":\"https:\\\/\\\/secure.gravatar.com\\\/avatar\\\/2bb7f1561282132fb5826dfeccc66c7996d11ee392ac6aaf7ced8a1c2027fbb2?s=96&d=mm&r=g\",\"url\":\"https:\\\/\\\/secure.gravatar.com\\\/avatar\\\/2bb7f1561282132fb5826dfeccc66c7996d11ee392ac6aaf7ced8a1c2027fbb2?s=96&d=mm&r=g\",\"contentUrl\":\"https:\\\/\\\/secure.gravatar.com\\\/avatar\\\/2bb7f1561282132fb5826dfeccc66c7996d11ee392ac6aaf7ced8a1c2027fbb2?s=96&d=mm&r=g\",\"caption\":\"Pova\u017esk\u00e9 m\u00fazeum\"}}]}<\/script>\n<!-- \/ Yoast SEO plugin. -->","yoast_head_json":{"title":"Predmetom mesiaca okt\u00f3ber inv\u00e1zne astry - Pova\u017esk\u00e9 m\u00fazeum","robots":{"index":"index","follow":"follow","max-snippet":"max-snippet:-1","max-image-preview":"max-image-preview:large","max-video-preview":"max-video-preview:-1"},"canonical":"https:\/\/pmza.sk\/?p=46037","og_locale":"sk_SK","og_type":"article","og_title":"Predmetom mesiaca okt\u00f3ber inv\u00e1zne astry - Pova\u017esk\u00e9 m\u00fazeum","og_description":"Inv\u00e1zne astry \u2013 atrakt\u00edvne, ale agres\u00edvne sa \u0161\u00edriace Najv\u010fa\u010dnej\u0161\u00edmi kvetinami okt\u00f3bra s\u00fa astry, zn\u00e1\u0161aj\u00fa pr\u00edzemn\u00e9 mraz\u00edky a mno\u017estvom atrakt\u00edvnych kultivarov skr\u00e1\u0161\u013euj\u00fa jesenn\u00e9 z\u00e1hradky aj cintor\u00edny. Ve\u013ek\u00fa skupinu astier rast\u00facich v\u00a0na\u0161ej krajine v\u0161ak ozna\u010dujeme ako inv\u00e1zne, preto\u017ee sa agres\u00edvne a nekompromisne \u0161\u00edria \u00fazem\u00edm, tvoria rozsiahle \u00a0jednoliate porasty a\u00a0t\u00fdm uberaj\u00fa \u017eivotn\u00fd priestor dom\u00e1cim rastlinn\u00fdm spolo\u010denstv\u00e1m. S\u00fa konkuren\u010dne [&hellip;]","og_url":"https:\/\/pmza.sk\/?p=46037","og_site_name":"Pova\u017esk\u00e9 m\u00fazeum","article_publisher":"https:\/\/www.facebook.com\/povazskemuzeum","article_published_time":"2021-10-07T09:01:23+00:00","article_modified_time":"2022-02-23T07:31:19+00:00","og_image":[{"width":1625,"height":1290,"url":"https:\/\/pmza.sk\/wp-content\/uploads\/2021\/10\/astry-hrad-web.jpg","type":"image\/jpeg"}],"author":"Pova\u017esk\u00e9 m\u00fazeum","twitter_card":"summary_large_image","twitter_misc":{"Autor":"Pova\u017esk\u00e9 m\u00fazeum","Predpokladan\u00fd \u010das \u010d\u00edtania":"4 min\u00faty"},"schema":{"@context":"https:\/\/schema.org","@graph":[{"@type":"Article","@id":"https:\/\/pmza.sk\/?p=46037#article","isPartOf":{"@id":"https:\/\/pmza.sk\/?p=46037"},"author":{"name":"Pova\u017esk\u00e9 m\u00fazeum","@id":"https:\/\/pmza.sk\/#\/schema\/person\/595e6a2ce731ea94dcd5d7f50a41ae33"},"headline":"Predmetom mesiaca okt\u00f3ber inv\u00e1zne astry","datePublished":"2021-10-07T09:01:23+00:00","dateModified":"2022-02-23T07:31:19+00:00","mainEntityOfPage":{"@id":"https:\/\/pmza.sk\/?p=46037"},"wordCount":670,"publisher":{"@id":"https:\/\/pmza.sk\/#organization"},"image":{"@id":"https:\/\/pmza.sk\/?p=46037#primaryimage"},"thumbnailUrl":"https:\/\/pmza.sk\/wp-content\/uploads\/2021\/10\/astry-hrad-web.jpg","articleSection":["Aktuality"],"inLanguage":"sk-SK"},{"@type":"WebPage","@id":"https:\/\/pmza.sk\/?p=46037","url":"https:\/\/pmza.sk\/?p=46037","name":"Predmetom mesiaca okt\u00f3ber inv\u00e1zne astry - Pova\u017esk\u00e9 m\u00fazeum","isPartOf":{"@id":"https:\/\/pmza.sk\/#website"},"primaryImageOfPage":{"@id":"https:\/\/pmza.sk\/?p=46037#primaryimage"},"image":{"@id":"https:\/\/pmza.sk\/?p=46037#primaryimage"},"thumbnailUrl":"https:\/\/pmza.sk\/wp-content\/uploads\/2021\/10\/astry-hrad-web.jpg","datePublished":"2021-10-07T09:01:23+00:00","dateModified":"2022-02-23T07:31:19+00:00","breadcrumb":{"@id":"https:\/\/pmza.sk\/?p=46037#breadcrumb"},"inLanguage":"sk-SK","potentialAction":[{"@type":"ReadAction","target":["https:\/\/pmza.sk\/?p=46037"]}]},{"@type":"ImageObject","inLanguage":"sk-SK","@id":"https:\/\/pmza.sk\/?p=46037#primaryimage","url":"https:\/\/pmza.sk\/wp-content\/uploads\/2021\/10\/astry-hrad-web.jpg","contentUrl":"https:\/\/pmza.sk\/wp-content\/uploads\/2021\/10\/astry-hrad-web.jpg","width":1625,"height":1290,"caption":"predmet mesiaca v infopulte Budat\u00ednskeho hradu"},{"@type":"BreadcrumbList","@id":"https:\/\/pmza.sk\/?p=46037#breadcrumb","itemListElement":[{"@type":"ListItem","position":1,"name":"Domovsk\u00e1 str\u00e1nka","item":"https:\/\/pmza.sk\/"},{"@type":"ListItem","position":2,"name":"Predmetom mesiaca okt\u00f3ber inv\u00e1zne astry"}]},{"@type":"WebSite","@id":"https:\/\/pmza.sk\/#website","url":"https:\/\/pmza.sk\/","name":"Pova\u017esk\u00e9 m\u00fazeum","description":"Pova\u017esk\u00e9 m\u00fazeum v \u017diline je region\u00e1lne m\u00fazeum so s\u00eddlom v Budat\u00edne. Jeho expoz\u00edcie s\u00fa zameran\u00e9 na dejiny slovensk\u00e9ho umenia, kult\u00fary a dopravy.","publisher":{"@id":"https:\/\/pmza.sk\/#organization"},"potentialAction":[{"@type":"SearchAction","target":{"@type":"EntryPoint","urlTemplate":"https:\/\/pmza.sk\/?s={search_term_string}"},"query-input":{"@type":"PropertyValueSpecification","valueRequired":true,"valueName":"search_term_string"}}],"inLanguage":"sk-SK"},{"@type":"Organization","@id":"https:\/\/pmza.sk\/#organization","name":"Pova\u017esk\u00e9 m\u00fazeum","url":"https:\/\/pmza.sk\/","logo":{"@type":"ImageObject","inLanguage":"sk-SK","@id":"https:\/\/pmza.sk\/#\/schema\/logo\/image\/","url":"https:\/\/pmza.sk\/wp-content\/uploads\/2022\/01\/logo_PM_horizontal.jpg","contentUrl":"https:\/\/pmza.sk\/wp-content\/uploads\/2022\/01\/logo_PM_horizontal.jpg","width":231,"height":142,"caption":"Pova\u017esk\u00e9 m\u00fazeum"},"image":{"@id":"https:\/\/pmza.sk\/#\/schema\/logo\/image\/"},"sameAs":["https:\/\/www.facebook.com\/povazskemuzeum","https:\/\/www.instagram.com\/povazskemuzeum\/"]},{"@type":"Person","@id":"https:\/\/pmza.sk\/#\/schema\/person\/595e6a2ce731ea94dcd5d7f50a41ae33","name":"Pova\u017esk\u00e9 m\u00fazeum","image":{"@type":"ImageObject","inLanguage":"sk-SK","@id":"https:\/\/secure.gravatar.com\/avatar\/2bb7f1561282132fb5826dfeccc66c7996d11ee392ac6aaf7ced8a1c2027fbb2?s=96&d=mm&r=g","url":"https:\/\/secure.gravatar.com\/avatar\/2bb7f1561282132fb5826dfeccc66c7996d11ee392ac6aaf7ced8a1c2027fbb2?s=96&d=mm&r=g","contentUrl":"https:\/\/secure.gravatar.com\/avatar\/2bb7f1561282132fb5826dfeccc66c7996d11ee392ac6aaf7ced8a1c2027fbb2?s=96&d=mm&r=g","caption":"Pova\u017esk\u00e9 m\u00fazeum"}}]}},"_links":{"self":[{"href":"https:\/\/pmza.sk\/index.php?rest_route=\/wp\/v2\/posts\/46037","targetHints":{"allow":["GET"]}}],"collection":[{"href":"https:\/\/pmza.sk\/index.php?rest_route=\/wp\/v2\/posts"}],"about":[{"href":"https:\/\/pmza.sk\/index.php?rest_route=\/wp\/v2\/types\/post"}],"author":[{"embeddable":true,"href":"https:\/\/pmza.sk\/index.php?rest_route=\/wp\/v2\/users\/2"}],"replies":[{"embeddable":true,"href":"https:\/\/pmza.sk\/index.php?rest_route=%2Fwp%2Fv2%2Fcomments&post=46037"}],"version-history":[{"count":0,"href":"https:\/\/pmza.sk\/index.php?rest_route=\/wp\/v2\/posts\/46037\/revisions"}],"wp:featuredmedia":[{"embeddable":true,"href":"https:\/\/pmza.sk\/index.php?rest_route=\/wp\/v2\/media\/46038"}],"wp:attachment":[{"href":"https:\/\/pmza.sk\/index.php?rest_route=%2Fwp%2Fv2%2Fmedia&parent=46037"}],"wp:term":[{"taxonomy":"category","embeddable":true,"href":"https:\/\/pmza.sk\/index.php?rest_route=%2Fwp%2Fv2%2Fcategories&post=46037"},{"taxonomy":"post_tag","embeddable":true,"href":"https:\/\/pmza.sk\/index.php?rest_route=%2Fwp%2Fv2%2Ftags&post=46037"}],"curies":[{"name":"wp","href":"https:\/\/api.w.org\/{rel}","templated":true}]}}