{"id":46136,"date":"2021-10-29T13:14:19","date_gmt":"2021-10-29T11:14:19","guid":{"rendered":"https:\/\/pmza.sk\/?p=46136"},"modified":"2022-02-23T08:31:18","modified_gmt":"2022-02-23T07:31:18","slug":"budatinsky-hrad-bude-opat-zeleny","status":"publish","type":"post","link":"https:\/\/pmza.sk\/?p=46136","title":{"rendered":"Budat\u00ednsky hrad bude op\u00e4\u0165 zelen\u00fd"},"content":{"rendered":"<p>U\u017e t\u00fato nede\u013eu, 31. okt\u00f3bra, za\u010d\u00edna v\u00a0Glasgowe konferencia OSN o\u00a0zmene kl\u00edmy, zn\u00e1ma ako COP26 ktorej hostite\u013eskou krajinou je Spojen\u00e9 kr\u00e1\u013eovstvo. L\u00eddri z\u00a0cel\u00e9ho sveta, vr\u00e1tane t\u00fdch zo Slovenska, bud\u00fa spolo\u010dne rokova\u0165 o\u00a0ambici\u00f3znych cie\u013eoch na z\u00e1chranu plan\u00e9ty.<\/p>\n<p>Britsk\u00e9 ve\u013evyslanectvo v\u00a0Bratislave dlhodobo \u00fazko spolupracuje s\u00a0partnermi na Slovensku a\u00a0ako predsedn\u00edcka krajina COP26 sme odhodlan\u00ed maximalizova\u0165 amb\u00edcie samitu a\u00a0dospie\u0165 k\u00a0\u010do najpozit\u00edvnej\u0161iemu v\u00fdsledku tak, ako to od n\u00e1s ob\u010dania o\u010dak\u00e1vaj\u00fa.<\/p>\n<p>V snahe zv\u00fd\u0161i\u0165 na Slovensku povedomie o konferencii\u00a0COP26, sme oslovili viacero in\u0161tit\u00faci\u00ed s\u00a0ponukou a so \u017eiados\u0165ou nasvieti\u0165 svoje budovy do zelenej farby a vyjadri\u0165 tak spolo\u010dne postoj k\u00a0ochrane kl\u00edmy a\u00a0na\u0161ej plan\u00e9ty.<\/p>\n<p>Ve\u013evyslanec Nigel Baker povedal: \u201e<em>Mno\u017estvo pozit\u00edvnych odpoved\u00ed a r\u00f4znorodos\u0165 stavieb, vr\u00e1tanie viacer\u00fdch slovensk\u00fdch domin\u00e1nt, ktor\u00e9 sa k n\u00e1m pridaj\u00fa, ma naozaj pote\u0161ilo. Je to ve\u013emi povzbudzuj\u00faci sign\u00e1l z r\u00f4znych \u010dast\u00ed slovenskej spolo\u010dnosti vr\u00e1tane vl\u00e1dnej, akademickej, kult\u00farnej, medi\u00e1lnej a \u010fal\u0161\u00edch, \u017ee im na ochrane plan\u00e9ty z\u00e1le\u017e\u00ed. O\u010dak\u00e1vame, \u017ee COP26 prinesie z\u00e1sadn\u00fd a praktick\u00fd zlom z h\u013eadiska zn\u00ed\u017eenia emisi\u00ed a ochrany \u017eivotn\u00e9ho prostredia. A aj Slovensko zohr\u00e1 svoju rolu<\/em>.\u201d<\/p>\n<p>Svieti\u0165 na zeleno bude po\u010das vrcholn\u00e9ho stretnutia z\u00fa\u010dastnen\u00fdch hl\u00e1v \u0161t\u00e1tov, 1. \u2013 2. novembra viac ako 20 budov naprie\u010d cel\u00fdm Slovenskom. \u00a0V s\u00favislosti so symbolickou vizu\u00e1lnou str\u00e1nkou tohto projektu ve\u013evyslanec Baker dodal: \u201e<em>U\u017e teraz sa te\u0161\u00edm na fotografie budov, ktor\u00e9 nasvietia Slovensko na zeleno. Budem ich hrdo zdie\u013ea\u0165 s kolegami v Spojenom kr\u00e1\u013eovstve a \u0161ir\u0161\u00edm organiza\u010dn\u00fdm t\u00edmom COP26 ako jasn\u00fd odkaz zo Slovenska.\u201d<\/em><\/p>\n<p>Cie\u013eom projektu v\u0161ak nie je len nasvietenie budov. Niektor\u00ed partneri sa napriek ich ve\u013ek\u00e9mu nad\u0161eniu pre t\u00fato my\u0161lienku nem\u00f4\u017eu k v\u00fdzve prida\u0165, vzh\u013eadom na nedostato\u010dn\u00e9 technick\u00e9 vybavenie.\u00a0 Preto sa prid\u00e1vaj\u00fa virtu\u00e1lne a to prostredn\u00edctvom soci\u00e1lnych m\u00e9di\u00ed, kde si ako svoje pozadie zvolia na \u010das trvania konferencie (31. okt\u00f3ber \u2013 12. november) logo COP26.<\/p>\n<p>Monika Hole\u010dkov\u00e1<\/p>\n<p>tla\u010dov\u00e1 tajomn\u00ed\u010dka &#8211; British Embassy Bratislava<\/p>\n<p>Zoznam partnerov, ktor\u00ed sa k iniciat\u00edve prid\u00e1vaj\u00fa nasvieten\u00edm svojich budov:<\/p>\n<table width=\"537\">\n<tbody>\n<tr>\n<td width=\"206\">\n<p>Bratislava<\/p>\n<\/td>\n<td width=\"331\">\n<p>Britsk\u00e9 ve\u013evyslanectvo (Pansk\u00e1 16)<\/p>\n<\/td>\n<\/tr>\n<tr>\n<td width=\"206\">\n<p>Bratislava<\/p>\n<\/td>\n<td width=\"331\">\n<p>Prezidentsk\u00fd pal\u00e1c<\/p>\n<\/td>\n<\/tr>\n<tr>\n<td width=\"206\">\n<p>Bratislava<\/p>\n<\/td>\n<td width=\"331\">\n<p>Ministerstvo \u017eivotn\u00e9ho prostredia<\/p>\n<\/td>\n<\/tr>\n<tr>\n<td width=\"206\">\n<p>Bratislava<\/p>\n<\/td>\n<td width=\"331\">\n<p>Primaci\u00e1lny pal\u00e1c<\/p>\n<\/td>\n<\/tr>\n<tr>\n<td width=\"206\">\n<p>Bratislava<\/p>\n<\/td>\n<td width=\"331\">\n<p>Slovensk\u00e9 n\u00e1rodn\u00e9 divadlo (nov\u00e1 budova)<\/p>\n<\/td>\n<\/tr>\n<tr>\n<td width=\"206\">\n<p>Bratislava<\/p>\n<\/td>\n<td width=\"331\">\n<p>Eurovea<\/p>\n<\/td>\n<\/tr>\n<tr>\n<td width=\"206\">\n<p>Bratislava<\/p>\n<\/td>\n<td width=\"331\">\n<p>Univerzita Komensk\u00e9ho<\/p>\n<\/td>\n<\/tr>\n<tr>\n<td width=\"206\">\n<p>Bratislava<\/p>\n<\/td>\n<td width=\"331\">\n<p>Nov\u00e1 Cvernovka<\/p>\n<\/td>\n<\/tr>\n<tr>\n<td width=\"206\">\n<p>Bratislava<\/p>\n<\/td>\n<td width=\"331\">\n<p>TV Mark\u00edza<\/p>\n<\/td>\n<\/tr>\n<tr>\n<td width=\"206\">\n<p>Trnava<\/p>\n<\/td>\n<td width=\"331\">\n<p>Magistr\u00e1t<\/p>\n<\/td>\n<\/tr>\n<tr>\n<td width=\"206\">\n<p>Trnava<\/p>\n<\/td>\n<td width=\"331\">\n<p>Divadlo J\u00e1na Pal\u00e1rika<\/p>\n<\/td>\n<\/tr>\n<tr>\n<td width=\"206\">\n<p>Tren\u010d\u00edn<\/p>\n<\/td>\n<td width=\"331\">\n<p>Synag\u00f3ga<\/p>\n<\/td>\n<\/tr>\n<tr>\n<td width=\"206\">\n<p>Bojnice<\/p>\n<\/td>\n<td width=\"331\">\n<p>Z\u00e1mok Bojnice<\/p>\n<\/td>\n<\/tr>\n<tr>\n<td width=\"206\">\n<p>Nitra<\/p>\n<\/td>\n<td width=\"331\">\n<p>Slovensk\u00e1 po\u013enohospod\u00e1rska univerzita<\/p>\n<\/td>\n<\/tr>\n<tr>\n<td width=\"206\">\n<p>Nitra<\/p>\n<\/td>\n<td width=\"331\">\n<p>Chrenovsk\u00fd most<\/p>\n<\/td>\n<\/tr>\n<tr>\n<td width=\"206\">\n<p>\u017dilina<\/p>\n<\/td>\n<td width=\"331\">\n<p>Budat\u00ednsky hrad<\/p>\n<\/td>\n<\/tr>\n<tr>\n<td width=\"206\">\n<p>Bansk\u00e1 Bystrica<\/p>\n<\/td>\n<td width=\"331\">\n<p>Magistr\u00e1t<\/p>\n<\/td>\n<\/tr>\n<tr>\n<td width=\"206\">\n<p>Bansk\u00e1 Bystrica<\/p>\n<\/td>\n<td width=\"331\">\n<p>M\u00fazeum SNP<\/p>\n<\/td>\n<\/tr>\n<tr>\n<td width=\"206\">\n<p>Bansk\u00e1 Bystrica<\/p>\n<\/td>\n<td width=\"331\">\n<p>\u0160t\u00e1tna opera Bansk\u00e1 Bystrica<\/p>\n<\/td>\n<\/tr>\n<tr>\n<td width=\"206\">\n<p>Bansk\u00e1 \u0160tiavnica<\/p>\n<\/td>\n<td width=\"331\">\n<p>Nov\u00fd Z\u00e1mok<\/p>\n<\/td>\n<\/tr>\n<tr>\n<td width=\"206\">\n<p>Ko\u0161ice<\/p>\n<\/td>\n<td width=\"331\">\n<p>Magistr\u00e1t<\/p>\n<\/td>\n<\/tr>\n<tr>\n<td width=\"206\">\n<p>Ko\u0161ice<\/p>\n<\/td>\n<td width=\"331\">\n<p>D\u00f3m sv. Al\u017ebety<\/p>\n<\/td>\n<\/tr>\n<tr>\n<td width=\"206\">\n<p>Ko\u0161ice<\/p>\n<\/td>\n<td width=\"331\">\n<p>\u0160t\u00e1tne divadlo Ko\u0161ice<\/p>\n<\/td>\n<\/tr>\n<tr>\n<td width=\"206\">\n<p>Ko\u0161ice<\/p>\n<\/td>\n<td width=\"331\">\n<p>Univerzita P.J. \u0160af\u00e1rika<\/p>\n<\/td>\n<\/tr>\n<tr>\n<td width=\"206\">\n<p>Ko\u0161ice<\/p>\n<\/td>\n<td width=\"331\">\n<p>Technick\u00e1 univerzita Ko\u0161ice<\/p>\n<\/td>\n<\/tr>\n<tr>\n<td width=\"206\">\n<p>Ko\u0161ice<\/p>\n<\/td>\n<td width=\"331\">\n<p>Univerzita veterin\u00e1rskeho lek\u00e1rstva a farm\u00e1cie<\/p>\n<\/td>\n<\/tr>\n<tr>\n<td width=\"206\">\n<p>Ko\u0161ice<\/p>\n<\/td>\n<td width=\"331\">\n<p>Kas\u00e1rne\/Kulturpark<\/p>\n<\/td>\n<\/tr>\n<\/tbody>\n<\/table>\n","protected":false},"excerpt":{"rendered":"<p>U\u017e t\u00fato nede\u013eu, 31. okt\u00f3bra, za\u010d\u00edna v\u00a0Glasgowe konferencia OSN o\u00a0zmene kl\u00edmy, zn\u00e1ma ako COP26 ktorej hostite\u013eskou krajinou je Spojen\u00e9 kr\u00e1\u013eovstvo. L\u00eddri z\u00a0cel\u00e9ho sveta, vr\u00e1tane t\u00fdch zo Slovenska, bud\u00fa spolo\u010dne rokova\u0165 o\u00a0ambici\u00f3znych cie\u013eoch na z\u00e1chranu plan\u00e9ty. Britsk\u00e9 ve\u013evyslanectvo v\u00a0Bratislave dlhodobo \u00fazko spolupracuje s\u00a0partnermi na Slovensku a\u00a0ako predsedn\u00edcka krajina COP26 sme odhodlan\u00ed maximalizova\u0165 amb\u00edcie samitu a\u00a0dospie\u0165 k\u00a0\u010do [&hellip;]<\/p>\n","protected":false},"author":2,"featured_media":46137,"comment_status":"closed","ping_status":"closed","sticky":false,"template":"","format":"standard","meta":{"site-sidebar-layout":"default","site-content-layout":"","ast-site-content-layout":"","site-content-style":"default","site-sidebar-style":"default","ast-global-header-display":"","ast-banner-title-visibility":"","ast-main-header-display":"","ast-hfb-above-header-display":"","ast-hfb-below-header-display":"","ast-hfb-mobile-header-display":"","site-post-title":"","ast-breadcrumbs-content":"","ast-featured-img":"","footer-sml-layout":"","theme-transparent-header-meta":"","adv-header-id-meta":"","stick-header-meta":"","header-above-stick-meta":"","header-main-stick-meta":"","header-below-stick-meta":"","astra-migrate-meta-layouts":"default","ast-page-background-enabled":"default","ast-page-background-meta":{"desktop":{"background-color":"var(--ast-global-color-4)","background-image":"","background-repeat":"repeat","background-position":"center center","background-size":"auto","background-attachment":"scroll","background-type":"","background-media":"","overlay-type":"","overlay-color":"","overlay-opacity":"","overlay-gradient":""},"tablet":{"background-color":"","background-image":"","background-repeat":"repeat","background-position":"center center","background-size":"auto","background-attachment":"scroll","background-type":"","background-media":"","overlay-type":"","overlay-color":"","overlay-opacity":"","overlay-gradient":""},"mobile":{"background-color":"","background-image":"","background-repeat":"repeat","background-position":"center center","background-size":"auto","background-attachment":"scroll","background-type":"","background-media":"","overlay-type":"","overlay-color":"","overlay-opacity":"","overlay-gradient":""}},"ast-content-background-meta":{"desktop":{"background-color":"var(--ast-global-color-5)","background-image":"","background-repeat":"repeat","background-position":"center center","background-size":"auto","background-attachment":"scroll","background-type":"","background-media":"","overlay-type":"","overlay-color":"","overlay-opacity":"","overlay-gradient":""},"tablet":{"background-color":"var(--ast-global-color-5)","background-image":"","background-repeat":"repeat","background-position":"center center","background-size":"auto","background-attachment":"scroll","background-type":"","background-media":"","overlay-type":"","overlay-color":"","overlay-opacity":"","overlay-gradient":""},"mobile":{"background-color":"var(--ast-global-color-5)","background-image":"","background-repeat":"repeat","background-position":"center center","background-size":"auto","background-attachment":"scroll","background-type":"","background-media":"","overlay-type":"","overlay-color":"","overlay-opacity":"","overlay-gradient":""}},"footnotes":""},"categories":[31],"tags":[],"class_list":["post-46136","post","type-post","status-publish","format-standard","has-post-thumbnail","hentry","category-aktuality"],"yoast_head":"<!-- This site is optimized with the Yoast SEO plugin v27.4 - https:\/\/yoast.com\/product\/yoast-seo-wordpress\/ -->\n<title>Budat\u00ednsky hrad bude op\u00e4\u0165 zelen\u00fd - Pova\u017esk\u00e9 m\u00fazeum<\/title>\n<meta name=\"robots\" content=\"index, follow, max-snippet:-1, max-image-preview:large, max-video-preview:-1\" \/>\n<link rel=\"canonical\" href=\"https:\/\/pmza.sk\/?p=46136\" \/>\n<meta property=\"og:locale\" content=\"sk_SK\" \/>\n<meta property=\"og:type\" content=\"article\" \/>\n<meta property=\"og:title\" content=\"Budat\u00ednsky hrad bude op\u00e4\u0165 zelen\u00fd - Pova\u017esk\u00e9 m\u00fazeum\" \/>\n<meta property=\"og:description\" content=\"U\u017e t\u00fato nede\u013eu, 31. okt\u00f3bra, za\u010d\u00edna v\u00a0Glasgowe konferencia OSN o\u00a0zmene kl\u00edmy, zn\u00e1ma ako COP26 ktorej hostite\u013eskou krajinou je Spojen\u00e9 kr\u00e1\u013eovstvo. L\u00eddri z\u00a0cel\u00e9ho sveta, vr\u00e1tane t\u00fdch zo Slovenska, bud\u00fa spolo\u010dne rokova\u0165 o\u00a0ambici\u00f3znych cie\u013eoch na z\u00e1chranu plan\u00e9ty. Britsk\u00e9 ve\u013evyslanectvo v\u00a0Bratislave dlhodobo \u00fazko spolupracuje s\u00a0partnermi na Slovensku a\u00a0ako predsedn\u00edcka krajina COP26 sme odhodlan\u00ed maximalizova\u0165 amb\u00edcie samitu a\u00a0dospie\u0165 k\u00a0\u010do [&hellip;]\" \/>\n<meta property=\"og:url\" content=\"https:\/\/pmza.sk\/?p=46136\" \/>\n<meta property=\"og:site_name\" content=\"Pova\u017esk\u00e9 m\u00fazeum\" \/>\n<meta property=\"article:publisher\" content=\"https:\/\/www.facebook.com\/povazskemuzeum\" \/>\n<meta property=\"article:published_time\" content=\"2021-10-29T11:14:19+00:00\" \/>\n<meta property=\"article:modified_time\" content=\"2022-02-23T07:31:18+00:00\" \/>\n<meta property=\"og:image\" content=\"https:\/\/pmza.sk\/wp-content\/uploads\/2021\/10\/zeleny-BH.jpg\" \/>\n\t<meta property=\"og:image:width\" content=\"2016\" \/>\n\t<meta property=\"og:image:height\" content=\"930\" \/>\n\t<meta property=\"og:image:type\" content=\"image\/jpeg\" \/>\n<meta name=\"author\" content=\"Pova\u017esk\u00e9 m\u00fazeum\" \/>\n<meta name=\"twitter:card\" content=\"summary_large_image\" \/>\n<meta name=\"twitter:label1\" content=\"Autor\" \/>\n\t<meta name=\"twitter:data1\" content=\"Pova\u017esk\u00e9 m\u00fazeum\" \/>\n\t<meta name=\"twitter:label2\" content=\"Predpokladan\u00fd \u010das \u010d\u00edtania\" \/>\n\t<meta name=\"twitter:data2\" content=\"2 min\u00faty\" \/>\n<script type=\"application\/ld+json\" class=\"yoast-schema-graph\">{\"@context\":\"https:\\\/\\\/schema.org\",\"@graph\":[{\"@type\":\"Article\",\"@id\":\"https:\\\/\\\/pmza.sk\\\/?p=46136#article\",\"isPartOf\":{\"@id\":\"https:\\\/\\\/pmza.sk\\\/?p=46136\"},\"author\":{\"name\":\"Pova\u017esk\u00e9 m\u00fazeum\",\"@id\":\"https:\\\/\\\/pmza.sk\\\/#\\\/schema\\\/person\\\/595e6a2ce731ea94dcd5d7f50a41ae33\"},\"headline\":\"Budat\u00ednsky hrad bude op\u00e4\u0165 zelen\u00fd\",\"datePublished\":\"2021-10-29T11:14:19+00:00\",\"dateModified\":\"2022-02-23T07:31:18+00:00\",\"mainEntityOfPage\":{\"@id\":\"https:\\\/\\\/pmza.sk\\\/?p=46136\"},\"wordCount\":547,\"publisher\":{\"@id\":\"https:\\\/\\\/pmza.sk\\\/#organization\"},\"image\":{\"@id\":\"https:\\\/\\\/pmza.sk\\\/?p=46136#primaryimage\"},\"thumbnailUrl\":\"https:\\\/\\\/pmza.sk\\\/wp-content\\\/uploads\\\/2021\\\/10\\\/zeleny-BH.jpg\",\"articleSection\":[\"Aktuality\"],\"inLanguage\":\"sk-SK\"},{\"@type\":\"WebPage\",\"@id\":\"https:\\\/\\\/pmza.sk\\\/?p=46136\",\"url\":\"https:\\\/\\\/pmza.sk\\\/?p=46136\",\"name\":\"Budat\u00ednsky hrad bude op\u00e4\u0165 zelen\u00fd - Pova\u017esk\u00e9 m\u00fazeum\",\"isPartOf\":{\"@id\":\"https:\\\/\\\/pmza.sk\\\/#website\"},\"primaryImageOfPage\":{\"@id\":\"https:\\\/\\\/pmza.sk\\\/?p=46136#primaryimage\"},\"image\":{\"@id\":\"https:\\\/\\\/pmza.sk\\\/?p=46136#primaryimage\"},\"thumbnailUrl\":\"https:\\\/\\\/pmza.sk\\\/wp-content\\\/uploads\\\/2021\\\/10\\\/zeleny-BH.jpg\",\"datePublished\":\"2021-10-29T11:14:19+00:00\",\"dateModified\":\"2022-02-23T07:31:18+00:00\",\"breadcrumb\":{\"@id\":\"https:\\\/\\\/pmza.sk\\\/?p=46136#breadcrumb\"},\"inLanguage\":\"sk-SK\",\"potentialAction\":[{\"@type\":\"ReadAction\",\"target\":[\"https:\\\/\\\/pmza.sk\\\/?p=46136\"]}]},{\"@type\":\"ImageObject\",\"inLanguage\":\"sk-SK\",\"@id\":\"https:\\\/\\\/pmza.sk\\\/?p=46136#primaryimage\",\"url\":\"https:\\\/\\\/pmza.sk\\\/wp-content\\\/uploads\\\/2021\\\/10\\\/zeleny-BH.jpg\",\"contentUrl\":\"https:\\\/\\\/pmza.sk\\\/wp-content\\\/uploads\\\/2021\\\/10\\\/zeleny-BH.jpg\",\"width\":2016,\"height\":930},{\"@type\":\"BreadcrumbList\",\"@id\":\"https:\\\/\\\/pmza.sk\\\/?p=46136#breadcrumb\",\"itemListElement\":[{\"@type\":\"ListItem\",\"position\":1,\"name\":\"Domovsk\u00e1 str\u00e1nka\",\"item\":\"https:\\\/\\\/pmza.sk\\\/\"},{\"@type\":\"ListItem\",\"position\":2,\"name\":\"Budat\u00ednsky hrad bude op\u00e4\u0165 zelen\u00fd\"}]},{\"@type\":\"WebSite\",\"@id\":\"https:\\\/\\\/pmza.sk\\\/#website\",\"url\":\"https:\\\/\\\/pmza.sk\\\/\",\"name\":\"Pova\u017esk\u00e9 m\u00fazeum\",\"description\":\"Pova\u017esk\u00e9 m\u00fazeum v \u017diline je region\u00e1lne m\u00fazeum so s\u00eddlom v Budat\u00edne. Jeho expoz\u00edcie s\u00fa zameran\u00e9 na dejiny slovensk\u00e9ho umenia, kult\u00fary a dopravy.\",\"publisher\":{\"@id\":\"https:\\\/\\\/pmza.sk\\\/#organization\"},\"potentialAction\":[{\"@type\":\"SearchAction\",\"target\":{\"@type\":\"EntryPoint\",\"urlTemplate\":\"https:\\\/\\\/pmza.sk\\\/?s={search_term_string}\"},\"query-input\":{\"@type\":\"PropertyValueSpecification\",\"valueRequired\":true,\"valueName\":\"search_term_string\"}}],\"inLanguage\":\"sk-SK\"},{\"@type\":\"Organization\",\"@id\":\"https:\\\/\\\/pmza.sk\\\/#organization\",\"name\":\"Pova\u017esk\u00e9 m\u00fazeum\",\"url\":\"https:\\\/\\\/pmza.sk\\\/\",\"logo\":{\"@type\":\"ImageObject\",\"inLanguage\":\"sk-SK\",\"@id\":\"https:\\\/\\\/pmza.sk\\\/#\\\/schema\\\/logo\\\/image\\\/\",\"url\":\"https:\\\/\\\/pmza.sk\\\/wp-content\\\/uploads\\\/2022\\\/01\\\/logo_PM_horizontal.jpg\",\"contentUrl\":\"https:\\\/\\\/pmza.sk\\\/wp-content\\\/uploads\\\/2022\\\/01\\\/logo_PM_horizontal.jpg\",\"width\":231,\"height\":142,\"caption\":\"Pova\u017esk\u00e9 m\u00fazeum\"},\"image\":{\"@id\":\"https:\\\/\\\/pmza.sk\\\/#\\\/schema\\\/logo\\\/image\\\/\"},\"sameAs\":[\"https:\\\/\\\/www.facebook.com\\\/povazskemuzeum\",\"https:\\\/\\\/www.instagram.com\\\/povazskemuzeum\\\/\"]},{\"@type\":\"Person\",\"@id\":\"https:\\\/\\\/pmza.sk\\\/#\\\/schema\\\/person\\\/595e6a2ce731ea94dcd5d7f50a41ae33\",\"name\":\"Pova\u017esk\u00e9 m\u00fazeum\",\"image\":{\"@type\":\"ImageObject\",\"inLanguage\":\"sk-SK\",\"@id\":\"https:\\\/\\\/secure.gravatar.com\\\/avatar\\\/2bb7f1561282132fb5826dfeccc66c7996d11ee392ac6aaf7ced8a1c2027fbb2?s=96&d=mm&r=g\",\"url\":\"https:\\\/\\\/secure.gravatar.com\\\/avatar\\\/2bb7f1561282132fb5826dfeccc66c7996d11ee392ac6aaf7ced8a1c2027fbb2?s=96&d=mm&r=g\",\"contentUrl\":\"https:\\\/\\\/secure.gravatar.com\\\/avatar\\\/2bb7f1561282132fb5826dfeccc66c7996d11ee392ac6aaf7ced8a1c2027fbb2?s=96&d=mm&r=g\",\"caption\":\"Pova\u017esk\u00e9 m\u00fazeum\"}}]}<\/script>\n<!-- \/ Yoast SEO plugin. -->","yoast_head_json":{"title":"Budat\u00ednsky hrad bude op\u00e4\u0165 zelen\u00fd - Pova\u017esk\u00e9 m\u00fazeum","robots":{"index":"index","follow":"follow","max-snippet":"max-snippet:-1","max-image-preview":"max-image-preview:large","max-video-preview":"max-video-preview:-1"},"canonical":"https:\/\/pmza.sk\/?p=46136","og_locale":"sk_SK","og_type":"article","og_title":"Budat\u00ednsky hrad bude op\u00e4\u0165 zelen\u00fd - Pova\u017esk\u00e9 m\u00fazeum","og_description":"U\u017e t\u00fato nede\u013eu, 31. okt\u00f3bra, za\u010d\u00edna v\u00a0Glasgowe konferencia OSN o\u00a0zmene kl\u00edmy, zn\u00e1ma ako COP26 ktorej hostite\u013eskou krajinou je Spojen\u00e9 kr\u00e1\u013eovstvo. L\u00eddri z\u00a0cel\u00e9ho sveta, vr\u00e1tane t\u00fdch zo Slovenska, bud\u00fa spolo\u010dne rokova\u0165 o\u00a0ambici\u00f3znych cie\u013eoch na z\u00e1chranu plan\u00e9ty. Britsk\u00e9 ve\u013evyslanectvo v\u00a0Bratislave dlhodobo \u00fazko spolupracuje s\u00a0partnermi na Slovensku a\u00a0ako predsedn\u00edcka krajina COP26 sme odhodlan\u00ed maximalizova\u0165 amb\u00edcie samitu a\u00a0dospie\u0165 k\u00a0\u010do [&hellip;]","og_url":"https:\/\/pmza.sk\/?p=46136","og_site_name":"Pova\u017esk\u00e9 m\u00fazeum","article_publisher":"https:\/\/www.facebook.com\/povazskemuzeum","article_published_time":"2021-10-29T11:14:19+00:00","article_modified_time":"2022-02-23T07:31:18+00:00","og_image":[{"width":2016,"height":930,"url":"https:\/\/pmza.sk\/wp-content\/uploads\/2021\/10\/zeleny-BH.jpg","type":"image\/jpeg"}],"author":"Pova\u017esk\u00e9 m\u00fazeum","twitter_card":"summary_large_image","twitter_misc":{"Autor":"Pova\u017esk\u00e9 m\u00fazeum","Predpokladan\u00fd \u010das \u010d\u00edtania":"2 min\u00faty"},"schema":{"@context":"https:\/\/schema.org","@graph":[{"@type":"Article","@id":"https:\/\/pmza.sk\/?p=46136#article","isPartOf":{"@id":"https:\/\/pmza.sk\/?p=46136"},"author":{"name":"Pova\u017esk\u00e9 m\u00fazeum","@id":"https:\/\/pmza.sk\/#\/schema\/person\/595e6a2ce731ea94dcd5d7f50a41ae33"},"headline":"Budat\u00ednsky hrad bude op\u00e4\u0165 zelen\u00fd","datePublished":"2021-10-29T11:14:19+00:00","dateModified":"2022-02-23T07:31:18+00:00","mainEntityOfPage":{"@id":"https:\/\/pmza.sk\/?p=46136"},"wordCount":547,"publisher":{"@id":"https:\/\/pmza.sk\/#organization"},"image":{"@id":"https:\/\/pmza.sk\/?p=46136#primaryimage"},"thumbnailUrl":"https:\/\/pmza.sk\/wp-content\/uploads\/2021\/10\/zeleny-BH.jpg","articleSection":["Aktuality"],"inLanguage":"sk-SK"},{"@type":"WebPage","@id":"https:\/\/pmza.sk\/?p=46136","url":"https:\/\/pmza.sk\/?p=46136","name":"Budat\u00ednsky hrad bude op\u00e4\u0165 zelen\u00fd - Pova\u017esk\u00e9 m\u00fazeum","isPartOf":{"@id":"https:\/\/pmza.sk\/#website"},"primaryImageOfPage":{"@id":"https:\/\/pmza.sk\/?p=46136#primaryimage"},"image":{"@id":"https:\/\/pmza.sk\/?p=46136#primaryimage"},"thumbnailUrl":"https:\/\/pmza.sk\/wp-content\/uploads\/2021\/10\/zeleny-BH.jpg","datePublished":"2021-10-29T11:14:19+00:00","dateModified":"2022-02-23T07:31:18+00:00","breadcrumb":{"@id":"https:\/\/pmza.sk\/?p=46136#breadcrumb"},"inLanguage":"sk-SK","potentialAction":[{"@type":"ReadAction","target":["https:\/\/pmza.sk\/?p=46136"]}]},{"@type":"ImageObject","inLanguage":"sk-SK","@id":"https:\/\/pmza.sk\/?p=46136#primaryimage","url":"https:\/\/pmza.sk\/wp-content\/uploads\/2021\/10\/zeleny-BH.jpg","contentUrl":"https:\/\/pmza.sk\/wp-content\/uploads\/2021\/10\/zeleny-BH.jpg","width":2016,"height":930},{"@type":"BreadcrumbList","@id":"https:\/\/pmza.sk\/?p=46136#breadcrumb","itemListElement":[{"@type":"ListItem","position":1,"name":"Domovsk\u00e1 str\u00e1nka","item":"https:\/\/pmza.sk\/"},{"@type":"ListItem","position":2,"name":"Budat\u00ednsky hrad bude op\u00e4\u0165 zelen\u00fd"}]},{"@type":"WebSite","@id":"https:\/\/pmza.sk\/#website","url":"https:\/\/pmza.sk\/","name":"Pova\u017esk\u00e9 m\u00fazeum","description":"Pova\u017esk\u00e9 m\u00fazeum v \u017diline je region\u00e1lne m\u00fazeum so s\u00eddlom v Budat\u00edne. Jeho expoz\u00edcie s\u00fa zameran\u00e9 na dejiny slovensk\u00e9ho umenia, kult\u00fary a dopravy.","publisher":{"@id":"https:\/\/pmza.sk\/#organization"},"potentialAction":[{"@type":"SearchAction","target":{"@type":"EntryPoint","urlTemplate":"https:\/\/pmza.sk\/?s={search_term_string}"},"query-input":{"@type":"PropertyValueSpecification","valueRequired":true,"valueName":"search_term_string"}}],"inLanguage":"sk-SK"},{"@type":"Organization","@id":"https:\/\/pmza.sk\/#organization","name":"Pova\u017esk\u00e9 m\u00fazeum","url":"https:\/\/pmza.sk\/","logo":{"@type":"ImageObject","inLanguage":"sk-SK","@id":"https:\/\/pmza.sk\/#\/schema\/logo\/image\/","url":"https:\/\/pmza.sk\/wp-content\/uploads\/2022\/01\/logo_PM_horizontal.jpg","contentUrl":"https:\/\/pmza.sk\/wp-content\/uploads\/2022\/01\/logo_PM_horizontal.jpg","width":231,"height":142,"caption":"Pova\u017esk\u00e9 m\u00fazeum"},"image":{"@id":"https:\/\/pmza.sk\/#\/schema\/logo\/image\/"},"sameAs":["https:\/\/www.facebook.com\/povazskemuzeum","https:\/\/www.instagram.com\/povazskemuzeum\/"]},{"@type":"Person","@id":"https:\/\/pmza.sk\/#\/schema\/person\/595e6a2ce731ea94dcd5d7f50a41ae33","name":"Pova\u017esk\u00e9 m\u00fazeum","image":{"@type":"ImageObject","inLanguage":"sk-SK","@id":"https:\/\/secure.gravatar.com\/avatar\/2bb7f1561282132fb5826dfeccc66c7996d11ee392ac6aaf7ced8a1c2027fbb2?s=96&d=mm&r=g","url":"https:\/\/secure.gravatar.com\/avatar\/2bb7f1561282132fb5826dfeccc66c7996d11ee392ac6aaf7ced8a1c2027fbb2?s=96&d=mm&r=g","contentUrl":"https:\/\/secure.gravatar.com\/avatar\/2bb7f1561282132fb5826dfeccc66c7996d11ee392ac6aaf7ced8a1c2027fbb2?s=96&d=mm&r=g","caption":"Pova\u017esk\u00e9 m\u00fazeum"}}]}},"_links":{"self":[{"href":"https:\/\/pmza.sk\/index.php?rest_route=\/wp\/v2\/posts\/46136","targetHints":{"allow":["GET"]}}],"collection":[{"href":"https:\/\/pmza.sk\/index.php?rest_route=\/wp\/v2\/posts"}],"about":[{"href":"https:\/\/pmza.sk\/index.php?rest_route=\/wp\/v2\/types\/post"}],"author":[{"embeddable":true,"href":"https:\/\/pmza.sk\/index.php?rest_route=\/wp\/v2\/users\/2"}],"replies":[{"embeddable":true,"href":"https:\/\/pmza.sk\/index.php?rest_route=%2Fwp%2Fv2%2Fcomments&post=46136"}],"version-history":[{"count":0,"href":"https:\/\/pmza.sk\/index.php?rest_route=\/wp\/v2\/posts\/46136\/revisions"}],"wp:featuredmedia":[{"embeddable":true,"href":"https:\/\/pmza.sk\/index.php?rest_route=\/wp\/v2\/media\/46137"}],"wp:attachment":[{"href":"https:\/\/pmza.sk\/index.php?rest_route=%2Fwp%2Fv2%2Fmedia&parent=46136"}],"wp:term":[{"taxonomy":"category","embeddable":true,"href":"https:\/\/pmza.sk\/index.php?rest_route=%2Fwp%2Fv2%2Fcategories&post=46136"},{"taxonomy":"post_tag","embeddable":true,"href":"https:\/\/pmza.sk\/index.php?rest_route=%2Fwp%2Fv2%2Ftags&post=46136"}],"curies":[{"name":"wp","href":"https:\/\/api.w.org\/{rel}","templated":true}]}}