{"id":4614,"date":"2011-12-08T11:05:40","date_gmt":"2011-12-08T10:05:40","guid":{"rendered":"https:\/\/pmza.sk.sk\/?p=4614"},"modified":"2011-12-08T11:05:40","modified_gmt":"2011-12-08T10:05:40","slug":"kazdy-dovidi-na-hviezdy-iii","status":"publish","type":"post","link":"https:\/\/pmza.sk\/?p=4614","title":{"rendered":"Ka\u017ed\u00fd dovid\u00ed na hviezdy III."},"content":{"rendered":"<p><strong><\/strong><\/p>\n<p><a href=\"https:\/\/pmza.sk\/wp-content\/uploads\/2011\/12\/kazdy-dovidi.jpg\"><img fetchpriority=\"high\" decoding=\"async\" class=\"size-medium wp-image-4616 alignleft\" style=\"margin: 4px; border: 2px solid black;\" title=\"ka\u017ed\u00fd dovid\u00ed\" src=\"https:\/\/pmza.sk.sk\/wp-content\/uploads\/2011\/12\/ka\u017ed\u00fd-dovid\u00ed-300x225.jpg\" alt=\"\" width=\"300\" height=\"225\" \/><\/a>Zvl\u00e1dnut\u00edm z\u00e1kladn\u00fdch drot\u00e1rskych techn\u00edk bude tret\u00ed ro\u010dn\u00edk viano\u010dn\u00e9ho podujatia\u00a0<strong>Ka\u017ed\u00fd dovid\u00ed na hviezdy <\/strong>zameran\u00fd na pr\u00e1cu s\u00a0hlinou. Lektori projektu &#8211; \u017eilinsk\u00e1 v\u00fdtvarn\u00ed\u010dka M\u00e1ria Chomistekov\u00e1 a\u00a0soch\u00e1r Martin Dzurek z\u00a0Modry sprostredkuj\u00fa prostredn\u00edctvom \u00a0hliny\u00a0<em>Pr\u00edbeh umenia<\/em> v\u00a0nieko\u013ek\u00fdch umeleck\u00fdch zast\u00e1vkach.<\/p>\n<p><!--more-->V\u00a0roku 2009 sa zrealizoval pilotn\u00fd projekt Pova\u017esk\u00e9ho m\u00fazea v\u00a0\u017diline a\u00a0Krajsk\u00e9ho strediska \u00a0\u017dilina \u00danie nevidiacich a\u00a0slabozrak\u00fdch, ktor\u00e9ho nosnou aktivitou boli tvoriv\u00e9 dielne dr\u00f4tovania a\u00a0pali\u010dkovanej \u010dipky s\u00a0viano\u010dnou tematikou jednak pre klientov \u00danie, ale aj pre \u0161irok\u00fa verejnos\u0165. V\u00fdsledkom boli n\u00e1dhern\u00e9 dekora\u010dn\u00e9 predmety, nov\u00e9 priate\u013estv\u00e1 a\u00a0neopakovate\u013en\u00e1 atmosf\u00e9ra. Podujatie <strong>Ka\u017ed\u00fd dovid\u00ed na hviezdy<\/strong> v\u00a0roku 2010 vst\u00fapilo do svojho druh\u00e9ho ro\u010dn\u00edka. \u201e<em>V\u00a0renesan\u010dnom Sob\u00e1\u0161nom pal\u00e1ci v\u00a0Byt\u010di klienti \u00danie a\u00a0n\u00e1v\u0161tevn\u00edci pal\u00e1ca op\u00e4\u0165 vyr\u00e1bali z\u00a0dr\u00f4tu a\u00a0pali\u010dkovanej \u010dipky viano\u010dn\u00e9 dekor\u00e1cie a\u00a0z\u00e1rove\u0148 sa zdokona\u013eovali v\u00a0technik\u00e1ch, ktor\u00e9 si odsk\u00fa\u0161ali na prvom stretnut\u00ed. V\u00a0pal\u00e1ci bol prv\u00fdkr\u00e1t predstaven\u00fd monument\u00e1lny betlehem \u0161tiavnick\u00e9ho rezb\u00e1ra J\u00e1na Palka, ktor\u00fd si slabozrak\u00ed mohli prec\u00edti\u0165 aj rukami. Pre ostatn\u00fdch n\u00e1v\u0161tevn\u00edkov bola pripraven\u00e1 prezent\u00e1cia pom\u00f4cok a\u00a0zariaden\u00ed kompenzuj\u00facich stratu alebo po\u0161kodenie zraku<\/em>,\u201c zhodnotila druh\u00fd ro\u010dn\u00edk Erika Kan\u00e1tov\u00e1, ved\u00faca Krajsk\u00e9ho strediska UNSS v\u00a0\u017diline.<\/p>\n<p>Zvl\u00e1dnut\u00edm z\u00e1kladn\u00fdch drot\u00e1rskych techn\u00edk bude tret\u00ed ro\u010dn\u00edk viano\u010dn\u00e9ho podujatia\u00a0<strong>Ka\u017ed\u00fd dovid\u00ed na hviezdy <\/strong>zameran\u00fd na pr\u00e1cu s\u00a0hlinou. Lektori projektu &#8211; \u017eilinsk\u00e1 v\u00fdtvarn\u00ed\u010dka M\u00e1ria Chomistekov\u00e1 a\u00a0soch\u00e1r Martin Dzurek z\u00a0Modry sprostredkuj\u00fa prostredn\u00edctvom \u00a0hliny\u00a0<em>Pr\u00edbeh umenia<\/em> v\u00a0nieko\u013ek\u00fdch umeleck\u00fdch zast\u00e1vkach.<\/p>\n<p>Napr\u00edklad obdobie \u00a0praveku bude okrem zozn\u00e1menia sa so vznikom umenia, v\u00fdkladu o jaskynn\u00fdch ma\u013eb\u00e1ch, ritu\u00e1lnych so\u0161k\u00e1ch \u010di megalitick\u00fdch stavb\u00e1ch aj o\u00a0v\u00fdrobe jednoduch\u00fdch fig\u00farok alebo n\u00e1dob. Na dotvorenie predstavy o\u00a0hist\u00f3rii umenia bud\u00fa na workshope nain\u0161talovan\u00e9 muze\u00e1lne artefakty, ktor\u00e9 \u00a0s\u00a0jednotliv\u00fdmi obdobiami s\u00favisia a\u00a0z\u00e1rove\u0148 bud\u00fa sl\u00fa\u017ei\u0165 na haptick\u00fa prezent\u00e1ciu. Len pre zauj\u00edmavos\u0165, obdobie praveku bude ilustrova\u0165 zlomok mamutoviny z\u00a0obdobia 25 a\u017e 30 tis\u00edc rokov pred n. l., \u010falej amfora \u00a0lu\u017eickej kult\u00fary, ktor\u00e1 sa pou\u017e\u00edvala ako n\u00e1doba na posmrtn\u00e9 milodary. Podobn\u00fdm sp\u00f4sobom sa n\u00e1v\u0161tevn\u00edci integrovan\u00e9ho podujatia a\u00a0slabozrak\u00ed zozn\u00e1mia so starovekom, stredovekom a\u00a0umen\u00edm novoveku. \u201e<em>Ver\u00edme, \u017ee\u00a0 v\u00a0nede\u013eu 18. decembra 2011\u00a0 Sob\u00e1\u0161ny pal\u00e1c v\u00a0Byt\u010di nav\u0161t\u00edvi ve\u013ea zrakovo zdrav\u00fdch \u013eud\u00ed, ktor\u00ed n\u00e1m pom\u00f4\u017eu vytvori\u0165 nezabudnute\u013en\u00fa viano\u010dn\u00fa atmosf\u00e9ru spolupatri\u010dnosti. Pomocn\u00e9 o\u010di a\u00a0ruky\u00a0 poskytn\u00fa \u00a0aj posluch\u00e1\u010di \u00dastavu celo\u017eivotn\u00e9ho vzdel\u00e1vania \u017dilinskej univerzity, ktor\u00fd dlhoro\u010dne spolupracuje s \u00daniou slabozrak\u00fdch a\u00a0nevidiacich,<\/em>\u201c povedala na z\u00e1ver Lucia Hrebe\u0148\u00e1rov\u00e1 zo \u017dilinskej univerzity.<\/p>\n<p>Organiz\u00e1tori 3. ro\u010dn\u00edka podujatia <strong>Ka\u017ed\u00fd dovid\u00ed na hviezdy, <\/strong>ktor\u00e9 sa uskuto\u010dn\u00ed v\u00a0nede\u013eu 18. decembra 2011 od 10,00 hod do 16,00 hod v\u00a0Sob\u00e1\u0161nom pal\u00e1ci v\u00a0Byt\u010di &#8211; \u017dilinsk\u00fd samospr\u00e1vny kraj, Pova\u017esk\u00e9 m\u00fazeum v\u00a0\u017diline, Krajsk\u00e9 stredisko UNSS v\u00a0\u017diline a \u00dastav celo\u017eivotn\u00e9ho vzdel\u00e1vania \u017dilinskej univerzity \u010fakuj\u00fa touto cestou sponzorom za poskytnutie viano\u010dn\u00fdch dobr\u00f4t, ktor\u00e9 si bud\u00fa m\u00f4c\u0165 \u00fa\u010dastn\u00edci tohto stretnutia ochutna\u0165.<\/p>\n","protected":false},"excerpt":{"rendered":"<p>Zvl\u00e1dnut\u00edm z\u00e1kladn\u00fdch drot\u00e1rskych techn\u00edk bude tret\u00ed ro\u010dn\u00edk viano\u010dn\u00e9ho podujatia\u00a0Ka\u017ed\u00fd dovid\u00ed na hviezdy zameran\u00fd na pr\u00e1cu s\u00a0hlinou. Lektori projektu &#8211; \u017eilinsk\u00e1 v\u00fdtvarn\u00ed\u010dka M\u00e1ria Chomistekov\u00e1 a\u00a0soch\u00e1r Martin Dzurek z\u00a0Modry sprostredkuj\u00fa prostredn\u00edctvom \u00a0hliny\u00a0Pr\u00edbeh umenia v\u00a0nieko\u013ek\u00fdch umeleck\u00fdch zast\u00e1vkach.<\/p>\n","protected":false},"author":1,"featured_media":0,"comment_status":"closed","ping_status":"closed","sticky":false,"template":"","format":"standard","meta":{"site-sidebar-layout":"default","site-content-layout":"","ast-site-content-layout":"","site-content-style":"default","site-sidebar-style":"default","ast-global-header-display":"","ast-banner-title-visibility":"","ast-main-header-display":"","ast-hfb-above-header-display":"","ast-hfb-below-header-display":"","ast-hfb-mobile-header-display":"","site-post-title":"","ast-breadcrumbs-content":"","ast-featured-img":"","footer-sml-layout":"","theme-transparent-header-meta":"","adv-header-id-meta":"","stick-header-meta":"","header-above-stick-meta":"","header-main-stick-meta":"","header-below-stick-meta":"","astra-migrate-meta-layouts":"default","ast-page-background-enabled":"default","ast-page-background-meta":{"desktop":{"background-color":"var(--ast-global-color-4)","background-image":"","background-repeat":"repeat","background-position":"center center","background-size":"auto","background-attachment":"scroll","background-type":"","background-media":"","overlay-type":"","overlay-color":"","overlay-opacity":"","overlay-gradient":""},"tablet":{"background-color":"","background-image":"","background-repeat":"repeat","background-position":"center center","background-size":"auto","background-attachment":"scroll","background-type":"","background-media":"","overlay-type":"","overlay-color":"","overlay-opacity":"","overlay-gradient":""},"mobile":{"background-color":"","background-image":"","background-repeat":"repeat","background-position":"center center","background-size":"auto","background-attachment":"scroll","background-type":"","background-media":"","overlay-type":"","overlay-color":"","overlay-opacity":"","overlay-gradient":""}},"ast-content-background-meta":{"desktop":{"background-color":"var(--ast-global-color-5)","background-image":"","background-repeat":"repeat","background-position":"center center","background-size":"auto","background-attachment":"scroll","background-type":"","background-media":"","overlay-type":"","overlay-color":"","overlay-opacity":"","overlay-gradient":""},"tablet":{"background-color":"var(--ast-global-color-5)","background-image":"","background-repeat":"repeat","background-position":"center center","background-size":"auto","background-attachment":"scroll","background-type":"","background-media":"","overlay-type":"","overlay-color":"","overlay-opacity":"","overlay-gradient":""},"mobile":{"background-color":"var(--ast-global-color-5)","background-image":"","background-repeat":"repeat","background-position":"center center","background-size":"auto","background-attachment":"scroll","background-type":"","background-media":"","overlay-type":"","overlay-color":"","overlay-opacity":"","overlay-gradient":""}},"footnotes":""},"categories":[30],"tags":[],"class_list":["post-4614","post","type-post","status-publish","format-standard","hentry","category-archiv-2011"],"yoast_head":"<!-- This site is optimized with the Yoast SEO plugin v27.4 - https:\/\/yoast.com\/product\/yoast-seo-wordpress\/ -->\n<title>Ka\u017ed\u00fd dovid\u00ed na hviezdy III. - Pova\u017esk\u00e9 m\u00fazeum<\/title>\n<meta name=\"robots\" content=\"index, follow, max-snippet:-1, max-image-preview:large, max-video-preview:-1\" \/>\n<link rel=\"canonical\" href=\"https:\/\/pmza.sk\/?p=4614\" \/>\n<meta property=\"og:locale\" content=\"sk_SK\" \/>\n<meta property=\"og:type\" content=\"article\" \/>\n<meta property=\"og:title\" content=\"Ka\u017ed\u00fd dovid\u00ed na hviezdy III. - Pova\u017esk\u00e9 m\u00fazeum\" \/>\n<meta property=\"og:description\" content=\"Zvl\u00e1dnut\u00edm z\u00e1kladn\u00fdch drot\u00e1rskych techn\u00edk bude tret\u00ed ro\u010dn\u00edk viano\u010dn\u00e9ho podujatia\u00a0Ka\u017ed\u00fd dovid\u00ed na hviezdy zameran\u00fd na pr\u00e1cu s\u00a0hlinou. Lektori projektu &#8211; \u017eilinsk\u00e1 v\u00fdtvarn\u00ed\u010dka M\u00e1ria Chomistekov\u00e1 a\u00a0soch\u00e1r Martin Dzurek z\u00a0Modry sprostredkuj\u00fa prostredn\u00edctvom \u00a0hliny\u00a0Pr\u00edbeh umenia v\u00a0nieko\u013ek\u00fdch umeleck\u00fdch zast\u00e1vkach.\" \/>\n<meta property=\"og:url\" content=\"https:\/\/pmza.sk\/?p=4614\" \/>\n<meta property=\"og:site_name\" content=\"Pova\u017esk\u00e9 m\u00fazeum\" \/>\n<meta property=\"article:publisher\" content=\"https:\/\/www.facebook.com\/povazskemuzeum\" \/>\n<meta property=\"article:published_time\" content=\"2011-12-08T10:05:40+00:00\" \/>\n<meta name=\"author\" content=\"libor\" \/>\n<meta name=\"twitter:card\" content=\"summary_large_image\" \/>\n<meta name=\"twitter:label1\" content=\"Autor\" \/>\n\t<meta name=\"twitter:data1\" content=\"libor\" \/>\n\t<meta name=\"twitter:label2\" content=\"Predpokladan\u00fd \u010das \u010d\u00edtania\" \/>\n\t<meta name=\"twitter:data2\" content=\"3 min\u00faty\" \/>\n<script type=\"application\/ld+json\" class=\"yoast-schema-graph\">{\"@context\":\"https:\\\/\\\/schema.org\",\"@graph\":[{\"@type\":\"Article\",\"@id\":\"https:\\\/\\\/pmza.sk\\\/?p=4614#article\",\"isPartOf\":{\"@id\":\"https:\\\/\\\/pmza.sk\\\/?p=4614\"},\"author\":{\"name\":\"libor\",\"@id\":\"https:\\\/\\\/pmza.sk\\\/#\\\/schema\\\/person\\\/f0b923a9aa8e1f67feef0d7cd9afde35\"},\"headline\":\"Ka\u017ed\u00fd dovid\u00ed na hviezdy III.\",\"datePublished\":\"2011-12-08T10:05:40+00:00\",\"mainEntityOfPage\":{\"@id\":\"https:\\\/\\\/pmza.sk\\\/?p=4614\"},\"wordCount\":607,\"publisher\":{\"@id\":\"https:\\\/\\\/pmza.sk\\\/#organization\"},\"articleSection\":[\"Arch\u00edv 2011\"],\"inLanguage\":\"sk-SK\"},{\"@type\":\"WebPage\",\"@id\":\"https:\\\/\\\/pmza.sk\\\/?p=4614\",\"url\":\"https:\\\/\\\/pmza.sk\\\/?p=4614\",\"name\":\"Ka\u017ed\u00fd dovid\u00ed na hviezdy III. - Pova\u017esk\u00e9 m\u00fazeum\",\"isPartOf\":{\"@id\":\"https:\\\/\\\/pmza.sk\\\/#website\"},\"datePublished\":\"2011-12-08T10:05:40+00:00\",\"breadcrumb\":{\"@id\":\"https:\\\/\\\/pmza.sk\\\/?p=4614#breadcrumb\"},\"inLanguage\":\"sk-SK\",\"potentialAction\":[{\"@type\":\"ReadAction\",\"target\":[\"https:\\\/\\\/pmza.sk\\\/?p=4614\"]}]},{\"@type\":\"BreadcrumbList\",\"@id\":\"https:\\\/\\\/pmza.sk\\\/?p=4614#breadcrumb\",\"itemListElement\":[{\"@type\":\"ListItem\",\"position\":1,\"name\":\"Domovsk\u00e1 str\u00e1nka\",\"item\":\"https:\\\/\\\/pmza.sk\\\/\"},{\"@type\":\"ListItem\",\"position\":2,\"name\":\"Ka\u017ed\u00fd dovid\u00ed na hviezdy III.\"}]},{\"@type\":\"WebSite\",\"@id\":\"https:\\\/\\\/pmza.sk\\\/#website\",\"url\":\"https:\\\/\\\/pmza.sk\\\/\",\"name\":\"Pova\u017esk\u00e9 m\u00fazeum\",\"description\":\"Pova\u017esk\u00e9 m\u00fazeum v \u017diline je region\u00e1lne m\u00fazeum so s\u00eddlom v Budat\u00edne. Jeho expoz\u00edcie s\u00fa zameran\u00e9 na dejiny slovensk\u00e9ho umenia, kult\u00fary a dopravy.\",\"publisher\":{\"@id\":\"https:\\\/\\\/pmza.sk\\\/#organization\"},\"potentialAction\":[{\"@type\":\"SearchAction\",\"target\":{\"@type\":\"EntryPoint\",\"urlTemplate\":\"https:\\\/\\\/pmza.sk\\\/?s={search_term_string}\"},\"query-input\":{\"@type\":\"PropertyValueSpecification\",\"valueRequired\":true,\"valueName\":\"search_term_string\"}}],\"inLanguage\":\"sk-SK\"},{\"@type\":\"Organization\",\"@id\":\"https:\\\/\\\/pmza.sk\\\/#organization\",\"name\":\"Pova\u017esk\u00e9 m\u00fazeum\",\"url\":\"https:\\\/\\\/pmza.sk\\\/\",\"logo\":{\"@type\":\"ImageObject\",\"inLanguage\":\"sk-SK\",\"@id\":\"https:\\\/\\\/pmza.sk\\\/#\\\/schema\\\/logo\\\/image\\\/\",\"url\":\"https:\\\/\\\/pmza.sk\\\/wp-content\\\/uploads\\\/2022\\\/01\\\/logo_PM_horizontal.jpg\",\"contentUrl\":\"https:\\\/\\\/pmza.sk\\\/wp-content\\\/uploads\\\/2022\\\/01\\\/logo_PM_horizontal.jpg\",\"width\":231,\"height\":142,\"caption\":\"Pova\u017esk\u00e9 m\u00fazeum\"},\"image\":{\"@id\":\"https:\\\/\\\/pmza.sk\\\/#\\\/schema\\\/logo\\\/image\\\/\"},\"sameAs\":[\"https:\\\/\\\/www.facebook.com\\\/povazskemuzeum\",\"https:\\\/\\\/www.instagram.com\\\/povazskemuzeum\\\/\"]},{\"@type\":\"Person\",\"@id\":\"https:\\\/\\\/pmza.sk\\\/#\\\/schema\\\/person\\\/f0b923a9aa8e1f67feef0d7cd9afde35\",\"name\":\"libor\",\"image\":{\"@type\":\"ImageObject\",\"inLanguage\":\"sk-SK\",\"@id\":\"https:\\\/\\\/secure.gravatar.com\\\/avatar\\\/c583dbc698e594aacced1589eb8cf1673bd41d461e8b2ab635484ffc26fee7b0?s=96&d=mm&r=g\",\"url\":\"https:\\\/\\\/secure.gravatar.com\\\/avatar\\\/c583dbc698e594aacced1589eb8cf1673bd41d461e8b2ab635484ffc26fee7b0?s=96&d=mm&r=g\",\"contentUrl\":\"https:\\\/\\\/secure.gravatar.com\\\/avatar\\\/c583dbc698e594aacced1589eb8cf1673bd41d461e8b2ab635484ffc26fee7b0?s=96&d=mm&r=g\",\"caption\":\"libor\"}}]}<\/script>\n<!-- \/ Yoast SEO plugin. -->","yoast_head_json":{"title":"Ka\u017ed\u00fd dovid\u00ed na hviezdy III. - Pova\u017esk\u00e9 m\u00fazeum","robots":{"index":"index","follow":"follow","max-snippet":"max-snippet:-1","max-image-preview":"max-image-preview:large","max-video-preview":"max-video-preview:-1"},"canonical":"https:\/\/pmza.sk\/?p=4614","og_locale":"sk_SK","og_type":"article","og_title":"Ka\u017ed\u00fd dovid\u00ed na hviezdy III. - Pova\u017esk\u00e9 m\u00fazeum","og_description":"Zvl\u00e1dnut\u00edm z\u00e1kladn\u00fdch drot\u00e1rskych techn\u00edk bude tret\u00ed ro\u010dn\u00edk viano\u010dn\u00e9ho podujatia\u00a0Ka\u017ed\u00fd dovid\u00ed na hviezdy zameran\u00fd na pr\u00e1cu s\u00a0hlinou. Lektori projektu &#8211; \u017eilinsk\u00e1 v\u00fdtvarn\u00ed\u010dka M\u00e1ria Chomistekov\u00e1 a\u00a0soch\u00e1r Martin Dzurek z\u00a0Modry sprostredkuj\u00fa prostredn\u00edctvom \u00a0hliny\u00a0Pr\u00edbeh umenia v\u00a0nieko\u013ek\u00fdch umeleck\u00fdch zast\u00e1vkach.","og_url":"https:\/\/pmza.sk\/?p=4614","og_site_name":"Pova\u017esk\u00e9 m\u00fazeum","article_publisher":"https:\/\/www.facebook.com\/povazskemuzeum","article_published_time":"2011-12-08T10:05:40+00:00","author":"libor","twitter_card":"summary_large_image","twitter_misc":{"Autor":"libor","Predpokladan\u00fd \u010das \u010d\u00edtania":"3 min\u00faty"},"schema":{"@context":"https:\/\/schema.org","@graph":[{"@type":"Article","@id":"https:\/\/pmza.sk\/?p=4614#article","isPartOf":{"@id":"https:\/\/pmza.sk\/?p=4614"},"author":{"name":"libor","@id":"https:\/\/pmza.sk\/#\/schema\/person\/f0b923a9aa8e1f67feef0d7cd9afde35"},"headline":"Ka\u017ed\u00fd dovid\u00ed na hviezdy III.","datePublished":"2011-12-08T10:05:40+00:00","mainEntityOfPage":{"@id":"https:\/\/pmza.sk\/?p=4614"},"wordCount":607,"publisher":{"@id":"https:\/\/pmza.sk\/#organization"},"articleSection":["Arch\u00edv 2011"],"inLanguage":"sk-SK"},{"@type":"WebPage","@id":"https:\/\/pmza.sk\/?p=4614","url":"https:\/\/pmza.sk\/?p=4614","name":"Ka\u017ed\u00fd dovid\u00ed na hviezdy III. - Pova\u017esk\u00e9 m\u00fazeum","isPartOf":{"@id":"https:\/\/pmza.sk\/#website"},"datePublished":"2011-12-08T10:05:40+00:00","breadcrumb":{"@id":"https:\/\/pmza.sk\/?p=4614#breadcrumb"},"inLanguage":"sk-SK","potentialAction":[{"@type":"ReadAction","target":["https:\/\/pmza.sk\/?p=4614"]}]},{"@type":"BreadcrumbList","@id":"https:\/\/pmza.sk\/?p=4614#breadcrumb","itemListElement":[{"@type":"ListItem","position":1,"name":"Domovsk\u00e1 str\u00e1nka","item":"https:\/\/pmza.sk\/"},{"@type":"ListItem","position":2,"name":"Ka\u017ed\u00fd dovid\u00ed na hviezdy III."}]},{"@type":"WebSite","@id":"https:\/\/pmza.sk\/#website","url":"https:\/\/pmza.sk\/","name":"Pova\u017esk\u00e9 m\u00fazeum","description":"Pova\u017esk\u00e9 m\u00fazeum v \u017diline je region\u00e1lne m\u00fazeum so s\u00eddlom v Budat\u00edne. Jeho expoz\u00edcie s\u00fa zameran\u00e9 na dejiny slovensk\u00e9ho umenia, kult\u00fary a dopravy.","publisher":{"@id":"https:\/\/pmza.sk\/#organization"},"potentialAction":[{"@type":"SearchAction","target":{"@type":"EntryPoint","urlTemplate":"https:\/\/pmza.sk\/?s={search_term_string}"},"query-input":{"@type":"PropertyValueSpecification","valueRequired":true,"valueName":"search_term_string"}}],"inLanguage":"sk-SK"},{"@type":"Organization","@id":"https:\/\/pmza.sk\/#organization","name":"Pova\u017esk\u00e9 m\u00fazeum","url":"https:\/\/pmza.sk\/","logo":{"@type":"ImageObject","inLanguage":"sk-SK","@id":"https:\/\/pmza.sk\/#\/schema\/logo\/image\/","url":"https:\/\/pmza.sk\/wp-content\/uploads\/2022\/01\/logo_PM_horizontal.jpg","contentUrl":"https:\/\/pmza.sk\/wp-content\/uploads\/2022\/01\/logo_PM_horizontal.jpg","width":231,"height":142,"caption":"Pova\u017esk\u00e9 m\u00fazeum"},"image":{"@id":"https:\/\/pmza.sk\/#\/schema\/logo\/image\/"},"sameAs":["https:\/\/www.facebook.com\/povazskemuzeum","https:\/\/www.instagram.com\/povazskemuzeum\/"]},{"@type":"Person","@id":"https:\/\/pmza.sk\/#\/schema\/person\/f0b923a9aa8e1f67feef0d7cd9afde35","name":"libor","image":{"@type":"ImageObject","inLanguage":"sk-SK","@id":"https:\/\/secure.gravatar.com\/avatar\/c583dbc698e594aacced1589eb8cf1673bd41d461e8b2ab635484ffc26fee7b0?s=96&d=mm&r=g","url":"https:\/\/secure.gravatar.com\/avatar\/c583dbc698e594aacced1589eb8cf1673bd41d461e8b2ab635484ffc26fee7b0?s=96&d=mm&r=g","contentUrl":"https:\/\/secure.gravatar.com\/avatar\/c583dbc698e594aacced1589eb8cf1673bd41d461e8b2ab635484ffc26fee7b0?s=96&d=mm&r=g","caption":"libor"}}]}},"_links":{"self":[{"href":"https:\/\/pmza.sk\/index.php?rest_route=\/wp\/v2\/posts\/4614","targetHints":{"allow":["GET"]}}],"collection":[{"href":"https:\/\/pmza.sk\/index.php?rest_route=\/wp\/v2\/posts"}],"about":[{"href":"https:\/\/pmza.sk\/index.php?rest_route=\/wp\/v2\/types\/post"}],"author":[{"embeddable":true,"href":"https:\/\/pmza.sk\/index.php?rest_route=\/wp\/v2\/users\/1"}],"replies":[{"embeddable":true,"href":"https:\/\/pmza.sk\/index.php?rest_route=%2Fwp%2Fv2%2Fcomments&post=4614"}],"version-history":[{"count":0,"href":"https:\/\/pmza.sk\/index.php?rest_route=\/wp\/v2\/posts\/4614\/revisions"}],"wp:attachment":[{"href":"https:\/\/pmza.sk\/index.php?rest_route=%2Fwp%2Fv2%2Fmedia&parent=4614"}],"wp:term":[{"taxonomy":"category","embeddable":true,"href":"https:\/\/pmza.sk\/index.php?rest_route=%2Fwp%2Fv2%2Fcategories&post=4614"},{"taxonomy":"post_tag","embeddable":true,"href":"https:\/\/pmza.sk\/index.php?rest_route=%2Fwp%2Fv2%2Ftags&post=4614"}],"curies":[{"name":"wp","href":"https:\/\/api.w.org\/{rel}","templated":true}]}}