{"id":46149,"date":"2021-11-03T09:43:00","date_gmt":"2021-11-03T08:43:00","guid":{"rendered":"https:\/\/pmza.sk\/?p=46149"},"modified":"2022-02-23T08:31:18","modified_gmt":"2022-02-23T07:31:18","slug":"prvy-archeologicky-vyskum-kastiela-v-bytci","status":"publish","type":"post","link":"https:\/\/pmza.sk\/?p=46149","title":{"rendered":"Prv\u00fd archeologick\u00fd v\u00fdskum Ka\u0161tie\u013ea v Byt\u010di"},"content":{"rendered":"<p>Ka\u0161tie\u013e v\u00a0Byt\u010di bol vybudovan\u00fd Franti\u0161kom Turzom v\u00a0rokoch 1571\u20131574 na mieste star\u0161ieho mestsk\u00e9ho hradu. Hoci Byt\u010du vlastnil u\u017e Mat\u00fa\u0161 \u010c\u00e1k Tren\u010diansky, re\u00e1lne prv\u00e1 zmienka o\u00a0Byt\u010di ako hrade alebo pevnosti (fortalicium) poch\u00e1dza a\u017e z\u00a0roku 1418. Hrad vlastnili striedavo mnoh\u00e9 v\u00fdznamn\u00e9 rody, \u010di jednotlivci, spomen\u00fa\u0165 treba najm\u00e4 Pongr\u00e1covcov, Viliama Tetauera, Podmanick\u00fdch, Petra Kostku, Ga\u0161para Dominitha, Imrefyovcov \u010di Annu Likarku. V\u00a0roku 1571 zna\u010dne poni\u010den\u00fd hrad z\u00edskali Turzovci, ktor\u00ed na jeho mieste vybudovali v\u00a0s\u00fa\u010dasnosti zn\u00e1my opevnen\u00fd ka\u0161tie\u013e. Od roku 1627 ka\u0161tie\u013e vlastnili Esterh\u00e1zyovci a\u00a0od roku 1868 ho ob\u00fdvali Popperovci. Podoba star\u0161ieho stredovek\u00e9ho hradu ako aj jeho rozsah s\u00fa nezn\u00e1me.<\/p>\n<p>D\u0148a 29. okt\u00f3bra 2021 bol ukon\u010den\u00fd historicky prv\u00fd archeologick\u00fd v\u00fdskum tejto pamiatky.<\/p>\n<p>Trval tri mesiace a\u00a0realizovalo ho Pova\u017esk\u00e9 m\u00fazeum v\u00a0spolupr\u00e1ci s\u00a0 Kysuck\u00fdm m\u00fazeom a Slovensk\u00fdm n\u00e1rodn\u00fdm m\u00fazeom v\u00a0Martine. Realizoval sa v\u00a0s\u00falade s\u00a0rozhodnut\u00edm vydan\u00fdm Krajsk\u00fdm pamiatkov\u00fdm \u00faradom v\u00a0\u017diline. Archeologick\u00fd v\u00fdskum spolo\u010dne s\u00a0\u010fal\u0161\u00edmi pamiatkov\u00fdmi v\u00fdskumami m\u00e1 predch\u00e1dza\u0165 gener\u00e1lnej rekon\u0161trukcii ka\u0161tie\u013ea, ktor\u00e1 by sa mala uskuto\u010dni\u0165 v\u00a0nasleduj\u00facich rokoch.<\/p>\n<p>V\u00fdsledky archeologick\u00e9ho v\u00fdskumu priniesli mnoh\u00e9 z\u00e1sadn\u00e9 zistenia. V\u00a0archeologick\u00fdch sond\u00e1ch na n\u00e1dvor\u00ed ka\u0161tie\u013ea boli objaven\u00e9 viacer\u00e9 muriv\u00e1 poch\u00e1dzaj\u00face zo star\u0161ieho, stredovek\u00e9ho objektu zaniknut\u00e9ho pred v\u00fdstavbou ka\u0161tie\u013ea. Odkryt\u00e1 bola mohutn\u00e1 obvodov\u00e1 stena a\u00a0\u010das\u0165 interi\u00e9ru roz\u013eahlej pivnice. Na n\u00e1dvor\u00ed sa teda re\u00e1lne potvrdila dovtedaj\u0161ia domnienka, \u017ee ka\u0161tie\u013e stoj\u00ed na mieste stredovek\u00e9ho hradu. Rozsah v\u00fdskumu v\u0161ak nedok\u00e1zal spo\u013eahlivo ur\u010di\u0165 rozlohu star\u0161ieho objektu ani obdobie v\u00fdstavby odkryt\u00fdch mur\u00edv. Z\u00a0\u010dias, ke\u010f ka\u0161tie\u013e vlastnili Esterh\u00e1zyovci sa pri z\u00e1padnej obvodovej stene ka\u0161tie\u013ea v\u00a0parkanovom priestore podarilo presk\u00fama\u0165 prevetov\u00fa (toaletn\u00fa) \u0161achtu vybudovan\u00fa na mieste zaniknut\u00e9ho star\u0161ieho vstupn\u00e9ho schodiskov\u00e9ho rizalitu (pr\u00edstavby) ved\u00faceho do pr\u00edzemia z\u00e1padn\u00e9ho kr\u00eddla ka\u0161tie\u013ea.<\/p>\n<p>N\u00e1lezy z\u00a0archeologick\u00e9ho v\u00fdskumu s\u00fa mimoriadne bohat\u00e9. Okrem mno\u017estva preva\u017ene novovekej keramiky z\u00a0n\u00e1dob a\u00a0kachl\u00edc z\u00a0vykurovac\u00edch pec\u00ed boli objaven\u00e9 mnoh\u00e9 lek\u00e1rnick\u00e9 n\u00e1doby z\u00a0keramiky, kameniny i\u00a0skla, fragmenty sklenen\u00fdch okenn\u00fdch ter\u010d\u00edkov, kovania dver\u00ed a\u00a0okien, fajky i\u00a0mince. V\u00e4\u010d\u0161ina materi\u00e1lu je novovek\u00e1, vyskytuj\u00fa sa v\u0161ak aj stredovek\u00e9 n\u00e1lezy v\u00a0podobe zlomkov zadymovanej keramiky z\u00a0gotick\u00fdch poh\u00e1rov \u010di pokrievok, ale aj fragmenty gotick\u00fdch kachl\u00edc.<\/p>\n<p>Archeologick\u00fd v\u00fdskum by mal v\u00a0jarn\u00fdm mesiacoch nasleduj\u00faceho roku pokra\u010dova\u0165.<\/p>\n<p><em>Pova\u017esk\u00fa m\u00fazeum si touto cestou dovo\u013euje po\u010fakova\u0165 za skvel\u00fa spolupr\u00e1cu Kysuck\u00e9mu m\u00fazeu a\u00a0Slovensk\u00e9mu n\u00e1rodn\u00e9mu m\u00fazeu a\u00a0ich archeol\u00f3gom, ktor\u00ed v\u00a0ter\u00e9ne odviedli vynikaj\u00facu pr\u00e1cu.<\/em><\/p>\n<p>text: Zuzana Stanekov\u00e1, archeologi\u010dka Pova\u017esk\u00e9ho m\u00fazea<\/p>\n<p>Video z v\u00fdskumu si m\u00f4\u017eete pozrie\u0165 <a href=\"https:\/\/dromedar.zoznam.sk\/cl\/11163\/2200661\/Prekvapenie-v-Bytci--Archeologovia-objavili-v-kastieli-mury-starsieho-stredovekeho-hradu\">TU<\/a>\u00a0 Zdroj: TASR, prevzat\u00e9 z www.dromedar.sk<\/p>\n<figure id=\"attachment_46150\" aria-describedby=\"caption-attachment-46150\" style=\"width: 540px\" class=\"wp-caption aligncenter\"><a href=\"https:\/\/pmza.sk\/aktuality\/prvy-archeologicky-vyskum-kastiela-v-bytci\/attachment\/obr_1-sonda-1-na-nadvori-muriva-zaniknutych-objektov\/\" rel=\"attachment wp-att-46150\"><img fetchpriority=\"high\" decoding=\"async\" class=\"wp-image-46150 size-medium\" src=\"https:\/\/pmza.sk\/wp-content\/uploads\/2021\/11\/obr_1-sonda-1-na-nadvori-muriva-zaniknutych-objektov-scaled-1-540x360.jpg\" alt=\"\" width=\"540\" height=\"360\" srcset=\"https:\/\/pmza.sk\/wp-content\/uploads\/2021\/11\/obr_1-sonda-1-na-nadvori-muriva-zaniknutych-objektov-scaled-1-540x360.jpg 540w, https:\/\/pmza.sk\/wp-content\/uploads\/2021\/11\/obr_1-sonda-1-na-nadvori-muriva-zaniknutych-objektov-scaled-1-1104x736.jpg 1104w, https:\/\/pmza.sk\/wp-content\/uploads\/2021\/11\/obr_1-sonda-1-na-nadvori-muriva-zaniknutych-objektov-scaled-1-768x512.jpg 768w, https:\/\/pmza.sk\/wp-content\/uploads\/2021\/11\/obr_1-sonda-1-na-nadvori-muriva-zaniknutych-objektov-scaled-1-1536x1024.jpg 1536w, https:\/\/pmza.sk\/wp-content\/uploads\/2021\/11\/obr_1-sonda-1-na-nadvori-muriva-zaniknutych-objektov-scaled-1-2048x1366.jpg 2048w, https:\/\/pmza.sk\/wp-content\/uploads\/2021\/11\/obr_1-sonda-1-na-nadvori-muriva-zaniknutych-objektov-scaled-1-600x400.jpg 600w\" sizes=\"(max-width: 540px) 100vw, 540px\" \/><\/a><figcaption id=\"caption-attachment-46150\" class=\"wp-caption-text\">Sonda 1 na n\u00e1dvor\u00ed. Muriv\u00e1 zaniknut\u00fdch objektov<\/figcaption><\/figure>\n<figure id=\"attachment_46152\" aria-describedby=\"caption-attachment-46152\" style=\"width: 240px\" class=\"wp-caption aligncenter\"><a href=\"https:\/\/pmza.sk\/aktuality\/prvy-archeologicky-vyskum-kastiela-v-bytci\/attachment\/obr_2-sonda-1-cast-interieru-zaniknutej-stredovekej-pivnice-web\/\" rel=\"attachment wp-att-46152\"><img decoding=\"async\" class=\"size-medium wp-image-46152\" src=\"https:\/\/pmza.sk\/wp-content\/uploads\/2021\/11\/obr_2-sonda-1-cast-interieru-zaniknutej-stredovekej-pivnice-web-240x360.jpg\" alt=\"\" width=\"240\" height=\"360\" srcset=\"https:\/\/pmza.sk\/wp-content\/uploads\/2021\/11\/obr_2-sonda-1-cast-interieru-zaniknutej-stredovekej-pivnice-web-240x360.jpg 240w, https:\/\/pmza.sk\/wp-content\/uploads\/2021\/11\/obr_2-sonda-1-cast-interieru-zaniknutej-stredovekej-pivnice-web-491x736.jpg 491w, https:\/\/pmza.sk\/wp-content\/uploads\/2021\/11\/obr_2-sonda-1-cast-interieru-zaniknutej-stredovekej-pivnice-web-768x1152.jpg 768w, https:\/\/pmza.sk\/wp-content\/uploads\/2021\/11\/obr_2-sonda-1-cast-interieru-zaniknutej-stredovekej-pivnice-web-600x900.jpg 600w, https:\/\/pmza.sk\/wp-content\/uploads\/2021\/11\/obr_2-sonda-1-cast-interieru-zaniknutej-stredovekej-pivnice-web.jpg 800w\" sizes=\"(max-width: 240px) 100vw, 240px\" \/><\/a><figcaption id=\"caption-attachment-46152\" class=\"wp-caption-text\">Sonda 1. \u010cas\u0165 interi\u00e9ru zaniknutej stredovekej pivnice<\/figcaption><\/figure>\n<figure id=\"attachment_46153\" aria-describedby=\"caption-attachment-46153\" style=\"width: 540px\" class=\"wp-caption aligncenter\"><a href=\"https:\/\/pmza.sk\/aktuality\/prvy-archeologicky-vyskum-kastiela-v-bytci\/attachment\/obr_3-sonda-5-poruseny-schodiskovy-rizalit-a-prevetova-pristavba-web\/\" rel=\"attachment wp-att-46153\"><img decoding=\"async\" class=\"size-medium wp-image-46153\" src=\"https:\/\/pmza.sk\/wp-content\/uploads\/2021\/11\/obr_3-sonda-5-poruseny-schodiskovy-rizalit-a-prevetova-pristavba-web-540x360.jpg\" alt=\"\" width=\"540\" height=\"360\" srcset=\"https:\/\/pmza.sk\/wp-content\/uploads\/2021\/11\/obr_3-sonda-5-poruseny-schodiskovy-rizalit-a-prevetova-pristavba-web-540x360.jpg 540w, https:\/\/pmza.sk\/wp-content\/uploads\/2021\/11\/obr_3-sonda-5-poruseny-schodiskovy-rizalit-a-prevetova-pristavba-web-768x512.jpg 768w, https:\/\/pmza.sk\/wp-content\/uploads\/2021\/11\/obr_3-sonda-5-poruseny-schodiskovy-rizalit-a-prevetova-pristavba-web-600x400.jpg 600w, https:\/\/pmza.sk\/wp-content\/uploads\/2021\/11\/obr_3-sonda-5-poruseny-schodiskovy-rizalit-a-prevetova-pristavba-web.jpg 800w\" sizes=\"(max-width: 540px) 100vw, 540px\" \/><\/a><figcaption id=\"caption-attachment-46153\" class=\"wp-caption-text\">Sonda 5. Poru\u0161en\u00fd schodiskov\u00fd rizalit a prevetov\u00e1 pr\u00edstavba<\/figcaption><\/figure>\n<figure id=\"attachment_46154\" aria-describedby=\"caption-attachment-46154\" style=\"width: 540px\" class=\"wp-caption aligncenter\"><a href=\"https:\/\/pmza.sk\/aktuality\/prvy-archeologicky-vyskum-kastiela-v-bytci\/attachment\/obr_4-sonda-6-mur-zaniknutej-stavby-na-nadvori-web\/\" rel=\"attachment wp-att-46154\"><img loading=\"lazy\" decoding=\"async\" class=\"size-medium wp-image-46154\" src=\"https:\/\/pmza.sk\/wp-content\/uploads\/2021\/11\/obr_4-sonda-6-mur-zaniknutej-stavby-na-nadvori-web-540x360.jpg\" alt=\"\" width=\"540\" height=\"360\" srcset=\"https:\/\/pmza.sk\/wp-content\/uploads\/2021\/11\/obr_4-sonda-6-mur-zaniknutej-stavby-na-nadvori-web-540x360.jpg 540w, https:\/\/pmza.sk\/wp-content\/uploads\/2021\/11\/obr_4-sonda-6-mur-zaniknutej-stavby-na-nadvori-web-768x512.jpg 768w, https:\/\/pmza.sk\/wp-content\/uploads\/2021\/11\/obr_4-sonda-6-mur-zaniknutej-stavby-na-nadvori-web-600x400.jpg 600w, https:\/\/pmza.sk\/wp-content\/uploads\/2021\/11\/obr_4-sonda-6-mur-zaniknutej-stavby-na-nadvori-web.jpg 800w\" sizes=\"(max-width: 540px) 100vw, 540px\" \/><\/a><figcaption id=\"caption-attachment-46154\" class=\"wp-caption-text\">Sonda 6. M\u00far zaniknutej stavby na n\u00e1dvor\u00ed<\/figcaption><\/figure>\n<figure id=\"attachment_46155\" aria-describedby=\"caption-attachment-46155\" style=\"width: 540px\" class=\"wp-caption aligncenter\"><a href=\"https:\/\/pmza.sk\/aktuality\/prvy-archeologicky-vyskum-kastiela-v-bytci\/attachment\/obr_5-d-majercikova-kys-muzeum-pri-zacistovani-murovanych-stavieb-web\/\" rel=\"attachment wp-att-46155\"><img loading=\"lazy\" decoding=\"async\" class=\"size-medium wp-image-46155\" src=\"https:\/\/pmza.sk\/wp-content\/uploads\/2021\/11\/obr_5-D.-Majercikova-Kys.-muzeum-pri-zacistovani-murovanych-stavieb-web-540x360.jpg\" alt=\"\" width=\"540\" height=\"360\" srcset=\"https:\/\/pmza.sk\/wp-content\/uploads\/2021\/11\/obr_5-D.-Majercikova-Kys.-muzeum-pri-zacistovani-murovanych-stavieb-web-540x360.jpg 540w, https:\/\/pmza.sk\/wp-content\/uploads\/2021\/11\/obr_5-D.-Majercikova-Kys.-muzeum-pri-zacistovani-murovanych-stavieb-web-768x512.jpg 768w, https:\/\/pmza.sk\/wp-content\/uploads\/2021\/11\/obr_5-D.-Majercikova-Kys.-muzeum-pri-zacistovani-murovanych-stavieb-web-600x400.jpg 600w, https:\/\/pmza.sk\/wp-content\/uploads\/2021\/11\/obr_5-D.-Majercikova-Kys.-muzeum-pri-zacistovani-murovanych-stavieb-web.jpg 800w\" sizes=\"(max-width: 540px) 100vw, 540px\" \/><\/a><figcaption id=\"caption-attachment-46155\" class=\"wp-caption-text\">Danka Majer\u010d\u00edkov\u00e1 z Kysuck\u00e9ho m\u00fazea pri za\u010dis\u0165ovan\u00ed murovan\u00fdch stavieb<\/figcaption><\/figure>\n<figure id=\"attachment_46156\" aria-describedby=\"caption-attachment-46156\" style=\"width: 540px\" class=\"wp-caption aligncenter\"><a href=\"https:\/\/pmza.sk\/aktuality\/prvy-archeologicky-vyskum-kastiela-v-bytci\/attachment\/obr_6-m-both-snm-martin-pri-zacistovani-muru-pivnice-web\/\" rel=\"attachment wp-att-46156\"><img loading=\"lazy\" decoding=\"async\" class=\"size-medium wp-image-46156\" src=\"https:\/\/pmza.sk\/wp-content\/uploads\/2021\/11\/obr_6-M.-Both-SNM-Martin-pri-zacistovani-muru-pivnice-web-540x360.jpg\" alt=\"\" width=\"540\" height=\"360\" srcset=\"https:\/\/pmza.sk\/wp-content\/uploads\/2021\/11\/obr_6-M.-Both-SNM-Martin-pri-zacistovani-muru-pivnice-web-540x360.jpg 540w, https:\/\/pmza.sk\/wp-content\/uploads\/2021\/11\/obr_6-M.-Both-SNM-Martin-pri-zacistovani-muru-pivnice-web-768x512.jpg 768w, https:\/\/pmza.sk\/wp-content\/uploads\/2021\/11\/obr_6-M.-Both-SNM-Martin-pri-zacistovani-muru-pivnice-web-600x400.jpg 600w, https:\/\/pmza.sk\/wp-content\/uploads\/2021\/11\/obr_6-M.-Both-SNM-Martin-pri-zacistovani-muru-pivnice-web.jpg 800w\" sizes=\"(max-width: 540px) 100vw, 540px\" \/><\/a><figcaption id=\"caption-attachment-46156\" class=\"wp-caption-text\">Marek Both zo SNM Martine pri za\u010dis\u0165ovan\u00ed m\u00faru pivnice<\/figcaption><\/figure>\n<figure id=\"attachment_46157\" aria-describedby=\"caption-attachment-46157\" style=\"width: 540px\" class=\"wp-caption aligncenter\"><a href=\"https:\/\/pmza.sk\/aktuality\/prvy-archeologicky-vyskum-kastiela-v-bytci\/attachment\/obr_7-novoveky-hrniec-in-situ-web\/\" rel=\"attachment wp-att-46157\"><img loading=\"lazy\" decoding=\"async\" class=\"size-medium wp-image-46157\" src=\"https:\/\/pmza.sk\/wp-content\/uploads\/2021\/11\/obr_7-novoveky-hrniec-in-situ-web-540x360.jpg\" alt=\"\" width=\"540\" height=\"360\" srcset=\"https:\/\/pmza.sk\/wp-content\/uploads\/2021\/11\/obr_7-novoveky-hrniec-in-situ-web-540x360.jpg 540w, https:\/\/pmza.sk\/wp-content\/uploads\/2021\/11\/obr_7-novoveky-hrniec-in-situ-web-768x512.jpg 768w, https:\/\/pmza.sk\/wp-content\/uploads\/2021\/11\/obr_7-novoveky-hrniec-in-situ-web-600x400.jpg 600w, https:\/\/pmza.sk\/wp-content\/uploads\/2021\/11\/obr_7-novoveky-hrniec-in-situ-web.jpg 800w\" sizes=\"(max-width: 540px) 100vw, 540px\" \/><\/a><figcaption id=\"caption-attachment-46157\" class=\"wp-caption-text\">Novovek\u00fd hrniec in situ<\/figcaption><\/figure>\n<figure id=\"attachment_46158\" aria-describedby=\"caption-attachment-46158\" style=\"width: 540px\" class=\"wp-caption aligncenter\"><a href=\"https:\/\/pmza.sk\/aktuality\/prvy-archeologicky-vyskum-kastiela-v-bytci\/attachment\/obr_8-keramicka-flasa-z-liecivej-vody-web\/\" rel=\"attachment wp-att-46158\"><img loading=\"lazy\" decoding=\"async\" class=\"size-medium wp-image-46158\" src=\"https:\/\/pmza.sk\/wp-content\/uploads\/2021\/11\/obr_8-keramicka-flasa-z-liecivej-vody-web-540x360.jpg\" alt=\"\" width=\"540\" height=\"360\" srcset=\"https:\/\/pmza.sk\/wp-content\/uploads\/2021\/11\/obr_8-keramicka-flasa-z-liecivej-vody-web-540x360.jpg 540w, https:\/\/pmza.sk\/wp-content\/uploads\/2021\/11\/obr_8-keramicka-flasa-z-liecivej-vody-web-768x512.jpg 768w, https:\/\/pmza.sk\/wp-content\/uploads\/2021\/11\/obr_8-keramicka-flasa-z-liecivej-vody-web-600x400.jpg 600w, https:\/\/pmza.sk\/wp-content\/uploads\/2021\/11\/obr_8-keramicka-flasa-z-liecivej-vody-web.jpg 800w\" sizes=\"(max-width: 540px) 100vw, 540px\" \/><\/a><figcaption id=\"caption-attachment-46158\" class=\"wp-caption-text\">Keramick\u00e1 f\u013ea\u0161a z lie\u010divej vody<\/figcaption><\/figure>\n<figure id=\"attachment_46159\" aria-describedby=\"caption-attachment-46159\" style=\"width: 480px\" class=\"wp-caption aligncenter\"><a href=\"https:\/\/pmza.sk\/aktuality\/prvy-archeologicky-vyskum-kastiela-v-bytci\/attachment\/obr_9-minca-leopold-i\/\" rel=\"attachment wp-att-46159\"><img loading=\"lazy\" decoding=\"async\" class=\"size-medium wp-image-46159\" src=\"https:\/\/pmza.sk\/wp-content\/uploads\/2021\/11\/obr_9-minca-leopold-I-480x360.jpg\" alt=\"\" width=\"480\" height=\"360\" srcset=\"https:\/\/pmza.sk\/wp-content\/uploads\/2021\/11\/obr_9-minca-leopold-I-480x360.jpg 480w, https:\/\/pmza.sk\/wp-content\/uploads\/2021\/11\/obr_9-minca-leopold-I.jpg 537w\" sizes=\"(max-width: 480px) 100vw, 480px\" \/><\/a><figcaption id=\"caption-attachment-46159\" class=\"wp-caption-text\">Minca Leopold I.<\/figcaption><\/figure>\n<p>&nbsp;<\/p>\n","protected":false},"excerpt":{"rendered":"<p>Ka\u0161tie\u013e v\u00a0Byt\u010di bol vybudovan\u00fd Franti\u0161kom Turzom v\u00a0rokoch 1571\u20131574 na mieste star\u0161ieho mestsk\u00e9ho hradu. Hoci Byt\u010du vlastnil u\u017e Mat\u00fa\u0161 \u010c\u00e1k Tren\u010diansky, re\u00e1lne prv\u00e1 zmienka o\u00a0Byt\u010di ako hrade alebo pevnosti (fortalicium) poch\u00e1dza a\u017e z\u00a0roku 1418. Hrad vlastnili striedavo mnoh\u00e9 v\u00fdznamn\u00e9 rody, \u010di jednotlivci, spomen\u00fa\u0165 treba najm\u00e4 Pongr\u00e1covcov, Viliama Tetauera, Podmanick\u00fdch, Petra Kostku, Ga\u0161para Dominitha, Imrefyovcov \u010di Annu [&hellip;]<\/p>\n","protected":false},"author":2,"featured_media":46150,"comment_status":"closed","ping_status":"closed","sticky":false,"template":"","format":"standard","meta":{"site-sidebar-layout":"default","site-content-layout":"default","ast-site-content-layout":"","site-content-style":"default","site-sidebar-style":"default","ast-global-header-display":"","ast-banner-title-visibility":"","ast-main-header-display":"","ast-hfb-above-header-display":"","ast-hfb-below-header-display":"","ast-hfb-mobile-header-display":"","site-post-title":"","ast-breadcrumbs-content":"","ast-featured-img":"","footer-sml-layout":"","theme-transparent-header-meta":"default","adv-header-id-meta":"","stick-header-meta":"default","header-above-stick-meta":"","header-main-stick-meta":"","header-below-stick-meta":"","astra-migrate-meta-layouts":"default","ast-page-background-enabled":"default","ast-page-background-meta":{"desktop":{"background-color":"var(--ast-global-color-4)","background-image":"","background-repeat":"repeat","background-position":"center center","background-size":"auto","background-attachment":"scroll","background-type":"","background-media":"","overlay-type":"","overlay-color":"","overlay-opacity":"","overlay-gradient":""},"tablet":{"background-color":"","background-image":"","background-repeat":"repeat","background-position":"center center","background-size":"auto","background-attachment":"scroll","background-type":"","background-media":"","overlay-type":"","overlay-color":"","overlay-opacity":"","overlay-gradient":""},"mobile":{"background-color":"","background-image":"","background-repeat":"repeat","background-position":"center center","background-size":"auto","background-attachment":"scroll","background-type":"","background-media":"","overlay-type":"","overlay-color":"","overlay-opacity":"","overlay-gradient":""}},"ast-content-background-meta":{"desktop":{"background-color":"var(--ast-global-color-5)","background-image":"","background-repeat":"repeat","background-position":"center center","background-size":"auto","background-attachment":"scroll","background-type":"","background-media":"","overlay-type":"","overlay-color":"","overlay-opacity":"","overlay-gradient":""},"tablet":{"background-color":"var(--ast-global-color-5)","background-image":"","background-repeat":"repeat","background-position":"center center","background-size":"auto","background-attachment":"scroll","background-type":"","background-media":"","overlay-type":"","overlay-color":"","overlay-opacity":"","overlay-gradient":""},"mobile":{"background-color":"var(--ast-global-color-5)","background-image":"","background-repeat":"repeat","background-position":"center center","background-size":"auto","background-attachment":"scroll","background-type":"","background-media":"","overlay-type":"","overlay-color":"","overlay-opacity":"","overlay-gradient":""}},"footnotes":""},"categories":[31],"tags":[],"class_list":["post-46149","post","type-post","status-publish","format-standard","has-post-thumbnail","hentry","category-aktuality"],"yoast_head":"<!-- This site is optimized with the Yoast SEO plugin v27.4 - https:\/\/yoast.com\/product\/yoast-seo-wordpress\/ -->\n<title>Prv\u00fd archeologick\u00fd v\u00fdskum Ka\u0161tie\u013ea v Byt\u010di - Pova\u017esk\u00e9 m\u00fazeum<\/title>\n<meta name=\"robots\" content=\"index, follow, max-snippet:-1, max-image-preview:large, max-video-preview:-1\" \/>\n<link rel=\"canonical\" href=\"https:\/\/pmza.sk\/?p=46149\" \/>\n<meta property=\"og:locale\" content=\"sk_SK\" \/>\n<meta property=\"og:type\" content=\"article\" \/>\n<meta property=\"og:title\" content=\"Prv\u00fd archeologick\u00fd v\u00fdskum Ka\u0161tie\u013ea v Byt\u010di - Pova\u017esk\u00e9 m\u00fazeum\" \/>\n<meta property=\"og:description\" content=\"Ka\u0161tie\u013e v\u00a0Byt\u010di bol vybudovan\u00fd Franti\u0161kom Turzom v\u00a0rokoch 1571\u20131574 na mieste star\u0161ieho mestsk\u00e9ho hradu. Hoci Byt\u010du vlastnil u\u017e Mat\u00fa\u0161 \u010c\u00e1k Tren\u010diansky, re\u00e1lne prv\u00e1 zmienka o\u00a0Byt\u010di ako hrade alebo pevnosti (fortalicium) poch\u00e1dza a\u017e z\u00a0roku 1418. Hrad vlastnili striedavo mnoh\u00e9 v\u00fdznamn\u00e9 rody, \u010di jednotlivci, spomen\u00fa\u0165 treba najm\u00e4 Pongr\u00e1covcov, Viliama Tetauera, Podmanick\u00fdch, Petra Kostku, Ga\u0161para Dominitha, Imrefyovcov \u010di Annu [&hellip;]\" \/>\n<meta property=\"og:url\" content=\"https:\/\/pmza.sk\/?p=46149\" \/>\n<meta property=\"og:site_name\" content=\"Pova\u017esk\u00e9 m\u00fazeum\" \/>\n<meta property=\"article:publisher\" content=\"https:\/\/www.facebook.com\/povazskemuzeum\" \/>\n<meta property=\"article:published_time\" content=\"2021-11-03T08:43:00+00:00\" \/>\n<meta property=\"article:modified_time\" content=\"2022-02-23T07:31:18+00:00\" \/>\n<meta property=\"og:image\" content=\"https:\/\/pmza.sk\/wp-content\/uploads\/2021\/11\/obr_1-sonda-1-na-nadvori-muriva-zaniknutych-objektov-scaled-1.jpg\" \/>\n\t<meta property=\"og:image:width\" content=\"2560\" \/>\n\t<meta property=\"og:image:height\" content=\"1707\" \/>\n\t<meta property=\"og:image:type\" content=\"image\/jpeg\" \/>\n<meta name=\"author\" content=\"Pova\u017esk\u00e9 m\u00fazeum\" \/>\n<meta name=\"twitter:card\" content=\"summary_large_image\" \/>\n<meta name=\"twitter:label1\" content=\"Autor\" \/>\n\t<meta name=\"twitter:data1\" content=\"Pova\u017esk\u00e9 m\u00fazeum\" \/>\n\t<meta name=\"twitter:label2\" content=\"Predpokladan\u00fd \u010das \u010d\u00edtania\" \/>\n\t<meta name=\"twitter:data2\" content=\"5 min\u00fat\" \/>\n<script type=\"application\/ld+json\" class=\"yoast-schema-graph\">{\"@context\":\"https:\\\/\\\/schema.org\",\"@graph\":[{\"@type\":\"Article\",\"@id\":\"https:\\\/\\\/pmza.sk\\\/?p=46149#article\",\"isPartOf\":{\"@id\":\"https:\\\/\\\/pmza.sk\\\/?p=46149\"},\"author\":{\"name\":\"Pova\u017esk\u00e9 m\u00fazeum\",\"@id\":\"https:\\\/\\\/pmza.sk\\\/#\\\/schema\\\/person\\\/595e6a2ce731ea94dcd5d7f50a41ae33\"},\"headline\":\"Prv\u00fd archeologick\u00fd v\u00fdskum Ka\u0161tie\u013ea v Byt\u010di\",\"datePublished\":\"2021-11-03T08:43:00+00:00\",\"dateModified\":\"2022-02-23T07:31:18+00:00\",\"mainEntityOfPage\":{\"@id\":\"https:\\\/\\\/pmza.sk\\\/?p=46149\"},\"wordCount\":678,\"publisher\":{\"@id\":\"https:\\\/\\\/pmza.sk\\\/#organization\"},\"image\":{\"@id\":\"https:\\\/\\\/pmza.sk\\\/?p=46149#primaryimage\"},\"thumbnailUrl\":\"https:\\\/\\\/pmza.sk\\\/wp-content\\\/uploads\\\/2021\\\/11\\\/obr_1-sonda-1-na-nadvori-muriva-zaniknutych-objektov-scaled-1.jpg\",\"articleSection\":[\"Aktuality\"],\"inLanguage\":\"sk-SK\"},{\"@type\":\"WebPage\",\"@id\":\"https:\\\/\\\/pmza.sk\\\/?p=46149\",\"url\":\"https:\\\/\\\/pmza.sk\\\/?p=46149\",\"name\":\"Prv\u00fd archeologick\u00fd v\u00fdskum Ka\u0161tie\u013ea v Byt\u010di - Pova\u017esk\u00e9 m\u00fazeum\",\"isPartOf\":{\"@id\":\"https:\\\/\\\/pmza.sk\\\/#website\"},\"primaryImageOfPage\":{\"@id\":\"https:\\\/\\\/pmza.sk\\\/?p=46149#primaryimage\"},\"image\":{\"@id\":\"https:\\\/\\\/pmza.sk\\\/?p=46149#primaryimage\"},\"thumbnailUrl\":\"https:\\\/\\\/pmza.sk\\\/wp-content\\\/uploads\\\/2021\\\/11\\\/obr_1-sonda-1-na-nadvori-muriva-zaniknutych-objektov-scaled-1.jpg\",\"datePublished\":\"2021-11-03T08:43:00+00:00\",\"dateModified\":\"2022-02-23T07:31:18+00:00\",\"breadcrumb\":{\"@id\":\"https:\\\/\\\/pmza.sk\\\/?p=46149#breadcrumb\"},\"inLanguage\":\"sk-SK\",\"potentialAction\":[{\"@type\":\"ReadAction\",\"target\":[\"https:\\\/\\\/pmza.sk\\\/?p=46149\"]}]},{\"@type\":\"ImageObject\",\"inLanguage\":\"sk-SK\",\"@id\":\"https:\\\/\\\/pmza.sk\\\/?p=46149#primaryimage\",\"url\":\"https:\\\/\\\/pmza.sk\\\/wp-content\\\/uploads\\\/2021\\\/11\\\/obr_1-sonda-1-na-nadvori-muriva-zaniknutych-objektov-scaled-1.jpg\",\"contentUrl\":\"https:\\\/\\\/pmza.sk\\\/wp-content\\\/uploads\\\/2021\\\/11\\\/obr_1-sonda-1-na-nadvori-muriva-zaniknutych-objektov-scaled-1.jpg\",\"width\":2560,\"height\":1707,\"caption\":\"Sonda 1 na n\u00e1dvor\u00ed. Muriv\u00e1 zaniknut\u00fdch objektov\"},{\"@type\":\"BreadcrumbList\",\"@id\":\"https:\\\/\\\/pmza.sk\\\/?p=46149#breadcrumb\",\"itemListElement\":[{\"@type\":\"ListItem\",\"position\":1,\"name\":\"Domovsk\u00e1 str\u00e1nka\",\"item\":\"https:\\\/\\\/pmza.sk\\\/\"},{\"@type\":\"ListItem\",\"position\":2,\"name\":\"Prv\u00fd archeologick\u00fd v\u00fdskum Ka\u0161tie\u013ea v Byt\u010di\"}]},{\"@type\":\"WebSite\",\"@id\":\"https:\\\/\\\/pmza.sk\\\/#website\",\"url\":\"https:\\\/\\\/pmza.sk\\\/\",\"name\":\"Pova\u017esk\u00e9 m\u00fazeum\",\"description\":\"Pova\u017esk\u00e9 m\u00fazeum v \u017diline je region\u00e1lne m\u00fazeum so s\u00eddlom v Budat\u00edne. Jeho expoz\u00edcie s\u00fa zameran\u00e9 na dejiny slovensk\u00e9ho umenia, kult\u00fary a dopravy.\",\"publisher\":{\"@id\":\"https:\\\/\\\/pmza.sk\\\/#organization\"},\"potentialAction\":[{\"@type\":\"SearchAction\",\"target\":{\"@type\":\"EntryPoint\",\"urlTemplate\":\"https:\\\/\\\/pmza.sk\\\/?s={search_term_string}\"},\"query-input\":{\"@type\":\"PropertyValueSpecification\",\"valueRequired\":true,\"valueName\":\"search_term_string\"}}],\"inLanguage\":\"sk-SK\"},{\"@type\":\"Organization\",\"@id\":\"https:\\\/\\\/pmza.sk\\\/#organization\",\"name\":\"Pova\u017esk\u00e9 m\u00fazeum\",\"url\":\"https:\\\/\\\/pmza.sk\\\/\",\"logo\":{\"@type\":\"ImageObject\",\"inLanguage\":\"sk-SK\",\"@id\":\"https:\\\/\\\/pmza.sk\\\/#\\\/schema\\\/logo\\\/image\\\/\",\"url\":\"https:\\\/\\\/pmza.sk\\\/wp-content\\\/uploads\\\/2022\\\/01\\\/logo_PM_horizontal.jpg\",\"contentUrl\":\"https:\\\/\\\/pmza.sk\\\/wp-content\\\/uploads\\\/2022\\\/01\\\/logo_PM_horizontal.jpg\",\"width\":231,\"height\":142,\"caption\":\"Pova\u017esk\u00e9 m\u00fazeum\"},\"image\":{\"@id\":\"https:\\\/\\\/pmza.sk\\\/#\\\/schema\\\/logo\\\/image\\\/\"},\"sameAs\":[\"https:\\\/\\\/www.facebook.com\\\/povazskemuzeum\",\"https:\\\/\\\/www.instagram.com\\\/povazskemuzeum\\\/\"]},{\"@type\":\"Person\",\"@id\":\"https:\\\/\\\/pmza.sk\\\/#\\\/schema\\\/person\\\/595e6a2ce731ea94dcd5d7f50a41ae33\",\"name\":\"Pova\u017esk\u00e9 m\u00fazeum\",\"image\":{\"@type\":\"ImageObject\",\"inLanguage\":\"sk-SK\",\"@id\":\"https:\\\/\\\/secure.gravatar.com\\\/avatar\\\/2bb7f1561282132fb5826dfeccc66c7996d11ee392ac6aaf7ced8a1c2027fbb2?s=96&d=mm&r=g\",\"url\":\"https:\\\/\\\/secure.gravatar.com\\\/avatar\\\/2bb7f1561282132fb5826dfeccc66c7996d11ee392ac6aaf7ced8a1c2027fbb2?s=96&d=mm&r=g\",\"contentUrl\":\"https:\\\/\\\/secure.gravatar.com\\\/avatar\\\/2bb7f1561282132fb5826dfeccc66c7996d11ee392ac6aaf7ced8a1c2027fbb2?s=96&d=mm&r=g\",\"caption\":\"Pova\u017esk\u00e9 m\u00fazeum\"}}]}<\/script>\n<!-- \/ Yoast SEO plugin. -->","yoast_head_json":{"title":"Prv\u00fd archeologick\u00fd v\u00fdskum Ka\u0161tie\u013ea v Byt\u010di - Pova\u017esk\u00e9 m\u00fazeum","robots":{"index":"index","follow":"follow","max-snippet":"max-snippet:-1","max-image-preview":"max-image-preview:large","max-video-preview":"max-video-preview:-1"},"canonical":"https:\/\/pmza.sk\/?p=46149","og_locale":"sk_SK","og_type":"article","og_title":"Prv\u00fd archeologick\u00fd v\u00fdskum Ka\u0161tie\u013ea v Byt\u010di - Pova\u017esk\u00e9 m\u00fazeum","og_description":"Ka\u0161tie\u013e v\u00a0Byt\u010di bol vybudovan\u00fd Franti\u0161kom Turzom v\u00a0rokoch 1571\u20131574 na mieste star\u0161ieho mestsk\u00e9ho hradu. Hoci Byt\u010du vlastnil u\u017e Mat\u00fa\u0161 \u010c\u00e1k Tren\u010diansky, re\u00e1lne prv\u00e1 zmienka o\u00a0Byt\u010di ako hrade alebo pevnosti (fortalicium) poch\u00e1dza a\u017e z\u00a0roku 1418. Hrad vlastnili striedavo mnoh\u00e9 v\u00fdznamn\u00e9 rody, \u010di jednotlivci, spomen\u00fa\u0165 treba najm\u00e4 Pongr\u00e1covcov, Viliama Tetauera, Podmanick\u00fdch, Petra Kostku, Ga\u0161para Dominitha, Imrefyovcov \u010di Annu [&hellip;]","og_url":"https:\/\/pmza.sk\/?p=46149","og_site_name":"Pova\u017esk\u00e9 m\u00fazeum","article_publisher":"https:\/\/www.facebook.com\/povazskemuzeum","article_published_time":"2021-11-03T08:43:00+00:00","article_modified_time":"2022-02-23T07:31:18+00:00","og_image":[{"width":2560,"height":1707,"url":"https:\/\/pmza.sk\/wp-content\/uploads\/2021\/11\/obr_1-sonda-1-na-nadvori-muriva-zaniknutych-objektov-scaled-1.jpg","type":"image\/jpeg"}],"author":"Pova\u017esk\u00e9 m\u00fazeum","twitter_card":"summary_large_image","twitter_misc":{"Autor":"Pova\u017esk\u00e9 m\u00fazeum","Predpokladan\u00fd \u010das \u010d\u00edtania":"5 min\u00fat"},"schema":{"@context":"https:\/\/schema.org","@graph":[{"@type":"Article","@id":"https:\/\/pmza.sk\/?p=46149#article","isPartOf":{"@id":"https:\/\/pmza.sk\/?p=46149"},"author":{"name":"Pova\u017esk\u00e9 m\u00fazeum","@id":"https:\/\/pmza.sk\/#\/schema\/person\/595e6a2ce731ea94dcd5d7f50a41ae33"},"headline":"Prv\u00fd archeologick\u00fd v\u00fdskum Ka\u0161tie\u013ea v Byt\u010di","datePublished":"2021-11-03T08:43:00+00:00","dateModified":"2022-02-23T07:31:18+00:00","mainEntityOfPage":{"@id":"https:\/\/pmza.sk\/?p=46149"},"wordCount":678,"publisher":{"@id":"https:\/\/pmza.sk\/#organization"},"image":{"@id":"https:\/\/pmza.sk\/?p=46149#primaryimage"},"thumbnailUrl":"https:\/\/pmza.sk\/wp-content\/uploads\/2021\/11\/obr_1-sonda-1-na-nadvori-muriva-zaniknutych-objektov-scaled-1.jpg","articleSection":["Aktuality"],"inLanguage":"sk-SK"},{"@type":"WebPage","@id":"https:\/\/pmza.sk\/?p=46149","url":"https:\/\/pmza.sk\/?p=46149","name":"Prv\u00fd archeologick\u00fd v\u00fdskum Ka\u0161tie\u013ea v Byt\u010di - Pova\u017esk\u00e9 m\u00fazeum","isPartOf":{"@id":"https:\/\/pmza.sk\/#website"},"primaryImageOfPage":{"@id":"https:\/\/pmza.sk\/?p=46149#primaryimage"},"image":{"@id":"https:\/\/pmza.sk\/?p=46149#primaryimage"},"thumbnailUrl":"https:\/\/pmza.sk\/wp-content\/uploads\/2021\/11\/obr_1-sonda-1-na-nadvori-muriva-zaniknutych-objektov-scaled-1.jpg","datePublished":"2021-11-03T08:43:00+00:00","dateModified":"2022-02-23T07:31:18+00:00","breadcrumb":{"@id":"https:\/\/pmza.sk\/?p=46149#breadcrumb"},"inLanguage":"sk-SK","potentialAction":[{"@type":"ReadAction","target":["https:\/\/pmza.sk\/?p=46149"]}]},{"@type":"ImageObject","inLanguage":"sk-SK","@id":"https:\/\/pmza.sk\/?p=46149#primaryimage","url":"https:\/\/pmza.sk\/wp-content\/uploads\/2021\/11\/obr_1-sonda-1-na-nadvori-muriva-zaniknutych-objektov-scaled-1.jpg","contentUrl":"https:\/\/pmza.sk\/wp-content\/uploads\/2021\/11\/obr_1-sonda-1-na-nadvori-muriva-zaniknutych-objektov-scaled-1.jpg","width":2560,"height":1707,"caption":"Sonda 1 na n\u00e1dvor\u00ed. Muriv\u00e1 zaniknut\u00fdch objektov"},{"@type":"BreadcrumbList","@id":"https:\/\/pmza.sk\/?p=46149#breadcrumb","itemListElement":[{"@type":"ListItem","position":1,"name":"Domovsk\u00e1 str\u00e1nka","item":"https:\/\/pmza.sk\/"},{"@type":"ListItem","position":2,"name":"Prv\u00fd archeologick\u00fd v\u00fdskum Ka\u0161tie\u013ea v Byt\u010di"}]},{"@type":"WebSite","@id":"https:\/\/pmza.sk\/#website","url":"https:\/\/pmza.sk\/","name":"Pova\u017esk\u00e9 m\u00fazeum","description":"Pova\u017esk\u00e9 m\u00fazeum v \u017diline je region\u00e1lne m\u00fazeum so s\u00eddlom v Budat\u00edne. Jeho expoz\u00edcie s\u00fa zameran\u00e9 na dejiny slovensk\u00e9ho umenia, kult\u00fary a dopravy.","publisher":{"@id":"https:\/\/pmza.sk\/#organization"},"potentialAction":[{"@type":"SearchAction","target":{"@type":"EntryPoint","urlTemplate":"https:\/\/pmza.sk\/?s={search_term_string}"},"query-input":{"@type":"PropertyValueSpecification","valueRequired":true,"valueName":"search_term_string"}}],"inLanguage":"sk-SK"},{"@type":"Organization","@id":"https:\/\/pmza.sk\/#organization","name":"Pova\u017esk\u00e9 m\u00fazeum","url":"https:\/\/pmza.sk\/","logo":{"@type":"ImageObject","inLanguage":"sk-SK","@id":"https:\/\/pmza.sk\/#\/schema\/logo\/image\/","url":"https:\/\/pmza.sk\/wp-content\/uploads\/2022\/01\/logo_PM_horizontal.jpg","contentUrl":"https:\/\/pmza.sk\/wp-content\/uploads\/2022\/01\/logo_PM_horizontal.jpg","width":231,"height":142,"caption":"Pova\u017esk\u00e9 m\u00fazeum"},"image":{"@id":"https:\/\/pmza.sk\/#\/schema\/logo\/image\/"},"sameAs":["https:\/\/www.facebook.com\/povazskemuzeum","https:\/\/www.instagram.com\/povazskemuzeum\/"]},{"@type":"Person","@id":"https:\/\/pmza.sk\/#\/schema\/person\/595e6a2ce731ea94dcd5d7f50a41ae33","name":"Pova\u017esk\u00e9 m\u00fazeum","image":{"@type":"ImageObject","inLanguage":"sk-SK","@id":"https:\/\/secure.gravatar.com\/avatar\/2bb7f1561282132fb5826dfeccc66c7996d11ee392ac6aaf7ced8a1c2027fbb2?s=96&d=mm&r=g","url":"https:\/\/secure.gravatar.com\/avatar\/2bb7f1561282132fb5826dfeccc66c7996d11ee392ac6aaf7ced8a1c2027fbb2?s=96&d=mm&r=g","contentUrl":"https:\/\/secure.gravatar.com\/avatar\/2bb7f1561282132fb5826dfeccc66c7996d11ee392ac6aaf7ced8a1c2027fbb2?s=96&d=mm&r=g","caption":"Pova\u017esk\u00e9 m\u00fazeum"}}]}},"_links":{"self":[{"href":"https:\/\/pmza.sk\/index.php?rest_route=\/wp\/v2\/posts\/46149","targetHints":{"allow":["GET"]}}],"collection":[{"href":"https:\/\/pmza.sk\/index.php?rest_route=\/wp\/v2\/posts"}],"about":[{"href":"https:\/\/pmza.sk\/index.php?rest_route=\/wp\/v2\/types\/post"}],"author":[{"embeddable":true,"href":"https:\/\/pmza.sk\/index.php?rest_route=\/wp\/v2\/users\/2"}],"replies":[{"embeddable":true,"href":"https:\/\/pmza.sk\/index.php?rest_route=%2Fwp%2Fv2%2Fcomments&post=46149"}],"version-history":[{"count":0,"href":"https:\/\/pmza.sk\/index.php?rest_route=\/wp\/v2\/posts\/46149\/revisions"}],"wp:featuredmedia":[{"embeddable":true,"href":"https:\/\/pmza.sk\/index.php?rest_route=\/wp\/v2\/media\/46150"}],"wp:attachment":[{"href":"https:\/\/pmza.sk\/index.php?rest_route=%2Fwp%2Fv2%2Fmedia&parent=46149"}],"wp:term":[{"taxonomy":"category","embeddable":true,"href":"https:\/\/pmza.sk\/index.php?rest_route=%2Fwp%2Fv2%2Fcategories&post=46149"},{"taxonomy":"post_tag","embeddable":true,"href":"https:\/\/pmza.sk\/index.php?rest_route=%2Fwp%2Fv2%2Ftags&post=46149"}],"curies":[{"name":"wp","href":"https:\/\/api.w.org\/{rel}","templated":true}]}}