{"id":46203,"date":"2021-11-09T08:01:03","date_gmt":"2021-11-09T07:01:03","guid":{"rendered":"https:\/\/pmza.sk\/?p=46203"},"modified":"2021-11-09T08:01:03","modified_gmt":"2021-11-09T07:01:03","slug":"v-mene-bozom","status":"publish","type":"post","link":"https:\/\/pmza.sk\/?p=46203","title":{"rendered":"V mene Bo\u017eom"},"content":{"rendered":"<p>Pova\u017esk\u00e9 m\u00fazeum otvor\u00ed v\u00a0stredu 17. novembra v\u00a0kaplnke Budat\u00ednskeho hradu nov\u00fa v\u00fdstavu pod n\u00e1zvom V\u00a0mene Bo\u017eom. Jej s\u00fa\u010das\u0165ou bud\u00fa sakr\u00e1lne zbierky z\u00a0regi\u00f3nu horn\u00e9ho Pova\u017eia, ktor\u00e9 boli dlhodobo ukryt\u00e9 v\u00a0historickom depozit\u00e1ri m\u00fazea.<\/p>\n<p>Kaplnku Budat\u00ednskeho hradu dal v\u00a0roku 1745 postavi\u0165 vtedaj\u0161\u00ed majite\u013e Budat\u00ednskeho panstva Anton Su\u0148og a\u00a0zasv\u00e4ten\u00e1 bola Nepo\u0161kvrnen\u00e9mu po\u010datiu Panny M\u00e1rie. Pod\u013ea k\u00e1nonickej vizit\u00e1cie zo za\u010diatku 19. storo\u010dia je mo\u017en\u00e9 zisti\u0165, ako pribli\u017ene kaplnka vyzerala a\u00a0\u010do sa v\u00a0nej nach\u00e1dzalo. <em>\u201eV interi\u00e9ri bol <\/em><em>murovan\u00fd zl\u00e1ten\u00fd olt\u00e1r zdoben\u00fd jemnou rezb\u00e1rskou pr\u00e1cou, socha sv. J\u00e1na Nepomuck\u00e9ho,\u00a0 vyrez\u00e1van\u00fd\u00a0 zl\u00e1ten\u00fd sv\u00e4tost\u00e1nok blankytne modrej farby so strieborn\u00fdmi hviezdami a\u00a0olt\u00e1rny obraz Nepo\u0161kvrnen\u00e9ho po\u010datia Panny M\u00e1rie. Okrem toho tam boli aj lavice pre veriacich, svietniky a lamp\u00e1\u0161e. V\u00a0sakristii sa nach\u00e1dzala skri\u0148a sl\u00fa\u017eiaca na bohoslu\u017eobn\u00fd riad a liturgick\u00e9 oble\u010denie \u2013 bohoslu\u017eobn\u00e9 r\u00facho bielej, \u010dervenej, zelenej a\u00a0\u010diernej farby, \u0161t\u00f3ly, manipuly, kvadr\u00e1ty, alby, humer\u00e1ly, korpor\u00e1ly a\u00a0in\u00e9 liturgick\u00e9 text\u00edlie. Medzi zariadenie kaplnky patril i zl\u00e1ten\u00fd kalich, cib\u00f3rium, orbikulus, kadidlo, navikula a sklenen\u00e9 ampulky na v\u00edno a\u00a0vodu. Sv\u00e4t\u00e9 om\u0161e sa tu konali a\u017e do polovice 20. storo\u010dia, ke\u010f bola kaplnka koncom druhej svetovej vojny vyrabovan\u00e1 a\u00a0vyu\u017e\u00edvan\u00e1 na in\u00e9 \u010dinnosti,\u201c<\/em> pribl\u00ed\u017eila autorka v\u00fdstavy \u2013 histori\u010dka Pova\u017esk\u00e9ho m\u00fazea Dominika Hlob\u00edkov\u00e1.<\/p>\n<p>Ke\u010f\u017ee z\u00a0p\u00f4vodn\u00e9ho zariadenia a\u00a0vybavenia kaplnky sa ni\u010d nezachovalo, Pova\u017esk\u00e9 m\u00fazeum sa rozhodlo v\u00fdstavou pribl\u00ed\u017ei\u0165 n\u00e1v\u0161tevn\u00edkom za\u010diatok 20. storo\u010dia, ke\u010f kaplnka e\u0161te plnila duchovn\u00fa funkciu. Cirkevn\u00e9 odevy a\u00a0sakr\u00e1lne predmety s\u00fa vidite\u013en\u00fdm znakom transcendent\u00e1lneho sveta, okrem toho s\u00fa pln\u00e9 symbolov a\u00a0najm\u00e4 pre duchovn\u00fd \u017eivot \u010dloveka maj\u00fa ve\u013ek\u00fd v\u00fdznam. V\u00fdstava bude pre verejnos\u0165 pr\u00edstupn\u00e1 od 17. novembra do 16. janu\u00e1ra bud\u00faceho roka od stredy do nedele v\u00a0\u010dase od 9.00 do 16.30. \u00a0Viac inform\u00e1ci\u00ed n\u00e1jdu n\u00e1v\u0161tevn\u00edci na <a href=\"http:\/\/www.pmza.sk\">www.pmza.sk<\/a>.<\/p>\n<p>&nbsp;<\/p>\n<figure id=\"attachment_46205\" aria-describedby=\"caption-attachment-46205\" style=\"width: 497px\" class=\"wp-caption aligncenter\"><a href=\"https:\/\/pmza.sk\/aktuality\/v-mene-bozom\/attachment\/skupina-knazov-oblecenych-v-reverende-web\/\" rel=\"attachment wp-att-46205\"><img fetchpriority=\"high\" decoding=\"async\" class=\"size-medium wp-image-46205\" src=\"https:\/\/pmza.sk\/wp-content\/uploads\/2021\/11\/Skupina-knazov-oblecenych-v-reverende-web-497x360.jpg\" alt=\"\" width=\"497\" height=\"360\" srcset=\"https:\/\/pmza.sk\/wp-content\/uploads\/2021\/11\/Skupina-knazov-oblecenych-v-reverende-web-497x360.jpg 497w, https:\/\/pmza.sk\/wp-content\/uploads\/2021\/11\/Skupina-knazov-oblecenych-v-reverende-web-1017x736.jpg 1017w, https:\/\/pmza.sk\/wp-content\/uploads\/2021\/11\/Skupina-knazov-oblecenych-v-reverende-web-768x556.jpg 768w, https:\/\/pmza.sk\/wp-content\/uploads\/2021\/11\/Skupina-knazov-oblecenych-v-reverende-web-600x434.jpg 600w, https:\/\/pmza.sk\/wp-content\/uploads\/2021\/11\/Skupina-knazov-oblecenych-v-reverende-web.jpg 1024w\" sizes=\"(max-width: 497px) 100vw, 497px\" \/><\/a><figcaption id=\"caption-attachment-46205\" class=\"wp-caption-text\">Skupina k\u0148azov oble\u010den\u00fdch v reverende<\/figcaption><\/figure>\n<p>&nbsp;<\/p>\n","protected":false},"excerpt":{"rendered":"<p>Pova\u017esk\u00e9 m\u00fazeum otvor\u00ed v\u00a0stredu 17. novembra v\u00a0kaplnke Budat\u00ednskeho hradu nov\u00fa v\u00fdstavu pod n\u00e1zvom V\u00a0mene Bo\u017eom. Jej s\u00fa\u010das\u0165ou bud\u00fa sakr\u00e1lne zbierky z\u00a0regi\u00f3nu horn\u00e9ho Pova\u017eia, ktor\u00e9 boli dlhodobo ukryt\u00e9 v\u00a0historickom depozit\u00e1ri m\u00fazea. Kaplnku Budat\u00ednskeho hradu dal v\u00a0roku 1745 postavi\u0165 vtedaj\u0161\u00ed majite\u013e Budat\u00ednskeho panstva Anton Su\u0148og a\u00a0zasv\u00e4ten\u00e1 bola Nepo\u0161kvrnen\u00e9mu po\u010datiu Panny M\u00e1rie. Pod\u013ea k\u00e1nonickej vizit\u00e1cie zo za\u010diatku 19. [&hellip;]<\/p>\n","protected":false},"author":2,"featured_media":46204,"comment_status":"closed","ping_status":"closed","sticky":false,"template":"","format":"standard","meta":{"site-sidebar-layout":"default","site-content-layout":"","ast-site-content-layout":"","site-content-style":"default","site-sidebar-style":"default","ast-global-header-display":"","ast-banner-title-visibility":"","ast-main-header-display":"","ast-hfb-above-header-display":"","ast-hfb-below-header-display":"","ast-hfb-mobile-header-display":"","site-post-title":"","ast-breadcrumbs-content":"","ast-featured-img":"","footer-sml-layout":"","theme-transparent-header-meta":"","adv-header-id-meta":"","stick-header-meta":"","header-above-stick-meta":"","header-main-stick-meta":"","header-below-stick-meta":"","astra-migrate-meta-layouts":"default","ast-page-background-enabled":"default","ast-page-background-meta":{"desktop":{"background-color":"var(--ast-global-color-4)","background-image":"","background-repeat":"repeat","background-position":"center center","background-size":"auto","background-attachment":"scroll","background-type":"","background-media":"","overlay-type":"","overlay-color":"","overlay-opacity":"","overlay-gradient":""},"tablet":{"background-color":"","background-image":"","background-repeat":"repeat","background-position":"center center","background-size":"auto","background-attachment":"scroll","background-type":"","background-media":"","overlay-type":"","overlay-color":"","overlay-opacity":"","overlay-gradient":""},"mobile":{"background-color":"","background-image":"","background-repeat":"repeat","background-position":"center center","background-size":"auto","background-attachment":"scroll","background-type":"","background-media":"","overlay-type":"","overlay-color":"","overlay-opacity":"","overlay-gradient":""}},"ast-content-background-meta":{"desktop":{"background-color":"var(--ast-global-color-5)","background-image":"","background-repeat":"repeat","background-position":"center center","background-size":"auto","background-attachment":"scroll","background-type":"","background-media":"","overlay-type":"","overlay-color":"","overlay-opacity":"","overlay-gradient":""},"tablet":{"background-color":"var(--ast-global-color-5)","background-image":"","background-repeat":"repeat","background-position":"center center","background-size":"auto","background-attachment":"scroll","background-type":"","background-media":"","overlay-type":"","overlay-color":"","overlay-opacity":"","overlay-gradient":""},"mobile":{"background-color":"var(--ast-global-color-5)","background-image":"","background-repeat":"repeat","background-position":"center center","background-size":"auto","background-attachment":"scroll","background-type":"","background-media":"","overlay-type":"","overlay-color":"","overlay-opacity":"","overlay-gradient":""}},"footnotes":""},"categories":[31],"tags":[],"class_list":["post-46203","post","type-post","status-publish","format-standard","has-post-thumbnail","hentry","category-aktuality"],"yoast_head":"<!-- This site is optimized with the Yoast SEO plugin v27.4 - https:\/\/yoast.com\/product\/yoast-seo-wordpress\/ -->\n<title>V mene Bo\u017eom - Pova\u017esk\u00e9 m\u00fazeum<\/title>\n<meta name=\"robots\" content=\"index, follow, max-snippet:-1, max-image-preview:large, max-video-preview:-1\" \/>\n<link rel=\"canonical\" href=\"https:\/\/pmza.sk\/?p=46203\" \/>\n<meta property=\"og:locale\" content=\"sk_SK\" \/>\n<meta property=\"og:type\" content=\"article\" \/>\n<meta property=\"og:title\" content=\"V mene Bo\u017eom - Pova\u017esk\u00e9 m\u00fazeum\" \/>\n<meta property=\"og:description\" content=\"Pova\u017esk\u00e9 m\u00fazeum otvor\u00ed v\u00a0stredu 17. novembra v\u00a0kaplnke Budat\u00ednskeho hradu nov\u00fa v\u00fdstavu pod n\u00e1zvom V\u00a0mene Bo\u017eom. Jej s\u00fa\u010das\u0165ou bud\u00fa sakr\u00e1lne zbierky z\u00a0regi\u00f3nu horn\u00e9ho Pova\u017eia, ktor\u00e9 boli dlhodobo ukryt\u00e9 v\u00a0historickom depozit\u00e1ri m\u00fazea. Kaplnku Budat\u00ednskeho hradu dal v\u00a0roku 1745 postavi\u0165 vtedaj\u0161\u00ed majite\u013e Budat\u00ednskeho panstva Anton Su\u0148og a\u00a0zasv\u00e4ten\u00e1 bola Nepo\u0161kvrnen\u00e9mu po\u010datiu Panny M\u00e1rie. Pod\u013ea k\u00e1nonickej vizit\u00e1cie zo za\u010diatku 19. [&hellip;]\" \/>\n<meta property=\"og:url\" content=\"https:\/\/pmza.sk\/?p=46203\" \/>\n<meta property=\"og:site_name\" content=\"Pova\u017esk\u00e9 m\u00fazeum\" \/>\n<meta property=\"article:publisher\" content=\"https:\/\/www.facebook.com\/povazskemuzeum\" \/>\n<meta property=\"article:published_time\" content=\"2021-11-09T07:01:03+00:00\" \/>\n<meta property=\"og:image\" content=\"https:\/\/pmza.sk\/wp-content\/uploads\/2021\/11\/24_V-mene-Bozom_www.jpg\" \/>\n\t<meta property=\"og:image:width\" content=\"566\" \/>\n\t<meta property=\"og:image:height\" content=\"800\" \/>\n\t<meta property=\"og:image:type\" content=\"image\/jpeg\" \/>\n<meta name=\"author\" content=\"Pova\u017esk\u00e9 m\u00fazeum\" \/>\n<meta name=\"twitter:card\" content=\"summary_large_image\" \/>\n<meta name=\"twitter:label1\" content=\"Autor\" \/>\n\t<meta name=\"twitter:data1\" content=\"Pova\u017esk\u00e9 m\u00fazeum\" \/>\n\t<meta name=\"twitter:label2\" content=\"Predpokladan\u00fd \u010das \u010d\u00edtania\" \/>\n\t<meta name=\"twitter:data2\" content=\"2 min\u00faty\" \/>\n<script type=\"application\/ld+json\" class=\"yoast-schema-graph\">{\"@context\":\"https:\\\/\\\/schema.org\",\"@graph\":[{\"@type\":\"Article\",\"@id\":\"https:\\\/\\\/pmza.sk\\\/?p=46203#article\",\"isPartOf\":{\"@id\":\"https:\\\/\\\/pmza.sk\\\/?p=46203\"},\"author\":{\"name\":\"Pova\u017esk\u00e9 m\u00fazeum\",\"@id\":\"https:\\\/\\\/pmza.sk\\\/#\\\/schema\\\/person\\\/595e6a2ce731ea94dcd5d7f50a41ae33\"},\"headline\":\"V mene Bo\u017eom\",\"datePublished\":\"2021-11-09T07:01:03+00:00\",\"mainEntityOfPage\":{\"@id\":\"https:\\\/\\\/pmza.sk\\\/?p=46203\"},\"wordCount\":391,\"publisher\":{\"@id\":\"https:\\\/\\\/pmza.sk\\\/#organization\"},\"image\":{\"@id\":\"https:\\\/\\\/pmza.sk\\\/?p=46203#primaryimage\"},\"thumbnailUrl\":\"https:\\\/\\\/pmza.sk\\\/wp-content\\\/uploads\\\/2021\\\/11\\\/24_V-mene-Bozom_www.jpg\",\"articleSection\":[\"Aktuality\"],\"inLanguage\":\"sk-SK\"},{\"@type\":\"WebPage\",\"@id\":\"https:\\\/\\\/pmza.sk\\\/?p=46203\",\"url\":\"https:\\\/\\\/pmza.sk\\\/?p=46203\",\"name\":\"V mene Bo\u017eom - Pova\u017esk\u00e9 m\u00fazeum\",\"isPartOf\":{\"@id\":\"https:\\\/\\\/pmza.sk\\\/#website\"},\"primaryImageOfPage\":{\"@id\":\"https:\\\/\\\/pmza.sk\\\/?p=46203#primaryimage\"},\"image\":{\"@id\":\"https:\\\/\\\/pmza.sk\\\/?p=46203#primaryimage\"},\"thumbnailUrl\":\"https:\\\/\\\/pmza.sk\\\/wp-content\\\/uploads\\\/2021\\\/11\\\/24_V-mene-Bozom_www.jpg\",\"datePublished\":\"2021-11-09T07:01:03+00:00\",\"breadcrumb\":{\"@id\":\"https:\\\/\\\/pmza.sk\\\/?p=46203#breadcrumb\"},\"inLanguage\":\"sk-SK\",\"potentialAction\":[{\"@type\":\"ReadAction\",\"target\":[\"https:\\\/\\\/pmza.sk\\\/?p=46203\"]}]},{\"@type\":\"ImageObject\",\"inLanguage\":\"sk-SK\",\"@id\":\"https:\\\/\\\/pmza.sk\\\/?p=46203#primaryimage\",\"url\":\"https:\\\/\\\/pmza.sk\\\/wp-content\\\/uploads\\\/2021\\\/11\\\/24_V-mene-Bozom_www.jpg\",\"contentUrl\":\"https:\\\/\\\/pmza.sk\\\/wp-content\\\/uploads\\\/2021\\\/11\\\/24_V-mene-Bozom_www.jpg\",\"width\":566,\"height\":800},{\"@type\":\"BreadcrumbList\",\"@id\":\"https:\\\/\\\/pmza.sk\\\/?p=46203#breadcrumb\",\"itemListElement\":[{\"@type\":\"ListItem\",\"position\":1,\"name\":\"Domovsk\u00e1 str\u00e1nka\",\"item\":\"https:\\\/\\\/pmza.sk\\\/\"},{\"@type\":\"ListItem\",\"position\":2,\"name\":\"V mene Bo\u017eom\"}]},{\"@type\":\"WebSite\",\"@id\":\"https:\\\/\\\/pmza.sk\\\/#website\",\"url\":\"https:\\\/\\\/pmza.sk\\\/\",\"name\":\"Pova\u017esk\u00e9 m\u00fazeum\",\"description\":\"Pova\u017esk\u00e9 m\u00fazeum v \u017diline je region\u00e1lne m\u00fazeum so s\u00eddlom v Budat\u00edne. Jeho expoz\u00edcie s\u00fa zameran\u00e9 na dejiny slovensk\u00e9ho umenia, kult\u00fary a dopravy.\",\"publisher\":{\"@id\":\"https:\\\/\\\/pmza.sk\\\/#organization\"},\"potentialAction\":[{\"@type\":\"SearchAction\",\"target\":{\"@type\":\"EntryPoint\",\"urlTemplate\":\"https:\\\/\\\/pmza.sk\\\/?s={search_term_string}\"},\"query-input\":{\"@type\":\"PropertyValueSpecification\",\"valueRequired\":true,\"valueName\":\"search_term_string\"}}],\"inLanguage\":\"sk-SK\"},{\"@type\":\"Organization\",\"@id\":\"https:\\\/\\\/pmza.sk\\\/#organization\",\"name\":\"Pova\u017esk\u00e9 m\u00fazeum\",\"url\":\"https:\\\/\\\/pmza.sk\\\/\",\"logo\":{\"@type\":\"ImageObject\",\"inLanguage\":\"sk-SK\",\"@id\":\"https:\\\/\\\/pmza.sk\\\/#\\\/schema\\\/logo\\\/image\\\/\",\"url\":\"https:\\\/\\\/pmza.sk\\\/wp-content\\\/uploads\\\/2022\\\/01\\\/logo_PM_horizontal.jpg\",\"contentUrl\":\"https:\\\/\\\/pmza.sk\\\/wp-content\\\/uploads\\\/2022\\\/01\\\/logo_PM_horizontal.jpg\",\"width\":231,\"height\":142,\"caption\":\"Pova\u017esk\u00e9 m\u00fazeum\"},\"image\":{\"@id\":\"https:\\\/\\\/pmza.sk\\\/#\\\/schema\\\/logo\\\/image\\\/\"},\"sameAs\":[\"https:\\\/\\\/www.facebook.com\\\/povazskemuzeum\",\"https:\\\/\\\/www.instagram.com\\\/povazskemuzeum\\\/\"]},{\"@type\":\"Person\",\"@id\":\"https:\\\/\\\/pmza.sk\\\/#\\\/schema\\\/person\\\/595e6a2ce731ea94dcd5d7f50a41ae33\",\"name\":\"Pova\u017esk\u00e9 m\u00fazeum\",\"image\":{\"@type\":\"ImageObject\",\"inLanguage\":\"sk-SK\",\"@id\":\"https:\\\/\\\/secure.gravatar.com\\\/avatar\\\/2bb7f1561282132fb5826dfeccc66c7996d11ee392ac6aaf7ced8a1c2027fbb2?s=96&d=mm&r=g\",\"url\":\"https:\\\/\\\/secure.gravatar.com\\\/avatar\\\/2bb7f1561282132fb5826dfeccc66c7996d11ee392ac6aaf7ced8a1c2027fbb2?s=96&d=mm&r=g\",\"contentUrl\":\"https:\\\/\\\/secure.gravatar.com\\\/avatar\\\/2bb7f1561282132fb5826dfeccc66c7996d11ee392ac6aaf7ced8a1c2027fbb2?s=96&d=mm&r=g\",\"caption\":\"Pova\u017esk\u00e9 m\u00fazeum\"}}]}<\/script>\n<!-- \/ Yoast SEO plugin. -->","yoast_head_json":{"title":"V mene Bo\u017eom - Pova\u017esk\u00e9 m\u00fazeum","robots":{"index":"index","follow":"follow","max-snippet":"max-snippet:-1","max-image-preview":"max-image-preview:large","max-video-preview":"max-video-preview:-1"},"canonical":"https:\/\/pmza.sk\/?p=46203","og_locale":"sk_SK","og_type":"article","og_title":"V mene Bo\u017eom - Pova\u017esk\u00e9 m\u00fazeum","og_description":"Pova\u017esk\u00e9 m\u00fazeum otvor\u00ed v\u00a0stredu 17. novembra v\u00a0kaplnke Budat\u00ednskeho hradu nov\u00fa v\u00fdstavu pod n\u00e1zvom V\u00a0mene Bo\u017eom. Jej s\u00fa\u010das\u0165ou bud\u00fa sakr\u00e1lne zbierky z\u00a0regi\u00f3nu horn\u00e9ho Pova\u017eia, ktor\u00e9 boli dlhodobo ukryt\u00e9 v\u00a0historickom depozit\u00e1ri m\u00fazea. Kaplnku Budat\u00ednskeho hradu dal v\u00a0roku 1745 postavi\u0165 vtedaj\u0161\u00ed majite\u013e Budat\u00ednskeho panstva Anton Su\u0148og a\u00a0zasv\u00e4ten\u00e1 bola Nepo\u0161kvrnen\u00e9mu po\u010datiu Panny M\u00e1rie. Pod\u013ea k\u00e1nonickej vizit\u00e1cie zo za\u010diatku 19. [&hellip;]","og_url":"https:\/\/pmza.sk\/?p=46203","og_site_name":"Pova\u017esk\u00e9 m\u00fazeum","article_publisher":"https:\/\/www.facebook.com\/povazskemuzeum","article_published_time":"2021-11-09T07:01:03+00:00","og_image":[{"width":566,"height":800,"url":"https:\/\/pmza.sk\/wp-content\/uploads\/2021\/11\/24_V-mene-Bozom_www.jpg","type":"image\/jpeg"}],"author":"Pova\u017esk\u00e9 m\u00fazeum","twitter_card":"summary_large_image","twitter_misc":{"Autor":"Pova\u017esk\u00e9 m\u00fazeum","Predpokladan\u00fd \u010das \u010d\u00edtania":"2 min\u00faty"},"schema":{"@context":"https:\/\/schema.org","@graph":[{"@type":"Article","@id":"https:\/\/pmza.sk\/?p=46203#article","isPartOf":{"@id":"https:\/\/pmza.sk\/?p=46203"},"author":{"name":"Pova\u017esk\u00e9 m\u00fazeum","@id":"https:\/\/pmza.sk\/#\/schema\/person\/595e6a2ce731ea94dcd5d7f50a41ae33"},"headline":"V mene Bo\u017eom","datePublished":"2021-11-09T07:01:03+00:00","mainEntityOfPage":{"@id":"https:\/\/pmza.sk\/?p=46203"},"wordCount":391,"publisher":{"@id":"https:\/\/pmza.sk\/#organization"},"image":{"@id":"https:\/\/pmza.sk\/?p=46203#primaryimage"},"thumbnailUrl":"https:\/\/pmza.sk\/wp-content\/uploads\/2021\/11\/24_V-mene-Bozom_www.jpg","articleSection":["Aktuality"],"inLanguage":"sk-SK"},{"@type":"WebPage","@id":"https:\/\/pmza.sk\/?p=46203","url":"https:\/\/pmza.sk\/?p=46203","name":"V mene Bo\u017eom - Pova\u017esk\u00e9 m\u00fazeum","isPartOf":{"@id":"https:\/\/pmza.sk\/#website"},"primaryImageOfPage":{"@id":"https:\/\/pmza.sk\/?p=46203#primaryimage"},"image":{"@id":"https:\/\/pmza.sk\/?p=46203#primaryimage"},"thumbnailUrl":"https:\/\/pmza.sk\/wp-content\/uploads\/2021\/11\/24_V-mene-Bozom_www.jpg","datePublished":"2021-11-09T07:01:03+00:00","breadcrumb":{"@id":"https:\/\/pmza.sk\/?p=46203#breadcrumb"},"inLanguage":"sk-SK","potentialAction":[{"@type":"ReadAction","target":["https:\/\/pmza.sk\/?p=46203"]}]},{"@type":"ImageObject","inLanguage":"sk-SK","@id":"https:\/\/pmza.sk\/?p=46203#primaryimage","url":"https:\/\/pmza.sk\/wp-content\/uploads\/2021\/11\/24_V-mene-Bozom_www.jpg","contentUrl":"https:\/\/pmza.sk\/wp-content\/uploads\/2021\/11\/24_V-mene-Bozom_www.jpg","width":566,"height":800},{"@type":"BreadcrumbList","@id":"https:\/\/pmza.sk\/?p=46203#breadcrumb","itemListElement":[{"@type":"ListItem","position":1,"name":"Domovsk\u00e1 str\u00e1nka","item":"https:\/\/pmza.sk\/"},{"@type":"ListItem","position":2,"name":"V mene Bo\u017eom"}]},{"@type":"WebSite","@id":"https:\/\/pmza.sk\/#website","url":"https:\/\/pmza.sk\/","name":"Pova\u017esk\u00e9 m\u00fazeum","description":"Pova\u017esk\u00e9 m\u00fazeum v \u017diline je region\u00e1lne m\u00fazeum so s\u00eddlom v Budat\u00edne. Jeho expoz\u00edcie s\u00fa zameran\u00e9 na dejiny slovensk\u00e9ho umenia, kult\u00fary a dopravy.","publisher":{"@id":"https:\/\/pmza.sk\/#organization"},"potentialAction":[{"@type":"SearchAction","target":{"@type":"EntryPoint","urlTemplate":"https:\/\/pmza.sk\/?s={search_term_string}"},"query-input":{"@type":"PropertyValueSpecification","valueRequired":true,"valueName":"search_term_string"}}],"inLanguage":"sk-SK"},{"@type":"Organization","@id":"https:\/\/pmza.sk\/#organization","name":"Pova\u017esk\u00e9 m\u00fazeum","url":"https:\/\/pmza.sk\/","logo":{"@type":"ImageObject","inLanguage":"sk-SK","@id":"https:\/\/pmza.sk\/#\/schema\/logo\/image\/","url":"https:\/\/pmza.sk\/wp-content\/uploads\/2022\/01\/logo_PM_horizontal.jpg","contentUrl":"https:\/\/pmza.sk\/wp-content\/uploads\/2022\/01\/logo_PM_horizontal.jpg","width":231,"height":142,"caption":"Pova\u017esk\u00e9 m\u00fazeum"},"image":{"@id":"https:\/\/pmza.sk\/#\/schema\/logo\/image\/"},"sameAs":["https:\/\/www.facebook.com\/povazskemuzeum","https:\/\/www.instagram.com\/povazskemuzeum\/"]},{"@type":"Person","@id":"https:\/\/pmza.sk\/#\/schema\/person\/595e6a2ce731ea94dcd5d7f50a41ae33","name":"Pova\u017esk\u00e9 m\u00fazeum","image":{"@type":"ImageObject","inLanguage":"sk-SK","@id":"https:\/\/secure.gravatar.com\/avatar\/2bb7f1561282132fb5826dfeccc66c7996d11ee392ac6aaf7ced8a1c2027fbb2?s=96&d=mm&r=g","url":"https:\/\/secure.gravatar.com\/avatar\/2bb7f1561282132fb5826dfeccc66c7996d11ee392ac6aaf7ced8a1c2027fbb2?s=96&d=mm&r=g","contentUrl":"https:\/\/secure.gravatar.com\/avatar\/2bb7f1561282132fb5826dfeccc66c7996d11ee392ac6aaf7ced8a1c2027fbb2?s=96&d=mm&r=g","caption":"Pova\u017esk\u00e9 m\u00fazeum"}}]}},"_links":{"self":[{"href":"https:\/\/pmza.sk\/index.php?rest_route=\/wp\/v2\/posts\/46203","targetHints":{"allow":["GET"]}}],"collection":[{"href":"https:\/\/pmza.sk\/index.php?rest_route=\/wp\/v2\/posts"}],"about":[{"href":"https:\/\/pmza.sk\/index.php?rest_route=\/wp\/v2\/types\/post"}],"author":[{"embeddable":true,"href":"https:\/\/pmza.sk\/index.php?rest_route=\/wp\/v2\/users\/2"}],"replies":[{"embeddable":true,"href":"https:\/\/pmza.sk\/index.php?rest_route=%2Fwp%2Fv2%2Fcomments&post=46203"}],"version-history":[{"count":0,"href":"https:\/\/pmza.sk\/index.php?rest_route=\/wp\/v2\/posts\/46203\/revisions"}],"wp:featuredmedia":[{"embeddable":true,"href":"https:\/\/pmza.sk\/index.php?rest_route=\/wp\/v2\/media\/46204"}],"wp:attachment":[{"href":"https:\/\/pmza.sk\/index.php?rest_route=%2Fwp%2Fv2%2Fmedia&parent=46203"}],"wp:term":[{"taxonomy":"category","embeddable":true,"href":"https:\/\/pmza.sk\/index.php?rest_route=%2Fwp%2Fv2%2Fcategories&post=46203"},{"taxonomy":"post_tag","embeddable":true,"href":"https:\/\/pmza.sk\/index.php?rest_route=%2Fwp%2Fv2%2Ftags&post=46203"}],"curies":[{"name":"wp","href":"https:\/\/api.w.org\/{rel}","templated":true}]}}