{"id":46250,"date":"2021-11-12T09:08:31","date_gmt":"2021-11-12T08:08:31","guid":{"rendered":"https:\/\/pmza.sk\/?p=46250"},"modified":"2022-02-23T08:31:17","modified_gmt":"2022-02-23T07:31:17","slug":"restaurovanie-na-hrade-strecno-pokracuje","status":"publish","type":"post","link":"https:\/\/pmza.sk\/?p=46250","title":{"rendered":"Re\u0161taurovanie na hrade Stre\u010dno pokra\u010duje"},"content":{"rendered":"<p>Na hrade Stre\u010dno aj tento rok pokra\u010duje re\u0161taurovanie severn\u00e9ho pal\u00e1ca a\u00a0sakristie. Re\u0161taur\u00e1torsk\u00e9 pr\u00e1ce s\u00fa realizovan\u00e9 prostredn\u00edctvom dota\u010dn\u00e9ho syst\u00e9mu Ministerstva kult\u00fary Slovenskej republiky v\u00a0programe Obnovme si svoj dom v podprograme Obnova kult\u00farnych pamiatok. Severn\u00fd pal\u00e1c bude ukon\u010den\u00fd e\u0161te v\u00a0tomto roku, sakristia by mala by\u0165 hotov\u00e1 v \u010fal\u0161ej etape.<\/p>\n<p><em>\u201eCie\u013eom samotn\u00e9ho re\u0161taurovania je \u00fasilie o z\u00e1chranu a konsolid\u00e1ciu origin\u00e1lnych hm\u00f4t a z\u00e1rove\u0148 o obnovenie p\u00f4vodn\u00e9ho v\u00fdrazu kult\u00farnej pamiatky s prezent\u00e1ciou zachovan\u00fdch pl\u00f4ch stredovek\u00fdch omietok. V\u00fdsledkom re\u0161taurovania a obnovy bude nielen z\u00e1chrana kult\u00farnej pamiatky, ale z\u00e1rove\u0148 aj prezent\u00e1cia v \u010do najautentickej\u0161om v\u00fdraze a\u00a0t\u00fdm skvalitnenie jej prezent\u00e1cie laickej i odbornej verejnosti,\u201c<\/em> pribl\u00ed\u017eil re\u0161taur\u00e1tor Mgr. art. Adri\u00e1n Gia\u010d.<\/p>\n<p>Na hrade s\u00fabe\u017ene prebiehaj\u00fa stavebn\u00e9 pr\u00e1ce v\u00a0\u010dasti hlavnej br\u00e1ny, ktor\u00e9 s\u00fa predmetom cezhrani\u010dn\u00e9ho projektu s\u00a0n\u00e1zvom \u201eZv\u00fd\u0161en\u00ed p\u0159\u00edstupnosti a\u00a0bezpe\u010dnosti ke kulturn\u00edm pam\u00e1tk\u00e1m \u010desko-slovensk\u00e9ho pohrani\u010d\u00ed\u201c podporen\u00e9ho z\u00a0programu Interreg SK-CZ. <em>\u201eIde o\u00a0kombinovan\u00fd projekt rozvoja dopravnej infra\u0161trukt\u00fary v\u00a0prihrani\u010dnom regi\u00f3ne s\u00a0doplnkovou invest\u00edciou do objektu kult\u00farneho dedi\u010dstva a\u00a0marketingovo zameran\u00fdmi m\u00e4kk\u00fdmi aktivitami. Konkr\u00e9tne sa jedn\u00e1 o\u00a0invest\u00edcie do cestnej komunik\u00e1cie III. triedy na \u010deskej strane a\u00a0invest\u00edcie do cyklotrasy a\u00a0cyklo-l\u00e1vky spolu s\u00a0rekon\u0161trukciou hlavnej br\u00e1ny na hrade Stre\u010dno na slovenskej strane. Z\u00e1mer je komplement\u00e1rnou \u010das\u0165ou komplexn\u00e9ho projektu Cyrilo-metodskej cesty zameranej na spr\u00edstupnenie kult\u00farnych pamiatok a\u00a0pr\u00edrodn\u00e9ho dedi\u010dstva pozd\u013a\u017e jej trasy,\u201c <\/em>doplnila Katar\u00edna Kasprzykov\u00e1 z\u00a0odboru kult\u00fary \u017dilinsk\u00e9ho samospr\u00e1vneho kraja.<\/p>\n<p>Pr\u00e1ve rekon\u0161trukcie boli d\u00f4vodom, pre\u010do bola sez\u00f3na na hrade Stre\u010dno ukon\u010den\u00e1 u\u017e v\u00a0polovici okt\u00f3bra. <em>\u201ePrehliadky hradu by boli ve\u013emi obmedzen\u00e9 nielen kv\u00f4li pl\u00e1novaniu vhodnej trasy, ale i\u00a0kv\u00f4li hluku na stavbe. Pova\u017esk\u00e9 m\u00fazeum m\u00e1 pripraven\u00fd projekt na realiz\u00e1ciu novej expoz\u00edcie, \u010domu v\u0161ak predch\u00e1dzaj\u00fa pr\u00edpravn\u00e9 pr\u00e1ce objektov v\u00a0podobe novej elektroin\u0161tal\u00e1cie. Ke\u010f\u017ee sme limitovan\u00ed financiami, bud\u00fa realizovan\u00e9 etapovite. Ver\u00edme, \u017ee v\u00a0bud\u00facej sez\u00f3ne op\u00e4\u0165 otvor\u00edme br\u00e1ny hradu pre v\u0161etk\u00fdch milovn\u00edkov stredovekej hist\u00f3rie,\u201c<\/em> uzavrela spr\u00e1vky\u0148a hradu Stre\u010dno Katar\u00edna Rep\u00e1\u0148ov\u00e1.<em> \u00a0<\/em><\/p>\n<p><a href=\"https:\/\/pmza.sk\/aktuality\/restaurovanie-na-hrade-strecno-pokracuje\/attachment\/img_2837\/\" rel=\"attachment wp-att-46255\"><img fetchpriority=\"high\" decoding=\"async\" class=\"aligncenter size-medium wp-image-46255\" src=\"https:\/\/pmza.sk\/wp-content\/uploads\/2021\/11\/IMG_2837-240x360.jpg\" alt=\"\" width=\"240\" height=\"360\" srcset=\"https:\/\/pmza.sk\/wp-content\/uploads\/2021\/11\/IMG_2837-240x360.jpg 240w, https:\/\/pmza.sk\/wp-content\/uploads\/2021\/11\/IMG_2837-491x736.jpg 491w, https:\/\/pmza.sk\/wp-content\/uploads\/2021\/11\/IMG_2837.jpg 512w\" sizes=\"(max-width: 240px) 100vw, 240px\" \/><\/a><\/p>\n<p><a href=\"https:\/\/pmza.sk\/aktuality\/restaurovanie-na-hrade-strecno-pokracuje\/attachment\/img_2838\/\" rel=\"attachment wp-att-46256\"><img decoding=\"async\" class=\"aligncenter size-medium wp-image-46256\" src=\"https:\/\/pmza.sk\/wp-content\/uploads\/2021\/11\/IMG_2838-240x360.jpg\" alt=\"\" width=\"240\" height=\"360\" srcset=\"https:\/\/pmza.sk\/wp-content\/uploads\/2021\/11\/IMG_2838-240x360.jpg 240w, https:\/\/pmza.sk\/wp-content\/uploads\/2021\/11\/IMG_2838-491x736.jpg 491w, https:\/\/pmza.sk\/wp-content\/uploads\/2021\/11\/IMG_2838.jpg 512w\" sizes=\"(max-width: 240px) 100vw, 240px\" \/><\/a><\/p>\n<p><a href=\"https:\/\/pmza.sk\/aktuality\/restaurovanie-na-hrade-strecno-pokracuje\/attachment\/img_2834\/\" rel=\"attachment wp-att-46252\"><img decoding=\"async\" class=\"aligncenter size-medium wp-image-46252\" src=\"https:\/\/pmza.sk\/wp-content\/uploads\/2021\/11\/IMG_2834-240x360.jpg\" alt=\"\" width=\"240\" height=\"360\" srcset=\"https:\/\/pmza.sk\/wp-content\/uploads\/2021\/11\/IMG_2834-240x360.jpg 240w, https:\/\/pmza.sk\/wp-content\/uploads\/2021\/11\/IMG_2834-491x736.jpg 491w, https:\/\/pmza.sk\/wp-content\/uploads\/2021\/11\/IMG_2834.jpg 512w\" sizes=\"(max-width: 240px) 100vw, 240px\" \/><\/a><\/p>\n<p><a href=\"https:\/\/pmza.sk\/aktuality\/restaurovanie-na-hrade-strecno-pokracuje\/attachment\/img_2835-2\/\" rel=\"attachment wp-att-46253\"><img loading=\"lazy\" decoding=\"async\" class=\"aligncenter size-medium wp-image-46253\" src=\"https:\/\/pmza.sk\/wp-content\/uploads\/2021\/11\/IMG_2835-240x360.jpg\" alt=\"\" width=\"240\" height=\"360\" srcset=\"https:\/\/pmza.sk\/wp-content\/uploads\/2021\/11\/IMG_2835-240x360.jpg 240w, https:\/\/pmza.sk\/wp-content\/uploads\/2021\/11\/IMG_2835-491x736.jpg 491w, https:\/\/pmza.sk\/wp-content\/uploads\/2021\/11\/IMG_2835.jpg 512w\" sizes=\"(max-width: 240px) 100vw, 240px\" \/><\/a><\/p>\n<p><a href=\"https:\/\/pmza.sk\/aktuality\/restaurovanie-na-hrade-strecno-pokracuje\/attachment\/img_2836\/\" rel=\"attachment wp-att-46254\"><img loading=\"lazy\" decoding=\"async\" class=\"aligncenter size-medium wp-image-46254\" src=\"https:\/\/pmza.sk\/wp-content\/uploads\/2021\/11\/IMG_2836-240x360.jpg\" alt=\"\" width=\"240\" height=\"360\" srcset=\"https:\/\/pmza.sk\/wp-content\/uploads\/2021\/11\/IMG_2836-240x360.jpg 240w, https:\/\/pmza.sk\/wp-content\/uploads\/2021\/11\/IMG_2836-491x736.jpg 491w, https:\/\/pmza.sk\/wp-content\/uploads\/2021\/11\/IMG_2836.jpg 512w\" sizes=\"(max-width: 240px) 100vw, 240px\" \/><\/a><\/p>\n<p><a href=\"https:\/\/pmza.sk\/aktuality\/restaurovanie-na-hrade-strecno-pokracuje\/attachment\/hlavna-brana-1\/\" rel=\"attachment wp-att-46262\"><img loading=\"lazy\" decoding=\"async\" class=\"aligncenter size-medium wp-image-46262\" src=\"https:\/\/pmza.sk\/wp-content\/uploads\/2021\/11\/hlavna-brana-1-540x360.jpg\" alt=\"\" width=\"540\" height=\"360\" srcset=\"https:\/\/pmza.sk\/wp-content\/uploads\/2021\/11\/hlavna-brana-1-540x360.jpg 540w, https:\/\/pmza.sk\/wp-content\/uploads\/2021\/11\/hlavna-brana-1-768x512.jpg 768w, https:\/\/pmza.sk\/wp-content\/uploads\/2021\/11\/hlavna-brana-1-600x400.jpg 600w, https:\/\/pmza.sk\/wp-content\/uploads\/2021\/11\/hlavna-brana-1.jpg 1024w\" sizes=\"(max-width: 540px) 100vw, 540px\" \/><\/a><\/p>\n<p><a href=\"https:\/\/pmza.sk\/aktuality\/restaurovanie-na-hrade-strecno-pokracuje\/attachment\/hlavna-brana-2\/\" rel=\"attachment wp-att-46263\"><img loading=\"lazy\" decoding=\"async\" class=\"aligncenter size-medium wp-image-46263\" src=\"https:\/\/pmza.sk\/wp-content\/uploads\/2021\/11\/hlavna-brana-2-540x360.jpg\" alt=\"\" width=\"540\" height=\"360\" srcset=\"https:\/\/pmza.sk\/wp-content\/uploads\/2021\/11\/hlavna-brana-2-540x360.jpg 540w, https:\/\/pmza.sk\/wp-content\/uploads\/2021\/11\/hlavna-brana-2-768x512.jpg 768w, https:\/\/pmza.sk\/wp-content\/uploads\/2021\/11\/hlavna-brana-2-600x400.jpg 600w, https:\/\/pmza.sk\/wp-content\/uploads\/2021\/11\/hlavna-brana-2.jpg 1024w\" sizes=\"(max-width: 540px) 100vw, 540px\" \/><\/a><\/p>\n","protected":false},"excerpt":{"rendered":"<p>Na hrade Stre\u010dno aj tento rok pokra\u010duje re\u0161taurovanie severn\u00e9ho pal\u00e1ca a\u00a0sakristie. Re\u0161taur\u00e1torsk\u00e9 pr\u00e1ce s\u00fa realizovan\u00e9 prostredn\u00edctvom dota\u010dn\u00e9ho syst\u00e9mu Ministerstva kult\u00fary Slovenskej republiky v\u00a0programe Obnovme si svoj dom v podprograme Obnova kult\u00farnych pamiatok. Severn\u00fd pal\u00e1c bude ukon\u010den\u00fd e\u0161te v\u00a0tomto roku, sakristia by mala by\u0165 hotov\u00e1 v \u010fal\u0161ej etape. \u201eCie\u013eom samotn\u00e9ho re\u0161taurovania je \u00fasilie o z\u00e1chranu a [&hellip;]<\/p>\n","protected":false},"author":2,"featured_media":46251,"comment_status":"closed","ping_status":"closed","sticky":false,"template":"","format":"standard","meta":{"site-sidebar-layout":"default","site-content-layout":"","ast-site-content-layout":"","site-content-style":"default","site-sidebar-style":"default","ast-global-header-display":"","ast-banner-title-visibility":"","ast-main-header-display":"","ast-hfb-above-header-display":"","ast-hfb-below-header-display":"","ast-hfb-mobile-header-display":"","site-post-title":"","ast-breadcrumbs-content":"","ast-featured-img":"","footer-sml-layout":"","theme-transparent-header-meta":"","adv-header-id-meta":"","stick-header-meta":"","header-above-stick-meta":"","header-main-stick-meta":"","header-below-stick-meta":"","astra-migrate-meta-layouts":"default","ast-page-background-enabled":"default","ast-page-background-meta":{"desktop":{"background-color":"var(--ast-global-color-4)","background-image":"","background-repeat":"repeat","background-position":"center center","background-size":"auto","background-attachment":"scroll","background-type":"","background-media":"","overlay-type":"","overlay-color":"","overlay-opacity":"","overlay-gradient":""},"tablet":{"background-color":"","background-image":"","background-repeat":"repeat","background-position":"center center","background-size":"auto","background-attachment":"scroll","background-type":"","background-media":"","overlay-type":"","overlay-color":"","overlay-opacity":"","overlay-gradient":""},"mobile":{"background-color":"","background-image":"","background-repeat":"repeat","background-position":"center center","background-size":"auto","background-attachment":"scroll","background-type":"","background-media":"","overlay-type":"","overlay-color":"","overlay-opacity":"","overlay-gradient":""}},"ast-content-background-meta":{"desktop":{"background-color":"var(--ast-global-color-5)","background-image":"","background-repeat":"repeat","background-position":"center center","background-size":"auto","background-attachment":"scroll","background-type":"","background-media":"","overlay-type":"","overlay-color":"","overlay-opacity":"","overlay-gradient":""},"tablet":{"background-color":"var(--ast-global-color-5)","background-image":"","background-repeat":"repeat","background-position":"center center","background-size":"auto","background-attachment":"scroll","background-type":"","background-media":"","overlay-type":"","overlay-color":"","overlay-opacity":"","overlay-gradient":""},"mobile":{"background-color":"var(--ast-global-color-5)","background-image":"","background-repeat":"repeat","background-position":"center center","background-size":"auto","background-attachment":"scroll","background-type":"","background-media":"","overlay-type":"","overlay-color":"","overlay-opacity":"","overlay-gradient":""}},"footnotes":""},"categories":[31],"tags":[],"class_list":["post-46250","post","type-post","status-publish","format-standard","has-post-thumbnail","hentry","category-aktuality"],"yoast_head":"<!-- This site is optimized with the Yoast SEO plugin v27.4 - https:\/\/yoast.com\/product\/yoast-seo-wordpress\/ -->\n<title>Re\u0161taurovanie na hrade Stre\u010dno pokra\u010duje - Pova\u017esk\u00e9 m\u00fazeum<\/title>\n<meta name=\"robots\" content=\"index, follow, max-snippet:-1, max-image-preview:large, max-video-preview:-1\" \/>\n<link rel=\"canonical\" href=\"https:\/\/pmza.sk\/?p=46250\" \/>\n<meta property=\"og:locale\" content=\"sk_SK\" \/>\n<meta property=\"og:type\" content=\"article\" \/>\n<meta property=\"og:title\" content=\"Re\u0161taurovanie na hrade Stre\u010dno pokra\u010duje - Pova\u017esk\u00e9 m\u00fazeum\" \/>\n<meta property=\"og:description\" content=\"Na hrade Stre\u010dno aj tento rok pokra\u010duje re\u0161taurovanie severn\u00e9ho pal\u00e1ca a\u00a0sakristie. Re\u0161taur\u00e1torsk\u00e9 pr\u00e1ce s\u00fa realizovan\u00e9 prostredn\u00edctvom dota\u010dn\u00e9ho syst\u00e9mu Ministerstva kult\u00fary Slovenskej republiky v\u00a0programe Obnovme si svoj dom v podprograme Obnova kult\u00farnych pamiatok. Severn\u00fd pal\u00e1c bude ukon\u010den\u00fd e\u0161te v\u00a0tomto roku, sakristia by mala by\u0165 hotov\u00e1 v \u010fal\u0161ej etape. \u201eCie\u013eom samotn\u00e9ho re\u0161taurovania je \u00fasilie o z\u00e1chranu a [&hellip;]\" \/>\n<meta property=\"og:url\" content=\"https:\/\/pmza.sk\/?p=46250\" \/>\n<meta property=\"og:site_name\" content=\"Pova\u017esk\u00e9 m\u00fazeum\" \/>\n<meta property=\"article:publisher\" content=\"https:\/\/www.facebook.com\/povazskemuzeum\" \/>\n<meta property=\"article:published_time\" content=\"2021-11-12T08:08:31+00:00\" \/>\n<meta property=\"article:modified_time\" content=\"2022-02-23T07:31:17+00:00\" \/>\n<meta property=\"og:image\" content=\"https:\/\/pmza.sk\/wp-content\/uploads\/2021\/11\/IMG_2833.jpg\" \/>\n\t<meta property=\"og:image:width\" content=\"1024\" \/>\n\t<meta property=\"og:image:height\" content=\"683\" \/>\n\t<meta property=\"og:image:type\" content=\"image\/jpeg\" \/>\n<meta name=\"author\" content=\"Pova\u017esk\u00e9 m\u00fazeum\" \/>\n<meta name=\"twitter:card\" content=\"summary_large_image\" \/>\n<meta name=\"twitter:label1\" content=\"Autor\" \/>\n\t<meta name=\"twitter:data1\" content=\"Pova\u017esk\u00e9 m\u00fazeum\" \/>\n\t<meta name=\"twitter:label2\" content=\"Predpokladan\u00fd \u010das \u010d\u00edtania\" \/>\n\t<meta name=\"twitter:data2\" content=\"2 min\u00faty\" \/>\n<script type=\"application\/ld+json\" class=\"yoast-schema-graph\">{\"@context\":\"https:\\\/\\\/schema.org\",\"@graph\":[{\"@type\":\"Article\",\"@id\":\"https:\\\/\\\/pmza.sk\\\/?p=46250#article\",\"isPartOf\":{\"@id\":\"https:\\\/\\\/pmza.sk\\\/?p=46250\"},\"author\":{\"name\":\"Pova\u017esk\u00e9 m\u00fazeum\",\"@id\":\"https:\\\/\\\/pmza.sk\\\/#\\\/schema\\\/person\\\/595e6a2ce731ea94dcd5d7f50a41ae33\"},\"headline\":\"Re\u0161taurovanie na hrade Stre\u010dno pokra\u010duje\",\"datePublished\":\"2021-11-12T08:08:31+00:00\",\"dateModified\":\"2022-02-23T07:31:17+00:00\",\"mainEntityOfPage\":{\"@id\":\"https:\\\/\\\/pmza.sk\\\/?p=46250\"},\"wordCount\":435,\"publisher\":{\"@id\":\"https:\\\/\\\/pmza.sk\\\/#organization\"},\"image\":{\"@id\":\"https:\\\/\\\/pmza.sk\\\/?p=46250#primaryimage\"},\"thumbnailUrl\":\"https:\\\/\\\/pmza.sk\\\/wp-content\\\/uploads\\\/2021\\\/11\\\/IMG_2833.jpg\",\"articleSection\":[\"Aktuality\"],\"inLanguage\":\"sk-SK\"},{\"@type\":\"WebPage\",\"@id\":\"https:\\\/\\\/pmza.sk\\\/?p=46250\",\"url\":\"https:\\\/\\\/pmza.sk\\\/?p=46250\",\"name\":\"Re\u0161taurovanie na hrade Stre\u010dno pokra\u010duje - Pova\u017esk\u00e9 m\u00fazeum\",\"isPartOf\":{\"@id\":\"https:\\\/\\\/pmza.sk\\\/#website\"},\"primaryImageOfPage\":{\"@id\":\"https:\\\/\\\/pmza.sk\\\/?p=46250#primaryimage\"},\"image\":{\"@id\":\"https:\\\/\\\/pmza.sk\\\/?p=46250#primaryimage\"},\"thumbnailUrl\":\"https:\\\/\\\/pmza.sk\\\/wp-content\\\/uploads\\\/2021\\\/11\\\/IMG_2833.jpg\",\"datePublished\":\"2021-11-12T08:08:31+00:00\",\"dateModified\":\"2022-02-23T07:31:17+00:00\",\"breadcrumb\":{\"@id\":\"https:\\\/\\\/pmza.sk\\\/?p=46250#breadcrumb\"},\"inLanguage\":\"sk-SK\",\"potentialAction\":[{\"@type\":\"ReadAction\",\"target\":[\"https:\\\/\\\/pmza.sk\\\/?p=46250\"]}]},{\"@type\":\"ImageObject\",\"inLanguage\":\"sk-SK\",\"@id\":\"https:\\\/\\\/pmza.sk\\\/?p=46250#primaryimage\",\"url\":\"https:\\\/\\\/pmza.sk\\\/wp-content\\\/uploads\\\/2021\\\/11\\\/IMG_2833.jpg\",\"contentUrl\":\"https:\\\/\\\/pmza.sk\\\/wp-content\\\/uploads\\\/2021\\\/11\\\/IMG_2833.jpg\",\"width\":1024,\"height\":683},{\"@type\":\"BreadcrumbList\",\"@id\":\"https:\\\/\\\/pmza.sk\\\/?p=46250#breadcrumb\",\"itemListElement\":[{\"@type\":\"ListItem\",\"position\":1,\"name\":\"Domovsk\u00e1 str\u00e1nka\",\"item\":\"https:\\\/\\\/pmza.sk\\\/\"},{\"@type\":\"ListItem\",\"position\":2,\"name\":\"Re\u0161taurovanie na hrade Stre\u010dno pokra\u010duje\"}]},{\"@type\":\"WebSite\",\"@id\":\"https:\\\/\\\/pmza.sk\\\/#website\",\"url\":\"https:\\\/\\\/pmza.sk\\\/\",\"name\":\"Pova\u017esk\u00e9 m\u00fazeum\",\"description\":\"Pova\u017esk\u00e9 m\u00fazeum v \u017diline je region\u00e1lne m\u00fazeum so s\u00eddlom v Budat\u00edne. Jeho expoz\u00edcie s\u00fa zameran\u00e9 na dejiny slovensk\u00e9ho umenia, kult\u00fary a dopravy.\",\"publisher\":{\"@id\":\"https:\\\/\\\/pmza.sk\\\/#organization\"},\"potentialAction\":[{\"@type\":\"SearchAction\",\"target\":{\"@type\":\"EntryPoint\",\"urlTemplate\":\"https:\\\/\\\/pmza.sk\\\/?s={search_term_string}\"},\"query-input\":{\"@type\":\"PropertyValueSpecification\",\"valueRequired\":true,\"valueName\":\"search_term_string\"}}],\"inLanguage\":\"sk-SK\"},{\"@type\":\"Organization\",\"@id\":\"https:\\\/\\\/pmza.sk\\\/#organization\",\"name\":\"Pova\u017esk\u00e9 m\u00fazeum\",\"url\":\"https:\\\/\\\/pmza.sk\\\/\",\"logo\":{\"@type\":\"ImageObject\",\"inLanguage\":\"sk-SK\",\"@id\":\"https:\\\/\\\/pmza.sk\\\/#\\\/schema\\\/logo\\\/image\\\/\",\"url\":\"https:\\\/\\\/pmza.sk\\\/wp-content\\\/uploads\\\/2022\\\/01\\\/logo_PM_horizontal.jpg\",\"contentUrl\":\"https:\\\/\\\/pmza.sk\\\/wp-content\\\/uploads\\\/2022\\\/01\\\/logo_PM_horizontal.jpg\",\"width\":231,\"height\":142,\"caption\":\"Pova\u017esk\u00e9 m\u00fazeum\"},\"image\":{\"@id\":\"https:\\\/\\\/pmza.sk\\\/#\\\/schema\\\/logo\\\/image\\\/\"},\"sameAs\":[\"https:\\\/\\\/www.facebook.com\\\/povazskemuzeum\",\"https:\\\/\\\/www.instagram.com\\\/povazskemuzeum\\\/\"]},{\"@type\":\"Person\",\"@id\":\"https:\\\/\\\/pmza.sk\\\/#\\\/schema\\\/person\\\/595e6a2ce731ea94dcd5d7f50a41ae33\",\"name\":\"Pova\u017esk\u00e9 m\u00fazeum\",\"image\":{\"@type\":\"ImageObject\",\"inLanguage\":\"sk-SK\",\"@id\":\"https:\\\/\\\/secure.gravatar.com\\\/avatar\\\/2bb7f1561282132fb5826dfeccc66c7996d11ee392ac6aaf7ced8a1c2027fbb2?s=96&d=mm&r=g\",\"url\":\"https:\\\/\\\/secure.gravatar.com\\\/avatar\\\/2bb7f1561282132fb5826dfeccc66c7996d11ee392ac6aaf7ced8a1c2027fbb2?s=96&d=mm&r=g\",\"contentUrl\":\"https:\\\/\\\/secure.gravatar.com\\\/avatar\\\/2bb7f1561282132fb5826dfeccc66c7996d11ee392ac6aaf7ced8a1c2027fbb2?s=96&d=mm&r=g\",\"caption\":\"Pova\u017esk\u00e9 m\u00fazeum\"}}]}<\/script>\n<!-- \/ Yoast SEO plugin. -->","yoast_head_json":{"title":"Re\u0161taurovanie na hrade Stre\u010dno pokra\u010duje - Pova\u017esk\u00e9 m\u00fazeum","robots":{"index":"index","follow":"follow","max-snippet":"max-snippet:-1","max-image-preview":"max-image-preview:large","max-video-preview":"max-video-preview:-1"},"canonical":"https:\/\/pmza.sk\/?p=46250","og_locale":"sk_SK","og_type":"article","og_title":"Re\u0161taurovanie na hrade Stre\u010dno pokra\u010duje - Pova\u017esk\u00e9 m\u00fazeum","og_description":"Na hrade Stre\u010dno aj tento rok pokra\u010duje re\u0161taurovanie severn\u00e9ho pal\u00e1ca a\u00a0sakristie. Re\u0161taur\u00e1torsk\u00e9 pr\u00e1ce s\u00fa realizovan\u00e9 prostredn\u00edctvom dota\u010dn\u00e9ho syst\u00e9mu Ministerstva kult\u00fary Slovenskej republiky v\u00a0programe Obnovme si svoj dom v podprograme Obnova kult\u00farnych pamiatok. Severn\u00fd pal\u00e1c bude ukon\u010den\u00fd e\u0161te v\u00a0tomto roku, sakristia by mala by\u0165 hotov\u00e1 v \u010fal\u0161ej etape. \u201eCie\u013eom samotn\u00e9ho re\u0161taurovania je \u00fasilie o z\u00e1chranu a [&hellip;]","og_url":"https:\/\/pmza.sk\/?p=46250","og_site_name":"Pova\u017esk\u00e9 m\u00fazeum","article_publisher":"https:\/\/www.facebook.com\/povazskemuzeum","article_published_time":"2021-11-12T08:08:31+00:00","article_modified_time":"2022-02-23T07:31:17+00:00","og_image":[{"width":1024,"height":683,"url":"https:\/\/pmza.sk\/wp-content\/uploads\/2021\/11\/IMG_2833.jpg","type":"image\/jpeg"}],"author":"Pova\u017esk\u00e9 m\u00fazeum","twitter_card":"summary_large_image","twitter_misc":{"Autor":"Pova\u017esk\u00e9 m\u00fazeum","Predpokladan\u00fd \u010das \u010d\u00edtania":"2 min\u00faty"},"schema":{"@context":"https:\/\/schema.org","@graph":[{"@type":"Article","@id":"https:\/\/pmza.sk\/?p=46250#article","isPartOf":{"@id":"https:\/\/pmza.sk\/?p=46250"},"author":{"name":"Pova\u017esk\u00e9 m\u00fazeum","@id":"https:\/\/pmza.sk\/#\/schema\/person\/595e6a2ce731ea94dcd5d7f50a41ae33"},"headline":"Re\u0161taurovanie na hrade Stre\u010dno pokra\u010duje","datePublished":"2021-11-12T08:08:31+00:00","dateModified":"2022-02-23T07:31:17+00:00","mainEntityOfPage":{"@id":"https:\/\/pmza.sk\/?p=46250"},"wordCount":435,"publisher":{"@id":"https:\/\/pmza.sk\/#organization"},"image":{"@id":"https:\/\/pmza.sk\/?p=46250#primaryimage"},"thumbnailUrl":"https:\/\/pmza.sk\/wp-content\/uploads\/2021\/11\/IMG_2833.jpg","articleSection":["Aktuality"],"inLanguage":"sk-SK"},{"@type":"WebPage","@id":"https:\/\/pmza.sk\/?p=46250","url":"https:\/\/pmza.sk\/?p=46250","name":"Re\u0161taurovanie na hrade Stre\u010dno pokra\u010duje - Pova\u017esk\u00e9 m\u00fazeum","isPartOf":{"@id":"https:\/\/pmza.sk\/#website"},"primaryImageOfPage":{"@id":"https:\/\/pmza.sk\/?p=46250#primaryimage"},"image":{"@id":"https:\/\/pmza.sk\/?p=46250#primaryimage"},"thumbnailUrl":"https:\/\/pmza.sk\/wp-content\/uploads\/2021\/11\/IMG_2833.jpg","datePublished":"2021-11-12T08:08:31+00:00","dateModified":"2022-02-23T07:31:17+00:00","breadcrumb":{"@id":"https:\/\/pmza.sk\/?p=46250#breadcrumb"},"inLanguage":"sk-SK","potentialAction":[{"@type":"ReadAction","target":["https:\/\/pmza.sk\/?p=46250"]}]},{"@type":"ImageObject","inLanguage":"sk-SK","@id":"https:\/\/pmza.sk\/?p=46250#primaryimage","url":"https:\/\/pmza.sk\/wp-content\/uploads\/2021\/11\/IMG_2833.jpg","contentUrl":"https:\/\/pmza.sk\/wp-content\/uploads\/2021\/11\/IMG_2833.jpg","width":1024,"height":683},{"@type":"BreadcrumbList","@id":"https:\/\/pmza.sk\/?p=46250#breadcrumb","itemListElement":[{"@type":"ListItem","position":1,"name":"Domovsk\u00e1 str\u00e1nka","item":"https:\/\/pmza.sk\/"},{"@type":"ListItem","position":2,"name":"Re\u0161taurovanie na hrade Stre\u010dno pokra\u010duje"}]},{"@type":"WebSite","@id":"https:\/\/pmza.sk\/#website","url":"https:\/\/pmza.sk\/","name":"Pova\u017esk\u00e9 m\u00fazeum","description":"Pova\u017esk\u00e9 m\u00fazeum v \u017diline je region\u00e1lne m\u00fazeum so s\u00eddlom v Budat\u00edne. Jeho expoz\u00edcie s\u00fa zameran\u00e9 na dejiny slovensk\u00e9ho umenia, kult\u00fary a dopravy.","publisher":{"@id":"https:\/\/pmza.sk\/#organization"},"potentialAction":[{"@type":"SearchAction","target":{"@type":"EntryPoint","urlTemplate":"https:\/\/pmza.sk\/?s={search_term_string}"},"query-input":{"@type":"PropertyValueSpecification","valueRequired":true,"valueName":"search_term_string"}}],"inLanguage":"sk-SK"},{"@type":"Organization","@id":"https:\/\/pmza.sk\/#organization","name":"Pova\u017esk\u00e9 m\u00fazeum","url":"https:\/\/pmza.sk\/","logo":{"@type":"ImageObject","inLanguage":"sk-SK","@id":"https:\/\/pmza.sk\/#\/schema\/logo\/image\/","url":"https:\/\/pmza.sk\/wp-content\/uploads\/2022\/01\/logo_PM_horizontal.jpg","contentUrl":"https:\/\/pmza.sk\/wp-content\/uploads\/2022\/01\/logo_PM_horizontal.jpg","width":231,"height":142,"caption":"Pova\u017esk\u00e9 m\u00fazeum"},"image":{"@id":"https:\/\/pmza.sk\/#\/schema\/logo\/image\/"},"sameAs":["https:\/\/www.facebook.com\/povazskemuzeum","https:\/\/www.instagram.com\/povazskemuzeum\/"]},{"@type":"Person","@id":"https:\/\/pmza.sk\/#\/schema\/person\/595e6a2ce731ea94dcd5d7f50a41ae33","name":"Pova\u017esk\u00e9 m\u00fazeum","image":{"@type":"ImageObject","inLanguage":"sk-SK","@id":"https:\/\/secure.gravatar.com\/avatar\/2bb7f1561282132fb5826dfeccc66c7996d11ee392ac6aaf7ced8a1c2027fbb2?s=96&d=mm&r=g","url":"https:\/\/secure.gravatar.com\/avatar\/2bb7f1561282132fb5826dfeccc66c7996d11ee392ac6aaf7ced8a1c2027fbb2?s=96&d=mm&r=g","contentUrl":"https:\/\/secure.gravatar.com\/avatar\/2bb7f1561282132fb5826dfeccc66c7996d11ee392ac6aaf7ced8a1c2027fbb2?s=96&d=mm&r=g","caption":"Pova\u017esk\u00e9 m\u00fazeum"}}]}},"_links":{"self":[{"href":"https:\/\/pmza.sk\/index.php?rest_route=\/wp\/v2\/posts\/46250","targetHints":{"allow":["GET"]}}],"collection":[{"href":"https:\/\/pmza.sk\/index.php?rest_route=\/wp\/v2\/posts"}],"about":[{"href":"https:\/\/pmza.sk\/index.php?rest_route=\/wp\/v2\/types\/post"}],"author":[{"embeddable":true,"href":"https:\/\/pmza.sk\/index.php?rest_route=\/wp\/v2\/users\/2"}],"replies":[{"embeddable":true,"href":"https:\/\/pmza.sk\/index.php?rest_route=%2Fwp%2Fv2%2Fcomments&post=46250"}],"version-history":[{"count":0,"href":"https:\/\/pmza.sk\/index.php?rest_route=\/wp\/v2\/posts\/46250\/revisions"}],"wp:featuredmedia":[{"embeddable":true,"href":"https:\/\/pmza.sk\/index.php?rest_route=\/wp\/v2\/media\/46251"}],"wp:attachment":[{"href":"https:\/\/pmza.sk\/index.php?rest_route=%2Fwp%2Fv2%2Fmedia&parent=46250"}],"wp:term":[{"taxonomy":"category","embeddable":true,"href":"https:\/\/pmza.sk\/index.php?rest_route=%2Fwp%2Fv2%2Fcategories&post=46250"},{"taxonomy":"post_tag","embeddable":true,"href":"https:\/\/pmza.sk\/index.php?rest_route=%2Fwp%2Fv2%2Ftags&post=46250"}],"curies":[{"name":"wp","href":"https:\/\/api.w.org\/{rel}","templated":true}]}}