{"id":46270,"date":"2021-11-16T12:06:33","date_gmt":"2021-11-16T11:06:33","guid":{"rendered":"https:\/\/pmza.sk\/?p=46270"},"modified":"2022-02-23T08:31:17","modified_gmt":"2022-02-23T07:31:17","slug":"budatinsky-hrad-svieti-na-purpurovo","status":"publish","type":"post","link":"https:\/\/pmza.sk\/?p=46270","title":{"rendered":"Budat\u00ednsky hrad svieti na purpurovo"},"content":{"rendered":"<p>Pova\u017esk\u00e9 m\u00fazeum sa aj tento rok zapojilo do iniciat\u00edvy, ktor\u00fa organizuje OZ mal\u00ed\u010dek a pri pr\u00edle\u017eitosti Svetov\u00e9ho d\u0148a pred\u010dasne naroden\u00fdch det\u00ed nasvieti Budat\u00ednsky hrad na purpurovo.<\/p>\n<p><strong>Tla\u010dov\u00e1 spr\u00e1va OZ mal\u00ed\u010dek<\/strong><\/p>\n<p>V\u00fdznamn\u00e9 historick\u00e9 budovy a dominanty viacer\u00fdch miest u\u017e o p\u00e1r dn\u00ed za\u017eiaria purpurovou farbou. Slovensko t\u00fdm vyjadr\u00ed spolupatri\u010dnos\u0165 a podporu rodin\u00e1m s mal\u00fdmi bojovn\u00edkmi. Purpurov\u00e1 farba bude patri\u0165 v 12 mest\u00e1ch 20 najv\u00e4\u010d\u0161\u00edm stavb\u00e1m, ktor\u00fdch ilumin\u00e1cie sa postupne, v d\u0148och od 15. novembra, symbolicky, spoja so svetov\u00fdmi metropolami. Prv\u00fdkr\u00e1t sa do farby pred\u010dasniatok zahal\u00ed aj Prezidentsk\u00fd pal\u00e1c. Slovensko tak od\u0161tartuje nasvecovanie v\u00fdznamn\u00fdch stavieb a za\u010dne re\u0165az sveteln\u00fdch ilumin\u00e1ci\u00ed.<\/p>\n<p><em>17. november, Svetov\u00fd de\u0148 pred\u010dasne naroden\u00fdch det\u00ed <\/em> sa pomaly bl\u00ed\u017ei. S\u00fa\u010das\u0165ou tohtoro\u010dn\u00fdch novembrov\u00fdch akci\u00ed bude tradi\u010dn\u00e9 purpurov\u00e9 nasvecovanie slovensk\u00fdch domin\u00e1nt. Po\u010det samospr\u00e1v sa ka\u017edoro\u010dne zvy\u0161uje a tento rok, v \u010dase osl\u00e1v jubilejn\u00e9ho ro\u010dn\u00edka <em>Svetov\u00e9ho d\u0148a pred\u010dasne naroden\u00fdch det\u00ed <\/em> na Slovensku a 10. v\u00fdro\u010dia <em>OZ mal\u00ed\u010dek <\/em>, je to historicky najv\u00e4\u010d\u0161\u00ed po\u010det samospr\u00e1v a ich domin\u00e1nt.<\/p>\n<p>Ka\u017edoro\u010dne tak prib\u00fadaj\u00fa objekty, ktor\u00e9 sa v strede novembra symbolicky sp\u00e1jaj\u00fa s Eiffelovou ve\u017eou v Par\u00ed\u017ei, Opera House v Sydney \u010di dominantami v \u010fal\u0161\u00edch svetov\u00fdch metropol\u00e1ch, aby sme si spolo\u010dne pripomenuli osudy mal\u00fdch bojovn\u00edkov a ich rod\u00edn a t\u00fdmto aktom ich symbolicky podporili.<\/p>\n<p>Tento rok za\u010d\u00edname \u201ere\u0165az\u201c svietenia Bratislavsk\u00fdm hradom, ktor\u00fd od\u0161tartuje purpurov\u00fa ilumin\u00e1ciu slovensk\u00fdch domin\u00e1nt u\u017e <strong>15. novembra <\/strong>. Ke\u010f sa farby hradu prepn\u00fa do slovenskej trikol\u00f3ry na znak \u00facty k \u0161t\u00e1tnemu sviatku a odkazu Ne\u017enej revol\u00facie, do purpurovej sa postupne <strong>16.11. <\/strong>prid\u00e1 aj Prezidentsk\u00fd pal\u00e1c a \u010fal\u0161ie v\u00fdznamn\u00e9 slovensk\u00e9 budovy:<\/p>\n<ul class=\"default-lists\">\n<li>Bratislava \u2013 Prezidentsk\u00fd pal\u00e1c, Bratislavsk\u00fd hrad, Slovensk\u00e9 n\u00e1rodn\u00e9 divadlo<\/li>\n<li>Ko\u0161ice &#8211; D\u00f3m sv. Al\u017ebety a S\u00faso\u0161ie Immaculata<\/li>\n<li>Pre\u0161ov \u2013 historick\u00e1 budova Mestskej radnice, Vod\u00e1rensk\u00e1 ve\u017ea, Historick\u00e1 budova Caraffovej v\u00e4znice<\/li>\n<li>Bansk\u00e1 Bystrica \u2013 Pam\u00e4tn\u00edk SNP<\/li>\n<li>Martin &#8211; Divadeln\u00e9 n\u00e1mestie<\/li>\n<li>Nov\u00e9 Z\u00e1mky &#8211; Mestsk\u00fd \u00farad a Kino Mier<\/li>\n<li>Nitra &#8211; Chrenovsk\u00fd most a Divadlo A. Bagara<\/li>\n<li>Trnava &#8211; Mestsk\u00e1 radnica<\/li>\n<li>Bardejov \u2013 Mestsk\u00e1 radnica<\/li>\n<li>Hol\u00ed\u010d \u2013 Hol\u00ed\u010dsky z\u00e1mok<\/li>\n<li>\u017dilina \u2013 Budat\u00ednsky hrad<\/li>\n<li>Brezno \u2013 budova tamoj\u0161ieho M\u00fazea a mestskej radnice.<\/li>\n<\/ul>\n<p>Dajte n\u00e1m o sebe vedie\u0165 v tento de\u0148 aj Vy! Po\u0161lite n\u00e1m svoje fotografie, ozna\u010dte svoje pr\u00edspevky hashtagom tohtoro\u010dnej kampane <strong>#NaseSrdciaSuPurpurove <\/strong>, zdie\u013eajte svoje purpurov\u00e9 pr\u00edspevky medzi priate\u013emi, po\u0161li n\u00e1m fotky z miest, ktor\u00e9 sa aj tento rok zapojili, aby sme uk\u00e1zali, \u017ee z\u00e1zrak \u017eivota existuje a n\u00e1m bol dan\u00fd v podobe malink\u00e9ho b\u00e1b\u00e4tka do dlane.<\/p>\n<p><a href=\"https:\/\/pmza.sk\/wp-content\/uploads\/2021\/11\/IMG_9734-scaled-1.jpg\"><img fetchpriority=\"high\" decoding=\"async\" class=\"aligncenter wp-image-46272 size-medium\" src=\"https:\/\/pmza.sk\/wp-content\/uploads\/2021\/11\/IMG_9734-scaled-1-270x360.jpg\" alt=\"\" width=\"270\" height=\"360\" srcset=\"https:\/\/pmza.sk\/wp-content\/uploads\/2021\/11\/IMG_9734-scaled-1-270x360.jpg 270w, https:\/\/pmza.sk\/wp-content\/uploads\/2021\/11\/IMG_9734-scaled-1-552x736.jpg 552w, https:\/\/pmza.sk\/wp-content\/uploads\/2021\/11\/IMG_9734-scaled-1-768x1024.jpg 768w, https:\/\/pmza.sk\/wp-content\/uploads\/2021\/11\/IMG_9734-scaled-1-1152x1536.jpg 1152w, https:\/\/pmza.sk\/wp-content\/uploads\/2021\/11\/IMG_9734-scaled-1-1536x2048.jpg 1536w, https:\/\/pmza.sk\/wp-content\/uploads\/2021\/11\/IMG_9734-scaled-1-600x800.jpg 600w, https:\/\/pmza.sk\/wp-content\/uploads\/2021\/11\/IMG_9734-scaled-1.jpg 1920w\" sizes=\"(max-width: 270px) 100vw, 270px\" \/><\/a><\/p>\n<p>\u010eakujeme!<\/p>\n","protected":false},"excerpt":{"rendered":"<p>Pova\u017esk\u00e9 m\u00fazeum sa aj tento rok zapojilo do iniciat\u00edvy, ktor\u00fa organizuje OZ mal\u00ed\u010dek a pri pr\u00edle\u017eitosti Svetov\u00e9ho d\u0148a pred\u010dasne naroden\u00fdch det\u00ed nasvieti Budat\u00ednsky hrad na purpurovo. Tla\u010dov\u00e1 spr\u00e1va OZ mal\u00ed\u010dek V\u00fdznamn\u00e9 historick\u00e9 budovy a dominanty viacer\u00fdch miest u\u017e o p\u00e1r dn\u00ed za\u017eiaria purpurovou farbou. Slovensko t\u00fdm vyjadr\u00ed spolupatri\u010dnos\u0165 a podporu rodin\u00e1m s mal\u00fdmi bojovn\u00edkmi. Purpurov\u00e1 [&hellip;]<\/p>\n","protected":false},"author":2,"featured_media":46271,"comment_status":"closed","ping_status":"closed","sticky":false,"template":"","format":"standard","meta":{"site-sidebar-layout":"default","site-content-layout":"default","ast-site-content-layout":"","site-content-style":"default","site-sidebar-style":"default","ast-global-header-display":"","ast-banner-title-visibility":"","ast-main-header-display":"","ast-hfb-above-header-display":"","ast-hfb-below-header-display":"","ast-hfb-mobile-header-display":"","site-post-title":"","ast-breadcrumbs-content":"","ast-featured-img":"","footer-sml-layout":"","theme-transparent-header-meta":"default","adv-header-id-meta":"","stick-header-meta":"default","header-above-stick-meta":"","header-main-stick-meta":"","header-below-stick-meta":"","astra-migrate-meta-layouts":"default","ast-page-background-enabled":"default","ast-page-background-meta":{"desktop":{"background-color":"var(--ast-global-color-4)","background-image":"","background-repeat":"repeat","background-position":"center center","background-size":"auto","background-attachment":"scroll","background-type":"","background-media":"","overlay-type":"","overlay-color":"","overlay-opacity":"","overlay-gradient":""},"tablet":{"background-color":"","background-image":"","background-repeat":"repeat","background-position":"center center","background-size":"auto","background-attachment":"scroll","background-type":"","background-media":"","overlay-type":"","overlay-color":"","overlay-opacity":"","overlay-gradient":""},"mobile":{"background-color":"","background-image":"","background-repeat":"repeat","background-position":"center center","background-size":"auto","background-attachment":"scroll","background-type":"","background-media":"","overlay-type":"","overlay-color":"","overlay-opacity":"","overlay-gradient":""}},"ast-content-background-meta":{"desktop":{"background-color":"var(--ast-global-color-5)","background-image":"","background-repeat":"repeat","background-position":"center center","background-size":"auto","background-attachment":"scroll","background-type":"","background-media":"","overlay-type":"","overlay-color":"","overlay-opacity":"","overlay-gradient":""},"tablet":{"background-color":"var(--ast-global-color-5)","background-image":"","background-repeat":"repeat","background-position":"center center","background-size":"auto","background-attachment":"scroll","background-type":"","background-media":"","overlay-type":"","overlay-color":"","overlay-opacity":"","overlay-gradient":""},"mobile":{"background-color":"var(--ast-global-color-5)","background-image":"","background-repeat":"repeat","background-position":"center center","background-size":"auto","background-attachment":"scroll","background-type":"","background-media":"","overlay-type":"","overlay-color":"","overlay-opacity":"","overlay-gradient":""}},"footnotes":""},"categories":[31],"tags":[],"class_list":["post-46270","post","type-post","status-publish","format-standard","has-post-thumbnail","hentry","category-aktuality"],"yoast_head":"<!-- This site is optimized with the Yoast SEO plugin v27.4 - https:\/\/yoast.com\/product\/yoast-seo-wordpress\/ -->\n<title>Budat\u00ednsky hrad svieti na purpurovo - Pova\u017esk\u00e9 m\u00fazeum<\/title>\n<meta name=\"robots\" content=\"index, follow, max-snippet:-1, max-image-preview:large, max-video-preview:-1\" \/>\n<link rel=\"canonical\" href=\"https:\/\/pmza.sk\/?p=46270\" \/>\n<meta property=\"og:locale\" content=\"sk_SK\" \/>\n<meta property=\"og:type\" content=\"article\" \/>\n<meta property=\"og:title\" content=\"Budat\u00ednsky hrad svieti na purpurovo - Pova\u017esk\u00e9 m\u00fazeum\" \/>\n<meta property=\"og:description\" content=\"Pova\u017esk\u00e9 m\u00fazeum sa aj tento rok zapojilo do iniciat\u00edvy, ktor\u00fa organizuje OZ mal\u00ed\u010dek a pri pr\u00edle\u017eitosti Svetov\u00e9ho d\u0148a pred\u010dasne naroden\u00fdch det\u00ed nasvieti Budat\u00ednsky hrad na purpurovo. Tla\u010dov\u00e1 spr\u00e1va OZ mal\u00ed\u010dek V\u00fdznamn\u00e9 historick\u00e9 budovy a dominanty viacer\u00fdch miest u\u017e o p\u00e1r dn\u00ed za\u017eiaria purpurovou farbou. Slovensko t\u00fdm vyjadr\u00ed spolupatri\u010dnos\u0165 a podporu rodin\u00e1m s mal\u00fdmi bojovn\u00edkmi. Purpurov\u00e1 [&hellip;]\" \/>\n<meta property=\"og:url\" content=\"https:\/\/pmza.sk\/?p=46270\" \/>\n<meta property=\"og:site_name\" content=\"Pova\u017esk\u00e9 m\u00fazeum\" \/>\n<meta property=\"article:publisher\" content=\"https:\/\/www.facebook.com\/povazskemuzeum\" \/>\n<meta property=\"article:published_time\" content=\"2021-11-16T11:06:33+00:00\" \/>\n<meta property=\"article:modified_time\" content=\"2022-02-23T07:31:17+00:00\" \/>\n<meta property=\"og:image\" content=\"https:\/\/pmza.sk\/wp-content\/uploads\/2021\/11\/IMG_9735-scaled-1.jpg\" \/>\n\t<meta property=\"og:image:width\" content=\"2560\" \/>\n\t<meta property=\"og:image:height\" content=\"1829\" \/>\n\t<meta property=\"og:image:type\" content=\"image\/jpeg\" \/>\n<meta name=\"author\" content=\"Pova\u017esk\u00e9 m\u00fazeum\" \/>\n<meta name=\"twitter:card\" content=\"summary_large_image\" \/>\n<meta name=\"twitter:label1\" content=\"Autor\" \/>\n\t<meta name=\"twitter:data1\" content=\"Pova\u017esk\u00e9 m\u00fazeum\" \/>\n\t<meta name=\"twitter:label2\" content=\"Predpokladan\u00fd \u010das \u010d\u00edtania\" \/>\n\t<meta name=\"twitter:data2\" content=\"2 min\u00faty\" \/>\n<script type=\"application\/ld+json\" class=\"yoast-schema-graph\">{\"@context\":\"https:\\\/\\\/schema.org\",\"@graph\":[{\"@type\":\"Article\",\"@id\":\"https:\\\/\\\/pmza.sk\\\/?p=46270#article\",\"isPartOf\":{\"@id\":\"https:\\\/\\\/pmza.sk\\\/?p=46270\"},\"author\":{\"name\":\"Pova\u017esk\u00e9 m\u00fazeum\",\"@id\":\"https:\\\/\\\/pmza.sk\\\/#\\\/schema\\\/person\\\/595e6a2ce731ea94dcd5d7f50a41ae33\"},\"headline\":\"Budat\u00ednsky hrad svieti na purpurovo\",\"datePublished\":\"2021-11-16T11:06:33+00:00\",\"dateModified\":\"2022-02-23T07:31:17+00:00\",\"mainEntityOfPage\":{\"@id\":\"https:\\\/\\\/pmza.sk\\\/?p=46270\"},\"wordCount\":505,\"publisher\":{\"@id\":\"https:\\\/\\\/pmza.sk\\\/#organization\"},\"image\":{\"@id\":\"https:\\\/\\\/pmza.sk\\\/?p=46270#primaryimage\"},\"thumbnailUrl\":\"https:\\\/\\\/pmza.sk\\\/wp-content\\\/uploads\\\/2021\\\/11\\\/IMG_9735-scaled-1.jpg\",\"articleSection\":[\"Aktuality\"],\"inLanguage\":\"sk-SK\"},{\"@type\":\"WebPage\",\"@id\":\"https:\\\/\\\/pmza.sk\\\/?p=46270\",\"url\":\"https:\\\/\\\/pmza.sk\\\/?p=46270\",\"name\":\"Budat\u00ednsky hrad svieti na purpurovo - Pova\u017esk\u00e9 m\u00fazeum\",\"isPartOf\":{\"@id\":\"https:\\\/\\\/pmza.sk\\\/#website\"},\"primaryImageOfPage\":{\"@id\":\"https:\\\/\\\/pmza.sk\\\/?p=46270#primaryimage\"},\"image\":{\"@id\":\"https:\\\/\\\/pmza.sk\\\/?p=46270#primaryimage\"},\"thumbnailUrl\":\"https:\\\/\\\/pmza.sk\\\/wp-content\\\/uploads\\\/2021\\\/11\\\/IMG_9735-scaled-1.jpg\",\"datePublished\":\"2021-11-16T11:06:33+00:00\",\"dateModified\":\"2022-02-23T07:31:17+00:00\",\"breadcrumb\":{\"@id\":\"https:\\\/\\\/pmza.sk\\\/?p=46270#breadcrumb\"},\"inLanguage\":\"sk-SK\",\"potentialAction\":[{\"@type\":\"ReadAction\",\"target\":[\"https:\\\/\\\/pmza.sk\\\/?p=46270\"]}]},{\"@type\":\"ImageObject\",\"inLanguage\":\"sk-SK\",\"@id\":\"https:\\\/\\\/pmza.sk\\\/?p=46270#primaryimage\",\"url\":\"https:\\\/\\\/pmza.sk\\\/wp-content\\\/uploads\\\/2021\\\/11\\\/IMG_9735-scaled-1.jpg\",\"contentUrl\":\"https:\\\/\\\/pmza.sk\\\/wp-content\\\/uploads\\\/2021\\\/11\\\/IMG_9735-scaled-1.jpg\",\"width\":2560,\"height\":1829},{\"@type\":\"BreadcrumbList\",\"@id\":\"https:\\\/\\\/pmza.sk\\\/?p=46270#breadcrumb\",\"itemListElement\":[{\"@type\":\"ListItem\",\"position\":1,\"name\":\"Domovsk\u00e1 str\u00e1nka\",\"item\":\"https:\\\/\\\/pmza.sk\\\/\"},{\"@type\":\"ListItem\",\"position\":2,\"name\":\"Budat\u00ednsky hrad svieti na purpurovo\"}]},{\"@type\":\"WebSite\",\"@id\":\"https:\\\/\\\/pmza.sk\\\/#website\",\"url\":\"https:\\\/\\\/pmza.sk\\\/\",\"name\":\"Pova\u017esk\u00e9 m\u00fazeum\",\"description\":\"Pova\u017esk\u00e9 m\u00fazeum v \u017diline je region\u00e1lne m\u00fazeum so s\u00eddlom v Budat\u00edne. Jeho expoz\u00edcie s\u00fa zameran\u00e9 na dejiny slovensk\u00e9ho umenia, kult\u00fary a dopravy.\",\"publisher\":{\"@id\":\"https:\\\/\\\/pmza.sk\\\/#organization\"},\"potentialAction\":[{\"@type\":\"SearchAction\",\"target\":{\"@type\":\"EntryPoint\",\"urlTemplate\":\"https:\\\/\\\/pmza.sk\\\/?s={search_term_string}\"},\"query-input\":{\"@type\":\"PropertyValueSpecification\",\"valueRequired\":true,\"valueName\":\"search_term_string\"}}],\"inLanguage\":\"sk-SK\"},{\"@type\":\"Organization\",\"@id\":\"https:\\\/\\\/pmza.sk\\\/#organization\",\"name\":\"Pova\u017esk\u00e9 m\u00fazeum\",\"url\":\"https:\\\/\\\/pmza.sk\\\/\",\"logo\":{\"@type\":\"ImageObject\",\"inLanguage\":\"sk-SK\",\"@id\":\"https:\\\/\\\/pmza.sk\\\/#\\\/schema\\\/logo\\\/image\\\/\",\"url\":\"https:\\\/\\\/pmza.sk\\\/wp-content\\\/uploads\\\/2022\\\/01\\\/logo_PM_horizontal.jpg\",\"contentUrl\":\"https:\\\/\\\/pmza.sk\\\/wp-content\\\/uploads\\\/2022\\\/01\\\/logo_PM_horizontal.jpg\",\"width\":231,\"height\":142,\"caption\":\"Pova\u017esk\u00e9 m\u00fazeum\"},\"image\":{\"@id\":\"https:\\\/\\\/pmza.sk\\\/#\\\/schema\\\/logo\\\/image\\\/\"},\"sameAs\":[\"https:\\\/\\\/www.facebook.com\\\/povazskemuzeum\",\"https:\\\/\\\/www.instagram.com\\\/povazskemuzeum\\\/\"]},{\"@type\":\"Person\",\"@id\":\"https:\\\/\\\/pmza.sk\\\/#\\\/schema\\\/person\\\/595e6a2ce731ea94dcd5d7f50a41ae33\",\"name\":\"Pova\u017esk\u00e9 m\u00fazeum\",\"image\":{\"@type\":\"ImageObject\",\"inLanguage\":\"sk-SK\",\"@id\":\"https:\\\/\\\/secure.gravatar.com\\\/avatar\\\/2bb7f1561282132fb5826dfeccc66c7996d11ee392ac6aaf7ced8a1c2027fbb2?s=96&d=mm&r=g\",\"url\":\"https:\\\/\\\/secure.gravatar.com\\\/avatar\\\/2bb7f1561282132fb5826dfeccc66c7996d11ee392ac6aaf7ced8a1c2027fbb2?s=96&d=mm&r=g\",\"contentUrl\":\"https:\\\/\\\/secure.gravatar.com\\\/avatar\\\/2bb7f1561282132fb5826dfeccc66c7996d11ee392ac6aaf7ced8a1c2027fbb2?s=96&d=mm&r=g\",\"caption\":\"Pova\u017esk\u00e9 m\u00fazeum\"}}]}<\/script>\n<!-- \/ Yoast SEO plugin. -->","yoast_head_json":{"title":"Budat\u00ednsky hrad svieti na purpurovo - Pova\u017esk\u00e9 m\u00fazeum","robots":{"index":"index","follow":"follow","max-snippet":"max-snippet:-1","max-image-preview":"max-image-preview:large","max-video-preview":"max-video-preview:-1"},"canonical":"https:\/\/pmza.sk\/?p=46270","og_locale":"sk_SK","og_type":"article","og_title":"Budat\u00ednsky hrad svieti na purpurovo - Pova\u017esk\u00e9 m\u00fazeum","og_description":"Pova\u017esk\u00e9 m\u00fazeum sa aj tento rok zapojilo do iniciat\u00edvy, ktor\u00fa organizuje OZ mal\u00ed\u010dek a pri pr\u00edle\u017eitosti Svetov\u00e9ho d\u0148a pred\u010dasne naroden\u00fdch det\u00ed nasvieti Budat\u00ednsky hrad na purpurovo. Tla\u010dov\u00e1 spr\u00e1va OZ mal\u00ed\u010dek V\u00fdznamn\u00e9 historick\u00e9 budovy a dominanty viacer\u00fdch miest u\u017e o p\u00e1r dn\u00ed za\u017eiaria purpurovou farbou. Slovensko t\u00fdm vyjadr\u00ed spolupatri\u010dnos\u0165 a podporu rodin\u00e1m s mal\u00fdmi bojovn\u00edkmi. Purpurov\u00e1 [&hellip;]","og_url":"https:\/\/pmza.sk\/?p=46270","og_site_name":"Pova\u017esk\u00e9 m\u00fazeum","article_publisher":"https:\/\/www.facebook.com\/povazskemuzeum","article_published_time":"2021-11-16T11:06:33+00:00","article_modified_time":"2022-02-23T07:31:17+00:00","og_image":[{"width":2560,"height":1829,"url":"https:\/\/pmza.sk\/wp-content\/uploads\/2021\/11\/IMG_9735-scaled-1.jpg","type":"image\/jpeg"}],"author":"Pova\u017esk\u00e9 m\u00fazeum","twitter_card":"summary_large_image","twitter_misc":{"Autor":"Pova\u017esk\u00e9 m\u00fazeum","Predpokladan\u00fd \u010das \u010d\u00edtania":"2 min\u00faty"},"schema":{"@context":"https:\/\/schema.org","@graph":[{"@type":"Article","@id":"https:\/\/pmza.sk\/?p=46270#article","isPartOf":{"@id":"https:\/\/pmza.sk\/?p=46270"},"author":{"name":"Pova\u017esk\u00e9 m\u00fazeum","@id":"https:\/\/pmza.sk\/#\/schema\/person\/595e6a2ce731ea94dcd5d7f50a41ae33"},"headline":"Budat\u00ednsky hrad svieti na purpurovo","datePublished":"2021-11-16T11:06:33+00:00","dateModified":"2022-02-23T07:31:17+00:00","mainEntityOfPage":{"@id":"https:\/\/pmza.sk\/?p=46270"},"wordCount":505,"publisher":{"@id":"https:\/\/pmza.sk\/#organization"},"image":{"@id":"https:\/\/pmza.sk\/?p=46270#primaryimage"},"thumbnailUrl":"https:\/\/pmza.sk\/wp-content\/uploads\/2021\/11\/IMG_9735-scaled-1.jpg","articleSection":["Aktuality"],"inLanguage":"sk-SK"},{"@type":"WebPage","@id":"https:\/\/pmza.sk\/?p=46270","url":"https:\/\/pmza.sk\/?p=46270","name":"Budat\u00ednsky hrad svieti na purpurovo - Pova\u017esk\u00e9 m\u00fazeum","isPartOf":{"@id":"https:\/\/pmza.sk\/#website"},"primaryImageOfPage":{"@id":"https:\/\/pmza.sk\/?p=46270#primaryimage"},"image":{"@id":"https:\/\/pmza.sk\/?p=46270#primaryimage"},"thumbnailUrl":"https:\/\/pmza.sk\/wp-content\/uploads\/2021\/11\/IMG_9735-scaled-1.jpg","datePublished":"2021-11-16T11:06:33+00:00","dateModified":"2022-02-23T07:31:17+00:00","breadcrumb":{"@id":"https:\/\/pmza.sk\/?p=46270#breadcrumb"},"inLanguage":"sk-SK","potentialAction":[{"@type":"ReadAction","target":["https:\/\/pmza.sk\/?p=46270"]}]},{"@type":"ImageObject","inLanguage":"sk-SK","@id":"https:\/\/pmza.sk\/?p=46270#primaryimage","url":"https:\/\/pmza.sk\/wp-content\/uploads\/2021\/11\/IMG_9735-scaled-1.jpg","contentUrl":"https:\/\/pmza.sk\/wp-content\/uploads\/2021\/11\/IMG_9735-scaled-1.jpg","width":2560,"height":1829},{"@type":"BreadcrumbList","@id":"https:\/\/pmza.sk\/?p=46270#breadcrumb","itemListElement":[{"@type":"ListItem","position":1,"name":"Domovsk\u00e1 str\u00e1nka","item":"https:\/\/pmza.sk\/"},{"@type":"ListItem","position":2,"name":"Budat\u00ednsky hrad svieti na purpurovo"}]},{"@type":"WebSite","@id":"https:\/\/pmza.sk\/#website","url":"https:\/\/pmza.sk\/","name":"Pova\u017esk\u00e9 m\u00fazeum","description":"Pova\u017esk\u00e9 m\u00fazeum v \u017diline je region\u00e1lne m\u00fazeum so s\u00eddlom v Budat\u00edne. Jeho expoz\u00edcie s\u00fa zameran\u00e9 na dejiny slovensk\u00e9ho umenia, kult\u00fary a dopravy.","publisher":{"@id":"https:\/\/pmza.sk\/#organization"},"potentialAction":[{"@type":"SearchAction","target":{"@type":"EntryPoint","urlTemplate":"https:\/\/pmza.sk\/?s={search_term_string}"},"query-input":{"@type":"PropertyValueSpecification","valueRequired":true,"valueName":"search_term_string"}}],"inLanguage":"sk-SK"},{"@type":"Organization","@id":"https:\/\/pmza.sk\/#organization","name":"Pova\u017esk\u00e9 m\u00fazeum","url":"https:\/\/pmza.sk\/","logo":{"@type":"ImageObject","inLanguage":"sk-SK","@id":"https:\/\/pmza.sk\/#\/schema\/logo\/image\/","url":"https:\/\/pmza.sk\/wp-content\/uploads\/2022\/01\/logo_PM_horizontal.jpg","contentUrl":"https:\/\/pmza.sk\/wp-content\/uploads\/2022\/01\/logo_PM_horizontal.jpg","width":231,"height":142,"caption":"Pova\u017esk\u00e9 m\u00fazeum"},"image":{"@id":"https:\/\/pmza.sk\/#\/schema\/logo\/image\/"},"sameAs":["https:\/\/www.facebook.com\/povazskemuzeum","https:\/\/www.instagram.com\/povazskemuzeum\/"]},{"@type":"Person","@id":"https:\/\/pmza.sk\/#\/schema\/person\/595e6a2ce731ea94dcd5d7f50a41ae33","name":"Pova\u017esk\u00e9 m\u00fazeum","image":{"@type":"ImageObject","inLanguage":"sk-SK","@id":"https:\/\/secure.gravatar.com\/avatar\/2bb7f1561282132fb5826dfeccc66c7996d11ee392ac6aaf7ced8a1c2027fbb2?s=96&d=mm&r=g","url":"https:\/\/secure.gravatar.com\/avatar\/2bb7f1561282132fb5826dfeccc66c7996d11ee392ac6aaf7ced8a1c2027fbb2?s=96&d=mm&r=g","contentUrl":"https:\/\/secure.gravatar.com\/avatar\/2bb7f1561282132fb5826dfeccc66c7996d11ee392ac6aaf7ced8a1c2027fbb2?s=96&d=mm&r=g","caption":"Pova\u017esk\u00e9 m\u00fazeum"}}]}},"_links":{"self":[{"href":"https:\/\/pmza.sk\/index.php?rest_route=\/wp\/v2\/posts\/46270","targetHints":{"allow":["GET"]}}],"collection":[{"href":"https:\/\/pmza.sk\/index.php?rest_route=\/wp\/v2\/posts"}],"about":[{"href":"https:\/\/pmza.sk\/index.php?rest_route=\/wp\/v2\/types\/post"}],"author":[{"embeddable":true,"href":"https:\/\/pmza.sk\/index.php?rest_route=\/wp\/v2\/users\/2"}],"replies":[{"embeddable":true,"href":"https:\/\/pmza.sk\/index.php?rest_route=%2Fwp%2Fv2%2Fcomments&post=46270"}],"version-history":[{"count":0,"href":"https:\/\/pmza.sk\/index.php?rest_route=\/wp\/v2\/posts\/46270\/revisions"}],"wp:featuredmedia":[{"embeddable":true,"href":"https:\/\/pmza.sk\/index.php?rest_route=\/wp\/v2\/media\/46271"}],"wp:attachment":[{"href":"https:\/\/pmza.sk\/index.php?rest_route=%2Fwp%2Fv2%2Fmedia&parent=46270"}],"wp:term":[{"taxonomy":"category","embeddable":true,"href":"https:\/\/pmza.sk\/index.php?rest_route=%2Fwp%2Fv2%2Fcategories&post=46270"},{"taxonomy":"post_tag","embeddable":true,"href":"https:\/\/pmza.sk\/index.php?rest_route=%2Fwp%2Fv2%2Ftags&post=46270"}],"curies":[{"name":"wp","href":"https:\/\/api.w.org\/{rel}","templated":true}]}}