{"id":46281,"date":"2021-11-18T07:58:29","date_gmt":"2021-11-18T06:58:29","guid":{"rendered":"https:\/\/pmza.sk\/?p=46281"},"modified":"2021-11-18T07:58:29","modified_gmt":"2021-11-18T06:58:29","slug":"podme-vsetci-do-betlehema","status":"publish","type":"post","link":"https:\/\/pmza.sk\/?p=46281","title":{"rendered":"Po\u010fme v\u0161etci do Betlehema"},"content":{"rendered":"<p>Adventn\u00fd \u010das sa bl\u00ed\u017ei a\u00a0Pova\u017esk\u00e9 m\u00fazeum sa rozhodlo aj tento rok pripravi\u0165 v\u00fdstavu betlehemov. Otvoren\u00e1 bude 25. novembra v\u00a0Sob\u00e1\u0161nom pal\u00e1ci v\u00a0Byt\u010di pod n\u00e1zvom Po\u010fme v\u0161etci do Betlehema. N\u00e1v\u0161tevn\u00edci tak bud\u00fa m\u00f4c\u0165 po\u010das prehliadky v\u00fdznamnej renesan\u010dnej pamiatky obdivova\u0165 pribli\u017ene 30 betlehemov z\u00a0r\u00f4znych materi\u00e1lov i\u00a0oblast\u00ed.<\/p>\n<p>Zobrazenie betlehemu ako biblick\u00e9ho pr\u00edbehu o\u00a0naroden\u00ed Krista sa v\u00a0priebehu storo\u010d\u00ed menilo. Popri kostoln\u00fdch sa stali ob\u013e\u00faben\u00fdmi aj betlehemy v\u00a0dom\u00e1cnostiach, postavy sa postupne zmen\u0161ovali od \u017eivotnej ve\u013ekosti a\u017e k\u00a0mal\u00fdm so\u0161k\u00e1m. \u0160peci\u00e1lnym druhom boli prenosn\u00e9 betlehemy pou\u017e\u00edvan\u00e9 pri obch\u00f4dzkach. Vystaven\u00e9 betlehemy pon\u00fakaj\u00fa pestr\u00fd preh\u013ead rozmanit\u00fdch materi\u00e1lov a\u00a0techn\u00edk. <em>\u201ePou\u017eit\u00e9 je drevo, sadra, keramika, dr\u00f4t, \u0161\u00fapolie, pr\u00edrodn\u00e9 materi\u00e1ly ako mach \u010di klasy, ale aj pr\u00fatie. Minul\u00fd rok boli na v\u00fdstavu ve\u013emi dobr\u00e9 ohlasy, preto sme sa rozhodli ju roz\u0161\u00edri\u0165 a prezentova\u0165 zauj\u00edmav\u00e9 betlehemy nielen zo zbierkov\u00e9ho fondu Pova\u017esk\u00e9ho m\u00fazea, ale aj z\u00a0okolit\u00fdch m\u00faze\u00ed. Vlastivedn\u00e9 m\u00fazeum v\u00a0Pova\u017eskej Bystrici n\u00e1m na v\u00fdstavu po\u017ei\u010dalo napr\u00edklad betlehem v\u00a0p\u0161trosom vajci alebo rozmern\u00fd betlehem z\u00a0pr\u00fatia, ktor\u00fd vyrobil Anton Kuliha z\u00a0Praznova. Jeho s\u00fa\u010das\u0165ou s\u00fa aj \u0161\u00fapolienky od Ant\u00f3nie Dvor\u0161\u010d\u00edkovej. Betlehemy z\u00a0Kysuck\u00e9ho m\u00fazea s\u00fa v\u00e4\u010d\u0161inou dreven\u00e9. Jedn\u00fdm zo zauj\u00edmav\u00fdch je betlehem od umeleck\u00e9ho stol\u00e1ra a\u00a0muzikanta Franti\u0161ka Taba\u010dka z\u00a0Kysuck\u00e9ho Nov\u00e9ho Mesta. P\u00f4vodne ho zhotovil pre svoje deti na Vianoce v\u00a0roku 1939 a\u00a0pod strom\u010dekom ho mali a\u017e do roku 1980,\u201c <\/em>pribl\u00ed\u017eila autorka v\u00fdstavy \u2013 etnologi\u010dka Pova\u017esk\u00e9ho m\u00fazea Adriana B\u00e1rdyov\u00e1.<\/p>\n<p>V\u00fdstava Po\u010fme v\u0161etci do Betlehema bude pre verejnos\u0165 pr\u00edstupn\u00e1 od 25. novembra do 2. febru\u00e1ra 2022 v\u00a0\u010dase otv\u00e1rac\u00edch hod\u00edn Sob\u00e1\u0161neho pal\u00e1ca v\u00a0Byt\u010di. Viac inform\u00e1ci\u00ed n\u00e1jdu n\u00e1v\u0161tevn\u00edci na <a href=\"http:\/\/www.pmza.sk\">www.pmza.sk<\/a>.<\/p>\n<p><figure id=\"attachment_46283\" aria-describedby=\"caption-attachment-46283\" style=\"width: 541px\" class=\"wp-caption aligncenter\"><a href=\"https:\/\/pmza.sk\/aktuality\/podme-vsetci-do-betlehema\/attachment\/betlehem-zo-zbierok-povazskeho-muzea\/\" rel=\"attachment wp-att-46283\"><img fetchpriority=\"high\" decoding=\"async\" class=\"size-medium wp-image-46283\" src=\"https:\/\/pmza.sk\/wp-content\/uploads\/2021\/11\/Betlehem-zo-zbierok-Povazskeho-muzea-541x360.jpg\" alt=\"\" width=\"541\" height=\"360\" srcset=\"https:\/\/pmza.sk\/wp-content\/uploads\/2021\/11\/Betlehem-zo-zbierok-Povazskeho-muzea-541x360.jpg 541w, https:\/\/pmza.sk\/wp-content\/uploads\/2021\/11\/Betlehem-zo-zbierok-Povazskeho-muzea-768x512.jpg 768w, https:\/\/pmza.sk\/wp-content\/uploads\/2021\/11\/Betlehem-zo-zbierok-Povazskeho-muzea-600x400.jpg 600w, https:\/\/pmza.sk\/wp-content\/uploads\/2021\/11\/Betlehem-zo-zbierok-Povazskeho-muzea.jpg 1024w\" sizes=\"(max-width: 541px) 100vw, 541px\" \/><\/a><figcaption id=\"caption-attachment-46283\" class=\"wp-caption-text\">Betlehem zo zbierok Pova\u017esk\u00e9ho m\u00fazea<\/figcaption><\/figure><figure id=\"attachment_46284\" aria-describedby=\"caption-attachment-46284\" style=\"width: 303px\" class=\"wp-caption aligncenter\"><a href=\"https:\/\/pmza.sk\/aktuality\/podme-vsetci-do-betlehema\/attachment\/betlehem-zo-zbierok-vlastivedneho-muzea-v-pb-pruteny\/\" rel=\"attachment wp-att-46284\"><img decoding=\"async\" class=\"size-medium wp-image-46284\" src=\"https:\/\/pmza.sk\/wp-content\/uploads\/2021\/11\/Betlehem-zo-zbierok-Vlastivedneho-muzea-v-PB-pruteny-303x360.jpg\" alt=\"\" width=\"303\" height=\"360\" srcset=\"https:\/\/pmza.sk\/wp-content\/uploads\/2021\/11\/Betlehem-zo-zbierok-Vlastivedneho-muzea-v-PB-pruteny-303x360.jpg 303w, https:\/\/pmza.sk\/wp-content\/uploads\/2021\/11\/Betlehem-zo-zbierok-Vlastivedneho-muzea-v-PB-pruteny-619x736.jpg 619w, https:\/\/pmza.sk\/wp-content\/uploads\/2021\/11\/Betlehem-zo-zbierok-Vlastivedneho-muzea-v-PB-pruteny-768x913.jpg 768w, https:\/\/pmza.sk\/wp-content\/uploads\/2021\/11\/Betlehem-zo-zbierok-Vlastivedneho-muzea-v-PB-pruteny-600x713.jpg 600w, https:\/\/pmza.sk\/wp-content\/uploads\/2021\/11\/Betlehem-zo-zbierok-Vlastivedneho-muzea-v-PB-pruteny.jpg 800w\" sizes=\"(max-width: 303px) 100vw, 303px\" \/><\/a><figcaption id=\"caption-attachment-46284\" class=\"wp-caption-text\">Betlehem zo zbierok Vlastivedn\u00e9ho m\u00fazea v Pova\u017eskej Bystrici, pr\u00faten\u00fd<\/figcaption><\/figure><figure id=\"attachment_46285\" aria-describedby=\"caption-attachment-46285\" style=\"width: 240px\" class=\"wp-caption aligncenter\"><a href=\"https:\/\/pmza.sk\/aktuality\/podme-vsetci-do-betlehema\/attachment\/betlehem-zo-zbierok-vlastivedneho-muzea-v-pb-pstrosie-vajce\/\" rel=\"attachment wp-att-46285\"><img decoding=\"async\" class=\"size-medium wp-image-46285\" src=\"https:\/\/pmza.sk\/wp-content\/uploads\/2021\/11\/Betlehem-zo-zbierok-Vlastivedneho-muzea-v-PB-pstrosie-vajce-240x360.jpg\" alt=\"\" width=\"240\" height=\"360\" srcset=\"https:\/\/pmza.sk\/wp-content\/uploads\/2021\/11\/Betlehem-zo-zbierok-Vlastivedneho-muzea-v-PB-pstrosie-vajce-240x360.jpg 240w, https:\/\/pmza.sk\/wp-content\/uploads\/2021\/11\/Betlehem-zo-zbierok-Vlastivedneho-muzea-v-PB-pstrosie-vajce-491x736.jpg 491w, https:\/\/pmza.sk\/wp-content\/uploads\/2021\/11\/Betlehem-zo-zbierok-Vlastivedneho-muzea-v-PB-pstrosie-vajce-768x1152.jpg 768w, https:\/\/pmza.sk\/wp-content\/uploads\/2021\/11\/Betlehem-zo-zbierok-Vlastivedneho-muzea-v-PB-pstrosie-vajce-600x900.jpg 600w, https:\/\/pmza.sk\/wp-content\/uploads\/2021\/11\/Betlehem-zo-zbierok-Vlastivedneho-muzea-v-PB-pstrosie-vajce.jpg 1024w\" sizes=\"(max-width: 240px) 100vw, 240px\" \/><\/a><figcaption id=\"caption-attachment-46285\" class=\"wp-caption-text\">Betlehem zo zbierok Vlastivedn\u00e9ho m\u00fazea v Pova\u017eskej Bystrici, p\u0161trosie vajce<\/figcaption><\/figure><figure id=\"attachment_46286\" aria-describedby=\"caption-attachment-46286\" style=\"width: 364px\" class=\"wp-caption aligncenter\"><a href=\"https:\/\/pmza.sk\/aktuality\/podme-vsetci-do-betlehema\/attachment\/olympus-digital-camera-174\/\" rel=\"attachment wp-att-46286\"><img loading=\"lazy\" decoding=\"async\" class=\"size-medium wp-image-46286\" src=\"https:\/\/pmza.sk\/wp-content\/uploads\/2021\/11\/Betlehem-zo-zbierok-Kysuckeho-muzea-364x360.jpg\" alt=\"\" width=\"364\" height=\"360\" srcset=\"https:\/\/pmza.sk\/wp-content\/uploads\/2021\/11\/Betlehem-zo-zbierok-Kysuckeho-muzea-364x360.jpg 364w, https:\/\/pmza.sk\/wp-content\/uploads\/2021\/11\/Betlehem-zo-zbierok-Kysuckeho-muzea-744x736.jpg 744w, https:\/\/pmza.sk\/wp-content\/uploads\/2021\/11\/Betlehem-zo-zbierok-Kysuckeho-muzea-768x760.jpg 768w, https:\/\/pmza.sk\/wp-content\/uploads\/2021\/11\/Betlehem-zo-zbierok-Kysuckeho-muzea-600x594.jpg 600w, https:\/\/pmza.sk\/wp-content\/uploads\/2021\/11\/Betlehem-zo-zbierok-Kysuckeho-muzea-100x100.jpg 100w, https:\/\/pmza.sk\/wp-content\/uploads\/2021\/11\/Betlehem-zo-zbierok-Kysuckeho-muzea.jpg 1024w\" sizes=\"(max-width: 364px) 100vw, 364px\" \/><\/a><figcaption id=\"caption-attachment-46286\" class=\"wp-caption-text\">Betlehem zo zbierok Kysuck\u00e9ho m\u00fazea<\/figcaption><\/figure><\/p>\n","protected":false},"excerpt":{"rendered":"<p>Adventn\u00fd \u010das sa bl\u00ed\u017ei a\u00a0Pova\u017esk\u00e9 m\u00fazeum sa rozhodlo aj tento rok pripravi\u0165 v\u00fdstavu betlehemov. Otvoren\u00e1 bude 25. novembra v\u00a0Sob\u00e1\u0161nom pal\u00e1ci v\u00a0Byt\u010di pod n\u00e1zvom Po\u010fme v\u0161etci do Betlehema. N\u00e1v\u0161tevn\u00edci tak bud\u00fa m\u00f4c\u0165 po\u010das prehliadky v\u00fdznamnej renesan\u010dnej pamiatky obdivova\u0165 pribli\u017ene 30 betlehemov z\u00a0r\u00f4znych materi\u00e1lov i\u00a0oblast\u00ed. Zobrazenie betlehemu ako biblick\u00e9ho pr\u00edbehu o\u00a0naroden\u00ed Krista sa v\u00a0priebehu storo\u010d\u00ed menilo. Popri [&hellip;]<\/p>\n","protected":false},"author":2,"featured_media":46282,"comment_status":"closed","ping_status":"closed","sticky":false,"template":"","format":"standard","meta":{"site-sidebar-layout":"default","site-content-layout":"","ast-site-content-layout":"","site-content-style":"default","site-sidebar-style":"default","ast-global-header-display":"","ast-banner-title-visibility":"","ast-main-header-display":"","ast-hfb-above-header-display":"","ast-hfb-below-header-display":"","ast-hfb-mobile-header-display":"","site-post-title":"","ast-breadcrumbs-content":"","ast-featured-img":"","footer-sml-layout":"","theme-transparent-header-meta":"","adv-header-id-meta":"","stick-header-meta":"","header-above-stick-meta":"","header-main-stick-meta":"","header-below-stick-meta":"","astra-migrate-meta-layouts":"default","ast-page-background-enabled":"default","ast-page-background-meta":{"desktop":{"background-color":"var(--ast-global-color-4)","background-image":"","background-repeat":"repeat","background-position":"center center","background-size":"auto","background-attachment":"scroll","background-type":"","background-media":"","overlay-type":"","overlay-color":"","overlay-opacity":"","overlay-gradient":""},"tablet":{"background-color":"","background-image":"","background-repeat":"repeat","background-position":"center center","background-size":"auto","background-attachment":"scroll","background-type":"","background-media":"","overlay-type":"","overlay-color":"","overlay-opacity":"","overlay-gradient":""},"mobile":{"background-color":"","background-image":"","background-repeat":"repeat","background-position":"center center","background-size":"auto","background-attachment":"scroll","background-type":"","background-media":"","overlay-type":"","overlay-color":"","overlay-opacity":"","overlay-gradient":""}},"ast-content-background-meta":{"desktop":{"background-color":"var(--ast-global-color-5)","background-image":"","background-repeat":"repeat","background-position":"center center","background-size":"auto","background-attachment":"scroll","background-type":"","background-media":"","overlay-type":"","overlay-color":"","overlay-opacity":"","overlay-gradient":""},"tablet":{"background-color":"var(--ast-global-color-5)","background-image":"","background-repeat":"repeat","background-position":"center center","background-size":"auto","background-attachment":"scroll","background-type":"","background-media":"","overlay-type":"","overlay-color":"","overlay-opacity":"","overlay-gradient":""},"mobile":{"background-color":"var(--ast-global-color-5)","background-image":"","background-repeat":"repeat","background-position":"center center","background-size":"auto","background-attachment":"scroll","background-type":"","background-media":"","overlay-type":"","overlay-color":"","overlay-opacity":"","overlay-gradient":""}},"footnotes":""},"categories":[31],"tags":[],"class_list":["post-46281","post","type-post","status-publish","format-standard","has-post-thumbnail","hentry","category-aktuality"],"yoast_head":"<!-- This site is optimized with the Yoast SEO plugin v27.4 - https:\/\/yoast.com\/product\/yoast-seo-wordpress\/ -->\n<title>Po\u010fme v\u0161etci do Betlehema - Pova\u017esk\u00e9 m\u00fazeum<\/title>\n<meta name=\"robots\" content=\"index, follow, max-snippet:-1, max-image-preview:large, max-video-preview:-1\" \/>\n<link rel=\"canonical\" href=\"https:\/\/pmza.sk\/?p=46281\" \/>\n<meta property=\"og:locale\" content=\"sk_SK\" \/>\n<meta property=\"og:type\" content=\"article\" \/>\n<meta property=\"og:title\" content=\"Po\u010fme v\u0161etci do Betlehema - Pova\u017esk\u00e9 m\u00fazeum\" \/>\n<meta property=\"og:description\" content=\"Adventn\u00fd \u010das sa bl\u00ed\u017ei a\u00a0Pova\u017esk\u00e9 m\u00fazeum sa rozhodlo aj tento rok pripravi\u0165 v\u00fdstavu betlehemov. Otvoren\u00e1 bude 25. novembra v\u00a0Sob\u00e1\u0161nom pal\u00e1ci v\u00a0Byt\u010di pod n\u00e1zvom Po\u010fme v\u0161etci do Betlehema. N\u00e1v\u0161tevn\u00edci tak bud\u00fa m\u00f4c\u0165 po\u010das prehliadky v\u00fdznamnej renesan\u010dnej pamiatky obdivova\u0165 pribli\u017ene 30 betlehemov z\u00a0r\u00f4znych materi\u00e1lov i\u00a0oblast\u00ed. Zobrazenie betlehemu ako biblick\u00e9ho pr\u00edbehu o\u00a0naroden\u00ed Krista sa v\u00a0priebehu storo\u010d\u00ed menilo. Popri [&hellip;]\" \/>\n<meta property=\"og:url\" content=\"https:\/\/pmza.sk\/?p=46281\" \/>\n<meta property=\"og:site_name\" content=\"Pova\u017esk\u00e9 m\u00fazeum\" \/>\n<meta property=\"article:publisher\" content=\"https:\/\/www.facebook.com\/povazskemuzeum\" \/>\n<meta property=\"article:published_time\" content=\"2021-11-18T06:58:29+00:00\" \/>\n<meta property=\"og:image\" content=\"https:\/\/pmza.sk\/wp-content\/uploads\/2021\/11\/07_Betlehemy_www.jpg\" \/>\n\t<meta property=\"og:image:width\" content=\"565\" \/>\n\t<meta property=\"og:image:height\" content=\"800\" \/>\n\t<meta property=\"og:image:type\" content=\"image\/jpeg\" \/>\n<meta name=\"author\" content=\"Pova\u017esk\u00e9 m\u00fazeum\" \/>\n<meta name=\"twitter:card\" content=\"summary_large_image\" \/>\n<meta name=\"twitter:label1\" content=\"Autor\" \/>\n\t<meta name=\"twitter:data1\" content=\"Pova\u017esk\u00e9 m\u00fazeum\" \/>\n\t<meta name=\"twitter:label2\" content=\"Predpokladan\u00fd \u010das \u010d\u00edtania\" \/>\n\t<meta name=\"twitter:data2\" content=\"2 min\u00faty\" \/>\n<script type=\"application\/ld+json\" class=\"yoast-schema-graph\">{\"@context\":\"https:\\\/\\\/schema.org\",\"@graph\":[{\"@type\":\"Article\",\"@id\":\"https:\\\/\\\/pmza.sk\\\/?p=46281#article\",\"isPartOf\":{\"@id\":\"https:\\\/\\\/pmza.sk\\\/?p=46281\"},\"author\":{\"name\":\"Pova\u017esk\u00e9 m\u00fazeum\",\"@id\":\"https:\\\/\\\/pmza.sk\\\/#\\\/schema\\\/person\\\/595e6a2ce731ea94dcd5d7f50a41ae33\"},\"headline\":\"Po\u010fme v\u0161etci do Betlehema\",\"datePublished\":\"2021-11-18T06:58:29+00:00\",\"mainEntityOfPage\":{\"@id\":\"https:\\\/\\\/pmza.sk\\\/?p=46281\"},\"wordCount\":432,\"publisher\":{\"@id\":\"https:\\\/\\\/pmza.sk\\\/#organization\"},\"image\":{\"@id\":\"https:\\\/\\\/pmza.sk\\\/?p=46281#primaryimage\"},\"thumbnailUrl\":\"https:\\\/\\\/pmza.sk\\\/wp-content\\\/uploads\\\/2021\\\/11\\\/07_Betlehemy_www.jpg\",\"articleSection\":[\"Aktuality\"],\"inLanguage\":\"sk-SK\"},{\"@type\":\"WebPage\",\"@id\":\"https:\\\/\\\/pmza.sk\\\/?p=46281\",\"url\":\"https:\\\/\\\/pmza.sk\\\/?p=46281\",\"name\":\"Po\u010fme v\u0161etci do Betlehema - Pova\u017esk\u00e9 m\u00fazeum\",\"isPartOf\":{\"@id\":\"https:\\\/\\\/pmza.sk\\\/#website\"},\"primaryImageOfPage\":{\"@id\":\"https:\\\/\\\/pmza.sk\\\/?p=46281#primaryimage\"},\"image\":{\"@id\":\"https:\\\/\\\/pmza.sk\\\/?p=46281#primaryimage\"},\"thumbnailUrl\":\"https:\\\/\\\/pmza.sk\\\/wp-content\\\/uploads\\\/2021\\\/11\\\/07_Betlehemy_www.jpg\",\"datePublished\":\"2021-11-18T06:58:29+00:00\",\"breadcrumb\":{\"@id\":\"https:\\\/\\\/pmza.sk\\\/?p=46281#breadcrumb\"},\"inLanguage\":\"sk-SK\",\"potentialAction\":[{\"@type\":\"ReadAction\",\"target\":[\"https:\\\/\\\/pmza.sk\\\/?p=46281\"]}]},{\"@type\":\"ImageObject\",\"inLanguage\":\"sk-SK\",\"@id\":\"https:\\\/\\\/pmza.sk\\\/?p=46281#primaryimage\",\"url\":\"https:\\\/\\\/pmza.sk\\\/wp-content\\\/uploads\\\/2021\\\/11\\\/07_Betlehemy_www.jpg\",\"contentUrl\":\"https:\\\/\\\/pmza.sk\\\/wp-content\\\/uploads\\\/2021\\\/11\\\/07_Betlehemy_www.jpg\",\"width\":565,\"height\":800},{\"@type\":\"BreadcrumbList\",\"@id\":\"https:\\\/\\\/pmza.sk\\\/?p=46281#breadcrumb\",\"itemListElement\":[{\"@type\":\"ListItem\",\"position\":1,\"name\":\"Domovsk\u00e1 str\u00e1nka\",\"item\":\"https:\\\/\\\/pmza.sk\\\/\"},{\"@type\":\"ListItem\",\"position\":2,\"name\":\"Po\u010fme v\u0161etci do Betlehema\"}]},{\"@type\":\"WebSite\",\"@id\":\"https:\\\/\\\/pmza.sk\\\/#website\",\"url\":\"https:\\\/\\\/pmza.sk\\\/\",\"name\":\"Pova\u017esk\u00e9 m\u00fazeum\",\"description\":\"Pova\u017esk\u00e9 m\u00fazeum v \u017diline je region\u00e1lne m\u00fazeum so s\u00eddlom v Budat\u00edne. Jeho expoz\u00edcie s\u00fa zameran\u00e9 na dejiny slovensk\u00e9ho umenia, kult\u00fary a dopravy.\",\"publisher\":{\"@id\":\"https:\\\/\\\/pmza.sk\\\/#organization\"},\"potentialAction\":[{\"@type\":\"SearchAction\",\"target\":{\"@type\":\"EntryPoint\",\"urlTemplate\":\"https:\\\/\\\/pmza.sk\\\/?s={search_term_string}\"},\"query-input\":{\"@type\":\"PropertyValueSpecification\",\"valueRequired\":true,\"valueName\":\"search_term_string\"}}],\"inLanguage\":\"sk-SK\"},{\"@type\":\"Organization\",\"@id\":\"https:\\\/\\\/pmza.sk\\\/#organization\",\"name\":\"Pova\u017esk\u00e9 m\u00fazeum\",\"url\":\"https:\\\/\\\/pmza.sk\\\/\",\"logo\":{\"@type\":\"ImageObject\",\"inLanguage\":\"sk-SK\",\"@id\":\"https:\\\/\\\/pmza.sk\\\/#\\\/schema\\\/logo\\\/image\\\/\",\"url\":\"https:\\\/\\\/pmza.sk\\\/wp-content\\\/uploads\\\/2022\\\/01\\\/logo_PM_horizontal.jpg\",\"contentUrl\":\"https:\\\/\\\/pmza.sk\\\/wp-content\\\/uploads\\\/2022\\\/01\\\/logo_PM_horizontal.jpg\",\"width\":231,\"height\":142,\"caption\":\"Pova\u017esk\u00e9 m\u00fazeum\"},\"image\":{\"@id\":\"https:\\\/\\\/pmza.sk\\\/#\\\/schema\\\/logo\\\/image\\\/\"},\"sameAs\":[\"https:\\\/\\\/www.facebook.com\\\/povazskemuzeum\",\"https:\\\/\\\/www.instagram.com\\\/povazskemuzeum\\\/\"]},{\"@type\":\"Person\",\"@id\":\"https:\\\/\\\/pmza.sk\\\/#\\\/schema\\\/person\\\/595e6a2ce731ea94dcd5d7f50a41ae33\",\"name\":\"Pova\u017esk\u00e9 m\u00fazeum\",\"image\":{\"@type\":\"ImageObject\",\"inLanguage\":\"sk-SK\",\"@id\":\"https:\\\/\\\/secure.gravatar.com\\\/avatar\\\/2bb7f1561282132fb5826dfeccc66c7996d11ee392ac6aaf7ced8a1c2027fbb2?s=96&d=mm&r=g\",\"url\":\"https:\\\/\\\/secure.gravatar.com\\\/avatar\\\/2bb7f1561282132fb5826dfeccc66c7996d11ee392ac6aaf7ced8a1c2027fbb2?s=96&d=mm&r=g\",\"contentUrl\":\"https:\\\/\\\/secure.gravatar.com\\\/avatar\\\/2bb7f1561282132fb5826dfeccc66c7996d11ee392ac6aaf7ced8a1c2027fbb2?s=96&d=mm&r=g\",\"caption\":\"Pova\u017esk\u00e9 m\u00fazeum\"}}]}<\/script>\n<!-- \/ Yoast SEO plugin. -->","yoast_head_json":{"title":"Po\u010fme v\u0161etci do Betlehema - Pova\u017esk\u00e9 m\u00fazeum","robots":{"index":"index","follow":"follow","max-snippet":"max-snippet:-1","max-image-preview":"max-image-preview:large","max-video-preview":"max-video-preview:-1"},"canonical":"https:\/\/pmza.sk\/?p=46281","og_locale":"sk_SK","og_type":"article","og_title":"Po\u010fme v\u0161etci do Betlehema - Pova\u017esk\u00e9 m\u00fazeum","og_description":"Adventn\u00fd \u010das sa bl\u00ed\u017ei a\u00a0Pova\u017esk\u00e9 m\u00fazeum sa rozhodlo aj tento rok pripravi\u0165 v\u00fdstavu betlehemov. Otvoren\u00e1 bude 25. novembra v\u00a0Sob\u00e1\u0161nom pal\u00e1ci v\u00a0Byt\u010di pod n\u00e1zvom Po\u010fme v\u0161etci do Betlehema. N\u00e1v\u0161tevn\u00edci tak bud\u00fa m\u00f4c\u0165 po\u010das prehliadky v\u00fdznamnej renesan\u010dnej pamiatky obdivova\u0165 pribli\u017ene 30 betlehemov z\u00a0r\u00f4znych materi\u00e1lov i\u00a0oblast\u00ed. Zobrazenie betlehemu ako biblick\u00e9ho pr\u00edbehu o\u00a0naroden\u00ed Krista sa v\u00a0priebehu storo\u010d\u00ed menilo. Popri [&hellip;]","og_url":"https:\/\/pmza.sk\/?p=46281","og_site_name":"Pova\u017esk\u00e9 m\u00fazeum","article_publisher":"https:\/\/www.facebook.com\/povazskemuzeum","article_published_time":"2021-11-18T06:58:29+00:00","og_image":[{"width":565,"height":800,"url":"https:\/\/pmza.sk\/wp-content\/uploads\/2021\/11\/07_Betlehemy_www.jpg","type":"image\/jpeg"}],"author":"Pova\u017esk\u00e9 m\u00fazeum","twitter_card":"summary_large_image","twitter_misc":{"Autor":"Pova\u017esk\u00e9 m\u00fazeum","Predpokladan\u00fd \u010das \u010d\u00edtania":"2 min\u00faty"},"schema":{"@context":"https:\/\/schema.org","@graph":[{"@type":"Article","@id":"https:\/\/pmza.sk\/?p=46281#article","isPartOf":{"@id":"https:\/\/pmza.sk\/?p=46281"},"author":{"name":"Pova\u017esk\u00e9 m\u00fazeum","@id":"https:\/\/pmza.sk\/#\/schema\/person\/595e6a2ce731ea94dcd5d7f50a41ae33"},"headline":"Po\u010fme v\u0161etci do Betlehema","datePublished":"2021-11-18T06:58:29+00:00","mainEntityOfPage":{"@id":"https:\/\/pmza.sk\/?p=46281"},"wordCount":432,"publisher":{"@id":"https:\/\/pmza.sk\/#organization"},"image":{"@id":"https:\/\/pmza.sk\/?p=46281#primaryimage"},"thumbnailUrl":"https:\/\/pmza.sk\/wp-content\/uploads\/2021\/11\/07_Betlehemy_www.jpg","articleSection":["Aktuality"],"inLanguage":"sk-SK"},{"@type":"WebPage","@id":"https:\/\/pmza.sk\/?p=46281","url":"https:\/\/pmza.sk\/?p=46281","name":"Po\u010fme v\u0161etci do Betlehema - Pova\u017esk\u00e9 m\u00fazeum","isPartOf":{"@id":"https:\/\/pmza.sk\/#website"},"primaryImageOfPage":{"@id":"https:\/\/pmza.sk\/?p=46281#primaryimage"},"image":{"@id":"https:\/\/pmza.sk\/?p=46281#primaryimage"},"thumbnailUrl":"https:\/\/pmza.sk\/wp-content\/uploads\/2021\/11\/07_Betlehemy_www.jpg","datePublished":"2021-11-18T06:58:29+00:00","breadcrumb":{"@id":"https:\/\/pmza.sk\/?p=46281#breadcrumb"},"inLanguage":"sk-SK","potentialAction":[{"@type":"ReadAction","target":["https:\/\/pmza.sk\/?p=46281"]}]},{"@type":"ImageObject","inLanguage":"sk-SK","@id":"https:\/\/pmza.sk\/?p=46281#primaryimage","url":"https:\/\/pmza.sk\/wp-content\/uploads\/2021\/11\/07_Betlehemy_www.jpg","contentUrl":"https:\/\/pmza.sk\/wp-content\/uploads\/2021\/11\/07_Betlehemy_www.jpg","width":565,"height":800},{"@type":"BreadcrumbList","@id":"https:\/\/pmza.sk\/?p=46281#breadcrumb","itemListElement":[{"@type":"ListItem","position":1,"name":"Domovsk\u00e1 str\u00e1nka","item":"https:\/\/pmza.sk\/"},{"@type":"ListItem","position":2,"name":"Po\u010fme v\u0161etci do Betlehema"}]},{"@type":"WebSite","@id":"https:\/\/pmza.sk\/#website","url":"https:\/\/pmza.sk\/","name":"Pova\u017esk\u00e9 m\u00fazeum","description":"Pova\u017esk\u00e9 m\u00fazeum v \u017diline je region\u00e1lne m\u00fazeum so s\u00eddlom v Budat\u00edne. Jeho expoz\u00edcie s\u00fa zameran\u00e9 na dejiny slovensk\u00e9ho umenia, kult\u00fary a dopravy.","publisher":{"@id":"https:\/\/pmza.sk\/#organization"},"potentialAction":[{"@type":"SearchAction","target":{"@type":"EntryPoint","urlTemplate":"https:\/\/pmza.sk\/?s={search_term_string}"},"query-input":{"@type":"PropertyValueSpecification","valueRequired":true,"valueName":"search_term_string"}}],"inLanguage":"sk-SK"},{"@type":"Organization","@id":"https:\/\/pmza.sk\/#organization","name":"Pova\u017esk\u00e9 m\u00fazeum","url":"https:\/\/pmza.sk\/","logo":{"@type":"ImageObject","inLanguage":"sk-SK","@id":"https:\/\/pmza.sk\/#\/schema\/logo\/image\/","url":"https:\/\/pmza.sk\/wp-content\/uploads\/2022\/01\/logo_PM_horizontal.jpg","contentUrl":"https:\/\/pmza.sk\/wp-content\/uploads\/2022\/01\/logo_PM_horizontal.jpg","width":231,"height":142,"caption":"Pova\u017esk\u00e9 m\u00fazeum"},"image":{"@id":"https:\/\/pmza.sk\/#\/schema\/logo\/image\/"},"sameAs":["https:\/\/www.facebook.com\/povazskemuzeum","https:\/\/www.instagram.com\/povazskemuzeum\/"]},{"@type":"Person","@id":"https:\/\/pmza.sk\/#\/schema\/person\/595e6a2ce731ea94dcd5d7f50a41ae33","name":"Pova\u017esk\u00e9 m\u00fazeum","image":{"@type":"ImageObject","inLanguage":"sk-SK","@id":"https:\/\/secure.gravatar.com\/avatar\/2bb7f1561282132fb5826dfeccc66c7996d11ee392ac6aaf7ced8a1c2027fbb2?s=96&d=mm&r=g","url":"https:\/\/secure.gravatar.com\/avatar\/2bb7f1561282132fb5826dfeccc66c7996d11ee392ac6aaf7ced8a1c2027fbb2?s=96&d=mm&r=g","contentUrl":"https:\/\/secure.gravatar.com\/avatar\/2bb7f1561282132fb5826dfeccc66c7996d11ee392ac6aaf7ced8a1c2027fbb2?s=96&d=mm&r=g","caption":"Pova\u017esk\u00e9 m\u00fazeum"}}]}},"_links":{"self":[{"href":"https:\/\/pmza.sk\/index.php?rest_route=\/wp\/v2\/posts\/46281","targetHints":{"allow":["GET"]}}],"collection":[{"href":"https:\/\/pmza.sk\/index.php?rest_route=\/wp\/v2\/posts"}],"about":[{"href":"https:\/\/pmza.sk\/index.php?rest_route=\/wp\/v2\/types\/post"}],"author":[{"embeddable":true,"href":"https:\/\/pmza.sk\/index.php?rest_route=\/wp\/v2\/users\/2"}],"replies":[{"embeddable":true,"href":"https:\/\/pmza.sk\/index.php?rest_route=%2Fwp%2Fv2%2Fcomments&post=46281"}],"version-history":[{"count":0,"href":"https:\/\/pmza.sk\/index.php?rest_route=\/wp\/v2\/posts\/46281\/revisions"}],"wp:featuredmedia":[{"embeddable":true,"href":"https:\/\/pmza.sk\/index.php?rest_route=\/wp\/v2\/media\/46282"}],"wp:attachment":[{"href":"https:\/\/pmza.sk\/index.php?rest_route=%2Fwp%2Fv2%2Fmedia&parent=46281"}],"wp:term":[{"taxonomy":"category","embeddable":true,"href":"https:\/\/pmza.sk\/index.php?rest_route=%2Fwp%2Fv2%2Fcategories&post=46281"},{"taxonomy":"post_tag","embeddable":true,"href":"https:\/\/pmza.sk\/index.php?rest_route=%2Fwp%2Fv2%2Ftags&post=46281"}],"curies":[{"name":"wp","href":"https:\/\/api.w.org\/{rel}","templated":true}]}}