{"id":46350,"date":"2021-12-01T13:57:07","date_gmt":"2021-12-01T12:57:07","guid":{"rendered":"https:\/\/pmza.sk\/?p=46350"},"modified":"2022-02-23T08:31:17","modified_gmt":"2022-02-23T07:31:17","slug":"rekonstrukcia-obrazov-sv-katariny-a-sv-barbory","status":"publish","type":"post","link":"https:\/\/pmza.sk\/?p=46350","title":{"rendered":"Rekon\u0161trukcia obrazov sv. Katar\u00edny a sv. Barbory"},"content":{"rendered":"<p>V\u00a0etnologickom fonde Pova\u017esk\u00e9ho m\u00fazea sa nach\u00e1dza ve\u013ea r\u00f4znorod\u00fdch zbierok. Okrem in\u00fdch aj v\u00e4\u010d\u0161ie mno\u017estvo malieb s\u00a0ikonografickou tematikou, ktor\u00e9 vych\u00e1dzali z\u00a0dieln\u00ed \u013eudov\u00fdch majstrov a\u00a0men\u00e1 tvorcov s\u00fa\u00a0m\u00e1lokedy zn\u00e1me. <em>\u201ePo celom Slovensku sa zachovalo zna\u010dn\u00e9 mno\u017estvo tak\u00fdchto obrazov ma\u013eovan\u00fdch na skle, ktor\u00e9 boli sprostredkov\u00e1van\u00e9 podomov\u00fdmi obchodn\u00edkmi a ich\u00a0vznik s\u00favisel aj s\u00a0existenciou niektor\u00fdch skl\u00e1rn\u00ed. <\/em><em>Ve\u013ea \u00a0obrazov bolo taktie\u017e importovan\u00fdch zo susedsk\u00fdch oblast\u00ed, najm\u00e4 z\u00a0Ju\u017enej Moravy a\u00a0Sliezska, menej z\u00a0Bavorska a\u00a0ju\u017en\u00fdch \u010ciech, pr\u00edpadne z\u00a0Po\u013eska. Niektor\u00e9 ma\u013eby \u00a0boli dokonale o\u0161etrovan\u00e9, fixovan\u00e9 nitrozaponom a\u00a0konzervovan\u00e9 v\u010del\u00edm voskom,\u201c<\/em> doplnila etnologi\u010dka Adriana B\u00e1rdyov\u00e1. Medzi zauj\u00edmav\u00e9 muze\u00e1lne zbierky patria obrazy sv. Katar\u00edny a\u00a0sv. Barbory, ktor\u00e9 poch\u00e1dzaj\u00fa z\u00a0prvej polovice 19. storo\u010dia.<\/p>\n<p><figure id=\"attachment_46352\" aria-describedby=\"caption-attachment-46352\" style=\"width: 290px\" class=\"wp-caption aligncenter\"><a href=\"https:\/\/pmza.sk\/aktuality\/rekonstrukcia-obrazov-sv-katariny-a-sv-barbory\/attachment\/sv-katarina-pred-rekon-web\/\" rel=\"attachment wp-att-46352\"><img fetchpriority=\"high\" decoding=\"async\" class=\"size-medium wp-image-46352\" src=\"https:\/\/pmza.sk\/wp-content\/uploads\/2021\/12\/Sv.-Katarina-pred-rekon-web-290x360.jpg\" alt=\"\" width=\"290\" height=\"360\" srcset=\"https:\/\/pmza.sk\/wp-content\/uploads\/2021\/12\/Sv.-Katarina-pred-rekon-web-290x360.jpg 290w, https:\/\/pmza.sk\/wp-content\/uploads\/2021\/12\/Sv.-Katarina-pred-rekon-web-592x736.jpg 592w, https:\/\/pmza.sk\/wp-content\/uploads\/2021\/12\/Sv.-Katarina-pred-rekon-web-768x955.jpg 768w, https:\/\/pmza.sk\/wp-content\/uploads\/2021\/12\/Sv.-Katarina-pred-rekon-web-600x746.jpg 600w, https:\/\/pmza.sk\/wp-content\/uploads\/2021\/12\/Sv.-Katarina-pred-rekon-web.jpg 1024w\" sizes=\"(max-width: 290px) 100vw, 290px\" \/><\/a><figcaption id=\"caption-attachment-46352\" class=\"wp-caption-text\">Obraz sv. Katar\u00edny pred rekon\u0161trukciou<\/figcaption><\/figure><figure id=\"attachment_46353\" aria-describedby=\"caption-attachment-46353\" style=\"width: 292px\" class=\"wp-caption aligncenter\"><a href=\"https:\/\/pmza.sk\/aktuality\/rekonstrukcia-obrazov-sv-katariny-a-sv-barbory\/attachment\/sv-barbora-pred-rekon-web\/\" rel=\"attachment wp-att-46353\"><img decoding=\"async\" class=\"size-medium wp-image-46353\" src=\"https:\/\/pmza.sk\/wp-content\/uploads\/2021\/12\/Sv.-Barbora-pred-rekon-web-292x360.jpg\" alt=\"\" width=\"292\" height=\"360\" srcset=\"https:\/\/pmza.sk\/wp-content\/uploads\/2021\/12\/Sv.-Barbora-pred-rekon-web-292x360.jpg 292w, https:\/\/pmza.sk\/wp-content\/uploads\/2021\/12\/Sv.-Barbora-pred-rekon-web-597x736.jpg 597w, https:\/\/pmza.sk\/wp-content\/uploads\/2021\/12\/Sv.-Barbora-pred-rekon-web-768x947.jpg 768w, https:\/\/pmza.sk\/wp-content\/uploads\/2021\/12\/Sv.-Barbora-pred-rekon-web-600x740.jpg 600w, https:\/\/pmza.sk\/wp-content\/uploads\/2021\/12\/Sv.-Barbora-pred-rekon-web.jpg 1024w\" sizes=\"(max-width: 292px) 100vw, 292px\" \/><\/a><figcaption id=\"caption-attachment-46353\" class=\"wp-caption-text\">Obraz sv. Barbory pred rekon\u0161trukciou<\/figcaption><\/figure><\/p>\n<p>Oba obrazy boli zna\u010dne po\u0161koden\u00e9, a\u00a0preto bola potrebn\u00e1 ich rekon\u0161trukcia. Tejto \u00falohy sa ujala re\u0161taur\u00e1torka Pova\u017esk\u00e9ho m\u00fazea Petronela Vlhov\u00e1, ktorej pr\u00e1ca trvala takmer dva mesiace.<em> \u201ePo konzult\u00e1ci\u00e1ch s\u00a0viacer\u00fdmi odborn\u00edkmi som zvolila techniku bez z\u00e1sahu do p\u00f4vodnej ma\u013eby, a\u00a0to tak, \u017ee zo zadnej \u010dasti obrazu som umiestnila fotok\u00f3piu doplnen\u00fa o\u00a0ch\u00fdbaj\u00face \u010dasti obrazu. Takto bolo mo\u017en\u00e9 zachova\u0165 a\u00a0ponecha\u0165 p\u00f4vodn\u00fa ma\u013ebu obrazu a\u00a0z\u00e1rove\u0148 nenaru\u0161i\u0165\u00a0 jeho \u0161trukt\u00faru. Nejde o\u00a0typick\u00e9 re\u0161taurovanie obrazu, ale sk\u00f4r o\u00a0jeho rekon\u0161trukciu. V\u00a0pr\u00edpade re\u0161taurovania by bolo nutn\u00e9 odstr\u00e1ni\u0165 asi 90% p\u00f4vodnej ma\u013eby, a\u00a0t\u00fdm by som dok\u00e1zala zachova\u0165 len zvy\u0161n\u00fdch 10%, \u010do by bola obrovsk\u00e1 \u0161koda. Takto obrazy vyzeraj\u00fa ako nanovo nama\u013eovan\u00e9,\u201c<\/em> pribl\u00ed\u017eila Petronela Vlhov\u00e1.<\/p>\n<p>Zrekon\u0161truovan\u00e9 obrazy sv. Katar\u00edny a\u00a0sv. Barbory by mali by\u0165 s\u00fa\u010das\u0165ou v\u00fdstavy k\u00a080. v\u00fdro\u010diu Pova\u017esk\u00e9ho m\u00fazea, ktor\u00e1 je napl\u00e1novan\u00e1 na bud\u00faci rok. S\u00a0rekon\u0161trukciou \u010fal\u0161\u00edch obrazov sa bude pokra\u010dova\u0165 aj v\u00a0nasleduj\u00facom obdob\u00ed.<\/p>\n<p><figure id=\"attachment_46354\" aria-describedby=\"caption-attachment-46354\" style=\"width: 284px\" class=\"wp-caption aligncenter\"><a href=\"https:\/\/pmza.sk\/aktuality\/rekonstrukcia-obrazov-sv-katariny-a-sv-barbory\/attachment\/sv-katarina-po-rekon-web-1\/\" rel=\"attachment wp-att-46354\"><img decoding=\"async\" class=\"size-medium wp-image-46354\" src=\"https:\/\/pmza.sk\/wp-content\/uploads\/2021\/12\/Sv.-Katarina-po-rekon-web-1-284x360.jpg\" alt=\"\" width=\"284\" height=\"360\" srcset=\"https:\/\/pmza.sk\/wp-content\/uploads\/2021\/12\/Sv.-Katarina-po-rekon-web-1-284x360.jpg 284w, https:\/\/pmza.sk\/wp-content\/uploads\/2021\/12\/Sv.-Katarina-po-rekon-web-1-580x736.jpg 580w, https:\/\/pmza.sk\/wp-content\/uploads\/2021\/12\/Sv.-Katarina-po-rekon-web-1-768x974.jpg 768w, https:\/\/pmza.sk\/wp-content\/uploads\/2021\/12\/Sv.-Katarina-po-rekon-web-1-600x761.jpg 600w, https:\/\/pmza.sk\/wp-content\/uploads\/2021\/12\/Sv.-Katarina-po-rekon-web-1.jpg 1024w\" sizes=\"(max-width: 284px) 100vw, 284px\" \/><\/a><figcaption id=\"caption-attachment-46354\" class=\"wp-caption-text\">Obraz sv. Katar\u00edny po rekon\u0161trukcii<\/figcaption><\/figure><figure id=\"attachment_46355\" aria-describedby=\"caption-attachment-46355\" style=\"width: 281px\" class=\"wp-caption aligncenter\"><a href=\"https:\/\/pmza.sk\/aktuality\/rekonstrukcia-obrazov-sv-katariny-a-sv-barbory\/attachment\/sv-barbora-po-rekon-web\/\" rel=\"attachment wp-att-46355\"><img loading=\"lazy\" decoding=\"async\" class=\"size-medium wp-image-46355\" src=\"https:\/\/pmza.sk\/wp-content\/uploads\/2021\/12\/Sv.Barbora-po-rekon-web-281x360.jpg\" alt=\"\" width=\"281\" height=\"360\" srcset=\"https:\/\/pmza.sk\/wp-content\/uploads\/2021\/12\/Sv.Barbora-po-rekon-web-281x360.jpg 281w, https:\/\/pmza.sk\/wp-content\/uploads\/2021\/12\/Sv.Barbora-po-rekon-web-574x736.jpg 574w, https:\/\/pmza.sk\/wp-content\/uploads\/2021\/12\/Sv.Barbora-po-rekon-web-768x985.jpg 768w, https:\/\/pmza.sk\/wp-content\/uploads\/2021\/12\/Sv.Barbora-po-rekon-web-600x769.jpg 600w, https:\/\/pmza.sk\/wp-content\/uploads\/2021\/12\/Sv.Barbora-po-rekon-web.jpg 1024w\" sizes=\"(max-width: 281px) 100vw, 281px\" \/><\/a><figcaption id=\"caption-attachment-46355\" class=\"wp-caption-text\">Obraz sv. Barbory po rekon\u0161trukcii<\/figcaption><\/figure><\/p>\n","protected":false},"excerpt":{"rendered":"<p>V\u00a0etnologickom fonde Pova\u017esk\u00e9ho m\u00fazea sa nach\u00e1dza ve\u013ea r\u00f4znorod\u00fdch zbierok. Okrem in\u00fdch aj v\u00e4\u010d\u0161ie mno\u017estvo malieb s\u00a0ikonografickou tematikou, ktor\u00e9 vych\u00e1dzali z\u00a0dieln\u00ed \u013eudov\u00fdch majstrov a\u00a0men\u00e1 tvorcov s\u00fa\u00a0m\u00e1lokedy zn\u00e1me. \u201ePo celom Slovensku sa zachovalo zna\u010dn\u00e9 mno\u017estvo tak\u00fdchto obrazov ma\u013eovan\u00fdch na skle, ktor\u00e9 boli sprostredkov\u00e1van\u00e9 podomov\u00fdmi obchodn\u00edkmi a ich\u00a0vznik s\u00favisel aj s\u00a0existenciou niektor\u00fdch skl\u00e1rn\u00ed. Ve\u013ea \u00a0obrazov bolo taktie\u017e importovan\u00fdch [&hellip;]<\/p>\n","protected":false},"author":2,"featured_media":46351,"comment_status":"closed","ping_status":"closed","sticky":false,"template":"","format":"standard","meta":{"site-sidebar-layout":"default","site-content-layout":"","ast-site-content-layout":"","site-content-style":"default","site-sidebar-style":"default","ast-global-header-display":"","ast-banner-title-visibility":"","ast-main-header-display":"","ast-hfb-above-header-display":"","ast-hfb-below-header-display":"","ast-hfb-mobile-header-display":"","site-post-title":"","ast-breadcrumbs-content":"","ast-featured-img":"","footer-sml-layout":"","theme-transparent-header-meta":"","adv-header-id-meta":"","stick-header-meta":"","header-above-stick-meta":"","header-main-stick-meta":"","header-below-stick-meta":"","astra-migrate-meta-layouts":"default","ast-page-background-enabled":"default","ast-page-background-meta":{"desktop":{"background-color":"var(--ast-global-color-4)","background-image":"","background-repeat":"repeat","background-position":"center center","background-size":"auto","background-attachment":"scroll","background-type":"","background-media":"","overlay-type":"","overlay-color":"","overlay-opacity":"","overlay-gradient":""},"tablet":{"background-color":"","background-image":"","background-repeat":"repeat","background-position":"center center","background-size":"auto","background-attachment":"scroll","background-type":"","background-media":"","overlay-type":"","overlay-color":"","overlay-opacity":"","overlay-gradient":""},"mobile":{"background-color":"","background-image":"","background-repeat":"repeat","background-position":"center center","background-size":"auto","background-attachment":"scroll","background-type":"","background-media":"","overlay-type":"","overlay-color":"","overlay-opacity":"","overlay-gradient":""}},"ast-content-background-meta":{"desktop":{"background-color":"var(--ast-global-color-5)","background-image":"","background-repeat":"repeat","background-position":"center center","background-size":"auto","background-attachment":"scroll","background-type":"","background-media":"","overlay-type":"","overlay-color":"","overlay-opacity":"","overlay-gradient":""},"tablet":{"background-color":"var(--ast-global-color-5)","background-image":"","background-repeat":"repeat","background-position":"center center","background-size":"auto","background-attachment":"scroll","background-type":"","background-media":"","overlay-type":"","overlay-color":"","overlay-opacity":"","overlay-gradient":""},"mobile":{"background-color":"var(--ast-global-color-5)","background-image":"","background-repeat":"repeat","background-position":"center center","background-size":"auto","background-attachment":"scroll","background-type":"","background-media":"","overlay-type":"","overlay-color":"","overlay-opacity":"","overlay-gradient":""}},"footnotes":""},"categories":[31],"tags":[],"class_list":["post-46350","post","type-post","status-publish","format-standard","has-post-thumbnail","hentry","category-aktuality"],"yoast_head":"<!-- This site is optimized with the Yoast SEO plugin v27.4 - https:\/\/yoast.com\/product\/yoast-seo-wordpress\/ -->\n<title>Rekon\u0161trukcia obrazov sv. Katar\u00edny a sv. Barbory - Pova\u017esk\u00e9 m\u00fazeum<\/title>\n<meta name=\"robots\" content=\"index, follow, max-snippet:-1, max-image-preview:large, max-video-preview:-1\" \/>\n<link rel=\"canonical\" href=\"https:\/\/pmza.sk\/?p=46350\" \/>\n<meta property=\"og:locale\" content=\"sk_SK\" \/>\n<meta property=\"og:type\" content=\"article\" \/>\n<meta property=\"og:title\" content=\"Rekon\u0161trukcia obrazov sv. Katar\u00edny a sv. Barbory - Pova\u017esk\u00e9 m\u00fazeum\" \/>\n<meta property=\"og:description\" content=\"V\u00a0etnologickom fonde Pova\u017esk\u00e9ho m\u00fazea sa nach\u00e1dza ve\u013ea r\u00f4znorod\u00fdch zbierok. Okrem in\u00fdch aj v\u00e4\u010d\u0161ie mno\u017estvo malieb s\u00a0ikonografickou tematikou, ktor\u00e9 vych\u00e1dzali z\u00a0dieln\u00ed \u013eudov\u00fdch majstrov a\u00a0men\u00e1 tvorcov s\u00fa\u00a0m\u00e1lokedy zn\u00e1me. \u201ePo celom Slovensku sa zachovalo zna\u010dn\u00e9 mno\u017estvo tak\u00fdchto obrazov ma\u013eovan\u00fdch na skle, ktor\u00e9 boli sprostredkov\u00e1van\u00e9 podomov\u00fdmi obchodn\u00edkmi a ich\u00a0vznik s\u00favisel aj s\u00a0existenciou niektor\u00fdch skl\u00e1rn\u00ed. Ve\u013ea \u00a0obrazov bolo taktie\u017e importovan\u00fdch [&hellip;]\" \/>\n<meta property=\"og:url\" content=\"https:\/\/pmza.sk\/?p=46350\" \/>\n<meta property=\"og:site_name\" content=\"Pova\u017esk\u00e9 m\u00fazeum\" \/>\n<meta property=\"article:publisher\" content=\"https:\/\/www.facebook.com\/povazskemuzeum\" \/>\n<meta property=\"article:published_time\" content=\"2021-12-01T12:57:07+00:00\" \/>\n<meta property=\"article:modified_time\" content=\"2022-02-23T07:31:17+00:00\" \/>\n<meta property=\"og:image\" content=\"https:\/\/pmza.sk\/wp-content\/uploads\/2021\/12\/Petra-Vlhova-1-web.jpg\" \/>\n\t<meta property=\"og:image:width\" content=\"1024\" \/>\n\t<meta property=\"og:image:height\" content=\"683\" \/>\n\t<meta property=\"og:image:type\" content=\"image\/jpeg\" \/>\n<meta name=\"author\" content=\"Pova\u017esk\u00e9 m\u00fazeum\" \/>\n<meta name=\"twitter:card\" content=\"summary_large_image\" \/>\n<meta name=\"twitter:label1\" content=\"Autor\" \/>\n\t<meta name=\"twitter:data1\" content=\"Pova\u017esk\u00e9 m\u00fazeum\" \/>\n\t<meta name=\"twitter:label2\" content=\"Predpokladan\u00fd \u010das \u010d\u00edtania\" \/>\n\t<meta name=\"twitter:data2\" content=\"2 min\u00faty\" \/>\n<script type=\"application\/ld+json\" class=\"yoast-schema-graph\">{\"@context\":\"https:\\\/\\\/schema.org\",\"@graph\":[{\"@type\":\"Article\",\"@id\":\"https:\\\/\\\/pmza.sk\\\/?p=46350#article\",\"isPartOf\":{\"@id\":\"https:\\\/\\\/pmza.sk\\\/?p=46350\"},\"author\":{\"name\":\"Pova\u017esk\u00e9 m\u00fazeum\",\"@id\":\"https:\\\/\\\/pmza.sk\\\/#\\\/schema\\\/person\\\/595e6a2ce731ea94dcd5d7f50a41ae33\"},\"headline\":\"Rekon\u0161trukcia obrazov sv. Katar\u00edny a sv. Barbory\",\"datePublished\":\"2021-12-01T12:57:07+00:00\",\"dateModified\":\"2022-02-23T07:31:17+00:00\",\"mainEntityOfPage\":{\"@id\":\"https:\\\/\\\/pmza.sk\\\/?p=46350\"},\"wordCount\":418,\"publisher\":{\"@id\":\"https:\\\/\\\/pmza.sk\\\/#organization\"},\"image\":{\"@id\":\"https:\\\/\\\/pmza.sk\\\/?p=46350#primaryimage\"},\"thumbnailUrl\":\"https:\\\/\\\/pmza.sk\\\/wp-content\\\/uploads\\\/2021\\\/12\\\/Petra-Vlhova-1-web.jpg\",\"articleSection\":[\"Aktuality\"],\"inLanguage\":\"sk-SK\"},{\"@type\":\"WebPage\",\"@id\":\"https:\\\/\\\/pmza.sk\\\/?p=46350\",\"url\":\"https:\\\/\\\/pmza.sk\\\/?p=46350\",\"name\":\"Rekon\u0161trukcia obrazov sv. Katar\u00edny a sv. Barbory - Pova\u017esk\u00e9 m\u00fazeum\",\"isPartOf\":{\"@id\":\"https:\\\/\\\/pmza.sk\\\/#website\"},\"primaryImageOfPage\":{\"@id\":\"https:\\\/\\\/pmza.sk\\\/?p=46350#primaryimage\"},\"image\":{\"@id\":\"https:\\\/\\\/pmza.sk\\\/?p=46350#primaryimage\"},\"thumbnailUrl\":\"https:\\\/\\\/pmza.sk\\\/wp-content\\\/uploads\\\/2021\\\/12\\\/Petra-Vlhova-1-web.jpg\",\"datePublished\":\"2021-12-01T12:57:07+00:00\",\"dateModified\":\"2022-02-23T07:31:17+00:00\",\"breadcrumb\":{\"@id\":\"https:\\\/\\\/pmza.sk\\\/?p=46350#breadcrumb\"},\"inLanguage\":\"sk-SK\",\"potentialAction\":[{\"@type\":\"ReadAction\",\"target\":[\"https:\\\/\\\/pmza.sk\\\/?p=46350\"]}]},{\"@type\":\"ImageObject\",\"inLanguage\":\"sk-SK\",\"@id\":\"https:\\\/\\\/pmza.sk\\\/?p=46350#primaryimage\",\"url\":\"https:\\\/\\\/pmza.sk\\\/wp-content\\\/uploads\\\/2021\\\/12\\\/Petra-Vlhova-1-web.jpg\",\"contentUrl\":\"https:\\\/\\\/pmza.sk\\\/wp-content\\\/uploads\\\/2021\\\/12\\\/Petra-Vlhova-1-web.jpg\",\"width\":1024,\"height\":683},{\"@type\":\"BreadcrumbList\",\"@id\":\"https:\\\/\\\/pmza.sk\\\/?p=46350#breadcrumb\",\"itemListElement\":[{\"@type\":\"ListItem\",\"position\":1,\"name\":\"Domovsk\u00e1 str\u00e1nka\",\"item\":\"https:\\\/\\\/pmza.sk\\\/\"},{\"@type\":\"ListItem\",\"position\":2,\"name\":\"Rekon\u0161trukcia obrazov sv. Katar\u00edny a sv. Barbory\"}]},{\"@type\":\"WebSite\",\"@id\":\"https:\\\/\\\/pmza.sk\\\/#website\",\"url\":\"https:\\\/\\\/pmza.sk\\\/\",\"name\":\"Pova\u017esk\u00e9 m\u00fazeum\",\"description\":\"Pova\u017esk\u00e9 m\u00fazeum v \u017diline je region\u00e1lne m\u00fazeum so s\u00eddlom v Budat\u00edne. Jeho expoz\u00edcie s\u00fa zameran\u00e9 na dejiny slovensk\u00e9ho umenia, kult\u00fary a dopravy.\",\"publisher\":{\"@id\":\"https:\\\/\\\/pmza.sk\\\/#organization\"},\"potentialAction\":[{\"@type\":\"SearchAction\",\"target\":{\"@type\":\"EntryPoint\",\"urlTemplate\":\"https:\\\/\\\/pmza.sk\\\/?s={search_term_string}\"},\"query-input\":{\"@type\":\"PropertyValueSpecification\",\"valueRequired\":true,\"valueName\":\"search_term_string\"}}],\"inLanguage\":\"sk-SK\"},{\"@type\":\"Organization\",\"@id\":\"https:\\\/\\\/pmza.sk\\\/#organization\",\"name\":\"Pova\u017esk\u00e9 m\u00fazeum\",\"url\":\"https:\\\/\\\/pmza.sk\\\/\",\"logo\":{\"@type\":\"ImageObject\",\"inLanguage\":\"sk-SK\",\"@id\":\"https:\\\/\\\/pmza.sk\\\/#\\\/schema\\\/logo\\\/image\\\/\",\"url\":\"https:\\\/\\\/pmza.sk\\\/wp-content\\\/uploads\\\/2022\\\/01\\\/logo_PM_horizontal.jpg\",\"contentUrl\":\"https:\\\/\\\/pmza.sk\\\/wp-content\\\/uploads\\\/2022\\\/01\\\/logo_PM_horizontal.jpg\",\"width\":231,\"height\":142,\"caption\":\"Pova\u017esk\u00e9 m\u00fazeum\"},\"image\":{\"@id\":\"https:\\\/\\\/pmza.sk\\\/#\\\/schema\\\/logo\\\/image\\\/\"},\"sameAs\":[\"https:\\\/\\\/www.facebook.com\\\/povazskemuzeum\",\"https:\\\/\\\/www.instagram.com\\\/povazskemuzeum\\\/\"]},{\"@type\":\"Person\",\"@id\":\"https:\\\/\\\/pmza.sk\\\/#\\\/schema\\\/person\\\/595e6a2ce731ea94dcd5d7f50a41ae33\",\"name\":\"Pova\u017esk\u00e9 m\u00fazeum\",\"image\":{\"@type\":\"ImageObject\",\"inLanguage\":\"sk-SK\",\"@id\":\"https:\\\/\\\/secure.gravatar.com\\\/avatar\\\/2bb7f1561282132fb5826dfeccc66c7996d11ee392ac6aaf7ced8a1c2027fbb2?s=96&d=mm&r=g\",\"url\":\"https:\\\/\\\/secure.gravatar.com\\\/avatar\\\/2bb7f1561282132fb5826dfeccc66c7996d11ee392ac6aaf7ced8a1c2027fbb2?s=96&d=mm&r=g\",\"contentUrl\":\"https:\\\/\\\/secure.gravatar.com\\\/avatar\\\/2bb7f1561282132fb5826dfeccc66c7996d11ee392ac6aaf7ced8a1c2027fbb2?s=96&d=mm&r=g\",\"caption\":\"Pova\u017esk\u00e9 m\u00fazeum\"}}]}<\/script>\n<!-- \/ Yoast SEO plugin. -->","yoast_head_json":{"title":"Rekon\u0161trukcia obrazov sv. Katar\u00edny a sv. Barbory - Pova\u017esk\u00e9 m\u00fazeum","robots":{"index":"index","follow":"follow","max-snippet":"max-snippet:-1","max-image-preview":"max-image-preview:large","max-video-preview":"max-video-preview:-1"},"canonical":"https:\/\/pmza.sk\/?p=46350","og_locale":"sk_SK","og_type":"article","og_title":"Rekon\u0161trukcia obrazov sv. Katar\u00edny a sv. Barbory - Pova\u017esk\u00e9 m\u00fazeum","og_description":"V\u00a0etnologickom fonde Pova\u017esk\u00e9ho m\u00fazea sa nach\u00e1dza ve\u013ea r\u00f4znorod\u00fdch zbierok. Okrem in\u00fdch aj v\u00e4\u010d\u0161ie mno\u017estvo malieb s\u00a0ikonografickou tematikou, ktor\u00e9 vych\u00e1dzali z\u00a0dieln\u00ed \u013eudov\u00fdch majstrov a\u00a0men\u00e1 tvorcov s\u00fa\u00a0m\u00e1lokedy zn\u00e1me. \u201ePo celom Slovensku sa zachovalo zna\u010dn\u00e9 mno\u017estvo tak\u00fdchto obrazov ma\u013eovan\u00fdch na skle, ktor\u00e9 boli sprostredkov\u00e1van\u00e9 podomov\u00fdmi obchodn\u00edkmi a ich\u00a0vznik s\u00favisel aj s\u00a0existenciou niektor\u00fdch skl\u00e1rn\u00ed. Ve\u013ea \u00a0obrazov bolo taktie\u017e importovan\u00fdch [&hellip;]","og_url":"https:\/\/pmza.sk\/?p=46350","og_site_name":"Pova\u017esk\u00e9 m\u00fazeum","article_publisher":"https:\/\/www.facebook.com\/povazskemuzeum","article_published_time":"2021-12-01T12:57:07+00:00","article_modified_time":"2022-02-23T07:31:17+00:00","og_image":[{"width":1024,"height":683,"url":"https:\/\/pmza.sk\/wp-content\/uploads\/2021\/12\/Petra-Vlhova-1-web.jpg","type":"image\/jpeg"}],"author":"Pova\u017esk\u00e9 m\u00fazeum","twitter_card":"summary_large_image","twitter_misc":{"Autor":"Pova\u017esk\u00e9 m\u00fazeum","Predpokladan\u00fd \u010das \u010d\u00edtania":"2 min\u00faty"},"schema":{"@context":"https:\/\/schema.org","@graph":[{"@type":"Article","@id":"https:\/\/pmza.sk\/?p=46350#article","isPartOf":{"@id":"https:\/\/pmza.sk\/?p=46350"},"author":{"name":"Pova\u017esk\u00e9 m\u00fazeum","@id":"https:\/\/pmza.sk\/#\/schema\/person\/595e6a2ce731ea94dcd5d7f50a41ae33"},"headline":"Rekon\u0161trukcia obrazov sv. Katar\u00edny a sv. Barbory","datePublished":"2021-12-01T12:57:07+00:00","dateModified":"2022-02-23T07:31:17+00:00","mainEntityOfPage":{"@id":"https:\/\/pmza.sk\/?p=46350"},"wordCount":418,"publisher":{"@id":"https:\/\/pmza.sk\/#organization"},"image":{"@id":"https:\/\/pmza.sk\/?p=46350#primaryimage"},"thumbnailUrl":"https:\/\/pmza.sk\/wp-content\/uploads\/2021\/12\/Petra-Vlhova-1-web.jpg","articleSection":["Aktuality"],"inLanguage":"sk-SK"},{"@type":"WebPage","@id":"https:\/\/pmza.sk\/?p=46350","url":"https:\/\/pmza.sk\/?p=46350","name":"Rekon\u0161trukcia obrazov sv. Katar\u00edny a sv. Barbory - Pova\u017esk\u00e9 m\u00fazeum","isPartOf":{"@id":"https:\/\/pmza.sk\/#website"},"primaryImageOfPage":{"@id":"https:\/\/pmza.sk\/?p=46350#primaryimage"},"image":{"@id":"https:\/\/pmza.sk\/?p=46350#primaryimage"},"thumbnailUrl":"https:\/\/pmza.sk\/wp-content\/uploads\/2021\/12\/Petra-Vlhova-1-web.jpg","datePublished":"2021-12-01T12:57:07+00:00","dateModified":"2022-02-23T07:31:17+00:00","breadcrumb":{"@id":"https:\/\/pmza.sk\/?p=46350#breadcrumb"},"inLanguage":"sk-SK","potentialAction":[{"@type":"ReadAction","target":["https:\/\/pmza.sk\/?p=46350"]}]},{"@type":"ImageObject","inLanguage":"sk-SK","@id":"https:\/\/pmza.sk\/?p=46350#primaryimage","url":"https:\/\/pmza.sk\/wp-content\/uploads\/2021\/12\/Petra-Vlhova-1-web.jpg","contentUrl":"https:\/\/pmza.sk\/wp-content\/uploads\/2021\/12\/Petra-Vlhova-1-web.jpg","width":1024,"height":683},{"@type":"BreadcrumbList","@id":"https:\/\/pmza.sk\/?p=46350#breadcrumb","itemListElement":[{"@type":"ListItem","position":1,"name":"Domovsk\u00e1 str\u00e1nka","item":"https:\/\/pmza.sk\/"},{"@type":"ListItem","position":2,"name":"Rekon\u0161trukcia obrazov sv. Katar\u00edny a sv. Barbory"}]},{"@type":"WebSite","@id":"https:\/\/pmza.sk\/#website","url":"https:\/\/pmza.sk\/","name":"Pova\u017esk\u00e9 m\u00fazeum","description":"Pova\u017esk\u00e9 m\u00fazeum v \u017diline je region\u00e1lne m\u00fazeum so s\u00eddlom v Budat\u00edne. Jeho expoz\u00edcie s\u00fa zameran\u00e9 na dejiny slovensk\u00e9ho umenia, kult\u00fary a dopravy.","publisher":{"@id":"https:\/\/pmza.sk\/#organization"},"potentialAction":[{"@type":"SearchAction","target":{"@type":"EntryPoint","urlTemplate":"https:\/\/pmza.sk\/?s={search_term_string}"},"query-input":{"@type":"PropertyValueSpecification","valueRequired":true,"valueName":"search_term_string"}}],"inLanguage":"sk-SK"},{"@type":"Organization","@id":"https:\/\/pmza.sk\/#organization","name":"Pova\u017esk\u00e9 m\u00fazeum","url":"https:\/\/pmza.sk\/","logo":{"@type":"ImageObject","inLanguage":"sk-SK","@id":"https:\/\/pmza.sk\/#\/schema\/logo\/image\/","url":"https:\/\/pmza.sk\/wp-content\/uploads\/2022\/01\/logo_PM_horizontal.jpg","contentUrl":"https:\/\/pmza.sk\/wp-content\/uploads\/2022\/01\/logo_PM_horizontal.jpg","width":231,"height":142,"caption":"Pova\u017esk\u00e9 m\u00fazeum"},"image":{"@id":"https:\/\/pmza.sk\/#\/schema\/logo\/image\/"},"sameAs":["https:\/\/www.facebook.com\/povazskemuzeum","https:\/\/www.instagram.com\/povazskemuzeum\/"]},{"@type":"Person","@id":"https:\/\/pmza.sk\/#\/schema\/person\/595e6a2ce731ea94dcd5d7f50a41ae33","name":"Pova\u017esk\u00e9 m\u00fazeum","image":{"@type":"ImageObject","inLanguage":"sk-SK","@id":"https:\/\/secure.gravatar.com\/avatar\/2bb7f1561282132fb5826dfeccc66c7996d11ee392ac6aaf7ced8a1c2027fbb2?s=96&d=mm&r=g","url":"https:\/\/secure.gravatar.com\/avatar\/2bb7f1561282132fb5826dfeccc66c7996d11ee392ac6aaf7ced8a1c2027fbb2?s=96&d=mm&r=g","contentUrl":"https:\/\/secure.gravatar.com\/avatar\/2bb7f1561282132fb5826dfeccc66c7996d11ee392ac6aaf7ced8a1c2027fbb2?s=96&d=mm&r=g","caption":"Pova\u017esk\u00e9 m\u00fazeum"}}]}},"_links":{"self":[{"href":"https:\/\/pmza.sk\/index.php?rest_route=\/wp\/v2\/posts\/46350","targetHints":{"allow":["GET"]}}],"collection":[{"href":"https:\/\/pmza.sk\/index.php?rest_route=\/wp\/v2\/posts"}],"about":[{"href":"https:\/\/pmza.sk\/index.php?rest_route=\/wp\/v2\/types\/post"}],"author":[{"embeddable":true,"href":"https:\/\/pmza.sk\/index.php?rest_route=\/wp\/v2\/users\/2"}],"replies":[{"embeddable":true,"href":"https:\/\/pmza.sk\/index.php?rest_route=%2Fwp%2Fv2%2Fcomments&post=46350"}],"version-history":[{"count":0,"href":"https:\/\/pmza.sk\/index.php?rest_route=\/wp\/v2\/posts\/46350\/revisions"}],"wp:featuredmedia":[{"embeddable":true,"href":"https:\/\/pmza.sk\/index.php?rest_route=\/wp\/v2\/media\/46351"}],"wp:attachment":[{"href":"https:\/\/pmza.sk\/index.php?rest_route=%2Fwp%2Fv2%2Fmedia&parent=46350"}],"wp:term":[{"taxonomy":"category","embeddable":true,"href":"https:\/\/pmza.sk\/index.php?rest_route=%2Fwp%2Fv2%2Fcategories&post=46350"},{"taxonomy":"post_tag","embeddable":true,"href":"https:\/\/pmza.sk\/index.php?rest_route=%2Fwp%2Fv2%2Ftags&post=46350"}],"curies":[{"name":"wp","href":"https:\/\/api.w.org\/{rel}","templated":true}]}}