{"id":4645,"date":"2011-12-14T15:36:32","date_gmt":"2011-12-14T14:36:32","guid":{"rendered":"https:\/\/pmza.sk.sk\/?p=4645"},"modified":"2011-12-14T15:36:32","modified_gmt":"2011-12-14T14:36:32","slug":"vianocne-stretnutie-v-cicmanoch","status":"publish","type":"post","link":"https:\/\/pmza.sk\/?p=4645","title":{"rendered":"Viano\u010dn\u00e9 stretnutie v \u010ci\u010dmanoch"},"content":{"rendered":"<p><strong><\/strong><a href=\"https:\/\/pmza.sk\/wp-content\/uploads\/2011\/12\/vymalba-Radenovho-domu-scaled-1.jpg\"><img fetchpriority=\"high\" decoding=\"async\" class=\"alignleft size-medium wp-image-4646\" style=\"margin: 4px; border: 2px solid black;\" title=\"vymalba Radenovho domu\" src=\"https:\/\/pmza.sk.sk\/wp-content\/uploads\/2011\/12\/vymalba-Radenovho-domu-200x300.jpg\" alt=\"\" width=\"200\" height=\"300\" \/><\/a><span style=\"color: #ff0000;\"><\/span><\/p>\n<p>Pri pr\u00edle\u017eitosti ukon\u010denia obnovy Objektov \u013eudovej architekt\u00fary v\u00a0\u010ci\u010dmanoch, Pova\u017esk\u00e9 m\u00fazeum v\u00a0\u017diline v\u00a0spolupr\u00e1ci s\u00a0partnermi pripravilo v\u00a0utorok 20. decembra 2012 o\u00a016,00h \u00a0viano\u010dn\u00e9 stretnutie v\u00a0Radenovom dome, kde sa uskuto\u010dn\u00ed prezent\u00e1cia obnovy oboch \u010di\u010dmianskych domov, ktor\u00e9 m\u00fazeum spravuje. \u201e<em>V\u00a0roku 2010 v\u00a0kontexte schv\u00e1len\u00e9ho projektu dota\u010dn\u00e9ho syst\u00e9mu MK SR \u00a0a\u00a0tie\u017e s\u00a0pou\u017eit\u00edm vlastn\u00fdch finan\u010dn\u00fdch zdrojov bola ukon\u010den\u00e1 z\u00e1chrana Radenovho domu v\u00a0\u010ci\u010dmanoch. <!--more-->Z\u00e1merom z\u00e1chrany bolo predov\u0161etk\u00fdm zachovanie autenticity jedine\u010dnej architekt\u00fary posledn\u00e9ho existuj\u00faceho pavla\u010dov\u00e9ho objektu \u010diasto\u010dnou rekon\u0161trukciou a\u00a0v\u00fdmenou po\u0161koden\u00fdch prvkov, ktor\u00e9 u\u017e nebolo mo\u017en\u00e9 zachr\u00e1ni\u0165 a\u00a0ktor\u00e9 ohrozovali trv\u00e1cnos\u0165 stavby<\/em>,\u201c povedal Boris Schubert, riadite\u013e Pova\u017esk\u00e9ho m\u00fazea v\u00a0\u017diline. Radenov dom s\u00a0vynovenou expoz\u00edciou a\u00a0priestorom pre do\u010dasn\u00e9 v\u00fdstavy bol op\u00e4tovne otvoren\u00fd verejnosti v\u00a0decembri 2010.<br \/>\nNa jar 2011 mikroprojekt cezhrani\u010dnej spolupr\u00e1ce PL-SR umo\u017enil za\u010da\u0165 opravu kon\u0161trukcie zrubov\u00e9ho domu \u010d.42, ktor\u00e1 zah\u0155\u0148ala aj obnovu interi\u00e9ru. \u201e <em>Obnovu Domu \u010d. 42, naz\u00fdvan\u00e9ho pod\u013ea jedn\u00e9ho z\u00a0majite\u013eov aj Gregorovce, si vy\u017eiadal stav takmer storo\u010dn\u00e9ho objektu, ktor\u00fd s\u00a0v\u00fdnimkou v\u00fdmeny dreven\u00e9ho \u0161ind\u013ea, nikdy nebol rekon\u0161truovan\u00fd. Taktie\u017e bola po dvadsiatich dvoch rokoch komplexne zrevitalizovan\u00e1 expoz\u00edcia venovan\u00e1 sp\u00f4sobu b\u00fdvania tradi\u010dnej \u010di\u010dmianskej rodiny,<\/em>\u201c povedala Katar\u00edna Koz\u00e1kov\u00e1, etnologi\u010dka m\u00fazea a\u00a0realiz\u00e1torka projektu. Len pre zauj\u00edmavos\u0165, v\u00a0jednom z\u00a0vymie\u0148an\u00fdch tr\u00e1mov sa na\u0161lo strelivo z obdobia druhej svetovej vojny, kedy v\u00a0\u010ci\u010dmanoch prebiehali oslobodzovacie boje, a\u00a0v\u00a0d\u00f4sledku ktor\u00fdch ve\u013ek\u00e1 \u010das\u0165 domov bola zni\u010den\u00e1 po\u017eiarom.<\/p>\n<p>Poslednou tohoro\u010dnou aktivitou obnovy Objektov \u013eudovej architekt\u00fary v\u00a0\u010ci\u010dmanoch bola ornament\u00e1lna v\u00fdma\u013eba Radenovho domu, ktor\u00e1 sa uskuto\u010dnila v\u00a0septembri 2011 s\u00a0pomocou nen\u00e1vratn\u00e9ho finan\u010dn\u00e9ho pr\u00edspevku Nad\u00e1cie Kubikum a v\u00a0spolupr\u00e1ci so S\u00fakromnou strednou umeleckou \u0161kolou v\u00a0\u017diline. Hlavn\u00fdm cie\u013eom projektu v\u00fdma\u013eby bolo obnovi\u0165 p\u00f4vodn\u00fa ornamentiku Radenovho domu na z\u00e1klade zachovanej fotodokument\u00e1cie zo za\u010diatku 20. storo\u010dia,\u00a0ktor\u00e1 bola charakteristick\u00e1 pre pavla\u010dov\u00e9 domy. Napriek tomuto z\u00e1meru sa Radenov dom \u00a0musel vyma\u013eova\u0165 do podoby, v\u00a0akej ho poznaj\u00fa s\u00fa\u010dasn\u00ed n\u00e1v\u0161tevn\u00edci \u010ci\u010dmian.<em> \u201ePre \u0161tudentov na\u0161ej \u0161koly to bola jedine\u010dn\u00e1 pr\u00edle\u017eitos\u0165 z\u00edska\u0165 praktick\u00e9 v\u00fdtvarn\u00e9 sk\u00fasenosti z\u00a0obnovy pamiatkov\u00e9ho objektu a\u00a0uplatni\u0165 teoretick\u00e9 vedomosti v\u00a0praxi. Z\u00e1rove\u0148 v\u00a0r\u00e1mci vyu\u010dovacieho predmetu Dejiny v\u00fdtvarnej kult\u00fary<\/em> <em>sa nau\u010dili budova\u0165 vz\u0165ah k\u00a0tradi\u010dnej \u013eudovej architekt\u00fare<\/em>,\u201c dodal na z\u00e1ver V\u00e1clav \u00a0Dost\u00e1lek, riadite\u013e \u0161koly.<\/p>\n<p>Viano\u010dn\u00e9 stretnutie pri pr\u00edle\u017eitosti ukon\u010denia obnovy Objektov \u013eudovej architekt\u00fary v\u00a0\u010ci\u010dmanoch s\u00a0hudbou a\u00a0ob\u010derstven\u00edm sa uskuto\u010dn\u00ed v\u00a0<strong>utorok 20. decembra 2011 o\u00a016,00h<\/strong> <strong>v\u00a0Radenovom dome<\/strong>. Organiz\u00e1tormi s\u00fa \u017dilinsk\u00fd samospr\u00e1vny kraj, Pova\u017esk\u00e9 m\u00fazeum v\u00a0\u017diline, Nad\u00e1cia Kubikum a\u00a0S\u00fakromn\u00e1 stredn\u00e1 umeleck\u00e1 \u0161kola v\u00a0\u017diline.<\/p>\n","protected":false},"excerpt":{"rendered":"<p>Pri pr\u00edle\u017eitosti ukon\u010denia obnovy Objektov \u013eudovej architekt\u00fary v\u00a0\u010ci\u010dmanoch, Pova\u017esk\u00e9 m\u00fazeum v\u00a0\u017diline v\u00a0spolupr\u00e1ci s\u00a0partnermi pripravilo v\u00a0utorok 20. decembra 2012 o\u00a016,00h \u00a0viano\u010dn\u00e9 stretnutie v\u00a0Radenovom dome, kde sa uskuto\u010dn\u00ed prezent\u00e1cia obnovy oboch \u010di\u010dmianskych domov, ktor\u00e9 m\u00fazeum spravuje. \u201eV\u00a0roku 2010 v\u00a0kontexte schv\u00e1len\u00e9ho projektu dota\u010dn\u00e9ho syst\u00e9mu MK SR \u00a0a\u00a0tie\u017e s\u00a0pou\u017eit\u00edm vlastn\u00fdch finan\u010dn\u00fdch zdrojov bola ukon\u010den\u00e1 z\u00e1chrana Radenovho domu v\u00a0\u010ci\u010dmanoch.<\/p>\n","protected":false},"author":1,"featured_media":0,"comment_status":"closed","ping_status":"closed","sticky":false,"template":"","format":"standard","meta":{"site-sidebar-layout":"default","site-content-layout":"","ast-site-content-layout":"","site-content-style":"default","site-sidebar-style":"default","ast-global-header-display":"","ast-banner-title-visibility":"","ast-main-header-display":"","ast-hfb-above-header-display":"","ast-hfb-below-header-display":"","ast-hfb-mobile-header-display":"","site-post-title":"","ast-breadcrumbs-content":"","ast-featured-img":"","footer-sml-layout":"","theme-transparent-header-meta":"","adv-header-id-meta":"","stick-header-meta":"","header-above-stick-meta":"","header-main-stick-meta":"","header-below-stick-meta":"","astra-migrate-meta-layouts":"default","ast-page-background-enabled":"default","ast-page-background-meta":{"desktop":{"background-color":"var(--ast-global-color-4)","background-image":"","background-repeat":"repeat","background-position":"center center","background-size":"auto","background-attachment":"scroll","background-type":"","background-media":"","overlay-type":"","overlay-color":"","overlay-opacity":"","overlay-gradient":""},"tablet":{"background-color":"","background-image":"","background-repeat":"repeat","background-position":"center center","background-size":"auto","background-attachment":"scroll","background-type":"","background-media":"","overlay-type":"","overlay-color":"","overlay-opacity":"","overlay-gradient":""},"mobile":{"background-color":"","background-image":"","background-repeat":"repeat","background-position":"center center","background-size":"auto","background-attachment":"scroll","background-type":"","background-media":"","overlay-type":"","overlay-color":"","overlay-opacity":"","overlay-gradient":""}},"ast-content-background-meta":{"desktop":{"background-color":"var(--ast-global-color-5)","background-image":"","background-repeat":"repeat","background-position":"center center","background-size":"auto","background-attachment":"scroll","background-type":"","background-media":"","overlay-type":"","overlay-color":"","overlay-opacity":"","overlay-gradient":""},"tablet":{"background-color":"var(--ast-global-color-5)","background-image":"","background-repeat":"repeat","background-position":"center center","background-size":"auto","background-attachment":"scroll","background-type":"","background-media":"","overlay-type":"","overlay-color":"","overlay-opacity":"","overlay-gradient":""},"mobile":{"background-color":"var(--ast-global-color-5)","background-image":"","background-repeat":"repeat","background-position":"center center","background-size":"auto","background-attachment":"scroll","background-type":"","background-media":"","overlay-type":"","overlay-color":"","overlay-opacity":"","overlay-gradient":""}},"footnotes":""},"categories":[30],"tags":[],"class_list":["post-4645","post","type-post","status-publish","format-standard","hentry","category-archiv-2011"],"yoast_head":"<!-- This site is optimized with the Yoast SEO plugin v27.4 - https:\/\/yoast.com\/product\/yoast-seo-wordpress\/ -->\n<title>Viano\u010dn\u00e9 stretnutie v \u010ci\u010dmanoch - Pova\u017esk\u00e9 m\u00fazeum<\/title>\n<meta name=\"robots\" content=\"index, follow, max-snippet:-1, max-image-preview:large, max-video-preview:-1\" \/>\n<link rel=\"canonical\" href=\"https:\/\/pmza.sk\/?p=4645\" \/>\n<meta property=\"og:locale\" content=\"sk_SK\" \/>\n<meta property=\"og:type\" content=\"article\" \/>\n<meta property=\"og:title\" content=\"Viano\u010dn\u00e9 stretnutie v \u010ci\u010dmanoch - Pova\u017esk\u00e9 m\u00fazeum\" \/>\n<meta property=\"og:description\" content=\"Pri pr\u00edle\u017eitosti ukon\u010denia obnovy Objektov \u013eudovej architekt\u00fary v\u00a0\u010ci\u010dmanoch, Pova\u017esk\u00e9 m\u00fazeum v\u00a0\u017diline v\u00a0spolupr\u00e1ci s\u00a0partnermi pripravilo v\u00a0utorok 20. decembra 2012 o\u00a016,00h \u00a0viano\u010dn\u00e9 stretnutie v\u00a0Radenovom dome, kde sa uskuto\u010dn\u00ed prezent\u00e1cia obnovy oboch \u010di\u010dmianskych domov, ktor\u00e9 m\u00fazeum spravuje. \u201eV\u00a0roku 2010 v\u00a0kontexte schv\u00e1len\u00e9ho projektu dota\u010dn\u00e9ho syst\u00e9mu MK SR \u00a0a\u00a0tie\u017e s\u00a0pou\u017eit\u00edm vlastn\u00fdch finan\u010dn\u00fdch zdrojov bola ukon\u010den\u00e1 z\u00e1chrana Radenovho domu v\u00a0\u010ci\u010dmanoch.\" \/>\n<meta property=\"og:url\" content=\"https:\/\/pmza.sk\/?p=4645\" \/>\n<meta property=\"og:site_name\" content=\"Pova\u017esk\u00e9 m\u00fazeum\" \/>\n<meta property=\"article:publisher\" content=\"https:\/\/www.facebook.com\/povazskemuzeum\" \/>\n<meta property=\"article:published_time\" content=\"2011-12-14T14:36:32+00:00\" \/>\n<meta property=\"og:image\" content=\"https:\/\/pmza.sk.sk\/wp-content\/uploads\/2011\/12\/vymalba-Radenovho-domu-200x300.jpg\" \/>\n<meta name=\"author\" content=\"libor\" \/>\n<meta name=\"twitter:card\" content=\"summary_large_image\" \/>\n<meta name=\"twitter:label1\" content=\"Autor\" \/>\n\t<meta name=\"twitter:data1\" content=\"libor\" \/>\n\t<meta name=\"twitter:label2\" content=\"Predpokladan\u00fd \u010das \u010d\u00edtania\" \/>\n\t<meta name=\"twitter:data2\" content=\"3 min\u00faty\" \/>\n<script type=\"application\/ld+json\" class=\"yoast-schema-graph\">{\"@context\":\"https:\\\/\\\/schema.org\",\"@graph\":[{\"@type\":\"Article\",\"@id\":\"https:\\\/\\\/pmza.sk\\\/?p=4645#article\",\"isPartOf\":{\"@id\":\"https:\\\/\\\/pmza.sk\\\/?p=4645\"},\"author\":{\"name\":\"libor\",\"@id\":\"https:\\\/\\\/pmza.sk\\\/#\\\/schema\\\/person\\\/f0b923a9aa8e1f67feef0d7cd9afde35\"},\"headline\":\"Viano\u010dn\u00e9 stretnutie v \u010ci\u010dmanoch\",\"datePublished\":\"2011-12-14T14:36:32+00:00\",\"mainEntityOfPage\":{\"@id\":\"https:\\\/\\\/pmza.sk\\\/?p=4645\"},\"wordCount\":541,\"publisher\":{\"@id\":\"https:\\\/\\\/pmza.sk\\\/#organization\"},\"image\":{\"@id\":\"https:\\\/\\\/pmza.sk\\\/?p=4645#primaryimage\"},\"thumbnailUrl\":\"http:\\\/\\\/pmza.sk.sk\\\/wp-content\\\/uploads\\\/2011\\\/12\\\/vymalba-Radenovho-domu-200x300.jpg\",\"articleSection\":[\"Arch\u00edv 2011\"],\"inLanguage\":\"sk-SK\"},{\"@type\":\"WebPage\",\"@id\":\"https:\\\/\\\/pmza.sk\\\/?p=4645\",\"url\":\"https:\\\/\\\/pmza.sk\\\/?p=4645\",\"name\":\"Viano\u010dn\u00e9 stretnutie v \u010ci\u010dmanoch - Pova\u017esk\u00e9 m\u00fazeum\",\"isPartOf\":{\"@id\":\"https:\\\/\\\/pmza.sk\\\/#website\"},\"primaryImageOfPage\":{\"@id\":\"https:\\\/\\\/pmza.sk\\\/?p=4645#primaryimage\"},\"image\":{\"@id\":\"https:\\\/\\\/pmza.sk\\\/?p=4645#primaryimage\"},\"thumbnailUrl\":\"http:\\\/\\\/pmza.sk.sk\\\/wp-content\\\/uploads\\\/2011\\\/12\\\/vymalba-Radenovho-domu-200x300.jpg\",\"datePublished\":\"2011-12-14T14:36:32+00:00\",\"breadcrumb\":{\"@id\":\"https:\\\/\\\/pmza.sk\\\/?p=4645#breadcrumb\"},\"inLanguage\":\"sk-SK\",\"potentialAction\":[{\"@type\":\"ReadAction\",\"target\":[\"https:\\\/\\\/pmza.sk\\\/?p=4645\"]}]},{\"@type\":\"ImageObject\",\"inLanguage\":\"sk-SK\",\"@id\":\"https:\\\/\\\/pmza.sk\\\/?p=4645#primaryimage\",\"url\":\"http:\\\/\\\/pmza.sk.sk\\\/wp-content\\\/uploads\\\/2011\\\/12\\\/vymalba-Radenovho-domu-200x300.jpg\",\"contentUrl\":\"http:\\\/\\\/pmza.sk.sk\\\/wp-content\\\/uploads\\\/2011\\\/12\\\/vymalba-Radenovho-domu-200x300.jpg\"},{\"@type\":\"BreadcrumbList\",\"@id\":\"https:\\\/\\\/pmza.sk\\\/?p=4645#breadcrumb\",\"itemListElement\":[{\"@type\":\"ListItem\",\"position\":1,\"name\":\"Domovsk\u00e1 str\u00e1nka\",\"item\":\"https:\\\/\\\/pmza.sk\\\/\"},{\"@type\":\"ListItem\",\"position\":2,\"name\":\"Viano\u010dn\u00e9 stretnutie v \u010ci\u010dmanoch\"}]},{\"@type\":\"WebSite\",\"@id\":\"https:\\\/\\\/pmza.sk\\\/#website\",\"url\":\"https:\\\/\\\/pmza.sk\\\/\",\"name\":\"Pova\u017esk\u00e9 m\u00fazeum\",\"description\":\"Pova\u017esk\u00e9 m\u00fazeum v \u017diline je region\u00e1lne m\u00fazeum so s\u00eddlom v Budat\u00edne. Jeho expoz\u00edcie s\u00fa zameran\u00e9 na dejiny slovensk\u00e9ho umenia, kult\u00fary a dopravy.\",\"publisher\":{\"@id\":\"https:\\\/\\\/pmza.sk\\\/#organization\"},\"potentialAction\":[{\"@type\":\"SearchAction\",\"target\":{\"@type\":\"EntryPoint\",\"urlTemplate\":\"https:\\\/\\\/pmza.sk\\\/?s={search_term_string}\"},\"query-input\":{\"@type\":\"PropertyValueSpecification\",\"valueRequired\":true,\"valueName\":\"search_term_string\"}}],\"inLanguage\":\"sk-SK\"},{\"@type\":\"Organization\",\"@id\":\"https:\\\/\\\/pmza.sk\\\/#organization\",\"name\":\"Pova\u017esk\u00e9 m\u00fazeum\",\"url\":\"https:\\\/\\\/pmza.sk\\\/\",\"logo\":{\"@type\":\"ImageObject\",\"inLanguage\":\"sk-SK\",\"@id\":\"https:\\\/\\\/pmza.sk\\\/#\\\/schema\\\/logo\\\/image\\\/\",\"url\":\"https:\\\/\\\/pmza.sk\\\/wp-content\\\/uploads\\\/2022\\\/01\\\/logo_PM_horizontal.jpg\",\"contentUrl\":\"https:\\\/\\\/pmza.sk\\\/wp-content\\\/uploads\\\/2022\\\/01\\\/logo_PM_horizontal.jpg\",\"width\":231,\"height\":142,\"caption\":\"Pova\u017esk\u00e9 m\u00fazeum\"},\"image\":{\"@id\":\"https:\\\/\\\/pmza.sk\\\/#\\\/schema\\\/logo\\\/image\\\/\"},\"sameAs\":[\"https:\\\/\\\/www.facebook.com\\\/povazskemuzeum\",\"https:\\\/\\\/www.instagram.com\\\/povazskemuzeum\\\/\"]},{\"@type\":\"Person\",\"@id\":\"https:\\\/\\\/pmza.sk\\\/#\\\/schema\\\/person\\\/f0b923a9aa8e1f67feef0d7cd9afde35\",\"name\":\"libor\",\"image\":{\"@type\":\"ImageObject\",\"inLanguage\":\"sk-SK\",\"@id\":\"https:\\\/\\\/secure.gravatar.com\\\/avatar\\\/c583dbc698e594aacced1589eb8cf1673bd41d461e8b2ab635484ffc26fee7b0?s=96&d=mm&r=g\",\"url\":\"https:\\\/\\\/secure.gravatar.com\\\/avatar\\\/c583dbc698e594aacced1589eb8cf1673bd41d461e8b2ab635484ffc26fee7b0?s=96&d=mm&r=g\",\"contentUrl\":\"https:\\\/\\\/secure.gravatar.com\\\/avatar\\\/c583dbc698e594aacced1589eb8cf1673bd41d461e8b2ab635484ffc26fee7b0?s=96&d=mm&r=g\",\"caption\":\"libor\"}}]}<\/script>\n<!-- \/ Yoast SEO plugin. -->","yoast_head_json":{"title":"Viano\u010dn\u00e9 stretnutie v \u010ci\u010dmanoch - Pova\u017esk\u00e9 m\u00fazeum","robots":{"index":"index","follow":"follow","max-snippet":"max-snippet:-1","max-image-preview":"max-image-preview:large","max-video-preview":"max-video-preview:-1"},"canonical":"https:\/\/pmza.sk\/?p=4645","og_locale":"sk_SK","og_type":"article","og_title":"Viano\u010dn\u00e9 stretnutie v \u010ci\u010dmanoch - Pova\u017esk\u00e9 m\u00fazeum","og_description":"Pri pr\u00edle\u017eitosti ukon\u010denia obnovy Objektov \u013eudovej architekt\u00fary v\u00a0\u010ci\u010dmanoch, Pova\u017esk\u00e9 m\u00fazeum v\u00a0\u017diline v\u00a0spolupr\u00e1ci s\u00a0partnermi pripravilo v\u00a0utorok 20. decembra 2012 o\u00a016,00h \u00a0viano\u010dn\u00e9 stretnutie v\u00a0Radenovom dome, kde sa uskuto\u010dn\u00ed prezent\u00e1cia obnovy oboch \u010di\u010dmianskych domov, ktor\u00e9 m\u00fazeum spravuje. \u201eV\u00a0roku 2010 v\u00a0kontexte schv\u00e1len\u00e9ho projektu dota\u010dn\u00e9ho syst\u00e9mu MK SR \u00a0a\u00a0tie\u017e s\u00a0pou\u017eit\u00edm vlastn\u00fdch finan\u010dn\u00fdch zdrojov bola ukon\u010den\u00e1 z\u00e1chrana Radenovho domu v\u00a0\u010ci\u010dmanoch.","og_url":"https:\/\/pmza.sk\/?p=4645","og_site_name":"Pova\u017esk\u00e9 m\u00fazeum","article_publisher":"https:\/\/www.facebook.com\/povazskemuzeum","article_published_time":"2011-12-14T14:36:32+00:00","og_image":[{"url":"https:\/\/pmza.sk.sk\/wp-content\/uploads\/2011\/12\/vymalba-Radenovho-domu-200x300.jpg","type":"","width":"","height":""}],"author":"libor","twitter_card":"summary_large_image","twitter_misc":{"Autor":"libor","Predpokladan\u00fd \u010das \u010d\u00edtania":"3 min\u00faty"},"schema":{"@context":"https:\/\/schema.org","@graph":[{"@type":"Article","@id":"https:\/\/pmza.sk\/?p=4645#article","isPartOf":{"@id":"https:\/\/pmza.sk\/?p=4645"},"author":{"name":"libor","@id":"https:\/\/pmza.sk\/#\/schema\/person\/f0b923a9aa8e1f67feef0d7cd9afde35"},"headline":"Viano\u010dn\u00e9 stretnutie v \u010ci\u010dmanoch","datePublished":"2011-12-14T14:36:32+00:00","mainEntityOfPage":{"@id":"https:\/\/pmza.sk\/?p=4645"},"wordCount":541,"publisher":{"@id":"https:\/\/pmza.sk\/#organization"},"image":{"@id":"https:\/\/pmza.sk\/?p=4645#primaryimage"},"thumbnailUrl":"https:\/\/pmza.sk.sk\/wp-content\/uploads\/2011\/12\/vymalba-Radenovho-domu-200x300.jpg","articleSection":["Arch\u00edv 2011"],"inLanguage":"sk-SK"},{"@type":"WebPage","@id":"https:\/\/pmza.sk\/?p=4645","url":"https:\/\/pmza.sk\/?p=4645","name":"Viano\u010dn\u00e9 stretnutie v \u010ci\u010dmanoch - Pova\u017esk\u00e9 m\u00fazeum","isPartOf":{"@id":"https:\/\/pmza.sk\/#website"},"primaryImageOfPage":{"@id":"https:\/\/pmza.sk\/?p=4645#primaryimage"},"image":{"@id":"https:\/\/pmza.sk\/?p=4645#primaryimage"},"thumbnailUrl":"https:\/\/pmza.sk.sk\/wp-content\/uploads\/2011\/12\/vymalba-Radenovho-domu-200x300.jpg","datePublished":"2011-12-14T14:36:32+00:00","breadcrumb":{"@id":"https:\/\/pmza.sk\/?p=4645#breadcrumb"},"inLanguage":"sk-SK","potentialAction":[{"@type":"ReadAction","target":["https:\/\/pmza.sk\/?p=4645"]}]},{"@type":"ImageObject","inLanguage":"sk-SK","@id":"https:\/\/pmza.sk\/?p=4645#primaryimage","url":"https:\/\/pmza.sk.sk\/wp-content\/uploads\/2011\/12\/vymalba-Radenovho-domu-200x300.jpg","contentUrl":"https:\/\/pmza.sk.sk\/wp-content\/uploads\/2011\/12\/vymalba-Radenovho-domu-200x300.jpg"},{"@type":"BreadcrumbList","@id":"https:\/\/pmza.sk\/?p=4645#breadcrumb","itemListElement":[{"@type":"ListItem","position":1,"name":"Domovsk\u00e1 str\u00e1nka","item":"https:\/\/pmza.sk\/"},{"@type":"ListItem","position":2,"name":"Viano\u010dn\u00e9 stretnutie v \u010ci\u010dmanoch"}]},{"@type":"WebSite","@id":"https:\/\/pmza.sk\/#website","url":"https:\/\/pmza.sk\/","name":"Pova\u017esk\u00e9 m\u00fazeum","description":"Pova\u017esk\u00e9 m\u00fazeum v \u017diline je region\u00e1lne m\u00fazeum so s\u00eddlom v Budat\u00edne. Jeho expoz\u00edcie s\u00fa zameran\u00e9 na dejiny slovensk\u00e9ho umenia, kult\u00fary a dopravy.","publisher":{"@id":"https:\/\/pmza.sk\/#organization"},"potentialAction":[{"@type":"SearchAction","target":{"@type":"EntryPoint","urlTemplate":"https:\/\/pmza.sk\/?s={search_term_string}"},"query-input":{"@type":"PropertyValueSpecification","valueRequired":true,"valueName":"search_term_string"}}],"inLanguage":"sk-SK"},{"@type":"Organization","@id":"https:\/\/pmza.sk\/#organization","name":"Pova\u017esk\u00e9 m\u00fazeum","url":"https:\/\/pmza.sk\/","logo":{"@type":"ImageObject","inLanguage":"sk-SK","@id":"https:\/\/pmza.sk\/#\/schema\/logo\/image\/","url":"https:\/\/pmza.sk\/wp-content\/uploads\/2022\/01\/logo_PM_horizontal.jpg","contentUrl":"https:\/\/pmza.sk\/wp-content\/uploads\/2022\/01\/logo_PM_horizontal.jpg","width":231,"height":142,"caption":"Pova\u017esk\u00e9 m\u00fazeum"},"image":{"@id":"https:\/\/pmza.sk\/#\/schema\/logo\/image\/"},"sameAs":["https:\/\/www.facebook.com\/povazskemuzeum","https:\/\/www.instagram.com\/povazskemuzeum\/"]},{"@type":"Person","@id":"https:\/\/pmza.sk\/#\/schema\/person\/f0b923a9aa8e1f67feef0d7cd9afde35","name":"libor","image":{"@type":"ImageObject","inLanguage":"sk-SK","@id":"https:\/\/secure.gravatar.com\/avatar\/c583dbc698e594aacced1589eb8cf1673bd41d461e8b2ab635484ffc26fee7b0?s=96&d=mm&r=g","url":"https:\/\/secure.gravatar.com\/avatar\/c583dbc698e594aacced1589eb8cf1673bd41d461e8b2ab635484ffc26fee7b0?s=96&d=mm&r=g","contentUrl":"https:\/\/secure.gravatar.com\/avatar\/c583dbc698e594aacced1589eb8cf1673bd41d461e8b2ab635484ffc26fee7b0?s=96&d=mm&r=g","caption":"libor"}}]}},"_links":{"self":[{"href":"https:\/\/pmza.sk\/index.php?rest_route=\/wp\/v2\/posts\/4645","targetHints":{"allow":["GET"]}}],"collection":[{"href":"https:\/\/pmza.sk\/index.php?rest_route=\/wp\/v2\/posts"}],"about":[{"href":"https:\/\/pmza.sk\/index.php?rest_route=\/wp\/v2\/types\/post"}],"author":[{"embeddable":true,"href":"https:\/\/pmza.sk\/index.php?rest_route=\/wp\/v2\/users\/1"}],"replies":[{"embeddable":true,"href":"https:\/\/pmza.sk\/index.php?rest_route=%2Fwp%2Fv2%2Fcomments&post=4645"}],"version-history":[{"count":0,"href":"https:\/\/pmza.sk\/index.php?rest_route=\/wp\/v2\/posts\/4645\/revisions"}],"wp:attachment":[{"href":"https:\/\/pmza.sk\/index.php?rest_route=%2Fwp%2Fv2%2Fmedia&parent=4645"}],"wp:term":[{"taxonomy":"category","embeddable":true,"href":"https:\/\/pmza.sk\/index.php?rest_route=%2Fwp%2Fv2%2Fcategories&post=4645"},{"taxonomy":"post_tag","embeddable":true,"href":"https:\/\/pmza.sk\/index.php?rest_route=%2Fwp%2Fv2%2Ftags&post=4645"}],"curies":[{"name":"wp","href":"https:\/\/api.w.org\/{rel}","templated":true}]}}