{"id":46511,"date":"2022-01-19T07:06:36","date_gmt":"2022-01-19T06:06:36","guid":{"rendered":"https:\/\/pmza.sk\/?p=46511"},"modified":"2022-07-07T06:58:24","modified_gmt":"2022-07-07T04:58:24","slug":"vystava-hla-baranok","status":"publish","type":"post","link":"https:\/\/pmza.sk\/?p=46511","title":{"rendered":"V\u00fdstava H\u013ea, Bar\u00e1nok&#8230;"},"content":{"rendered":"<p>Pova\u017esk\u00e9 m\u00fazeum spr\u00edstupnilo v priestoroch Drot\u00e1rskeho pavil\u00f3nu v\u00fdstavu H\u013ea, Bar\u00e1nok&#8230;, ktor\u00e1 predstavuje v\u00fdber z dvadsa\u0165p\u00e4\u0165ro\u010dnej tvorby \u017eilinskej v\u00fdtvarn\u00ed\u010dky Ing. arch. M\u00e1rie Kraj\u010dovej. Autorka je jednou z najv\u00fdraznej\u0161\u00edch osobnost\u00ed komunity s\u00fa\u010dasn\u00fdch umeleck\u00fdch drot\u00e1rov na Slovensku i v \u010cech\u00e1ch a programovo sa hl\u00e1si k tradi\u010dn\u00e9mu drot\u00e1rstvu<em>. <\/em>Jej pr\u00e1ce s\u00fa zast\u00fapen\u00e9 v\u00a0muze\u00e1lnych a\u00a0s\u00fakromn\u00fdch zbierkach na Slovensku i\u00a0v zahrani\u010d\u00ed. <em>\u201eM\u00e1ria Kraj\u010dov\u00e1 \u00fazko spolupracuje s\u00a0Pova\u017esk\u00fdm m\u00fazeom a v\u00a0roku 2016 sme jej dokonca udelili ocenenie Rad zlat\u00fdch klie\u0161t\u00ed za <\/em><em>mimoriadne rozsiahlu a\u00a0v\u0161estrann\u00fa tvorbu vysokej remeselnej a\u00a0duchovnej \u00farovne, d\u00f4sledn\u00e9 dodr\u017eiavanie technologickej \u010distoty, schopnos\u0165 kreat\u00edvne a\u00a0origin\u00e1lne kombinova\u0165 tradi\u010dn\u00e9 postupy s\u00a0modern\u00fdm v\u00fdtvarn\u00fdm v\u00fdrazom<\/em>. <em>Jej umeleck\u00e1 v\u00fdpove\u010f je priamo\u010diara, \u00faprimn\u00e1 a prest\u00fapen\u00e1 pozit\u00edvnou energiou. <\/em><em>Tvor\u00ed objekty, reli\u00e9fy, plastiky, obrazy i\u00a0\u0161perky<\/em>. <em>Spracov\u00e1va pr\u00edrodn\u00e9, rozpr\u00e1vkov\u00e9, fantazijn\u00e9 mot\u00edvy, in\u0161piruje ju architekt\u00fara, s\u00a0l\u00e1skav\u00fdm humorom karikuje \u013eudsk\u00e9 slabosti, charakterov\u00e9 \u010drty i\u00a0fyzick\u00e9 zvl\u00e1\u0161tnosti. Najbli\u017e\u0161ie s\u00fa jej v\u0161ak sakr\u00e1lne t\u00e9my. Ako hlboko veriaci \u010dlovek svoj\u00edm \u017eivotom a\u00a0dielom odkazuje na bo\u017eie princ\u00edpy a\u00a0\u0161\u00edri posolstvo evanjelia,\u201c<\/em> pribl\u00ed\u017eila histori\u010dka drot\u00e1rstva a\u00a0kur\u00e1torka v\u00fdstavy Mgr. Katar\u00edna Hallonov\u00e1.<\/p>\n<p>V\u00fdstava H\u013ea, Bar\u00e1nok&#8230; m\u00e1 duchovn\u00fd charakter a je pripomienkou \u017eivota a skutkov Je\u017ei\u0161a Krista. Jej n\u00e1zov je parafr\u00e1zou zvolania, ktor\u00fdm ho J\u00e1n Krstite\u013e predstavil svetu ako Mesi\u00e1\u0161a. <em>\u201eNev\u0161edn\u00e9 dr\u00f4ten\u00e9 diela tu rozpr\u00e1vaj\u00fa prastar\u00fd biblick\u00fd pr\u00edbeh zrodenia n\u00e1deje, bezbrehej obety, brut\u00e1lneho utrpenia, smrti i\u00a0z\u00e1zraku zm\u0155tvychvstania. Svoj\u00edm symbolick\u00fdm jazykom nasto\u013euj\u00fa ot\u00e1zky samotnej duchovnej podstaty \u010dloveka a veriacim i\u00a0\u013eu\u010fom bez vyznania pon\u00fakaj\u00fa zamyslenie nad v\u00fdznamom dobra a\u00a0zla, hriechu aj pokory, otroctva i\u00a0slobody, bolesti, odpustenia a l\u00e1sky pre vn\u00fatorn\u00fa obrodu jednotlivcov i\u00a0\u013eudstva ako celku,\u201c<\/em> doplnila Hallonov\u00e1.<\/p>\n<p>V\u00fdstavu H\u013ea, Bar\u00e1nok&#8230; m\u00f4\u017eu vidie\u0165 n\u00e1v\u0161tevn\u00edci Drot\u00e1rskeho pavil\u00f3nu do konca j\u00fana 2022.<\/p>\n<p><a href=\"https:\/\/pmza.sk\/wp-content\/uploads\/2022\/01\/holubica.jpg\"><img fetchpriority=\"high\" decoding=\"async\" class=\"aligncenter size-medium wp-image-46513\" src=\"https:\/\/pmza.sk\/wp-content\/uploads\/2022\/01\/holubica-480x360.jpg\" alt=\"\" width=\"480\" height=\"360\" \/><\/a><\/p>\n<p><a href=\"https:\/\/pmza.sk\/wp-content\/uploads\/2022\/01\/Kriz.jpg\"><img decoding=\"async\" class=\"aligncenter size-medium wp-image-46514\" src=\"https:\/\/pmza.sk\/wp-content\/uploads\/2022\/01\/Kriz-240x360.jpg\" alt=\"\" width=\"240\" height=\"360\" srcset=\"https:\/\/pmza.sk\/wp-content\/uploads\/2022\/01\/Kriz-240x360.jpg 240w, https:\/\/pmza.sk\/wp-content\/uploads\/2022\/01\/Kriz-491x736.jpg 491w, https:\/\/pmza.sk\/wp-content\/uploads\/2022\/01\/Kriz-768x1152.jpg 768w, https:\/\/pmza.sk\/wp-content\/uploads\/2022\/01\/Kriz-1024x1536.jpg 1024w, https:\/\/pmza.sk\/wp-content\/uploads\/2022\/01\/Kriz-600x900.jpg 600w, https:\/\/pmza.sk\/wp-content\/uploads\/2022\/01\/Kriz.jpg 1280w\" sizes=\"(max-width: 240px) 100vw, 240px\" \/><\/a><\/p>\n","protected":false},"excerpt":{"rendered":"<p>Pova\u017esk\u00e9 m\u00fazeum spr\u00edstupnilo v priestoroch Drot\u00e1rskeho pavil\u00f3nu v\u00fdstavu H\u013ea, Bar\u00e1nok&#8230;, ktor\u00e1 predstavuje v\u00fdber z dvadsa\u0165p\u00e4\u0165ro\u010dnej tvorby \u017eilinskej v\u00fdtvarn\u00ed\u010dky Ing. arch. M\u00e1rie Kraj\u010dovej. Autorka je jednou z najv\u00fdraznej\u0161\u00edch osobnost\u00ed komunity s\u00fa\u010dasn\u00fdch umeleck\u00fdch drot\u00e1rov na Slovensku i v \u010cech\u00e1ch a programovo sa hl\u00e1si k tradi\u010dn\u00e9mu drot\u00e1rstvu. Jej pr\u00e1ce s\u00fa zast\u00fapen\u00e9 v\u00a0muze\u00e1lnych a\u00a0s\u00fakromn\u00fdch zbierkach na Slovensku i\u00a0v zahrani\u010d\u00ed. [&hellip;]<\/p>\n","protected":false},"author":2,"featured_media":46739,"comment_status":"closed","ping_status":"closed","sticky":false,"template":"","format":"standard","meta":{"site-sidebar-layout":"default","site-content-layout":"default","ast-site-content-layout":"","site-content-style":"default","site-sidebar-style":"default","ast-global-header-display":"","ast-banner-title-visibility":"","ast-main-header-display":"","ast-hfb-above-header-display":"","ast-hfb-below-header-display":"","ast-hfb-mobile-header-display":"","site-post-title":"","ast-breadcrumbs-content":"","ast-featured-img":"","footer-sml-layout":"","theme-transparent-header-meta":"default","adv-header-id-meta":"","stick-header-meta":"default","header-above-stick-meta":"","header-main-stick-meta":"","header-below-stick-meta":"","astra-migrate-meta-layouts":"default","ast-page-background-enabled":"default","ast-page-background-meta":{"desktop":{"background-color":"var(--ast-global-color-4)","background-image":"","background-repeat":"repeat","background-position":"center center","background-size":"auto","background-attachment":"scroll","background-type":"","background-media":"","overlay-type":"","overlay-color":"","overlay-opacity":"","overlay-gradient":""},"tablet":{"background-color":"","background-image":"","background-repeat":"repeat","background-position":"center center","background-size":"auto","background-attachment":"scroll","background-type":"","background-media":"","overlay-type":"","overlay-color":"","overlay-opacity":"","overlay-gradient":""},"mobile":{"background-color":"","background-image":"","background-repeat":"repeat","background-position":"center center","background-size":"auto","background-attachment":"scroll","background-type":"","background-media":"","overlay-type":"","overlay-color":"","overlay-opacity":"","overlay-gradient":""}},"ast-content-background-meta":{"desktop":{"background-color":"var(--ast-global-color-5)","background-image":"","background-repeat":"repeat","background-position":"center center","background-size":"auto","background-attachment":"scroll","background-type":"","background-media":"","overlay-type":"","overlay-color":"","overlay-opacity":"","overlay-gradient":""},"tablet":{"background-color":"var(--ast-global-color-5)","background-image":"","background-repeat":"repeat","background-position":"center center","background-size":"auto","background-attachment":"scroll","background-type":"","background-media":"","overlay-type":"","overlay-color":"","overlay-opacity":"","overlay-gradient":""},"mobile":{"background-color":"var(--ast-global-color-5)","background-image":"","background-repeat":"repeat","background-position":"center center","background-size":"auto","background-attachment":"scroll","background-type":"","background-media":"","overlay-type":"","overlay-color":"","overlay-opacity":"","overlay-gradient":""}},"footnotes":""},"categories":[72],"tags":[],"class_list":["post-46511","post","type-post","status-publish","format-standard","has-post-thumbnail","hentry","category-vystavy"],"yoast_head":"<!-- This site is optimized with the Yoast SEO plugin v27.4 - https:\/\/yoast.com\/product\/yoast-seo-wordpress\/ -->\n<title>V\u00fdstava H\u013ea, Bar\u00e1nok... - Pova\u017esk\u00e9 m\u00fazeum<\/title>\n<meta name=\"robots\" content=\"index, follow, max-snippet:-1, max-image-preview:large, max-video-preview:-1\" \/>\n<link rel=\"canonical\" href=\"https:\/\/pmza.sk\/?p=46511\" \/>\n<meta property=\"og:locale\" content=\"sk_SK\" \/>\n<meta property=\"og:type\" content=\"article\" \/>\n<meta property=\"og:title\" content=\"V\u00fdstava H\u013ea, Bar\u00e1nok... - Pova\u017esk\u00e9 m\u00fazeum\" \/>\n<meta property=\"og:description\" content=\"Pova\u017esk\u00e9 m\u00fazeum spr\u00edstupnilo v priestoroch Drot\u00e1rskeho pavil\u00f3nu v\u00fdstavu H\u013ea, Bar\u00e1nok&#8230;, ktor\u00e1 predstavuje v\u00fdber z dvadsa\u0165p\u00e4\u0165ro\u010dnej tvorby \u017eilinskej v\u00fdtvarn\u00ed\u010dky Ing. arch. M\u00e1rie Kraj\u010dovej. Autorka je jednou z najv\u00fdraznej\u0161\u00edch osobnost\u00ed komunity s\u00fa\u010dasn\u00fdch umeleck\u00fdch drot\u00e1rov na Slovensku i v \u010cech\u00e1ch a programovo sa hl\u00e1si k tradi\u010dn\u00e9mu drot\u00e1rstvu. Jej pr\u00e1ce s\u00fa zast\u00fapen\u00e9 v\u00a0muze\u00e1lnych a\u00a0s\u00fakromn\u00fdch zbierkach na Slovensku i\u00a0v zahrani\u010d\u00ed. [&hellip;]\" \/>\n<meta property=\"og:url\" content=\"https:\/\/pmza.sk\/?p=46511\" \/>\n<meta property=\"og:site_name\" content=\"Pova\u017esk\u00e9 m\u00fazeum\" \/>\n<meta property=\"article:publisher\" content=\"https:\/\/www.facebook.com\/povazskemuzeum\" \/>\n<meta property=\"article:published_time\" content=\"2022-01-19T06:06:36+00:00\" \/>\n<meta property=\"article:modified_time\" content=\"2022-07-07T04:58:24+00:00\" \/>\n<meta property=\"og:image\" content=\"https:\/\/pmza.sk\/wp-content\/uploads\/2022\/01\/holubica.jpg\" \/>\n\t<meta property=\"og:image:width\" content=\"1280\" \/>\n\t<meta property=\"og:image:height\" content=\"960\" \/>\n\t<meta property=\"og:image:type\" content=\"image\/jpeg\" \/>\n<meta name=\"author\" content=\"Pova\u017esk\u00e9 m\u00fazeum\" \/>\n<meta name=\"twitter:card\" content=\"summary_large_image\" \/>\n<meta name=\"twitter:label1\" content=\"Autor\" \/>\n\t<meta name=\"twitter:data1\" content=\"Pova\u017esk\u00e9 m\u00fazeum\" \/>\n\t<meta name=\"twitter:label2\" content=\"Predpokladan\u00fd \u010das \u010d\u00edtania\" \/>\n\t<meta name=\"twitter:data2\" content=\"2 min\u00faty\" \/>\n<script type=\"application\/ld+json\" class=\"yoast-schema-graph\">{\"@context\":\"https:\\\/\\\/schema.org\",\"@graph\":[{\"@type\":\"Article\",\"@id\":\"https:\\\/\\\/pmza.sk\\\/?p=46511#article\",\"isPartOf\":{\"@id\":\"https:\\\/\\\/pmza.sk\\\/?p=46511\"},\"author\":{\"name\":\"Pova\u017esk\u00e9 m\u00fazeum\",\"@id\":\"https:\\\/\\\/pmza.sk\\\/#\\\/schema\\\/person\\\/595e6a2ce731ea94dcd5d7f50a41ae33\"},\"headline\":\"V\u00fdstava H\u013ea, Bar\u00e1nok&#8230;\",\"datePublished\":\"2022-01-19T06:06:36+00:00\",\"dateModified\":\"2022-07-07T04:58:24+00:00\",\"mainEntityOfPage\":{\"@id\":\"https:\\\/\\\/pmza.sk\\\/?p=46511\"},\"wordCount\":386,\"publisher\":{\"@id\":\"https:\\\/\\\/pmza.sk\\\/#organization\"},\"image\":{\"@id\":\"https:\\\/\\\/pmza.sk\\\/?p=46511#primaryimage\"},\"thumbnailUrl\":\"https:\\\/\\\/pmza.sk\\\/wp-content\\\/uploads\\\/2022\\\/01\\\/holubica.jpg\",\"articleSection\":[\"V\u00fdstavy\"],\"inLanguage\":\"sk-SK\"},{\"@type\":\"WebPage\",\"@id\":\"https:\\\/\\\/pmza.sk\\\/?p=46511\",\"url\":\"https:\\\/\\\/pmza.sk\\\/?p=46511\",\"name\":\"V\u00fdstava H\u013ea, Bar\u00e1nok... - Pova\u017esk\u00e9 m\u00fazeum\",\"isPartOf\":{\"@id\":\"https:\\\/\\\/pmza.sk\\\/#website\"},\"primaryImageOfPage\":{\"@id\":\"https:\\\/\\\/pmza.sk\\\/?p=46511#primaryimage\"},\"image\":{\"@id\":\"https:\\\/\\\/pmza.sk\\\/?p=46511#primaryimage\"},\"thumbnailUrl\":\"https:\\\/\\\/pmza.sk\\\/wp-content\\\/uploads\\\/2022\\\/01\\\/holubica.jpg\",\"datePublished\":\"2022-01-19T06:06:36+00:00\",\"dateModified\":\"2022-07-07T04:58:24+00:00\",\"breadcrumb\":{\"@id\":\"https:\\\/\\\/pmza.sk\\\/?p=46511#breadcrumb\"},\"inLanguage\":\"sk-SK\",\"potentialAction\":[{\"@type\":\"ReadAction\",\"target\":[\"https:\\\/\\\/pmza.sk\\\/?p=46511\"]}]},{\"@type\":\"ImageObject\",\"inLanguage\":\"sk-SK\",\"@id\":\"https:\\\/\\\/pmza.sk\\\/?p=46511#primaryimage\",\"url\":\"https:\\\/\\\/pmza.sk\\\/wp-content\\\/uploads\\\/2022\\\/01\\\/holubica.jpg\",\"contentUrl\":\"https:\\\/\\\/pmza.sk\\\/wp-content\\\/uploads\\\/2022\\\/01\\\/holubica.jpg\",\"width\":1280,\"height\":960},{\"@type\":\"BreadcrumbList\",\"@id\":\"https:\\\/\\\/pmza.sk\\\/?p=46511#breadcrumb\",\"itemListElement\":[{\"@type\":\"ListItem\",\"position\":1,\"name\":\"Domovsk\u00e1 str\u00e1nka\",\"item\":\"https:\\\/\\\/pmza.sk\\\/\"},{\"@type\":\"ListItem\",\"position\":2,\"name\":\"V\u00fdstava H\u013ea, Bar\u00e1nok&#8230;\"}]},{\"@type\":\"WebSite\",\"@id\":\"https:\\\/\\\/pmza.sk\\\/#website\",\"url\":\"https:\\\/\\\/pmza.sk\\\/\",\"name\":\"Pova\u017esk\u00e9 m\u00fazeum\",\"description\":\"Pova\u017esk\u00e9 m\u00fazeum v \u017diline je region\u00e1lne m\u00fazeum so s\u00eddlom v Budat\u00edne. Jeho expoz\u00edcie s\u00fa zameran\u00e9 na dejiny slovensk\u00e9ho umenia, kult\u00fary a dopravy.\",\"publisher\":{\"@id\":\"https:\\\/\\\/pmza.sk\\\/#organization\"},\"potentialAction\":[{\"@type\":\"SearchAction\",\"target\":{\"@type\":\"EntryPoint\",\"urlTemplate\":\"https:\\\/\\\/pmza.sk\\\/?s={search_term_string}\"},\"query-input\":{\"@type\":\"PropertyValueSpecification\",\"valueRequired\":true,\"valueName\":\"search_term_string\"}}],\"inLanguage\":\"sk-SK\"},{\"@type\":\"Organization\",\"@id\":\"https:\\\/\\\/pmza.sk\\\/#organization\",\"name\":\"Pova\u017esk\u00e9 m\u00fazeum\",\"url\":\"https:\\\/\\\/pmza.sk\\\/\",\"logo\":{\"@type\":\"ImageObject\",\"inLanguage\":\"sk-SK\",\"@id\":\"https:\\\/\\\/pmza.sk\\\/#\\\/schema\\\/logo\\\/image\\\/\",\"url\":\"https:\\\/\\\/pmza.sk\\\/wp-content\\\/uploads\\\/2022\\\/01\\\/logo_PM_horizontal.jpg\",\"contentUrl\":\"https:\\\/\\\/pmza.sk\\\/wp-content\\\/uploads\\\/2022\\\/01\\\/logo_PM_horizontal.jpg\",\"width\":231,\"height\":142,\"caption\":\"Pova\u017esk\u00e9 m\u00fazeum\"},\"image\":{\"@id\":\"https:\\\/\\\/pmza.sk\\\/#\\\/schema\\\/logo\\\/image\\\/\"},\"sameAs\":[\"https:\\\/\\\/www.facebook.com\\\/povazskemuzeum\",\"https:\\\/\\\/www.instagram.com\\\/povazskemuzeum\\\/\"]},{\"@type\":\"Person\",\"@id\":\"https:\\\/\\\/pmza.sk\\\/#\\\/schema\\\/person\\\/595e6a2ce731ea94dcd5d7f50a41ae33\",\"name\":\"Pova\u017esk\u00e9 m\u00fazeum\",\"image\":{\"@type\":\"ImageObject\",\"inLanguage\":\"sk-SK\",\"@id\":\"https:\\\/\\\/secure.gravatar.com\\\/avatar\\\/2bb7f1561282132fb5826dfeccc66c7996d11ee392ac6aaf7ced8a1c2027fbb2?s=96&d=mm&r=g\",\"url\":\"https:\\\/\\\/secure.gravatar.com\\\/avatar\\\/2bb7f1561282132fb5826dfeccc66c7996d11ee392ac6aaf7ced8a1c2027fbb2?s=96&d=mm&r=g\",\"contentUrl\":\"https:\\\/\\\/secure.gravatar.com\\\/avatar\\\/2bb7f1561282132fb5826dfeccc66c7996d11ee392ac6aaf7ced8a1c2027fbb2?s=96&d=mm&r=g\",\"caption\":\"Pova\u017esk\u00e9 m\u00fazeum\"}}]}<\/script>\n<!-- \/ Yoast SEO plugin. -->","yoast_head_json":{"title":"V\u00fdstava H\u013ea, Bar\u00e1nok... - Pova\u017esk\u00e9 m\u00fazeum","robots":{"index":"index","follow":"follow","max-snippet":"max-snippet:-1","max-image-preview":"max-image-preview:large","max-video-preview":"max-video-preview:-1"},"canonical":"https:\/\/pmza.sk\/?p=46511","og_locale":"sk_SK","og_type":"article","og_title":"V\u00fdstava H\u013ea, Bar\u00e1nok... - Pova\u017esk\u00e9 m\u00fazeum","og_description":"Pova\u017esk\u00e9 m\u00fazeum spr\u00edstupnilo v priestoroch Drot\u00e1rskeho pavil\u00f3nu v\u00fdstavu H\u013ea, Bar\u00e1nok&#8230;, ktor\u00e1 predstavuje v\u00fdber z dvadsa\u0165p\u00e4\u0165ro\u010dnej tvorby \u017eilinskej v\u00fdtvarn\u00ed\u010dky Ing. arch. M\u00e1rie Kraj\u010dovej. Autorka je jednou z najv\u00fdraznej\u0161\u00edch osobnost\u00ed komunity s\u00fa\u010dasn\u00fdch umeleck\u00fdch drot\u00e1rov na Slovensku i v \u010cech\u00e1ch a programovo sa hl\u00e1si k tradi\u010dn\u00e9mu drot\u00e1rstvu. Jej pr\u00e1ce s\u00fa zast\u00fapen\u00e9 v\u00a0muze\u00e1lnych a\u00a0s\u00fakromn\u00fdch zbierkach na Slovensku i\u00a0v zahrani\u010d\u00ed. [&hellip;]","og_url":"https:\/\/pmza.sk\/?p=46511","og_site_name":"Pova\u017esk\u00e9 m\u00fazeum","article_publisher":"https:\/\/www.facebook.com\/povazskemuzeum","article_published_time":"2022-01-19T06:06:36+00:00","article_modified_time":"2022-07-07T04:58:24+00:00","og_image":[{"width":1280,"height":960,"url":"https:\/\/pmza.sk\/wp-content\/uploads\/2022\/01\/holubica.jpg","type":"image\/jpeg"}],"author":"Pova\u017esk\u00e9 m\u00fazeum","twitter_card":"summary_large_image","twitter_misc":{"Autor":"Pova\u017esk\u00e9 m\u00fazeum","Predpokladan\u00fd \u010das \u010d\u00edtania":"2 min\u00faty"},"schema":{"@context":"https:\/\/schema.org","@graph":[{"@type":"Article","@id":"https:\/\/pmza.sk\/?p=46511#article","isPartOf":{"@id":"https:\/\/pmza.sk\/?p=46511"},"author":{"name":"Pova\u017esk\u00e9 m\u00fazeum","@id":"https:\/\/pmza.sk\/#\/schema\/person\/595e6a2ce731ea94dcd5d7f50a41ae33"},"headline":"V\u00fdstava H\u013ea, Bar\u00e1nok&#8230;","datePublished":"2022-01-19T06:06:36+00:00","dateModified":"2022-07-07T04:58:24+00:00","mainEntityOfPage":{"@id":"https:\/\/pmza.sk\/?p=46511"},"wordCount":386,"publisher":{"@id":"https:\/\/pmza.sk\/#organization"},"image":{"@id":"https:\/\/pmza.sk\/?p=46511#primaryimage"},"thumbnailUrl":"https:\/\/pmza.sk\/wp-content\/uploads\/2022\/01\/holubica.jpg","articleSection":["V\u00fdstavy"],"inLanguage":"sk-SK"},{"@type":"WebPage","@id":"https:\/\/pmza.sk\/?p=46511","url":"https:\/\/pmza.sk\/?p=46511","name":"V\u00fdstava H\u013ea, Bar\u00e1nok... - Pova\u017esk\u00e9 m\u00fazeum","isPartOf":{"@id":"https:\/\/pmza.sk\/#website"},"primaryImageOfPage":{"@id":"https:\/\/pmza.sk\/?p=46511#primaryimage"},"image":{"@id":"https:\/\/pmza.sk\/?p=46511#primaryimage"},"thumbnailUrl":"https:\/\/pmza.sk\/wp-content\/uploads\/2022\/01\/holubica.jpg","datePublished":"2022-01-19T06:06:36+00:00","dateModified":"2022-07-07T04:58:24+00:00","breadcrumb":{"@id":"https:\/\/pmza.sk\/?p=46511#breadcrumb"},"inLanguage":"sk-SK","potentialAction":[{"@type":"ReadAction","target":["https:\/\/pmza.sk\/?p=46511"]}]},{"@type":"ImageObject","inLanguage":"sk-SK","@id":"https:\/\/pmza.sk\/?p=46511#primaryimage","url":"https:\/\/pmza.sk\/wp-content\/uploads\/2022\/01\/holubica.jpg","contentUrl":"https:\/\/pmza.sk\/wp-content\/uploads\/2022\/01\/holubica.jpg","width":1280,"height":960},{"@type":"BreadcrumbList","@id":"https:\/\/pmza.sk\/?p=46511#breadcrumb","itemListElement":[{"@type":"ListItem","position":1,"name":"Domovsk\u00e1 str\u00e1nka","item":"https:\/\/pmza.sk\/"},{"@type":"ListItem","position":2,"name":"V\u00fdstava H\u013ea, Bar\u00e1nok&#8230;"}]},{"@type":"WebSite","@id":"https:\/\/pmza.sk\/#website","url":"https:\/\/pmza.sk\/","name":"Pova\u017esk\u00e9 m\u00fazeum","description":"Pova\u017esk\u00e9 m\u00fazeum v \u017diline je region\u00e1lne m\u00fazeum so s\u00eddlom v Budat\u00edne. Jeho expoz\u00edcie s\u00fa zameran\u00e9 na dejiny slovensk\u00e9ho umenia, kult\u00fary a dopravy.","publisher":{"@id":"https:\/\/pmza.sk\/#organization"},"potentialAction":[{"@type":"SearchAction","target":{"@type":"EntryPoint","urlTemplate":"https:\/\/pmza.sk\/?s={search_term_string}"},"query-input":{"@type":"PropertyValueSpecification","valueRequired":true,"valueName":"search_term_string"}}],"inLanguage":"sk-SK"},{"@type":"Organization","@id":"https:\/\/pmza.sk\/#organization","name":"Pova\u017esk\u00e9 m\u00fazeum","url":"https:\/\/pmza.sk\/","logo":{"@type":"ImageObject","inLanguage":"sk-SK","@id":"https:\/\/pmza.sk\/#\/schema\/logo\/image\/","url":"https:\/\/pmza.sk\/wp-content\/uploads\/2022\/01\/logo_PM_horizontal.jpg","contentUrl":"https:\/\/pmza.sk\/wp-content\/uploads\/2022\/01\/logo_PM_horizontal.jpg","width":231,"height":142,"caption":"Pova\u017esk\u00e9 m\u00fazeum"},"image":{"@id":"https:\/\/pmza.sk\/#\/schema\/logo\/image\/"},"sameAs":["https:\/\/www.facebook.com\/povazskemuzeum","https:\/\/www.instagram.com\/povazskemuzeum\/"]},{"@type":"Person","@id":"https:\/\/pmza.sk\/#\/schema\/person\/595e6a2ce731ea94dcd5d7f50a41ae33","name":"Pova\u017esk\u00e9 m\u00fazeum","image":{"@type":"ImageObject","inLanguage":"sk-SK","@id":"https:\/\/secure.gravatar.com\/avatar\/2bb7f1561282132fb5826dfeccc66c7996d11ee392ac6aaf7ced8a1c2027fbb2?s=96&d=mm&r=g","url":"https:\/\/secure.gravatar.com\/avatar\/2bb7f1561282132fb5826dfeccc66c7996d11ee392ac6aaf7ced8a1c2027fbb2?s=96&d=mm&r=g","contentUrl":"https:\/\/secure.gravatar.com\/avatar\/2bb7f1561282132fb5826dfeccc66c7996d11ee392ac6aaf7ced8a1c2027fbb2?s=96&d=mm&r=g","caption":"Pova\u017esk\u00e9 m\u00fazeum"}}]}},"_links":{"self":[{"href":"https:\/\/pmza.sk\/index.php?rest_route=\/wp\/v2\/posts\/46511","targetHints":{"allow":["GET"]}}],"collection":[{"href":"https:\/\/pmza.sk\/index.php?rest_route=\/wp\/v2\/posts"}],"about":[{"href":"https:\/\/pmza.sk\/index.php?rest_route=\/wp\/v2\/types\/post"}],"author":[{"embeddable":true,"href":"https:\/\/pmza.sk\/index.php?rest_route=\/wp\/v2\/users\/2"}],"replies":[{"embeddable":true,"href":"https:\/\/pmza.sk\/index.php?rest_route=%2Fwp%2Fv2%2Fcomments&post=46511"}],"version-history":[{"count":0,"href":"https:\/\/pmza.sk\/index.php?rest_route=\/wp\/v2\/posts\/46511\/revisions"}],"wp:featuredmedia":[{"embeddable":true,"href":"https:\/\/pmza.sk\/index.php?rest_route=\/wp\/v2\/media\/46739"}],"wp:attachment":[{"href":"https:\/\/pmza.sk\/index.php?rest_route=%2Fwp%2Fv2%2Fmedia&parent=46511"}],"wp:term":[{"taxonomy":"category","embeddable":true,"href":"https:\/\/pmza.sk\/index.php?rest_route=%2Fwp%2Fv2%2Fcategories&post=46511"},{"taxonomy":"post_tag","embeddable":true,"href":"https:\/\/pmza.sk\/index.php?rest_route=%2Fwp%2Fv2%2Ftags&post=46511"}],"curies":[{"name":"wp","href":"https:\/\/api.w.org\/{rel}","templated":true}]}}