{"id":46537,"date":"2022-01-26T12:25:18","date_gmt":"2022-01-26T11:25:18","guid":{"rendered":"https:\/\/pmza.sk\/2022\/01\/26\/ked-dlato-vykuzli-zlato\/"},"modified":"2022-04-28T07:06:06","modified_gmt":"2022-04-28T05:06:06","slug":"ked-dlato-vykuzli-zlato","status":"publish","type":"post","link":"https:\/\/pmza.sk\/?p=46537","title":{"rendered":"Ke\u010f dl\u00e1to vyk\u00fazli zlato"},"content":{"rendered":"<p>Pova\u017esk\u00e9 m\u00fazeum spr\u00edstupn\u00ed od 1. febru\u00e1ra v priestoroch Drot\u00e1rskeho pavil\u00f3nu v are\u00e1li Budat\u00ednskeho hradu v\u00fdstavu Ke\u010f dl\u00e1to vyk\u00fazli zlato, ktor\u00e1 je uk\u00e1\u017ekou celo\u017eivotnej tvorby \u017eilinsk\u00e9ho rezb\u00e1ra Miroslava \u010euratn\u00e9ho. Rezb\u00e1rstvu sa za\u010dal venova\u0165 v obdob\u00ed, ke\u010f zo zdravotn\u00fdch d\u00f4vodov musel od\u00eds\u0165 z p\u00f4vodn\u00e9ho povolania. Bol \u010dlenom Klubu neprofesion\u00e1lnych v\u00fdtvarn\u00edkov pri Region\u00e1lnom osvetovom stredisku v \u017diline a vystavoval od roku 1976. Jeho dreven\u00e9 plastiky z\u00edskali mnoho ocenen\u00ed na okresn\u00fdch, krajsk\u00fdch i celoslovensk\u00fdch s\u00fa\u0165a\u017eiach a v\u00fdstav\u00e1ch amat\u00e9rskej v\u00fdtvarnej tvorby. Svoje v\u00fdnimo\u010dn\u00e9 diela vystavoval pravidelne aj na festivaloch V\u00fdchodn\u00e1 a J\u00e1no\u0161\u00edkove dni. V roku 1997 mu Okresn\u00fd n\u00e1rodn\u00fd v\u00fdbor \u2013 odbor kult\u00fary a Pova\u017esk\u00e9 m\u00fazeum v \u017diline udelili\u00a0 diplom za rozv\u00edjanie \u013eudovej umeleckej tvorby. Tvoril a\u017e do svojej smrti v roku 2016.<\/p>\n<p>Miroslav \u010euratn\u00fd venoval rezb\u00e1rstvu v\u0161etok svoj vo\u013en\u00fd \u010das. Predt\u00fdm, ako zaboril dl\u00e1to do \u00a0dreva, mal u\u017e jasn\u00fa predstavu, ako by malo hotov\u00e9 dielo vyzera\u0165. Jeho drevorezby s\u00fa realistick\u00e9, detailne prepracovan\u00e9 a\u00a0\u013eudsk\u00fd v\u00fdraz zachyt\u00e1vaj\u00fa naozaj hodnoverne. Najrad\u0161ej tvoril postavy a\u00a0tv\u00e1re oby\u010dajn\u00fdch \u013eud\u00ed, ktor\u00fdch pozoroval v\u00a0prirodzenom prostred\u00ed. Svojou pr\u00e1cou vd\u00fdchol \u017eivot kusom dreva a\u00a0ka\u017edej plastike vkresal svojsk\u00fd charakter. <em>\u201eV\u00a0zbierkach Pova\u017esk\u00e9ho m\u00fazea sa nach\u00e1dzaj\u00fa viacer\u00e9 diela tohto zauj\u00edmav\u00e9ho \u013eudov\u00e9ho umelca. A\u00a0ke\u010f\u017ee s\u00fa to naozaj kr\u00e1sne k\u00fasky, chceli sme ich uk\u00e1za\u0165 aj na\u0161im n\u00e1v\u0161tevn\u00edkov. Niektor\u00e9 z\u00a0nich m\u00f4\u017eu vidie\u0165 v Expoz\u00edcii J\u00e1no\u0161\u00edk a\u00a0Terchov\u00e1, ale samostatn\u00e1 v\u00fdstava sa n\u00e1m zdala v\u00fdbornou pr\u00edle\u017eitos\u0165ou, aby sa s\u00a0jeho tvorbou zozn\u00e1milo viac \u013eud\u00ed. Z\u00e1ujemcovia sa m\u00f4\u017eu te\u0161i\u0165 na takmer 100 diel, s\u00fa to najm\u00e4 plastiky a\u00a0reli\u00e9fy. S\u00fa\u010das\u0165ou v\u00fdstavy bude tie\u017e zop\u00e1r diplomov zo s\u00fa\u0165a\u017e\u00ed,\u201c<\/em> vysvet\u013euje kur\u00e1torka v\u00fdstavy \u2013 etnologi\u010dka Adriana B\u00e1rdyov\u00e1.<\/p>\n<p>V\u00fdstavu Ke\u010f dl\u00e1to vyk\u00fazli zlato m\u00f4\u017eu vidie\u0165 n\u00e1v\u0161tevn\u00edci Drot\u00e1rskeho pavil\u00f3nu do 27. apr\u00edla 2022.<\/p>\n<p><img fetchpriority=\"high\" decoding=\"async\" class=\"alignnone wp-image-50059\" src=\"https:\/\/pmza.sk\/wp-content\/uploads\/2022\/01\/Duratny_plagat-254x360.jpg\" alt=\"\" width=\"403\" height=\"571\" srcset=\"https:\/\/pmza.sk\/wp-content\/uploads\/2022\/01\/Duratny_plagat-254x360.jpg 254w, https:\/\/pmza.sk\/wp-content\/uploads\/2022\/01\/Duratny_plagat-520x736.jpg 520w, https:\/\/pmza.sk\/wp-content\/uploads\/2022\/01\/Duratny_plagat-768x1088.jpg 768w, https:\/\/pmza.sk\/wp-content\/uploads\/2022\/01\/Duratny_plagat-1084x1536.jpg 1084w, https:\/\/pmza.sk\/wp-content\/uploads\/2022\/01\/Duratny_plagat-1446x2048.jpg 1446w, https:\/\/pmza.sk\/wp-content\/uploads\/2022\/01\/Duratny_plagat-600x850.jpg 600w, https:\/\/pmza.sk\/wp-content\/uploads\/2022\/01\/Duratny_plagat-scaled.jpg 1807w\" sizes=\"(max-width: 403px) 100vw, 403px\" \/><\/p>\n<p>&nbsp;<\/p>\n<p>&nbsp;<\/p>\n<p>&nbsp;<\/p>\n","protected":false},"excerpt":{"rendered":"<p>Pova\u017esk\u00e9 m\u00fazeum spr\u00edstupn\u00ed od 1. febru\u00e1ra v priestoroch Drot\u00e1rskeho pavil\u00f3nu v are\u00e1li Budat\u00ednskeho hradu v\u00fdstavu Ke\u010f dl\u00e1to vyk\u00fazli zlato, ktor\u00e1 je uk\u00e1\u017ekou celo\u017eivotnej tvorby \u017eilinsk\u00e9ho rezb\u00e1ra Miroslava \u010euratn\u00e9ho. Rezb\u00e1rstvu sa za\u010dal venova\u0165 v obdob\u00ed, ke\u010f zo zdravotn\u00fdch d\u00f4vodov musel od\u00eds\u0165 z p\u00f4vodn\u00e9ho povolania. Bol \u010dlenom Klubu neprofesion\u00e1lnych v\u00fdtvarn\u00edkov pri Region\u00e1lnom osvetovom stredisku v \u017diline a [&hellip;]<\/p>\n","protected":false},"author":2,"featured_media":50058,"comment_status":"closed","ping_status":"closed","sticky":false,"template":"","format":"standard","meta":{"site-sidebar-layout":"default","site-content-layout":"default","ast-site-content-layout":"","site-content-style":"default","site-sidebar-style":"default","ast-global-header-display":"","ast-banner-title-visibility":"","ast-main-header-display":"","ast-hfb-above-header-display":"","ast-hfb-below-header-display":"","ast-hfb-mobile-header-display":"","site-post-title":"","ast-breadcrumbs-content":"","ast-featured-img":"","footer-sml-layout":"","theme-transparent-header-meta":"default","adv-header-id-meta":"","stick-header-meta":"default","header-above-stick-meta":"","header-main-stick-meta":"","header-below-stick-meta":"","astra-migrate-meta-layouts":"default","ast-page-background-enabled":"default","ast-page-background-meta":{"desktop":{"background-color":"var(--ast-global-color-4)","background-image":"","background-repeat":"repeat","background-position":"center center","background-size":"auto","background-attachment":"scroll","background-type":"","background-media":"","overlay-type":"","overlay-color":"","overlay-opacity":"","overlay-gradient":""},"tablet":{"background-color":"","background-image":"","background-repeat":"repeat","background-position":"center center","background-size":"auto","background-attachment":"scroll","background-type":"","background-media":"","overlay-type":"","overlay-color":"","overlay-opacity":"","overlay-gradient":""},"mobile":{"background-color":"","background-image":"","background-repeat":"repeat","background-position":"center center","background-size":"auto","background-attachment":"scroll","background-type":"","background-media":"","overlay-type":"","overlay-color":"","overlay-opacity":"","overlay-gradient":""}},"ast-content-background-meta":{"desktop":{"background-color":"var(--ast-global-color-5)","background-image":"","background-repeat":"repeat","background-position":"center center","background-size":"auto","background-attachment":"scroll","background-type":"","background-media":"","overlay-type":"","overlay-color":"","overlay-opacity":"","overlay-gradient":""},"tablet":{"background-color":"var(--ast-global-color-5)","background-image":"","background-repeat":"repeat","background-position":"center center","background-size":"auto","background-attachment":"scroll","background-type":"","background-media":"","overlay-type":"","overlay-color":"","overlay-opacity":"","overlay-gradient":""},"mobile":{"background-color":"var(--ast-global-color-5)","background-image":"","background-repeat":"repeat","background-position":"center center","background-size":"auto","background-attachment":"scroll","background-type":"","background-media":"","overlay-type":"","overlay-color":"","overlay-opacity":"","overlay-gradient":""}},"footnotes":""},"categories":[72],"tags":[],"class_list":["post-46537","post","type-post","status-publish","format-standard","has-post-thumbnail","hentry","category-vystavy"],"yoast_head":"<!-- This site is optimized with the Yoast SEO plugin v27.4 - https:\/\/yoast.com\/product\/yoast-seo-wordpress\/ -->\n<title>Ke\u010f dl\u00e1to vyk\u00fazli zlato - Pova\u017esk\u00e9 m\u00fazeum<\/title>\n<meta name=\"description\" content=\"Pova\u017esk\u00e9 m\u00fazeum spr\u00edstupn\u00ed od 1. febru\u00e1ra v priestoroch Drot\u00e1rskeho pavil\u00f3nu v are\u00e1li Budat\u00ednskeho hradu v\u00fdstavu Ke\u010f dl\u00e1to vyk\u00fazli zlato, ktor\u00e1 je uk\u00e1\u017ekou celo\u017eivotnej tvorby \u017eilinsk\u00e9ho rezb\u00e1ra Miroslava \u010euratn\u00e9ho.\" \/>\n<meta name=\"robots\" content=\"index, follow, max-snippet:-1, max-image-preview:large, max-video-preview:-1\" \/>\n<link rel=\"canonical\" href=\"https:\/\/pmza.sk\/?p=46537\" \/>\n<meta property=\"og:locale\" content=\"sk_SK\" \/>\n<meta property=\"og:type\" content=\"article\" \/>\n<meta property=\"og:title\" content=\"Ke\u010f dl\u00e1to vyk\u00fazli zlato - Pova\u017esk\u00e9 m\u00fazeum\" \/>\n<meta property=\"og:description\" content=\"Pova\u017esk\u00e9 m\u00fazeum spr\u00edstupn\u00ed od 1. febru\u00e1ra v priestoroch Drot\u00e1rskeho pavil\u00f3nu v are\u00e1li Budat\u00ednskeho hradu v\u00fdstavu Ke\u010f dl\u00e1to vyk\u00fazli zlato, ktor\u00e1 je uk\u00e1\u017ekou celo\u017eivotnej tvorby \u017eilinsk\u00e9ho rezb\u00e1ra Miroslava \u010euratn\u00e9ho.\" \/>\n<meta property=\"og:url\" content=\"https:\/\/pmza.sk\/?p=46537\" \/>\n<meta property=\"og:site_name\" content=\"Pova\u017esk\u00e9 m\u00fazeum\" \/>\n<meta property=\"article:publisher\" content=\"https:\/\/www.facebook.com\/povazskemuzeum\" \/>\n<meta property=\"article:published_time\" content=\"2022-01-26T11:25:18+00:00\" \/>\n<meta property=\"article:modified_time\" content=\"2022-04-28T05:06:06+00:00\" \/>\n<meta property=\"og:image\" content=\"https:\/\/pmza.sk\/wp-content\/uploads\/2022\/01\/foto-1.jpg\" \/>\n\t<meta property=\"og:image:width\" content=\"2480\" \/>\n\t<meta property=\"og:image:height\" content=\"1158\" \/>\n\t<meta property=\"og:image:type\" content=\"image\/jpeg\" \/>\n<meta name=\"author\" content=\"Pova\u017esk\u00e9 m\u00fazeum\" \/>\n<meta name=\"twitter:card\" content=\"summary_large_image\" \/>\n<meta name=\"twitter:label1\" content=\"Autor\" \/>\n\t<meta name=\"twitter:data1\" content=\"Pova\u017esk\u00e9 m\u00fazeum\" \/>\n\t<meta name=\"twitter:label2\" content=\"Predpokladan\u00fd \u010das \u010d\u00edtania\" \/>\n\t<meta name=\"twitter:data2\" content=\"2 min\u00faty\" \/>\n<script type=\"application\/ld+json\" class=\"yoast-schema-graph\">{\"@context\":\"https:\\\/\\\/schema.org\",\"@graph\":[{\"@type\":\"Article\",\"@id\":\"https:\\\/\\\/pmza.sk\\\/?p=46537#article\",\"isPartOf\":{\"@id\":\"https:\\\/\\\/pmza.sk\\\/?p=46537\"},\"author\":{\"name\":\"Pova\u017esk\u00e9 m\u00fazeum\",\"@id\":\"https:\\\/\\\/pmza.sk\\\/#\\\/schema\\\/person\\\/595e6a2ce731ea94dcd5d7f50a41ae33\"},\"headline\":\"Ke\u010f dl\u00e1to vyk\u00fazli zlato\",\"datePublished\":\"2022-01-26T11:25:18+00:00\",\"dateModified\":\"2022-04-28T05:06:06+00:00\",\"mainEntityOfPage\":{\"@id\":\"https:\\\/\\\/pmza.sk\\\/?p=46537\"},\"wordCount\":386,\"publisher\":{\"@id\":\"https:\\\/\\\/pmza.sk\\\/#organization\"},\"image\":{\"@id\":\"https:\\\/\\\/pmza.sk\\\/?p=46537#primaryimage\"},\"thumbnailUrl\":\"https:\\\/\\\/pmza.sk\\\/wp-content\\\/uploads\\\/2022\\\/01\\\/foto-1.jpg\",\"articleSection\":[\"V\u00fdstavy\"],\"inLanguage\":\"sk-SK\"},{\"@type\":\"WebPage\",\"@id\":\"https:\\\/\\\/pmza.sk\\\/?p=46537\",\"url\":\"https:\\\/\\\/pmza.sk\\\/?p=46537\",\"name\":\"Ke\u010f dl\u00e1to vyk\u00fazli zlato - Pova\u017esk\u00e9 m\u00fazeum\",\"isPartOf\":{\"@id\":\"https:\\\/\\\/pmza.sk\\\/#website\"},\"primaryImageOfPage\":{\"@id\":\"https:\\\/\\\/pmza.sk\\\/?p=46537#primaryimage\"},\"image\":{\"@id\":\"https:\\\/\\\/pmza.sk\\\/?p=46537#primaryimage\"},\"thumbnailUrl\":\"https:\\\/\\\/pmza.sk\\\/wp-content\\\/uploads\\\/2022\\\/01\\\/foto-1.jpg\",\"datePublished\":\"2022-01-26T11:25:18+00:00\",\"dateModified\":\"2022-04-28T05:06:06+00:00\",\"description\":\"Pova\u017esk\u00e9 m\u00fazeum spr\u00edstupn\u00ed od 1. febru\u00e1ra v priestoroch Drot\u00e1rskeho pavil\u00f3nu v are\u00e1li Budat\u00ednskeho hradu v\u00fdstavu Ke\u010f dl\u00e1to vyk\u00fazli zlato, ktor\u00e1 je uk\u00e1\u017ekou celo\u017eivotnej tvorby \u017eilinsk\u00e9ho rezb\u00e1ra Miroslava \u010euratn\u00e9ho.\",\"breadcrumb\":{\"@id\":\"https:\\\/\\\/pmza.sk\\\/?p=46537#breadcrumb\"},\"inLanguage\":\"sk-SK\",\"potentialAction\":[{\"@type\":\"ReadAction\",\"target\":[\"https:\\\/\\\/pmza.sk\\\/?p=46537\"]}]},{\"@type\":\"ImageObject\",\"inLanguage\":\"sk-SK\",\"@id\":\"https:\\\/\\\/pmza.sk\\\/?p=46537#primaryimage\",\"url\":\"https:\\\/\\\/pmza.sk\\\/wp-content\\\/uploads\\\/2022\\\/01\\\/foto-1.jpg\",\"contentUrl\":\"https:\\\/\\\/pmza.sk\\\/wp-content\\\/uploads\\\/2022\\\/01\\\/foto-1.jpg\",\"width\":2480,\"height\":1158},{\"@type\":\"BreadcrumbList\",\"@id\":\"https:\\\/\\\/pmza.sk\\\/?p=46537#breadcrumb\",\"itemListElement\":[{\"@type\":\"ListItem\",\"position\":1,\"name\":\"Domovsk\u00e1 str\u00e1nka\",\"item\":\"https:\\\/\\\/pmza.sk\\\/\"},{\"@type\":\"ListItem\",\"position\":2,\"name\":\"Ke\u010f dl\u00e1to vyk\u00fazli zlato\"}]},{\"@type\":\"WebSite\",\"@id\":\"https:\\\/\\\/pmza.sk\\\/#website\",\"url\":\"https:\\\/\\\/pmza.sk\\\/\",\"name\":\"Pova\u017esk\u00e9 m\u00fazeum\",\"description\":\"Pova\u017esk\u00e9 m\u00fazeum v \u017diline je region\u00e1lne m\u00fazeum so s\u00eddlom v Budat\u00edne. Jeho expoz\u00edcie s\u00fa zameran\u00e9 na dejiny slovensk\u00e9ho umenia, kult\u00fary a dopravy.\",\"publisher\":{\"@id\":\"https:\\\/\\\/pmza.sk\\\/#organization\"},\"potentialAction\":[{\"@type\":\"SearchAction\",\"target\":{\"@type\":\"EntryPoint\",\"urlTemplate\":\"https:\\\/\\\/pmza.sk\\\/?s={search_term_string}\"},\"query-input\":{\"@type\":\"PropertyValueSpecification\",\"valueRequired\":true,\"valueName\":\"search_term_string\"}}],\"inLanguage\":\"sk-SK\"},{\"@type\":\"Organization\",\"@id\":\"https:\\\/\\\/pmza.sk\\\/#organization\",\"name\":\"Pova\u017esk\u00e9 m\u00fazeum\",\"url\":\"https:\\\/\\\/pmza.sk\\\/\",\"logo\":{\"@type\":\"ImageObject\",\"inLanguage\":\"sk-SK\",\"@id\":\"https:\\\/\\\/pmza.sk\\\/#\\\/schema\\\/logo\\\/image\\\/\",\"url\":\"https:\\\/\\\/pmza.sk\\\/wp-content\\\/uploads\\\/2022\\\/01\\\/logo_PM_horizontal.jpg\",\"contentUrl\":\"https:\\\/\\\/pmza.sk\\\/wp-content\\\/uploads\\\/2022\\\/01\\\/logo_PM_horizontal.jpg\",\"width\":231,\"height\":142,\"caption\":\"Pova\u017esk\u00e9 m\u00fazeum\"},\"image\":{\"@id\":\"https:\\\/\\\/pmza.sk\\\/#\\\/schema\\\/logo\\\/image\\\/\"},\"sameAs\":[\"https:\\\/\\\/www.facebook.com\\\/povazskemuzeum\",\"https:\\\/\\\/www.instagram.com\\\/povazskemuzeum\\\/\"]},{\"@type\":\"Person\",\"@id\":\"https:\\\/\\\/pmza.sk\\\/#\\\/schema\\\/person\\\/595e6a2ce731ea94dcd5d7f50a41ae33\",\"name\":\"Pova\u017esk\u00e9 m\u00fazeum\",\"image\":{\"@type\":\"ImageObject\",\"inLanguage\":\"sk-SK\",\"@id\":\"https:\\\/\\\/secure.gravatar.com\\\/avatar\\\/2bb7f1561282132fb5826dfeccc66c7996d11ee392ac6aaf7ced8a1c2027fbb2?s=96&d=mm&r=g\",\"url\":\"https:\\\/\\\/secure.gravatar.com\\\/avatar\\\/2bb7f1561282132fb5826dfeccc66c7996d11ee392ac6aaf7ced8a1c2027fbb2?s=96&d=mm&r=g\",\"contentUrl\":\"https:\\\/\\\/secure.gravatar.com\\\/avatar\\\/2bb7f1561282132fb5826dfeccc66c7996d11ee392ac6aaf7ced8a1c2027fbb2?s=96&d=mm&r=g\",\"caption\":\"Pova\u017esk\u00e9 m\u00fazeum\"}}]}<\/script>\n<!-- \/ Yoast SEO plugin. -->","yoast_head_json":{"title":"Ke\u010f dl\u00e1to vyk\u00fazli zlato - Pova\u017esk\u00e9 m\u00fazeum","description":"Pova\u017esk\u00e9 m\u00fazeum spr\u00edstupn\u00ed od 1. febru\u00e1ra v priestoroch Drot\u00e1rskeho pavil\u00f3nu v are\u00e1li Budat\u00ednskeho hradu v\u00fdstavu Ke\u010f dl\u00e1to vyk\u00fazli zlato, ktor\u00e1 je uk\u00e1\u017ekou celo\u017eivotnej tvorby \u017eilinsk\u00e9ho rezb\u00e1ra Miroslava \u010euratn\u00e9ho.","robots":{"index":"index","follow":"follow","max-snippet":"max-snippet:-1","max-image-preview":"max-image-preview:large","max-video-preview":"max-video-preview:-1"},"canonical":"https:\/\/pmza.sk\/?p=46537","og_locale":"sk_SK","og_type":"article","og_title":"Ke\u010f dl\u00e1to vyk\u00fazli zlato - Pova\u017esk\u00e9 m\u00fazeum","og_description":"Pova\u017esk\u00e9 m\u00fazeum spr\u00edstupn\u00ed od 1. febru\u00e1ra v priestoroch Drot\u00e1rskeho pavil\u00f3nu v are\u00e1li Budat\u00ednskeho hradu v\u00fdstavu Ke\u010f dl\u00e1to vyk\u00fazli zlato, ktor\u00e1 je uk\u00e1\u017ekou celo\u017eivotnej tvorby \u017eilinsk\u00e9ho rezb\u00e1ra Miroslava \u010euratn\u00e9ho.","og_url":"https:\/\/pmza.sk\/?p=46537","og_site_name":"Pova\u017esk\u00e9 m\u00fazeum","article_publisher":"https:\/\/www.facebook.com\/povazskemuzeum","article_published_time":"2022-01-26T11:25:18+00:00","article_modified_time":"2022-04-28T05:06:06+00:00","og_image":[{"width":2480,"height":1158,"url":"https:\/\/pmza.sk\/wp-content\/uploads\/2022\/01\/foto-1.jpg","type":"image\/jpeg"}],"author":"Pova\u017esk\u00e9 m\u00fazeum","twitter_card":"summary_large_image","twitter_misc":{"Autor":"Pova\u017esk\u00e9 m\u00fazeum","Predpokladan\u00fd \u010das \u010d\u00edtania":"2 min\u00faty"},"schema":{"@context":"https:\/\/schema.org","@graph":[{"@type":"Article","@id":"https:\/\/pmza.sk\/?p=46537#article","isPartOf":{"@id":"https:\/\/pmza.sk\/?p=46537"},"author":{"name":"Pova\u017esk\u00e9 m\u00fazeum","@id":"https:\/\/pmza.sk\/#\/schema\/person\/595e6a2ce731ea94dcd5d7f50a41ae33"},"headline":"Ke\u010f dl\u00e1to vyk\u00fazli zlato","datePublished":"2022-01-26T11:25:18+00:00","dateModified":"2022-04-28T05:06:06+00:00","mainEntityOfPage":{"@id":"https:\/\/pmza.sk\/?p=46537"},"wordCount":386,"publisher":{"@id":"https:\/\/pmza.sk\/#organization"},"image":{"@id":"https:\/\/pmza.sk\/?p=46537#primaryimage"},"thumbnailUrl":"https:\/\/pmza.sk\/wp-content\/uploads\/2022\/01\/foto-1.jpg","articleSection":["V\u00fdstavy"],"inLanguage":"sk-SK"},{"@type":"WebPage","@id":"https:\/\/pmza.sk\/?p=46537","url":"https:\/\/pmza.sk\/?p=46537","name":"Ke\u010f dl\u00e1to vyk\u00fazli zlato - Pova\u017esk\u00e9 m\u00fazeum","isPartOf":{"@id":"https:\/\/pmza.sk\/#website"},"primaryImageOfPage":{"@id":"https:\/\/pmza.sk\/?p=46537#primaryimage"},"image":{"@id":"https:\/\/pmza.sk\/?p=46537#primaryimage"},"thumbnailUrl":"https:\/\/pmza.sk\/wp-content\/uploads\/2022\/01\/foto-1.jpg","datePublished":"2022-01-26T11:25:18+00:00","dateModified":"2022-04-28T05:06:06+00:00","description":"Pova\u017esk\u00e9 m\u00fazeum spr\u00edstupn\u00ed od 1. febru\u00e1ra v priestoroch Drot\u00e1rskeho pavil\u00f3nu v are\u00e1li Budat\u00ednskeho hradu v\u00fdstavu Ke\u010f dl\u00e1to vyk\u00fazli zlato, ktor\u00e1 je uk\u00e1\u017ekou celo\u017eivotnej tvorby \u017eilinsk\u00e9ho rezb\u00e1ra Miroslava \u010euratn\u00e9ho.","breadcrumb":{"@id":"https:\/\/pmza.sk\/?p=46537#breadcrumb"},"inLanguage":"sk-SK","potentialAction":[{"@type":"ReadAction","target":["https:\/\/pmza.sk\/?p=46537"]}]},{"@type":"ImageObject","inLanguage":"sk-SK","@id":"https:\/\/pmza.sk\/?p=46537#primaryimage","url":"https:\/\/pmza.sk\/wp-content\/uploads\/2022\/01\/foto-1.jpg","contentUrl":"https:\/\/pmza.sk\/wp-content\/uploads\/2022\/01\/foto-1.jpg","width":2480,"height":1158},{"@type":"BreadcrumbList","@id":"https:\/\/pmza.sk\/?p=46537#breadcrumb","itemListElement":[{"@type":"ListItem","position":1,"name":"Domovsk\u00e1 str\u00e1nka","item":"https:\/\/pmza.sk\/"},{"@type":"ListItem","position":2,"name":"Ke\u010f dl\u00e1to vyk\u00fazli zlato"}]},{"@type":"WebSite","@id":"https:\/\/pmza.sk\/#website","url":"https:\/\/pmza.sk\/","name":"Pova\u017esk\u00e9 m\u00fazeum","description":"Pova\u017esk\u00e9 m\u00fazeum v \u017diline je region\u00e1lne m\u00fazeum so s\u00eddlom v Budat\u00edne. Jeho expoz\u00edcie s\u00fa zameran\u00e9 na dejiny slovensk\u00e9ho umenia, kult\u00fary a dopravy.","publisher":{"@id":"https:\/\/pmza.sk\/#organization"},"potentialAction":[{"@type":"SearchAction","target":{"@type":"EntryPoint","urlTemplate":"https:\/\/pmza.sk\/?s={search_term_string}"},"query-input":{"@type":"PropertyValueSpecification","valueRequired":true,"valueName":"search_term_string"}}],"inLanguage":"sk-SK"},{"@type":"Organization","@id":"https:\/\/pmza.sk\/#organization","name":"Pova\u017esk\u00e9 m\u00fazeum","url":"https:\/\/pmza.sk\/","logo":{"@type":"ImageObject","inLanguage":"sk-SK","@id":"https:\/\/pmza.sk\/#\/schema\/logo\/image\/","url":"https:\/\/pmza.sk\/wp-content\/uploads\/2022\/01\/logo_PM_horizontal.jpg","contentUrl":"https:\/\/pmza.sk\/wp-content\/uploads\/2022\/01\/logo_PM_horizontal.jpg","width":231,"height":142,"caption":"Pova\u017esk\u00e9 m\u00fazeum"},"image":{"@id":"https:\/\/pmza.sk\/#\/schema\/logo\/image\/"},"sameAs":["https:\/\/www.facebook.com\/povazskemuzeum","https:\/\/www.instagram.com\/povazskemuzeum\/"]},{"@type":"Person","@id":"https:\/\/pmza.sk\/#\/schema\/person\/595e6a2ce731ea94dcd5d7f50a41ae33","name":"Pova\u017esk\u00e9 m\u00fazeum","image":{"@type":"ImageObject","inLanguage":"sk-SK","@id":"https:\/\/secure.gravatar.com\/avatar\/2bb7f1561282132fb5826dfeccc66c7996d11ee392ac6aaf7ced8a1c2027fbb2?s=96&d=mm&r=g","url":"https:\/\/secure.gravatar.com\/avatar\/2bb7f1561282132fb5826dfeccc66c7996d11ee392ac6aaf7ced8a1c2027fbb2?s=96&d=mm&r=g","contentUrl":"https:\/\/secure.gravatar.com\/avatar\/2bb7f1561282132fb5826dfeccc66c7996d11ee392ac6aaf7ced8a1c2027fbb2?s=96&d=mm&r=g","caption":"Pova\u017esk\u00e9 m\u00fazeum"}}]}},"_links":{"self":[{"href":"https:\/\/pmza.sk\/index.php?rest_route=\/wp\/v2\/posts\/46537","targetHints":{"allow":["GET"]}}],"collection":[{"href":"https:\/\/pmza.sk\/index.php?rest_route=\/wp\/v2\/posts"}],"about":[{"href":"https:\/\/pmza.sk\/index.php?rest_route=\/wp\/v2\/types\/post"}],"author":[{"embeddable":true,"href":"https:\/\/pmza.sk\/index.php?rest_route=\/wp\/v2\/users\/2"}],"replies":[{"embeddable":true,"href":"https:\/\/pmza.sk\/index.php?rest_route=%2Fwp%2Fv2%2Fcomments&post=46537"}],"version-history":[{"count":0,"href":"https:\/\/pmza.sk\/index.php?rest_route=\/wp\/v2\/posts\/46537\/revisions"}],"wp:featuredmedia":[{"embeddable":true,"href":"https:\/\/pmza.sk\/index.php?rest_route=\/wp\/v2\/media\/50058"}],"wp:attachment":[{"href":"https:\/\/pmza.sk\/index.php?rest_route=%2Fwp%2Fv2%2Fmedia&parent=46537"}],"wp:term":[{"taxonomy":"category","embeddable":true,"href":"https:\/\/pmza.sk\/index.php?rest_route=%2Fwp%2Fv2%2Fcategories&post=46537"},{"taxonomy":"post_tag","embeddable":true,"href":"https:\/\/pmza.sk\/index.php?rest_route=%2Fwp%2Fv2%2Ftags&post=46537"}],"curies":[{"name":"wp","href":"https:\/\/api.w.org\/{rel}","templated":true}]}}