{"id":46605,"date":"2022-02-14T09:02:01","date_gmt":"2022-02-14T08:02:01","guid":{"rendered":"https:\/\/pmza.sk\/2022\/02\/14\/zhasiname-pamiatky-na-protest\/"},"modified":"2022-02-23T08:31:16","modified_gmt":"2022-02-23T07:31:16","slug":"zhasiname-pamiatky-na-protest","status":"publish","type":"post","link":"https:\/\/pmza.sk\/?p=46605","title":{"rendered":"Zhas\u00edname pamiatky na protest"},"content":{"rendered":"<p><strong>Pamiatkari volaj\u00fa o pomoc, ale vl\u00e1da ich ignoruje. <\/strong><strong>Pod\u013ea nov\u00e9ho stavebn\u00e9ho z\u00e1kona sa z\u00a0pamiatkov\u00fdch \u00faradov maj\u00fa sta\u0165<\/strong><strong> stavebn\u00e9 \u00farady. Spojili sme sa v ich mene \u2013 ochrancovia kult\u00farneho dedi\u010dstva, spr\u00e1vcovia hradov, vlastn\u00edci a spr\u00e1vcovia pamiatok, mest\u00e1 a obce, archeol\u00f3govia, architekti, akademici a odborn\u00e1 verejnos\u0165, aby sme ako gesto podpory 15. <\/strong><strong>febru\u00e1ra 2022 v \u010dase o 19:00 <\/strong><strong>zhasli svetlo alebo vyvesili \u010diernu vlajku na ikonick\u00fdch pamiatkach, pamiatkach na Zozname svetov\u00e9ho dedi\u010dstva UNESCO a\u00a0mnoh\u00fdch \u010fal\u0161\u00edch po celom Slovensku. <\/strong><\/p>\n<p>Je to symbolick\u00fd krok k tomu, \u010do n\u00e1s \u010dak\u00e1, ak parlament schv\u00e1li nov\u00fd n\u00e1vrh z\u00e1kona o\u00a0v\u00fdstavbe. Pamiatky n\u00e1m zatia\u013e zmizn\u00fa len symbolicky na jeden ve\u010der, ale ak\u00e1 bude naozaj ich bud\u00facnos\u0165 po prijat\u00ed nov\u00e9ho z\u00e1kona o\u00a0v\u00fdstavbe? Syst\u00e9m ochrany pamiatok na Slovensku v s\u00fa\u010dasnosti nie je dokonal\u00fd. Transform\u00e1cia na stavebn\u00e9 \u00farady, pl\u00e1novan\u00e1 r\u00fdchlo a bez legislat\u00edvneho, organiza\u010dn\u00e9ho a\u00a0finan\u010dn\u00e9ho zabezpe\u010denia v\u0161ak bude znamena\u0165 paral\u00fdzu odbornej pr\u00e1ce pamiatkarov a ohrozenie pamiatok.<\/p>\n<p>Pripomienky odbornej verejnosti a pamiatkarov neboli akceptovan\u00e9. Otvoren\u00fd list riadite\u013eov krajsk\u00fdch pamiatkov\u00fdch \u00faradov poslancom NR SR musel by\u0165 stiahnut\u00fd z\u00a0webovej str\u00e1nky Pamiatkov\u00e9ho \u00faradu SR.<\/p>\n<p>O \u010do ide v novom stavebnom z\u00e1kone? Nov\u00fd syst\u00e9m zahlt\u00ed odborn\u00edkov novou stavebnou byrokraciou a ke\u010f nebud\u00fa ma\u0165 n\u00e1mietky vo\u010di stavebn\u00fdm z\u00e1merom v kr\u00e1tkej lehote, bude to znamena\u0165 automatick\u00fd s\u00fahlas s\u00a0b\u00faran\u00edm alebo stavan\u00edm. Byrokratick\u00e1 z\u00e1\u0165a\u017e \u00faradu sa zv\u00fd\u0161i viac ako dvojn\u00e1sobne. Po novom maj\u00fa stavby pamiatkari aj kolaudova\u0165, aj vies\u0165 stavebn\u00e9 konanie, a\u00a0teda kontrolova\u0165, \u010di m\u00e1 stavba dos\u0165 parkovac\u00edch miest alebo spr\u00e1vnu v\u00fd\u0161ku z\u00e1bradlia. Pr\u00e1ca pamiatkarov by sa v\u0161ak prioritne mala s\u00fastredi\u0165 na ochranu kult\u00farneho dedi\u010dstva a\u00a0jeho hodn\u00f4t. Hroz\u00ed, \u017ee mnoh\u00ed z\u00a0pamiatkarov zo svojej profesie rad\u0161ej od\u00eddu.<\/p>\n<p>K\u00fdm na Slovensku m\u00e1me na pamiatkov\u00fdch \u00faradoch spolu cca 200 odborn\u00fdch zamestnancov, v susednom \u010cesku je to pribli\u017ene 2000. Syst\u00e9m ochrany pamiatok m\u00e1 aj nedostatky, ale teraz mu hroz\u00ed kolaps, zrejme aby nekomplikoval r\u00f4zne kontroverzn\u00e9 investi\u010dn\u00e9 pl\u00e1ny. Nov\u00fd z\u00e1kon je ve\u013ek\u00fdm nepochopen\u00edm toho, \u010domu sa pamiatkari venuj\u00fa, maj\u00fa venova\u0165 a\u00a0ak\u00e9 s\u00fa probl\u00e9my pamiatok na Slovensku. Namiesto zvy\u0161ovania odbornosti a\u00a0zlep\u0161ovania slu\u017eieb poskytovan\u00fdch ob\u010danom n\u00e1s \u010dak\u00e1 neexistuj\u00faci po\u010d\u00edta\u010dov\u00fd program a\u00a0h\u0155ba byrokracie. Pamiatkari maj\u00fa pom\u00e1ha\u0165 ob\u010danom v\u00a0ter\u00e9ne a\u00a0nie rozhodova\u0165 od stola.<\/p>\n<p>Pamiatkov\u00e1 starostlivos\u0165 na Slovensku dosiahla kr\u00e1sny vek 70 rokov a\u00a0z\u00e1rove\u0148 si pripom\u00edname aj 30. v\u00fdro\u010die z\u00e1pisu na\u0161ich prv\u00fdch lokal\u00edt do Zoznamu svetov\u00e9ho dedi\u010dstva UNESCO. Hroz\u00ed v\u0161ak, \u017ee nov\u00fd stavebn\u00fd z\u00e1kon pamiatkov\u00fa starostlivos\u0165 na Slovensku pochov\u00e1 a\u00a0s\u00a0\u0148ou aj na\u0161e kult\u00farne dedi\u010dstvo.<\/p>\n<p>Pova\u017esk\u00e9 m\u00fazeum zhasne v utorok 15. febru\u00e1ra o 19.00 Budat\u00ednsky hrad a hrad Stre\u010dno.<\/p>\n","protected":false},"excerpt":{"rendered":"<p>Pamiatkari volaj\u00fa o pomoc, ale vl\u00e1da ich ignoruje. Pod\u013ea nov\u00e9ho stavebn\u00e9ho z\u00e1kona sa z\u00a0pamiatkov\u00fdch \u00faradov maj\u00fa sta\u0165 stavebn\u00e9 \u00farady. Spojili sme sa v ich mene \u2013 ochrancovia kult\u00farneho dedi\u010dstva, spr\u00e1vcovia hradov, vlastn\u00edci a spr\u00e1vcovia pamiatok, mest\u00e1 a obce, archeol\u00f3govia, architekti, akademici a odborn\u00e1 verejnos\u0165, aby sme ako gesto podpory 15. febru\u00e1ra 2022 v \u010dase o [&hellip;]<\/p>\n","protected":false},"author":2,"featured_media":46606,"comment_status":"closed","ping_status":"closed","sticky":false,"template":"","format":"standard","meta":{"site-sidebar-layout":"default","site-content-layout":"","ast-site-content-layout":"","site-content-style":"default","site-sidebar-style":"default","ast-global-header-display":"","ast-banner-title-visibility":"","ast-main-header-display":"","ast-hfb-above-header-display":"","ast-hfb-below-header-display":"","ast-hfb-mobile-header-display":"","site-post-title":"","ast-breadcrumbs-content":"","ast-featured-img":"","footer-sml-layout":"","theme-transparent-header-meta":"","adv-header-id-meta":"","stick-header-meta":"","header-above-stick-meta":"","header-main-stick-meta":"","header-below-stick-meta":"","astra-migrate-meta-layouts":"default","ast-page-background-enabled":"default","ast-page-background-meta":{"desktop":{"background-color":"var(--ast-global-color-4)","background-image":"","background-repeat":"repeat","background-position":"center center","background-size":"auto","background-attachment":"scroll","background-type":"","background-media":"","overlay-type":"","overlay-color":"","overlay-opacity":"","overlay-gradient":""},"tablet":{"background-color":"","background-image":"","background-repeat":"repeat","background-position":"center center","background-size":"auto","background-attachment":"scroll","background-type":"","background-media":"","overlay-type":"","overlay-color":"","overlay-opacity":"","overlay-gradient":""},"mobile":{"background-color":"","background-image":"","background-repeat":"repeat","background-position":"center center","background-size":"auto","background-attachment":"scroll","background-type":"","background-media":"","overlay-type":"","overlay-color":"","overlay-opacity":"","overlay-gradient":""}},"ast-content-background-meta":{"desktop":{"background-color":"var(--ast-global-color-5)","background-image":"","background-repeat":"repeat","background-position":"center center","background-size":"auto","background-attachment":"scroll","background-type":"","background-media":"","overlay-type":"","overlay-color":"","overlay-opacity":"","overlay-gradient":""},"tablet":{"background-color":"var(--ast-global-color-5)","background-image":"","background-repeat":"repeat","background-position":"center center","background-size":"auto","background-attachment":"scroll","background-type":"","background-media":"","overlay-type":"","overlay-color":"","overlay-opacity":"","overlay-gradient":""},"mobile":{"background-color":"var(--ast-global-color-5)","background-image":"","background-repeat":"repeat","background-position":"center center","background-size":"auto","background-attachment":"scroll","background-type":"","background-media":"","overlay-type":"","overlay-color":"","overlay-opacity":"","overlay-gradient":""}},"footnotes":""},"categories":[31],"tags":[],"class_list":["post-46605","post","type-post","status-publish","format-standard","has-post-thumbnail","hentry","category-aktuality"],"yoast_head":"<!-- This site is optimized with the Yoast SEO plugin v27.4 - https:\/\/yoast.com\/product\/yoast-seo-wordpress\/ -->\n<title>Zhas\u00edname pamiatky na protest - Pova\u017esk\u00e9 m\u00fazeum<\/title>\n<meta name=\"robots\" content=\"index, follow, max-snippet:-1, max-image-preview:large, max-video-preview:-1\" \/>\n<link rel=\"canonical\" href=\"https:\/\/pmza.sk\/?p=46605\" \/>\n<meta property=\"og:locale\" content=\"sk_SK\" \/>\n<meta property=\"og:type\" content=\"article\" \/>\n<meta property=\"og:title\" content=\"Zhas\u00edname pamiatky na protest - Pova\u017esk\u00e9 m\u00fazeum\" \/>\n<meta property=\"og:description\" content=\"Pamiatkari volaj\u00fa o pomoc, ale vl\u00e1da ich ignoruje. Pod\u013ea nov\u00e9ho stavebn\u00e9ho z\u00e1kona sa z\u00a0pamiatkov\u00fdch \u00faradov maj\u00fa sta\u0165 stavebn\u00e9 \u00farady. Spojili sme sa v ich mene \u2013 ochrancovia kult\u00farneho dedi\u010dstva, spr\u00e1vcovia hradov, vlastn\u00edci a spr\u00e1vcovia pamiatok, mest\u00e1 a obce, archeol\u00f3govia, architekti, akademici a odborn\u00e1 verejnos\u0165, aby sme ako gesto podpory 15. febru\u00e1ra 2022 v \u010dase o [&hellip;]\" \/>\n<meta property=\"og:url\" content=\"https:\/\/pmza.sk\/?p=46605\" \/>\n<meta property=\"og:site_name\" content=\"Pova\u017esk\u00e9 m\u00fazeum\" \/>\n<meta property=\"article:publisher\" content=\"https:\/\/www.facebook.com\/povazskemuzeum\" \/>\n<meta property=\"article:published_time\" content=\"2022-02-14T08:02:01+00:00\" \/>\n<meta property=\"article:modified_time\" content=\"2022-02-23T07:31:16+00:00\" \/>\n<meta property=\"og:image\" content=\"https:\/\/pmza.sk\/wp-content\/uploads\/2022\/02\/Strecno-tma.jpg\" \/>\n\t<meta property=\"og:image:width\" content=\"1024\" \/>\n\t<meta property=\"og:image:height\" content=\"768\" \/>\n\t<meta property=\"og:image:type\" content=\"image\/jpeg\" \/>\n<meta name=\"author\" content=\"Pova\u017esk\u00e9 m\u00fazeum\" \/>\n<meta name=\"twitter:card\" content=\"summary_large_image\" \/>\n<meta name=\"twitter:label1\" content=\"Autor\" \/>\n\t<meta name=\"twitter:data1\" content=\"Pova\u017esk\u00e9 m\u00fazeum\" \/>\n\t<meta name=\"twitter:label2\" content=\"Predpokladan\u00fd \u010das \u010d\u00edtania\" \/>\n\t<meta name=\"twitter:data2\" content=\"3 min\u00faty\" \/>\n<script type=\"application\/ld+json\" class=\"yoast-schema-graph\">{\"@context\":\"https:\\\/\\\/schema.org\",\"@graph\":[{\"@type\":\"Article\",\"@id\":\"https:\\\/\\\/pmza.sk\\\/?p=46605#article\",\"isPartOf\":{\"@id\":\"https:\\\/\\\/pmza.sk\\\/?p=46605\"},\"author\":{\"name\":\"Pova\u017esk\u00e9 m\u00fazeum\",\"@id\":\"https:\\\/\\\/pmza.sk\\\/#\\\/schema\\\/person\\\/595e6a2ce731ea94dcd5d7f50a41ae33\"},\"headline\":\"Zhas\u00edname pamiatky na protest\",\"datePublished\":\"2022-02-14T08:02:01+00:00\",\"dateModified\":\"2022-02-23T07:31:16+00:00\",\"mainEntityOfPage\":{\"@id\":\"https:\\\/\\\/pmza.sk\\\/?p=46605\"},\"wordCount\":523,\"publisher\":{\"@id\":\"https:\\\/\\\/pmza.sk\\\/#organization\"},\"image\":{\"@id\":\"https:\\\/\\\/pmza.sk\\\/?p=46605#primaryimage\"},\"thumbnailUrl\":\"https:\\\/\\\/pmza.sk\\\/wp-content\\\/uploads\\\/2022\\\/02\\\/Strecno-tma.jpg\",\"articleSection\":[\"Aktuality\"],\"inLanguage\":\"sk-SK\"},{\"@type\":\"WebPage\",\"@id\":\"https:\\\/\\\/pmza.sk\\\/?p=46605\",\"url\":\"https:\\\/\\\/pmza.sk\\\/?p=46605\",\"name\":\"Zhas\u00edname pamiatky na protest - Pova\u017esk\u00e9 m\u00fazeum\",\"isPartOf\":{\"@id\":\"https:\\\/\\\/pmza.sk\\\/#website\"},\"primaryImageOfPage\":{\"@id\":\"https:\\\/\\\/pmza.sk\\\/?p=46605#primaryimage\"},\"image\":{\"@id\":\"https:\\\/\\\/pmza.sk\\\/?p=46605#primaryimage\"},\"thumbnailUrl\":\"https:\\\/\\\/pmza.sk\\\/wp-content\\\/uploads\\\/2022\\\/02\\\/Strecno-tma.jpg\",\"datePublished\":\"2022-02-14T08:02:01+00:00\",\"dateModified\":\"2022-02-23T07:31:16+00:00\",\"breadcrumb\":{\"@id\":\"https:\\\/\\\/pmza.sk\\\/?p=46605#breadcrumb\"},\"inLanguage\":\"sk-SK\",\"potentialAction\":[{\"@type\":\"ReadAction\",\"target\":[\"https:\\\/\\\/pmza.sk\\\/?p=46605\"]}]},{\"@type\":\"ImageObject\",\"inLanguage\":\"sk-SK\",\"@id\":\"https:\\\/\\\/pmza.sk\\\/?p=46605#primaryimage\",\"url\":\"https:\\\/\\\/pmza.sk\\\/wp-content\\\/uploads\\\/2022\\\/02\\\/Strecno-tma.jpg\",\"contentUrl\":\"https:\\\/\\\/pmza.sk\\\/wp-content\\\/uploads\\\/2022\\\/02\\\/Strecno-tma.jpg\",\"width\":1024,\"height\":768},{\"@type\":\"BreadcrumbList\",\"@id\":\"https:\\\/\\\/pmza.sk\\\/?p=46605#breadcrumb\",\"itemListElement\":[{\"@type\":\"ListItem\",\"position\":1,\"name\":\"Domovsk\u00e1 str\u00e1nka\",\"item\":\"https:\\\/\\\/pmza.sk\\\/\"},{\"@type\":\"ListItem\",\"position\":2,\"name\":\"Zhas\u00edname pamiatky na protest\"}]},{\"@type\":\"WebSite\",\"@id\":\"https:\\\/\\\/pmza.sk\\\/#website\",\"url\":\"https:\\\/\\\/pmza.sk\\\/\",\"name\":\"Pova\u017esk\u00e9 m\u00fazeum\",\"description\":\"Pova\u017esk\u00e9 m\u00fazeum v \u017diline je region\u00e1lne m\u00fazeum so s\u00eddlom v Budat\u00edne. Jeho expoz\u00edcie s\u00fa zameran\u00e9 na dejiny slovensk\u00e9ho umenia, kult\u00fary a dopravy.\",\"publisher\":{\"@id\":\"https:\\\/\\\/pmza.sk\\\/#organization\"},\"potentialAction\":[{\"@type\":\"SearchAction\",\"target\":{\"@type\":\"EntryPoint\",\"urlTemplate\":\"https:\\\/\\\/pmza.sk\\\/?s={search_term_string}\"},\"query-input\":{\"@type\":\"PropertyValueSpecification\",\"valueRequired\":true,\"valueName\":\"search_term_string\"}}],\"inLanguage\":\"sk-SK\"},{\"@type\":\"Organization\",\"@id\":\"https:\\\/\\\/pmza.sk\\\/#organization\",\"name\":\"Pova\u017esk\u00e9 m\u00fazeum\",\"url\":\"https:\\\/\\\/pmza.sk\\\/\",\"logo\":{\"@type\":\"ImageObject\",\"inLanguage\":\"sk-SK\",\"@id\":\"https:\\\/\\\/pmza.sk\\\/#\\\/schema\\\/logo\\\/image\\\/\",\"url\":\"https:\\\/\\\/pmza.sk\\\/wp-content\\\/uploads\\\/2022\\\/01\\\/logo_PM_horizontal.jpg\",\"contentUrl\":\"https:\\\/\\\/pmza.sk\\\/wp-content\\\/uploads\\\/2022\\\/01\\\/logo_PM_horizontal.jpg\",\"width\":231,\"height\":142,\"caption\":\"Pova\u017esk\u00e9 m\u00fazeum\"},\"image\":{\"@id\":\"https:\\\/\\\/pmza.sk\\\/#\\\/schema\\\/logo\\\/image\\\/\"},\"sameAs\":[\"https:\\\/\\\/www.facebook.com\\\/povazskemuzeum\",\"https:\\\/\\\/www.instagram.com\\\/povazskemuzeum\\\/\"]},{\"@type\":\"Person\",\"@id\":\"https:\\\/\\\/pmza.sk\\\/#\\\/schema\\\/person\\\/595e6a2ce731ea94dcd5d7f50a41ae33\",\"name\":\"Pova\u017esk\u00e9 m\u00fazeum\",\"image\":{\"@type\":\"ImageObject\",\"inLanguage\":\"sk-SK\",\"@id\":\"https:\\\/\\\/secure.gravatar.com\\\/avatar\\\/2bb7f1561282132fb5826dfeccc66c7996d11ee392ac6aaf7ced8a1c2027fbb2?s=96&d=mm&r=g\",\"url\":\"https:\\\/\\\/secure.gravatar.com\\\/avatar\\\/2bb7f1561282132fb5826dfeccc66c7996d11ee392ac6aaf7ced8a1c2027fbb2?s=96&d=mm&r=g\",\"contentUrl\":\"https:\\\/\\\/secure.gravatar.com\\\/avatar\\\/2bb7f1561282132fb5826dfeccc66c7996d11ee392ac6aaf7ced8a1c2027fbb2?s=96&d=mm&r=g\",\"caption\":\"Pova\u017esk\u00e9 m\u00fazeum\"}}]}<\/script>\n<!-- \/ Yoast SEO plugin. -->","yoast_head_json":{"title":"Zhas\u00edname pamiatky na protest - Pova\u017esk\u00e9 m\u00fazeum","robots":{"index":"index","follow":"follow","max-snippet":"max-snippet:-1","max-image-preview":"max-image-preview:large","max-video-preview":"max-video-preview:-1"},"canonical":"https:\/\/pmza.sk\/?p=46605","og_locale":"sk_SK","og_type":"article","og_title":"Zhas\u00edname pamiatky na protest - Pova\u017esk\u00e9 m\u00fazeum","og_description":"Pamiatkari volaj\u00fa o pomoc, ale vl\u00e1da ich ignoruje. Pod\u013ea nov\u00e9ho stavebn\u00e9ho z\u00e1kona sa z\u00a0pamiatkov\u00fdch \u00faradov maj\u00fa sta\u0165 stavebn\u00e9 \u00farady. Spojili sme sa v ich mene \u2013 ochrancovia kult\u00farneho dedi\u010dstva, spr\u00e1vcovia hradov, vlastn\u00edci a spr\u00e1vcovia pamiatok, mest\u00e1 a obce, archeol\u00f3govia, architekti, akademici a odborn\u00e1 verejnos\u0165, aby sme ako gesto podpory 15. febru\u00e1ra 2022 v \u010dase o [&hellip;]","og_url":"https:\/\/pmza.sk\/?p=46605","og_site_name":"Pova\u017esk\u00e9 m\u00fazeum","article_publisher":"https:\/\/www.facebook.com\/povazskemuzeum","article_published_time":"2022-02-14T08:02:01+00:00","article_modified_time":"2022-02-23T07:31:16+00:00","og_image":[{"width":1024,"height":768,"url":"https:\/\/pmza.sk\/wp-content\/uploads\/2022\/02\/Strecno-tma.jpg","type":"image\/jpeg"}],"author":"Pova\u017esk\u00e9 m\u00fazeum","twitter_card":"summary_large_image","twitter_misc":{"Autor":"Pova\u017esk\u00e9 m\u00fazeum","Predpokladan\u00fd \u010das \u010d\u00edtania":"3 min\u00faty"},"schema":{"@context":"https:\/\/schema.org","@graph":[{"@type":"Article","@id":"https:\/\/pmza.sk\/?p=46605#article","isPartOf":{"@id":"https:\/\/pmza.sk\/?p=46605"},"author":{"name":"Pova\u017esk\u00e9 m\u00fazeum","@id":"https:\/\/pmza.sk\/#\/schema\/person\/595e6a2ce731ea94dcd5d7f50a41ae33"},"headline":"Zhas\u00edname pamiatky na protest","datePublished":"2022-02-14T08:02:01+00:00","dateModified":"2022-02-23T07:31:16+00:00","mainEntityOfPage":{"@id":"https:\/\/pmza.sk\/?p=46605"},"wordCount":523,"publisher":{"@id":"https:\/\/pmza.sk\/#organization"},"image":{"@id":"https:\/\/pmza.sk\/?p=46605#primaryimage"},"thumbnailUrl":"https:\/\/pmza.sk\/wp-content\/uploads\/2022\/02\/Strecno-tma.jpg","articleSection":["Aktuality"],"inLanguage":"sk-SK"},{"@type":"WebPage","@id":"https:\/\/pmza.sk\/?p=46605","url":"https:\/\/pmza.sk\/?p=46605","name":"Zhas\u00edname pamiatky na protest - Pova\u017esk\u00e9 m\u00fazeum","isPartOf":{"@id":"https:\/\/pmza.sk\/#website"},"primaryImageOfPage":{"@id":"https:\/\/pmza.sk\/?p=46605#primaryimage"},"image":{"@id":"https:\/\/pmza.sk\/?p=46605#primaryimage"},"thumbnailUrl":"https:\/\/pmza.sk\/wp-content\/uploads\/2022\/02\/Strecno-tma.jpg","datePublished":"2022-02-14T08:02:01+00:00","dateModified":"2022-02-23T07:31:16+00:00","breadcrumb":{"@id":"https:\/\/pmza.sk\/?p=46605#breadcrumb"},"inLanguage":"sk-SK","potentialAction":[{"@type":"ReadAction","target":["https:\/\/pmza.sk\/?p=46605"]}]},{"@type":"ImageObject","inLanguage":"sk-SK","@id":"https:\/\/pmza.sk\/?p=46605#primaryimage","url":"https:\/\/pmza.sk\/wp-content\/uploads\/2022\/02\/Strecno-tma.jpg","contentUrl":"https:\/\/pmza.sk\/wp-content\/uploads\/2022\/02\/Strecno-tma.jpg","width":1024,"height":768},{"@type":"BreadcrumbList","@id":"https:\/\/pmza.sk\/?p=46605#breadcrumb","itemListElement":[{"@type":"ListItem","position":1,"name":"Domovsk\u00e1 str\u00e1nka","item":"https:\/\/pmza.sk\/"},{"@type":"ListItem","position":2,"name":"Zhas\u00edname pamiatky na protest"}]},{"@type":"WebSite","@id":"https:\/\/pmza.sk\/#website","url":"https:\/\/pmza.sk\/","name":"Pova\u017esk\u00e9 m\u00fazeum","description":"Pova\u017esk\u00e9 m\u00fazeum v \u017diline je region\u00e1lne m\u00fazeum so s\u00eddlom v Budat\u00edne. Jeho expoz\u00edcie s\u00fa zameran\u00e9 na dejiny slovensk\u00e9ho umenia, kult\u00fary a dopravy.","publisher":{"@id":"https:\/\/pmza.sk\/#organization"},"potentialAction":[{"@type":"SearchAction","target":{"@type":"EntryPoint","urlTemplate":"https:\/\/pmza.sk\/?s={search_term_string}"},"query-input":{"@type":"PropertyValueSpecification","valueRequired":true,"valueName":"search_term_string"}}],"inLanguage":"sk-SK"},{"@type":"Organization","@id":"https:\/\/pmza.sk\/#organization","name":"Pova\u017esk\u00e9 m\u00fazeum","url":"https:\/\/pmza.sk\/","logo":{"@type":"ImageObject","inLanguage":"sk-SK","@id":"https:\/\/pmza.sk\/#\/schema\/logo\/image\/","url":"https:\/\/pmza.sk\/wp-content\/uploads\/2022\/01\/logo_PM_horizontal.jpg","contentUrl":"https:\/\/pmza.sk\/wp-content\/uploads\/2022\/01\/logo_PM_horizontal.jpg","width":231,"height":142,"caption":"Pova\u017esk\u00e9 m\u00fazeum"},"image":{"@id":"https:\/\/pmza.sk\/#\/schema\/logo\/image\/"},"sameAs":["https:\/\/www.facebook.com\/povazskemuzeum","https:\/\/www.instagram.com\/povazskemuzeum\/"]},{"@type":"Person","@id":"https:\/\/pmza.sk\/#\/schema\/person\/595e6a2ce731ea94dcd5d7f50a41ae33","name":"Pova\u017esk\u00e9 m\u00fazeum","image":{"@type":"ImageObject","inLanguage":"sk-SK","@id":"https:\/\/secure.gravatar.com\/avatar\/2bb7f1561282132fb5826dfeccc66c7996d11ee392ac6aaf7ced8a1c2027fbb2?s=96&d=mm&r=g","url":"https:\/\/secure.gravatar.com\/avatar\/2bb7f1561282132fb5826dfeccc66c7996d11ee392ac6aaf7ced8a1c2027fbb2?s=96&d=mm&r=g","contentUrl":"https:\/\/secure.gravatar.com\/avatar\/2bb7f1561282132fb5826dfeccc66c7996d11ee392ac6aaf7ced8a1c2027fbb2?s=96&d=mm&r=g","caption":"Pova\u017esk\u00e9 m\u00fazeum"}}]}},"_links":{"self":[{"href":"https:\/\/pmza.sk\/index.php?rest_route=\/wp\/v2\/posts\/46605","targetHints":{"allow":["GET"]}}],"collection":[{"href":"https:\/\/pmza.sk\/index.php?rest_route=\/wp\/v2\/posts"}],"about":[{"href":"https:\/\/pmza.sk\/index.php?rest_route=\/wp\/v2\/types\/post"}],"author":[{"embeddable":true,"href":"https:\/\/pmza.sk\/index.php?rest_route=\/wp\/v2\/users\/2"}],"replies":[{"embeddable":true,"href":"https:\/\/pmza.sk\/index.php?rest_route=%2Fwp%2Fv2%2Fcomments&post=46605"}],"version-history":[{"count":0,"href":"https:\/\/pmza.sk\/index.php?rest_route=\/wp\/v2\/posts\/46605\/revisions"}],"wp:featuredmedia":[{"embeddable":true,"href":"https:\/\/pmza.sk\/index.php?rest_route=\/wp\/v2\/media\/46606"}],"wp:attachment":[{"href":"https:\/\/pmza.sk\/index.php?rest_route=%2Fwp%2Fv2%2Fmedia&parent=46605"}],"wp:term":[{"taxonomy":"category","embeddable":true,"href":"https:\/\/pmza.sk\/index.php?rest_route=%2Fwp%2Fv2%2Fcategories&post=46605"},{"taxonomy":"post_tag","embeddable":true,"href":"https:\/\/pmza.sk\/index.php?rest_route=%2Fwp%2Fv2%2Ftags&post=46605"}],"curies":[{"name":"wp","href":"https:\/\/api.w.org\/{rel}","templated":true}]}}