{"id":46611,"date":"2022-02-15T09:13:46","date_gmt":"2022-02-15T08:13:46","guid":{"rendered":"https:\/\/pmza.sk\/2022\/02\/15\/restaurovaniehistorickejcirkevnejzastavyznededze\/"},"modified":"2025-05-15T07:18:51","modified_gmt":"2025-05-15T05:18:51","slug":"restaurovaniehistorickejcirkevnejzastavyznededze","status":"publish","type":"post","link":"https:\/\/pmza.sk\/?p=46611","title":{"rendered":"Re\u0161taurovanie historickej cirkevnej z\u00e1stavy z Nededze"},"content":{"rendered":"<p><strong>\u201eNEDECANIA Z.\u00a0AMERIKI 1912.<\/strong><strong>\u201c<\/strong><\/p>\n<p><strong>1. etapa re\u0161taurovania historickej cirkevnej z\u00e1stavy <\/strong><\/p>\n<p>Hoci v s\u00fa\u010dasnosti nach\u00e1dzaj\u00fa cirkevn\u00e9 procesiov\u00e9 z\u00e1stavy op\u00e4\u0165 svoje uplatnenie, tie z d\u00e1vnej\u0161ej minulosti sa v r\u00e1mci textiln\u00fdch pamiatok sakr\u00e1lneho charakteru zachovali len v\u00fdnimo\u010dne. V zbierkovom fonde Pova\u017esk\u00e9ho m\u00fazea ich m\u00f4\u017eeme n\u00e1js\u0165 nieko\u013eko a medzi nimi aj jednu \u0161pecifick\u00fa, preto\u017ee nes\u00favis\u00ed len so sf\u00e9rou n\u00e1bo\u017eenskou. Ide o cirkevn\u00fa z\u00e1stavu,s n\u00e1pisom: \u201eNEDECANIA Z. AMERIKI 1912.\u201c Svojim vro\u010den\u00edm n\u00e1m pripom\u00edna obdobie \u0165a\u017ek\u00fdch rozhodnut\u00ed spojen\u00fdch s\u00a0odchodom niektor\u00fdch obyvate\u013eov obce Nededza za pr\u00e1cou i lep\u0161\u00edm \u017eivotom do USA, ale z\u00e1rove\u0148 dokumentuje aj ich pretrv\u00e1vaj\u00faci vz\u0165ah k\u00a0domovine a\u00a0k\u00a0jej zvyklostiam.<\/p>\n<figure style=\"width: 228px\" class=\"wp-caption aligncenter\"><a href=\"https:\/\/pmza.sk\/wp-content\/uploads\/2022\/02\/c.-1-web.jpg\"><img fetchpriority=\"high\" decoding=\"async\" src=\"https:\/\/pmza.sk\/wp-content\/uploads\/2022\/02\/c.-1-web-228x360.jpg\" alt=\"Z\u00e1stava pred rekon\u0161trukciou averz\" width=\"228\" height=\"360\" \/><\/a><figcaption class=\"wp-caption-text\">Z\u00e1stava pred rekon\u0161trukciou averz<\/figcaption><\/figure>\n<figure style=\"width: 244px\" class=\"wp-caption aligncenter\"><a href=\"https:\/\/pmza.sk\/wp-content\/uploads\/2022\/02\/c.-2-web.jpg\"><img decoding=\"async\" src=\"https:\/\/pmza.sk\/wp-content\/uploads\/2022\/02\/c.-2-web-244x360.jpg\" alt=\"\" width=\"244\" height=\"360\" \/><\/a><figcaption class=\"wp-caption-text\">Z\u00e1stava pred rekon\u0161trukciou reverz<\/figcaption><\/figure>\n<p>&nbsp;<\/p>\n<p>Na jese\u0148 roku 2021 sa s finan\u010dnou podporou Fondu na podporu umenia za\u010dala prv\u00e1 etapa jej re\u0161taurovania, s cie\u013eom obnovi\u0165 zna\u010dne po\u0161koden\u00fa textiln\u00fa \u010das\u0165. Z\u00e1stavov\u00fd list zo vzorovanej dama\u0161kovej tkaniny \u017eltej farby m\u00e1 obd\u013a\u017enikov\u00fd tvar, v dolnej polovici \u010dlenen\u00fd do piatich c\u00edpov ukon\u010den\u00fdch ozdobn\u00fdmi pozamentierskymi strapcami. V jeho strede bolo p\u00f4vodne v\u0161it\u00e9 obojstranne ma\u013eovan\u00e9 pl\u00e1tno ov\u00e1lneho tvaru. Ma\u013eba na strane s dedika\u010dn\u00fdm n\u00e1pisom zobrazuje v pok\u013eaku sa modliaceho Sv. Izidora \u2013 patr\u00f3na ro\u013en\u00edkov. V\u00fdjav sa via\u017ee k legende, pod\u013ea ktorej po\u010das Izidorov\u00fdch modlitieb na poli, pokra\u010doval za neho v orbe anjel. Druh\u00e1 strana predstavuje Sv. Vendel\u00edna ako k\u013ea\u010diaceho mlad\u00e9ho pastiera v krajinnej scen\u00e9rii s kostolom a nieko\u013ek\u00fdmi domami, takisto s rukami zop\u00e4t\u00fdmi k modlitbe. Je patr\u00f3nom pastierov, ale tie\u017e pol\u00ed, a podobne ako sv. Izidor, aj ro\u013en\u00edkov a v\u0161eobecnej\u0161ie sedliakov. Nad obidvoma zobrazeniami s\u00fa ru\u010dne ma\u013eovan\u00e9 n\u00e1pisy s menom pr\u00edslu\u0161n\u00e9ho sv\u00e4tca a skratkou O.P. (orate pro \u2013 modli sa za), ktorej v\u00fdznam zv\u00fdraz\u0148uj\u00fa aj z\u00e1merne pou\u017eit\u00e9 p\u00f3zy post\u00e1v. Tu m\u00f4\u017eeme azda opr\u00e1vnene skon\u0161tatova\u0165, \u017ee vo\u013eba oboch patr\u00f3nov nie je n\u00e1hodn\u00e1, ale poukazuje na vtedaj\u0161\u00ed prevl\u00e1daj\u00faci sp\u00f4sob ob\u017eivy obyvate\u013eov Nededze. Spom\u00ednan\u00e9 obojstranne ma\u013eovan\u00e9 pl\u00e1tno je v s\u00fa\u010dasnosti zo z\u00e1stavov\u00e9ho listu vy\u0148at\u00e9 a jeho obnova by mala by\u0165 predmetom druhej etapy re\u0161taurovania. Obvod z\u00e1stavy je \u010falej ob\u0161it\u00fd \u00fazkou strapcovitou lemovkou a z prie\u010dnej \u017erde s mosadzn\u00fdmi n\u00e1kon\u010diami visia po stran\u00e1ch dve dekorat\u00edvne \u0161n\u00fary, jedna op\u00e4\u0165 ukon\u010den\u00e1 pozamentierskym strapcom.<\/p>\n<figure style=\"width: 250px\" class=\"wp-caption aligncenter\"><a href=\"https:\/\/pmza.sk\/wp-content\/uploads\/2022\/02\/c.-3.jpg\"><img decoding=\"async\" src=\"https:\/\/pmza.sk\/wp-content\/uploads\/2022\/02\/c.-3-250x360.jpg\" alt=\"\" width=\"250\" height=\"360\" \/><\/a><figcaption class=\"wp-caption-text\">Z\u00e1stava po demont\u00e1\u017ei ov\u00e1lnej ma\u013eby, stav pred \u010disten\u00edm<\/figcaption><\/figure>\n<figure style=\"width: 480px\" class=\"wp-caption aligncenter\"><a href=\"https:\/\/pmza.sk\/wp-content\/uploads\/2022\/02\/c.-4-web.jpg\"><img loading=\"lazy\" decoding=\"async\" src=\"https:\/\/pmza.sk\/wp-content\/uploads\/2022\/02\/c.-4-web-480x360.jpg\" alt=\"\" width=\"480\" height=\"360\" \/><\/a><figcaption class=\"wp-caption-text\">Po\u0161koden\u00e1 tkanina s rozsiahlymi trhlinami, stav pred re\u0161taurovan\u00edm<\/figcaption><\/figure>\n<figure style=\"width: 480px\" class=\"wp-caption aligncenter\"><a href=\"https:\/\/pmza.sk\/wp-content\/uploads\/2022\/02\/c.-5-web.jpg\"><img loading=\"lazy\" decoding=\"async\" src=\"https:\/\/pmza.sk\/wp-content\/uploads\/2022\/02\/c.-5-web-480x360.jpg\" alt=\"\" width=\"480\" height=\"360\" \/><\/a><figcaption class=\"wp-caption-text\">Makroz\u00e1ber textiln\u00fdch vl\u00e1kien (osnovy aj \u00fatku) po\u0161kodenej dama\u0161kovej tkaniny<\/figcaption><\/figure>\n<figure style=\"width: 480px\" class=\"wp-caption aligncenter\"><a href=\"https:\/\/pmza.sk\/wp-content\/uploads\/2022\/02\/c.-6-web.jpg\"><img loading=\"lazy\" decoding=\"async\" src=\"https:\/\/pmza.sk\/wp-content\/uploads\/2022\/02\/c.-6-web-480x360.jpg\" alt=\"\" width=\"480\" height=\"360\" \/><\/a><figcaption class=\"wp-caption-text\">Lok\u00e1lne \u010distenie tkaniny vo vodnom k\u00fapeli<\/figcaption><\/figure>\n<figure style=\"width: 570px\" class=\"wp-caption aligncenter\"><a href=\"https:\/\/pmza.sk\/wp-content\/uploads\/2022\/02\/c.-7-web.jpg\"><img loading=\"lazy\" decoding=\"async\" src=\"https:\/\/pmza.sk\/wp-content\/uploads\/2022\/02\/c.-7-web-570x350.jpg\" alt=\"\" width=\"570\" height=\"350\" \/><\/a><figcaption class=\"wp-caption-text\">\u010cistenie suchou cestou Wishab hubkou. Vpravo \u2013 vy\u010disten\u00e1 strana, v\u013eavo \u2013 stav pred vy\u010disten\u00edm<\/figcaption><\/figure>\n<figure style=\"width: 270px\" class=\"wp-caption aligncenter\"><a href=\"https:\/\/pmza.sk\/wp-content\/uploads\/2022\/02\/c.-8-web.jpg\"><img loading=\"lazy\" decoding=\"async\" src=\"https:\/\/pmza.sk\/wp-content\/uploads\/2022\/02\/c.-8-web-270x360.jpg\" alt=\"\" width=\"270\" height=\"360\" \/><\/a><figcaption class=\"wp-caption-text\">Tkanina po vy\u010disten\u00ed<\/figcaption><\/figure>\n<figure style=\"width: 270px\" class=\"wp-caption aligncenter\"><a href=\"https:\/\/pmza.sk\/wp-content\/uploads\/2022\/02\/c.-9-web.jpg\"><img loading=\"lazy\" decoding=\"async\" src=\"https:\/\/pmza.sk\/wp-content\/uploads\/2022\/02\/c.-9-web-270x360.jpg\" alt=\"\" width=\"270\" height=\"360\" \/><\/a><figcaption class=\"wp-caption-text\">Prekrytie origin\u00e1lnej tkaniny pomocnou hodv\u00e1bnou krepelinou<\/figcaption><\/figure>\n<p>&nbsp;<\/p>\n<p>Pod\u013ea priebe\u017enej re\u0161taur\u00e1torskej spr\u00e1vy sa okrem siln\u00e9ho povrchov\u00e9ho aj h\u013abkov\u00e9ho zne\u010distenia nach\u00e1dzaj\u00fa na textilnom podklade i f\u013eaky r\u00f4zneho p\u00f4vodu. Najz\u00e1va\u017enej\u0161ie po\u0161kodenie v\u0161ak predstavuj\u00fa rozsiahle trhliny po celej ploche. Zne\u010disten\u00e9 a po\u0161koden\u00e9 s\u00fa tie\u017e lemuj\u00face i\u00a0pozamentierske strapce a\u00a0ich dreven\u00e9 jadr\u00e1 a taktie\u017e ma\u013eovan\u00e9 p\u00edsmo. Po jeho okrajoch sa vytvorili rozpit\u00e9 olejov\u00e9 kont\u00fary, tkanina pod n\u00edm sa l\u00e1me a\u00a0prask\u00e1. Prv\u00e1 f\u00e1za teda predstavovala such\u00e9 i\u00a0mokr\u00e9 \u010distenie, aj vyrovn\u00e1vanie textiln\u00e9ho podkladu za\u0165a\u017eovan\u00edm skl\u00ed\u010dkami, \u010distenie dekorat\u00edvnych prvkov a\u00a0opravu dreven\u00fdch jadier. Nevyhnutn\u00e9 bolo tie\u017e odstr\u00e1nenie zisten\u00fdch star\u0161\u00edch opr\u00e1v. N\u00e1sledne sa mus\u00ed uskuto\u010dni\u0165 scelenie trhl\u00edn i\u00a0po\u0161koden\u00fdch strapcov a\u00a0celoplo\u0161n\u00e9 podlo\u017eenie tkaniny hodv\u00e1bnou krepelinou. Cie\u013eom prebiehaj\u00facej prvej etapy re\u0161taurovania, ktor\u00fa vykon\u00e1va re\u0161taur\u00e1torka historick\u00fdch text\u00edli\u00ed Mgr. art. Anna Blonska, je stabiliz\u00e1cia a\u00a0spevnenie textiln\u00e9ho materi\u00e1lu, v\u00a0s\u00falade s\u00a0paralelnou obnovou p\u00f4vodn\u00e9ho vizu\u00e1lneho charakteru z\u00e1stavov\u00e9ho lisu, ako aj dekorat\u00edvnych doplnkov. \u00dapln\u00e1 kompletiz\u00e1cia historickej cirkevnej z\u00e1stavy a\u00a0prinavr\u00e1tenie jej estetickej hodnoty v\u0161ak bude mo\u017en\u00e1 a\u017e po zre\u0161taurovan\u00ed centr\u00e1lnej obrazovej \u010dasti, na \u010do si mus\u00edme e\u0161te nejak\u00fd \u010das po\u010dka\u0165.<\/p>\n<p>Text: Zdeno Hogh<\/p>\n<p>Foto: Anna Kuchar\u010d\u00edkov\u00e1 a\u00a0Anna Blonska<\/p>\n<p><a href=\"https:\/\/pmza.sk\/wp-content\/uploads\/2022\/02\/FPU_logo1_modre-web-480x360.jpg\"><img loading=\"lazy\" decoding=\"async\" class=\"aligncenter\" src=\"https:\/\/pmza.sk\/wp-content\/uploads\/2022\/02\/FPU_logo1_modre-web-480x360.jpg\" alt=\"\" width=\"480\" height=\"360\" \/><\/a><\/p>\n","protected":false},"excerpt":{"rendered":"<p>\u201eNEDECANIA Z.\u00a0AMERIKI 1912.\u201c 1. etapa re\u0161taurovania historickej cirkevnej z\u00e1stavy Hoci v s\u00fa\u010dasnosti nach\u00e1dzaj\u00fa cirkevn\u00e9 procesiov\u00e9 z\u00e1stavy op\u00e4\u0165 svoje uplatnenie, tie z d\u00e1vnej\u0161ej minulosti sa v r\u00e1mci textiln\u00fdch pamiatok sakr\u00e1lneho charakteru zachovali len v\u00fdnimo\u010dne. V zbierkovom fonde Pova\u017esk\u00e9ho m\u00fazea ich m\u00f4\u017eeme n\u00e1js\u0165 nieko\u013eko a medzi nimi aj jednu \u0161pecifick\u00fa, preto\u017ee nes\u00favis\u00ed len so sf\u00e9rou n\u00e1bo\u017eenskou. Ide [&hellip;]<\/p>\n","protected":false},"author":2,"featured_media":46612,"comment_status":"closed","ping_status":"closed","sticky":false,"template":"","format":"standard","meta":{"site-sidebar-layout":"default","site-content-layout":"default","ast-site-content-layout":"default","site-content-style":"default","site-sidebar-style":"default","ast-global-header-display":"","ast-banner-title-visibility":"","ast-main-header-display":"","ast-hfb-above-header-display":"","ast-hfb-below-header-display":"","ast-hfb-mobile-header-display":"","site-post-title":"","ast-breadcrumbs-content":"","ast-featured-img":"","footer-sml-layout":"","theme-transparent-header-meta":"default","adv-header-id-meta":"","stick-header-meta":"default","header-above-stick-meta":"","header-main-stick-meta":"","header-below-stick-meta":"","astra-migrate-meta-layouts":"set","ast-page-background-enabled":"default","ast-page-background-meta":{"desktop":{"background-color":"var(--ast-global-color-4)","background-image":"","background-repeat":"repeat","background-position":"center center","background-size":"auto","background-attachment":"scroll","background-type":"","background-media":"","overlay-type":"","overlay-color":"","overlay-opacity":"","overlay-gradient":""},"tablet":{"background-color":"","background-image":"","background-repeat":"repeat","background-position":"center center","background-size":"auto","background-attachment":"scroll","background-type":"","background-media":"","overlay-type":"","overlay-color":"","overlay-opacity":"","overlay-gradient":""},"mobile":{"background-color":"","background-image":"","background-repeat":"repeat","background-position":"center center","background-size":"auto","background-attachment":"scroll","background-type":"","background-media":"","overlay-type":"","overlay-color":"","overlay-opacity":"","overlay-gradient":""}},"ast-content-background-meta":{"desktop":{"background-color":"var(--ast-global-color-5)","background-image":"","background-repeat":"repeat","background-position":"center center","background-size":"auto","background-attachment":"scroll","background-type":"","background-media":"","overlay-type":"","overlay-color":"","overlay-opacity":"","overlay-gradient":""},"tablet":{"background-color":"var(--ast-global-color-5)","background-image":"","background-repeat":"repeat","background-position":"center center","background-size":"auto","background-attachment":"scroll","background-type":"","background-media":"","overlay-type":"","overlay-color":"","overlay-opacity":"","overlay-gradient":""},"mobile":{"background-color":"var(--ast-global-color-5)","background-image":"","background-repeat":"repeat","background-position":"center center","background-size":"auto","background-attachment":"scroll","background-type":"","background-media":"","overlay-type":"","overlay-color":"","overlay-opacity":"","overlay-gradient":""}},"footnotes":""},"categories":[31],"tags":[],"class_list":["post-46611","post","type-post","status-publish","format-standard","has-post-thumbnail","hentry","category-aktuality"],"yoast_head":"<!-- This site is optimized with the Yoast SEO plugin v27.4 - https:\/\/yoast.com\/product\/yoast-seo-wordpress\/ -->\n<title>Re\u0161taurovanie historickej cirkevnej z\u00e1stavy z Nededze - Pova\u017esk\u00e9 m\u00fazeum<\/title>\n<meta name=\"robots\" content=\"index, follow, max-snippet:-1, max-image-preview:large, max-video-preview:-1\" \/>\n<link rel=\"canonical\" href=\"https:\/\/pmza.sk\/?p=46611\" \/>\n<meta property=\"og:locale\" content=\"sk_SK\" \/>\n<meta property=\"og:type\" content=\"article\" \/>\n<meta property=\"og:title\" content=\"Re\u0161taurovanie historickej cirkevnej z\u00e1stavy z Nededze - Pova\u017esk\u00e9 m\u00fazeum\" \/>\n<meta property=\"og:description\" content=\"\u201eNEDECANIA Z.\u00a0AMERIKI 1912.\u201c 1. etapa re\u0161taurovania historickej cirkevnej z\u00e1stavy Hoci v s\u00fa\u010dasnosti nach\u00e1dzaj\u00fa cirkevn\u00e9 procesiov\u00e9 z\u00e1stavy op\u00e4\u0165 svoje uplatnenie, tie z d\u00e1vnej\u0161ej minulosti sa v r\u00e1mci textiln\u00fdch pamiatok sakr\u00e1lneho charakteru zachovali len v\u00fdnimo\u010dne. V zbierkovom fonde Pova\u017esk\u00e9ho m\u00fazea ich m\u00f4\u017eeme n\u00e1js\u0165 nieko\u013eko a medzi nimi aj jednu \u0161pecifick\u00fa, preto\u017ee nes\u00favis\u00ed len so sf\u00e9rou n\u00e1bo\u017eenskou. Ide [&hellip;]\" \/>\n<meta property=\"og:url\" content=\"https:\/\/pmza.sk\/?p=46611\" \/>\n<meta property=\"og:site_name\" content=\"Pova\u017esk\u00e9 m\u00fazeum\" \/>\n<meta property=\"article:publisher\" content=\"https:\/\/www.facebook.com\/povazskemuzeum\" \/>\n<meta property=\"article:published_time\" content=\"2022-02-15T08:13:46+00:00\" \/>\n<meta property=\"article:modified_time\" content=\"2025-05-15T05:18:51+00:00\" \/>\n<meta property=\"og:image\" content=\"https:\/\/pmza.sk\/wp-content\/uploads\/2022\/02\/c.-10-web.jpg\" \/>\n\t<meta property=\"og:image:width\" content=\"1024\" \/>\n\t<meta property=\"og:image:height\" content=\"768\" \/>\n\t<meta property=\"og:image:type\" content=\"image\/jpeg\" \/>\n<meta name=\"author\" content=\"Pova\u017esk\u00e9 m\u00fazeum\" \/>\n<meta name=\"twitter:card\" content=\"summary_large_image\" \/>\n<meta name=\"twitter:label1\" content=\"Autor\" \/>\n\t<meta name=\"twitter:data1\" content=\"Pova\u017esk\u00e9 m\u00fazeum\" \/>\n\t<meta name=\"twitter:label2\" content=\"Predpokladan\u00fd \u010das \u010d\u00edtania\" \/>\n\t<meta name=\"twitter:data2\" content=\"6 min\u00fat\" \/>\n<script type=\"application\/ld+json\" class=\"yoast-schema-graph\">{\"@context\":\"https:\\\/\\\/schema.org\",\"@graph\":[{\"@type\":\"Article\",\"@id\":\"https:\\\/\\\/pmza.sk\\\/?p=46611#article\",\"isPartOf\":{\"@id\":\"https:\\\/\\\/pmza.sk\\\/?p=46611\"},\"author\":{\"name\":\"Pova\u017esk\u00e9 m\u00fazeum\",\"@id\":\"https:\\\/\\\/pmza.sk\\\/#\\\/schema\\\/person\\\/595e6a2ce731ea94dcd5d7f50a41ae33\"},\"headline\":\"Re\u0161taurovanie historickej cirkevnej z\u00e1stavy z Nededze\",\"datePublished\":\"2022-02-15T08:13:46+00:00\",\"dateModified\":\"2025-05-15T05:18:51+00:00\",\"mainEntityOfPage\":{\"@id\":\"https:\\\/\\\/pmza.sk\\\/?p=46611\"},\"wordCount\":849,\"publisher\":{\"@id\":\"https:\\\/\\\/pmza.sk\\\/#organization\"},\"image\":{\"@id\":\"https:\\\/\\\/pmza.sk\\\/?p=46611#primaryimage\"},\"thumbnailUrl\":\"https:\\\/\\\/pmza.sk\\\/wp-content\\\/uploads\\\/2022\\\/02\\\/c.-10-web.jpg\",\"articleSection\":[\"Aktuality\"],\"inLanguage\":\"sk-SK\"},{\"@type\":\"WebPage\",\"@id\":\"https:\\\/\\\/pmza.sk\\\/?p=46611\",\"url\":\"https:\\\/\\\/pmza.sk\\\/?p=46611\",\"name\":\"Re\u0161taurovanie historickej cirkevnej z\u00e1stavy z Nededze - Pova\u017esk\u00e9 m\u00fazeum\",\"isPartOf\":{\"@id\":\"https:\\\/\\\/pmza.sk\\\/#website\"},\"primaryImageOfPage\":{\"@id\":\"https:\\\/\\\/pmza.sk\\\/?p=46611#primaryimage\"},\"image\":{\"@id\":\"https:\\\/\\\/pmza.sk\\\/?p=46611#primaryimage\"},\"thumbnailUrl\":\"https:\\\/\\\/pmza.sk\\\/wp-content\\\/uploads\\\/2022\\\/02\\\/c.-10-web.jpg\",\"datePublished\":\"2022-02-15T08:13:46+00:00\",\"dateModified\":\"2025-05-15T05:18:51+00:00\",\"breadcrumb\":{\"@id\":\"https:\\\/\\\/pmza.sk\\\/?p=46611#breadcrumb\"},\"inLanguage\":\"sk-SK\",\"potentialAction\":[{\"@type\":\"ReadAction\",\"target\":[\"https:\\\/\\\/pmza.sk\\\/?p=46611\"]}]},{\"@type\":\"ImageObject\",\"inLanguage\":\"sk-SK\",\"@id\":\"https:\\\/\\\/pmza.sk\\\/?p=46611#primaryimage\",\"url\":\"https:\\\/\\\/pmza.sk\\\/wp-content\\\/uploads\\\/2022\\\/02\\\/c.-10-web.jpg\",\"contentUrl\":\"https:\\\/\\\/pmza.sk\\\/wp-content\\\/uploads\\\/2022\\\/02\\\/c.-10-web.jpg\",\"width\":1024,\"height\":768,\"caption\":\"Prekrytie jednotliv\u00fdch dielov pomocnou hodv\u00e1bnou krepelinou\"},{\"@type\":\"BreadcrumbList\",\"@id\":\"https:\\\/\\\/pmza.sk\\\/?p=46611#breadcrumb\",\"itemListElement\":[{\"@type\":\"ListItem\",\"position\":1,\"name\":\"Domovsk\u00e1 str\u00e1nka\",\"item\":\"https:\\\/\\\/pmza.sk\\\/\"},{\"@type\":\"ListItem\",\"position\":2,\"name\":\"Re\u0161taurovanie historickej cirkevnej z\u00e1stavy z Nededze\"}]},{\"@type\":\"WebSite\",\"@id\":\"https:\\\/\\\/pmza.sk\\\/#website\",\"url\":\"https:\\\/\\\/pmza.sk\\\/\",\"name\":\"Pova\u017esk\u00e9 m\u00fazeum\",\"description\":\"Pova\u017esk\u00e9 m\u00fazeum v \u017diline je region\u00e1lne m\u00fazeum so s\u00eddlom v Budat\u00edne. Jeho expoz\u00edcie s\u00fa zameran\u00e9 na dejiny slovensk\u00e9ho umenia, kult\u00fary a dopravy.\",\"publisher\":{\"@id\":\"https:\\\/\\\/pmza.sk\\\/#organization\"},\"potentialAction\":[{\"@type\":\"SearchAction\",\"target\":{\"@type\":\"EntryPoint\",\"urlTemplate\":\"https:\\\/\\\/pmza.sk\\\/?s={search_term_string}\"},\"query-input\":{\"@type\":\"PropertyValueSpecification\",\"valueRequired\":true,\"valueName\":\"search_term_string\"}}],\"inLanguage\":\"sk-SK\"},{\"@type\":\"Organization\",\"@id\":\"https:\\\/\\\/pmza.sk\\\/#organization\",\"name\":\"Pova\u017esk\u00e9 m\u00fazeum\",\"url\":\"https:\\\/\\\/pmza.sk\\\/\",\"logo\":{\"@type\":\"ImageObject\",\"inLanguage\":\"sk-SK\",\"@id\":\"https:\\\/\\\/pmza.sk\\\/#\\\/schema\\\/logo\\\/image\\\/\",\"url\":\"https:\\\/\\\/pmza.sk\\\/wp-content\\\/uploads\\\/2022\\\/01\\\/logo_PM_horizontal.jpg\",\"contentUrl\":\"https:\\\/\\\/pmza.sk\\\/wp-content\\\/uploads\\\/2022\\\/01\\\/logo_PM_horizontal.jpg\",\"width\":231,\"height\":142,\"caption\":\"Pova\u017esk\u00e9 m\u00fazeum\"},\"image\":{\"@id\":\"https:\\\/\\\/pmza.sk\\\/#\\\/schema\\\/logo\\\/image\\\/\"},\"sameAs\":[\"https:\\\/\\\/www.facebook.com\\\/povazskemuzeum\",\"https:\\\/\\\/www.instagram.com\\\/povazskemuzeum\\\/\"]},{\"@type\":\"Person\",\"@id\":\"https:\\\/\\\/pmza.sk\\\/#\\\/schema\\\/person\\\/595e6a2ce731ea94dcd5d7f50a41ae33\",\"name\":\"Pova\u017esk\u00e9 m\u00fazeum\",\"image\":{\"@type\":\"ImageObject\",\"inLanguage\":\"sk-SK\",\"@id\":\"https:\\\/\\\/secure.gravatar.com\\\/avatar\\\/2bb7f1561282132fb5826dfeccc66c7996d11ee392ac6aaf7ced8a1c2027fbb2?s=96&d=mm&r=g\",\"url\":\"https:\\\/\\\/secure.gravatar.com\\\/avatar\\\/2bb7f1561282132fb5826dfeccc66c7996d11ee392ac6aaf7ced8a1c2027fbb2?s=96&d=mm&r=g\",\"contentUrl\":\"https:\\\/\\\/secure.gravatar.com\\\/avatar\\\/2bb7f1561282132fb5826dfeccc66c7996d11ee392ac6aaf7ced8a1c2027fbb2?s=96&d=mm&r=g\",\"caption\":\"Pova\u017esk\u00e9 m\u00fazeum\"}}]}<\/script>\n<!-- \/ Yoast SEO plugin. -->","yoast_head_json":{"title":"Re\u0161taurovanie historickej cirkevnej z\u00e1stavy z Nededze - Pova\u017esk\u00e9 m\u00fazeum","robots":{"index":"index","follow":"follow","max-snippet":"max-snippet:-1","max-image-preview":"max-image-preview:large","max-video-preview":"max-video-preview:-1"},"canonical":"https:\/\/pmza.sk\/?p=46611","og_locale":"sk_SK","og_type":"article","og_title":"Re\u0161taurovanie historickej cirkevnej z\u00e1stavy z Nededze - Pova\u017esk\u00e9 m\u00fazeum","og_description":"\u201eNEDECANIA Z.\u00a0AMERIKI 1912.\u201c 1. etapa re\u0161taurovania historickej cirkevnej z\u00e1stavy Hoci v s\u00fa\u010dasnosti nach\u00e1dzaj\u00fa cirkevn\u00e9 procesiov\u00e9 z\u00e1stavy op\u00e4\u0165 svoje uplatnenie, tie z d\u00e1vnej\u0161ej minulosti sa v r\u00e1mci textiln\u00fdch pamiatok sakr\u00e1lneho charakteru zachovali len v\u00fdnimo\u010dne. V zbierkovom fonde Pova\u017esk\u00e9ho m\u00fazea ich m\u00f4\u017eeme n\u00e1js\u0165 nieko\u013eko a medzi nimi aj jednu \u0161pecifick\u00fa, preto\u017ee nes\u00favis\u00ed len so sf\u00e9rou n\u00e1bo\u017eenskou. Ide [&hellip;]","og_url":"https:\/\/pmza.sk\/?p=46611","og_site_name":"Pova\u017esk\u00e9 m\u00fazeum","article_publisher":"https:\/\/www.facebook.com\/povazskemuzeum","article_published_time":"2022-02-15T08:13:46+00:00","article_modified_time":"2025-05-15T05:18:51+00:00","og_image":[{"width":1024,"height":768,"url":"https:\/\/pmza.sk\/wp-content\/uploads\/2022\/02\/c.-10-web.jpg","type":"image\/jpeg"}],"author":"Pova\u017esk\u00e9 m\u00fazeum","twitter_card":"summary_large_image","twitter_misc":{"Autor":"Pova\u017esk\u00e9 m\u00fazeum","Predpokladan\u00fd \u010das \u010d\u00edtania":"6 min\u00fat"},"schema":{"@context":"https:\/\/schema.org","@graph":[{"@type":"Article","@id":"https:\/\/pmza.sk\/?p=46611#article","isPartOf":{"@id":"https:\/\/pmza.sk\/?p=46611"},"author":{"name":"Pova\u017esk\u00e9 m\u00fazeum","@id":"https:\/\/pmza.sk\/#\/schema\/person\/595e6a2ce731ea94dcd5d7f50a41ae33"},"headline":"Re\u0161taurovanie historickej cirkevnej z\u00e1stavy z Nededze","datePublished":"2022-02-15T08:13:46+00:00","dateModified":"2025-05-15T05:18:51+00:00","mainEntityOfPage":{"@id":"https:\/\/pmza.sk\/?p=46611"},"wordCount":849,"publisher":{"@id":"https:\/\/pmza.sk\/#organization"},"image":{"@id":"https:\/\/pmza.sk\/?p=46611#primaryimage"},"thumbnailUrl":"https:\/\/pmza.sk\/wp-content\/uploads\/2022\/02\/c.-10-web.jpg","articleSection":["Aktuality"],"inLanguage":"sk-SK"},{"@type":"WebPage","@id":"https:\/\/pmza.sk\/?p=46611","url":"https:\/\/pmza.sk\/?p=46611","name":"Re\u0161taurovanie historickej cirkevnej z\u00e1stavy z Nededze - Pova\u017esk\u00e9 m\u00fazeum","isPartOf":{"@id":"https:\/\/pmza.sk\/#website"},"primaryImageOfPage":{"@id":"https:\/\/pmza.sk\/?p=46611#primaryimage"},"image":{"@id":"https:\/\/pmza.sk\/?p=46611#primaryimage"},"thumbnailUrl":"https:\/\/pmza.sk\/wp-content\/uploads\/2022\/02\/c.-10-web.jpg","datePublished":"2022-02-15T08:13:46+00:00","dateModified":"2025-05-15T05:18:51+00:00","breadcrumb":{"@id":"https:\/\/pmza.sk\/?p=46611#breadcrumb"},"inLanguage":"sk-SK","potentialAction":[{"@type":"ReadAction","target":["https:\/\/pmza.sk\/?p=46611"]}]},{"@type":"ImageObject","inLanguage":"sk-SK","@id":"https:\/\/pmza.sk\/?p=46611#primaryimage","url":"https:\/\/pmza.sk\/wp-content\/uploads\/2022\/02\/c.-10-web.jpg","contentUrl":"https:\/\/pmza.sk\/wp-content\/uploads\/2022\/02\/c.-10-web.jpg","width":1024,"height":768,"caption":"Prekrytie jednotliv\u00fdch dielov pomocnou hodv\u00e1bnou krepelinou"},{"@type":"BreadcrumbList","@id":"https:\/\/pmza.sk\/?p=46611#breadcrumb","itemListElement":[{"@type":"ListItem","position":1,"name":"Domovsk\u00e1 str\u00e1nka","item":"https:\/\/pmza.sk\/"},{"@type":"ListItem","position":2,"name":"Re\u0161taurovanie historickej cirkevnej z\u00e1stavy z Nededze"}]},{"@type":"WebSite","@id":"https:\/\/pmza.sk\/#website","url":"https:\/\/pmza.sk\/","name":"Pova\u017esk\u00e9 m\u00fazeum","description":"Pova\u017esk\u00e9 m\u00fazeum v \u017diline je region\u00e1lne m\u00fazeum so s\u00eddlom v Budat\u00edne. Jeho expoz\u00edcie s\u00fa zameran\u00e9 na dejiny slovensk\u00e9ho umenia, kult\u00fary a dopravy.","publisher":{"@id":"https:\/\/pmza.sk\/#organization"},"potentialAction":[{"@type":"SearchAction","target":{"@type":"EntryPoint","urlTemplate":"https:\/\/pmza.sk\/?s={search_term_string}"},"query-input":{"@type":"PropertyValueSpecification","valueRequired":true,"valueName":"search_term_string"}}],"inLanguage":"sk-SK"},{"@type":"Organization","@id":"https:\/\/pmza.sk\/#organization","name":"Pova\u017esk\u00e9 m\u00fazeum","url":"https:\/\/pmza.sk\/","logo":{"@type":"ImageObject","inLanguage":"sk-SK","@id":"https:\/\/pmza.sk\/#\/schema\/logo\/image\/","url":"https:\/\/pmza.sk\/wp-content\/uploads\/2022\/01\/logo_PM_horizontal.jpg","contentUrl":"https:\/\/pmza.sk\/wp-content\/uploads\/2022\/01\/logo_PM_horizontal.jpg","width":231,"height":142,"caption":"Pova\u017esk\u00e9 m\u00fazeum"},"image":{"@id":"https:\/\/pmza.sk\/#\/schema\/logo\/image\/"},"sameAs":["https:\/\/www.facebook.com\/povazskemuzeum","https:\/\/www.instagram.com\/povazskemuzeum\/"]},{"@type":"Person","@id":"https:\/\/pmza.sk\/#\/schema\/person\/595e6a2ce731ea94dcd5d7f50a41ae33","name":"Pova\u017esk\u00e9 m\u00fazeum","image":{"@type":"ImageObject","inLanguage":"sk-SK","@id":"https:\/\/secure.gravatar.com\/avatar\/2bb7f1561282132fb5826dfeccc66c7996d11ee392ac6aaf7ced8a1c2027fbb2?s=96&d=mm&r=g","url":"https:\/\/secure.gravatar.com\/avatar\/2bb7f1561282132fb5826dfeccc66c7996d11ee392ac6aaf7ced8a1c2027fbb2?s=96&d=mm&r=g","contentUrl":"https:\/\/secure.gravatar.com\/avatar\/2bb7f1561282132fb5826dfeccc66c7996d11ee392ac6aaf7ced8a1c2027fbb2?s=96&d=mm&r=g","caption":"Pova\u017esk\u00e9 m\u00fazeum"}}]}},"_links":{"self":[{"href":"https:\/\/pmza.sk\/index.php?rest_route=\/wp\/v2\/posts\/46611","targetHints":{"allow":["GET"]}}],"collection":[{"href":"https:\/\/pmza.sk\/index.php?rest_route=\/wp\/v2\/posts"}],"about":[{"href":"https:\/\/pmza.sk\/index.php?rest_route=\/wp\/v2\/types\/post"}],"author":[{"embeddable":true,"href":"https:\/\/pmza.sk\/index.php?rest_route=\/wp\/v2\/users\/2"}],"replies":[{"embeddable":true,"href":"https:\/\/pmza.sk\/index.php?rest_route=%2Fwp%2Fv2%2Fcomments&post=46611"}],"version-history":[{"count":0,"href":"https:\/\/pmza.sk\/index.php?rest_route=\/wp\/v2\/posts\/46611\/revisions"}],"wp:featuredmedia":[{"embeddable":true,"href":"https:\/\/pmza.sk\/index.php?rest_route=\/wp\/v2\/media\/46612"}],"wp:attachment":[{"href":"https:\/\/pmza.sk\/index.php?rest_route=%2Fwp%2Fv2%2Fmedia&parent=46611"}],"wp:term":[{"taxonomy":"category","embeddable":true,"href":"https:\/\/pmza.sk\/index.php?rest_route=%2Fwp%2Fv2%2Fcategories&post=46611"},{"taxonomy":"post_tag","embeddable":true,"href":"https:\/\/pmza.sk\/index.php?rest_route=%2Fwp%2Fv2%2Ftags&post=46611"}],"curies":[{"name":"wp","href":"https:\/\/api.w.org\/{rel}","templated":true}]}}