{"id":4949,"date":"2012-01-24T11:06:16","date_gmt":"2012-01-24T10:06:16","guid":{"rendered":"https:\/\/pmza.sk.sk\/?p=4949"},"modified":"2012-01-24T11:06:16","modified_gmt":"2012-01-24T10:06:16","slug":"turzov-svadobny-dar-caka-na-snubencov","status":"publish","type":"post","link":"https:\/\/pmza.sk\/?p=4949","title":{"rendered":"Turzov svadobn\u00fd dar \u010dak\u00e1 na sn\u00fabencov"},"content":{"rendered":"<p><a href=\"https:\/\/pmza.sk\/wp-content\/uploads\/2012\/01\/losovanie-3-2011.jpg\"><img fetchpriority=\"high\" decoding=\"async\" class=\"alignleft size-medium wp-image-4950\" title=\"&lt;KENOX S760  \/ Samsung S760&gt;\" src=\"https:\/\/pmza.sk.sk\/wp-content\/uploads\/2012\/01\/losovanie-3-2011-300x225.jpg\" alt=\"\" width=\"300\" height=\"225\" \/><\/a><span style=\"color: #ff0000;\">miesto:\u00a0 Incheba &#8211; Expo, Bratislava<\/span><br \/>\n<span style=\"color: #ff0000;\"> term\u00edn: 3. febru\u00e1r 2012<\/span><\/p>\n<p>II. ro\u010dn\u00edk s\u00fa\u0165a\u017ee Svadobn\u00fd dar palat\u00edna Turzu, ktorej v\u00ed\u0165azov spozn\u00e1me na najv\u00e4\u010d\u0161om slovenskom svadobnom ve\u013etrhu v Bratislave za\u010diatkom febru\u00e1ra 2012, op\u00e4tovne potvrdil, \u017ee sn\u00fabeneck\u00e9 p\u00e1ry z cel\u00e9ho Slovenska maj\u00fa ve\u013ek\u00fd z\u00e1ujem zrealizova\u0165 svoju svadbu pr\u00e1ve v priestoroch renesan\u010dn\u00e9ho Sob\u00e1\u0161neho pal\u00e1ca v Byt\u010di.<!--more--><br \/>\nN\u00e1v\u0161teva vytypovan\u00fdch kult\u00farnych skvostov severoz\u00e1padn\u00e9ho Slovenska spojen\u00e1 so zbieran\u00edm pe\u010diatok do Mapy\u00a0 Poklady m\u00faze\u00ed \u017eilinsk\u00e9ho kraja bola hlavnou podmienkou aj II. ro\u010dn\u00edka s\u00fa\u0165a\u017ee. Splnilo ju v\u0161etk\u00fdch p\u00e4tn\u00e1s\u0165 p\u00e1rov, ktor\u00e9 sa do s\u00fa\u0165a\u017ee zapojili. Okrem expoz\u00edci\u00ed Pova\u017esk\u00e9ho m\u00fazea v \u017diline nav\u0161t\u00edvili sn\u00fabenci na Orave Oravsk\u00fd hrad a Oravsk\u00fa lesn\u00fa \u017eeleznicu, na Kysuciach ka\u0161tie\u013e Rado\u013ea a na Liptove\u00a0 skanzen Vlkol\u00ednec a hrad Likavka. \u201eSme \u0161\u0165astn\u00ed, \u017ee sa n\u00e1m podarilo vyhra\u0165 s\u00fa\u0165a\u017e a zrealizova\u0165 na\u0161u svadbu ako v rozpr\u00e1vke v priestoroch Sob\u00e1\u0161neho pal\u00e1ca. T\u00edm, \u010do pl\u00e1nuj\u00fa svadbu v bud\u00facnosti, vrelo odpor\u00fa\u010dame zapoji\u0165 sa do s\u00fa\u0165a\u017ee Svadobn\u00fd dar palat\u00edna Turzu,\u201c povedali man\u017eelia Mo\u0161\u010dovi\u010dovci z Pova\u017eskej Bystrice, jeden z v\u00ed\u0165azn\u00fdch p\u00e1rov pilotn\u00e9ho ro\u010dn\u00edka s\u00fa\u0165a\u017ee.<br \/>\nLen pre zauj\u00edmavos\u0165, do s\u00fa\u0165a\u017ee sa zapojilo rovnak\u00fd po\u010det p\u00e1rov ako minul\u00fd rok. Sn\u00fabenci poch\u00e1dzaj\u00fa preva\u017ene z Horn\u00e9ho a Doln\u00e9ho Pova\u017eia, ale aj z Bratislavy, Kremnice, Polt\u00e1ra, Nov\u00fdch Z\u00e1mkov. Zast\u00fapen\u00fd je napr\u00edklad aj taliansky Janov \u010di britsk\u00fd Bristol. Zo strany s\u00fa\u0165a\u017en\u00fdch p\u00e1rov je z\u00e1ujem uskuto\u010dni\u0165 svadbu najm\u00e4 v letn\u00fdch mesiacoch. Jeden z p\u00e1rov zo \u017diliny sa z\u00fa\u010dastnil s\u00fa\u0165a\u017ee u\u017e druh\u00fd kr\u00e1t. \u201e Aj tento rok dva vylosovan\u00e9 p\u00e1ry \u010dak\u00e1 nielen svadba v Sob\u00e1\u0161nom pal\u00e1ci v Byt\u010di, uv\u00edtac\u00ed ceremoni\u00e1l palat\u00ednom Turzom, ale aj \u010fal\u0161ie hodnotn\u00e9 dary. Touto cestou by som sa chcel po\u010fakova\u0165 partnerom a sponzorom s\u00fa\u0165a\u017ee za to, \u017ee aj v\u010faka nim zostan\u00fa v\u00ed\u0165azn\u00fdm bud\u00facim man\u017eelom neopakovate\u013en\u00e9 z\u00e1\u017eitky na ich d\u00f4le\u017eit\u00fd de\u0148 v \u017eivote,\u201c dodal na z\u00e1ver Boris Schubert, riadite\u013e Pova\u017esk\u00e9ho m\u00fazea v \u017diline.<br \/>\nVylosovanie II. ro\u010dn\u00edka s\u00fa\u0165a\u017ee Svadobn\u00fd dar palat\u00edna Turzu o svadbu v Sob\u00e1\u0161nom pal\u00e1ci v Byt\u010di v roku 2012 sa uskuto\u010dn\u00ed na Svadobnom ve\u013etrhu v bratislavskej Inchebe \u2013 Expo, d\u0148a 3. febru\u00e1ra 2012 o 15,00h, hala B- stred. Organiz\u00e1torom je \u017dilinsk\u00fd samospr\u00e1vny kraj, Pova\u017esk\u00e9 m\u00fazeum v \u017diline a\u00a0 \u0160t\u00fadio \u0160ker\u00e1k Bratislava.<\/p>\n","protected":false},"excerpt":{"rendered":"<p>miesto:\u00a0 Incheba &#8211; Expo, Bratislava term\u00edn: 3. febru\u00e1r 2012 II. ro\u010dn\u00edk s\u00fa\u0165a\u017ee Svadobn\u00fd dar palat\u00edna Turzu, ktorej v\u00ed\u0165azov spozn\u00e1me na najv\u00e4\u010d\u0161om slovenskom svadobnom ve\u013etrhu v Bratislave za\u010diatkom febru\u00e1ra 2012, op\u00e4tovne potvrdil, \u017ee sn\u00fabeneck\u00e9 p\u00e1ry z cel\u00e9ho Slovenska maj\u00fa ve\u013ek\u00fd z\u00e1ujem zrealizova\u0165 svoju svadbu pr\u00e1ve v priestoroch renesan\u010dn\u00e9ho Sob\u00e1\u0161neho pal\u00e1ca v Byt\u010di.<\/p>\n","protected":false},"author":2,"featured_media":0,"comment_status":"closed","ping_status":"closed","sticky":false,"template":"","format":"standard","meta":{"site-sidebar-layout":"default","site-content-layout":"","ast-site-content-layout":"","site-content-style":"default","site-sidebar-style":"default","ast-global-header-display":"","ast-banner-title-visibility":"","ast-main-header-display":"","ast-hfb-above-header-display":"","ast-hfb-below-header-display":"","ast-hfb-mobile-header-display":"","site-post-title":"","ast-breadcrumbs-content":"","ast-featured-img":"","footer-sml-layout":"","theme-transparent-header-meta":"","adv-header-id-meta":"","stick-header-meta":"","header-above-stick-meta":"","header-main-stick-meta":"","header-below-stick-meta":"","astra-migrate-meta-layouts":"default","ast-page-background-enabled":"default","ast-page-background-meta":{"desktop":{"background-color":"var(--ast-global-color-4)","background-image":"","background-repeat":"repeat","background-position":"center center","background-size":"auto","background-attachment":"scroll","background-type":"","background-media":"","overlay-type":"","overlay-color":"","overlay-opacity":"","overlay-gradient":""},"tablet":{"background-color":"","background-image":"","background-repeat":"repeat","background-position":"center center","background-size":"auto","background-attachment":"scroll","background-type":"","background-media":"","overlay-type":"","overlay-color":"","overlay-opacity":"","overlay-gradient":""},"mobile":{"background-color":"","background-image":"","background-repeat":"repeat","background-position":"center center","background-size":"auto","background-attachment":"scroll","background-type":"","background-media":"","overlay-type":"","overlay-color":"","overlay-opacity":"","overlay-gradient":""}},"ast-content-background-meta":{"desktop":{"background-color":"var(--ast-global-color-5)","background-image":"","background-repeat":"repeat","background-position":"center center","background-size":"auto","background-attachment":"scroll","background-type":"","background-media":"","overlay-type":"","overlay-color":"","overlay-opacity":"","overlay-gradient":""},"tablet":{"background-color":"var(--ast-global-color-5)","background-image":"","background-repeat":"repeat","background-position":"center center","background-size":"auto","background-attachment":"scroll","background-type":"","background-media":"","overlay-type":"","overlay-color":"","overlay-opacity":"","overlay-gradient":""},"mobile":{"background-color":"var(--ast-global-color-5)","background-image":"","background-repeat":"repeat","background-position":"center center","background-size":"auto","background-attachment":"scroll","background-type":"","background-media":"","overlay-type":"","overlay-color":"","overlay-opacity":"","overlay-gradient":""}},"footnotes":""},"categories":[32],"tags":[],"class_list":["post-4949","post","type-post","status-publish","format-standard","hentry","category-archiv-2012"],"yoast_head":"<!-- This site is optimized with the Yoast SEO plugin v27.4 - https:\/\/yoast.com\/product\/yoast-seo-wordpress\/ -->\n<title>Turzov svadobn\u00fd dar \u010dak\u00e1 na sn\u00fabencov - Pova\u017esk\u00e9 m\u00fazeum<\/title>\n<meta name=\"robots\" content=\"index, follow, max-snippet:-1, max-image-preview:large, max-video-preview:-1\" \/>\n<link rel=\"canonical\" href=\"https:\/\/pmza.sk\/?p=4949\" \/>\n<meta property=\"og:locale\" content=\"sk_SK\" \/>\n<meta property=\"og:type\" content=\"article\" \/>\n<meta property=\"og:title\" content=\"Turzov svadobn\u00fd dar \u010dak\u00e1 na sn\u00fabencov - Pova\u017esk\u00e9 m\u00fazeum\" \/>\n<meta property=\"og:description\" content=\"miesto:\u00a0 Incheba &#8211; Expo, Bratislava term\u00edn: 3. febru\u00e1r 2012 II. ro\u010dn\u00edk s\u00fa\u0165a\u017ee Svadobn\u00fd dar palat\u00edna Turzu, ktorej v\u00ed\u0165azov spozn\u00e1me na najv\u00e4\u010d\u0161om slovenskom svadobnom ve\u013etrhu v Bratislave za\u010diatkom febru\u00e1ra 2012, op\u00e4tovne potvrdil, \u017ee sn\u00fabeneck\u00e9 p\u00e1ry z cel\u00e9ho Slovenska maj\u00fa ve\u013ek\u00fd z\u00e1ujem zrealizova\u0165 svoju svadbu pr\u00e1ve v priestoroch renesan\u010dn\u00e9ho Sob\u00e1\u0161neho pal\u00e1ca v Byt\u010di.\" \/>\n<meta property=\"og:url\" content=\"https:\/\/pmza.sk\/?p=4949\" \/>\n<meta property=\"og:site_name\" content=\"Pova\u017esk\u00e9 m\u00fazeum\" \/>\n<meta property=\"article:publisher\" content=\"https:\/\/www.facebook.com\/povazskemuzeum\" \/>\n<meta property=\"article:published_time\" content=\"2012-01-24T10:06:16+00:00\" \/>\n<meta property=\"og:image\" content=\"https:\/\/pmza.sk.sk\/wp-content\/uploads\/2012\/01\/losovanie-3-2011-300x225.jpg\" \/>\n<meta name=\"author\" content=\"Pova\u017esk\u00e9 m\u00fazeum\" \/>\n<meta name=\"twitter:card\" content=\"summary_large_image\" \/>\n<meta name=\"twitter:label1\" content=\"Autor\" \/>\n\t<meta name=\"twitter:data1\" content=\"Pova\u017esk\u00e9 m\u00fazeum\" \/>\n\t<meta name=\"twitter:label2\" content=\"Predpokladan\u00fd \u010das \u010d\u00edtania\" \/>\n\t<meta name=\"twitter:data2\" content=\"2 min\u00faty\" \/>\n<script type=\"application\/ld+json\" class=\"yoast-schema-graph\">{\"@context\":\"https:\\\/\\\/schema.org\",\"@graph\":[{\"@type\":\"Article\",\"@id\":\"https:\\\/\\\/pmza.sk\\\/?p=4949#article\",\"isPartOf\":{\"@id\":\"https:\\\/\\\/pmza.sk\\\/?p=4949\"},\"author\":{\"name\":\"Pova\u017esk\u00e9 m\u00fazeum\",\"@id\":\"https:\\\/\\\/pmza.sk\\\/#\\\/schema\\\/person\\\/595e6a2ce731ea94dcd5d7f50a41ae33\"},\"headline\":\"Turzov svadobn\u00fd dar \u010dak\u00e1 na sn\u00fabencov\",\"datePublished\":\"2012-01-24T10:06:16+00:00\",\"mainEntityOfPage\":{\"@id\":\"https:\\\/\\\/pmza.sk\\\/?p=4949\"},\"wordCount\":484,\"publisher\":{\"@id\":\"https:\\\/\\\/pmza.sk\\\/#organization\"},\"image\":{\"@id\":\"https:\\\/\\\/pmza.sk\\\/?p=4949#primaryimage\"},\"thumbnailUrl\":\"http:\\\/\\\/pmza.sk.sk\\\/wp-content\\\/uploads\\\/2012\\\/01\\\/losovanie-3-2011-300x225.jpg\",\"articleSection\":[\"Arch\u00edv 2012\"],\"inLanguage\":\"sk-SK\"},{\"@type\":\"WebPage\",\"@id\":\"https:\\\/\\\/pmza.sk\\\/?p=4949\",\"url\":\"https:\\\/\\\/pmza.sk\\\/?p=4949\",\"name\":\"Turzov svadobn\u00fd dar \u010dak\u00e1 na sn\u00fabencov - Pova\u017esk\u00e9 m\u00fazeum\",\"isPartOf\":{\"@id\":\"https:\\\/\\\/pmza.sk\\\/#website\"},\"primaryImageOfPage\":{\"@id\":\"https:\\\/\\\/pmza.sk\\\/?p=4949#primaryimage\"},\"image\":{\"@id\":\"https:\\\/\\\/pmza.sk\\\/?p=4949#primaryimage\"},\"thumbnailUrl\":\"http:\\\/\\\/pmza.sk.sk\\\/wp-content\\\/uploads\\\/2012\\\/01\\\/losovanie-3-2011-300x225.jpg\",\"datePublished\":\"2012-01-24T10:06:16+00:00\",\"breadcrumb\":{\"@id\":\"https:\\\/\\\/pmza.sk\\\/?p=4949#breadcrumb\"},\"inLanguage\":\"sk-SK\",\"potentialAction\":[{\"@type\":\"ReadAction\",\"target\":[\"https:\\\/\\\/pmza.sk\\\/?p=4949\"]}]},{\"@type\":\"ImageObject\",\"inLanguage\":\"sk-SK\",\"@id\":\"https:\\\/\\\/pmza.sk\\\/?p=4949#primaryimage\",\"url\":\"http:\\\/\\\/pmza.sk.sk\\\/wp-content\\\/uploads\\\/2012\\\/01\\\/losovanie-3-2011-300x225.jpg\",\"contentUrl\":\"http:\\\/\\\/pmza.sk.sk\\\/wp-content\\\/uploads\\\/2012\\\/01\\\/losovanie-3-2011-300x225.jpg\"},{\"@type\":\"BreadcrumbList\",\"@id\":\"https:\\\/\\\/pmza.sk\\\/?p=4949#breadcrumb\",\"itemListElement\":[{\"@type\":\"ListItem\",\"position\":1,\"name\":\"Domovsk\u00e1 str\u00e1nka\",\"item\":\"https:\\\/\\\/pmza.sk\\\/\"},{\"@type\":\"ListItem\",\"position\":2,\"name\":\"Turzov svadobn\u00fd dar \u010dak\u00e1 na sn\u00fabencov\"}]},{\"@type\":\"WebSite\",\"@id\":\"https:\\\/\\\/pmza.sk\\\/#website\",\"url\":\"https:\\\/\\\/pmza.sk\\\/\",\"name\":\"Pova\u017esk\u00e9 m\u00fazeum\",\"description\":\"Pova\u017esk\u00e9 m\u00fazeum v \u017diline je region\u00e1lne m\u00fazeum so s\u00eddlom v Budat\u00edne. Jeho expoz\u00edcie s\u00fa zameran\u00e9 na dejiny slovensk\u00e9ho umenia, kult\u00fary a dopravy.\",\"publisher\":{\"@id\":\"https:\\\/\\\/pmza.sk\\\/#organization\"},\"potentialAction\":[{\"@type\":\"SearchAction\",\"target\":{\"@type\":\"EntryPoint\",\"urlTemplate\":\"https:\\\/\\\/pmza.sk\\\/?s={search_term_string}\"},\"query-input\":{\"@type\":\"PropertyValueSpecification\",\"valueRequired\":true,\"valueName\":\"search_term_string\"}}],\"inLanguage\":\"sk-SK\"},{\"@type\":\"Organization\",\"@id\":\"https:\\\/\\\/pmza.sk\\\/#organization\",\"name\":\"Pova\u017esk\u00e9 m\u00fazeum\",\"url\":\"https:\\\/\\\/pmza.sk\\\/\",\"logo\":{\"@type\":\"ImageObject\",\"inLanguage\":\"sk-SK\",\"@id\":\"https:\\\/\\\/pmza.sk\\\/#\\\/schema\\\/logo\\\/image\\\/\",\"url\":\"https:\\\/\\\/pmza.sk\\\/wp-content\\\/uploads\\\/2022\\\/01\\\/logo_PM_horizontal.jpg\",\"contentUrl\":\"https:\\\/\\\/pmza.sk\\\/wp-content\\\/uploads\\\/2022\\\/01\\\/logo_PM_horizontal.jpg\",\"width\":231,\"height\":142,\"caption\":\"Pova\u017esk\u00e9 m\u00fazeum\"},\"image\":{\"@id\":\"https:\\\/\\\/pmza.sk\\\/#\\\/schema\\\/logo\\\/image\\\/\"},\"sameAs\":[\"https:\\\/\\\/www.facebook.com\\\/povazskemuzeum\",\"https:\\\/\\\/www.instagram.com\\\/povazskemuzeum\\\/\"]},{\"@type\":\"Person\",\"@id\":\"https:\\\/\\\/pmza.sk\\\/#\\\/schema\\\/person\\\/595e6a2ce731ea94dcd5d7f50a41ae33\",\"name\":\"Pova\u017esk\u00e9 m\u00fazeum\",\"image\":{\"@type\":\"ImageObject\",\"inLanguage\":\"sk-SK\",\"@id\":\"https:\\\/\\\/secure.gravatar.com\\\/avatar\\\/2bb7f1561282132fb5826dfeccc66c7996d11ee392ac6aaf7ced8a1c2027fbb2?s=96&d=mm&r=g\",\"url\":\"https:\\\/\\\/secure.gravatar.com\\\/avatar\\\/2bb7f1561282132fb5826dfeccc66c7996d11ee392ac6aaf7ced8a1c2027fbb2?s=96&d=mm&r=g\",\"contentUrl\":\"https:\\\/\\\/secure.gravatar.com\\\/avatar\\\/2bb7f1561282132fb5826dfeccc66c7996d11ee392ac6aaf7ced8a1c2027fbb2?s=96&d=mm&r=g\",\"caption\":\"Pova\u017esk\u00e9 m\u00fazeum\"}}]}<\/script>\n<!-- \/ Yoast SEO plugin. -->","yoast_head_json":{"title":"Turzov svadobn\u00fd dar \u010dak\u00e1 na sn\u00fabencov - Pova\u017esk\u00e9 m\u00fazeum","robots":{"index":"index","follow":"follow","max-snippet":"max-snippet:-1","max-image-preview":"max-image-preview:large","max-video-preview":"max-video-preview:-1"},"canonical":"https:\/\/pmza.sk\/?p=4949","og_locale":"sk_SK","og_type":"article","og_title":"Turzov svadobn\u00fd dar \u010dak\u00e1 na sn\u00fabencov - Pova\u017esk\u00e9 m\u00fazeum","og_description":"miesto:\u00a0 Incheba &#8211; Expo, Bratislava term\u00edn: 3. febru\u00e1r 2012 II. ro\u010dn\u00edk s\u00fa\u0165a\u017ee Svadobn\u00fd dar palat\u00edna Turzu, ktorej v\u00ed\u0165azov spozn\u00e1me na najv\u00e4\u010d\u0161om slovenskom svadobnom ve\u013etrhu v Bratislave za\u010diatkom febru\u00e1ra 2012, op\u00e4tovne potvrdil, \u017ee sn\u00fabeneck\u00e9 p\u00e1ry z cel\u00e9ho Slovenska maj\u00fa ve\u013ek\u00fd z\u00e1ujem zrealizova\u0165 svoju svadbu pr\u00e1ve v priestoroch renesan\u010dn\u00e9ho Sob\u00e1\u0161neho pal\u00e1ca v Byt\u010di.","og_url":"https:\/\/pmza.sk\/?p=4949","og_site_name":"Pova\u017esk\u00e9 m\u00fazeum","article_publisher":"https:\/\/www.facebook.com\/povazskemuzeum","article_published_time":"2012-01-24T10:06:16+00:00","og_image":[{"url":"https:\/\/pmza.sk.sk\/wp-content\/uploads\/2012\/01\/losovanie-3-2011-300x225.jpg","type":"","width":"","height":""}],"author":"Pova\u017esk\u00e9 m\u00fazeum","twitter_card":"summary_large_image","twitter_misc":{"Autor":"Pova\u017esk\u00e9 m\u00fazeum","Predpokladan\u00fd \u010das \u010d\u00edtania":"2 min\u00faty"},"schema":{"@context":"https:\/\/schema.org","@graph":[{"@type":"Article","@id":"https:\/\/pmza.sk\/?p=4949#article","isPartOf":{"@id":"https:\/\/pmza.sk\/?p=4949"},"author":{"name":"Pova\u017esk\u00e9 m\u00fazeum","@id":"https:\/\/pmza.sk\/#\/schema\/person\/595e6a2ce731ea94dcd5d7f50a41ae33"},"headline":"Turzov svadobn\u00fd dar \u010dak\u00e1 na sn\u00fabencov","datePublished":"2012-01-24T10:06:16+00:00","mainEntityOfPage":{"@id":"https:\/\/pmza.sk\/?p=4949"},"wordCount":484,"publisher":{"@id":"https:\/\/pmza.sk\/#organization"},"image":{"@id":"https:\/\/pmza.sk\/?p=4949#primaryimage"},"thumbnailUrl":"https:\/\/pmza.sk.sk\/wp-content\/uploads\/2012\/01\/losovanie-3-2011-300x225.jpg","articleSection":["Arch\u00edv 2012"],"inLanguage":"sk-SK"},{"@type":"WebPage","@id":"https:\/\/pmza.sk\/?p=4949","url":"https:\/\/pmza.sk\/?p=4949","name":"Turzov svadobn\u00fd dar \u010dak\u00e1 na sn\u00fabencov - Pova\u017esk\u00e9 m\u00fazeum","isPartOf":{"@id":"https:\/\/pmza.sk\/#website"},"primaryImageOfPage":{"@id":"https:\/\/pmza.sk\/?p=4949#primaryimage"},"image":{"@id":"https:\/\/pmza.sk\/?p=4949#primaryimage"},"thumbnailUrl":"https:\/\/pmza.sk.sk\/wp-content\/uploads\/2012\/01\/losovanie-3-2011-300x225.jpg","datePublished":"2012-01-24T10:06:16+00:00","breadcrumb":{"@id":"https:\/\/pmza.sk\/?p=4949#breadcrumb"},"inLanguage":"sk-SK","potentialAction":[{"@type":"ReadAction","target":["https:\/\/pmza.sk\/?p=4949"]}]},{"@type":"ImageObject","inLanguage":"sk-SK","@id":"https:\/\/pmza.sk\/?p=4949#primaryimage","url":"https:\/\/pmza.sk.sk\/wp-content\/uploads\/2012\/01\/losovanie-3-2011-300x225.jpg","contentUrl":"https:\/\/pmza.sk.sk\/wp-content\/uploads\/2012\/01\/losovanie-3-2011-300x225.jpg"},{"@type":"BreadcrumbList","@id":"https:\/\/pmza.sk\/?p=4949#breadcrumb","itemListElement":[{"@type":"ListItem","position":1,"name":"Domovsk\u00e1 str\u00e1nka","item":"https:\/\/pmza.sk\/"},{"@type":"ListItem","position":2,"name":"Turzov svadobn\u00fd dar \u010dak\u00e1 na sn\u00fabencov"}]},{"@type":"WebSite","@id":"https:\/\/pmza.sk\/#website","url":"https:\/\/pmza.sk\/","name":"Pova\u017esk\u00e9 m\u00fazeum","description":"Pova\u017esk\u00e9 m\u00fazeum v \u017diline je region\u00e1lne m\u00fazeum so s\u00eddlom v Budat\u00edne. Jeho expoz\u00edcie s\u00fa zameran\u00e9 na dejiny slovensk\u00e9ho umenia, kult\u00fary a dopravy.","publisher":{"@id":"https:\/\/pmza.sk\/#organization"},"potentialAction":[{"@type":"SearchAction","target":{"@type":"EntryPoint","urlTemplate":"https:\/\/pmza.sk\/?s={search_term_string}"},"query-input":{"@type":"PropertyValueSpecification","valueRequired":true,"valueName":"search_term_string"}}],"inLanguage":"sk-SK"},{"@type":"Organization","@id":"https:\/\/pmza.sk\/#organization","name":"Pova\u017esk\u00e9 m\u00fazeum","url":"https:\/\/pmza.sk\/","logo":{"@type":"ImageObject","inLanguage":"sk-SK","@id":"https:\/\/pmza.sk\/#\/schema\/logo\/image\/","url":"https:\/\/pmza.sk\/wp-content\/uploads\/2022\/01\/logo_PM_horizontal.jpg","contentUrl":"https:\/\/pmza.sk\/wp-content\/uploads\/2022\/01\/logo_PM_horizontal.jpg","width":231,"height":142,"caption":"Pova\u017esk\u00e9 m\u00fazeum"},"image":{"@id":"https:\/\/pmza.sk\/#\/schema\/logo\/image\/"},"sameAs":["https:\/\/www.facebook.com\/povazskemuzeum","https:\/\/www.instagram.com\/povazskemuzeum\/"]},{"@type":"Person","@id":"https:\/\/pmza.sk\/#\/schema\/person\/595e6a2ce731ea94dcd5d7f50a41ae33","name":"Pova\u017esk\u00e9 m\u00fazeum","image":{"@type":"ImageObject","inLanguage":"sk-SK","@id":"https:\/\/secure.gravatar.com\/avatar\/2bb7f1561282132fb5826dfeccc66c7996d11ee392ac6aaf7ced8a1c2027fbb2?s=96&d=mm&r=g","url":"https:\/\/secure.gravatar.com\/avatar\/2bb7f1561282132fb5826dfeccc66c7996d11ee392ac6aaf7ced8a1c2027fbb2?s=96&d=mm&r=g","contentUrl":"https:\/\/secure.gravatar.com\/avatar\/2bb7f1561282132fb5826dfeccc66c7996d11ee392ac6aaf7ced8a1c2027fbb2?s=96&d=mm&r=g","caption":"Pova\u017esk\u00e9 m\u00fazeum"}}]}},"_links":{"self":[{"href":"https:\/\/pmza.sk\/index.php?rest_route=\/wp\/v2\/posts\/4949","targetHints":{"allow":["GET"]}}],"collection":[{"href":"https:\/\/pmza.sk\/index.php?rest_route=\/wp\/v2\/posts"}],"about":[{"href":"https:\/\/pmza.sk\/index.php?rest_route=\/wp\/v2\/types\/post"}],"author":[{"embeddable":true,"href":"https:\/\/pmza.sk\/index.php?rest_route=\/wp\/v2\/users\/2"}],"replies":[{"embeddable":true,"href":"https:\/\/pmza.sk\/index.php?rest_route=%2Fwp%2Fv2%2Fcomments&post=4949"}],"version-history":[{"count":0,"href":"https:\/\/pmza.sk\/index.php?rest_route=\/wp\/v2\/posts\/4949\/revisions"}],"wp:attachment":[{"href":"https:\/\/pmza.sk\/index.php?rest_route=%2Fwp%2Fv2%2Fmedia&parent=4949"}],"wp:term":[{"taxonomy":"category","embeddable":true,"href":"https:\/\/pmza.sk\/index.php?rest_route=%2Fwp%2Fv2%2Fcategories&post=4949"},{"taxonomy":"post_tag","embeddable":true,"href":"https:\/\/pmza.sk\/index.php?rest_route=%2Fwp%2Fv2%2Ftags&post=4949"}],"curies":[{"name":"wp","href":"https:\/\/api.w.org\/{rel}","templated":true}]}}