{"id":4958,"date":"2012-01-27T15:52:46","date_gmt":"2012-01-27T14:52:46","guid":{"rendered":"https:\/\/pmza.sk.sk\/?p=4958"},"modified":"2012-01-27T15:52:46","modified_gmt":"2012-01-27T14:52:46","slug":"povazske-muzeum-v-ziline-oslavuje-70-rokov","status":"publish","type":"post","link":"https:\/\/pmza.sk\/?p=4958","title":{"rendered":"Pova\u017esk\u00e9 m\u00fazeum v \u017diline oslavuje 70 rokov"},"content":{"rendered":"<p><a href=\"https:\/\/pmza.sk\/wp-content\/uploads\/2012\/01\/Budatinsky-hrad.jpg\"><img fetchpriority=\"high\" decoding=\"async\" class=\"alignleft size-medium wp-image-4959\" style=\"margin: 4px; border: 2px solid black;\" title=\"Budatinsky hrad\" src=\"https:\/\/pmza.sk.sk\/wp-content\/uploads\/2012\/01\/Budatinsky-hrad-300x200.jpg\" alt=\"\" width=\"300\" height=\"200\" \/><\/a>Pova\u017esk\u00e9 m\u00fazeum v \u017diline vzniklo v roku 1942 ako Mestsk\u00e9 a drot\u00e1rske m\u00fazeum. V roku 2012 si pripomenie 70. v\u00fdro\u010die svojho vzniku. Oslavy v\u00fdro\u010dia m\u00fazea bud\u00fa prebieha\u0165 po\u010das cel\u00e9ho roka prostredn\u00edctvom odborn\u00fdch, prezenta\u010dn\u00fdch a publika\u010dn\u00fdch aktiv\u00edt. \u201ePrv\u00fdm podujat\u00edm, na ktorom symbolicky otvor\u00edme jubilejn\u00fd rok m\u00fazea, bude 2. ro\u010dn\u00edk Turzovho plesu v Sob\u00e1\u0161nom pal\u00e1ci v Byt\u010di, kde bude predstaven\u00e9 logo a slogan 70. v\u00fdro\u010dia m\u00fazea,\u201c povedal Boris Schubert, riadite\u013e Pova\u017esk\u00e9ho m\u00fazea v \u017diline.<!--more--><br \/>\nMedzi hlavn\u00e9 prezenta\u010dn\u00e9 aktivity, ktor\u00fdmi si m\u00fazeum pripomenie svoje 70. v\u00fdro\u010die bude patri\u0165 v\u00fdstava venovan\u00e1 hist\u00f3rii a vzniku m\u00fazea a XXII. ro\u010dn\u00edk medzin\u00e1rodn\u00e9ho stretnutia drot\u00e1rskych majstrov \u2013 Festival drot\u00e1rstva, ktor\u00e9 bud\u00fa realizovan\u00e9 v spolupr\u00e1ci s Mestom \u017dilina. V Radenovom dome v \u010ci\u010dmanoch m\u00fazeum pripravuje v\u00fdstavu v\u00fd\u0161iviek zo zbierky zn\u00e1mej \u010di\u010dmianskej rod\u00e1\u010dky Matildy \u010cechovej, na hrade Stre\u010dno audiovizu\u00e1lnu v\u00fdstavu sov pod n\u00e1zvom Pr\u00edzraky noci, v are\u00e1li Budat\u00ednskeho hradu v\u00fdstavu litografi\u00ed \u0161panielskeho maliara Pabla Picassa.<br \/>\n\u201eZ podujat\u00ed, ktor\u00fdmi si pripomenieme jubileum m\u00fazea, chcem da\u0165 do pozornosti Pohybliv\u00e9 obr\u00e1zky alebo premietanie filmov v Budat\u00ednskom parku, v\u017edy atrakt\u00edvne podujatia na hrade Stre\u010dno, 4. ro\u010dn\u00edk spanilej jazdy Rajeckou An\u010dou a samozrejme samotn\u00e9 oslavy 70 rokov Pova\u017esk\u00e9ho m\u00fazea v \u017diline, ktor\u00e9 sa bud\u00fa kona\u0165 v r\u00e1mci 2. ro\u010dn\u00edka multi\u017e\u00e1nrov\u00e9ho podujatia Budat\u00ednsky r\u00ednok,\u201c dodal Boris Schubert.<br \/>\nHist\u00f3riu vzniku Pova\u017esk\u00e9ho m\u00fazea v \u017diline zdokumentuje slovom aj obrazom monografia pozost\u00e1vaj\u00faca z kapitol \u2013 dejiny m\u00fazea, objekty v spr\u00e1ve m\u00fazea, expoz\u00edcie m\u00fazea, zbierkov\u00fd fond m\u00fazea a jeho osobnosti. Z \u010fal\u0161\u00edch odborn\u00fdch \u010dinnost\u00ed m\u00fazeum pripravuje konferenciu venovan\u00fa kreativite a inov\u00e1ci\u00e1m m\u00faze\u00ed \u017dilinsk\u00e9ho samospr\u00e1vneho kraja, ktor\u00e1 sa uskuto\u010dn\u00ed v Sob\u00e1\u0161nom pal\u00e1ci v Byt\u010di.<br \/>\nPova\u017esk\u00e9 m\u00fazeum v \u017diline patr\u00ed medzi desa\u0165 najv\u00e4\u010d\u0161\u00edch m\u00faze\u00ed na Slovensku a je \u0161pecializovan\u00fdm m\u00fazeom s celoslovenskou p\u00f4sobnos\u0165ou pre oblas\u0165 drot\u00e1rstva a dej\u00edn dopravy. Spravuje Budat\u00ednsky hrad, hrad Stre\u010dno, Objekty \u013eudovej architekt\u00fary v\u00a0 \u010ci\u010dmanoch, renesan\u010dn\u00fd Sob\u00e1\u0161ny pal\u00e1c v Byt\u010di, na Slovensku ojedinel\u00fa expoz\u00edciu J\u00e1no\u0161\u00edk a Terchov\u00e1 v Terchovej a expoz\u00edciu drot\u00e1rstva v Pova\u017eskej gal\u00e9rii umenia v \u017diline.<\/p>\n","protected":false},"excerpt":{"rendered":"<p>Pova\u017esk\u00e9 m\u00fazeum v \u017diline vzniklo v roku 1942 ako Mestsk\u00e9 a drot\u00e1rske m\u00fazeum. V roku 2012 si pripomenie 70. v\u00fdro\u010die svojho vzniku. Oslavy v\u00fdro\u010dia m\u00fazea bud\u00fa prebieha\u0165 po\u010das cel\u00e9ho roka prostredn\u00edctvom odborn\u00fdch, prezenta\u010dn\u00fdch a publika\u010dn\u00fdch aktiv\u00edt. \u201ePrv\u00fdm podujat\u00edm, na ktorom symbolicky otvor\u00edme jubilejn\u00fd rok m\u00fazea, bude 2. ro\u010dn\u00edk Turzovho plesu v Sob\u00e1\u0161nom pal\u00e1ci v Byt\u010di, [&hellip;]<\/p>\n","protected":false},"author":2,"featured_media":0,"comment_status":"closed","ping_status":"closed","sticky":false,"template":"","format":"standard","meta":{"site-sidebar-layout":"default","site-content-layout":"","ast-site-content-layout":"","site-content-style":"default","site-sidebar-style":"default","ast-global-header-display":"","ast-banner-title-visibility":"","ast-main-header-display":"","ast-hfb-above-header-display":"","ast-hfb-below-header-display":"","ast-hfb-mobile-header-display":"","site-post-title":"","ast-breadcrumbs-content":"","ast-featured-img":"","footer-sml-layout":"","theme-transparent-header-meta":"","adv-header-id-meta":"","stick-header-meta":"","header-above-stick-meta":"","header-main-stick-meta":"","header-below-stick-meta":"","astra-migrate-meta-layouts":"default","ast-page-background-enabled":"default","ast-page-background-meta":{"desktop":{"background-color":"var(--ast-global-color-4)","background-image":"","background-repeat":"repeat","background-position":"center center","background-size":"auto","background-attachment":"scroll","background-type":"","background-media":"","overlay-type":"","overlay-color":"","overlay-opacity":"","overlay-gradient":""},"tablet":{"background-color":"","background-image":"","background-repeat":"repeat","background-position":"center center","background-size":"auto","background-attachment":"scroll","background-type":"","background-media":"","overlay-type":"","overlay-color":"","overlay-opacity":"","overlay-gradient":""},"mobile":{"background-color":"","background-image":"","background-repeat":"repeat","background-position":"center center","background-size":"auto","background-attachment":"scroll","background-type":"","background-media":"","overlay-type":"","overlay-color":"","overlay-opacity":"","overlay-gradient":""}},"ast-content-background-meta":{"desktop":{"background-color":"var(--ast-global-color-5)","background-image":"","background-repeat":"repeat","background-position":"center center","background-size":"auto","background-attachment":"scroll","background-type":"","background-media":"","overlay-type":"","overlay-color":"","overlay-opacity":"","overlay-gradient":""},"tablet":{"background-color":"var(--ast-global-color-5)","background-image":"","background-repeat":"repeat","background-position":"center center","background-size":"auto","background-attachment":"scroll","background-type":"","background-media":"","overlay-type":"","overlay-color":"","overlay-opacity":"","overlay-gradient":""},"mobile":{"background-color":"var(--ast-global-color-5)","background-image":"","background-repeat":"repeat","background-position":"center center","background-size":"auto","background-attachment":"scroll","background-type":"","background-media":"","overlay-type":"","overlay-color":"","overlay-opacity":"","overlay-gradient":""}},"footnotes":""},"categories":[32],"tags":[],"class_list":["post-4958","post","type-post","status-publish","format-standard","hentry","category-archiv-2012"],"yoast_head":"<!-- This site is optimized with the Yoast SEO plugin v27.4 - https:\/\/yoast.com\/product\/yoast-seo-wordpress\/ -->\n<title>Pova\u017esk\u00e9 m\u00fazeum v \u017diline oslavuje 70 rokov - Pova\u017esk\u00e9 m\u00fazeum<\/title>\n<meta name=\"robots\" content=\"index, follow, max-snippet:-1, max-image-preview:large, max-video-preview:-1\" \/>\n<link rel=\"canonical\" href=\"https:\/\/pmza.sk\/?p=4958\" \/>\n<meta property=\"og:locale\" content=\"sk_SK\" \/>\n<meta property=\"og:type\" content=\"article\" \/>\n<meta property=\"og:title\" content=\"Pova\u017esk\u00e9 m\u00fazeum v \u017diline oslavuje 70 rokov - Pova\u017esk\u00e9 m\u00fazeum\" \/>\n<meta property=\"og:description\" content=\"Pova\u017esk\u00e9 m\u00fazeum v \u017diline vzniklo v roku 1942 ako Mestsk\u00e9 a drot\u00e1rske m\u00fazeum. V roku 2012 si pripomenie 70. v\u00fdro\u010die svojho vzniku. Oslavy v\u00fdro\u010dia m\u00fazea bud\u00fa prebieha\u0165 po\u010das cel\u00e9ho roka prostredn\u00edctvom odborn\u00fdch, prezenta\u010dn\u00fdch a publika\u010dn\u00fdch aktiv\u00edt. \u201ePrv\u00fdm podujat\u00edm, na ktorom symbolicky otvor\u00edme jubilejn\u00fd rok m\u00fazea, bude 2. ro\u010dn\u00edk Turzovho plesu v Sob\u00e1\u0161nom pal\u00e1ci v Byt\u010di, [&hellip;]\" \/>\n<meta property=\"og:url\" content=\"https:\/\/pmza.sk\/?p=4958\" \/>\n<meta property=\"og:site_name\" content=\"Pova\u017esk\u00e9 m\u00fazeum\" \/>\n<meta property=\"article:publisher\" content=\"https:\/\/www.facebook.com\/povazskemuzeum\" \/>\n<meta property=\"article:published_time\" content=\"2012-01-27T14:52:46+00:00\" \/>\n<meta property=\"og:image\" content=\"https:\/\/pmza.sk.sk\/wp-content\/uploads\/2012\/01\/Budatinsky-hrad-300x200.jpg\" \/>\n<meta name=\"author\" content=\"Pova\u017esk\u00e9 m\u00fazeum\" \/>\n<meta name=\"twitter:card\" content=\"summary_large_image\" \/>\n<meta name=\"twitter:label1\" content=\"Autor\" \/>\n\t<meta name=\"twitter:data1\" content=\"Pova\u017esk\u00e9 m\u00fazeum\" \/>\n\t<meta name=\"twitter:label2\" content=\"Predpokladan\u00fd \u010das \u010d\u00edtania\" \/>\n\t<meta name=\"twitter:data2\" content=\"2 min\u00faty\" \/>\n<script type=\"application\/ld+json\" class=\"yoast-schema-graph\">{\"@context\":\"https:\\\/\\\/schema.org\",\"@graph\":[{\"@type\":\"Article\",\"@id\":\"https:\\\/\\\/pmza.sk\\\/?p=4958#article\",\"isPartOf\":{\"@id\":\"https:\\\/\\\/pmza.sk\\\/?p=4958\"},\"author\":{\"name\":\"Pova\u017esk\u00e9 m\u00fazeum\",\"@id\":\"https:\\\/\\\/pmza.sk\\\/#\\\/schema\\\/person\\\/595e6a2ce731ea94dcd5d7f50a41ae33\"},\"headline\":\"Pova\u017esk\u00e9 m\u00fazeum v \u017diline oslavuje 70 rokov\",\"datePublished\":\"2012-01-27T14:52:46+00:00\",\"mainEntityOfPage\":{\"@id\":\"https:\\\/\\\/pmza.sk\\\/?p=4958\"},\"wordCount\":439,\"publisher\":{\"@id\":\"https:\\\/\\\/pmza.sk\\\/#organization\"},\"image\":{\"@id\":\"https:\\\/\\\/pmza.sk\\\/?p=4958#primaryimage\"},\"thumbnailUrl\":\"http:\\\/\\\/pmza.sk.sk\\\/wp-content\\\/uploads\\\/2012\\\/01\\\/Budatinsky-hrad-300x200.jpg\",\"articleSection\":[\"Arch\u00edv 2012\"],\"inLanguage\":\"sk-SK\"},{\"@type\":\"WebPage\",\"@id\":\"https:\\\/\\\/pmza.sk\\\/?p=4958\",\"url\":\"https:\\\/\\\/pmza.sk\\\/?p=4958\",\"name\":\"Pova\u017esk\u00e9 m\u00fazeum v \u017diline oslavuje 70 rokov - Pova\u017esk\u00e9 m\u00fazeum\",\"isPartOf\":{\"@id\":\"https:\\\/\\\/pmza.sk\\\/#website\"},\"primaryImageOfPage\":{\"@id\":\"https:\\\/\\\/pmza.sk\\\/?p=4958#primaryimage\"},\"image\":{\"@id\":\"https:\\\/\\\/pmza.sk\\\/?p=4958#primaryimage\"},\"thumbnailUrl\":\"http:\\\/\\\/pmza.sk.sk\\\/wp-content\\\/uploads\\\/2012\\\/01\\\/Budatinsky-hrad-300x200.jpg\",\"datePublished\":\"2012-01-27T14:52:46+00:00\",\"breadcrumb\":{\"@id\":\"https:\\\/\\\/pmza.sk\\\/?p=4958#breadcrumb\"},\"inLanguage\":\"sk-SK\",\"potentialAction\":[{\"@type\":\"ReadAction\",\"target\":[\"https:\\\/\\\/pmza.sk\\\/?p=4958\"]}]},{\"@type\":\"ImageObject\",\"inLanguage\":\"sk-SK\",\"@id\":\"https:\\\/\\\/pmza.sk\\\/?p=4958#primaryimage\",\"url\":\"http:\\\/\\\/pmza.sk.sk\\\/wp-content\\\/uploads\\\/2012\\\/01\\\/Budatinsky-hrad-300x200.jpg\",\"contentUrl\":\"http:\\\/\\\/pmza.sk.sk\\\/wp-content\\\/uploads\\\/2012\\\/01\\\/Budatinsky-hrad-300x200.jpg\"},{\"@type\":\"BreadcrumbList\",\"@id\":\"https:\\\/\\\/pmza.sk\\\/?p=4958#breadcrumb\",\"itemListElement\":[{\"@type\":\"ListItem\",\"position\":1,\"name\":\"Domovsk\u00e1 str\u00e1nka\",\"item\":\"https:\\\/\\\/pmza.sk\\\/\"},{\"@type\":\"ListItem\",\"position\":2,\"name\":\"Pova\u017esk\u00e9 m\u00fazeum v \u017diline oslavuje 70 rokov\"}]},{\"@type\":\"WebSite\",\"@id\":\"https:\\\/\\\/pmza.sk\\\/#website\",\"url\":\"https:\\\/\\\/pmza.sk\\\/\",\"name\":\"Pova\u017esk\u00e9 m\u00fazeum\",\"description\":\"Pova\u017esk\u00e9 m\u00fazeum v \u017diline je region\u00e1lne m\u00fazeum so s\u00eddlom v Budat\u00edne. Jeho expoz\u00edcie s\u00fa zameran\u00e9 na dejiny slovensk\u00e9ho umenia, kult\u00fary a dopravy.\",\"publisher\":{\"@id\":\"https:\\\/\\\/pmza.sk\\\/#organization\"},\"potentialAction\":[{\"@type\":\"SearchAction\",\"target\":{\"@type\":\"EntryPoint\",\"urlTemplate\":\"https:\\\/\\\/pmza.sk\\\/?s={search_term_string}\"},\"query-input\":{\"@type\":\"PropertyValueSpecification\",\"valueRequired\":true,\"valueName\":\"search_term_string\"}}],\"inLanguage\":\"sk-SK\"},{\"@type\":\"Organization\",\"@id\":\"https:\\\/\\\/pmza.sk\\\/#organization\",\"name\":\"Pova\u017esk\u00e9 m\u00fazeum\",\"url\":\"https:\\\/\\\/pmza.sk\\\/\",\"logo\":{\"@type\":\"ImageObject\",\"inLanguage\":\"sk-SK\",\"@id\":\"https:\\\/\\\/pmza.sk\\\/#\\\/schema\\\/logo\\\/image\\\/\",\"url\":\"https:\\\/\\\/pmza.sk\\\/wp-content\\\/uploads\\\/2022\\\/01\\\/logo_PM_horizontal.jpg\",\"contentUrl\":\"https:\\\/\\\/pmza.sk\\\/wp-content\\\/uploads\\\/2022\\\/01\\\/logo_PM_horizontal.jpg\",\"width\":231,\"height\":142,\"caption\":\"Pova\u017esk\u00e9 m\u00fazeum\"},\"image\":{\"@id\":\"https:\\\/\\\/pmza.sk\\\/#\\\/schema\\\/logo\\\/image\\\/\"},\"sameAs\":[\"https:\\\/\\\/www.facebook.com\\\/povazskemuzeum\",\"https:\\\/\\\/www.instagram.com\\\/povazskemuzeum\\\/\"]},{\"@type\":\"Person\",\"@id\":\"https:\\\/\\\/pmza.sk\\\/#\\\/schema\\\/person\\\/595e6a2ce731ea94dcd5d7f50a41ae33\",\"name\":\"Pova\u017esk\u00e9 m\u00fazeum\",\"image\":{\"@type\":\"ImageObject\",\"inLanguage\":\"sk-SK\",\"@id\":\"https:\\\/\\\/secure.gravatar.com\\\/avatar\\\/2bb7f1561282132fb5826dfeccc66c7996d11ee392ac6aaf7ced8a1c2027fbb2?s=96&d=mm&r=g\",\"url\":\"https:\\\/\\\/secure.gravatar.com\\\/avatar\\\/2bb7f1561282132fb5826dfeccc66c7996d11ee392ac6aaf7ced8a1c2027fbb2?s=96&d=mm&r=g\",\"contentUrl\":\"https:\\\/\\\/secure.gravatar.com\\\/avatar\\\/2bb7f1561282132fb5826dfeccc66c7996d11ee392ac6aaf7ced8a1c2027fbb2?s=96&d=mm&r=g\",\"caption\":\"Pova\u017esk\u00e9 m\u00fazeum\"}}]}<\/script>\n<!-- \/ Yoast SEO plugin. -->","yoast_head_json":{"title":"Pova\u017esk\u00e9 m\u00fazeum v \u017diline oslavuje 70 rokov - Pova\u017esk\u00e9 m\u00fazeum","robots":{"index":"index","follow":"follow","max-snippet":"max-snippet:-1","max-image-preview":"max-image-preview:large","max-video-preview":"max-video-preview:-1"},"canonical":"https:\/\/pmza.sk\/?p=4958","og_locale":"sk_SK","og_type":"article","og_title":"Pova\u017esk\u00e9 m\u00fazeum v \u017diline oslavuje 70 rokov - Pova\u017esk\u00e9 m\u00fazeum","og_description":"Pova\u017esk\u00e9 m\u00fazeum v \u017diline vzniklo v roku 1942 ako Mestsk\u00e9 a drot\u00e1rske m\u00fazeum. V roku 2012 si pripomenie 70. v\u00fdro\u010die svojho vzniku. Oslavy v\u00fdro\u010dia m\u00fazea bud\u00fa prebieha\u0165 po\u010das cel\u00e9ho roka prostredn\u00edctvom odborn\u00fdch, prezenta\u010dn\u00fdch a publika\u010dn\u00fdch aktiv\u00edt. \u201ePrv\u00fdm podujat\u00edm, na ktorom symbolicky otvor\u00edme jubilejn\u00fd rok m\u00fazea, bude 2. ro\u010dn\u00edk Turzovho plesu v Sob\u00e1\u0161nom pal\u00e1ci v Byt\u010di, [&hellip;]","og_url":"https:\/\/pmza.sk\/?p=4958","og_site_name":"Pova\u017esk\u00e9 m\u00fazeum","article_publisher":"https:\/\/www.facebook.com\/povazskemuzeum","article_published_time":"2012-01-27T14:52:46+00:00","og_image":[{"url":"https:\/\/pmza.sk.sk\/wp-content\/uploads\/2012\/01\/Budatinsky-hrad-300x200.jpg","type":"","width":"","height":""}],"author":"Pova\u017esk\u00e9 m\u00fazeum","twitter_card":"summary_large_image","twitter_misc":{"Autor":"Pova\u017esk\u00e9 m\u00fazeum","Predpokladan\u00fd \u010das \u010d\u00edtania":"2 min\u00faty"},"schema":{"@context":"https:\/\/schema.org","@graph":[{"@type":"Article","@id":"https:\/\/pmza.sk\/?p=4958#article","isPartOf":{"@id":"https:\/\/pmza.sk\/?p=4958"},"author":{"name":"Pova\u017esk\u00e9 m\u00fazeum","@id":"https:\/\/pmza.sk\/#\/schema\/person\/595e6a2ce731ea94dcd5d7f50a41ae33"},"headline":"Pova\u017esk\u00e9 m\u00fazeum v \u017diline oslavuje 70 rokov","datePublished":"2012-01-27T14:52:46+00:00","mainEntityOfPage":{"@id":"https:\/\/pmza.sk\/?p=4958"},"wordCount":439,"publisher":{"@id":"https:\/\/pmza.sk\/#organization"},"image":{"@id":"https:\/\/pmza.sk\/?p=4958#primaryimage"},"thumbnailUrl":"https:\/\/pmza.sk.sk\/wp-content\/uploads\/2012\/01\/Budatinsky-hrad-300x200.jpg","articleSection":["Arch\u00edv 2012"],"inLanguage":"sk-SK"},{"@type":"WebPage","@id":"https:\/\/pmza.sk\/?p=4958","url":"https:\/\/pmza.sk\/?p=4958","name":"Pova\u017esk\u00e9 m\u00fazeum v \u017diline oslavuje 70 rokov - Pova\u017esk\u00e9 m\u00fazeum","isPartOf":{"@id":"https:\/\/pmza.sk\/#website"},"primaryImageOfPage":{"@id":"https:\/\/pmza.sk\/?p=4958#primaryimage"},"image":{"@id":"https:\/\/pmza.sk\/?p=4958#primaryimage"},"thumbnailUrl":"https:\/\/pmza.sk.sk\/wp-content\/uploads\/2012\/01\/Budatinsky-hrad-300x200.jpg","datePublished":"2012-01-27T14:52:46+00:00","breadcrumb":{"@id":"https:\/\/pmza.sk\/?p=4958#breadcrumb"},"inLanguage":"sk-SK","potentialAction":[{"@type":"ReadAction","target":["https:\/\/pmza.sk\/?p=4958"]}]},{"@type":"ImageObject","inLanguage":"sk-SK","@id":"https:\/\/pmza.sk\/?p=4958#primaryimage","url":"https:\/\/pmza.sk.sk\/wp-content\/uploads\/2012\/01\/Budatinsky-hrad-300x200.jpg","contentUrl":"https:\/\/pmza.sk.sk\/wp-content\/uploads\/2012\/01\/Budatinsky-hrad-300x200.jpg"},{"@type":"BreadcrumbList","@id":"https:\/\/pmza.sk\/?p=4958#breadcrumb","itemListElement":[{"@type":"ListItem","position":1,"name":"Domovsk\u00e1 str\u00e1nka","item":"https:\/\/pmza.sk\/"},{"@type":"ListItem","position":2,"name":"Pova\u017esk\u00e9 m\u00fazeum v \u017diline oslavuje 70 rokov"}]},{"@type":"WebSite","@id":"https:\/\/pmza.sk\/#website","url":"https:\/\/pmza.sk\/","name":"Pova\u017esk\u00e9 m\u00fazeum","description":"Pova\u017esk\u00e9 m\u00fazeum v \u017diline je region\u00e1lne m\u00fazeum so s\u00eddlom v Budat\u00edne. Jeho expoz\u00edcie s\u00fa zameran\u00e9 na dejiny slovensk\u00e9ho umenia, kult\u00fary a dopravy.","publisher":{"@id":"https:\/\/pmza.sk\/#organization"},"potentialAction":[{"@type":"SearchAction","target":{"@type":"EntryPoint","urlTemplate":"https:\/\/pmza.sk\/?s={search_term_string}"},"query-input":{"@type":"PropertyValueSpecification","valueRequired":true,"valueName":"search_term_string"}}],"inLanguage":"sk-SK"},{"@type":"Organization","@id":"https:\/\/pmza.sk\/#organization","name":"Pova\u017esk\u00e9 m\u00fazeum","url":"https:\/\/pmza.sk\/","logo":{"@type":"ImageObject","inLanguage":"sk-SK","@id":"https:\/\/pmza.sk\/#\/schema\/logo\/image\/","url":"https:\/\/pmza.sk\/wp-content\/uploads\/2022\/01\/logo_PM_horizontal.jpg","contentUrl":"https:\/\/pmza.sk\/wp-content\/uploads\/2022\/01\/logo_PM_horizontal.jpg","width":231,"height":142,"caption":"Pova\u017esk\u00e9 m\u00fazeum"},"image":{"@id":"https:\/\/pmza.sk\/#\/schema\/logo\/image\/"},"sameAs":["https:\/\/www.facebook.com\/povazskemuzeum","https:\/\/www.instagram.com\/povazskemuzeum\/"]},{"@type":"Person","@id":"https:\/\/pmza.sk\/#\/schema\/person\/595e6a2ce731ea94dcd5d7f50a41ae33","name":"Pova\u017esk\u00e9 m\u00fazeum","image":{"@type":"ImageObject","inLanguage":"sk-SK","@id":"https:\/\/secure.gravatar.com\/avatar\/2bb7f1561282132fb5826dfeccc66c7996d11ee392ac6aaf7ced8a1c2027fbb2?s=96&d=mm&r=g","url":"https:\/\/secure.gravatar.com\/avatar\/2bb7f1561282132fb5826dfeccc66c7996d11ee392ac6aaf7ced8a1c2027fbb2?s=96&d=mm&r=g","contentUrl":"https:\/\/secure.gravatar.com\/avatar\/2bb7f1561282132fb5826dfeccc66c7996d11ee392ac6aaf7ced8a1c2027fbb2?s=96&d=mm&r=g","caption":"Pova\u017esk\u00e9 m\u00fazeum"}}]}},"_links":{"self":[{"href":"https:\/\/pmza.sk\/index.php?rest_route=\/wp\/v2\/posts\/4958","targetHints":{"allow":["GET"]}}],"collection":[{"href":"https:\/\/pmza.sk\/index.php?rest_route=\/wp\/v2\/posts"}],"about":[{"href":"https:\/\/pmza.sk\/index.php?rest_route=\/wp\/v2\/types\/post"}],"author":[{"embeddable":true,"href":"https:\/\/pmza.sk\/index.php?rest_route=\/wp\/v2\/users\/2"}],"replies":[{"embeddable":true,"href":"https:\/\/pmza.sk\/index.php?rest_route=%2Fwp%2Fv2%2Fcomments&post=4958"}],"version-history":[{"count":0,"href":"https:\/\/pmza.sk\/index.php?rest_route=\/wp\/v2\/posts\/4958\/revisions"}],"wp:attachment":[{"href":"https:\/\/pmza.sk\/index.php?rest_route=%2Fwp%2Fv2%2Fmedia&parent=4958"}],"wp:term":[{"taxonomy":"category","embeddable":true,"href":"https:\/\/pmza.sk\/index.php?rest_route=%2Fwp%2Fv2%2Fcategories&post=4958"},{"taxonomy":"post_tag","embeddable":true,"href":"https:\/\/pmza.sk\/index.php?rest_route=%2Fwp%2Fv2%2Ftags&post=4958"}],"curies":[{"name":"wp","href":"https:\/\/api.w.org\/{rel}","templated":true}]}}