{"id":4984,"date":"2012-02-03T10:29:03","date_gmt":"2012-02-03T09:29:03","guid":{"rendered":"https:\/\/pmza.sk.sk\/?p=4984"},"modified":"2012-02-03T10:29:03","modified_gmt":"2012-02-03T09:29:03","slug":"povest-o-krasnej-katarine-v-novej-knizke-pre-deti","status":"publish","type":"post","link":"https:\/\/pmza.sk\/?p=4984","title":{"rendered":"Poves\u0165 o kr\u00e1snej Katar\u00edne v novej kni\u017eke pre deti"},"content":{"rendered":"<p><a href=\"https:\/\/pmza.sk\/wp-content\/uploads\/2012\/02\/leporelo.jpg\"><img fetchpriority=\"high\" decoding=\"async\" class=\"alignleft size-medium wp-image-4985\" style=\"margin: 4px; border: 2px solid black;\" title=\"leporelo\" src=\"https:\/\/pmza.sk.sk\/wp-content\/uploads\/2012\/02\/leporelo-300x240.jpg\" alt=\"\" width=\"300\" height=\"240\" \/><\/a>Budat\u00ednsky hrad je presl\u00e1ven\u00fd aj doj\u00edmavou poves\u0165ou o kr\u00e1snej Katar\u00edne, ktor\u00e1 bola vlastn\u00fdm otcom Ga\u0161parom Su\u0148ogom, za neuposl\u00fachnutie jeho pr\u00edkazu, zamurovan\u00e1 do hradnej ve\u017ee. \u201ePoves\u0165 o Katar\u00edne a Ga\u0161parovi, zo zn\u00e1meho rodu Su\u0148ogovcov, ktor\u00e9mu patril Budat\u00ednsky hrad v 17. storo\u010d\u00ed, sa stala in\u0161pir\u00e1ciou pre nov\u00e9 spracovanie pr\u00edbehu. Pova\u017esk\u00e9 m\u00fazeum v \u017diline ho v s\u00fa\u010dasnosti vydalo vo forme leporela pre deti,\u201c uviedol Peter \u0160imko, historik Pova\u017esk\u00e9ho m\u00fazea v \u017diline a jeden z autorov leporela. <!--more--><br \/>\n\u201eEdi\u010dn\u00e1 \u010dinnos\u0165 je d\u00f4le\u017eitou s\u00fa\u010das\u0165ou na\u0161ej muze\u00e1lnej pr\u00e1ce a ka\u017edoro\u010dne jej venujeme v\u00fdrazn\u00fa pozornos\u0165. V tomto roku pote\u0161\u00edme odborn\u00fa verejnos\u0165 plne recenzovan\u00fdm XXV. \u010d\u00edslom Vlastivedn\u00e9ho\u00a0 zborn\u00edka Pova\u017eia. Pre detsk\u00e9ho \u010ditate\u013ea sme pripravili kr\u00e1sne interakt\u00edvne leporelo o Katar\u00edne z Budat\u00ednskeho hradu. T\u00fato kni\u017eo\u010dku\u00a0 vn\u00edmam ako zauj\u00edmav\u00fd publika\u010dn\u00fd po\u010din, nako\u013eko detsk\u00e9 publikum predstavuje tretinu v\u0161etk\u00fdch n\u00e1v\u0161tevn\u00edkov expoz\u00edcii Pova\u017esk\u00e9ho m\u00fazea v \u017diline,\u201c povedal Boris Schubert, riadite\u013e m\u00fazea.<br \/>\nKni\u017eka o kr\u00e1snej Katar\u00edne nie je prvou publik\u00e1ciou m\u00fazea venovanou detsk\u00e9mu \u010ditate\u013eovi. V roku 2003 m\u00fazeum vydalo knihu Dr\u00f4tovanie s d\u017earkom Markom, ktor\u00e1 p\u00fatavou formou zoznamuje deti s n\u00e1vodmi na v\u00fdrobu r\u00f4znych predmetov z dr\u00f4tu. \u201eV leporele svoj pr\u00edbeh rozpr\u00e1va samotn\u00e1 Katar\u00edna. Publik\u00e1cia je zauj\u00edmavo ilustrovan\u00e1 a deti po pre\u010d\u00edtan\u00ed\u00a0 \u010dak\u00e1 nieko\u013eko \u00faloh,\u201c dodala na z\u00e1ver Anna Mar\u0161alov\u00e1 z Pova\u017esk\u00e9ho m\u00fazea v \u017diline, \u010fal\u0161ia autorka leporela.<br \/>\nNeform\u00e1lne uvedenie knihy do \u017eivota o pr\u00edbehu l\u00e1sky kr\u00e1snej Katar\u00edny\u00a0 bude v utorok 14. febru\u00e1ra 2012 o 16,00h v are\u00e1li Budat\u00ednskeho hradu, na sviatok sv\u00e4t\u00e9ho Valent\u00edna. Organiz\u00e1torom je \u017dilinsk\u00fd samospr\u00e1vny kraj a Pova\u017esk\u00e9 m\u00fazeum v \u017diline.<\/p>\n","protected":false},"excerpt":{"rendered":"<p>Budat\u00ednsky hrad je presl\u00e1ven\u00fd aj doj\u00edmavou poves\u0165ou o kr\u00e1snej Katar\u00edne, ktor\u00e1 bola vlastn\u00fdm otcom Ga\u0161parom Su\u0148ogom, za neuposl\u00fachnutie jeho pr\u00edkazu, zamurovan\u00e1 do hradnej ve\u017ee. \u201ePoves\u0165 o Katar\u00edne a Ga\u0161parovi, zo zn\u00e1meho rodu Su\u0148ogovcov, ktor\u00e9mu patril Budat\u00ednsky hrad v 17. storo\u010d\u00ed, sa stala in\u0161pir\u00e1ciou pre nov\u00e9 spracovanie pr\u00edbehu. Pova\u017esk\u00e9 m\u00fazeum v \u017diline ho v s\u00fa\u010dasnosti vydalo [&hellip;]<\/p>\n","protected":false},"author":2,"featured_media":0,"comment_status":"closed","ping_status":"closed","sticky":false,"template":"","format":"standard","meta":{"site-sidebar-layout":"default","site-content-layout":"","ast-site-content-layout":"","site-content-style":"default","site-sidebar-style":"default","ast-global-header-display":"","ast-banner-title-visibility":"","ast-main-header-display":"","ast-hfb-above-header-display":"","ast-hfb-below-header-display":"","ast-hfb-mobile-header-display":"","site-post-title":"","ast-breadcrumbs-content":"","ast-featured-img":"","footer-sml-layout":"","theme-transparent-header-meta":"","adv-header-id-meta":"","stick-header-meta":"","header-above-stick-meta":"","header-main-stick-meta":"","header-below-stick-meta":"","astra-migrate-meta-layouts":"default","ast-page-background-enabled":"default","ast-page-background-meta":{"desktop":{"background-color":"var(--ast-global-color-4)","background-image":"","background-repeat":"repeat","background-position":"center center","background-size":"auto","background-attachment":"scroll","background-type":"","background-media":"","overlay-type":"","overlay-color":"","overlay-opacity":"","overlay-gradient":""},"tablet":{"background-color":"","background-image":"","background-repeat":"repeat","background-position":"center center","background-size":"auto","background-attachment":"scroll","background-type":"","background-media":"","overlay-type":"","overlay-color":"","overlay-opacity":"","overlay-gradient":""},"mobile":{"background-color":"","background-image":"","background-repeat":"repeat","background-position":"center center","background-size":"auto","background-attachment":"scroll","background-type":"","background-media":"","overlay-type":"","overlay-color":"","overlay-opacity":"","overlay-gradient":""}},"ast-content-background-meta":{"desktop":{"background-color":"var(--ast-global-color-5)","background-image":"","background-repeat":"repeat","background-position":"center center","background-size":"auto","background-attachment":"scroll","background-type":"","background-media":"","overlay-type":"","overlay-color":"","overlay-opacity":"","overlay-gradient":""},"tablet":{"background-color":"var(--ast-global-color-5)","background-image":"","background-repeat":"repeat","background-position":"center center","background-size":"auto","background-attachment":"scroll","background-type":"","background-media":"","overlay-type":"","overlay-color":"","overlay-opacity":"","overlay-gradient":""},"mobile":{"background-color":"var(--ast-global-color-5)","background-image":"","background-repeat":"repeat","background-position":"center center","background-size":"auto","background-attachment":"scroll","background-type":"","background-media":"","overlay-type":"","overlay-color":"","overlay-opacity":"","overlay-gradient":""}},"footnotes":""},"categories":[31],"tags":[],"class_list":["post-4984","post","type-post","status-publish","format-standard","hentry","category-aktuality"],"yoast_head":"<!-- This site is optimized with the Yoast SEO plugin v27.4 - https:\/\/yoast.com\/product\/yoast-seo-wordpress\/ -->\n<title>Poves\u0165 o kr\u00e1snej Katar\u00edne v novej kni\u017eke pre deti - Pova\u017esk\u00e9 m\u00fazeum<\/title>\n<meta name=\"robots\" content=\"index, follow, max-snippet:-1, max-image-preview:large, max-video-preview:-1\" \/>\n<link rel=\"canonical\" href=\"https:\/\/pmza.sk\/?p=4984\" \/>\n<meta property=\"og:locale\" content=\"sk_SK\" \/>\n<meta property=\"og:type\" content=\"article\" \/>\n<meta property=\"og:title\" content=\"Poves\u0165 o kr\u00e1snej Katar\u00edne v novej kni\u017eke pre deti - Pova\u017esk\u00e9 m\u00fazeum\" \/>\n<meta property=\"og:description\" content=\"Budat\u00ednsky hrad je presl\u00e1ven\u00fd aj doj\u00edmavou poves\u0165ou o kr\u00e1snej Katar\u00edne, ktor\u00e1 bola vlastn\u00fdm otcom Ga\u0161parom Su\u0148ogom, za neuposl\u00fachnutie jeho pr\u00edkazu, zamurovan\u00e1 do hradnej ve\u017ee. \u201ePoves\u0165 o Katar\u00edne a Ga\u0161parovi, zo zn\u00e1meho rodu Su\u0148ogovcov, ktor\u00e9mu patril Budat\u00ednsky hrad v 17. storo\u010d\u00ed, sa stala in\u0161pir\u00e1ciou pre nov\u00e9 spracovanie pr\u00edbehu. Pova\u017esk\u00e9 m\u00fazeum v \u017diline ho v s\u00fa\u010dasnosti vydalo [&hellip;]\" \/>\n<meta property=\"og:url\" content=\"https:\/\/pmza.sk\/?p=4984\" \/>\n<meta property=\"og:site_name\" content=\"Pova\u017esk\u00e9 m\u00fazeum\" \/>\n<meta property=\"article:publisher\" content=\"https:\/\/www.facebook.com\/povazskemuzeum\" \/>\n<meta property=\"article:published_time\" content=\"2012-02-03T09:29:03+00:00\" \/>\n<meta property=\"og:image\" content=\"https:\/\/pmza.sk.sk\/wp-content\/uploads\/2012\/02\/leporelo-300x240.jpg\" \/>\n<meta name=\"author\" content=\"Pova\u017esk\u00e9 m\u00fazeum\" \/>\n<meta name=\"twitter:card\" content=\"summary_large_image\" \/>\n<meta name=\"twitter:label1\" content=\"Autor\" \/>\n\t<meta name=\"twitter:data1\" content=\"Pova\u017esk\u00e9 m\u00fazeum\" \/>\n\t<meta name=\"twitter:label2\" content=\"Predpokladan\u00fd \u010das \u010d\u00edtania\" \/>\n\t<meta name=\"twitter:data2\" content=\"2 min\u00faty\" \/>\n<script type=\"application\/ld+json\" class=\"yoast-schema-graph\">{\"@context\":\"https:\\\/\\\/schema.org\",\"@graph\":[{\"@type\":\"Article\",\"@id\":\"https:\\\/\\\/pmza.sk\\\/?p=4984#article\",\"isPartOf\":{\"@id\":\"https:\\\/\\\/pmza.sk\\\/?p=4984\"},\"author\":{\"name\":\"Pova\u017esk\u00e9 m\u00fazeum\",\"@id\":\"https:\\\/\\\/pmza.sk\\\/#\\\/schema\\\/person\\\/595e6a2ce731ea94dcd5d7f50a41ae33\"},\"headline\":\"Poves\u0165 o kr\u00e1snej Katar\u00edne v novej kni\u017eke pre deti\",\"datePublished\":\"2012-02-03T09:29:03+00:00\",\"mainEntityOfPage\":{\"@id\":\"https:\\\/\\\/pmza.sk\\\/?p=4984\"},\"wordCount\":357,\"publisher\":{\"@id\":\"https:\\\/\\\/pmza.sk\\\/#organization\"},\"image\":{\"@id\":\"https:\\\/\\\/pmza.sk\\\/?p=4984#primaryimage\"},\"thumbnailUrl\":\"http:\\\/\\\/pmza.sk.sk\\\/wp-content\\\/uploads\\\/2012\\\/02\\\/leporelo-300x240.jpg\",\"articleSection\":[\"Aktuality\"],\"inLanguage\":\"sk-SK\"},{\"@type\":\"WebPage\",\"@id\":\"https:\\\/\\\/pmza.sk\\\/?p=4984\",\"url\":\"https:\\\/\\\/pmza.sk\\\/?p=4984\",\"name\":\"Poves\u0165 o kr\u00e1snej Katar\u00edne v novej kni\u017eke pre deti - Pova\u017esk\u00e9 m\u00fazeum\",\"isPartOf\":{\"@id\":\"https:\\\/\\\/pmza.sk\\\/#website\"},\"primaryImageOfPage\":{\"@id\":\"https:\\\/\\\/pmza.sk\\\/?p=4984#primaryimage\"},\"image\":{\"@id\":\"https:\\\/\\\/pmza.sk\\\/?p=4984#primaryimage\"},\"thumbnailUrl\":\"http:\\\/\\\/pmza.sk.sk\\\/wp-content\\\/uploads\\\/2012\\\/02\\\/leporelo-300x240.jpg\",\"datePublished\":\"2012-02-03T09:29:03+00:00\",\"breadcrumb\":{\"@id\":\"https:\\\/\\\/pmza.sk\\\/?p=4984#breadcrumb\"},\"inLanguage\":\"sk-SK\",\"potentialAction\":[{\"@type\":\"ReadAction\",\"target\":[\"https:\\\/\\\/pmza.sk\\\/?p=4984\"]}]},{\"@type\":\"ImageObject\",\"inLanguage\":\"sk-SK\",\"@id\":\"https:\\\/\\\/pmza.sk\\\/?p=4984#primaryimage\",\"url\":\"http:\\\/\\\/pmza.sk.sk\\\/wp-content\\\/uploads\\\/2012\\\/02\\\/leporelo-300x240.jpg\",\"contentUrl\":\"http:\\\/\\\/pmza.sk.sk\\\/wp-content\\\/uploads\\\/2012\\\/02\\\/leporelo-300x240.jpg\"},{\"@type\":\"BreadcrumbList\",\"@id\":\"https:\\\/\\\/pmza.sk\\\/?p=4984#breadcrumb\",\"itemListElement\":[{\"@type\":\"ListItem\",\"position\":1,\"name\":\"Domovsk\u00e1 str\u00e1nka\",\"item\":\"https:\\\/\\\/pmza.sk\\\/\"},{\"@type\":\"ListItem\",\"position\":2,\"name\":\"Poves\u0165 o kr\u00e1snej Katar\u00edne v novej kni\u017eke pre deti\"}]},{\"@type\":\"WebSite\",\"@id\":\"https:\\\/\\\/pmza.sk\\\/#website\",\"url\":\"https:\\\/\\\/pmza.sk\\\/\",\"name\":\"Pova\u017esk\u00e9 m\u00fazeum\",\"description\":\"Pova\u017esk\u00e9 m\u00fazeum v \u017diline je region\u00e1lne m\u00fazeum so s\u00eddlom v Budat\u00edne. Jeho expoz\u00edcie s\u00fa zameran\u00e9 na dejiny slovensk\u00e9ho umenia, kult\u00fary a dopravy.\",\"publisher\":{\"@id\":\"https:\\\/\\\/pmza.sk\\\/#organization\"},\"potentialAction\":[{\"@type\":\"SearchAction\",\"target\":{\"@type\":\"EntryPoint\",\"urlTemplate\":\"https:\\\/\\\/pmza.sk\\\/?s={search_term_string}\"},\"query-input\":{\"@type\":\"PropertyValueSpecification\",\"valueRequired\":true,\"valueName\":\"search_term_string\"}}],\"inLanguage\":\"sk-SK\"},{\"@type\":\"Organization\",\"@id\":\"https:\\\/\\\/pmza.sk\\\/#organization\",\"name\":\"Pova\u017esk\u00e9 m\u00fazeum\",\"url\":\"https:\\\/\\\/pmza.sk\\\/\",\"logo\":{\"@type\":\"ImageObject\",\"inLanguage\":\"sk-SK\",\"@id\":\"https:\\\/\\\/pmza.sk\\\/#\\\/schema\\\/logo\\\/image\\\/\",\"url\":\"https:\\\/\\\/pmza.sk\\\/wp-content\\\/uploads\\\/2022\\\/01\\\/logo_PM_horizontal.jpg\",\"contentUrl\":\"https:\\\/\\\/pmza.sk\\\/wp-content\\\/uploads\\\/2022\\\/01\\\/logo_PM_horizontal.jpg\",\"width\":231,\"height\":142,\"caption\":\"Pova\u017esk\u00e9 m\u00fazeum\"},\"image\":{\"@id\":\"https:\\\/\\\/pmza.sk\\\/#\\\/schema\\\/logo\\\/image\\\/\"},\"sameAs\":[\"https:\\\/\\\/www.facebook.com\\\/povazskemuzeum\",\"https:\\\/\\\/www.instagram.com\\\/povazskemuzeum\\\/\"]},{\"@type\":\"Person\",\"@id\":\"https:\\\/\\\/pmza.sk\\\/#\\\/schema\\\/person\\\/595e6a2ce731ea94dcd5d7f50a41ae33\",\"name\":\"Pova\u017esk\u00e9 m\u00fazeum\",\"image\":{\"@type\":\"ImageObject\",\"inLanguage\":\"sk-SK\",\"@id\":\"https:\\\/\\\/secure.gravatar.com\\\/avatar\\\/2bb7f1561282132fb5826dfeccc66c7996d11ee392ac6aaf7ced8a1c2027fbb2?s=96&d=mm&r=g\",\"url\":\"https:\\\/\\\/secure.gravatar.com\\\/avatar\\\/2bb7f1561282132fb5826dfeccc66c7996d11ee392ac6aaf7ced8a1c2027fbb2?s=96&d=mm&r=g\",\"contentUrl\":\"https:\\\/\\\/secure.gravatar.com\\\/avatar\\\/2bb7f1561282132fb5826dfeccc66c7996d11ee392ac6aaf7ced8a1c2027fbb2?s=96&d=mm&r=g\",\"caption\":\"Pova\u017esk\u00e9 m\u00fazeum\"}}]}<\/script>\n<!-- \/ Yoast SEO plugin. -->","yoast_head_json":{"title":"Poves\u0165 o kr\u00e1snej Katar\u00edne v novej kni\u017eke pre deti - Pova\u017esk\u00e9 m\u00fazeum","robots":{"index":"index","follow":"follow","max-snippet":"max-snippet:-1","max-image-preview":"max-image-preview:large","max-video-preview":"max-video-preview:-1"},"canonical":"https:\/\/pmza.sk\/?p=4984","og_locale":"sk_SK","og_type":"article","og_title":"Poves\u0165 o kr\u00e1snej Katar\u00edne v novej kni\u017eke pre deti - Pova\u017esk\u00e9 m\u00fazeum","og_description":"Budat\u00ednsky hrad je presl\u00e1ven\u00fd aj doj\u00edmavou poves\u0165ou o kr\u00e1snej Katar\u00edne, ktor\u00e1 bola vlastn\u00fdm otcom Ga\u0161parom Su\u0148ogom, za neuposl\u00fachnutie jeho pr\u00edkazu, zamurovan\u00e1 do hradnej ve\u017ee. \u201ePoves\u0165 o Katar\u00edne a Ga\u0161parovi, zo zn\u00e1meho rodu Su\u0148ogovcov, ktor\u00e9mu patril Budat\u00ednsky hrad v 17. storo\u010d\u00ed, sa stala in\u0161pir\u00e1ciou pre nov\u00e9 spracovanie pr\u00edbehu. Pova\u017esk\u00e9 m\u00fazeum v \u017diline ho v s\u00fa\u010dasnosti vydalo [&hellip;]","og_url":"https:\/\/pmza.sk\/?p=4984","og_site_name":"Pova\u017esk\u00e9 m\u00fazeum","article_publisher":"https:\/\/www.facebook.com\/povazskemuzeum","article_published_time":"2012-02-03T09:29:03+00:00","og_image":[{"url":"https:\/\/pmza.sk.sk\/wp-content\/uploads\/2012\/02\/leporelo-300x240.jpg","type":"","width":"","height":""}],"author":"Pova\u017esk\u00e9 m\u00fazeum","twitter_card":"summary_large_image","twitter_misc":{"Autor":"Pova\u017esk\u00e9 m\u00fazeum","Predpokladan\u00fd \u010das \u010d\u00edtania":"2 min\u00faty"},"schema":{"@context":"https:\/\/schema.org","@graph":[{"@type":"Article","@id":"https:\/\/pmza.sk\/?p=4984#article","isPartOf":{"@id":"https:\/\/pmza.sk\/?p=4984"},"author":{"name":"Pova\u017esk\u00e9 m\u00fazeum","@id":"https:\/\/pmza.sk\/#\/schema\/person\/595e6a2ce731ea94dcd5d7f50a41ae33"},"headline":"Poves\u0165 o kr\u00e1snej Katar\u00edne v novej kni\u017eke pre deti","datePublished":"2012-02-03T09:29:03+00:00","mainEntityOfPage":{"@id":"https:\/\/pmza.sk\/?p=4984"},"wordCount":357,"publisher":{"@id":"https:\/\/pmza.sk\/#organization"},"image":{"@id":"https:\/\/pmza.sk\/?p=4984#primaryimage"},"thumbnailUrl":"https:\/\/pmza.sk.sk\/wp-content\/uploads\/2012\/02\/leporelo-300x240.jpg","articleSection":["Aktuality"],"inLanguage":"sk-SK"},{"@type":"WebPage","@id":"https:\/\/pmza.sk\/?p=4984","url":"https:\/\/pmza.sk\/?p=4984","name":"Poves\u0165 o kr\u00e1snej Katar\u00edne v novej kni\u017eke pre deti - Pova\u017esk\u00e9 m\u00fazeum","isPartOf":{"@id":"https:\/\/pmza.sk\/#website"},"primaryImageOfPage":{"@id":"https:\/\/pmza.sk\/?p=4984#primaryimage"},"image":{"@id":"https:\/\/pmza.sk\/?p=4984#primaryimage"},"thumbnailUrl":"https:\/\/pmza.sk.sk\/wp-content\/uploads\/2012\/02\/leporelo-300x240.jpg","datePublished":"2012-02-03T09:29:03+00:00","breadcrumb":{"@id":"https:\/\/pmza.sk\/?p=4984#breadcrumb"},"inLanguage":"sk-SK","potentialAction":[{"@type":"ReadAction","target":["https:\/\/pmza.sk\/?p=4984"]}]},{"@type":"ImageObject","inLanguage":"sk-SK","@id":"https:\/\/pmza.sk\/?p=4984#primaryimage","url":"https:\/\/pmza.sk.sk\/wp-content\/uploads\/2012\/02\/leporelo-300x240.jpg","contentUrl":"https:\/\/pmza.sk.sk\/wp-content\/uploads\/2012\/02\/leporelo-300x240.jpg"},{"@type":"BreadcrumbList","@id":"https:\/\/pmza.sk\/?p=4984#breadcrumb","itemListElement":[{"@type":"ListItem","position":1,"name":"Domovsk\u00e1 str\u00e1nka","item":"https:\/\/pmza.sk\/"},{"@type":"ListItem","position":2,"name":"Poves\u0165 o kr\u00e1snej Katar\u00edne v novej kni\u017eke pre deti"}]},{"@type":"WebSite","@id":"https:\/\/pmza.sk\/#website","url":"https:\/\/pmza.sk\/","name":"Pova\u017esk\u00e9 m\u00fazeum","description":"Pova\u017esk\u00e9 m\u00fazeum v \u017diline je region\u00e1lne m\u00fazeum so s\u00eddlom v Budat\u00edne. Jeho expoz\u00edcie s\u00fa zameran\u00e9 na dejiny slovensk\u00e9ho umenia, kult\u00fary a dopravy.","publisher":{"@id":"https:\/\/pmza.sk\/#organization"},"potentialAction":[{"@type":"SearchAction","target":{"@type":"EntryPoint","urlTemplate":"https:\/\/pmza.sk\/?s={search_term_string}"},"query-input":{"@type":"PropertyValueSpecification","valueRequired":true,"valueName":"search_term_string"}}],"inLanguage":"sk-SK"},{"@type":"Organization","@id":"https:\/\/pmza.sk\/#organization","name":"Pova\u017esk\u00e9 m\u00fazeum","url":"https:\/\/pmza.sk\/","logo":{"@type":"ImageObject","inLanguage":"sk-SK","@id":"https:\/\/pmza.sk\/#\/schema\/logo\/image\/","url":"https:\/\/pmza.sk\/wp-content\/uploads\/2022\/01\/logo_PM_horizontal.jpg","contentUrl":"https:\/\/pmza.sk\/wp-content\/uploads\/2022\/01\/logo_PM_horizontal.jpg","width":231,"height":142,"caption":"Pova\u017esk\u00e9 m\u00fazeum"},"image":{"@id":"https:\/\/pmza.sk\/#\/schema\/logo\/image\/"},"sameAs":["https:\/\/www.facebook.com\/povazskemuzeum","https:\/\/www.instagram.com\/povazskemuzeum\/"]},{"@type":"Person","@id":"https:\/\/pmza.sk\/#\/schema\/person\/595e6a2ce731ea94dcd5d7f50a41ae33","name":"Pova\u017esk\u00e9 m\u00fazeum","image":{"@type":"ImageObject","inLanguage":"sk-SK","@id":"https:\/\/secure.gravatar.com\/avatar\/2bb7f1561282132fb5826dfeccc66c7996d11ee392ac6aaf7ced8a1c2027fbb2?s=96&d=mm&r=g","url":"https:\/\/secure.gravatar.com\/avatar\/2bb7f1561282132fb5826dfeccc66c7996d11ee392ac6aaf7ced8a1c2027fbb2?s=96&d=mm&r=g","contentUrl":"https:\/\/secure.gravatar.com\/avatar\/2bb7f1561282132fb5826dfeccc66c7996d11ee392ac6aaf7ced8a1c2027fbb2?s=96&d=mm&r=g","caption":"Pova\u017esk\u00e9 m\u00fazeum"}}]}},"_links":{"self":[{"href":"https:\/\/pmza.sk\/index.php?rest_route=\/wp\/v2\/posts\/4984","targetHints":{"allow":["GET"]}}],"collection":[{"href":"https:\/\/pmza.sk\/index.php?rest_route=\/wp\/v2\/posts"}],"about":[{"href":"https:\/\/pmza.sk\/index.php?rest_route=\/wp\/v2\/types\/post"}],"author":[{"embeddable":true,"href":"https:\/\/pmza.sk\/index.php?rest_route=\/wp\/v2\/users\/2"}],"replies":[{"embeddable":true,"href":"https:\/\/pmza.sk\/index.php?rest_route=%2Fwp%2Fv2%2Fcomments&post=4984"}],"version-history":[{"count":0,"href":"https:\/\/pmza.sk\/index.php?rest_route=\/wp\/v2\/posts\/4984\/revisions"}],"wp:attachment":[{"href":"https:\/\/pmza.sk\/index.php?rest_route=%2Fwp%2Fv2%2Fmedia&parent=4984"}],"wp:term":[{"taxonomy":"category","embeddable":true,"href":"https:\/\/pmza.sk\/index.php?rest_route=%2Fwp%2Fv2%2Fcategories&post=4984"},{"taxonomy":"post_tag","embeddable":true,"href":"https:\/\/pmza.sk\/index.php?rest_route=%2Fwp%2Fv2%2Ftags&post=4984"}],"curies":[{"name":"wp","href":"https:\/\/api.w.org\/{rel}","templated":true}]}}