{"id":49980,"date":"2022-02-24T12:22:45","date_gmt":"2022-02-24T11:22:45","guid":{"rendered":"https:\/\/pmza.sk\/?p=49980"},"modified":"2022-02-24T12:28:32","modified_gmt":"2022-02-24T11:28:32","slug":"dodkniznica2022","status":"publish","type":"post","link":"https:\/\/pmza.sk\/?p=49980","title":{"rendered":"De\u0148 otvoren\u00fdch dver\u00ed odbornej kni\u017enice"},"content":{"rendered":"<p>Pova\u017esk\u00e9 m\u00fazeum sa aj tento rok zapoj\u00ed do aktivity T\u00fd\u017ede\u0148 slovensk\u00fdch kni\u017en\u00edc a v stredu 2. marca 2022 zorganizuje De\u0148 otvoren\u00fdch dver\u00ed odbornej kni\u017enice. N\u00e1v\u0161tevn\u00edci nahliadnu do tajov \u0161pecializovanej kni\u017enice s v\u00fdnimo\u010dn\u00fdm kni\u017eni\u010dn\u00fdm fondom, ktor\u00fd tvor\u00ed takmer 13 000 titulov. S\u00fa\u010das\u0165ou je spolo\u010denskovedn\u00e1, pr\u00edrodovedn\u00e1 a vlastivedn\u00e1 literat\u00fara poch\u00e1dzaj\u00faca z dom\u00e1cej aj zahrani\u010dnej produkcie. Z\u00e1ujemcovia sa dozvedia inform\u00e1cie o chode kni\u017enice a m\u00f4\u017eu si pozrie\u0165 mnoh\u00e9 zauj\u00edmav\u00e9 publik\u00e1cie, ktor\u00e9 s\u00fa \u010dasto vyu\u017e\u00edvan\u00e9 pri tvorbe r\u00f4znych \u0161tudentsk\u00fdch pr\u00e1c, ale i odborn\u00fdch monografi\u00ed.<\/p>\n<p><em>\u201eTohtoro\u010dn\u00fd de\u0148 otvoren\u00fdch dver\u00ed bude v\u00fdnimo\u010dn\u00fd t\u00fdm, \u017ee n\u00e1v\u0161tevn\u00edci si bud\u00fa m\u00f4c\u0165 pozrie\u0165 najnov\u0161ie a\u00a0z\u00e1rove\u0148 jubilejn\u00e9 30. \u010d\u00edslo Vlastivedn\u00e9ho zborn\u00edka Pova\u017eia, ktor\u00fd je venovan\u00fd pr\u00edspevkom z\u00a0konferencie \u017dilina 1321 \u2013 2021. K\u00a0dispoz\u00edcii bud\u00fa aj star\u0161ie tituly, v\u00a0ktor\u00fdch mo\u017eno n\u00e1js\u0165 ve\u013ea u\u017eito\u010dn\u00fdch \u00fadajov. Okrem bezplatnej registr\u00e1cie \u010dak\u00e1 n\u00e1v\u0161tevn\u00edkov aj mal\u00fd dar\u010dek,\u201c <\/em>poz\u00fdva knihovn\u00ed\u010dka Janka Sakalov\u00e1. Kni\u017enica, ktor\u00e1 sa nach\u00e1dza v\u00a0Budat\u00edne na pr\u00edzem\u00ed administrat\u00edvnej budovy Pova\u017esk\u00e9ho m\u00fazea, bude pre verejnos\u0165 otvoren\u00e1 od 8.00 do 13.00.<\/p>\n<p><img fetchpriority=\"high\" decoding=\"async\" class=\"alignnone  wp-image-49981\" src=\"https:\/\/pmza.sk\/wp-content\/uploads\/2022\/02\/DOD-kniznica-plagat-www-255x360.jpg\" alt=\"\" width=\"373\" height=\"527\" srcset=\"https:\/\/pmza.sk\/wp-content\/uploads\/2022\/02\/DOD-kniznica-plagat-www-255x360.jpg 255w, https:\/\/pmza.sk\/wp-content\/uploads\/2022\/02\/DOD-kniznica-plagat-www-521x736.jpg 521w, https:\/\/pmza.sk\/wp-content\/uploads\/2022\/02\/DOD-kniznica-plagat-www-768x1085.jpg 768w, https:\/\/pmza.sk\/wp-content\/uploads\/2022\/02\/DOD-kniznica-plagat-www-600x848.jpg 600w, https:\/\/pmza.sk\/wp-content\/uploads\/2022\/02\/DOD-kniznica-plagat-www.jpg 1024w\" sizes=\"(max-width: 373px) 100vw, 373px\" \/><\/p>\n<p>&nbsp;<\/p>\n","protected":false},"excerpt":{"rendered":"<p>Pova\u017esk\u00e9 m\u00fazeum sa aj tento rok zapoj\u00ed do aktivity T\u00fd\u017ede\u0148 slovensk\u00fdch kni\u017en\u00edc a v stredu 2. marca 2022 zorganizuje De\u0148 otvoren\u00fdch dver\u00ed odbornej kni\u017enice. N\u00e1v\u0161tevn\u00edci nahliadnu do tajov \u0161pecializovanej kni\u017enice s v\u00fdnimo\u010dn\u00fdm kni\u017eni\u010dn\u00fdm fondom, ktor\u00fd tvor\u00ed takmer 13 000 titulov. S\u00fa\u010das\u0165ou je spolo\u010denskovedn\u00e1, pr\u00edrodovedn\u00e1 a vlastivedn\u00e1 literat\u00fara poch\u00e1dzaj\u00faca z dom\u00e1cej aj zahrani\u010dnej produkcie. Z\u00e1ujemcovia sa [&hellip;]<\/p>\n","protected":false},"author":2,"featured_media":49982,"comment_status":"open","ping_status":"open","sticky":false,"template":"","format":"standard","meta":{"site-sidebar-layout":"default","site-content-layout":"default","ast-site-content-layout":"","site-content-style":"default","site-sidebar-style":"default","ast-global-header-display":"","ast-banner-title-visibility":"","ast-main-header-display":"","ast-hfb-above-header-display":"","ast-hfb-below-header-display":"","ast-hfb-mobile-header-display":"","site-post-title":"","ast-breadcrumbs-content":"","ast-featured-img":"","footer-sml-layout":"","theme-transparent-header-meta":"default","adv-header-id-meta":"","stick-header-meta":"default","header-above-stick-meta":"","header-main-stick-meta":"","header-below-stick-meta":"","astra-migrate-meta-layouts":"default","ast-page-background-enabled":"default","ast-page-background-meta":{"desktop":{"background-color":"var(--ast-global-color-4)","background-image":"","background-repeat":"repeat","background-position":"center center","background-size":"auto","background-attachment":"scroll","background-type":"","background-media":"","overlay-type":"","overlay-color":"","overlay-opacity":"","overlay-gradient":""},"tablet":{"background-color":"","background-image":"","background-repeat":"repeat","background-position":"center center","background-size":"auto","background-attachment":"scroll","background-type":"","background-media":"","overlay-type":"","overlay-color":"","overlay-opacity":"","overlay-gradient":""},"mobile":{"background-color":"","background-image":"","background-repeat":"repeat","background-position":"center center","background-size":"auto","background-attachment":"scroll","background-type":"","background-media":"","overlay-type":"","overlay-color":"","overlay-opacity":"","overlay-gradient":""}},"ast-content-background-meta":{"desktop":{"background-color":"var(--ast-global-color-5)","background-image":"","background-repeat":"repeat","background-position":"center center","background-size":"auto","background-attachment":"scroll","background-type":"","background-media":"","overlay-type":"","overlay-color":"","overlay-opacity":"","overlay-gradient":""},"tablet":{"background-color":"var(--ast-global-color-5)","background-image":"","background-repeat":"repeat","background-position":"center center","background-size":"auto","background-attachment":"scroll","background-type":"","background-media":"","overlay-type":"","overlay-color":"","overlay-opacity":"","overlay-gradient":""},"mobile":{"background-color":"var(--ast-global-color-5)","background-image":"","background-repeat":"repeat","background-position":"center center","background-size":"auto","background-attachment":"scroll","background-type":"","background-media":"","overlay-type":"","overlay-color":"","overlay-opacity":"","overlay-gradient":""}},"footnotes":""},"categories":[71],"tags":[],"class_list":["post-49980","post","type-post","status-publish","format-standard","has-post-thumbnail","hentry","category-podujatia"],"yoast_head":"<!-- This site is optimized with the Yoast SEO plugin v27.4 - https:\/\/yoast.com\/product\/yoast-seo-wordpress\/ -->\n<title>De\u0148 otvoren\u00fdch dver\u00ed odbornej kni\u017enice - Pova\u017esk\u00e9 m\u00fazeum<\/title>\n<meta name=\"description\" content=\"Pova\u017esk\u00e9 m\u00fazeum sa aj tento rok zapoj\u00ed do aktivity T\u00fd\u017ede\u0148 slovensk\u00fdch kni\u017en\u00edc a v stredu 2. marca 2022 zorganizuje De\u0148 otvoren\u00fdch dver\u00ed odbornej kni\u017enice.\" \/>\n<meta name=\"robots\" content=\"index, follow, max-snippet:-1, max-image-preview:large, max-video-preview:-1\" \/>\n<link rel=\"canonical\" href=\"https:\/\/pmza.sk\/?p=49980\" \/>\n<meta property=\"og:locale\" content=\"sk_SK\" \/>\n<meta property=\"og:type\" content=\"article\" \/>\n<meta property=\"og:title\" content=\"De\u0148 otvoren\u00fdch dver\u00ed odbornej kni\u017enice - Pova\u017esk\u00e9 m\u00fazeum\" \/>\n<meta property=\"og:description\" content=\"Pova\u017esk\u00e9 m\u00fazeum sa aj tento rok zapoj\u00ed do aktivity T\u00fd\u017ede\u0148 slovensk\u00fdch kni\u017en\u00edc a v stredu 2. marca 2022 zorganizuje De\u0148 otvoren\u00fdch dver\u00ed odbornej kni\u017enice.\" \/>\n<meta property=\"og:url\" content=\"https:\/\/pmza.sk\/?p=49980\" \/>\n<meta property=\"og:site_name\" content=\"Pova\u017esk\u00e9 m\u00fazeum\" \/>\n<meta property=\"article:publisher\" content=\"https:\/\/www.facebook.com\/povazskemuzeum\" \/>\n<meta property=\"article:published_time\" content=\"2022-02-24T11:22:45+00:00\" \/>\n<meta property=\"article:modified_time\" content=\"2022-02-24T11:28:32+00:00\" \/>\n<meta property=\"og:image\" content=\"https:\/\/pmza.sk\/wp-content\/uploads\/2022\/02\/IMG_0211.jpg\" \/>\n\t<meta property=\"og:image:width\" content=\"1024\" \/>\n\t<meta property=\"og:image:height\" content=\"683\" \/>\n\t<meta property=\"og:image:type\" content=\"image\/jpeg\" \/>\n<meta name=\"author\" content=\"Pova\u017esk\u00e9 m\u00fazeum\" \/>\n<meta name=\"twitter:card\" content=\"summary_large_image\" \/>\n<meta name=\"twitter:label1\" content=\"Autor\" \/>\n\t<meta name=\"twitter:data1\" content=\"Pova\u017esk\u00e9 m\u00fazeum\" \/>\n\t<meta name=\"twitter:label2\" content=\"Predpokladan\u00fd \u010das \u010d\u00edtania\" \/>\n\t<meta name=\"twitter:data2\" content=\"1 min\u00fata\" \/>\n<script type=\"application\/ld+json\" class=\"yoast-schema-graph\">{\"@context\":\"https:\\\/\\\/schema.org\",\"@graph\":[{\"@type\":\"Article\",\"@id\":\"https:\\\/\\\/pmza.sk\\\/?p=49980#article\",\"isPartOf\":{\"@id\":\"https:\\\/\\\/pmza.sk\\\/?p=49980\"},\"author\":{\"name\":\"Pova\u017esk\u00e9 m\u00fazeum\",\"@id\":\"https:\\\/\\\/pmza.sk\\\/#\\\/schema\\\/person\\\/595e6a2ce731ea94dcd5d7f50a41ae33\"},\"headline\":\"De\u0148 otvoren\u00fdch dver\u00ed odbornej kni\u017enice\",\"datePublished\":\"2022-02-24T11:22:45+00:00\",\"dateModified\":\"2022-02-24T11:28:32+00:00\",\"mainEntityOfPage\":{\"@id\":\"https:\\\/\\\/pmza.sk\\\/?p=49980\"},\"wordCount\":232,\"commentCount\":0,\"publisher\":{\"@id\":\"https:\\\/\\\/pmza.sk\\\/#organization\"},\"image\":{\"@id\":\"https:\\\/\\\/pmza.sk\\\/?p=49980#primaryimage\"},\"thumbnailUrl\":\"https:\\\/\\\/pmza.sk\\\/wp-content\\\/uploads\\\/2022\\\/02\\\/IMG_0211.jpg\",\"articleSection\":[\"Podujatia\"],\"inLanguage\":\"sk-SK\"},{\"@type\":\"WebPage\",\"@id\":\"https:\\\/\\\/pmza.sk\\\/?p=49980\",\"url\":\"https:\\\/\\\/pmza.sk\\\/?p=49980\",\"name\":\"De\u0148 otvoren\u00fdch dver\u00ed odbornej kni\u017enice - Pova\u017esk\u00e9 m\u00fazeum\",\"isPartOf\":{\"@id\":\"https:\\\/\\\/pmza.sk\\\/#website\"},\"primaryImageOfPage\":{\"@id\":\"https:\\\/\\\/pmza.sk\\\/?p=49980#primaryimage\"},\"image\":{\"@id\":\"https:\\\/\\\/pmza.sk\\\/?p=49980#primaryimage\"},\"thumbnailUrl\":\"https:\\\/\\\/pmza.sk\\\/wp-content\\\/uploads\\\/2022\\\/02\\\/IMG_0211.jpg\",\"datePublished\":\"2022-02-24T11:22:45+00:00\",\"dateModified\":\"2022-02-24T11:28:32+00:00\",\"description\":\"Pova\u017esk\u00e9 m\u00fazeum sa aj tento rok zapoj\u00ed do aktivity T\u00fd\u017ede\u0148 slovensk\u00fdch kni\u017en\u00edc a v stredu 2. marca 2022 zorganizuje De\u0148 otvoren\u00fdch dver\u00ed odbornej kni\u017enice.\",\"breadcrumb\":{\"@id\":\"https:\\\/\\\/pmza.sk\\\/?p=49980#breadcrumb\"},\"inLanguage\":\"sk-SK\",\"potentialAction\":[{\"@type\":\"ReadAction\",\"target\":[\"https:\\\/\\\/pmza.sk\\\/?p=49980\"]}]},{\"@type\":\"ImageObject\",\"inLanguage\":\"sk-SK\",\"@id\":\"https:\\\/\\\/pmza.sk\\\/?p=49980#primaryimage\",\"url\":\"https:\\\/\\\/pmza.sk\\\/wp-content\\\/uploads\\\/2022\\\/02\\\/IMG_0211.jpg\",\"contentUrl\":\"https:\\\/\\\/pmza.sk\\\/wp-content\\\/uploads\\\/2022\\\/02\\\/IMG_0211.jpg\",\"width\":1024,\"height\":683},{\"@type\":\"BreadcrumbList\",\"@id\":\"https:\\\/\\\/pmza.sk\\\/?p=49980#breadcrumb\",\"itemListElement\":[{\"@type\":\"ListItem\",\"position\":1,\"name\":\"Domovsk\u00e1 str\u00e1nka\",\"item\":\"https:\\\/\\\/pmza.sk\\\/\"},{\"@type\":\"ListItem\",\"position\":2,\"name\":\"De\u0148 otvoren\u00fdch dver\u00ed odbornej kni\u017enice\"}]},{\"@type\":\"WebSite\",\"@id\":\"https:\\\/\\\/pmza.sk\\\/#website\",\"url\":\"https:\\\/\\\/pmza.sk\\\/\",\"name\":\"Pova\u017esk\u00e9 m\u00fazeum\",\"description\":\"Pova\u017esk\u00e9 m\u00fazeum v \u017diline je region\u00e1lne m\u00fazeum so s\u00eddlom v Budat\u00edne. Jeho expoz\u00edcie s\u00fa zameran\u00e9 na dejiny slovensk\u00e9ho umenia, kult\u00fary a dopravy.\",\"publisher\":{\"@id\":\"https:\\\/\\\/pmza.sk\\\/#organization\"},\"potentialAction\":[{\"@type\":\"SearchAction\",\"target\":{\"@type\":\"EntryPoint\",\"urlTemplate\":\"https:\\\/\\\/pmza.sk\\\/?s={search_term_string}\"},\"query-input\":{\"@type\":\"PropertyValueSpecification\",\"valueRequired\":true,\"valueName\":\"search_term_string\"}}],\"inLanguage\":\"sk-SK\"},{\"@type\":\"Organization\",\"@id\":\"https:\\\/\\\/pmza.sk\\\/#organization\",\"name\":\"Pova\u017esk\u00e9 m\u00fazeum\",\"url\":\"https:\\\/\\\/pmza.sk\\\/\",\"logo\":{\"@type\":\"ImageObject\",\"inLanguage\":\"sk-SK\",\"@id\":\"https:\\\/\\\/pmza.sk\\\/#\\\/schema\\\/logo\\\/image\\\/\",\"url\":\"https:\\\/\\\/pmza.sk\\\/wp-content\\\/uploads\\\/2022\\\/01\\\/logo_PM_horizontal.jpg\",\"contentUrl\":\"https:\\\/\\\/pmza.sk\\\/wp-content\\\/uploads\\\/2022\\\/01\\\/logo_PM_horizontal.jpg\",\"width\":231,\"height\":142,\"caption\":\"Pova\u017esk\u00e9 m\u00fazeum\"},\"image\":{\"@id\":\"https:\\\/\\\/pmza.sk\\\/#\\\/schema\\\/logo\\\/image\\\/\"},\"sameAs\":[\"https:\\\/\\\/www.facebook.com\\\/povazskemuzeum\",\"https:\\\/\\\/www.instagram.com\\\/povazskemuzeum\\\/\"]},{\"@type\":\"Person\",\"@id\":\"https:\\\/\\\/pmza.sk\\\/#\\\/schema\\\/person\\\/595e6a2ce731ea94dcd5d7f50a41ae33\",\"name\":\"Pova\u017esk\u00e9 m\u00fazeum\",\"image\":{\"@type\":\"ImageObject\",\"inLanguage\":\"sk-SK\",\"@id\":\"https:\\\/\\\/secure.gravatar.com\\\/avatar\\\/2bb7f1561282132fb5826dfeccc66c7996d11ee392ac6aaf7ced8a1c2027fbb2?s=96&d=mm&r=g\",\"url\":\"https:\\\/\\\/secure.gravatar.com\\\/avatar\\\/2bb7f1561282132fb5826dfeccc66c7996d11ee392ac6aaf7ced8a1c2027fbb2?s=96&d=mm&r=g\",\"contentUrl\":\"https:\\\/\\\/secure.gravatar.com\\\/avatar\\\/2bb7f1561282132fb5826dfeccc66c7996d11ee392ac6aaf7ced8a1c2027fbb2?s=96&d=mm&r=g\",\"caption\":\"Pova\u017esk\u00e9 m\u00fazeum\"}}]}<\/script>\n<!-- \/ Yoast SEO plugin. -->","yoast_head_json":{"title":"De\u0148 otvoren\u00fdch dver\u00ed odbornej kni\u017enice - Pova\u017esk\u00e9 m\u00fazeum","description":"Pova\u017esk\u00e9 m\u00fazeum sa aj tento rok zapoj\u00ed do aktivity T\u00fd\u017ede\u0148 slovensk\u00fdch kni\u017en\u00edc a v stredu 2. marca 2022 zorganizuje De\u0148 otvoren\u00fdch dver\u00ed odbornej kni\u017enice.","robots":{"index":"index","follow":"follow","max-snippet":"max-snippet:-1","max-image-preview":"max-image-preview:large","max-video-preview":"max-video-preview:-1"},"canonical":"https:\/\/pmza.sk\/?p=49980","og_locale":"sk_SK","og_type":"article","og_title":"De\u0148 otvoren\u00fdch dver\u00ed odbornej kni\u017enice - Pova\u017esk\u00e9 m\u00fazeum","og_description":"Pova\u017esk\u00e9 m\u00fazeum sa aj tento rok zapoj\u00ed do aktivity T\u00fd\u017ede\u0148 slovensk\u00fdch kni\u017en\u00edc a v stredu 2. marca 2022 zorganizuje De\u0148 otvoren\u00fdch dver\u00ed odbornej kni\u017enice.","og_url":"https:\/\/pmza.sk\/?p=49980","og_site_name":"Pova\u017esk\u00e9 m\u00fazeum","article_publisher":"https:\/\/www.facebook.com\/povazskemuzeum","article_published_time":"2022-02-24T11:22:45+00:00","article_modified_time":"2022-02-24T11:28:32+00:00","og_image":[{"width":1024,"height":683,"url":"https:\/\/pmza.sk\/wp-content\/uploads\/2022\/02\/IMG_0211.jpg","type":"image\/jpeg"}],"author":"Pova\u017esk\u00e9 m\u00fazeum","twitter_card":"summary_large_image","twitter_misc":{"Autor":"Pova\u017esk\u00e9 m\u00fazeum","Predpokladan\u00fd \u010das \u010d\u00edtania":"1 min\u00fata"},"schema":{"@context":"https:\/\/schema.org","@graph":[{"@type":"Article","@id":"https:\/\/pmza.sk\/?p=49980#article","isPartOf":{"@id":"https:\/\/pmza.sk\/?p=49980"},"author":{"name":"Pova\u017esk\u00e9 m\u00fazeum","@id":"https:\/\/pmza.sk\/#\/schema\/person\/595e6a2ce731ea94dcd5d7f50a41ae33"},"headline":"De\u0148 otvoren\u00fdch dver\u00ed odbornej kni\u017enice","datePublished":"2022-02-24T11:22:45+00:00","dateModified":"2022-02-24T11:28:32+00:00","mainEntityOfPage":{"@id":"https:\/\/pmza.sk\/?p=49980"},"wordCount":232,"commentCount":0,"publisher":{"@id":"https:\/\/pmza.sk\/#organization"},"image":{"@id":"https:\/\/pmza.sk\/?p=49980#primaryimage"},"thumbnailUrl":"https:\/\/pmza.sk\/wp-content\/uploads\/2022\/02\/IMG_0211.jpg","articleSection":["Podujatia"],"inLanguage":"sk-SK"},{"@type":"WebPage","@id":"https:\/\/pmza.sk\/?p=49980","url":"https:\/\/pmza.sk\/?p=49980","name":"De\u0148 otvoren\u00fdch dver\u00ed odbornej kni\u017enice - Pova\u017esk\u00e9 m\u00fazeum","isPartOf":{"@id":"https:\/\/pmza.sk\/#website"},"primaryImageOfPage":{"@id":"https:\/\/pmza.sk\/?p=49980#primaryimage"},"image":{"@id":"https:\/\/pmza.sk\/?p=49980#primaryimage"},"thumbnailUrl":"https:\/\/pmza.sk\/wp-content\/uploads\/2022\/02\/IMG_0211.jpg","datePublished":"2022-02-24T11:22:45+00:00","dateModified":"2022-02-24T11:28:32+00:00","description":"Pova\u017esk\u00e9 m\u00fazeum sa aj tento rok zapoj\u00ed do aktivity T\u00fd\u017ede\u0148 slovensk\u00fdch kni\u017en\u00edc a v stredu 2. marca 2022 zorganizuje De\u0148 otvoren\u00fdch dver\u00ed odbornej kni\u017enice.","breadcrumb":{"@id":"https:\/\/pmza.sk\/?p=49980#breadcrumb"},"inLanguage":"sk-SK","potentialAction":[{"@type":"ReadAction","target":["https:\/\/pmza.sk\/?p=49980"]}]},{"@type":"ImageObject","inLanguage":"sk-SK","@id":"https:\/\/pmza.sk\/?p=49980#primaryimage","url":"https:\/\/pmza.sk\/wp-content\/uploads\/2022\/02\/IMG_0211.jpg","contentUrl":"https:\/\/pmza.sk\/wp-content\/uploads\/2022\/02\/IMG_0211.jpg","width":1024,"height":683},{"@type":"BreadcrumbList","@id":"https:\/\/pmza.sk\/?p=49980#breadcrumb","itemListElement":[{"@type":"ListItem","position":1,"name":"Domovsk\u00e1 str\u00e1nka","item":"https:\/\/pmza.sk\/"},{"@type":"ListItem","position":2,"name":"De\u0148 otvoren\u00fdch dver\u00ed odbornej kni\u017enice"}]},{"@type":"WebSite","@id":"https:\/\/pmza.sk\/#website","url":"https:\/\/pmza.sk\/","name":"Pova\u017esk\u00e9 m\u00fazeum","description":"Pova\u017esk\u00e9 m\u00fazeum v \u017diline je region\u00e1lne m\u00fazeum so s\u00eddlom v Budat\u00edne. Jeho expoz\u00edcie s\u00fa zameran\u00e9 na dejiny slovensk\u00e9ho umenia, kult\u00fary a dopravy.","publisher":{"@id":"https:\/\/pmza.sk\/#organization"},"potentialAction":[{"@type":"SearchAction","target":{"@type":"EntryPoint","urlTemplate":"https:\/\/pmza.sk\/?s={search_term_string}"},"query-input":{"@type":"PropertyValueSpecification","valueRequired":true,"valueName":"search_term_string"}}],"inLanguage":"sk-SK"},{"@type":"Organization","@id":"https:\/\/pmza.sk\/#organization","name":"Pova\u017esk\u00e9 m\u00fazeum","url":"https:\/\/pmza.sk\/","logo":{"@type":"ImageObject","inLanguage":"sk-SK","@id":"https:\/\/pmza.sk\/#\/schema\/logo\/image\/","url":"https:\/\/pmza.sk\/wp-content\/uploads\/2022\/01\/logo_PM_horizontal.jpg","contentUrl":"https:\/\/pmza.sk\/wp-content\/uploads\/2022\/01\/logo_PM_horizontal.jpg","width":231,"height":142,"caption":"Pova\u017esk\u00e9 m\u00fazeum"},"image":{"@id":"https:\/\/pmza.sk\/#\/schema\/logo\/image\/"},"sameAs":["https:\/\/www.facebook.com\/povazskemuzeum","https:\/\/www.instagram.com\/povazskemuzeum\/"]},{"@type":"Person","@id":"https:\/\/pmza.sk\/#\/schema\/person\/595e6a2ce731ea94dcd5d7f50a41ae33","name":"Pova\u017esk\u00e9 m\u00fazeum","image":{"@type":"ImageObject","inLanguage":"sk-SK","@id":"https:\/\/secure.gravatar.com\/avatar\/2bb7f1561282132fb5826dfeccc66c7996d11ee392ac6aaf7ced8a1c2027fbb2?s=96&d=mm&r=g","url":"https:\/\/secure.gravatar.com\/avatar\/2bb7f1561282132fb5826dfeccc66c7996d11ee392ac6aaf7ced8a1c2027fbb2?s=96&d=mm&r=g","contentUrl":"https:\/\/secure.gravatar.com\/avatar\/2bb7f1561282132fb5826dfeccc66c7996d11ee392ac6aaf7ced8a1c2027fbb2?s=96&d=mm&r=g","caption":"Pova\u017esk\u00e9 m\u00fazeum"}}]}},"_links":{"self":[{"href":"https:\/\/pmza.sk\/index.php?rest_route=\/wp\/v2\/posts\/49980","targetHints":{"allow":["GET"]}}],"collection":[{"href":"https:\/\/pmza.sk\/index.php?rest_route=\/wp\/v2\/posts"}],"about":[{"href":"https:\/\/pmza.sk\/index.php?rest_route=\/wp\/v2\/types\/post"}],"author":[{"embeddable":true,"href":"https:\/\/pmza.sk\/index.php?rest_route=\/wp\/v2\/users\/2"}],"replies":[{"embeddable":true,"href":"https:\/\/pmza.sk\/index.php?rest_route=%2Fwp%2Fv2%2Fcomments&post=49980"}],"version-history":[{"count":0,"href":"https:\/\/pmza.sk\/index.php?rest_route=\/wp\/v2\/posts\/49980\/revisions"}],"wp:featuredmedia":[{"embeddable":true,"href":"https:\/\/pmza.sk\/index.php?rest_route=\/wp\/v2\/media\/49982"}],"wp:attachment":[{"href":"https:\/\/pmza.sk\/index.php?rest_route=%2Fwp%2Fv2%2Fmedia&parent=49980"}],"wp:term":[{"taxonomy":"category","embeddable":true,"href":"https:\/\/pmza.sk\/index.php?rest_route=%2Fwp%2Fv2%2Fcategories&post=49980"},{"taxonomy":"post_tag","embeddable":true,"href":"https:\/\/pmza.sk\/index.php?rest_route=%2Fwp%2Fv2%2Ftags&post=49980"}],"curies":[{"name":"wp","href":"https:\/\/api.w.org\/{rel}","templated":true}]}}