{"id":5001,"date":"2012-02-08T13:40:33","date_gmt":"2012-02-08T12:40:33","guid":{"rendered":"https:\/\/pmza.sk.sk\/?p=5001"},"modified":"2012-02-08T13:40:33","modified_gmt":"2012-02-08T12:40:33","slug":"pozname-vitazov-sutaze-o-svadbu-v-sobasnom-palaci-a-vyhlasuje-sa-dalsi-rocnik","status":"publish","type":"post","link":"https:\/\/pmza.sk\/?p=5001","title":{"rendered":"Pozn\u00e1me v\u00ed\u0165azov s\u00fa\u0165a\u017ee o svadbu v Sob\u00e1\u0161nom pal\u00e1ci a vyhlasuje sa \u010fal\u0161\u00ed ro\u010dn\u00edk"},"content":{"rendered":"<p><a href=\"https:\/\/pmza.sk\/wp-content\/uploads\/2012\/02\/mocsovicovci2.jpg\"><img decoding=\"async\" class=\"alignleft size-full wp-image-5002\" style=\"margin: 4px; border: 2px solid black;\" title=\"mo\u010d\u0161ovi\u010dovci2\" src=\"https:\/\/pmza.sk\/wp-content\/uploads\/2012\/02\/mocsovicovci2.jpg\" alt=\"\" width=\"169\" height=\"250\" \/><\/a>V bratislavskej Inchebe sa na svadobnom ve\u013etrhu\u00a0 v piatok 3. febru\u00e1ra 2012 konalo vyhodnotenie II. ro\u010dn\u00edka s\u00fa\u0165a\u017ee Svadobn\u00fd dar palat\u00edna Turzu o realiz\u00e1ciu svadby v priestoroch Sob\u00e1\u0161neho pal\u00e1ca v Byt\u010di. N\u00e1v\u0161teva vytypovan\u00fdch kult\u00farnych pamiatok Slovenska spojen\u00e1 so signovan\u00edm Mapy Poklady m\u00faze\u00ed \u017dilinsk\u00e9ho kraja bola hlavnou my\u0161lienkou aj druh\u00e9ho ro\u010dn\u00edka s\u00fa\u0165a\u017ee. Z p\u00e4tn\u00e1stich s\u00fa\u0165a\u017eiacich p\u00e1rov ju splnili v\u0161etky. Do samotn\u00e9ho zlosovania bolo zaraden\u00fdch \u0161trn\u00e1s\u0165 p\u00e1rov. Sn\u00fabeneck\u00fd p\u00e1r, toho \u010dasu \u017eij\u00faci mimo Slovenska, zo s\u00fa\u0165a\u017ee na posledn\u00fa chv\u00ed\u013eu odst\u00fapil. \u0160\u0165astie sa napokon usmialo na slovensko-taliansky p\u00e1r Gabrielu Z\u00e1vodsk\u00e1 a Paola Porzia\u00a0 a sn\u00fabencov zo \u017diliny Luciu Kol\u00e1rikov\u00fa a Milana Vr\u0161ansk\u00e9ho, ktor\u00ed sa do s\u00fa\u0165a\u017ee zapojili u\u017e po druh\u00fd raz.<!--more--> \u201eChceme sa po\u010fakova\u0165 organiz\u00e1torom s\u00fa\u0165a\u017ee aj za to, \u017ee sme prostredn\u00edctvom nej z\u00edskali nielen kr\u00e1sny priestor pre uskuto\u010dnenie na\u0161ej svadby, ale z\u00e1rove\u0148 sme\u00a0 spoznali kr\u00e1sy Slovenska, mnoho \u00faprimn\u00fdch a dobr\u00fdch \u013eud\u00ed a domov si odniesli nezabudnute\u013en\u00e9 z\u00e1\u017eitky,\u201c povedala Lucia Kol\u00e1rikov\u00e1, jedna z v\u00ed\u0165azn\u00fdch bud\u00facich neviest.<br \/>\nOkrem mo\u017enosti usporiada\u0165 si svadbu v Sob\u00e1\u0161nom pal\u00e1ci v Byt\u010di v\u00ed\u0165azi dostali \u010fal\u0161ie benefity ako svadobn\u00e1 kytica \u010di relaxa\u010dn\u00fd pobyt. \u201eKe\u010f\u017ee my\u0161lienka s\u00fa\u0165a\u017ee, ktorej odmenou za spozn\u00e1vanie kr\u00e1s na\u0161ej krajiny, je svadba v luxusn\u00fdch priestoroch Turzovho pal\u00e1ca sa stretla s pozit\u00edvnymi odozvami, pr\u00e1ve na svadobnom ve\u013etrhu v Bratislave sme vyhl\u00e1sili \u010fal\u0161\u00ed ro\u010dn\u00edk tejto s\u00fa\u0165a\u017ee. Pravidl\u00e1 sa nemenia, bli\u017e\u0161ie inform\u00e1cie sa sn\u00fabenci, ktor\u00ed t\u00fa\u017eia ma\u0165 svadbu v Sob\u00e1\u0161nom pal\u00e1ci v Byt\u010di v roku 2013, dozvedia na webovej str\u00e1nke Pova\u017esk\u00e9ho m\u00fazea v \u017diline,\u201c dodal Boris Schubert, riadite\u013e Pova\u017esk\u00e9ho m\u00fazea v \u017diline.<br \/>\nOrganiz\u00e1torom II. ro\u010dn\u00edka Svadobn\u00fd dar palat\u00edna Turzu je \u017dilinsk\u00fd samospr\u00e1vny kraj, Pova\u017esk\u00e9 m\u00fazeum v \u017diline a Svadobn\u00e9 \u0161t\u00fadio \u0160ker\u00e1k Bratislava.<\/p>\n","protected":false},"excerpt":{"rendered":"<p>V bratislavskej Inchebe sa na svadobnom ve\u013etrhu\u00a0 v piatok 3. febru\u00e1ra 2012 konalo vyhodnotenie II. ro\u010dn\u00edka s\u00fa\u0165a\u017ee Svadobn\u00fd dar palat\u00edna Turzu o realiz\u00e1ciu svadby v priestoroch Sob\u00e1\u0161neho pal\u00e1ca v Byt\u010di. N\u00e1v\u0161teva vytypovan\u00fdch kult\u00farnych pamiatok Slovenska spojen\u00e1 so signovan\u00edm Mapy Poklady m\u00faze\u00ed \u017dilinsk\u00e9ho kraja bola hlavnou my\u0161lienkou aj druh\u00e9ho ro\u010dn\u00edka s\u00fa\u0165a\u017ee. Z p\u00e4tn\u00e1stich s\u00fa\u0165a\u017eiacich p\u00e1rov ju [&hellip;]<\/p>\n","protected":false},"author":2,"featured_media":0,"comment_status":"closed","ping_status":"closed","sticky":false,"template":"","format":"standard","meta":{"site-sidebar-layout":"default","site-content-layout":"","ast-site-content-layout":"","site-content-style":"default","site-sidebar-style":"default","ast-global-header-display":"","ast-banner-title-visibility":"","ast-main-header-display":"","ast-hfb-above-header-display":"","ast-hfb-below-header-display":"","ast-hfb-mobile-header-display":"","site-post-title":"","ast-breadcrumbs-content":"","ast-featured-img":"","footer-sml-layout":"","theme-transparent-header-meta":"","adv-header-id-meta":"","stick-header-meta":"","header-above-stick-meta":"","header-main-stick-meta":"","header-below-stick-meta":"","astra-migrate-meta-layouts":"default","ast-page-background-enabled":"default","ast-page-background-meta":{"desktop":{"background-color":"var(--ast-global-color-4)","background-image":"","background-repeat":"repeat","background-position":"center center","background-size":"auto","background-attachment":"scroll","background-type":"","background-media":"","overlay-type":"","overlay-color":"","overlay-opacity":"","overlay-gradient":""},"tablet":{"background-color":"","background-image":"","background-repeat":"repeat","background-position":"center center","background-size":"auto","background-attachment":"scroll","background-type":"","background-media":"","overlay-type":"","overlay-color":"","overlay-opacity":"","overlay-gradient":""},"mobile":{"background-color":"","background-image":"","background-repeat":"repeat","background-position":"center center","background-size":"auto","background-attachment":"scroll","background-type":"","background-media":"","overlay-type":"","overlay-color":"","overlay-opacity":"","overlay-gradient":""}},"ast-content-background-meta":{"desktop":{"background-color":"var(--ast-global-color-5)","background-image":"","background-repeat":"repeat","background-position":"center center","background-size":"auto","background-attachment":"scroll","background-type":"","background-media":"","overlay-type":"","overlay-color":"","overlay-opacity":"","overlay-gradient":""},"tablet":{"background-color":"var(--ast-global-color-5)","background-image":"","background-repeat":"repeat","background-position":"center center","background-size":"auto","background-attachment":"scroll","background-type":"","background-media":"","overlay-type":"","overlay-color":"","overlay-opacity":"","overlay-gradient":""},"mobile":{"background-color":"var(--ast-global-color-5)","background-image":"","background-repeat":"repeat","background-position":"center center","background-size":"auto","background-attachment":"scroll","background-type":"","background-media":"","overlay-type":"","overlay-color":"","overlay-opacity":"","overlay-gradient":""}},"footnotes":""},"categories":[32],"tags":[],"class_list":["post-5001","post","type-post","status-publish","format-standard","hentry","category-archiv-2012"],"yoast_head":"<!-- This site is optimized with the Yoast SEO plugin v27.4 - https:\/\/yoast.com\/product\/yoast-seo-wordpress\/ -->\n<title>Pozn\u00e1me v\u00ed\u0165azov s\u00fa\u0165a\u017ee o svadbu v Sob\u00e1\u0161nom pal\u00e1ci a vyhlasuje sa \u010fal\u0161\u00ed ro\u010dn\u00edk - Pova\u017esk\u00e9 m\u00fazeum<\/title>\n<meta name=\"robots\" content=\"index, follow, max-snippet:-1, max-image-preview:large, max-video-preview:-1\" \/>\n<link rel=\"canonical\" href=\"https:\/\/pmza.sk\/?p=5001\" \/>\n<meta property=\"og:locale\" content=\"sk_SK\" \/>\n<meta property=\"og:type\" content=\"article\" \/>\n<meta property=\"og:title\" content=\"Pozn\u00e1me v\u00ed\u0165azov s\u00fa\u0165a\u017ee o svadbu v Sob\u00e1\u0161nom pal\u00e1ci a vyhlasuje sa \u010fal\u0161\u00ed ro\u010dn\u00edk - Pova\u017esk\u00e9 m\u00fazeum\" \/>\n<meta property=\"og:description\" content=\"V bratislavskej Inchebe sa na svadobnom ve\u013etrhu\u00a0 v piatok 3. febru\u00e1ra 2012 konalo vyhodnotenie II. ro\u010dn\u00edka s\u00fa\u0165a\u017ee Svadobn\u00fd dar palat\u00edna Turzu o realiz\u00e1ciu svadby v priestoroch Sob\u00e1\u0161neho pal\u00e1ca v Byt\u010di. N\u00e1v\u0161teva vytypovan\u00fdch kult\u00farnych pamiatok Slovenska spojen\u00e1 so signovan\u00edm Mapy Poklady m\u00faze\u00ed \u017dilinsk\u00e9ho kraja bola hlavnou my\u0161lienkou aj druh\u00e9ho ro\u010dn\u00edka s\u00fa\u0165a\u017ee. Z p\u00e4tn\u00e1stich s\u00fa\u0165a\u017eiacich p\u00e1rov ju [&hellip;]\" \/>\n<meta property=\"og:url\" content=\"https:\/\/pmza.sk\/?p=5001\" \/>\n<meta property=\"og:site_name\" content=\"Pova\u017esk\u00e9 m\u00fazeum\" \/>\n<meta property=\"article:publisher\" content=\"https:\/\/www.facebook.com\/povazskemuzeum\" \/>\n<meta property=\"article:published_time\" content=\"2012-02-08T12:40:33+00:00\" \/>\n<meta property=\"og:image\" content=\"https:\/\/pmza.sk\/wp-content\/uploads\/2012\/02\/mocsovicovci2.jpg\" \/>\n<meta name=\"author\" content=\"Pova\u017esk\u00e9 m\u00fazeum\" \/>\n<meta name=\"twitter:card\" content=\"summary_large_image\" \/>\n<meta name=\"twitter:label1\" content=\"Autor\" \/>\n\t<meta name=\"twitter:data1\" content=\"Pova\u017esk\u00e9 m\u00fazeum\" \/>\n\t<meta name=\"twitter:label2\" content=\"Predpokladan\u00fd \u010das \u010d\u00edtania\" \/>\n\t<meta name=\"twitter:data2\" content=\"2 min\u00faty\" \/>\n<script type=\"application\/ld+json\" class=\"yoast-schema-graph\">{\"@context\":\"https:\\\/\\\/schema.org\",\"@graph\":[{\"@type\":\"Article\",\"@id\":\"https:\\\/\\\/pmza.sk\\\/?p=5001#article\",\"isPartOf\":{\"@id\":\"https:\\\/\\\/pmza.sk\\\/?p=5001\"},\"author\":{\"name\":\"Pova\u017esk\u00e9 m\u00fazeum\",\"@id\":\"https:\\\/\\\/pmza.sk\\\/#\\\/schema\\\/person\\\/595e6a2ce731ea94dcd5d7f50a41ae33\"},\"headline\":\"Pozn\u00e1me v\u00ed\u0165azov s\u00fa\u0165a\u017ee o svadbu v Sob\u00e1\u0161nom pal\u00e1ci a vyhlasuje sa \u010fal\u0161\u00ed ro\u010dn\u00edk\",\"datePublished\":\"2012-02-08T12:40:33+00:00\",\"mainEntityOfPage\":{\"@id\":\"https:\\\/\\\/pmza.sk\\\/?p=5001\"},\"wordCount\":394,\"publisher\":{\"@id\":\"https:\\\/\\\/pmza.sk\\\/#organization\"},\"image\":{\"@id\":\"https:\\\/\\\/pmza.sk\\\/?p=5001#primaryimage\"},\"thumbnailUrl\":\"http:\\\/\\\/pmza.sk\\\/wp-content\\\/uploads\\\/2012\\\/02\\\/mocsovicovci2.jpg\",\"articleSection\":[\"Arch\u00edv 2012\"],\"inLanguage\":\"sk-SK\"},{\"@type\":\"WebPage\",\"@id\":\"https:\\\/\\\/pmza.sk\\\/?p=5001\",\"url\":\"https:\\\/\\\/pmza.sk\\\/?p=5001\",\"name\":\"Pozn\u00e1me v\u00ed\u0165azov s\u00fa\u0165a\u017ee o svadbu v Sob\u00e1\u0161nom pal\u00e1ci a vyhlasuje sa \u010fal\u0161\u00ed ro\u010dn\u00edk - Pova\u017esk\u00e9 m\u00fazeum\",\"isPartOf\":{\"@id\":\"https:\\\/\\\/pmza.sk\\\/#website\"},\"primaryImageOfPage\":{\"@id\":\"https:\\\/\\\/pmza.sk\\\/?p=5001#primaryimage\"},\"image\":{\"@id\":\"https:\\\/\\\/pmza.sk\\\/?p=5001#primaryimage\"},\"thumbnailUrl\":\"http:\\\/\\\/pmza.sk\\\/wp-content\\\/uploads\\\/2012\\\/02\\\/mocsovicovci2.jpg\",\"datePublished\":\"2012-02-08T12:40:33+00:00\",\"breadcrumb\":{\"@id\":\"https:\\\/\\\/pmza.sk\\\/?p=5001#breadcrumb\"},\"inLanguage\":\"sk-SK\",\"potentialAction\":[{\"@type\":\"ReadAction\",\"target\":[\"https:\\\/\\\/pmza.sk\\\/?p=5001\"]}]},{\"@type\":\"ImageObject\",\"inLanguage\":\"sk-SK\",\"@id\":\"https:\\\/\\\/pmza.sk\\\/?p=5001#primaryimage\",\"url\":\"https:\\\/\\\/pmza.sk\\\/wp-content\\\/uploads\\\/2012\\\/02\\\/mocsovicovci2.jpg\",\"contentUrl\":\"https:\\\/\\\/pmza.sk\\\/wp-content\\\/uploads\\\/2012\\\/02\\\/mocsovicovci2.jpg\",\"width\":405,\"height\":607},{\"@type\":\"BreadcrumbList\",\"@id\":\"https:\\\/\\\/pmza.sk\\\/?p=5001#breadcrumb\",\"itemListElement\":[{\"@type\":\"ListItem\",\"position\":1,\"name\":\"Domovsk\u00e1 str\u00e1nka\",\"item\":\"https:\\\/\\\/pmza.sk\\\/\"},{\"@type\":\"ListItem\",\"position\":2,\"name\":\"Pozn\u00e1me v\u00ed\u0165azov s\u00fa\u0165a\u017ee o svadbu v Sob\u00e1\u0161nom pal\u00e1ci a vyhlasuje sa \u010fal\u0161\u00ed ro\u010dn\u00edk\"}]},{\"@type\":\"WebSite\",\"@id\":\"https:\\\/\\\/pmza.sk\\\/#website\",\"url\":\"https:\\\/\\\/pmza.sk\\\/\",\"name\":\"Pova\u017esk\u00e9 m\u00fazeum\",\"description\":\"Pova\u017esk\u00e9 m\u00fazeum v \u017diline je region\u00e1lne m\u00fazeum so s\u00eddlom v Budat\u00edne. Jeho expoz\u00edcie s\u00fa zameran\u00e9 na dejiny slovensk\u00e9ho umenia, kult\u00fary a dopravy.\",\"publisher\":{\"@id\":\"https:\\\/\\\/pmza.sk\\\/#organization\"},\"potentialAction\":[{\"@type\":\"SearchAction\",\"target\":{\"@type\":\"EntryPoint\",\"urlTemplate\":\"https:\\\/\\\/pmza.sk\\\/?s={search_term_string}\"},\"query-input\":{\"@type\":\"PropertyValueSpecification\",\"valueRequired\":true,\"valueName\":\"search_term_string\"}}],\"inLanguage\":\"sk-SK\"},{\"@type\":\"Organization\",\"@id\":\"https:\\\/\\\/pmza.sk\\\/#organization\",\"name\":\"Pova\u017esk\u00e9 m\u00fazeum\",\"url\":\"https:\\\/\\\/pmza.sk\\\/\",\"logo\":{\"@type\":\"ImageObject\",\"inLanguage\":\"sk-SK\",\"@id\":\"https:\\\/\\\/pmza.sk\\\/#\\\/schema\\\/logo\\\/image\\\/\",\"url\":\"https:\\\/\\\/pmza.sk\\\/wp-content\\\/uploads\\\/2022\\\/01\\\/logo_PM_horizontal.jpg\",\"contentUrl\":\"https:\\\/\\\/pmza.sk\\\/wp-content\\\/uploads\\\/2022\\\/01\\\/logo_PM_horizontal.jpg\",\"width\":231,\"height\":142,\"caption\":\"Pova\u017esk\u00e9 m\u00fazeum\"},\"image\":{\"@id\":\"https:\\\/\\\/pmza.sk\\\/#\\\/schema\\\/logo\\\/image\\\/\"},\"sameAs\":[\"https:\\\/\\\/www.facebook.com\\\/povazskemuzeum\",\"https:\\\/\\\/www.instagram.com\\\/povazskemuzeum\\\/\"]},{\"@type\":\"Person\",\"@id\":\"https:\\\/\\\/pmza.sk\\\/#\\\/schema\\\/person\\\/595e6a2ce731ea94dcd5d7f50a41ae33\",\"name\":\"Pova\u017esk\u00e9 m\u00fazeum\",\"image\":{\"@type\":\"ImageObject\",\"inLanguage\":\"sk-SK\",\"@id\":\"https:\\\/\\\/secure.gravatar.com\\\/avatar\\\/2bb7f1561282132fb5826dfeccc66c7996d11ee392ac6aaf7ced8a1c2027fbb2?s=96&d=mm&r=g\",\"url\":\"https:\\\/\\\/secure.gravatar.com\\\/avatar\\\/2bb7f1561282132fb5826dfeccc66c7996d11ee392ac6aaf7ced8a1c2027fbb2?s=96&d=mm&r=g\",\"contentUrl\":\"https:\\\/\\\/secure.gravatar.com\\\/avatar\\\/2bb7f1561282132fb5826dfeccc66c7996d11ee392ac6aaf7ced8a1c2027fbb2?s=96&d=mm&r=g\",\"caption\":\"Pova\u017esk\u00e9 m\u00fazeum\"}}]}<\/script>\n<!-- \/ Yoast SEO plugin. -->","yoast_head_json":{"title":"Pozn\u00e1me v\u00ed\u0165azov s\u00fa\u0165a\u017ee o svadbu v Sob\u00e1\u0161nom pal\u00e1ci a vyhlasuje sa \u010fal\u0161\u00ed ro\u010dn\u00edk - Pova\u017esk\u00e9 m\u00fazeum","robots":{"index":"index","follow":"follow","max-snippet":"max-snippet:-1","max-image-preview":"max-image-preview:large","max-video-preview":"max-video-preview:-1"},"canonical":"https:\/\/pmza.sk\/?p=5001","og_locale":"sk_SK","og_type":"article","og_title":"Pozn\u00e1me v\u00ed\u0165azov s\u00fa\u0165a\u017ee o svadbu v Sob\u00e1\u0161nom pal\u00e1ci a vyhlasuje sa \u010fal\u0161\u00ed ro\u010dn\u00edk - Pova\u017esk\u00e9 m\u00fazeum","og_description":"V bratislavskej Inchebe sa na svadobnom ve\u013etrhu\u00a0 v piatok 3. febru\u00e1ra 2012 konalo vyhodnotenie II. ro\u010dn\u00edka s\u00fa\u0165a\u017ee Svadobn\u00fd dar palat\u00edna Turzu o realiz\u00e1ciu svadby v priestoroch Sob\u00e1\u0161neho pal\u00e1ca v Byt\u010di. N\u00e1v\u0161teva vytypovan\u00fdch kult\u00farnych pamiatok Slovenska spojen\u00e1 so signovan\u00edm Mapy Poklady m\u00faze\u00ed \u017dilinsk\u00e9ho kraja bola hlavnou my\u0161lienkou aj druh\u00e9ho ro\u010dn\u00edka s\u00fa\u0165a\u017ee. Z p\u00e4tn\u00e1stich s\u00fa\u0165a\u017eiacich p\u00e1rov ju [&hellip;]","og_url":"https:\/\/pmza.sk\/?p=5001","og_site_name":"Pova\u017esk\u00e9 m\u00fazeum","article_publisher":"https:\/\/www.facebook.com\/povazskemuzeum","article_published_time":"2012-02-08T12:40:33+00:00","og_image":[{"url":"https:\/\/pmza.sk\/wp-content\/uploads\/2012\/02\/mocsovicovci2.jpg","type":"","width":"","height":""}],"author":"Pova\u017esk\u00e9 m\u00fazeum","twitter_card":"summary_large_image","twitter_misc":{"Autor":"Pova\u017esk\u00e9 m\u00fazeum","Predpokladan\u00fd \u010das \u010d\u00edtania":"2 min\u00faty"},"schema":{"@context":"https:\/\/schema.org","@graph":[{"@type":"Article","@id":"https:\/\/pmza.sk\/?p=5001#article","isPartOf":{"@id":"https:\/\/pmza.sk\/?p=5001"},"author":{"name":"Pova\u017esk\u00e9 m\u00fazeum","@id":"https:\/\/pmza.sk\/#\/schema\/person\/595e6a2ce731ea94dcd5d7f50a41ae33"},"headline":"Pozn\u00e1me v\u00ed\u0165azov s\u00fa\u0165a\u017ee o svadbu v Sob\u00e1\u0161nom pal\u00e1ci a vyhlasuje sa \u010fal\u0161\u00ed ro\u010dn\u00edk","datePublished":"2012-02-08T12:40:33+00:00","mainEntityOfPage":{"@id":"https:\/\/pmza.sk\/?p=5001"},"wordCount":394,"publisher":{"@id":"https:\/\/pmza.sk\/#organization"},"image":{"@id":"https:\/\/pmza.sk\/?p=5001#primaryimage"},"thumbnailUrl":"https:\/\/pmza.sk\/wp-content\/uploads\/2012\/02\/mocsovicovci2.jpg","articleSection":["Arch\u00edv 2012"],"inLanguage":"sk-SK"},{"@type":"WebPage","@id":"https:\/\/pmza.sk\/?p=5001","url":"https:\/\/pmza.sk\/?p=5001","name":"Pozn\u00e1me v\u00ed\u0165azov s\u00fa\u0165a\u017ee o svadbu v Sob\u00e1\u0161nom pal\u00e1ci a vyhlasuje sa \u010fal\u0161\u00ed ro\u010dn\u00edk - Pova\u017esk\u00e9 m\u00fazeum","isPartOf":{"@id":"https:\/\/pmza.sk\/#website"},"primaryImageOfPage":{"@id":"https:\/\/pmza.sk\/?p=5001#primaryimage"},"image":{"@id":"https:\/\/pmza.sk\/?p=5001#primaryimage"},"thumbnailUrl":"https:\/\/pmza.sk\/wp-content\/uploads\/2012\/02\/mocsovicovci2.jpg","datePublished":"2012-02-08T12:40:33+00:00","breadcrumb":{"@id":"https:\/\/pmza.sk\/?p=5001#breadcrumb"},"inLanguage":"sk-SK","potentialAction":[{"@type":"ReadAction","target":["https:\/\/pmza.sk\/?p=5001"]}]},{"@type":"ImageObject","inLanguage":"sk-SK","@id":"https:\/\/pmza.sk\/?p=5001#primaryimage","url":"https:\/\/pmza.sk\/wp-content\/uploads\/2012\/02\/mocsovicovci2.jpg","contentUrl":"https:\/\/pmza.sk\/wp-content\/uploads\/2012\/02\/mocsovicovci2.jpg","width":405,"height":607},{"@type":"BreadcrumbList","@id":"https:\/\/pmza.sk\/?p=5001#breadcrumb","itemListElement":[{"@type":"ListItem","position":1,"name":"Domovsk\u00e1 str\u00e1nka","item":"https:\/\/pmza.sk\/"},{"@type":"ListItem","position":2,"name":"Pozn\u00e1me v\u00ed\u0165azov s\u00fa\u0165a\u017ee o svadbu v Sob\u00e1\u0161nom pal\u00e1ci a vyhlasuje sa \u010fal\u0161\u00ed ro\u010dn\u00edk"}]},{"@type":"WebSite","@id":"https:\/\/pmza.sk\/#website","url":"https:\/\/pmza.sk\/","name":"Pova\u017esk\u00e9 m\u00fazeum","description":"Pova\u017esk\u00e9 m\u00fazeum v \u017diline je region\u00e1lne m\u00fazeum so s\u00eddlom v Budat\u00edne. Jeho expoz\u00edcie s\u00fa zameran\u00e9 na dejiny slovensk\u00e9ho umenia, kult\u00fary a dopravy.","publisher":{"@id":"https:\/\/pmza.sk\/#organization"},"potentialAction":[{"@type":"SearchAction","target":{"@type":"EntryPoint","urlTemplate":"https:\/\/pmza.sk\/?s={search_term_string}"},"query-input":{"@type":"PropertyValueSpecification","valueRequired":true,"valueName":"search_term_string"}}],"inLanguage":"sk-SK"},{"@type":"Organization","@id":"https:\/\/pmza.sk\/#organization","name":"Pova\u017esk\u00e9 m\u00fazeum","url":"https:\/\/pmza.sk\/","logo":{"@type":"ImageObject","inLanguage":"sk-SK","@id":"https:\/\/pmza.sk\/#\/schema\/logo\/image\/","url":"https:\/\/pmza.sk\/wp-content\/uploads\/2022\/01\/logo_PM_horizontal.jpg","contentUrl":"https:\/\/pmza.sk\/wp-content\/uploads\/2022\/01\/logo_PM_horizontal.jpg","width":231,"height":142,"caption":"Pova\u017esk\u00e9 m\u00fazeum"},"image":{"@id":"https:\/\/pmza.sk\/#\/schema\/logo\/image\/"},"sameAs":["https:\/\/www.facebook.com\/povazskemuzeum","https:\/\/www.instagram.com\/povazskemuzeum\/"]},{"@type":"Person","@id":"https:\/\/pmza.sk\/#\/schema\/person\/595e6a2ce731ea94dcd5d7f50a41ae33","name":"Pova\u017esk\u00e9 m\u00fazeum","image":{"@type":"ImageObject","inLanguage":"sk-SK","@id":"https:\/\/secure.gravatar.com\/avatar\/2bb7f1561282132fb5826dfeccc66c7996d11ee392ac6aaf7ced8a1c2027fbb2?s=96&d=mm&r=g","url":"https:\/\/secure.gravatar.com\/avatar\/2bb7f1561282132fb5826dfeccc66c7996d11ee392ac6aaf7ced8a1c2027fbb2?s=96&d=mm&r=g","contentUrl":"https:\/\/secure.gravatar.com\/avatar\/2bb7f1561282132fb5826dfeccc66c7996d11ee392ac6aaf7ced8a1c2027fbb2?s=96&d=mm&r=g","caption":"Pova\u017esk\u00e9 m\u00fazeum"}}]}},"_links":{"self":[{"href":"https:\/\/pmza.sk\/index.php?rest_route=\/wp\/v2\/posts\/5001","targetHints":{"allow":["GET"]}}],"collection":[{"href":"https:\/\/pmza.sk\/index.php?rest_route=\/wp\/v2\/posts"}],"about":[{"href":"https:\/\/pmza.sk\/index.php?rest_route=\/wp\/v2\/types\/post"}],"author":[{"embeddable":true,"href":"https:\/\/pmza.sk\/index.php?rest_route=\/wp\/v2\/users\/2"}],"replies":[{"embeddable":true,"href":"https:\/\/pmza.sk\/index.php?rest_route=%2Fwp%2Fv2%2Fcomments&post=5001"}],"version-history":[{"count":0,"href":"https:\/\/pmza.sk\/index.php?rest_route=\/wp\/v2\/posts\/5001\/revisions"}],"wp:attachment":[{"href":"https:\/\/pmza.sk\/index.php?rest_route=%2Fwp%2Fv2%2Fmedia&parent=5001"}],"wp:term":[{"taxonomy":"category","embeddable":true,"href":"https:\/\/pmza.sk\/index.php?rest_route=%2Fwp%2Fv2%2Fcategories&post=5001"},{"taxonomy":"post_tag","embeddable":true,"href":"https:\/\/pmza.sk\/index.php?rest_route=%2Fwp%2Fv2%2Ftags&post=5001"}],"curies":[{"name":"wp","href":"https:\/\/api.w.org\/{rel}","templated":true}]}}