{"id":5006,"date":"2012-02-08T13:43:29","date_gmt":"2012-02-08T12:43:29","guid":{"rendered":"https:\/\/pmza.sk.sk\/?p=5006"},"modified":"2012-02-08T13:43:29","modified_gmt":"2012-02-08T12:43:29","slug":"valentin-na-budatinskom-hrade-s-valentinskou-kvapkou-krvi","status":"publish","type":"post","link":"https:\/\/pmza.sk\/?p=5006","title":{"rendered":"Valent\u00edn na Budat\u00ednskom hrade s valent\u00ednskou kvapkou krvi"},"content":{"rendered":"<p><a href=\"https:\/\/pmza.sk\/wp-content\/uploads\/2012\/02\/zima.jpg\"><img fetchpriority=\"high\" decoding=\"async\" class=\"alignleft size-medium wp-image-5008\" style=\"margin: 4px; border: 2px solid black;\" title=\"zima\" src=\"https:\/\/pmza.sk.sk\/wp-content\/uploads\/2012\/02\/zima-300x225.jpg\" alt=\"\" width=\"300\" height=\"225\" \/><\/a><span style=\"color: #ff0000;\">Miesto: Are\u00e1l hradu Budat\u00edn<\/span><br \/>\n<span style=\"color: #ff0000;\">D\u00e1tum a \u010das: 14. 2. 2012 od 16.00 hod.<\/span><\/p>\n<p>Po\u010das sviatku sv\u00e4t\u00e9ho Valent\u00edna sa stalo milou trad\u00edciou spr\u00edstupni\u0165 hrad Stre\u010dno aj vo febru\u00e1ri pre v\u0161etk\u00fdch zamilovan\u00fdch. Tohoro\u010dn\u00e9 mimoriadne chladn\u00e9 po\u010dasie realiz\u00e1ciu valent\u00ednskeho randenia na stre\u010dnianskom hrade prekazilo, ale samotn\u00fa my\u0161lienku celkom nezmarilo.\u00a0Odkazova\u010d l\u00e1sky, hor\u00face n\u00e1poje \u010dakaj\u00fa\u00a0 v\u0161etk\u00fdch mal\u00fdch aj ve\u013ek\u00fdch pri prech\u00e1dzke Budat\u00ednskym parkom v utorok 14. febru\u00e1ra 2012 od 16,00h do 19,00h. Sprievodnou aktivitou Valent\u00edna na Budat\u00edne bude neform\u00e1lne uvedenie do \u017eivota novej publik\u00e1cie Pova\u017esk\u00e9ho m\u00fazea v \u017diline venovanej de\u0165om, leporela o l\u00e1ske kr\u00e1snej Katar\u00edne z Budat\u00ednskeho hradu. V priestoroch pod Terasou, na n\u00e1dvor\u00ed hradu\u00a0 o 16,00 h bude stretnutie s autormi leporela a z\u00e1rove\u0148 \u010d\u00edta\u010dka povesti pre najmen\u0161\u00edch.<!--more--><br \/>\n\u201eDo poslednej chv\u00edle sme \u010dakali \u010di sa po\u010dasie um\u00fadri. Napokon sme sa rozhodli, aj kv\u00f4li pr\u00edjemnej\u0161iemu komfortu n\u00e1v\u0161tevn\u00edkov,\u00a0 3. ro\u010dn\u00edk Valent\u00ednskeho rande usporiada\u0165 tento raz v are\u00e1li Budat\u00ednskeho hradu,\u201c uviedol Boris Schubert, riadite\u013e Pova\u017esk\u00e9ho m\u00fazea v \u017diline.<\/p>\n<p>Podujatie Valent\u00ednske rande na Budat\u00ednskom hrade priv\u00edta aj v\u0161etk\u00fdch darcov krvi. V \u010dase od 16,00h do 19,00h bude v\u00fdstavn\u00e1 miestnos\u0165, v s\u00fa\u010dasnosti s v\u00fdstavou Na husli\u010dk\u00e1ch ma\u013eovan\u00e9, sl\u00fa\u017ei\u0165 ako jedno z odbern\u00fdch miest Valent\u00ednskej kvapky krvi. N\u00e1rodn\u00e1 transf\u00fazna slu\u017eba SR tento rok v \u010dase od 8. febru\u00e1ra do 9. marca 2012 organizuje u\u017e 17. ro\u010dn\u00edk Valent\u00ednskej kvapky krvi. Aj touto cestou chce vyzva\u0165 darcov krvi aj prvodarcov, aby pri\u0161li darova\u0165 krv a tak pom\u00f4c\u0165 k z\u00e1chrane \u017eivotov druh\u00fdch. Pred rozhodnut\u00edm darova\u0165 krv N\u00e1rodn\u00e1 transf\u00fazna slu\u017eba SR odpor\u00fa\u010da informova\u0165 sa na www.ntssr.sk.\u201c<br \/>\nOrganiz\u00e1torom Valent\u00ednskeho rande na Budat\u00ednskom hrade spojen\u00fdm s darovan\u00edm krvi v utorok 14. febru\u00e1ra 2012 od 16,00 h do 19,00 h je \u017dilinsk\u00fd samospr\u00e1vny kraj, Pova\u017esk\u00e9 m\u00fazeum v \u017diline a N\u00e1rodn\u00e1 transf\u00fazna slu\u017eba SR.<\/p>\n","protected":false},"excerpt":{"rendered":"<p>Miesto: Are\u00e1l hradu Budat\u00edn D\u00e1tum a \u010das: 14. 2. 2012 od 16.00 hod. Po\u010das sviatku sv\u00e4t\u00e9ho Valent\u00edna sa stalo milou trad\u00edciou spr\u00edstupni\u0165 hrad Stre\u010dno aj vo febru\u00e1ri pre v\u0161etk\u00fdch zamilovan\u00fdch. Tohoro\u010dn\u00e9 mimoriadne chladn\u00e9 po\u010dasie realiz\u00e1ciu valent\u00ednskeho randenia na stre\u010dnianskom hrade prekazilo, ale samotn\u00fa my\u0161lienku celkom nezmarilo.\u00a0Odkazova\u010d l\u00e1sky, hor\u00face n\u00e1poje \u010dakaj\u00fa\u00a0 v\u0161etk\u00fdch mal\u00fdch aj ve\u013ek\u00fdch pri [&hellip;]<\/p>\n","protected":false},"author":2,"featured_media":0,"comment_status":"closed","ping_status":"closed","sticky":false,"template":"","format":"standard","meta":{"site-sidebar-layout":"default","site-content-layout":"","ast-site-content-layout":"","site-content-style":"default","site-sidebar-style":"default","ast-global-header-display":"","ast-banner-title-visibility":"","ast-main-header-display":"","ast-hfb-above-header-display":"","ast-hfb-below-header-display":"","ast-hfb-mobile-header-display":"","site-post-title":"","ast-breadcrumbs-content":"","ast-featured-img":"","footer-sml-layout":"","theme-transparent-header-meta":"","adv-header-id-meta":"","stick-header-meta":"","header-above-stick-meta":"","header-main-stick-meta":"","header-below-stick-meta":"","astra-migrate-meta-layouts":"default","ast-page-background-enabled":"default","ast-page-background-meta":{"desktop":{"background-color":"var(--ast-global-color-4)","background-image":"","background-repeat":"repeat","background-position":"center center","background-size":"auto","background-attachment":"scroll","background-type":"","background-media":"","overlay-type":"","overlay-color":"","overlay-opacity":"","overlay-gradient":""},"tablet":{"background-color":"","background-image":"","background-repeat":"repeat","background-position":"center center","background-size":"auto","background-attachment":"scroll","background-type":"","background-media":"","overlay-type":"","overlay-color":"","overlay-opacity":"","overlay-gradient":""},"mobile":{"background-color":"","background-image":"","background-repeat":"repeat","background-position":"center center","background-size":"auto","background-attachment":"scroll","background-type":"","background-media":"","overlay-type":"","overlay-color":"","overlay-opacity":"","overlay-gradient":""}},"ast-content-background-meta":{"desktop":{"background-color":"var(--ast-global-color-5)","background-image":"","background-repeat":"repeat","background-position":"center center","background-size":"auto","background-attachment":"scroll","background-type":"","background-media":"","overlay-type":"","overlay-color":"","overlay-opacity":"","overlay-gradient":""},"tablet":{"background-color":"var(--ast-global-color-5)","background-image":"","background-repeat":"repeat","background-position":"center center","background-size":"auto","background-attachment":"scroll","background-type":"","background-media":"","overlay-type":"","overlay-color":"","overlay-opacity":"","overlay-gradient":""},"mobile":{"background-color":"var(--ast-global-color-5)","background-image":"","background-repeat":"repeat","background-position":"center center","background-size":"auto","background-attachment":"scroll","background-type":"","background-media":"","overlay-type":"","overlay-color":"","overlay-opacity":"","overlay-gradient":""}},"footnotes":""},"categories":[32],"tags":[],"class_list":["post-5006","post","type-post","status-publish","format-standard","hentry","category-archiv-2012"],"yoast_head":"<!-- This site is optimized with the Yoast SEO plugin v27.4 - https:\/\/yoast.com\/product\/yoast-seo-wordpress\/ -->\n<title>Valent\u00edn na Budat\u00ednskom hrade s valent\u00ednskou kvapkou krvi - Pova\u017esk\u00e9 m\u00fazeum<\/title>\n<meta name=\"robots\" content=\"index, follow, max-snippet:-1, max-image-preview:large, max-video-preview:-1\" \/>\n<link rel=\"canonical\" href=\"https:\/\/pmza.sk\/?p=5006\" \/>\n<meta property=\"og:locale\" content=\"sk_SK\" \/>\n<meta property=\"og:type\" content=\"article\" \/>\n<meta property=\"og:title\" content=\"Valent\u00edn na Budat\u00ednskom hrade s valent\u00ednskou kvapkou krvi - Pova\u017esk\u00e9 m\u00fazeum\" \/>\n<meta property=\"og:description\" content=\"Miesto: Are\u00e1l hradu Budat\u00edn D\u00e1tum a \u010das: 14. 2. 2012 od 16.00 hod. Po\u010das sviatku sv\u00e4t\u00e9ho Valent\u00edna sa stalo milou trad\u00edciou spr\u00edstupni\u0165 hrad Stre\u010dno aj vo febru\u00e1ri pre v\u0161etk\u00fdch zamilovan\u00fdch. Tohoro\u010dn\u00e9 mimoriadne chladn\u00e9 po\u010dasie realiz\u00e1ciu valent\u00ednskeho randenia na stre\u010dnianskom hrade prekazilo, ale samotn\u00fa my\u0161lienku celkom nezmarilo.\u00a0Odkazova\u010d l\u00e1sky, hor\u00face n\u00e1poje \u010dakaj\u00fa\u00a0 v\u0161etk\u00fdch mal\u00fdch aj ve\u013ek\u00fdch pri [&hellip;]\" \/>\n<meta property=\"og:url\" content=\"https:\/\/pmza.sk\/?p=5006\" \/>\n<meta property=\"og:site_name\" content=\"Pova\u017esk\u00e9 m\u00fazeum\" \/>\n<meta property=\"article:publisher\" content=\"https:\/\/www.facebook.com\/povazskemuzeum\" \/>\n<meta property=\"article:published_time\" content=\"2012-02-08T12:43:29+00:00\" \/>\n<meta property=\"og:image\" content=\"https:\/\/pmza.sk.sk\/wp-content\/uploads\/2012\/02\/zima-300x225.jpg\" \/>\n<meta name=\"author\" content=\"Pova\u017esk\u00e9 m\u00fazeum\" \/>\n<meta name=\"twitter:card\" content=\"summary_large_image\" \/>\n<meta name=\"twitter:label1\" content=\"Autor\" \/>\n\t<meta name=\"twitter:data1\" content=\"Pova\u017esk\u00e9 m\u00fazeum\" \/>\n\t<meta name=\"twitter:label2\" content=\"Predpokladan\u00fd \u010das \u010d\u00edtania\" \/>\n\t<meta name=\"twitter:data2\" content=\"2 min\u00faty\" \/>\n<script type=\"application\/ld+json\" class=\"yoast-schema-graph\">{\"@context\":\"https:\\\/\\\/schema.org\",\"@graph\":[{\"@type\":\"Article\",\"@id\":\"https:\\\/\\\/pmza.sk\\\/?p=5006#article\",\"isPartOf\":{\"@id\":\"https:\\\/\\\/pmza.sk\\\/?p=5006\"},\"author\":{\"name\":\"Pova\u017esk\u00e9 m\u00fazeum\",\"@id\":\"https:\\\/\\\/pmza.sk\\\/#\\\/schema\\\/person\\\/595e6a2ce731ea94dcd5d7f50a41ae33\"},\"headline\":\"Valent\u00edn na Budat\u00ednskom hrade s valent\u00ednskou kvapkou krvi\",\"datePublished\":\"2012-02-08T12:43:29+00:00\",\"mainEntityOfPage\":{\"@id\":\"https:\\\/\\\/pmza.sk\\\/?p=5006\"},\"wordCount\":380,\"publisher\":{\"@id\":\"https:\\\/\\\/pmza.sk\\\/#organization\"},\"image\":{\"@id\":\"https:\\\/\\\/pmza.sk\\\/?p=5006#primaryimage\"},\"thumbnailUrl\":\"http:\\\/\\\/pmza.sk.sk\\\/wp-content\\\/uploads\\\/2012\\\/02\\\/zima-300x225.jpg\",\"articleSection\":[\"Arch\u00edv 2012\"],\"inLanguage\":\"sk-SK\"},{\"@type\":\"WebPage\",\"@id\":\"https:\\\/\\\/pmza.sk\\\/?p=5006\",\"url\":\"https:\\\/\\\/pmza.sk\\\/?p=5006\",\"name\":\"Valent\u00edn na Budat\u00ednskom hrade s valent\u00ednskou kvapkou krvi - Pova\u017esk\u00e9 m\u00fazeum\",\"isPartOf\":{\"@id\":\"https:\\\/\\\/pmza.sk\\\/#website\"},\"primaryImageOfPage\":{\"@id\":\"https:\\\/\\\/pmza.sk\\\/?p=5006#primaryimage\"},\"image\":{\"@id\":\"https:\\\/\\\/pmza.sk\\\/?p=5006#primaryimage\"},\"thumbnailUrl\":\"http:\\\/\\\/pmza.sk.sk\\\/wp-content\\\/uploads\\\/2012\\\/02\\\/zima-300x225.jpg\",\"datePublished\":\"2012-02-08T12:43:29+00:00\",\"breadcrumb\":{\"@id\":\"https:\\\/\\\/pmza.sk\\\/?p=5006#breadcrumb\"},\"inLanguage\":\"sk-SK\",\"potentialAction\":[{\"@type\":\"ReadAction\",\"target\":[\"https:\\\/\\\/pmza.sk\\\/?p=5006\"]}]},{\"@type\":\"ImageObject\",\"inLanguage\":\"sk-SK\",\"@id\":\"https:\\\/\\\/pmza.sk\\\/?p=5006#primaryimage\",\"url\":\"http:\\\/\\\/pmza.sk.sk\\\/wp-content\\\/uploads\\\/2012\\\/02\\\/zima-300x225.jpg\",\"contentUrl\":\"http:\\\/\\\/pmza.sk.sk\\\/wp-content\\\/uploads\\\/2012\\\/02\\\/zima-300x225.jpg\"},{\"@type\":\"BreadcrumbList\",\"@id\":\"https:\\\/\\\/pmza.sk\\\/?p=5006#breadcrumb\",\"itemListElement\":[{\"@type\":\"ListItem\",\"position\":1,\"name\":\"Domovsk\u00e1 str\u00e1nka\",\"item\":\"https:\\\/\\\/pmza.sk\\\/\"},{\"@type\":\"ListItem\",\"position\":2,\"name\":\"Valent\u00edn na Budat\u00ednskom hrade s valent\u00ednskou kvapkou krvi\"}]},{\"@type\":\"WebSite\",\"@id\":\"https:\\\/\\\/pmza.sk\\\/#website\",\"url\":\"https:\\\/\\\/pmza.sk\\\/\",\"name\":\"Pova\u017esk\u00e9 m\u00fazeum\",\"description\":\"Pova\u017esk\u00e9 m\u00fazeum v \u017diline je region\u00e1lne m\u00fazeum so s\u00eddlom v Budat\u00edne. Jeho expoz\u00edcie s\u00fa zameran\u00e9 na dejiny slovensk\u00e9ho umenia, kult\u00fary a dopravy.\",\"publisher\":{\"@id\":\"https:\\\/\\\/pmza.sk\\\/#organization\"},\"potentialAction\":[{\"@type\":\"SearchAction\",\"target\":{\"@type\":\"EntryPoint\",\"urlTemplate\":\"https:\\\/\\\/pmza.sk\\\/?s={search_term_string}\"},\"query-input\":{\"@type\":\"PropertyValueSpecification\",\"valueRequired\":true,\"valueName\":\"search_term_string\"}}],\"inLanguage\":\"sk-SK\"},{\"@type\":\"Organization\",\"@id\":\"https:\\\/\\\/pmza.sk\\\/#organization\",\"name\":\"Pova\u017esk\u00e9 m\u00fazeum\",\"url\":\"https:\\\/\\\/pmza.sk\\\/\",\"logo\":{\"@type\":\"ImageObject\",\"inLanguage\":\"sk-SK\",\"@id\":\"https:\\\/\\\/pmza.sk\\\/#\\\/schema\\\/logo\\\/image\\\/\",\"url\":\"https:\\\/\\\/pmza.sk\\\/wp-content\\\/uploads\\\/2022\\\/01\\\/logo_PM_horizontal.jpg\",\"contentUrl\":\"https:\\\/\\\/pmza.sk\\\/wp-content\\\/uploads\\\/2022\\\/01\\\/logo_PM_horizontal.jpg\",\"width\":231,\"height\":142,\"caption\":\"Pova\u017esk\u00e9 m\u00fazeum\"},\"image\":{\"@id\":\"https:\\\/\\\/pmza.sk\\\/#\\\/schema\\\/logo\\\/image\\\/\"},\"sameAs\":[\"https:\\\/\\\/www.facebook.com\\\/povazskemuzeum\",\"https:\\\/\\\/www.instagram.com\\\/povazskemuzeum\\\/\"]},{\"@type\":\"Person\",\"@id\":\"https:\\\/\\\/pmza.sk\\\/#\\\/schema\\\/person\\\/595e6a2ce731ea94dcd5d7f50a41ae33\",\"name\":\"Pova\u017esk\u00e9 m\u00fazeum\",\"image\":{\"@type\":\"ImageObject\",\"inLanguage\":\"sk-SK\",\"@id\":\"https:\\\/\\\/secure.gravatar.com\\\/avatar\\\/2bb7f1561282132fb5826dfeccc66c7996d11ee392ac6aaf7ced8a1c2027fbb2?s=96&d=mm&r=g\",\"url\":\"https:\\\/\\\/secure.gravatar.com\\\/avatar\\\/2bb7f1561282132fb5826dfeccc66c7996d11ee392ac6aaf7ced8a1c2027fbb2?s=96&d=mm&r=g\",\"contentUrl\":\"https:\\\/\\\/secure.gravatar.com\\\/avatar\\\/2bb7f1561282132fb5826dfeccc66c7996d11ee392ac6aaf7ced8a1c2027fbb2?s=96&d=mm&r=g\",\"caption\":\"Pova\u017esk\u00e9 m\u00fazeum\"}}]}<\/script>\n<!-- \/ Yoast SEO plugin. -->","yoast_head_json":{"title":"Valent\u00edn na Budat\u00ednskom hrade s valent\u00ednskou kvapkou krvi - Pova\u017esk\u00e9 m\u00fazeum","robots":{"index":"index","follow":"follow","max-snippet":"max-snippet:-1","max-image-preview":"max-image-preview:large","max-video-preview":"max-video-preview:-1"},"canonical":"https:\/\/pmza.sk\/?p=5006","og_locale":"sk_SK","og_type":"article","og_title":"Valent\u00edn na Budat\u00ednskom hrade s valent\u00ednskou kvapkou krvi - Pova\u017esk\u00e9 m\u00fazeum","og_description":"Miesto: Are\u00e1l hradu Budat\u00edn D\u00e1tum a \u010das: 14. 2. 2012 od 16.00 hod. Po\u010das sviatku sv\u00e4t\u00e9ho Valent\u00edna sa stalo milou trad\u00edciou spr\u00edstupni\u0165 hrad Stre\u010dno aj vo febru\u00e1ri pre v\u0161etk\u00fdch zamilovan\u00fdch. Tohoro\u010dn\u00e9 mimoriadne chladn\u00e9 po\u010dasie realiz\u00e1ciu valent\u00ednskeho randenia na stre\u010dnianskom hrade prekazilo, ale samotn\u00fa my\u0161lienku celkom nezmarilo.\u00a0Odkazova\u010d l\u00e1sky, hor\u00face n\u00e1poje \u010dakaj\u00fa\u00a0 v\u0161etk\u00fdch mal\u00fdch aj ve\u013ek\u00fdch pri [&hellip;]","og_url":"https:\/\/pmza.sk\/?p=5006","og_site_name":"Pova\u017esk\u00e9 m\u00fazeum","article_publisher":"https:\/\/www.facebook.com\/povazskemuzeum","article_published_time":"2012-02-08T12:43:29+00:00","og_image":[{"url":"https:\/\/pmza.sk.sk\/wp-content\/uploads\/2012\/02\/zima-300x225.jpg","type":"","width":"","height":""}],"author":"Pova\u017esk\u00e9 m\u00fazeum","twitter_card":"summary_large_image","twitter_misc":{"Autor":"Pova\u017esk\u00e9 m\u00fazeum","Predpokladan\u00fd \u010das \u010d\u00edtania":"2 min\u00faty"},"schema":{"@context":"https:\/\/schema.org","@graph":[{"@type":"Article","@id":"https:\/\/pmza.sk\/?p=5006#article","isPartOf":{"@id":"https:\/\/pmza.sk\/?p=5006"},"author":{"name":"Pova\u017esk\u00e9 m\u00fazeum","@id":"https:\/\/pmza.sk\/#\/schema\/person\/595e6a2ce731ea94dcd5d7f50a41ae33"},"headline":"Valent\u00edn na Budat\u00ednskom hrade s valent\u00ednskou kvapkou krvi","datePublished":"2012-02-08T12:43:29+00:00","mainEntityOfPage":{"@id":"https:\/\/pmza.sk\/?p=5006"},"wordCount":380,"publisher":{"@id":"https:\/\/pmza.sk\/#organization"},"image":{"@id":"https:\/\/pmza.sk\/?p=5006#primaryimage"},"thumbnailUrl":"https:\/\/pmza.sk.sk\/wp-content\/uploads\/2012\/02\/zima-300x225.jpg","articleSection":["Arch\u00edv 2012"],"inLanguage":"sk-SK"},{"@type":"WebPage","@id":"https:\/\/pmza.sk\/?p=5006","url":"https:\/\/pmza.sk\/?p=5006","name":"Valent\u00edn na Budat\u00ednskom hrade s valent\u00ednskou kvapkou krvi - Pova\u017esk\u00e9 m\u00fazeum","isPartOf":{"@id":"https:\/\/pmza.sk\/#website"},"primaryImageOfPage":{"@id":"https:\/\/pmza.sk\/?p=5006#primaryimage"},"image":{"@id":"https:\/\/pmza.sk\/?p=5006#primaryimage"},"thumbnailUrl":"https:\/\/pmza.sk.sk\/wp-content\/uploads\/2012\/02\/zima-300x225.jpg","datePublished":"2012-02-08T12:43:29+00:00","breadcrumb":{"@id":"https:\/\/pmza.sk\/?p=5006#breadcrumb"},"inLanguage":"sk-SK","potentialAction":[{"@type":"ReadAction","target":["https:\/\/pmza.sk\/?p=5006"]}]},{"@type":"ImageObject","inLanguage":"sk-SK","@id":"https:\/\/pmza.sk\/?p=5006#primaryimage","url":"https:\/\/pmza.sk.sk\/wp-content\/uploads\/2012\/02\/zima-300x225.jpg","contentUrl":"https:\/\/pmza.sk.sk\/wp-content\/uploads\/2012\/02\/zima-300x225.jpg"},{"@type":"BreadcrumbList","@id":"https:\/\/pmza.sk\/?p=5006#breadcrumb","itemListElement":[{"@type":"ListItem","position":1,"name":"Domovsk\u00e1 str\u00e1nka","item":"https:\/\/pmza.sk\/"},{"@type":"ListItem","position":2,"name":"Valent\u00edn na Budat\u00ednskom hrade s valent\u00ednskou kvapkou krvi"}]},{"@type":"WebSite","@id":"https:\/\/pmza.sk\/#website","url":"https:\/\/pmza.sk\/","name":"Pova\u017esk\u00e9 m\u00fazeum","description":"Pova\u017esk\u00e9 m\u00fazeum v \u017diline je region\u00e1lne m\u00fazeum so s\u00eddlom v Budat\u00edne. Jeho expoz\u00edcie s\u00fa zameran\u00e9 na dejiny slovensk\u00e9ho umenia, kult\u00fary a dopravy.","publisher":{"@id":"https:\/\/pmza.sk\/#organization"},"potentialAction":[{"@type":"SearchAction","target":{"@type":"EntryPoint","urlTemplate":"https:\/\/pmza.sk\/?s={search_term_string}"},"query-input":{"@type":"PropertyValueSpecification","valueRequired":true,"valueName":"search_term_string"}}],"inLanguage":"sk-SK"},{"@type":"Organization","@id":"https:\/\/pmza.sk\/#organization","name":"Pova\u017esk\u00e9 m\u00fazeum","url":"https:\/\/pmza.sk\/","logo":{"@type":"ImageObject","inLanguage":"sk-SK","@id":"https:\/\/pmza.sk\/#\/schema\/logo\/image\/","url":"https:\/\/pmza.sk\/wp-content\/uploads\/2022\/01\/logo_PM_horizontal.jpg","contentUrl":"https:\/\/pmza.sk\/wp-content\/uploads\/2022\/01\/logo_PM_horizontal.jpg","width":231,"height":142,"caption":"Pova\u017esk\u00e9 m\u00fazeum"},"image":{"@id":"https:\/\/pmza.sk\/#\/schema\/logo\/image\/"},"sameAs":["https:\/\/www.facebook.com\/povazskemuzeum","https:\/\/www.instagram.com\/povazskemuzeum\/"]},{"@type":"Person","@id":"https:\/\/pmza.sk\/#\/schema\/person\/595e6a2ce731ea94dcd5d7f50a41ae33","name":"Pova\u017esk\u00e9 m\u00fazeum","image":{"@type":"ImageObject","inLanguage":"sk-SK","@id":"https:\/\/secure.gravatar.com\/avatar\/2bb7f1561282132fb5826dfeccc66c7996d11ee392ac6aaf7ced8a1c2027fbb2?s=96&d=mm&r=g","url":"https:\/\/secure.gravatar.com\/avatar\/2bb7f1561282132fb5826dfeccc66c7996d11ee392ac6aaf7ced8a1c2027fbb2?s=96&d=mm&r=g","contentUrl":"https:\/\/secure.gravatar.com\/avatar\/2bb7f1561282132fb5826dfeccc66c7996d11ee392ac6aaf7ced8a1c2027fbb2?s=96&d=mm&r=g","caption":"Pova\u017esk\u00e9 m\u00fazeum"}}]}},"_links":{"self":[{"href":"https:\/\/pmza.sk\/index.php?rest_route=\/wp\/v2\/posts\/5006","targetHints":{"allow":["GET"]}}],"collection":[{"href":"https:\/\/pmza.sk\/index.php?rest_route=\/wp\/v2\/posts"}],"about":[{"href":"https:\/\/pmza.sk\/index.php?rest_route=\/wp\/v2\/types\/post"}],"author":[{"embeddable":true,"href":"https:\/\/pmza.sk\/index.php?rest_route=\/wp\/v2\/users\/2"}],"replies":[{"embeddable":true,"href":"https:\/\/pmza.sk\/index.php?rest_route=%2Fwp%2Fv2%2Fcomments&post=5006"}],"version-history":[{"count":0,"href":"https:\/\/pmza.sk\/index.php?rest_route=\/wp\/v2\/posts\/5006\/revisions"}],"wp:attachment":[{"href":"https:\/\/pmza.sk\/index.php?rest_route=%2Fwp%2Fv2%2Fmedia&parent=5006"}],"wp:term":[{"taxonomy":"category","embeddable":true,"href":"https:\/\/pmza.sk\/index.php?rest_route=%2Fwp%2Fv2%2Fcategories&post=5006"},{"taxonomy":"post_tag","embeddable":true,"href":"https:\/\/pmza.sk\/index.php?rest_route=%2Fwp%2Fv2%2Ftags&post=5006"}],"curies":[{"name":"wp","href":"https:\/\/api.w.org\/{rel}","templated":true}]}}