{"id":50073,"date":"2022-03-02T06:43:06","date_gmt":"2022-03-02T05:43:06","guid":{"rendered":"https:\/\/pmza.sk\/?p=50073"},"modified":"2025-05-15T07:18:12","modified_gmt":"2025-05-15T05:18:12","slug":"30-rocnikvlastivednehozbornikapovazia","status":"publish","type":"post","link":"https:\/\/pmza.sk\/?p=50073","title":{"rendered":"Vy\u0161iel 30. ro\u010dn\u00edk Vlastivedn\u00e9ho zborn\u00edka Pova\u017eia"},"content":{"rendered":"<p>Pova\u017esk\u00e9 m\u00fazeum s v\u00fdraznou podporou Mesta \u017dilina vydalo jubilejn\u00fd 30. ro\u010dn\u00edk Vlastivedn\u00e9ho zborn\u00edka Pova\u017eia. Prv\u00fd vy\u0161iel e\u0161te v roku 1958 pod n\u00e1zvom Vlastivedn\u00fd sborn\u00edk \u017dilinsk\u00e9ho kraja I. a zostavila ho vtedaj\u0161ia riadite\u013eka m\u00fazea Vlasta Kristenov\u00e1. Odvtedy vych\u00e1dza pribli\u017ene raz za dva roky a patr\u00ed k najstar\u0161\u00edm periodik\u00e1m s vlastivedn\u00fdm zameran\u00edm na Slovensku. \u010citate\u013e v \u0148om n\u00e1jde odborn\u00e9 \u010dl\u00e1nky, ktor\u00e9 s\u00fa v\u00fdsledkami v\u00fdskumu z oblasti spolo\u010densk\u00fdch a pr\u00edrodn\u00fdch vied v regi\u00f3ne Horn\u00e9ho Pova\u017eia.<\/p>\n<p>Tento zborn\u00edk vy\u0161iel pri pr\u00edle\u017eitosti 700. v\u00fdro\u010dia od udelenia v\u00fdsad mestu \u017dilina kr\u00e1\u013eom Karolom I. R\u00f3bertom. \u010cl\u00e1nky tvoria pr\u00edspevky, ktor\u00e9 boli prezentovan\u00e9 na odbornej konferencii \u017dilina 1321 \u2013 2021. T\u00e1 sa konala v\u00a0j\u00fani 2021 v\u00a0priestoroch Mestsk\u00e9ho \u00faradu v\u00a0\u017diline a zorganizovalo ju Pova\u017esk\u00e9 m\u00fazeum, Mesto \u017dilina a\u00a0Katedra hist\u00f3rie Filozofickej fakulty Trnavskej univerzity v\u00a0Trnave. Na zborn\u00edku sa podie\u013ealo pribli\u017ene 20 autorov, ktor\u00ed na viac ako 300 stran\u00e1ch uviedli zauj\u00edmav\u00e9 inform\u00e1cie t\u00fdkaj\u00face sa hist\u00f3rie \u017diliny a\u00a0okolia. <em>\u201eV\u00a0posledn\u00fdch rokoch sme mali pocit, \u017ee z\u00e1ujem o\u00a0hist\u00f3riu \u017diliny za\u010dal upada\u0165. Pritom nepresk\u00faman\u00fdch t\u00e9m z\u00a0jej minulosti je ve\u013ea, o\u00a0\u010dom n\u00e1s presved\u010dila i\u00a0konferencia a\u00a0obsah zborn\u00edka. Okrem nov\u00fdch poznatkov z\u00a0hist\u00f3rie \u010ditate\u013eov ur\u010dite zaujm\u00fa zistenia z\u00a0rekon\u0161trukcie pamiatok v\u00a0meste, ktor\u00fdch v\u00a0posledn\u00fdch rokoch prebehlo viacero,\u201c<\/em> uviedol zostavovate\u013e \u2013 historik dopravy Peter \u0160imko. <em>\u201e\u010eakujeme Mestu \u017dilina za finan\u010dn\u00fa podporu a v\u00fdborn\u00fa spolupr\u00e1cu a d\u00fafame, \u017ee bude pokra\u010dova\u0165 aj pri tvorbe monografie o hist\u00f3rii, preto\u017ee tak\u00e9to dielo by si \u017dilina zasl\u00fa\u017eila,\u201c <\/em>uviedol riadite\u013e Pova\u017esk\u00e9ho m\u00fazea Michal Jureck\u00fd.<\/p>\n<p>U\u017e teraz sa za\u010d\u00edna pracova\u0165 na \u010fal\u0161om \u010d\u00edsle zborn\u00edka, ktor\u00fd vyjde na bud\u00faci rok. <em>\u201eVer\u00edm, \u017ee aj nasleduj\u00face \u010d\u00edslo bude podobne bohat\u00e9. Uv\u00edtame v\u00a0\u0148om nielen t\u00e9my z\u00a0hist\u00f3rie a\u00a0archeol\u00f3gie, ale aj \u010fal\u0161\u00edch vedn\u00fdch odborov, ako zool\u00f3gia, botanika, etnol\u00f3gia, \u010di geografia, ktor\u00e9 sa zaoberaj\u00fa na\u0161\u00edm regi\u00f3nom. Okrem dodr\u017eania form\u00e1lnych pravidiel je podmienkou najm\u00e4\u00a0originalita a\u00a0kvalitne odveden\u00e1 vedeck\u00e1 pr\u00e1ca. Publikovanie pr\u00edspevkov podlieha redak\u010dnej rade, ktor\u00e1 bude v\u00a0bl\u00edzkej dobe roz\u0161\u00edren\u00e1,\u201c <\/em>uzavrel \u0160imko.<\/p>\n<p>Zborn\u00edk bude mo\u017en\u00e9 k\u00fapi\u0165 v infopulte Budat\u00ednskeho hradu alebo cez e-shop Pova\u017esk\u00e9ho m\u00fazea na <a href=\"http:\/\/www.pmza.sk\">www.pmza.sk<\/a>.<\/p>\n<p>&nbsp;<\/p>\n<p><img fetchpriority=\"high\" decoding=\"async\" class=\"alignnone size-medium wp-image-50077\" src=\"https:\/\/pmza.sk\/wp-content\/uploads\/2022\/03\/Vlastivedny-zbornik-XXX-kniznica-480x360.jpg\" alt=\"\" width=\"480\" height=\"360\" srcset=\"https:\/\/pmza.sk\/wp-content\/uploads\/2022\/03\/Vlastivedny-zbornik-XXX-kniznica-480x360.jpg 480w, https:\/\/pmza.sk\/wp-content\/uploads\/2022\/03\/Vlastivedny-zbornik-XXX-kniznica-981x736.jpg 981w, https:\/\/pmza.sk\/wp-content\/uploads\/2022\/03\/Vlastivedny-zbornik-XXX-kniznica-768x576.jpg 768w, https:\/\/pmza.sk\/wp-content\/uploads\/2022\/03\/Vlastivedny-zbornik-XXX-kniznica-600x450.jpg 600w, https:\/\/pmza.sk\/wp-content\/uploads\/2022\/03\/Vlastivedny-zbornik-XXX-kniznica.jpg 1280w\" sizes=\"(max-width: 480px) 100vw, 480px\" \/><\/p>\n","protected":false},"excerpt":{"rendered":"<p>Pova\u017esk\u00e9 m\u00fazeum s v\u00fdraznou podporou Mesta \u017dilina vydalo jubilejn\u00fd 30. ro\u010dn\u00edk Vlastivedn\u00e9ho zborn\u00edka Pova\u017eia. Prv\u00fd vy\u0161iel e\u0161te v roku 1958 pod n\u00e1zvom Vlastivedn\u00fd sborn\u00edk \u017dilinsk\u00e9ho kraja I. a zostavila ho vtedaj\u0161ia riadite\u013eka m\u00fazea Vlasta Kristenov\u00e1. Odvtedy vych\u00e1dza pribli\u017ene raz za dva roky a patr\u00ed k najstar\u0161\u00edm periodik\u00e1m s vlastivedn\u00fdm zameran\u00edm na Slovensku. \u010citate\u013e v \u0148om [&hellip;]<\/p>\n","protected":false},"author":2,"featured_media":50070,"comment_status":"closed","ping_status":"closed","sticky":false,"template":"","format":"standard","meta":{"site-sidebar-layout":"default","site-content-layout":"default","ast-site-content-layout":"default","site-content-style":"default","site-sidebar-style":"default","ast-global-header-display":"","ast-banner-title-visibility":"","ast-main-header-display":"","ast-hfb-above-header-display":"","ast-hfb-below-header-display":"","ast-hfb-mobile-header-display":"","site-post-title":"","ast-breadcrumbs-content":"","ast-featured-img":"","footer-sml-layout":"","theme-transparent-header-meta":"default","adv-header-id-meta":"","stick-header-meta":"default","header-above-stick-meta":"","header-main-stick-meta":"","header-below-stick-meta":"","astra-migrate-meta-layouts":"set","ast-page-background-enabled":"default","ast-page-background-meta":{"desktop":{"background-color":"var(--ast-global-color-4)","background-image":"","background-repeat":"repeat","background-position":"center center","background-size":"auto","background-attachment":"scroll","background-type":"","background-media":"","overlay-type":"","overlay-color":"","overlay-opacity":"","overlay-gradient":""},"tablet":{"background-color":"","background-image":"","background-repeat":"repeat","background-position":"center center","background-size":"auto","background-attachment":"scroll","background-type":"","background-media":"","overlay-type":"","overlay-color":"","overlay-opacity":"","overlay-gradient":""},"mobile":{"background-color":"","background-image":"","background-repeat":"repeat","background-position":"center center","background-size":"auto","background-attachment":"scroll","background-type":"","background-media":"","overlay-type":"","overlay-color":"","overlay-opacity":"","overlay-gradient":""}},"ast-content-background-meta":{"desktop":{"background-color":"var(--ast-global-color-5)","background-image":"","background-repeat":"repeat","background-position":"center center","background-size":"auto","background-attachment":"scroll","background-type":"","background-media":"","overlay-type":"","overlay-color":"","overlay-opacity":"","overlay-gradient":""},"tablet":{"background-color":"var(--ast-global-color-5)","background-image":"","background-repeat":"repeat","background-position":"center center","background-size":"auto","background-attachment":"scroll","background-type":"","background-media":"","overlay-type":"","overlay-color":"","overlay-opacity":"","overlay-gradient":""},"mobile":{"background-color":"var(--ast-global-color-5)","background-image":"","background-repeat":"repeat","background-position":"center center","background-size":"auto","background-attachment":"scroll","background-type":"","background-media":"","overlay-type":"","overlay-color":"","overlay-opacity":"","overlay-gradient":""}},"footnotes":""},"categories":[31],"tags":[],"class_list":["post-50073","post","type-post","status-publish","format-standard","has-post-thumbnail","hentry","category-aktuality"],"yoast_head":"<!-- This site is optimized with the Yoast SEO plugin v27.4 - https:\/\/yoast.com\/product\/yoast-seo-wordpress\/ -->\n<title>Vy\u0161iel 30. ro\u010dn\u00edk Vlastivedn\u00e9ho zborn\u00edka Pova\u017eia - Pova\u017esk\u00e9 m\u00fazeum<\/title>\n<meta name=\"description\" content=\"Pova\u017esk\u00e9 m\u00fazeum vydalo jubilejn\u00fd 30. ro\u010dn\u00edk Vlastivedn\u00e9ho zborn\u00edka Pova\u017eia. Vy\u0161iel pri pr\u00edle\u017eitosti 700. v\u00fdro\u010dia od udelenia v\u00fdsad mestu \u017dilina kr\u00e1\u013eom Karolom I. R\u00f3bertom. \u010cl\u00e1nky tvoria pr\u00edspevky, ktor\u00e9 boli prezentovan\u00e9 na odbornej konferencii \u017dilina 1321 \u2013 2021.\" \/>\n<meta name=\"robots\" content=\"index, follow, max-snippet:-1, max-image-preview:large, max-video-preview:-1\" \/>\n<link rel=\"canonical\" href=\"https:\/\/pmza.sk\/?p=50073\" \/>\n<meta property=\"og:locale\" content=\"sk_SK\" \/>\n<meta property=\"og:type\" content=\"article\" \/>\n<meta property=\"og:title\" content=\"Vy\u0161iel 30. ro\u010dn\u00edk Vlastivedn\u00e9ho zborn\u00edka Pova\u017eia - Pova\u017esk\u00e9 m\u00fazeum\" \/>\n<meta property=\"og:description\" content=\"Pova\u017esk\u00e9 m\u00fazeum vydalo jubilejn\u00fd 30. ro\u010dn\u00edk Vlastivedn\u00e9ho zborn\u00edka Pova\u017eia. Vy\u0161iel pri pr\u00edle\u017eitosti 700. v\u00fdro\u010dia od udelenia v\u00fdsad mestu \u017dilina kr\u00e1\u013eom Karolom I. R\u00f3bertom. \u010cl\u00e1nky tvoria pr\u00edspevky, ktor\u00e9 boli prezentovan\u00e9 na odbornej konferencii \u017dilina 1321 \u2013 2021.\" \/>\n<meta property=\"og:url\" content=\"https:\/\/pmza.sk\/?p=50073\" \/>\n<meta property=\"og:site_name\" content=\"Pova\u017esk\u00e9 m\u00fazeum\" \/>\n<meta property=\"article:publisher\" content=\"https:\/\/www.facebook.com\/povazskemuzeum\" \/>\n<meta property=\"article:published_time\" content=\"2022-03-02T05:43:06+00:00\" \/>\n<meta property=\"article:modified_time\" content=\"2025-05-15T05:18:12+00:00\" \/>\n<meta property=\"og:image\" content=\"https:\/\/pmza.sk\/wp-content\/uploads\/2022\/03\/VZP-XXX-obalka-scaled.jpg\" \/>\n\t<meta property=\"og:image:width\" content=\"1818\" \/>\n\t<meta property=\"og:image:height\" content=\"2560\" \/>\n\t<meta property=\"og:image:type\" content=\"image\/jpeg\" \/>\n<meta name=\"author\" content=\"Pova\u017esk\u00e9 m\u00fazeum\" \/>\n<meta name=\"twitter:card\" content=\"summary_large_image\" \/>\n<meta name=\"twitter:label1\" content=\"Autor\" \/>\n\t<meta name=\"twitter:data1\" content=\"Pova\u017esk\u00e9 m\u00fazeum\" \/>\n\t<meta name=\"twitter:label2\" content=\"Predpokladan\u00fd \u010das \u010d\u00edtania\" \/>\n\t<meta name=\"twitter:data2\" content=\"2 min\u00faty\" \/>\n<script type=\"application\/ld+json\" class=\"yoast-schema-graph\">{\"@context\":\"https:\\\/\\\/schema.org\",\"@graph\":[{\"@type\":\"Article\",\"@id\":\"https:\\\/\\\/pmza.sk\\\/?p=50073#article\",\"isPartOf\":{\"@id\":\"https:\\\/\\\/pmza.sk\\\/?p=50073\"},\"author\":{\"name\":\"Pova\u017esk\u00e9 m\u00fazeum\",\"@id\":\"https:\\\/\\\/pmza.sk\\\/#\\\/schema\\\/person\\\/595e6a2ce731ea94dcd5d7f50a41ae33\"},\"headline\":\"Vy\u0161iel 30. ro\u010dn\u00edk Vlastivedn\u00e9ho zborn\u00edka Pova\u017eia\",\"datePublished\":\"2022-03-02T05:43:06+00:00\",\"dateModified\":\"2025-05-15T05:18:12+00:00\",\"mainEntityOfPage\":{\"@id\":\"https:\\\/\\\/pmza.sk\\\/?p=50073\"},\"wordCount\":451,\"publisher\":{\"@id\":\"https:\\\/\\\/pmza.sk\\\/#organization\"},\"image\":{\"@id\":\"https:\\\/\\\/pmza.sk\\\/?p=50073#primaryimage\"},\"thumbnailUrl\":\"https:\\\/\\\/pmza.sk\\\/wp-content\\\/uploads\\\/2022\\\/03\\\/VZP-XXX-obalka-scaled.jpg\",\"articleSection\":[\"Aktuality\"],\"inLanguage\":\"sk-SK\"},{\"@type\":\"WebPage\",\"@id\":\"https:\\\/\\\/pmza.sk\\\/?p=50073\",\"url\":\"https:\\\/\\\/pmza.sk\\\/?p=50073\",\"name\":\"Vy\u0161iel 30. ro\u010dn\u00edk Vlastivedn\u00e9ho zborn\u00edka Pova\u017eia - Pova\u017esk\u00e9 m\u00fazeum\",\"isPartOf\":{\"@id\":\"https:\\\/\\\/pmza.sk\\\/#website\"},\"primaryImageOfPage\":{\"@id\":\"https:\\\/\\\/pmza.sk\\\/?p=50073#primaryimage\"},\"image\":{\"@id\":\"https:\\\/\\\/pmza.sk\\\/?p=50073#primaryimage\"},\"thumbnailUrl\":\"https:\\\/\\\/pmza.sk\\\/wp-content\\\/uploads\\\/2022\\\/03\\\/VZP-XXX-obalka-scaled.jpg\",\"datePublished\":\"2022-03-02T05:43:06+00:00\",\"dateModified\":\"2025-05-15T05:18:12+00:00\",\"description\":\"Pova\u017esk\u00e9 m\u00fazeum vydalo jubilejn\u00fd 30. ro\u010dn\u00edk Vlastivedn\u00e9ho zborn\u00edka Pova\u017eia. Vy\u0161iel pri pr\u00edle\u017eitosti 700. v\u00fdro\u010dia od udelenia v\u00fdsad mestu \u017dilina kr\u00e1\u013eom Karolom I. R\u00f3bertom. \u010cl\u00e1nky tvoria pr\u00edspevky, ktor\u00e9 boli prezentovan\u00e9 na odbornej konferencii \u017dilina 1321 \u2013 2021.\",\"breadcrumb\":{\"@id\":\"https:\\\/\\\/pmza.sk\\\/?p=50073#breadcrumb\"},\"inLanguage\":\"sk-SK\",\"potentialAction\":[{\"@type\":\"ReadAction\",\"target\":[\"https:\\\/\\\/pmza.sk\\\/?p=50073\"]}]},{\"@type\":\"ImageObject\",\"inLanguage\":\"sk-SK\",\"@id\":\"https:\\\/\\\/pmza.sk\\\/?p=50073#primaryimage\",\"url\":\"https:\\\/\\\/pmza.sk\\\/wp-content\\\/uploads\\\/2022\\\/03\\\/VZP-XXX-obalka-scaled.jpg\",\"contentUrl\":\"https:\\\/\\\/pmza.sk\\\/wp-content\\\/uploads\\\/2022\\\/03\\\/VZP-XXX-obalka-scaled.jpg\",\"width\":1818,\"height\":2560,\"caption\":\"VZP XXX\"},{\"@type\":\"BreadcrumbList\",\"@id\":\"https:\\\/\\\/pmza.sk\\\/?p=50073#breadcrumb\",\"itemListElement\":[{\"@type\":\"ListItem\",\"position\":1,\"name\":\"Domovsk\u00e1 str\u00e1nka\",\"item\":\"https:\\\/\\\/pmza.sk\\\/\"},{\"@type\":\"ListItem\",\"position\":2,\"name\":\"Vy\u0161iel 30. ro\u010dn\u00edk Vlastivedn\u00e9ho zborn\u00edka Pova\u017eia\"}]},{\"@type\":\"WebSite\",\"@id\":\"https:\\\/\\\/pmza.sk\\\/#website\",\"url\":\"https:\\\/\\\/pmza.sk\\\/\",\"name\":\"Pova\u017esk\u00e9 m\u00fazeum\",\"description\":\"Pova\u017esk\u00e9 m\u00fazeum v \u017diline je region\u00e1lne m\u00fazeum so s\u00eddlom v Budat\u00edne. Jeho expoz\u00edcie s\u00fa zameran\u00e9 na dejiny slovensk\u00e9ho umenia, kult\u00fary a dopravy.\",\"publisher\":{\"@id\":\"https:\\\/\\\/pmza.sk\\\/#organization\"},\"potentialAction\":[{\"@type\":\"SearchAction\",\"target\":{\"@type\":\"EntryPoint\",\"urlTemplate\":\"https:\\\/\\\/pmza.sk\\\/?s={search_term_string}\"},\"query-input\":{\"@type\":\"PropertyValueSpecification\",\"valueRequired\":true,\"valueName\":\"search_term_string\"}}],\"inLanguage\":\"sk-SK\"},{\"@type\":\"Organization\",\"@id\":\"https:\\\/\\\/pmza.sk\\\/#organization\",\"name\":\"Pova\u017esk\u00e9 m\u00fazeum\",\"url\":\"https:\\\/\\\/pmza.sk\\\/\",\"logo\":{\"@type\":\"ImageObject\",\"inLanguage\":\"sk-SK\",\"@id\":\"https:\\\/\\\/pmza.sk\\\/#\\\/schema\\\/logo\\\/image\\\/\",\"url\":\"https:\\\/\\\/pmza.sk\\\/wp-content\\\/uploads\\\/2022\\\/01\\\/logo_PM_horizontal.jpg\",\"contentUrl\":\"https:\\\/\\\/pmza.sk\\\/wp-content\\\/uploads\\\/2022\\\/01\\\/logo_PM_horizontal.jpg\",\"width\":231,\"height\":142,\"caption\":\"Pova\u017esk\u00e9 m\u00fazeum\"},\"image\":{\"@id\":\"https:\\\/\\\/pmza.sk\\\/#\\\/schema\\\/logo\\\/image\\\/\"},\"sameAs\":[\"https:\\\/\\\/www.facebook.com\\\/povazskemuzeum\",\"https:\\\/\\\/www.instagram.com\\\/povazskemuzeum\\\/\"]},{\"@type\":\"Person\",\"@id\":\"https:\\\/\\\/pmza.sk\\\/#\\\/schema\\\/person\\\/595e6a2ce731ea94dcd5d7f50a41ae33\",\"name\":\"Pova\u017esk\u00e9 m\u00fazeum\",\"image\":{\"@type\":\"ImageObject\",\"inLanguage\":\"sk-SK\",\"@id\":\"https:\\\/\\\/secure.gravatar.com\\\/avatar\\\/2bb7f1561282132fb5826dfeccc66c7996d11ee392ac6aaf7ced8a1c2027fbb2?s=96&d=mm&r=g\",\"url\":\"https:\\\/\\\/secure.gravatar.com\\\/avatar\\\/2bb7f1561282132fb5826dfeccc66c7996d11ee392ac6aaf7ced8a1c2027fbb2?s=96&d=mm&r=g\",\"contentUrl\":\"https:\\\/\\\/secure.gravatar.com\\\/avatar\\\/2bb7f1561282132fb5826dfeccc66c7996d11ee392ac6aaf7ced8a1c2027fbb2?s=96&d=mm&r=g\",\"caption\":\"Pova\u017esk\u00e9 m\u00fazeum\"}}]}<\/script>\n<!-- \/ Yoast SEO plugin. -->","yoast_head_json":{"title":"Vy\u0161iel 30. ro\u010dn\u00edk Vlastivedn\u00e9ho zborn\u00edka Pova\u017eia - Pova\u017esk\u00e9 m\u00fazeum","description":"Pova\u017esk\u00e9 m\u00fazeum vydalo jubilejn\u00fd 30. ro\u010dn\u00edk Vlastivedn\u00e9ho zborn\u00edka Pova\u017eia. Vy\u0161iel pri pr\u00edle\u017eitosti 700. v\u00fdro\u010dia od udelenia v\u00fdsad mestu \u017dilina kr\u00e1\u013eom Karolom I. R\u00f3bertom. \u010cl\u00e1nky tvoria pr\u00edspevky, ktor\u00e9 boli prezentovan\u00e9 na odbornej konferencii \u017dilina 1321 \u2013 2021.","robots":{"index":"index","follow":"follow","max-snippet":"max-snippet:-1","max-image-preview":"max-image-preview:large","max-video-preview":"max-video-preview:-1"},"canonical":"https:\/\/pmza.sk\/?p=50073","og_locale":"sk_SK","og_type":"article","og_title":"Vy\u0161iel 30. ro\u010dn\u00edk Vlastivedn\u00e9ho zborn\u00edka Pova\u017eia - Pova\u017esk\u00e9 m\u00fazeum","og_description":"Pova\u017esk\u00e9 m\u00fazeum vydalo jubilejn\u00fd 30. ro\u010dn\u00edk Vlastivedn\u00e9ho zborn\u00edka Pova\u017eia. Vy\u0161iel pri pr\u00edle\u017eitosti 700. v\u00fdro\u010dia od udelenia v\u00fdsad mestu \u017dilina kr\u00e1\u013eom Karolom I. R\u00f3bertom. \u010cl\u00e1nky tvoria pr\u00edspevky, ktor\u00e9 boli prezentovan\u00e9 na odbornej konferencii \u017dilina 1321 \u2013 2021.","og_url":"https:\/\/pmza.sk\/?p=50073","og_site_name":"Pova\u017esk\u00e9 m\u00fazeum","article_publisher":"https:\/\/www.facebook.com\/povazskemuzeum","article_published_time":"2022-03-02T05:43:06+00:00","article_modified_time":"2025-05-15T05:18:12+00:00","og_image":[{"width":1818,"height":2560,"url":"https:\/\/pmza.sk\/wp-content\/uploads\/2022\/03\/VZP-XXX-obalka-scaled.jpg","type":"image\/jpeg"}],"author":"Pova\u017esk\u00e9 m\u00fazeum","twitter_card":"summary_large_image","twitter_misc":{"Autor":"Pova\u017esk\u00e9 m\u00fazeum","Predpokladan\u00fd \u010das \u010d\u00edtania":"2 min\u00faty"},"schema":{"@context":"https:\/\/schema.org","@graph":[{"@type":"Article","@id":"https:\/\/pmza.sk\/?p=50073#article","isPartOf":{"@id":"https:\/\/pmza.sk\/?p=50073"},"author":{"name":"Pova\u017esk\u00e9 m\u00fazeum","@id":"https:\/\/pmza.sk\/#\/schema\/person\/595e6a2ce731ea94dcd5d7f50a41ae33"},"headline":"Vy\u0161iel 30. ro\u010dn\u00edk Vlastivedn\u00e9ho zborn\u00edka Pova\u017eia","datePublished":"2022-03-02T05:43:06+00:00","dateModified":"2025-05-15T05:18:12+00:00","mainEntityOfPage":{"@id":"https:\/\/pmza.sk\/?p=50073"},"wordCount":451,"publisher":{"@id":"https:\/\/pmza.sk\/#organization"},"image":{"@id":"https:\/\/pmza.sk\/?p=50073#primaryimage"},"thumbnailUrl":"https:\/\/pmza.sk\/wp-content\/uploads\/2022\/03\/VZP-XXX-obalka-scaled.jpg","articleSection":["Aktuality"],"inLanguage":"sk-SK"},{"@type":"WebPage","@id":"https:\/\/pmza.sk\/?p=50073","url":"https:\/\/pmza.sk\/?p=50073","name":"Vy\u0161iel 30. ro\u010dn\u00edk Vlastivedn\u00e9ho zborn\u00edka Pova\u017eia - Pova\u017esk\u00e9 m\u00fazeum","isPartOf":{"@id":"https:\/\/pmza.sk\/#website"},"primaryImageOfPage":{"@id":"https:\/\/pmza.sk\/?p=50073#primaryimage"},"image":{"@id":"https:\/\/pmza.sk\/?p=50073#primaryimage"},"thumbnailUrl":"https:\/\/pmza.sk\/wp-content\/uploads\/2022\/03\/VZP-XXX-obalka-scaled.jpg","datePublished":"2022-03-02T05:43:06+00:00","dateModified":"2025-05-15T05:18:12+00:00","description":"Pova\u017esk\u00e9 m\u00fazeum vydalo jubilejn\u00fd 30. ro\u010dn\u00edk Vlastivedn\u00e9ho zborn\u00edka Pova\u017eia. Vy\u0161iel pri pr\u00edle\u017eitosti 700. v\u00fdro\u010dia od udelenia v\u00fdsad mestu \u017dilina kr\u00e1\u013eom Karolom I. R\u00f3bertom. \u010cl\u00e1nky tvoria pr\u00edspevky, ktor\u00e9 boli prezentovan\u00e9 na odbornej konferencii \u017dilina 1321 \u2013 2021.","breadcrumb":{"@id":"https:\/\/pmza.sk\/?p=50073#breadcrumb"},"inLanguage":"sk-SK","potentialAction":[{"@type":"ReadAction","target":["https:\/\/pmza.sk\/?p=50073"]}]},{"@type":"ImageObject","inLanguage":"sk-SK","@id":"https:\/\/pmza.sk\/?p=50073#primaryimage","url":"https:\/\/pmza.sk\/wp-content\/uploads\/2022\/03\/VZP-XXX-obalka-scaled.jpg","contentUrl":"https:\/\/pmza.sk\/wp-content\/uploads\/2022\/03\/VZP-XXX-obalka-scaled.jpg","width":1818,"height":2560,"caption":"VZP XXX"},{"@type":"BreadcrumbList","@id":"https:\/\/pmza.sk\/?p=50073#breadcrumb","itemListElement":[{"@type":"ListItem","position":1,"name":"Domovsk\u00e1 str\u00e1nka","item":"https:\/\/pmza.sk\/"},{"@type":"ListItem","position":2,"name":"Vy\u0161iel 30. ro\u010dn\u00edk Vlastivedn\u00e9ho zborn\u00edka Pova\u017eia"}]},{"@type":"WebSite","@id":"https:\/\/pmza.sk\/#website","url":"https:\/\/pmza.sk\/","name":"Pova\u017esk\u00e9 m\u00fazeum","description":"Pova\u017esk\u00e9 m\u00fazeum v \u017diline je region\u00e1lne m\u00fazeum so s\u00eddlom v Budat\u00edne. Jeho expoz\u00edcie s\u00fa zameran\u00e9 na dejiny slovensk\u00e9ho umenia, kult\u00fary a dopravy.","publisher":{"@id":"https:\/\/pmza.sk\/#organization"},"potentialAction":[{"@type":"SearchAction","target":{"@type":"EntryPoint","urlTemplate":"https:\/\/pmza.sk\/?s={search_term_string}"},"query-input":{"@type":"PropertyValueSpecification","valueRequired":true,"valueName":"search_term_string"}}],"inLanguage":"sk-SK"},{"@type":"Organization","@id":"https:\/\/pmza.sk\/#organization","name":"Pova\u017esk\u00e9 m\u00fazeum","url":"https:\/\/pmza.sk\/","logo":{"@type":"ImageObject","inLanguage":"sk-SK","@id":"https:\/\/pmza.sk\/#\/schema\/logo\/image\/","url":"https:\/\/pmza.sk\/wp-content\/uploads\/2022\/01\/logo_PM_horizontal.jpg","contentUrl":"https:\/\/pmza.sk\/wp-content\/uploads\/2022\/01\/logo_PM_horizontal.jpg","width":231,"height":142,"caption":"Pova\u017esk\u00e9 m\u00fazeum"},"image":{"@id":"https:\/\/pmza.sk\/#\/schema\/logo\/image\/"},"sameAs":["https:\/\/www.facebook.com\/povazskemuzeum","https:\/\/www.instagram.com\/povazskemuzeum\/"]},{"@type":"Person","@id":"https:\/\/pmza.sk\/#\/schema\/person\/595e6a2ce731ea94dcd5d7f50a41ae33","name":"Pova\u017esk\u00e9 m\u00fazeum","image":{"@type":"ImageObject","inLanguage":"sk-SK","@id":"https:\/\/secure.gravatar.com\/avatar\/2bb7f1561282132fb5826dfeccc66c7996d11ee392ac6aaf7ced8a1c2027fbb2?s=96&d=mm&r=g","url":"https:\/\/secure.gravatar.com\/avatar\/2bb7f1561282132fb5826dfeccc66c7996d11ee392ac6aaf7ced8a1c2027fbb2?s=96&d=mm&r=g","contentUrl":"https:\/\/secure.gravatar.com\/avatar\/2bb7f1561282132fb5826dfeccc66c7996d11ee392ac6aaf7ced8a1c2027fbb2?s=96&d=mm&r=g","caption":"Pova\u017esk\u00e9 m\u00fazeum"}}]}},"_links":{"self":[{"href":"https:\/\/pmza.sk\/index.php?rest_route=\/wp\/v2\/posts\/50073","targetHints":{"allow":["GET"]}}],"collection":[{"href":"https:\/\/pmza.sk\/index.php?rest_route=\/wp\/v2\/posts"}],"about":[{"href":"https:\/\/pmza.sk\/index.php?rest_route=\/wp\/v2\/types\/post"}],"author":[{"embeddable":true,"href":"https:\/\/pmza.sk\/index.php?rest_route=\/wp\/v2\/users\/2"}],"replies":[{"embeddable":true,"href":"https:\/\/pmza.sk\/index.php?rest_route=%2Fwp%2Fv2%2Fcomments&post=50073"}],"version-history":[{"count":0,"href":"https:\/\/pmza.sk\/index.php?rest_route=\/wp\/v2\/posts\/50073\/revisions"}],"wp:featuredmedia":[{"embeddable":true,"href":"https:\/\/pmza.sk\/index.php?rest_route=\/wp\/v2\/media\/50070"}],"wp:attachment":[{"href":"https:\/\/pmza.sk\/index.php?rest_route=%2Fwp%2Fv2%2Fmedia&parent=50073"}],"wp:term":[{"taxonomy":"category","embeddable":true,"href":"https:\/\/pmza.sk\/index.php?rest_route=%2Fwp%2Fv2%2Fcategories&post=50073"},{"taxonomy":"post_tag","embeddable":true,"href":"https:\/\/pmza.sk\/index.php?rest_route=%2Fwp%2Fv2%2Ftags&post=50073"}],"curies":[{"name":"wp","href":"https:\/\/api.w.org\/{rel}","templated":true}]}}