{"id":50222,"date":"2022-03-09T08:07:54","date_gmt":"2022-03-09T07:07:54","guid":{"rendered":"https:\/\/pmza.sk\/?p=50222"},"modified":"2022-10-19T07:47:45","modified_gmt":"2022-10-19T05:47:45","slug":"remeslo-ma-modre-dno","status":"publish","type":"post","link":"https:\/\/pmza.sk\/?p=50222","title":{"rendered":"Remeslo m\u00e1 modr\u00e9 dno"},"content":{"rendered":"<p>Pova\u017esk\u00e9 m\u00fazeum bude v\u00a0Sob\u00e1\u0161nom pal\u00e1ci v\u00a0Byt\u010di prezentova\u0165 v\u00fdstavu Remeslo m\u00e1 modr\u00e9 dno. Je to jedna z\u00a0naj\u00faspe\u0161nej\u0161\u00edch v\u00fdstav V\u00fdchodoslovensk\u00e9ho m\u00fazea v\u00a0Ko\u0161iciach, ktor\u00e1 sa venuje v\u00fdvoju a preh\u013eadu remesla modrotla\u010de na na\u0161om \u00fazem\u00ed od 18. do 21. storo\u010dia.<\/p>\n<p><em>\u201eOkrem pestrej \u0161k\u00e1ly modrotla\u010dovej \u00a0tvorby z v\u00fdchodn\u00e9ho a stredn\u00e9ho Slovenska, n\u00e1v\u0161tevn\u00edci bud\u00fa m\u00f4c\u0165 vidie\u0165 aj modrotla\u010diarsku diel\u0148u doplnen\u00fa pestr\u00fdmi uk\u00e1\u017ekami dreven\u00fdch foriem zo zaniknut\u00fdch dieln\u00ed. Popri uk\u00e1\u017eke modrotla\u010dov\u00fdch vzorkovn\u00edkov s\u00fa na v\u00fdstave zast\u00fapen\u00e9 aj viacer\u00e9 uk\u00e1\u017eky modrotla\u010de na \u017eenskom odeve\u00a0 z\u00a0vybran\u00fdch slovensk\u00fdch regi\u00f3nov. Ur\u010dite zaujme prepracovanos\u0165 a grafick\u00e1 prec\u00edznos\u0165 modrotla\u010dov\u00e9ho vzoru vzkriesenie Krista na textile z roku\u00a01768, ktor\u00fd sa stal in\u0161pir\u00e1ciou pre s\u00fa\u010dasn\u00fdch modrotla\u010dov\u00fdch n\u00e1vrh\u00e1rov. Z\u00a0h\u013eadiska v\u00fdberu mot\u00edvu na modrotla\u010dov\u00fdch form\u00e1ch up\u00fata rokokov\u00e1 forma Adama a\u00a0Evy svojou charakteristickou kompoz\u00edciou,\u201c<\/em> pribl\u00ed\u017eila autorka \u013dudmila Mitrov\u00e1 z\u00a0V\u00fdchodoslovensk\u00e9ho m\u00fazea v\u00a0Ko\u0161iciach.<\/p>\n<p>Modrotla\u010d sa st\u00e1va vyh\u013ead\u00e1vanou a znovu n\u00e1jdenou tradi\u010dnou technikou v 21. storo\u010d\u00ed. S\u00fa\u010das\u0165ou v\u00fdstavy bud\u00fa s\u00fa\u010dasn\u00e9 modern\u00e9 l\u00e1tky modrotla\u010diarov Petra Trnku a Mateja Rabadu a taktie\u017e tvorba m\u00f3dnych dizajn\u00e9rok Jany Gavalcovej a Mi\u0161eny Juh\u00e1sz. Z\u00e1ujemcovia si bud\u00fa m\u00f4c\u0165 odnies\u0165 nielen estetick\u00fd z\u00e1\u017eitok z v\u00fdstavy, ale i hodnotn\u00fd suven\u00edr vo forme m\u00f3dnych doplnkov, \u00a0\u0161perkov, bro\u0161n\u00ed \u010di keramick\u00fdch v\u00fdrobkov\u00a0 navrhnut\u00fdch \u00a0\u0161peci\u00e1lne k v\u00fdstave. <em>\u201eTe\u0161\u00ed n\u00e1s, \u017ee v priestoroch Sob\u00e1\u0161neho pal\u00e1ca bude in\u0161talovan\u00e1 \u00a0pr\u00e1ve t\u00e1to v\u00fdnimo\u010dn\u00e1 v\u00fdstava. N\u00e1v\u0161tevn\u00edci tak bud\u00fa po\u010das prehliadky renesan\u010dnej stavby obdivova\u0165 aj <\/em><em>vy\u0161e 500 zbierkov\u00fdch predmetov s\u00a0modrotla\u010dovou tematikou. Cez hlavn\u00fa sez\u00f3nu pripravujeme p\u00fatav\u00e9<\/em><em> sprievodn\u00e9 podujatia so slovensk\u00fdmi modrotla\u010diarmi. Ch\u00fdba\u0165 nebud\u00fa ani tvoriv\u00e9 dielne zameran\u00e9 \u0161peci\u00e1lne pre deti a \u0161kolsk\u00e9 zariadenia,\u201c<\/em> poz\u00fdva spr\u00e1vky\u0148a Sob\u00e1\u0161neho pal\u00e1ca Andrea Tur\u010d\u00e1kov\u00e1.<\/p>\n<p>V\u00fdstava Remeslo m\u00e1 modr\u00e9 dno bude v Sob\u00e1\u0161nom pal\u00e1ci v Byt\u010di pr\u00edstupn\u00e1 od 16. marca do 26. septembra 2022 po\u010das be\u017en\u00fdch otv\u00e1rac\u00edch hod\u00edn.<\/p>\n<p><img fetchpriority=\"high\" decoding=\"async\" class=\"alignnone wp-image-50267\" src=\"https:\/\/pmza.sk\/wp-content\/uploads\/2022\/03\/Remeslo-Bytca_plagat-A4_up_web-255x360.jpg\" alt=\"\" width=\"386\" height=\"545\" srcset=\"https:\/\/pmza.sk\/wp-content\/uploads\/2022\/03\/Remeslo-Bytca_plagat-A4_up_web-255x360.jpg 255w, https:\/\/pmza.sk\/wp-content\/uploads\/2022\/03\/Remeslo-Bytca_plagat-A4_up_web-520x736.jpg 520w, https:\/\/pmza.sk\/wp-content\/uploads\/2022\/03\/Remeslo-Bytca_plagat-A4_up_web-768x1086.jpg 768w, https:\/\/pmza.sk\/wp-content\/uploads\/2022\/03\/Remeslo-Bytca_plagat-A4_up_web-1086x1536.jpg 1086w, https:\/\/pmza.sk\/wp-content\/uploads\/2022\/03\/Remeslo-Bytca_plagat-A4_up_web-600x849.jpg 600w, https:\/\/pmza.sk\/wp-content\/uploads\/2022\/03\/Remeslo-Bytca_plagat-A4_up_web.jpg 1240w\" sizes=\"(max-width: 386px) 100vw, 386px\" \/><\/p>\n<p>&nbsp;<\/p>\n","protected":false},"excerpt":{"rendered":"<p>Pova\u017esk\u00e9 m\u00fazeum bude v\u00a0Sob\u00e1\u0161nom pal\u00e1ci v\u00a0Byt\u010di prezentova\u0165 v\u00fdstavu Remeslo m\u00e1 modr\u00e9 dno. Je to jedna z\u00a0naj\u00faspe\u0161nej\u0161\u00edch v\u00fdstav V\u00fdchodoslovensk\u00e9ho m\u00fazea v\u00a0Ko\u0161iciach, ktor\u00e1 sa venuje v\u00fdvoju a preh\u013eadu remesla modrotla\u010de na na\u0161om \u00fazem\u00ed od 18. do 21. storo\u010dia. \u201eOkrem pestrej \u0161k\u00e1ly modrotla\u010dovej \u00a0tvorby z v\u00fdchodn\u00e9ho a stredn\u00e9ho Slovenska, n\u00e1v\u0161tevn\u00edci bud\u00fa m\u00f4c\u0165 vidie\u0165 aj modrotla\u010diarsku diel\u0148u doplnen\u00fa pestr\u00fdmi [&hellip;]<\/p>\n","protected":false},"author":2,"featured_media":50224,"comment_status":"open","ping_status":"open","sticky":false,"template":"","format":"standard","meta":{"site-sidebar-layout":"default","site-content-layout":"default","ast-site-content-layout":"","site-content-style":"default","site-sidebar-style":"default","ast-global-header-display":"","ast-banner-title-visibility":"","ast-main-header-display":"","ast-hfb-above-header-display":"","ast-hfb-below-header-display":"","ast-hfb-mobile-header-display":"","site-post-title":"","ast-breadcrumbs-content":"","ast-featured-img":"","footer-sml-layout":"","theme-transparent-header-meta":"default","adv-header-id-meta":"","stick-header-meta":"default","header-above-stick-meta":"","header-main-stick-meta":"","header-below-stick-meta":"","astra-migrate-meta-layouts":"default","ast-page-background-enabled":"default","ast-page-background-meta":{"desktop":{"background-color":"var(--ast-global-color-4)","background-image":"","background-repeat":"repeat","background-position":"center center","background-size":"auto","background-attachment":"scroll","background-type":"","background-media":"","overlay-type":"","overlay-color":"","overlay-opacity":"","overlay-gradient":""},"tablet":{"background-color":"","background-image":"","background-repeat":"repeat","background-position":"center center","background-size":"auto","background-attachment":"scroll","background-type":"","background-media":"","overlay-type":"","overlay-color":"","overlay-opacity":"","overlay-gradient":""},"mobile":{"background-color":"","background-image":"","background-repeat":"repeat","background-position":"center center","background-size":"auto","background-attachment":"scroll","background-type":"","background-media":"","overlay-type":"","overlay-color":"","overlay-opacity":"","overlay-gradient":""}},"ast-content-background-meta":{"desktop":{"background-color":"var(--ast-global-color-5)","background-image":"","background-repeat":"repeat","background-position":"center center","background-size":"auto","background-attachment":"scroll","background-type":"","background-media":"","overlay-type":"","overlay-color":"","overlay-opacity":"","overlay-gradient":""},"tablet":{"background-color":"var(--ast-global-color-5)","background-image":"","background-repeat":"repeat","background-position":"center center","background-size":"auto","background-attachment":"scroll","background-type":"","background-media":"","overlay-type":"","overlay-color":"","overlay-opacity":"","overlay-gradient":""},"mobile":{"background-color":"var(--ast-global-color-5)","background-image":"","background-repeat":"repeat","background-position":"center center","background-size":"auto","background-attachment":"scroll","background-type":"","background-media":"","overlay-type":"","overlay-color":"","overlay-opacity":"","overlay-gradient":""}},"footnotes":""},"categories":[72],"tags":[],"class_list":["post-50222","post","type-post","status-publish","format-standard","has-post-thumbnail","hentry","category-vystavy"],"yoast_head":"<!-- This site is optimized with the Yoast SEO plugin v27.4 - https:\/\/yoast.com\/product\/yoast-seo-wordpress\/ -->\n<title>Remeslo m\u00e1 modr\u00e9 dno - Pova\u017esk\u00e9 m\u00fazeum<\/title>\n<meta name=\"description\" content=\"Pova\u017esk\u00e9 m\u00fazeum bude v\u00a0Sob\u00e1\u0161nom pal\u00e1ci v\u00a0Byt\u010di prezentova\u0165 v\u00fdstavu Remeslo m\u00e1 modr\u00e9 dno. Je to jedna z\u00a0naj\u00faspe\u0161nej\u0161\u00edch v\u00fdstav V\u00fdchodoslovensk\u00e9ho m\u00fazea v\u00a0Ko\u0161iciach, ktor\u00e1 sa venuje v\u00fdvoju a preh\u013eadu remesla modrotla\u010de na na\u0161om \u00fazem\u00ed od 18. do 21. storo\u010dia.\" \/>\n<meta name=\"robots\" content=\"index, follow, max-snippet:-1, max-image-preview:large, max-video-preview:-1\" \/>\n<link rel=\"canonical\" href=\"https:\/\/pmza.sk\/?p=50222\" \/>\n<meta property=\"og:locale\" content=\"sk_SK\" \/>\n<meta property=\"og:type\" content=\"article\" \/>\n<meta property=\"og:title\" content=\"Remeslo m\u00e1 modr\u00e9 dno - Pova\u017esk\u00e9 m\u00fazeum\" \/>\n<meta property=\"og:description\" content=\"Pova\u017esk\u00e9 m\u00fazeum bude v\u00a0Sob\u00e1\u0161nom pal\u00e1ci v\u00a0Byt\u010di prezentova\u0165 v\u00fdstavu Remeslo m\u00e1 modr\u00e9 dno. Je to jedna z\u00a0naj\u00faspe\u0161nej\u0161\u00edch v\u00fdstav V\u00fdchodoslovensk\u00e9ho m\u00fazea v\u00a0Ko\u0161iciach, ktor\u00e1 sa venuje v\u00fdvoju a preh\u013eadu remesla modrotla\u010de na na\u0161om \u00fazem\u00ed od 18. do 21. storo\u010dia.\" \/>\n<meta property=\"og:url\" content=\"https:\/\/pmza.sk\/?p=50222\" \/>\n<meta property=\"og:site_name\" content=\"Pova\u017esk\u00e9 m\u00fazeum\" \/>\n<meta property=\"article:publisher\" content=\"https:\/\/www.facebook.com\/povazskemuzeum\" \/>\n<meta property=\"article:published_time\" content=\"2022-03-09T07:07:54+00:00\" \/>\n<meta property=\"article:modified_time\" content=\"2022-10-19T05:47:45+00:00\" \/>\n<meta property=\"og:image\" content=\"https:\/\/pmza.sk\/wp-content\/uploads\/2022\/03\/vystava-Modrotlac-2-web.jpg\" \/>\n\t<meta property=\"og:image:width\" content=\"1024\" \/>\n\t<meta property=\"og:image:height\" content=\"683\" \/>\n\t<meta property=\"og:image:type\" content=\"image\/jpeg\" \/>\n<meta name=\"author\" content=\"Pova\u017esk\u00e9 m\u00fazeum\" \/>\n<meta name=\"twitter:card\" content=\"summary_large_image\" \/>\n<meta name=\"twitter:label1\" content=\"Autor\" \/>\n\t<meta name=\"twitter:data1\" content=\"Pova\u017esk\u00e9 m\u00fazeum\" \/>\n\t<meta name=\"twitter:label2\" content=\"Predpokladan\u00fd \u010das \u010d\u00edtania\" \/>\n\t<meta name=\"twitter:data2\" content=\"2 min\u00faty\" \/>\n<script type=\"application\/ld+json\" class=\"yoast-schema-graph\">{\"@context\":\"https:\\\/\\\/schema.org\",\"@graph\":[{\"@type\":\"Article\",\"@id\":\"https:\\\/\\\/pmza.sk\\\/?p=50222#article\",\"isPartOf\":{\"@id\":\"https:\\\/\\\/pmza.sk\\\/?p=50222\"},\"author\":{\"name\":\"Pova\u017esk\u00e9 m\u00fazeum\",\"@id\":\"https:\\\/\\\/pmza.sk\\\/#\\\/schema\\\/person\\\/595e6a2ce731ea94dcd5d7f50a41ae33\"},\"headline\":\"Remeslo m\u00e1 modr\u00e9 dno\",\"datePublished\":\"2022-03-09T07:07:54+00:00\",\"dateModified\":\"2022-10-19T05:47:45+00:00\",\"mainEntityOfPage\":{\"@id\":\"https:\\\/\\\/pmza.sk\\\/?p=50222\"},\"wordCount\":407,\"commentCount\":2,\"publisher\":{\"@id\":\"https:\\\/\\\/pmza.sk\\\/#organization\"},\"image\":{\"@id\":\"https:\\\/\\\/pmza.sk\\\/?p=50222#primaryimage\"},\"thumbnailUrl\":\"https:\\\/\\\/pmza.sk\\\/wp-content\\\/uploads\\\/2022\\\/03\\\/vystava-Modrotlac-2-web.jpg\",\"articleSection\":[\"V\u00fdstavy\"],\"inLanguage\":\"sk-SK\"},{\"@type\":\"WebPage\",\"@id\":\"https:\\\/\\\/pmza.sk\\\/?p=50222\",\"url\":\"https:\\\/\\\/pmza.sk\\\/?p=50222\",\"name\":\"Remeslo m\u00e1 modr\u00e9 dno - Pova\u017esk\u00e9 m\u00fazeum\",\"isPartOf\":{\"@id\":\"https:\\\/\\\/pmza.sk\\\/#website\"},\"primaryImageOfPage\":{\"@id\":\"https:\\\/\\\/pmza.sk\\\/?p=50222#primaryimage\"},\"image\":{\"@id\":\"https:\\\/\\\/pmza.sk\\\/?p=50222#primaryimage\"},\"thumbnailUrl\":\"https:\\\/\\\/pmza.sk\\\/wp-content\\\/uploads\\\/2022\\\/03\\\/vystava-Modrotlac-2-web.jpg\",\"datePublished\":\"2022-03-09T07:07:54+00:00\",\"dateModified\":\"2022-10-19T05:47:45+00:00\",\"description\":\"Pova\u017esk\u00e9 m\u00fazeum bude v\u00a0Sob\u00e1\u0161nom pal\u00e1ci v\u00a0Byt\u010di prezentova\u0165 v\u00fdstavu Remeslo m\u00e1 modr\u00e9 dno. Je to jedna z\u00a0naj\u00faspe\u0161nej\u0161\u00edch v\u00fdstav V\u00fdchodoslovensk\u00e9ho m\u00fazea v\u00a0Ko\u0161iciach, ktor\u00e1 sa venuje v\u00fdvoju a preh\u013eadu remesla modrotla\u010de na na\u0161om \u00fazem\u00ed od 18. do 21. storo\u010dia.\",\"breadcrumb\":{\"@id\":\"https:\\\/\\\/pmza.sk\\\/?p=50222#breadcrumb\"},\"inLanguage\":\"sk-SK\",\"potentialAction\":[{\"@type\":\"ReadAction\",\"target\":[\"https:\\\/\\\/pmza.sk\\\/?p=50222\"]}]},{\"@type\":\"ImageObject\",\"inLanguage\":\"sk-SK\",\"@id\":\"https:\\\/\\\/pmza.sk\\\/?p=50222#primaryimage\",\"url\":\"https:\\\/\\\/pmza.sk\\\/wp-content\\\/uploads\\\/2022\\\/03\\\/vystava-Modrotlac-2-web.jpg\",\"contentUrl\":\"https:\\\/\\\/pmza.sk\\\/wp-content\\\/uploads\\\/2022\\\/03\\\/vystava-Modrotlac-2-web.jpg\",\"width\":1024,\"height\":683,\"caption\":\"z\u00e1ber z v\u00fdstavy\"},{\"@type\":\"BreadcrumbList\",\"@id\":\"https:\\\/\\\/pmza.sk\\\/?p=50222#breadcrumb\",\"itemListElement\":[{\"@type\":\"ListItem\",\"position\":1,\"name\":\"Domovsk\u00e1 str\u00e1nka\",\"item\":\"https:\\\/\\\/pmza.sk\\\/\"},{\"@type\":\"ListItem\",\"position\":2,\"name\":\"Remeslo m\u00e1 modr\u00e9 dno\"}]},{\"@type\":\"WebSite\",\"@id\":\"https:\\\/\\\/pmza.sk\\\/#website\",\"url\":\"https:\\\/\\\/pmza.sk\\\/\",\"name\":\"Pova\u017esk\u00e9 m\u00fazeum\",\"description\":\"Pova\u017esk\u00e9 m\u00fazeum v \u017diline je region\u00e1lne m\u00fazeum so s\u00eddlom v Budat\u00edne. Jeho expoz\u00edcie s\u00fa zameran\u00e9 na dejiny slovensk\u00e9ho umenia, kult\u00fary a dopravy.\",\"publisher\":{\"@id\":\"https:\\\/\\\/pmza.sk\\\/#organization\"},\"potentialAction\":[{\"@type\":\"SearchAction\",\"target\":{\"@type\":\"EntryPoint\",\"urlTemplate\":\"https:\\\/\\\/pmza.sk\\\/?s={search_term_string}\"},\"query-input\":{\"@type\":\"PropertyValueSpecification\",\"valueRequired\":true,\"valueName\":\"search_term_string\"}}],\"inLanguage\":\"sk-SK\"},{\"@type\":\"Organization\",\"@id\":\"https:\\\/\\\/pmza.sk\\\/#organization\",\"name\":\"Pova\u017esk\u00e9 m\u00fazeum\",\"url\":\"https:\\\/\\\/pmza.sk\\\/\",\"logo\":{\"@type\":\"ImageObject\",\"inLanguage\":\"sk-SK\",\"@id\":\"https:\\\/\\\/pmza.sk\\\/#\\\/schema\\\/logo\\\/image\\\/\",\"url\":\"https:\\\/\\\/pmza.sk\\\/wp-content\\\/uploads\\\/2022\\\/01\\\/logo_PM_horizontal.jpg\",\"contentUrl\":\"https:\\\/\\\/pmza.sk\\\/wp-content\\\/uploads\\\/2022\\\/01\\\/logo_PM_horizontal.jpg\",\"width\":231,\"height\":142,\"caption\":\"Pova\u017esk\u00e9 m\u00fazeum\"},\"image\":{\"@id\":\"https:\\\/\\\/pmza.sk\\\/#\\\/schema\\\/logo\\\/image\\\/\"},\"sameAs\":[\"https:\\\/\\\/www.facebook.com\\\/povazskemuzeum\",\"https:\\\/\\\/www.instagram.com\\\/povazskemuzeum\\\/\"]},{\"@type\":\"Person\",\"@id\":\"https:\\\/\\\/pmza.sk\\\/#\\\/schema\\\/person\\\/595e6a2ce731ea94dcd5d7f50a41ae33\",\"name\":\"Pova\u017esk\u00e9 m\u00fazeum\",\"image\":{\"@type\":\"ImageObject\",\"inLanguage\":\"sk-SK\",\"@id\":\"https:\\\/\\\/secure.gravatar.com\\\/avatar\\\/2bb7f1561282132fb5826dfeccc66c7996d11ee392ac6aaf7ced8a1c2027fbb2?s=96&d=mm&r=g\",\"url\":\"https:\\\/\\\/secure.gravatar.com\\\/avatar\\\/2bb7f1561282132fb5826dfeccc66c7996d11ee392ac6aaf7ced8a1c2027fbb2?s=96&d=mm&r=g\",\"contentUrl\":\"https:\\\/\\\/secure.gravatar.com\\\/avatar\\\/2bb7f1561282132fb5826dfeccc66c7996d11ee392ac6aaf7ced8a1c2027fbb2?s=96&d=mm&r=g\",\"caption\":\"Pova\u017esk\u00e9 m\u00fazeum\"}}]}<\/script>\n<!-- \/ Yoast SEO plugin. -->","yoast_head_json":{"title":"Remeslo m\u00e1 modr\u00e9 dno - Pova\u017esk\u00e9 m\u00fazeum","description":"Pova\u017esk\u00e9 m\u00fazeum bude v\u00a0Sob\u00e1\u0161nom pal\u00e1ci v\u00a0Byt\u010di prezentova\u0165 v\u00fdstavu Remeslo m\u00e1 modr\u00e9 dno. Je to jedna z\u00a0naj\u00faspe\u0161nej\u0161\u00edch v\u00fdstav V\u00fdchodoslovensk\u00e9ho m\u00fazea v\u00a0Ko\u0161iciach, ktor\u00e1 sa venuje v\u00fdvoju a preh\u013eadu remesla modrotla\u010de na na\u0161om \u00fazem\u00ed od 18. do 21. storo\u010dia.","robots":{"index":"index","follow":"follow","max-snippet":"max-snippet:-1","max-image-preview":"max-image-preview:large","max-video-preview":"max-video-preview:-1"},"canonical":"https:\/\/pmza.sk\/?p=50222","og_locale":"sk_SK","og_type":"article","og_title":"Remeslo m\u00e1 modr\u00e9 dno - Pova\u017esk\u00e9 m\u00fazeum","og_description":"Pova\u017esk\u00e9 m\u00fazeum bude v\u00a0Sob\u00e1\u0161nom pal\u00e1ci v\u00a0Byt\u010di prezentova\u0165 v\u00fdstavu Remeslo m\u00e1 modr\u00e9 dno. Je to jedna z\u00a0naj\u00faspe\u0161nej\u0161\u00edch v\u00fdstav V\u00fdchodoslovensk\u00e9ho m\u00fazea v\u00a0Ko\u0161iciach, ktor\u00e1 sa venuje v\u00fdvoju a preh\u013eadu remesla modrotla\u010de na na\u0161om \u00fazem\u00ed od 18. do 21. storo\u010dia.","og_url":"https:\/\/pmza.sk\/?p=50222","og_site_name":"Pova\u017esk\u00e9 m\u00fazeum","article_publisher":"https:\/\/www.facebook.com\/povazskemuzeum","article_published_time":"2022-03-09T07:07:54+00:00","article_modified_time":"2022-10-19T05:47:45+00:00","og_image":[{"width":1024,"height":683,"url":"https:\/\/pmza.sk\/wp-content\/uploads\/2022\/03\/vystava-Modrotlac-2-web.jpg","type":"image\/jpeg"}],"author":"Pova\u017esk\u00e9 m\u00fazeum","twitter_card":"summary_large_image","twitter_misc":{"Autor":"Pova\u017esk\u00e9 m\u00fazeum","Predpokladan\u00fd \u010das \u010d\u00edtania":"2 min\u00faty"},"schema":{"@context":"https:\/\/schema.org","@graph":[{"@type":"Article","@id":"https:\/\/pmza.sk\/?p=50222#article","isPartOf":{"@id":"https:\/\/pmza.sk\/?p=50222"},"author":{"name":"Pova\u017esk\u00e9 m\u00fazeum","@id":"https:\/\/pmza.sk\/#\/schema\/person\/595e6a2ce731ea94dcd5d7f50a41ae33"},"headline":"Remeslo m\u00e1 modr\u00e9 dno","datePublished":"2022-03-09T07:07:54+00:00","dateModified":"2022-10-19T05:47:45+00:00","mainEntityOfPage":{"@id":"https:\/\/pmza.sk\/?p=50222"},"wordCount":407,"commentCount":2,"publisher":{"@id":"https:\/\/pmza.sk\/#organization"},"image":{"@id":"https:\/\/pmza.sk\/?p=50222#primaryimage"},"thumbnailUrl":"https:\/\/pmza.sk\/wp-content\/uploads\/2022\/03\/vystava-Modrotlac-2-web.jpg","articleSection":["V\u00fdstavy"],"inLanguage":"sk-SK"},{"@type":"WebPage","@id":"https:\/\/pmza.sk\/?p=50222","url":"https:\/\/pmza.sk\/?p=50222","name":"Remeslo m\u00e1 modr\u00e9 dno - Pova\u017esk\u00e9 m\u00fazeum","isPartOf":{"@id":"https:\/\/pmza.sk\/#website"},"primaryImageOfPage":{"@id":"https:\/\/pmza.sk\/?p=50222#primaryimage"},"image":{"@id":"https:\/\/pmza.sk\/?p=50222#primaryimage"},"thumbnailUrl":"https:\/\/pmza.sk\/wp-content\/uploads\/2022\/03\/vystava-Modrotlac-2-web.jpg","datePublished":"2022-03-09T07:07:54+00:00","dateModified":"2022-10-19T05:47:45+00:00","description":"Pova\u017esk\u00e9 m\u00fazeum bude v\u00a0Sob\u00e1\u0161nom pal\u00e1ci v\u00a0Byt\u010di prezentova\u0165 v\u00fdstavu Remeslo m\u00e1 modr\u00e9 dno. Je to jedna z\u00a0naj\u00faspe\u0161nej\u0161\u00edch v\u00fdstav V\u00fdchodoslovensk\u00e9ho m\u00fazea v\u00a0Ko\u0161iciach, ktor\u00e1 sa venuje v\u00fdvoju a preh\u013eadu remesla modrotla\u010de na na\u0161om \u00fazem\u00ed od 18. do 21. storo\u010dia.","breadcrumb":{"@id":"https:\/\/pmza.sk\/?p=50222#breadcrumb"},"inLanguage":"sk-SK","potentialAction":[{"@type":"ReadAction","target":["https:\/\/pmza.sk\/?p=50222"]}]},{"@type":"ImageObject","inLanguage":"sk-SK","@id":"https:\/\/pmza.sk\/?p=50222#primaryimage","url":"https:\/\/pmza.sk\/wp-content\/uploads\/2022\/03\/vystava-Modrotlac-2-web.jpg","contentUrl":"https:\/\/pmza.sk\/wp-content\/uploads\/2022\/03\/vystava-Modrotlac-2-web.jpg","width":1024,"height":683,"caption":"z\u00e1ber z v\u00fdstavy"},{"@type":"BreadcrumbList","@id":"https:\/\/pmza.sk\/?p=50222#breadcrumb","itemListElement":[{"@type":"ListItem","position":1,"name":"Domovsk\u00e1 str\u00e1nka","item":"https:\/\/pmza.sk\/"},{"@type":"ListItem","position":2,"name":"Remeslo m\u00e1 modr\u00e9 dno"}]},{"@type":"WebSite","@id":"https:\/\/pmza.sk\/#website","url":"https:\/\/pmza.sk\/","name":"Pova\u017esk\u00e9 m\u00fazeum","description":"Pova\u017esk\u00e9 m\u00fazeum v \u017diline je region\u00e1lne m\u00fazeum so s\u00eddlom v Budat\u00edne. Jeho expoz\u00edcie s\u00fa zameran\u00e9 na dejiny slovensk\u00e9ho umenia, kult\u00fary a dopravy.","publisher":{"@id":"https:\/\/pmza.sk\/#organization"},"potentialAction":[{"@type":"SearchAction","target":{"@type":"EntryPoint","urlTemplate":"https:\/\/pmza.sk\/?s={search_term_string}"},"query-input":{"@type":"PropertyValueSpecification","valueRequired":true,"valueName":"search_term_string"}}],"inLanguage":"sk-SK"},{"@type":"Organization","@id":"https:\/\/pmza.sk\/#organization","name":"Pova\u017esk\u00e9 m\u00fazeum","url":"https:\/\/pmza.sk\/","logo":{"@type":"ImageObject","inLanguage":"sk-SK","@id":"https:\/\/pmza.sk\/#\/schema\/logo\/image\/","url":"https:\/\/pmza.sk\/wp-content\/uploads\/2022\/01\/logo_PM_horizontal.jpg","contentUrl":"https:\/\/pmza.sk\/wp-content\/uploads\/2022\/01\/logo_PM_horizontal.jpg","width":231,"height":142,"caption":"Pova\u017esk\u00e9 m\u00fazeum"},"image":{"@id":"https:\/\/pmza.sk\/#\/schema\/logo\/image\/"},"sameAs":["https:\/\/www.facebook.com\/povazskemuzeum","https:\/\/www.instagram.com\/povazskemuzeum\/"]},{"@type":"Person","@id":"https:\/\/pmza.sk\/#\/schema\/person\/595e6a2ce731ea94dcd5d7f50a41ae33","name":"Pova\u017esk\u00e9 m\u00fazeum","image":{"@type":"ImageObject","inLanguage":"sk-SK","@id":"https:\/\/secure.gravatar.com\/avatar\/2bb7f1561282132fb5826dfeccc66c7996d11ee392ac6aaf7ced8a1c2027fbb2?s=96&d=mm&r=g","url":"https:\/\/secure.gravatar.com\/avatar\/2bb7f1561282132fb5826dfeccc66c7996d11ee392ac6aaf7ced8a1c2027fbb2?s=96&d=mm&r=g","contentUrl":"https:\/\/secure.gravatar.com\/avatar\/2bb7f1561282132fb5826dfeccc66c7996d11ee392ac6aaf7ced8a1c2027fbb2?s=96&d=mm&r=g","caption":"Pova\u017esk\u00e9 m\u00fazeum"}}]}},"_links":{"self":[{"href":"https:\/\/pmza.sk\/index.php?rest_route=\/wp\/v2\/posts\/50222","targetHints":{"allow":["GET"]}}],"collection":[{"href":"https:\/\/pmza.sk\/index.php?rest_route=\/wp\/v2\/posts"}],"about":[{"href":"https:\/\/pmza.sk\/index.php?rest_route=\/wp\/v2\/types\/post"}],"author":[{"embeddable":true,"href":"https:\/\/pmza.sk\/index.php?rest_route=\/wp\/v2\/users\/2"}],"replies":[{"embeddable":true,"href":"https:\/\/pmza.sk\/index.php?rest_route=%2Fwp%2Fv2%2Fcomments&post=50222"}],"version-history":[{"count":0,"href":"https:\/\/pmza.sk\/index.php?rest_route=\/wp\/v2\/posts\/50222\/revisions"}],"wp:featuredmedia":[{"embeddable":true,"href":"https:\/\/pmza.sk\/index.php?rest_route=\/wp\/v2\/media\/50224"}],"wp:attachment":[{"href":"https:\/\/pmza.sk\/index.php?rest_route=%2Fwp%2Fv2%2Fmedia&parent=50222"}],"wp:term":[{"taxonomy":"category","embeddable":true,"href":"https:\/\/pmza.sk\/index.php?rest_route=%2Fwp%2Fv2%2Fcategories&post=50222"},{"taxonomy":"post_tag","embeddable":true,"href":"https:\/\/pmza.sk\/index.php?rest_route=%2Fwp%2Fv2%2Ftags&post=50222"}],"curies":[{"name":"wp","href":"https:\/\/api.w.org\/{rel}","templated":true}]}}