{"id":50230,"date":"2022-03-09T08:46:53","date_gmt":"2022-03-09T07:46:53","guid":{"rendered":"https:\/\/pmza.sk\/?p=50230"},"modified":"2022-06-09T10:32:58","modified_gmt":"2022-06-09T08:32:58","slug":"muzeum-pre-vas-jazda-storociami","status":"publish","type":"post","link":"https:\/\/pmza.sk\/?p=50230","title":{"rendered":"M\u00fazeum pre v\u00e1s: Jazda storo\u010diami"},"content":{"rendered":"<p>Marcov\u00e9 podujatie z\u00a0cyklu M\u00fazeum pre V\u00e1s bude venovan\u00e9 dejin\u00e1m dopravy. Z\u00e1ujemcovia sa m\u00f4\u017eu v\u00a0utorok 22. 3. o\u00a016.00 \u00a0te\u0161i\u0165 na besedu s\u00a0historikom Pova\u017esk\u00e9ho m\u00fazea Mgr. Petrom \u0160imkom, PhD., ktor\u00fd im v\u00a0priestoroch Budat\u00ednskeho hradu predstav\u00ed svoju najnov\u0161iu publik\u00e1ciu Jazda storo\u010diami. T\u00e1 je ur\u010den\u00e1 odbornej i\u00a0laickej verejnosti a\u00a0ur\u010dite pote\u0161\u00ed nielen nad\u0161encov hist\u00f3rie dopravy. \u010citate\u013ea pril\u00e1ka rovnako vzh\u013eadom ako aj obsahom. Na viac ako 200 stran\u00e1ch sa dozvie sa mno\u017estvo zauj\u00edmav\u00fdch inform\u00e1ci\u00ed, poodhal\u00ed pr\u00edbehy skr\u00fdvaj\u00face za neoby\u010dajn\u00fdmi zbierkov\u00fdmi predmetmi Pova\u017esk\u00e9ho m\u00fazea, prostredn\u00edctvom obr\u00e1zkov z arch\u00edvu m\u00fazea \u010di in\u00fdch pam\u00e4\u0165ov\u00fdch in\u0161tit\u00faci\u00ed a s\u00fa\u010dasn\u00fdch fotografi\u00ed expon\u00e1tov nahliadne do tajov \u010darovnej hist\u00f3rie dopravy.<\/p>\n<p><em>\u201e\u010clovek od nepam\u00e4ti uva\u017eoval, ako si u\u013eah\u010di\u0165 pohyb a\u00a0ako si pom\u00f4c\u0165 pri presune predmetov a\u00a0materi\u00e1lu. Dnes, ke\u010f tieto formy a\u00a0prostriedky sk\u00famame a\u00a0dokumentujeme, zis\u0165ujeme, \u017ee je to cel\u00e1 vedn\u00e1 discipl\u00edna, presnej\u0161ie tematick\u00fd okruh hist\u00f3rie. Aj na Slovensku sme mali v\u00a0minulosti ur\u010dit\u00e9 v\u00fdvojov\u00e9 \u0161pecifik\u00e1, historick\u00e9 vodn\u00e9 a\u00a0pozemn\u00e9 komunik\u00e1cie, vyn\u00e1lezcov a\u00a0kon\u0161trukt\u00e9rov, \u017eelezni\u010dn\u00e9 trate i\u00a0prv\u00e9 letisk\u00e1. Tieto z\u00e1kladn\u00e9 \u00fadaje s\u00fa v\u00a0knihe doplnen\u00e9 mno\u017estvom pr\u00edbehov a\u00a0obr\u00e1zkov,\u201c <\/em>pribli\u017euje Peter \u0160imko. T\u00e9ma je ve\u013emi \u0161irok\u00e1 a\u00a0autor o\u00a0nej dok\u00e1\u017ee naozaj p\u00fatavo rozpr\u00e1va\u0165, ve\u013ek\u00fd priestor v\u0161ak dostan\u00fa aj ot\u00e1zky n\u00e1v\u0161tevn\u00edkov. Bonusom bude predaj publik\u00e1cie za zv\u00fdhodnen\u00fa cenu a\u00a0venovan\u00edm autora. Kv\u00f4li obmedzenej kapacite je potrebn\u00e9 svoju \u00fa\u010das\u0165 nahl\u00e1si\u0165 vopred na tel. \u010d. 0907 108\u00a0659. Cena podujatia je 1 \u20ac na osobu.<\/p>\n<p><img fetchpriority=\"high\" decoding=\"async\" class=\"alignnone wp-image-50279\" src=\"https:\/\/pmza.sk\/wp-content\/uploads\/2022\/03\/Muzeum-pre-Vas-jazda-storociami-1-254x360.jpg\" alt=\"\" width=\"382\" height=\"541\" srcset=\"https:\/\/pmza.sk\/wp-content\/uploads\/2022\/03\/Muzeum-pre-Vas-jazda-storociami-1-254x360.jpg 254w, https:\/\/pmza.sk\/wp-content\/uploads\/2022\/03\/Muzeum-pre-Vas-jazda-storociami-1-519x736.jpg 519w, https:\/\/pmza.sk\/wp-content\/uploads\/2022\/03\/Muzeum-pre-Vas-jazda-storociami-1-768x1089.jpg 768w, https:\/\/pmza.sk\/wp-content\/uploads\/2022\/03\/Muzeum-pre-Vas-jazda-storociami-1-1083x1536.jpg 1083w, https:\/\/pmza.sk\/wp-content\/uploads\/2022\/03\/Muzeum-pre-Vas-jazda-storociami-1-1444x2048.jpg 1444w, https:\/\/pmza.sk\/wp-content\/uploads\/2022\/03\/Muzeum-pre-Vas-jazda-storociami-1-600x851.jpg 600w, https:\/\/pmza.sk\/wp-content\/uploads\/2022\/03\/Muzeum-pre-Vas-jazda-storociami-1-scaled.jpg 1805w\" sizes=\"(max-width: 382px) 100vw, 382px\" \/><\/p>\n<p>&nbsp;<\/p>\n","protected":false},"excerpt":{"rendered":"<p>Marcov\u00e9 podujatie z\u00a0cyklu M\u00fazeum pre V\u00e1s bude venovan\u00e9 dejin\u00e1m dopravy. Z\u00e1ujemcovia sa m\u00f4\u017eu v\u00a0utorok 22. 3. o\u00a016.00 \u00a0te\u0161i\u0165 na besedu s\u00a0historikom Pova\u017esk\u00e9ho m\u00fazea Mgr. Petrom \u0160imkom, PhD., ktor\u00fd im v\u00a0priestoroch Budat\u00ednskeho hradu predstav\u00ed svoju najnov\u0161iu publik\u00e1ciu Jazda storo\u010diami. T\u00e1 je ur\u010den\u00e1 odbornej i\u00a0laickej verejnosti a\u00a0ur\u010dite pote\u0161\u00ed nielen nad\u0161encov hist\u00f3rie dopravy. \u010citate\u013ea pril\u00e1ka rovnako vzh\u013eadom ako [&hellip;]<\/p>\n","protected":false},"author":2,"featured_media":50231,"comment_status":"open","ping_status":"open","sticky":false,"template":"","format":"standard","meta":{"site-sidebar-layout":"default","site-content-layout":"default","ast-site-content-layout":"","site-content-style":"default","site-sidebar-style":"default","ast-global-header-display":"","ast-banner-title-visibility":"","ast-main-header-display":"","ast-hfb-above-header-display":"","ast-hfb-below-header-display":"","ast-hfb-mobile-header-display":"","site-post-title":"","ast-breadcrumbs-content":"","ast-featured-img":"","footer-sml-layout":"","theme-transparent-header-meta":"default","adv-header-id-meta":"","stick-header-meta":"default","header-above-stick-meta":"","header-main-stick-meta":"","header-below-stick-meta":"","astra-migrate-meta-layouts":"default","ast-page-background-enabled":"default","ast-page-background-meta":{"desktop":{"background-color":"var(--ast-global-color-4)","background-image":"","background-repeat":"repeat","background-position":"center center","background-size":"auto","background-attachment":"scroll","background-type":"","background-media":"","overlay-type":"","overlay-color":"","overlay-opacity":"","overlay-gradient":""},"tablet":{"background-color":"","background-image":"","background-repeat":"repeat","background-position":"center center","background-size":"auto","background-attachment":"scroll","background-type":"","background-media":"","overlay-type":"","overlay-color":"","overlay-opacity":"","overlay-gradient":""},"mobile":{"background-color":"","background-image":"","background-repeat":"repeat","background-position":"center center","background-size":"auto","background-attachment":"scroll","background-type":"","background-media":"","overlay-type":"","overlay-color":"","overlay-opacity":"","overlay-gradient":""}},"ast-content-background-meta":{"desktop":{"background-color":"var(--ast-global-color-5)","background-image":"","background-repeat":"repeat","background-position":"center center","background-size":"auto","background-attachment":"scroll","background-type":"","background-media":"","overlay-type":"","overlay-color":"","overlay-opacity":"","overlay-gradient":""},"tablet":{"background-color":"var(--ast-global-color-5)","background-image":"","background-repeat":"repeat","background-position":"center center","background-size":"auto","background-attachment":"scroll","background-type":"","background-media":"","overlay-type":"","overlay-color":"","overlay-opacity":"","overlay-gradient":""},"mobile":{"background-color":"var(--ast-global-color-5)","background-image":"","background-repeat":"repeat","background-position":"center center","background-size":"auto","background-attachment":"scroll","background-type":"","background-media":"","overlay-type":"","overlay-color":"","overlay-opacity":"","overlay-gradient":""}},"footnotes":""},"categories":[71],"tags":[],"class_list":["post-50230","post","type-post","status-publish","format-standard","has-post-thumbnail","hentry","category-podujatia"],"yoast_head":"<!-- This site is optimized with the Yoast SEO plugin v27.4 - https:\/\/yoast.com\/product\/yoast-seo-wordpress\/ -->\n<title>M\u00fazeum pre v\u00e1s: Jazda storo\u010diami - Pova\u017esk\u00e9 m\u00fazeum<\/title>\n<meta name=\"description\" content=\"Marcov\u00e9 podujatie z\u00a0cyklu M\u00fazeum pre V\u00e1s bude venovan\u00e9 dejin\u00e1m dopravy. Z\u00e1ujemcovia sa m\u00f4\u017eu te\u0161i\u0165 na besedu s\u00a0historikom Pova\u017esk\u00e9ho m\u00fazea Mgr. Petrom \u0160imkom, PhD., ktor\u00fd im predstav\u00ed svoju najnov\u0161iu publik\u00e1ciu Jazda storo\u010diami. Priestor dostan\u00fa aj ot\u00e1zky n\u00e1v\u0161tevn\u00edkov a\u00a0okrem zauj\u00edmav\u00fdch inform\u00e1ci\u00ed si domov m\u00f4\u017eu odnies\u0165 i publik\u00e1ciu za zv\u00fdhodnen\u00fa cenu a\u00a0venovan\u00edm autora.\" \/>\n<meta name=\"robots\" content=\"index, follow, max-snippet:-1, max-image-preview:large, max-video-preview:-1\" \/>\n<link rel=\"canonical\" href=\"https:\/\/pmza.sk\/?p=50230\" \/>\n<meta property=\"og:locale\" content=\"sk_SK\" \/>\n<meta property=\"og:type\" content=\"article\" \/>\n<meta property=\"og:title\" content=\"M\u00fazeum pre v\u00e1s: Jazda storo\u010diami - Pova\u017esk\u00e9 m\u00fazeum\" \/>\n<meta property=\"og:description\" content=\"Marcov\u00e9 podujatie z\u00a0cyklu M\u00fazeum pre V\u00e1s bude venovan\u00e9 dejin\u00e1m dopravy. Z\u00e1ujemcovia sa m\u00f4\u017eu te\u0161i\u0165 na besedu s\u00a0historikom Pova\u017esk\u00e9ho m\u00fazea Mgr. Petrom \u0160imkom, PhD., ktor\u00fd im predstav\u00ed svoju najnov\u0161iu publik\u00e1ciu Jazda storo\u010diami. Priestor dostan\u00fa aj ot\u00e1zky n\u00e1v\u0161tevn\u00edkov a\u00a0okrem zauj\u00edmav\u00fdch inform\u00e1ci\u00ed si domov m\u00f4\u017eu odnies\u0165 i publik\u00e1ciu za zv\u00fdhodnen\u00fa cenu a\u00a0venovan\u00edm autora.\" \/>\n<meta property=\"og:url\" content=\"https:\/\/pmza.sk\/?p=50230\" \/>\n<meta property=\"og:site_name\" content=\"Pova\u017esk\u00e9 m\u00fazeum\" \/>\n<meta property=\"article:publisher\" content=\"https:\/\/www.facebook.com\/povazskemuzeum\" \/>\n<meta property=\"article:published_time\" content=\"2022-03-09T07:46:53+00:00\" \/>\n<meta property=\"article:modified_time\" content=\"2022-06-09T08:32:58+00:00\" \/>\n<meta property=\"og:image\" content=\"https:\/\/pmza.sk\/wp-content\/uploads\/2022\/03\/Jazda-storociami-foto.jpg\" \/>\n\t<meta property=\"og:image:width\" content=\"2479\" \/>\n\t<meta property=\"og:image:height\" content=\"1133\" \/>\n\t<meta property=\"og:image:type\" content=\"image\/jpeg\" \/>\n<meta name=\"author\" content=\"Pova\u017esk\u00e9 m\u00fazeum\" \/>\n<meta name=\"twitter:card\" content=\"summary_large_image\" \/>\n<meta name=\"twitter:label1\" content=\"Autor\" \/>\n\t<meta name=\"twitter:data1\" content=\"Pova\u017esk\u00e9 m\u00fazeum\" \/>\n\t<meta name=\"twitter:label2\" content=\"Predpokladan\u00fd \u010das \u010d\u00edtania\" \/>\n\t<meta name=\"twitter:data2\" content=\"2 min\u00faty\" \/>\n<script type=\"application\/ld+json\" class=\"yoast-schema-graph\">{\"@context\":\"https:\\\/\\\/schema.org\",\"@graph\":[{\"@type\":\"Article\",\"@id\":\"https:\\\/\\\/pmza.sk\\\/?p=50230#article\",\"isPartOf\":{\"@id\":\"https:\\\/\\\/pmza.sk\\\/?p=50230\"},\"author\":{\"name\":\"Pova\u017esk\u00e9 m\u00fazeum\",\"@id\":\"https:\\\/\\\/pmza.sk\\\/#\\\/schema\\\/person\\\/595e6a2ce731ea94dcd5d7f50a41ae33\"},\"headline\":\"M\u00fazeum pre v\u00e1s: Jazda storo\u010diami\",\"datePublished\":\"2022-03-09T07:46:53+00:00\",\"dateModified\":\"2022-06-09T08:32:58+00:00\",\"mainEntityOfPage\":{\"@id\":\"https:\\\/\\\/pmza.sk\\\/?p=50230\"},\"wordCount\":313,\"commentCount\":0,\"publisher\":{\"@id\":\"https:\\\/\\\/pmza.sk\\\/#organization\"},\"image\":{\"@id\":\"https:\\\/\\\/pmza.sk\\\/?p=50230#primaryimage\"},\"thumbnailUrl\":\"https:\\\/\\\/pmza.sk\\\/wp-content\\\/uploads\\\/2022\\\/03\\\/Jazda-storociami-foto.jpg\",\"articleSection\":[\"Podujatia\"],\"inLanguage\":\"sk-SK\"},{\"@type\":\"WebPage\",\"@id\":\"https:\\\/\\\/pmza.sk\\\/?p=50230\",\"url\":\"https:\\\/\\\/pmza.sk\\\/?p=50230\",\"name\":\"M\u00fazeum pre v\u00e1s: Jazda storo\u010diami - Pova\u017esk\u00e9 m\u00fazeum\",\"isPartOf\":{\"@id\":\"https:\\\/\\\/pmza.sk\\\/#website\"},\"primaryImageOfPage\":{\"@id\":\"https:\\\/\\\/pmza.sk\\\/?p=50230#primaryimage\"},\"image\":{\"@id\":\"https:\\\/\\\/pmza.sk\\\/?p=50230#primaryimage\"},\"thumbnailUrl\":\"https:\\\/\\\/pmza.sk\\\/wp-content\\\/uploads\\\/2022\\\/03\\\/Jazda-storociami-foto.jpg\",\"datePublished\":\"2022-03-09T07:46:53+00:00\",\"dateModified\":\"2022-06-09T08:32:58+00:00\",\"description\":\"Marcov\u00e9 podujatie z\u00a0cyklu M\u00fazeum pre V\u00e1s bude venovan\u00e9 dejin\u00e1m dopravy. Z\u00e1ujemcovia sa m\u00f4\u017eu te\u0161i\u0165 na besedu s\u00a0historikom Pova\u017esk\u00e9ho m\u00fazea Mgr. Petrom \u0160imkom, PhD., ktor\u00fd im predstav\u00ed svoju najnov\u0161iu publik\u00e1ciu Jazda storo\u010diami. Priestor dostan\u00fa aj ot\u00e1zky n\u00e1v\u0161tevn\u00edkov a\u00a0okrem zauj\u00edmav\u00fdch inform\u00e1ci\u00ed si domov m\u00f4\u017eu odnies\u0165 i publik\u00e1ciu za zv\u00fdhodnen\u00fa cenu a\u00a0venovan\u00edm autora.\",\"breadcrumb\":{\"@id\":\"https:\\\/\\\/pmza.sk\\\/?p=50230#breadcrumb\"},\"inLanguage\":\"sk-SK\",\"potentialAction\":[{\"@type\":\"ReadAction\",\"target\":[\"https:\\\/\\\/pmza.sk\\\/?p=50230\"]}]},{\"@type\":\"ImageObject\",\"inLanguage\":\"sk-SK\",\"@id\":\"https:\\\/\\\/pmza.sk\\\/?p=50230#primaryimage\",\"url\":\"https:\\\/\\\/pmza.sk\\\/wp-content\\\/uploads\\\/2022\\\/03\\\/Jazda-storociami-foto.jpg\",\"contentUrl\":\"https:\\\/\\\/pmza.sk\\\/wp-content\\\/uploads\\\/2022\\\/03\\\/Jazda-storociami-foto.jpg\",\"width\":2479,\"height\":1133},{\"@type\":\"BreadcrumbList\",\"@id\":\"https:\\\/\\\/pmza.sk\\\/?p=50230#breadcrumb\",\"itemListElement\":[{\"@type\":\"ListItem\",\"position\":1,\"name\":\"Domovsk\u00e1 str\u00e1nka\",\"item\":\"https:\\\/\\\/pmza.sk\\\/\"},{\"@type\":\"ListItem\",\"position\":2,\"name\":\"M\u00fazeum pre v\u00e1s: Jazda storo\u010diami\"}]},{\"@type\":\"WebSite\",\"@id\":\"https:\\\/\\\/pmza.sk\\\/#website\",\"url\":\"https:\\\/\\\/pmza.sk\\\/\",\"name\":\"Pova\u017esk\u00e9 m\u00fazeum\",\"description\":\"Pova\u017esk\u00e9 m\u00fazeum v \u017diline je region\u00e1lne m\u00fazeum so s\u00eddlom v Budat\u00edne. Jeho expoz\u00edcie s\u00fa zameran\u00e9 na dejiny slovensk\u00e9ho umenia, kult\u00fary a dopravy.\",\"publisher\":{\"@id\":\"https:\\\/\\\/pmza.sk\\\/#organization\"},\"potentialAction\":[{\"@type\":\"SearchAction\",\"target\":{\"@type\":\"EntryPoint\",\"urlTemplate\":\"https:\\\/\\\/pmza.sk\\\/?s={search_term_string}\"},\"query-input\":{\"@type\":\"PropertyValueSpecification\",\"valueRequired\":true,\"valueName\":\"search_term_string\"}}],\"inLanguage\":\"sk-SK\"},{\"@type\":\"Organization\",\"@id\":\"https:\\\/\\\/pmza.sk\\\/#organization\",\"name\":\"Pova\u017esk\u00e9 m\u00fazeum\",\"url\":\"https:\\\/\\\/pmza.sk\\\/\",\"logo\":{\"@type\":\"ImageObject\",\"inLanguage\":\"sk-SK\",\"@id\":\"https:\\\/\\\/pmza.sk\\\/#\\\/schema\\\/logo\\\/image\\\/\",\"url\":\"https:\\\/\\\/pmza.sk\\\/wp-content\\\/uploads\\\/2022\\\/01\\\/logo_PM_horizontal.jpg\",\"contentUrl\":\"https:\\\/\\\/pmza.sk\\\/wp-content\\\/uploads\\\/2022\\\/01\\\/logo_PM_horizontal.jpg\",\"width\":231,\"height\":142,\"caption\":\"Pova\u017esk\u00e9 m\u00fazeum\"},\"image\":{\"@id\":\"https:\\\/\\\/pmza.sk\\\/#\\\/schema\\\/logo\\\/image\\\/\"},\"sameAs\":[\"https:\\\/\\\/www.facebook.com\\\/povazskemuzeum\",\"https:\\\/\\\/www.instagram.com\\\/povazskemuzeum\\\/\"]},{\"@type\":\"Person\",\"@id\":\"https:\\\/\\\/pmza.sk\\\/#\\\/schema\\\/person\\\/595e6a2ce731ea94dcd5d7f50a41ae33\",\"name\":\"Pova\u017esk\u00e9 m\u00fazeum\",\"image\":{\"@type\":\"ImageObject\",\"inLanguage\":\"sk-SK\",\"@id\":\"https:\\\/\\\/secure.gravatar.com\\\/avatar\\\/2bb7f1561282132fb5826dfeccc66c7996d11ee392ac6aaf7ced8a1c2027fbb2?s=96&d=mm&r=g\",\"url\":\"https:\\\/\\\/secure.gravatar.com\\\/avatar\\\/2bb7f1561282132fb5826dfeccc66c7996d11ee392ac6aaf7ced8a1c2027fbb2?s=96&d=mm&r=g\",\"contentUrl\":\"https:\\\/\\\/secure.gravatar.com\\\/avatar\\\/2bb7f1561282132fb5826dfeccc66c7996d11ee392ac6aaf7ced8a1c2027fbb2?s=96&d=mm&r=g\",\"caption\":\"Pova\u017esk\u00e9 m\u00fazeum\"}}]}<\/script>\n<!-- \/ Yoast SEO plugin. -->","yoast_head_json":{"title":"M\u00fazeum pre v\u00e1s: Jazda storo\u010diami - Pova\u017esk\u00e9 m\u00fazeum","description":"Marcov\u00e9 podujatie z\u00a0cyklu M\u00fazeum pre V\u00e1s bude venovan\u00e9 dejin\u00e1m dopravy. Z\u00e1ujemcovia sa m\u00f4\u017eu te\u0161i\u0165 na besedu s\u00a0historikom Pova\u017esk\u00e9ho m\u00fazea Mgr. Petrom \u0160imkom, PhD., ktor\u00fd im predstav\u00ed svoju najnov\u0161iu publik\u00e1ciu Jazda storo\u010diami. Priestor dostan\u00fa aj ot\u00e1zky n\u00e1v\u0161tevn\u00edkov a\u00a0okrem zauj\u00edmav\u00fdch inform\u00e1ci\u00ed si domov m\u00f4\u017eu odnies\u0165 i publik\u00e1ciu za zv\u00fdhodnen\u00fa cenu a\u00a0venovan\u00edm autora.","robots":{"index":"index","follow":"follow","max-snippet":"max-snippet:-1","max-image-preview":"max-image-preview:large","max-video-preview":"max-video-preview:-1"},"canonical":"https:\/\/pmza.sk\/?p=50230","og_locale":"sk_SK","og_type":"article","og_title":"M\u00fazeum pre v\u00e1s: Jazda storo\u010diami - Pova\u017esk\u00e9 m\u00fazeum","og_description":"Marcov\u00e9 podujatie z\u00a0cyklu M\u00fazeum pre V\u00e1s bude venovan\u00e9 dejin\u00e1m dopravy. Z\u00e1ujemcovia sa m\u00f4\u017eu te\u0161i\u0165 na besedu s\u00a0historikom Pova\u017esk\u00e9ho m\u00fazea Mgr. Petrom \u0160imkom, PhD., ktor\u00fd im predstav\u00ed svoju najnov\u0161iu publik\u00e1ciu Jazda storo\u010diami. Priestor dostan\u00fa aj ot\u00e1zky n\u00e1v\u0161tevn\u00edkov a\u00a0okrem zauj\u00edmav\u00fdch inform\u00e1ci\u00ed si domov m\u00f4\u017eu odnies\u0165 i publik\u00e1ciu za zv\u00fdhodnen\u00fa cenu a\u00a0venovan\u00edm autora.","og_url":"https:\/\/pmza.sk\/?p=50230","og_site_name":"Pova\u017esk\u00e9 m\u00fazeum","article_publisher":"https:\/\/www.facebook.com\/povazskemuzeum","article_published_time":"2022-03-09T07:46:53+00:00","article_modified_time":"2022-06-09T08:32:58+00:00","og_image":[{"width":2479,"height":1133,"url":"https:\/\/pmza.sk\/wp-content\/uploads\/2022\/03\/Jazda-storociami-foto.jpg","type":"image\/jpeg"}],"author":"Pova\u017esk\u00e9 m\u00fazeum","twitter_card":"summary_large_image","twitter_misc":{"Autor":"Pova\u017esk\u00e9 m\u00fazeum","Predpokladan\u00fd \u010das \u010d\u00edtania":"2 min\u00faty"},"schema":{"@context":"https:\/\/schema.org","@graph":[{"@type":"Article","@id":"https:\/\/pmza.sk\/?p=50230#article","isPartOf":{"@id":"https:\/\/pmza.sk\/?p=50230"},"author":{"name":"Pova\u017esk\u00e9 m\u00fazeum","@id":"https:\/\/pmza.sk\/#\/schema\/person\/595e6a2ce731ea94dcd5d7f50a41ae33"},"headline":"M\u00fazeum pre v\u00e1s: Jazda storo\u010diami","datePublished":"2022-03-09T07:46:53+00:00","dateModified":"2022-06-09T08:32:58+00:00","mainEntityOfPage":{"@id":"https:\/\/pmza.sk\/?p=50230"},"wordCount":313,"commentCount":0,"publisher":{"@id":"https:\/\/pmza.sk\/#organization"},"image":{"@id":"https:\/\/pmza.sk\/?p=50230#primaryimage"},"thumbnailUrl":"https:\/\/pmza.sk\/wp-content\/uploads\/2022\/03\/Jazda-storociami-foto.jpg","articleSection":["Podujatia"],"inLanguage":"sk-SK"},{"@type":"WebPage","@id":"https:\/\/pmza.sk\/?p=50230","url":"https:\/\/pmza.sk\/?p=50230","name":"M\u00fazeum pre v\u00e1s: Jazda storo\u010diami - Pova\u017esk\u00e9 m\u00fazeum","isPartOf":{"@id":"https:\/\/pmza.sk\/#website"},"primaryImageOfPage":{"@id":"https:\/\/pmza.sk\/?p=50230#primaryimage"},"image":{"@id":"https:\/\/pmza.sk\/?p=50230#primaryimage"},"thumbnailUrl":"https:\/\/pmza.sk\/wp-content\/uploads\/2022\/03\/Jazda-storociami-foto.jpg","datePublished":"2022-03-09T07:46:53+00:00","dateModified":"2022-06-09T08:32:58+00:00","description":"Marcov\u00e9 podujatie z\u00a0cyklu M\u00fazeum pre V\u00e1s bude venovan\u00e9 dejin\u00e1m dopravy. Z\u00e1ujemcovia sa m\u00f4\u017eu te\u0161i\u0165 na besedu s\u00a0historikom Pova\u017esk\u00e9ho m\u00fazea Mgr. Petrom \u0160imkom, PhD., ktor\u00fd im predstav\u00ed svoju najnov\u0161iu publik\u00e1ciu Jazda storo\u010diami. Priestor dostan\u00fa aj ot\u00e1zky n\u00e1v\u0161tevn\u00edkov a\u00a0okrem zauj\u00edmav\u00fdch inform\u00e1ci\u00ed si domov m\u00f4\u017eu odnies\u0165 i publik\u00e1ciu za zv\u00fdhodnen\u00fa cenu a\u00a0venovan\u00edm autora.","breadcrumb":{"@id":"https:\/\/pmza.sk\/?p=50230#breadcrumb"},"inLanguage":"sk-SK","potentialAction":[{"@type":"ReadAction","target":["https:\/\/pmza.sk\/?p=50230"]}]},{"@type":"ImageObject","inLanguage":"sk-SK","@id":"https:\/\/pmza.sk\/?p=50230#primaryimage","url":"https:\/\/pmza.sk\/wp-content\/uploads\/2022\/03\/Jazda-storociami-foto.jpg","contentUrl":"https:\/\/pmza.sk\/wp-content\/uploads\/2022\/03\/Jazda-storociami-foto.jpg","width":2479,"height":1133},{"@type":"BreadcrumbList","@id":"https:\/\/pmza.sk\/?p=50230#breadcrumb","itemListElement":[{"@type":"ListItem","position":1,"name":"Domovsk\u00e1 str\u00e1nka","item":"https:\/\/pmza.sk\/"},{"@type":"ListItem","position":2,"name":"M\u00fazeum pre v\u00e1s: Jazda storo\u010diami"}]},{"@type":"WebSite","@id":"https:\/\/pmza.sk\/#website","url":"https:\/\/pmza.sk\/","name":"Pova\u017esk\u00e9 m\u00fazeum","description":"Pova\u017esk\u00e9 m\u00fazeum v \u017diline je region\u00e1lne m\u00fazeum so s\u00eddlom v Budat\u00edne. Jeho expoz\u00edcie s\u00fa zameran\u00e9 na dejiny slovensk\u00e9ho umenia, kult\u00fary a dopravy.","publisher":{"@id":"https:\/\/pmza.sk\/#organization"},"potentialAction":[{"@type":"SearchAction","target":{"@type":"EntryPoint","urlTemplate":"https:\/\/pmza.sk\/?s={search_term_string}"},"query-input":{"@type":"PropertyValueSpecification","valueRequired":true,"valueName":"search_term_string"}}],"inLanguage":"sk-SK"},{"@type":"Organization","@id":"https:\/\/pmza.sk\/#organization","name":"Pova\u017esk\u00e9 m\u00fazeum","url":"https:\/\/pmza.sk\/","logo":{"@type":"ImageObject","inLanguage":"sk-SK","@id":"https:\/\/pmza.sk\/#\/schema\/logo\/image\/","url":"https:\/\/pmza.sk\/wp-content\/uploads\/2022\/01\/logo_PM_horizontal.jpg","contentUrl":"https:\/\/pmza.sk\/wp-content\/uploads\/2022\/01\/logo_PM_horizontal.jpg","width":231,"height":142,"caption":"Pova\u017esk\u00e9 m\u00fazeum"},"image":{"@id":"https:\/\/pmza.sk\/#\/schema\/logo\/image\/"},"sameAs":["https:\/\/www.facebook.com\/povazskemuzeum","https:\/\/www.instagram.com\/povazskemuzeum\/"]},{"@type":"Person","@id":"https:\/\/pmza.sk\/#\/schema\/person\/595e6a2ce731ea94dcd5d7f50a41ae33","name":"Pova\u017esk\u00e9 m\u00fazeum","image":{"@type":"ImageObject","inLanguage":"sk-SK","@id":"https:\/\/secure.gravatar.com\/avatar\/2bb7f1561282132fb5826dfeccc66c7996d11ee392ac6aaf7ced8a1c2027fbb2?s=96&d=mm&r=g","url":"https:\/\/secure.gravatar.com\/avatar\/2bb7f1561282132fb5826dfeccc66c7996d11ee392ac6aaf7ced8a1c2027fbb2?s=96&d=mm&r=g","contentUrl":"https:\/\/secure.gravatar.com\/avatar\/2bb7f1561282132fb5826dfeccc66c7996d11ee392ac6aaf7ced8a1c2027fbb2?s=96&d=mm&r=g","caption":"Pova\u017esk\u00e9 m\u00fazeum"}}]}},"_links":{"self":[{"href":"https:\/\/pmza.sk\/index.php?rest_route=\/wp\/v2\/posts\/50230","targetHints":{"allow":["GET"]}}],"collection":[{"href":"https:\/\/pmza.sk\/index.php?rest_route=\/wp\/v2\/posts"}],"about":[{"href":"https:\/\/pmza.sk\/index.php?rest_route=\/wp\/v2\/types\/post"}],"author":[{"embeddable":true,"href":"https:\/\/pmza.sk\/index.php?rest_route=\/wp\/v2\/users\/2"}],"replies":[{"embeddable":true,"href":"https:\/\/pmza.sk\/index.php?rest_route=%2Fwp%2Fv2%2Fcomments&post=50230"}],"version-history":[{"count":0,"href":"https:\/\/pmza.sk\/index.php?rest_route=\/wp\/v2\/posts\/50230\/revisions"}],"wp:featuredmedia":[{"embeddable":true,"href":"https:\/\/pmza.sk\/index.php?rest_route=\/wp\/v2\/media\/50231"}],"wp:attachment":[{"href":"https:\/\/pmza.sk\/index.php?rest_route=%2Fwp%2Fv2%2Fmedia&parent=50230"}],"wp:term":[{"taxonomy":"category","embeddable":true,"href":"https:\/\/pmza.sk\/index.php?rest_route=%2Fwp%2Fv2%2Fcategories&post=50230"},{"taxonomy":"post_tag","embeddable":true,"href":"https:\/\/pmza.sk\/index.php?rest_route=%2Fwp%2Fv2%2Ftags&post=50230"}],"curies":[{"name":"wp","href":"https:\/\/api.w.org\/{rel}","templated":true}]}}