{"id":50358,"date":"2022-03-24T10:34:08","date_gmt":"2022-03-24T09:34:08","guid":{"rendered":"https:\/\/pmza.sk\/?p=50358"},"modified":"2025-05-15T07:17:03","modified_gmt":"2025-05-15T05:17:03","slug":"peter-simko-predstavil-publikaciu-jazda-storociami","status":"publish","type":"post","link":"https:\/\/pmza.sk\/?p=50358","title":{"rendered":"Peter \u0160imko predstavil publik\u00e1ciu Jazda storo\u010diami"},"content":{"rendered":"<p>Historik dopravy Peter \u0160imko predstavil v\u00a0utorok 22. marca popoludn\u00ed svoju najnov\u0161iu publik\u00e1ciu Jazda storo\u010diami s\u00a0podtitulom Dejiny dopravy na Slovensku a\u00a0v\u00fdpove\u010f expon\u00e1tov z\u00a0mal\u00e9ho m\u00fazea. Beseda sa uskuto\u010dnila v\u00a0r\u00e1mci pravideln\u00e9ho cyklu M\u00fazeum pre V\u00e1s. Pr\u00edtomn\u00ed sa dozvedeli ve\u013ea zauj\u00edmav\u00fdch inform\u00e1ci\u00ed nielen o\u00a0obsahu knihy, ale aj o\u00a0okolnostiach jej vzniku. <em>\u201eOdrazov\u00fdm most\u00edkom bolo M\u00fazeum dopravy v\u00a0Rajeck\u00fdch Tepliciach, kde v\u00a0skratke prezentujeme dejiny dopravy na Slovensku. Pova\u017esk\u00e9 m\u00fazeum m\u00e1 celoslovensk\u00fa \u0161pecializ\u00e1ciu na dejiny dopravy a\u00a0je to m\u00f4j v\u00fdskumn\u00fd aj dokumenta\u010dn\u00fd odbor. Tento tematick\u00fd okruh je v\u0161ak ve\u013emi obsiahly a\u00a0o\u00a0jednom detaile sa d\u00e1 nap\u00edsa\u0165 cel\u00e1 kniha. Moj\u00edm cie\u013eom bolo urobi\u0165 \u00favod do dej\u00edn dopravy a\u00a0poskytn\u00fa\u0165 \u010ditate\u013eovi stru\u010dn\u00fd preh\u013ead z\u00e1kladn\u00fdch faktov. Je tam zobrazen\u00fdch mnoho zbierkov\u00fdch predmetov, ktor\u00e9 sa nach\u00e1dzaj\u00fa v\u00a0M\u00fazeu dopravy, tak\u017ee to m\u00f4\u017ee sl\u00fa\u017ei\u0165 aj ako sprievodca expoz\u00edciou.\u201c <\/em><\/p>\n<p>Publik\u00e1cia je rozdelen\u00e1 do \u0161iestich kapitol pod\u013ea druhu dopravy od star\u0161\u00edch dej\u00edn dopravy, cez \u017eelezni\u010dn\u00fa, cestn\u00fa, vodn\u00fa, leteck\u00fa a\u017e po lanov\u00fa dopravu. Peter \u0160imko porozpr\u00e1val z\u00fa\u010dastnen\u00fdm v\u00a0kr\u00e1tkosti o\u00a0jednotliv\u00fdch \u010dastiach knihy a\u00a0svoju prezent\u00e1ciu doplnil v\u00fdsti\u017en\u00fdmi fotografiami. Potom nasledovala vo\u013en\u00e1 debata, do ktorej sa zapojili i \u00fa\u010dastn\u00edci podujatia. Autor ochotne odpovedal na v\u0161etky ot\u00e1zky, ktor\u00e9 sa zv\u00e4\u010d\u0161a t\u00fdkali \u017eelezni\u010dnej dopravy. Dokonca prezradil, pre\u010do sa stal historikom, ktor\u00fd druh dopravy je mu najbli\u017e\u0161\u00ed aj ak\u00e9 m\u00e1 pl\u00e1ny do bud\u00facnosti. <em>\u201e\u010coskoro vyd\u00e1me publik\u00e1ciu k\u00a0150. v\u00fdro\u010diu Ko\u0161icko-bohum\u00ednskej \u017eeleznice a pri tejto pr\u00edle\u017eitosti pl\u00e1nujeme v\u00a0spolupr\u00e1ci so \u017eelezni\u010dn\u00fdm klubom Tatran aj podujatie. Moj\u00edm snom je roz\u0161\u00edrenie M\u00fazea dopravy, ke\u010f\u017ee m\u00e1me ve\u013ea zbierkov\u00fdch predmetov a\u00a0kapacitne n\u00e1m s\u00fa\u010dasn\u00fd priestor u\u017e neposta\u010duje,\u201c <\/em>uzavrel \u0160imko. Po skon\u010den\u00ed podujatia n\u00e1v\u0161tevn\u00edci vyu\u017eili mo\u017enos\u0165 k\u00fapy publik\u00e1cie za zv\u00fdhodnen\u00fa cenu aj s\u00a0venovan\u00edm autora. Mnoh\u00ed boli v\u010fa\u010dn\u00ed za tak\u00fdto typ besedy a\u00a0aj po skon\u010den\u00ed e\u0161te s\u00a0historikom hodn\u00fa chv\u00ed\u013eu diskutovali.<\/p>\n<p>Text: Magdal\u00e9na Lackov\u00e1, Pova\u017esk\u00e9 m\u00fazeum<\/p>\n<p><img fetchpriority=\"high\" decoding=\"async\" class=\"alignnone size-medium wp-image-50360\" src=\"https:\/\/pmza.sk\/wp-content\/uploads\/2022\/03\/Jazda-storociami-2-540x360.jpg\" alt=\"\" width=\"540\" height=\"360\" srcset=\"https:\/\/pmza.sk\/wp-content\/uploads\/2022\/03\/Jazda-storociami-2-540x360.jpg 540w, https:\/\/pmza.sk\/wp-content\/uploads\/2022\/03\/Jazda-storociami-2-1104x736.jpg 1104w, https:\/\/pmza.sk\/wp-content\/uploads\/2022\/03\/Jazda-storociami-2-768x512.jpg 768w, https:\/\/pmza.sk\/wp-content\/uploads\/2022\/03\/Jazda-storociami-2-1536x1024.jpg 1536w, https:\/\/pmza.sk\/wp-content\/uploads\/2022\/03\/Jazda-storociami-2-600x400.jpg 600w, https:\/\/pmza.sk\/wp-content\/uploads\/2022\/03\/Jazda-storociami-2.jpg 1920w\" sizes=\"(max-width: 540px) 100vw, 540px\" \/><\/p>\n<p><img decoding=\"async\" class=\"alignnone size-medium wp-image-50361\" src=\"https:\/\/pmza.sk\/wp-content\/uploads\/2022\/03\/Jazda-storociami-3-540x360.jpg\" alt=\"\" width=\"540\" height=\"360\" srcset=\"https:\/\/pmza.sk\/wp-content\/uploads\/2022\/03\/Jazda-storociami-3-540x360.jpg 540w, https:\/\/pmza.sk\/wp-content\/uploads\/2022\/03\/Jazda-storociami-3-1104x736.jpg 1104w, https:\/\/pmza.sk\/wp-content\/uploads\/2022\/03\/Jazda-storociami-3-768x512.jpg 768w, https:\/\/pmza.sk\/wp-content\/uploads\/2022\/03\/Jazda-storociami-3-1536x1024.jpg 1536w, https:\/\/pmza.sk\/wp-content\/uploads\/2022\/03\/Jazda-storociami-3-600x400.jpg 600w, https:\/\/pmza.sk\/wp-content\/uploads\/2022\/03\/Jazda-storociami-3.jpg 1920w\" sizes=\"(max-width: 540px) 100vw, 540px\" \/><\/p>\n<p><img decoding=\"async\" class=\"alignnone size-medium wp-image-50362\" src=\"https:\/\/pmza.sk\/wp-content\/uploads\/2022\/03\/Jazda-storociami-4-540x360.jpg\" alt=\"\" width=\"540\" height=\"360\" srcset=\"https:\/\/pmza.sk\/wp-content\/uploads\/2022\/03\/Jazda-storociami-4-540x360.jpg 540w, https:\/\/pmza.sk\/wp-content\/uploads\/2022\/03\/Jazda-storociami-4-1104x736.jpg 1104w, https:\/\/pmza.sk\/wp-content\/uploads\/2022\/03\/Jazda-storociami-4-768x512.jpg 768w, https:\/\/pmza.sk\/wp-content\/uploads\/2022\/03\/Jazda-storociami-4-1536x1024.jpg 1536w, https:\/\/pmza.sk\/wp-content\/uploads\/2022\/03\/Jazda-storociami-4-600x400.jpg 600w, https:\/\/pmza.sk\/wp-content\/uploads\/2022\/03\/Jazda-storociami-4.jpg 1920w\" sizes=\"(max-width: 540px) 100vw, 540px\" \/><\/p>\n<p>Foto: Andrej Kure\u010dka<\/p>\n<p>Video: Michal Dobr\u00edk<\/p>\n<div class=\"ast-oembed-container \" style=\"height: 100%;\"><iframe title=\"M\u00fazeum pre V\u00e1s: Jazda storo\u010diami\" width=\"500\" height=\"281\" src=\"https:\/\/www.youtube.com\/embed\/-_jaXOsdxng?feature=oembed\" frameborder=\"0\" allow=\"accelerometer; autoplay; clipboard-write; encrypted-media; gyroscope; picture-in-picture; web-share\" referrerpolicy=\"strict-origin-when-cross-origin\" allowfullscreen><\/iframe><\/div>\n","protected":false},"excerpt":{"rendered":"<p>Historik dopravy Peter \u0160imko predstavil v\u00a0utorok 22. marca popoludn\u00ed svoju najnov\u0161iu publik\u00e1ciu Jazda storo\u010diami s\u00a0podtitulom Dejiny dopravy na Slovensku a\u00a0v\u00fdpove\u010f expon\u00e1tov z\u00a0mal\u00e9ho m\u00fazea. Beseda sa uskuto\u010dnila v\u00a0r\u00e1mci pravideln\u00e9ho cyklu M\u00fazeum pre V\u00e1s. Pr\u00edtomn\u00ed sa dozvedeli ve\u013ea zauj\u00edmav\u00fdch inform\u00e1ci\u00ed nielen o\u00a0obsahu knihy, ale aj o\u00a0okolnostiach jej vzniku. \u201eOdrazov\u00fdm most\u00edkom bolo M\u00fazeum dopravy v\u00a0Rajeck\u00fdch Tepliciach, kde v\u00a0skratke [&hellip;]<\/p>\n","protected":false},"author":2,"featured_media":50359,"comment_status":"closed","ping_status":"closed","sticky":false,"template":"","format":"standard","meta":{"site-sidebar-layout":"default","site-content-layout":"default","ast-site-content-layout":"default","site-content-style":"default","site-sidebar-style":"default","ast-global-header-display":"","ast-banner-title-visibility":"","ast-main-header-display":"","ast-hfb-above-header-display":"","ast-hfb-below-header-display":"","ast-hfb-mobile-header-display":"","site-post-title":"","ast-breadcrumbs-content":"","ast-featured-img":"","footer-sml-layout":"","theme-transparent-header-meta":"default","adv-header-id-meta":"","stick-header-meta":"default","header-above-stick-meta":"","header-main-stick-meta":"","header-below-stick-meta":"","astra-migrate-meta-layouts":"set","ast-page-background-enabled":"default","ast-page-background-meta":{"desktop":{"background-color":"var(--ast-global-color-4)","background-image":"","background-repeat":"repeat","background-position":"center center","background-size":"auto","background-attachment":"scroll","background-type":"","background-media":"","overlay-type":"","overlay-color":"","overlay-opacity":"","overlay-gradient":""},"tablet":{"background-color":"","background-image":"","background-repeat":"repeat","background-position":"center center","background-size":"auto","background-attachment":"scroll","background-type":"","background-media":"","overlay-type":"","overlay-color":"","overlay-opacity":"","overlay-gradient":""},"mobile":{"background-color":"","background-image":"","background-repeat":"repeat","background-position":"center center","background-size":"auto","background-attachment":"scroll","background-type":"","background-media":"","overlay-type":"","overlay-color":"","overlay-opacity":"","overlay-gradient":""}},"ast-content-background-meta":{"desktop":{"background-color":"var(--ast-global-color-5)","background-image":"","background-repeat":"repeat","background-position":"center center","background-size":"auto","background-attachment":"scroll","background-type":"","background-media":"","overlay-type":"","overlay-color":"","overlay-opacity":"","overlay-gradient":""},"tablet":{"background-color":"var(--ast-global-color-5)","background-image":"","background-repeat":"repeat","background-position":"center center","background-size":"auto","background-attachment":"scroll","background-type":"","background-media":"","overlay-type":"","overlay-color":"","overlay-opacity":"","overlay-gradient":""},"mobile":{"background-color":"var(--ast-global-color-5)","background-image":"","background-repeat":"repeat","background-position":"center center","background-size":"auto","background-attachment":"scroll","background-type":"","background-media":"","overlay-type":"","overlay-color":"","overlay-opacity":"","overlay-gradient":""}},"footnotes":""},"categories":[31],"tags":[],"class_list":["post-50358","post","type-post","status-publish","format-standard","has-post-thumbnail","hentry","category-aktuality"],"yoast_head":"<!-- This site is optimized with the Yoast SEO plugin v27.4 - https:\/\/yoast.com\/product\/yoast-seo-wordpress\/ -->\n<title>Peter \u0160imko predstavil publik\u00e1ciu Jazda storo\u010diami - Pova\u017esk\u00e9 m\u00fazeum<\/title>\n<meta name=\"description\" content=\"Historik dopravy Peter \u0160imko predstavil v\u00a0utorok 22. marca popoludn\u00ed svoju najnov\u0161iu publik\u00e1ciu Jazda storo\u010diami s\u00a0podtitulom Dejiny dopravy na Slovensku a\u00a0v\u00fdpove\u010f expon\u00e1tov z\u00a0mal\u00e9ho m\u00fazea. Beseda sa uskuto\u010dnila v\u00a0r\u00e1mci pravideln\u00e9ho cyklu M\u00fazeum pre V\u00e1s.\" \/>\n<meta name=\"robots\" content=\"index, follow, max-snippet:-1, max-image-preview:large, max-video-preview:-1\" \/>\n<link rel=\"canonical\" href=\"https:\/\/pmza.sk\/?p=50358\" \/>\n<meta property=\"og:locale\" content=\"sk_SK\" \/>\n<meta property=\"og:type\" content=\"article\" \/>\n<meta property=\"og:title\" content=\"Peter \u0160imko predstavil publik\u00e1ciu Jazda storo\u010diami - Pova\u017esk\u00e9 m\u00fazeum\" \/>\n<meta property=\"og:description\" content=\"Historik dopravy Peter \u0160imko predstavil v\u00a0utorok 22. marca popoludn\u00ed svoju najnov\u0161iu publik\u00e1ciu Jazda storo\u010diami s\u00a0podtitulom Dejiny dopravy na Slovensku a\u00a0v\u00fdpove\u010f expon\u00e1tov z\u00a0mal\u00e9ho m\u00fazea. Beseda sa uskuto\u010dnila v\u00a0r\u00e1mci pravideln\u00e9ho cyklu M\u00fazeum pre V\u00e1s.\" \/>\n<meta property=\"og:url\" content=\"https:\/\/pmza.sk\/?p=50358\" \/>\n<meta property=\"og:site_name\" content=\"Pova\u017esk\u00e9 m\u00fazeum\" \/>\n<meta property=\"article:publisher\" content=\"https:\/\/www.facebook.com\/povazskemuzeum\" \/>\n<meta property=\"article:published_time\" content=\"2022-03-24T09:34:08+00:00\" \/>\n<meta property=\"article:modified_time\" content=\"2025-05-15T05:17:03+00:00\" \/>\n<meta property=\"og:image\" content=\"https:\/\/pmza.sk\/wp-content\/uploads\/2022\/03\/Jazda-storociami-1.jpg\" \/>\n\t<meta property=\"og:image:width\" content=\"1920\" \/>\n\t<meta property=\"og:image:height\" content=\"1280\" \/>\n\t<meta property=\"og:image:type\" content=\"image\/jpeg\" \/>\n<meta name=\"author\" content=\"Pova\u017esk\u00e9 m\u00fazeum\" \/>\n<meta name=\"twitter:card\" content=\"summary_large_image\" \/>\n<meta name=\"twitter:label1\" content=\"Autor\" \/>\n\t<meta name=\"twitter:data1\" content=\"Pova\u017esk\u00e9 m\u00fazeum\" \/>\n\t<meta name=\"twitter:label2\" content=\"Predpokladan\u00fd \u010das \u010d\u00edtania\" \/>\n\t<meta name=\"twitter:data2\" content=\"2 min\u00faty\" \/>\n<script type=\"application\/ld+json\" class=\"yoast-schema-graph\">{\"@context\":\"https:\\\/\\\/schema.org\",\"@graph\":[{\"@type\":\"Article\",\"@id\":\"https:\\\/\\\/pmza.sk\\\/?p=50358#article\",\"isPartOf\":{\"@id\":\"https:\\\/\\\/pmza.sk\\\/?p=50358\"},\"author\":{\"name\":\"Pova\u017esk\u00e9 m\u00fazeum\",\"@id\":\"https:\\\/\\\/pmza.sk\\\/#\\\/schema\\\/person\\\/595e6a2ce731ea94dcd5d7f50a41ae33\"},\"headline\":\"Peter \u0160imko predstavil publik\u00e1ciu Jazda storo\u010diami\",\"datePublished\":\"2022-03-24T09:34:08+00:00\",\"dateModified\":\"2025-05-15T05:17:03+00:00\",\"mainEntityOfPage\":{\"@id\":\"https:\\\/\\\/pmza.sk\\\/?p=50358\"},\"wordCount\":423,\"publisher\":{\"@id\":\"https:\\\/\\\/pmza.sk\\\/#organization\"},\"image\":{\"@id\":\"https:\\\/\\\/pmza.sk\\\/?p=50358#primaryimage\"},\"thumbnailUrl\":\"https:\\\/\\\/pmza.sk\\\/wp-content\\\/uploads\\\/2022\\\/03\\\/Jazda-storociami-1.jpg\",\"articleSection\":[\"Aktuality\"],\"inLanguage\":\"sk-SK\"},{\"@type\":\"WebPage\",\"@id\":\"https:\\\/\\\/pmza.sk\\\/?p=50358\",\"url\":\"https:\\\/\\\/pmza.sk\\\/?p=50358\",\"name\":\"Peter \u0160imko predstavil publik\u00e1ciu Jazda storo\u010diami - Pova\u017esk\u00e9 m\u00fazeum\",\"isPartOf\":{\"@id\":\"https:\\\/\\\/pmza.sk\\\/#website\"},\"primaryImageOfPage\":{\"@id\":\"https:\\\/\\\/pmza.sk\\\/?p=50358#primaryimage\"},\"image\":{\"@id\":\"https:\\\/\\\/pmza.sk\\\/?p=50358#primaryimage\"},\"thumbnailUrl\":\"https:\\\/\\\/pmza.sk\\\/wp-content\\\/uploads\\\/2022\\\/03\\\/Jazda-storociami-1.jpg\",\"datePublished\":\"2022-03-24T09:34:08+00:00\",\"dateModified\":\"2025-05-15T05:17:03+00:00\",\"description\":\"Historik dopravy Peter \u0160imko predstavil v\u00a0utorok 22. marca popoludn\u00ed svoju najnov\u0161iu publik\u00e1ciu Jazda storo\u010diami s\u00a0podtitulom Dejiny dopravy na Slovensku a\u00a0v\u00fdpove\u010f expon\u00e1tov z\u00a0mal\u00e9ho m\u00fazea. Beseda sa uskuto\u010dnila v\u00a0r\u00e1mci pravideln\u00e9ho cyklu M\u00fazeum pre V\u00e1s.\",\"breadcrumb\":{\"@id\":\"https:\\\/\\\/pmza.sk\\\/?p=50358#breadcrumb\"},\"inLanguage\":\"sk-SK\",\"potentialAction\":[{\"@type\":\"ReadAction\",\"target\":[\"https:\\\/\\\/pmza.sk\\\/?p=50358\"]}]},{\"@type\":\"ImageObject\",\"inLanguage\":\"sk-SK\",\"@id\":\"https:\\\/\\\/pmza.sk\\\/?p=50358#primaryimage\",\"url\":\"https:\\\/\\\/pmza.sk\\\/wp-content\\\/uploads\\\/2022\\\/03\\\/Jazda-storociami-1.jpg\",\"contentUrl\":\"https:\\\/\\\/pmza.sk\\\/wp-content\\\/uploads\\\/2022\\\/03\\\/Jazda-storociami-1.jpg\",\"width\":1920,\"height\":1280},{\"@type\":\"BreadcrumbList\",\"@id\":\"https:\\\/\\\/pmza.sk\\\/?p=50358#breadcrumb\",\"itemListElement\":[{\"@type\":\"ListItem\",\"position\":1,\"name\":\"Domovsk\u00e1 str\u00e1nka\",\"item\":\"https:\\\/\\\/pmza.sk\\\/\"},{\"@type\":\"ListItem\",\"position\":2,\"name\":\"Peter \u0160imko predstavil publik\u00e1ciu Jazda storo\u010diami\"}]},{\"@type\":\"WebSite\",\"@id\":\"https:\\\/\\\/pmza.sk\\\/#website\",\"url\":\"https:\\\/\\\/pmza.sk\\\/\",\"name\":\"Pova\u017esk\u00e9 m\u00fazeum\",\"description\":\"Pova\u017esk\u00e9 m\u00fazeum v \u017diline je region\u00e1lne m\u00fazeum so s\u00eddlom v Budat\u00edne. Jeho expoz\u00edcie s\u00fa zameran\u00e9 na dejiny slovensk\u00e9ho umenia, kult\u00fary a dopravy.\",\"publisher\":{\"@id\":\"https:\\\/\\\/pmza.sk\\\/#organization\"},\"potentialAction\":[{\"@type\":\"SearchAction\",\"target\":{\"@type\":\"EntryPoint\",\"urlTemplate\":\"https:\\\/\\\/pmza.sk\\\/?s={search_term_string}\"},\"query-input\":{\"@type\":\"PropertyValueSpecification\",\"valueRequired\":true,\"valueName\":\"search_term_string\"}}],\"inLanguage\":\"sk-SK\"},{\"@type\":\"Organization\",\"@id\":\"https:\\\/\\\/pmza.sk\\\/#organization\",\"name\":\"Pova\u017esk\u00e9 m\u00fazeum\",\"url\":\"https:\\\/\\\/pmza.sk\\\/\",\"logo\":{\"@type\":\"ImageObject\",\"inLanguage\":\"sk-SK\",\"@id\":\"https:\\\/\\\/pmza.sk\\\/#\\\/schema\\\/logo\\\/image\\\/\",\"url\":\"https:\\\/\\\/pmza.sk\\\/wp-content\\\/uploads\\\/2022\\\/01\\\/logo_PM_horizontal.jpg\",\"contentUrl\":\"https:\\\/\\\/pmza.sk\\\/wp-content\\\/uploads\\\/2022\\\/01\\\/logo_PM_horizontal.jpg\",\"width\":231,\"height\":142,\"caption\":\"Pova\u017esk\u00e9 m\u00fazeum\"},\"image\":{\"@id\":\"https:\\\/\\\/pmza.sk\\\/#\\\/schema\\\/logo\\\/image\\\/\"},\"sameAs\":[\"https:\\\/\\\/www.facebook.com\\\/povazskemuzeum\",\"https:\\\/\\\/www.instagram.com\\\/povazskemuzeum\\\/\"]},{\"@type\":\"Person\",\"@id\":\"https:\\\/\\\/pmza.sk\\\/#\\\/schema\\\/person\\\/595e6a2ce731ea94dcd5d7f50a41ae33\",\"name\":\"Pova\u017esk\u00e9 m\u00fazeum\",\"image\":{\"@type\":\"ImageObject\",\"inLanguage\":\"sk-SK\",\"@id\":\"https:\\\/\\\/secure.gravatar.com\\\/avatar\\\/2bb7f1561282132fb5826dfeccc66c7996d11ee392ac6aaf7ced8a1c2027fbb2?s=96&d=mm&r=g\",\"url\":\"https:\\\/\\\/secure.gravatar.com\\\/avatar\\\/2bb7f1561282132fb5826dfeccc66c7996d11ee392ac6aaf7ced8a1c2027fbb2?s=96&d=mm&r=g\",\"contentUrl\":\"https:\\\/\\\/secure.gravatar.com\\\/avatar\\\/2bb7f1561282132fb5826dfeccc66c7996d11ee392ac6aaf7ced8a1c2027fbb2?s=96&d=mm&r=g\",\"caption\":\"Pova\u017esk\u00e9 m\u00fazeum\"}}]}<\/script>\n<!-- \/ Yoast SEO plugin. -->","yoast_head_json":{"title":"Peter \u0160imko predstavil publik\u00e1ciu Jazda storo\u010diami - Pova\u017esk\u00e9 m\u00fazeum","description":"Historik dopravy Peter \u0160imko predstavil v\u00a0utorok 22. marca popoludn\u00ed svoju najnov\u0161iu publik\u00e1ciu Jazda storo\u010diami s\u00a0podtitulom Dejiny dopravy na Slovensku a\u00a0v\u00fdpove\u010f expon\u00e1tov z\u00a0mal\u00e9ho m\u00fazea. Beseda sa uskuto\u010dnila v\u00a0r\u00e1mci pravideln\u00e9ho cyklu M\u00fazeum pre V\u00e1s.","robots":{"index":"index","follow":"follow","max-snippet":"max-snippet:-1","max-image-preview":"max-image-preview:large","max-video-preview":"max-video-preview:-1"},"canonical":"https:\/\/pmza.sk\/?p=50358","og_locale":"sk_SK","og_type":"article","og_title":"Peter \u0160imko predstavil publik\u00e1ciu Jazda storo\u010diami - Pova\u017esk\u00e9 m\u00fazeum","og_description":"Historik dopravy Peter \u0160imko predstavil v\u00a0utorok 22. marca popoludn\u00ed svoju najnov\u0161iu publik\u00e1ciu Jazda storo\u010diami s\u00a0podtitulom Dejiny dopravy na Slovensku a\u00a0v\u00fdpove\u010f expon\u00e1tov z\u00a0mal\u00e9ho m\u00fazea. Beseda sa uskuto\u010dnila v\u00a0r\u00e1mci pravideln\u00e9ho cyklu M\u00fazeum pre V\u00e1s.","og_url":"https:\/\/pmza.sk\/?p=50358","og_site_name":"Pova\u017esk\u00e9 m\u00fazeum","article_publisher":"https:\/\/www.facebook.com\/povazskemuzeum","article_published_time":"2022-03-24T09:34:08+00:00","article_modified_time":"2025-05-15T05:17:03+00:00","og_image":[{"width":1920,"height":1280,"url":"https:\/\/pmza.sk\/wp-content\/uploads\/2022\/03\/Jazda-storociami-1.jpg","type":"image\/jpeg"}],"author":"Pova\u017esk\u00e9 m\u00fazeum","twitter_card":"summary_large_image","twitter_misc":{"Autor":"Pova\u017esk\u00e9 m\u00fazeum","Predpokladan\u00fd \u010das \u010d\u00edtania":"2 min\u00faty"},"schema":{"@context":"https:\/\/schema.org","@graph":[{"@type":"Article","@id":"https:\/\/pmza.sk\/?p=50358#article","isPartOf":{"@id":"https:\/\/pmza.sk\/?p=50358"},"author":{"name":"Pova\u017esk\u00e9 m\u00fazeum","@id":"https:\/\/pmza.sk\/#\/schema\/person\/595e6a2ce731ea94dcd5d7f50a41ae33"},"headline":"Peter \u0160imko predstavil publik\u00e1ciu Jazda storo\u010diami","datePublished":"2022-03-24T09:34:08+00:00","dateModified":"2025-05-15T05:17:03+00:00","mainEntityOfPage":{"@id":"https:\/\/pmza.sk\/?p=50358"},"wordCount":423,"publisher":{"@id":"https:\/\/pmza.sk\/#organization"},"image":{"@id":"https:\/\/pmza.sk\/?p=50358#primaryimage"},"thumbnailUrl":"https:\/\/pmza.sk\/wp-content\/uploads\/2022\/03\/Jazda-storociami-1.jpg","articleSection":["Aktuality"],"inLanguage":"sk-SK"},{"@type":"WebPage","@id":"https:\/\/pmza.sk\/?p=50358","url":"https:\/\/pmza.sk\/?p=50358","name":"Peter \u0160imko predstavil publik\u00e1ciu Jazda storo\u010diami - Pova\u017esk\u00e9 m\u00fazeum","isPartOf":{"@id":"https:\/\/pmza.sk\/#website"},"primaryImageOfPage":{"@id":"https:\/\/pmza.sk\/?p=50358#primaryimage"},"image":{"@id":"https:\/\/pmza.sk\/?p=50358#primaryimage"},"thumbnailUrl":"https:\/\/pmza.sk\/wp-content\/uploads\/2022\/03\/Jazda-storociami-1.jpg","datePublished":"2022-03-24T09:34:08+00:00","dateModified":"2025-05-15T05:17:03+00:00","description":"Historik dopravy Peter \u0160imko predstavil v\u00a0utorok 22. marca popoludn\u00ed svoju najnov\u0161iu publik\u00e1ciu Jazda storo\u010diami s\u00a0podtitulom Dejiny dopravy na Slovensku a\u00a0v\u00fdpove\u010f expon\u00e1tov z\u00a0mal\u00e9ho m\u00fazea. Beseda sa uskuto\u010dnila v\u00a0r\u00e1mci pravideln\u00e9ho cyklu M\u00fazeum pre V\u00e1s.","breadcrumb":{"@id":"https:\/\/pmza.sk\/?p=50358#breadcrumb"},"inLanguage":"sk-SK","potentialAction":[{"@type":"ReadAction","target":["https:\/\/pmza.sk\/?p=50358"]}]},{"@type":"ImageObject","inLanguage":"sk-SK","@id":"https:\/\/pmza.sk\/?p=50358#primaryimage","url":"https:\/\/pmza.sk\/wp-content\/uploads\/2022\/03\/Jazda-storociami-1.jpg","contentUrl":"https:\/\/pmza.sk\/wp-content\/uploads\/2022\/03\/Jazda-storociami-1.jpg","width":1920,"height":1280},{"@type":"BreadcrumbList","@id":"https:\/\/pmza.sk\/?p=50358#breadcrumb","itemListElement":[{"@type":"ListItem","position":1,"name":"Domovsk\u00e1 str\u00e1nka","item":"https:\/\/pmza.sk\/"},{"@type":"ListItem","position":2,"name":"Peter \u0160imko predstavil publik\u00e1ciu Jazda storo\u010diami"}]},{"@type":"WebSite","@id":"https:\/\/pmza.sk\/#website","url":"https:\/\/pmza.sk\/","name":"Pova\u017esk\u00e9 m\u00fazeum","description":"Pova\u017esk\u00e9 m\u00fazeum v \u017diline je region\u00e1lne m\u00fazeum so s\u00eddlom v Budat\u00edne. Jeho expoz\u00edcie s\u00fa zameran\u00e9 na dejiny slovensk\u00e9ho umenia, kult\u00fary a dopravy.","publisher":{"@id":"https:\/\/pmza.sk\/#organization"},"potentialAction":[{"@type":"SearchAction","target":{"@type":"EntryPoint","urlTemplate":"https:\/\/pmza.sk\/?s={search_term_string}"},"query-input":{"@type":"PropertyValueSpecification","valueRequired":true,"valueName":"search_term_string"}}],"inLanguage":"sk-SK"},{"@type":"Organization","@id":"https:\/\/pmza.sk\/#organization","name":"Pova\u017esk\u00e9 m\u00fazeum","url":"https:\/\/pmza.sk\/","logo":{"@type":"ImageObject","inLanguage":"sk-SK","@id":"https:\/\/pmza.sk\/#\/schema\/logo\/image\/","url":"https:\/\/pmza.sk\/wp-content\/uploads\/2022\/01\/logo_PM_horizontal.jpg","contentUrl":"https:\/\/pmza.sk\/wp-content\/uploads\/2022\/01\/logo_PM_horizontal.jpg","width":231,"height":142,"caption":"Pova\u017esk\u00e9 m\u00fazeum"},"image":{"@id":"https:\/\/pmza.sk\/#\/schema\/logo\/image\/"},"sameAs":["https:\/\/www.facebook.com\/povazskemuzeum","https:\/\/www.instagram.com\/povazskemuzeum\/"]},{"@type":"Person","@id":"https:\/\/pmza.sk\/#\/schema\/person\/595e6a2ce731ea94dcd5d7f50a41ae33","name":"Pova\u017esk\u00e9 m\u00fazeum","image":{"@type":"ImageObject","inLanguage":"sk-SK","@id":"https:\/\/secure.gravatar.com\/avatar\/2bb7f1561282132fb5826dfeccc66c7996d11ee392ac6aaf7ced8a1c2027fbb2?s=96&d=mm&r=g","url":"https:\/\/secure.gravatar.com\/avatar\/2bb7f1561282132fb5826dfeccc66c7996d11ee392ac6aaf7ced8a1c2027fbb2?s=96&d=mm&r=g","contentUrl":"https:\/\/secure.gravatar.com\/avatar\/2bb7f1561282132fb5826dfeccc66c7996d11ee392ac6aaf7ced8a1c2027fbb2?s=96&d=mm&r=g","caption":"Pova\u017esk\u00e9 m\u00fazeum"}}]}},"_links":{"self":[{"href":"https:\/\/pmza.sk\/index.php?rest_route=\/wp\/v2\/posts\/50358","targetHints":{"allow":["GET"]}}],"collection":[{"href":"https:\/\/pmza.sk\/index.php?rest_route=\/wp\/v2\/posts"}],"about":[{"href":"https:\/\/pmza.sk\/index.php?rest_route=\/wp\/v2\/types\/post"}],"author":[{"embeddable":true,"href":"https:\/\/pmza.sk\/index.php?rest_route=\/wp\/v2\/users\/2"}],"replies":[{"embeddable":true,"href":"https:\/\/pmza.sk\/index.php?rest_route=%2Fwp%2Fv2%2Fcomments&post=50358"}],"version-history":[{"count":0,"href":"https:\/\/pmza.sk\/index.php?rest_route=\/wp\/v2\/posts\/50358\/revisions"}],"wp:featuredmedia":[{"embeddable":true,"href":"https:\/\/pmza.sk\/index.php?rest_route=\/wp\/v2\/media\/50359"}],"wp:attachment":[{"href":"https:\/\/pmza.sk\/index.php?rest_route=%2Fwp%2Fv2%2Fmedia&parent=50358"}],"wp:term":[{"taxonomy":"category","embeddable":true,"href":"https:\/\/pmza.sk\/index.php?rest_route=%2Fwp%2Fv2%2Fcategories&post=50358"},{"taxonomy":"post_tag","embeddable":true,"href":"https:\/\/pmza.sk\/index.php?rest_route=%2Fwp%2Fv2%2Ftags&post=50358"}],"curies":[{"name":"wp","href":"https:\/\/api.w.org\/{rel}","templated":true}]}}