{"id":5038,"date":"2012-02-17T11:46:48","date_gmt":"2012-02-17T10:46:48","guid":{"rendered":"https:\/\/pmza.sk.sk\/?p=5038"},"modified":"2012-02-17T11:46:48","modified_gmt":"2012-02-17T10:46:48","slug":"jedinecna-vystava-o-nasich-najvacsich-selmach","status":"publish","type":"post","link":"https:\/\/pmza.sk\/?p=5038","title":{"rendered":"Jedine\u010dn\u00e1 v\u00fdstava o na\u0161ich najv\u00e4\u010d\u0161\u00edch \u0161elm\u00e1ch"},"content":{"rendered":"<p class=\"MsoNormal\" style=\"text-align: justify;\"><!--[if gte mso 9]><xml>\n<w:worddocument>\n<w:view>Normal<\/w:view>\n<w:zoom>0<\/w:zoom>\n<w:hyphenationzone>21<\/w:hyphenationzone>\n<w:punctuationkerning \/>\n<w:validateagainstschemas \/>\n<w:saveifxmlinvalid>false<\/w:saveifxmlinvalid>\n<w:ignoremixedcontent>false<\/w:ignoremixedcontent>\n<w:alwaysshowplaceholdertext>false<\/w:alwaysshowplaceholdertext>\n<w:compatibility>\n<w:breakwrappedtables \/>\n<w:snaptogridincell \/>\n<w:wraptextwithpunct \/>\n<w:useasianbreakrules \/>\n<w:dontgrowautofit \/>\n<\/w:compatibility>\n<w:browserlevel>MicrosoftInternetExplorer4<\/w:browserlevel>\n<\/w:worddocument>\n<\/xml>< ![endif][if gte mso 9]><xml>\n<w:latentstyles DefLockedState=\"false\" LatentStyleCount=\"156\">\n<\/w:latentstyles>\n<\/xml>< ![endif][if gte mso 10]><\/p>\n\n\n\n<mce:style>< !   \/* Style Definitions *\/  table.MsoNormalTable \t{mso-style-name:\"Norm\u00e1lna tabu\u013eka\"; \tmso-tstyle-rowband-size:0; \tmso-tstyle-colband-size:0; \tmso-style-noshow:yes; \tmso-style-parent:\"\"; \tmso-padding-alt:0cm 5.4pt 0cm 5.4pt; \tmso-para-margin:0cm; \tmso-para-margin-bottom:.0001pt; \tmso-pagination:widow-orphan; \tfont-size:10.0pt; \tfont-family:\"Times New Roman\"; \tmso-ansi-language:#0400; \tmso-fareast-language:#0400; \tmso-bidi-language:#0400;} --><br \/>\n<a href=\"https:\/\/pmza.sk\/wp-content\/uploads\/2012\/02\/vlk1.jpg\"><img fetchpriority=\"high\" decoding=\"async\" class=\"alignleft size-medium wp-image-5040\" style=\"border-image: initial; margin-left: 3px; margin-right: 3px; border: 3px solid black;\" title=\"DCF 1.0\" src=\"https:\/\/pmza.sk.sk\/wp-content\/uploads\/2012\/02\/vlk1-225x300.jpg\" border=\"3\" alt=\"\" hspace=\"3\" width=\"225\" height=\"300\" align=\"left\" \/><\/a><span style=\"color: #ff0000;\">Miesto: Are\u00e1l hradu Budat\u00edn<\/span><span style=\"color: #f00;\"><br \/>\nD\u00e1tum a \u010das: 21. 2. &#8211; 23. 3. 2012, ut &#8211; ne od 9.00 do 16.00 hod.<\/span><\/p>\n<p class=\"MsoNormal\" style=\"text-align: justify;\">Na\u0161im najv\u00e4\u010d\u0161\u00edm \u0161elm\u00e1m \u2013 rysovi, <span style=\"mso-spacerun: yes;\"> <\/span>vlkovi a\u00a0medve\u010fovi bude venovan\u00e1 v\u00fdstava, ktor\u00fa vo v\u00fdstavnej miestnosti Are\u00e1lu Budat\u00ednskeho hradu v\u00a0\u017diline pripravili Z\u00e1kladn\u00e1 organiz\u00e1cia \u010cesk\u00e9ho svazu ochr\u00e1nc\u016f p\u0159\u00edrody Radho\u0161\u0165 z\u00a0Ro\u017enova pod Radho\u0161t\u011bm, <span style=\"mso-spacerun: yes;\"> <\/span>Spr\u00e1vou CHKO Beskydy a Pova\u017esk\u00e9 m\u00fazeum v\u00a0\u017diline.<span style=\"mso-spacerun: yes;\"> <\/span>V\u00fdstava pod n\u00e1zvom <strong style=\"mso-bidi-font-weight: normal;\">Ve\u013ek\u00e9 \u0161elmy \u2013 rys, vlk a medve\u010f v\u00a0\u010ceskej a Slovenskej republike <\/strong>na dvadsiatich paneloch predstav\u00ed Chr\u00e1nen\u00fa krajinn\u00fa oblas\u0165 Beskydy ako eur\u00f3psky v\u00fdznamn\u00fa lokalitu a ako jedin\u00e9 pohorie v\u00a0\u010ceskej republike, kde sa prirodzene spom\u00ednan\u00e9 ve\u013ek\u00e9 \u0161elmy vyskytuj\u00fa. <!--more-->&#8222;<em style=\"mso-bidi-font-style: normal;\">Preva\u017en\u00e1 \u010das\u0165 v\u00fdstavy obsahuje podrobn\u00e9 inform\u00e1cie zo \u017eivota rysov, vlkov a medve\u010fov, o ich roz\u0161\u00edren\u00ed, bion\u00f3mii, pobytov\u00fdch znakoch v\u00a0ter\u00e9ne, ako aj o ich ochrane a tie\u017e o vz\u0165ahoch s\u00a0\u010dlovekom<span style=\"mso-spacerun: yes;\"> <\/span>na teritori\u00e1lnom \u00fazem\u00ed \u010ceskej a\u00a0Slovenskej republiky,<\/em>\u201c povedal Franti\u0161ek \u0160ulgan, geol\u00f3g a\u00a0profesion\u00e1lny ochranca pr\u00edrody zo Spr\u00e1vy Chr\u00e1nenej krajinnej oblasti Beskydy v\u00a0Ro\u017enov\u011b pod Radho\u0161t\u011bm.<\/p>\n<p class=\"MsoNormal\" style=\"text-align: justify;\">S\u00fa\u010das\u0165ou v\u00fdstavy s\u00fa aj sadrov\u00e9 odliatky st\u00f4p, dermoplastick\u00e9 a kostrov\u00e9 prepar\u00e1ty ve\u013ek\u00fdch \u0161eliem zo zoologick\u00e9ho zbierkov\u00e9ho fondu Pova\u017esk\u00e9ho m\u00fazea v\u00a0\u017diline, ktor\u00e9 si v\u00a0tomto roku pripom\u00edna 70. v\u00fdro\u010die svojho vzniku. \u201e<em style=\"mso-bidi-font-style: normal;\">N\u00e1v\u0161tevn\u00edci v\u00fdstavy bud\u00fa ma\u0165 ojedinel\u00fa pr\u00edle\u017eitos\u0165 vidie\u0165 pohromade v\u00a0tom istom \u010dase a\u00a0priestore trojrozmern\u00e9 prepar\u00e1ty na\u0161ich troch druhov ve\u013ek\u00fdch m\u00e4so\u017eravcov, \u010do sa v\u00a0pr\u00edrode nepo\u0161\u0165ast\u00ed ani tomu najtrpezlivej\u0161iemu pozorovate\u013eovi. D\u00f4verne a\u00a0zbl\u00edzka sa m\u00f4\u017eu obozn\u00e1mi\u0165 s ich\u00a0morfol\u00f3giou, tvarov\u00fdmi a\u00a0ve\u013ekostn\u00fdmi pomermi. Anatomick\u00e9 osobitosti a\u00a0detailn\u00fa \u0161trukt\u00faru<span style=\"mso-spacerun: yes;\"> <\/span>zas pribl\u00ed\u017eia vystaven\u00e9 lebky t\u00fdchto m\u00e4so\u017eravcov,<\/em>\u201c dodal Ladislav Hl\u00f4\u0161ka, zool\u00f3g Pova\u017esk\u00e9ho m\u00fazea v\u00a0\u017diline.<\/p>\n<p>V\u00e4\u010d\u0161ina vystaven\u00fdch lebiek zohrala v\u00fdznamn\u00fa \u00falohu vo v\u00fdskume rysa, vlka a\u00a0medve\u010fa na Slovensku a\u00a0zap\u00edsala sa svoj\u00edm sp\u00f4sobom do dej\u00edn eur\u00f3pskej taxon\u00f3mie. Doktor Stollmann, nestor komplexn\u00fdch pr\u00edrodovedn\u00fdch v\u00fdskumov v\u00a0Z\u00e1padn\u00fdch Karpatoch a zakladate\u013e rozsiahlej kolekcie stavovcov v\u00a0zbierkach Pova\u017esk\u00e9ho m\u00fazea v \u017diline, prispel na z\u00e1klade dlhoro\u010dn\u00e9ho v\u00fdskumu lebiek rysa ostrovida k\u00a0jeho pop\u00edsaniu ako samostatn\u00e9ho karpatsk\u00e9ho poddruhu.<span style=\"mso-spacerun: yes;\"> <\/span><\/p>\n<p>V\u00fdznam v\u00fdstavy je v\u00a0dne\u0161nom svete<span style=\"mso-spacerun: yes;\"> <\/span>nen\u00e1vratne mizn\u00facej \u201edivo\u010diny\u201c o\u00a0to v\u00e4\u010d\u0161\u00ed, \u017ee Z\u00e1padn\u00e9 Karpaty predstavuj\u00fa v\u00a0r\u00e1mci Eur\u00f3py jedno z\u00a0posledn\u00fdch \u00fato\u010d\u00edsk<span style=\"color: red;\"> <\/span>ich p\u00f4vodn\u00e9ho v\u00fdskytu, kde sa ich popul\u00e1cie prirodzene rozmno\u017euj\u00fa. \u201e<em style=\"mso-bidi-font-style: normal;\"> V\u00fdstava<\/em> <em style=\"mso-bidi-font-style: &lt;br \/&gt; normal;\">apeluje tie\u017e na zv\u00fd\u0161en\u00fa potrebu komplexnej ochrany posledn\u00fdch zvy\u0161kov ich \u017eivotn\u00e9ho prostredia. Okrem in\u00e9ho bude doplnen\u00e1<span style=\"mso-spacerun: yes;\"> <\/span>p\u00fatav\u00fdmi predn\u00e1\u0161kami pre deti, ml\u00e1de\u017e i \u0161irok\u00fa verejnos\u0165<\/em>,\u201c uzavrel Ladislav Hl\u00f4\u0161ka.<span style=\"mso-tab-count: 1;\"><br \/>\n<\/span><br \/>\nV\u00fdstava<span style=\"mso-spacerun: yes;\"> <\/span><strong style=\"mso-bidi-font-weight: normal;\">Ve\u013ek\u00e9 \u0161elmy \u2013 rys, vlk a medve\u010f v\u00a0\u010ceskej a Slovenskej republike <\/strong>bude pr\u00edstupn\u00e1 verejnosti od <strong style=\"mso-bidi-font-weight: normal;\">21. febru\u00e1ra do 23. marca 2012<\/strong><span style=\"mso-spacerun: yes;\"> <\/span>vo v\u00fdstavnej miestnosti are\u00e1lu Budat\u00ednskeho hradu. Organiz\u00e1torom v\u00fdstavy je Z\u00e1kladn\u00e1 organiz\u00e1cia \u010cesk\u00e9ho svazu ochr\u00e1nc\u016f p\u0159\u00edrody Radho\u0161\u0165 z\u00a0Ro\u017enova pod Radho\u0161t\u011bm, <span style=\"mso-spacerun: yes;\"> <\/span>Spr\u00e1vou CHKO Beskydy , \u017dilinsk\u00fd samospr\u00e1vny kraj a Pova\u017esk\u00e9 m\u00fazeum v\u00a0\u017diline.<\/mce:style><\/p>\n","protected":false},"excerpt":{"rendered":"<p>Miesto: Are\u00e1l hradu Budat\u00edn D\u00e1tum a \u010das: 21. 2. &#8211; 23. 3. 2012, ut &#8211; ne od 9.00 do 16.00 hod. Na\u0161im najv\u00e4\u010d\u0161\u00edm \u0161elm\u00e1m \u2013 rysovi, vlkovi a\u00a0medve\u010fovi bude venovan\u00e1 v\u00fdstava, ktor\u00fa vo v\u00fdstavnej miestnosti Are\u00e1lu Budat\u00ednskeho hradu v\u00a0\u017diline pripravili Z\u00e1kladn\u00e1 organiz\u00e1cia \u010cesk\u00e9ho svazu ochr\u00e1nc\u016f p\u0159\u00edrody Radho\u0161\u0165 z\u00a0Ro\u017enova pod Radho\u0161t\u011bm, Spr\u00e1vou CHKO Beskydy a Pova\u017esk\u00e9 [&hellip;]<\/p>\n","protected":false},"author":2,"featured_media":0,"comment_status":"closed","ping_status":"closed","sticky":false,"template":"","format":"standard","meta":{"site-sidebar-layout":"default","site-content-layout":"","ast-site-content-layout":"","site-content-style":"default","site-sidebar-style":"default","ast-global-header-display":"","ast-banner-title-visibility":"","ast-main-header-display":"","ast-hfb-above-header-display":"","ast-hfb-below-header-display":"","ast-hfb-mobile-header-display":"","site-post-title":"","ast-breadcrumbs-content":"","ast-featured-img":"","footer-sml-layout":"","theme-transparent-header-meta":"","adv-header-id-meta":"","stick-header-meta":"","header-above-stick-meta":"","header-main-stick-meta":"","header-below-stick-meta":"","astra-migrate-meta-layouts":"default","ast-page-background-enabled":"default","ast-page-background-meta":{"desktop":{"background-color":"var(--ast-global-color-4)","background-image":"","background-repeat":"repeat","background-position":"center center","background-size":"auto","background-attachment":"scroll","background-type":"","background-media":"","overlay-type":"","overlay-color":"","overlay-opacity":"","overlay-gradient":""},"tablet":{"background-color":"","background-image":"","background-repeat":"repeat","background-position":"center center","background-size":"auto","background-attachment":"scroll","background-type":"","background-media":"","overlay-type":"","overlay-color":"","overlay-opacity":"","overlay-gradient":""},"mobile":{"background-color":"","background-image":"","background-repeat":"repeat","background-position":"center center","background-size":"auto","background-attachment":"scroll","background-type":"","background-media":"","overlay-type":"","overlay-color":"","overlay-opacity":"","overlay-gradient":""}},"ast-content-background-meta":{"desktop":{"background-color":"var(--ast-global-color-5)","background-image":"","background-repeat":"repeat","background-position":"center center","background-size":"auto","background-attachment":"scroll","background-type":"","background-media":"","overlay-type":"","overlay-color":"","overlay-opacity":"","overlay-gradient":""},"tablet":{"background-color":"var(--ast-global-color-5)","background-image":"","background-repeat":"repeat","background-position":"center center","background-size":"auto","background-attachment":"scroll","background-type":"","background-media":"","overlay-type":"","overlay-color":"","overlay-opacity":"","overlay-gradient":""},"mobile":{"background-color":"var(--ast-global-color-5)","background-image":"","background-repeat":"repeat","background-position":"center center","background-size":"auto","background-attachment":"scroll","background-type":"","background-media":"","overlay-type":"","overlay-color":"","overlay-opacity":"","overlay-gradient":""}},"footnotes":""},"categories":[32],"tags":[],"class_list":["post-5038","post","type-post","status-publish","format-standard","hentry","category-archiv-2012"],"yoast_head":"<!-- This site is optimized with the Yoast SEO plugin v27.4 - https:\/\/yoast.com\/product\/yoast-seo-wordpress\/ -->\n<title>Jedine\u010dn\u00e1 v\u00fdstava o na\u0161ich najv\u00e4\u010d\u0161\u00edch \u0161elm\u00e1ch - Pova\u017esk\u00e9 m\u00fazeum<\/title>\n<meta name=\"robots\" content=\"index, follow, max-snippet:-1, max-image-preview:large, max-video-preview:-1\" \/>\n<link rel=\"canonical\" href=\"https:\/\/pmza.sk\/?p=5038\" \/>\n<meta property=\"og:locale\" content=\"sk_SK\" \/>\n<meta property=\"og:type\" content=\"article\" \/>\n<meta property=\"og:title\" content=\"Jedine\u010dn\u00e1 v\u00fdstava o na\u0161ich najv\u00e4\u010d\u0161\u00edch \u0161elm\u00e1ch - Pova\u017esk\u00e9 m\u00fazeum\" \/>\n<meta property=\"og:description\" content=\"Miesto: Are\u00e1l hradu Budat\u00edn D\u00e1tum a \u010das: 21. 2. &#8211; 23. 3. 2012, ut &#8211; ne od 9.00 do 16.00 hod. Na\u0161im najv\u00e4\u010d\u0161\u00edm \u0161elm\u00e1m \u2013 rysovi, vlkovi a\u00a0medve\u010fovi bude venovan\u00e1 v\u00fdstava, ktor\u00fa vo v\u00fdstavnej miestnosti Are\u00e1lu Budat\u00ednskeho hradu v\u00a0\u017diline pripravili Z\u00e1kladn\u00e1 organiz\u00e1cia \u010cesk\u00e9ho svazu ochr\u00e1nc\u016f p\u0159\u00edrody Radho\u0161\u0165 z\u00a0Ro\u017enova pod Radho\u0161t\u011bm, Spr\u00e1vou CHKO Beskydy a Pova\u017esk\u00e9 [&hellip;]\" \/>\n<meta property=\"og:url\" content=\"https:\/\/pmza.sk\/?p=5038\" \/>\n<meta property=\"og:site_name\" content=\"Pova\u017esk\u00e9 m\u00fazeum\" \/>\n<meta property=\"article:publisher\" content=\"https:\/\/www.facebook.com\/povazskemuzeum\" \/>\n<meta property=\"article:published_time\" content=\"2012-02-17T10:46:48+00:00\" \/>\n<meta property=\"og:image\" content=\"https:\/\/pmza.sk.sk\/wp-content\/uploads\/2012\/02\/vlk1-225x300.jpg\" \/>\n<meta name=\"author\" content=\"Pova\u017esk\u00e9 m\u00fazeum\" \/>\n<meta name=\"twitter:card\" content=\"summary_large_image\" \/>\n<meta name=\"twitter:label1\" content=\"Autor\" \/>\n\t<meta name=\"twitter:data1\" content=\"Pova\u017esk\u00e9 m\u00fazeum\" \/>\n\t<meta name=\"twitter:label2\" content=\"Predpokladan\u00fd \u010das \u010d\u00edtania\" \/>\n\t<meta name=\"twitter:data2\" content=\"3 min\u00faty\" \/>\n<script type=\"application\/ld+json\" class=\"yoast-schema-graph\">{\"@context\":\"https:\\\/\\\/schema.org\",\"@graph\":[{\"@type\":\"Article\",\"@id\":\"https:\\\/\\\/pmza.sk\\\/?p=5038#article\",\"isPartOf\":{\"@id\":\"https:\\\/\\\/pmza.sk\\\/?p=5038\"},\"author\":{\"name\":\"Pova\u017esk\u00e9 m\u00fazeum\",\"@id\":\"https:\\\/\\\/pmza.sk\\\/#\\\/schema\\\/person\\\/595e6a2ce731ea94dcd5d7f50a41ae33\"},\"headline\":\"Jedine\u010dn\u00e1 v\u00fdstava o na\u0161ich najv\u00e4\u010d\u0161\u00edch \u0161elm\u00e1ch\",\"datePublished\":\"2012-02-17T10:46:48+00:00\",\"mainEntityOfPage\":{\"@id\":\"https:\\\/\\\/pmza.sk\\\/?p=5038\"},\"wordCount\":593,\"publisher\":{\"@id\":\"https:\\\/\\\/pmza.sk\\\/#organization\"},\"image\":{\"@id\":\"https:\\\/\\\/pmza.sk\\\/?p=5038#primaryimage\"},\"thumbnailUrl\":\"http:\\\/\\\/pmza.sk.sk\\\/wp-content\\\/uploads\\\/2012\\\/02\\\/vlk1-225x300.jpg\",\"articleSection\":[\"Arch\u00edv 2012\"],\"inLanguage\":\"sk-SK\"},{\"@type\":\"WebPage\",\"@id\":\"https:\\\/\\\/pmza.sk\\\/?p=5038\",\"url\":\"https:\\\/\\\/pmza.sk\\\/?p=5038\",\"name\":\"Jedine\u010dn\u00e1 v\u00fdstava o na\u0161ich najv\u00e4\u010d\u0161\u00edch \u0161elm\u00e1ch - Pova\u017esk\u00e9 m\u00fazeum\",\"isPartOf\":{\"@id\":\"https:\\\/\\\/pmza.sk\\\/#website\"},\"primaryImageOfPage\":{\"@id\":\"https:\\\/\\\/pmza.sk\\\/?p=5038#primaryimage\"},\"image\":{\"@id\":\"https:\\\/\\\/pmza.sk\\\/?p=5038#primaryimage\"},\"thumbnailUrl\":\"http:\\\/\\\/pmza.sk.sk\\\/wp-content\\\/uploads\\\/2012\\\/02\\\/vlk1-225x300.jpg\",\"datePublished\":\"2012-02-17T10:46:48+00:00\",\"breadcrumb\":{\"@id\":\"https:\\\/\\\/pmza.sk\\\/?p=5038#breadcrumb\"},\"inLanguage\":\"sk-SK\",\"potentialAction\":[{\"@type\":\"ReadAction\",\"target\":[\"https:\\\/\\\/pmza.sk\\\/?p=5038\"]}]},{\"@type\":\"ImageObject\",\"inLanguage\":\"sk-SK\",\"@id\":\"https:\\\/\\\/pmza.sk\\\/?p=5038#primaryimage\",\"url\":\"http:\\\/\\\/pmza.sk.sk\\\/wp-content\\\/uploads\\\/2012\\\/02\\\/vlk1-225x300.jpg\",\"contentUrl\":\"http:\\\/\\\/pmza.sk.sk\\\/wp-content\\\/uploads\\\/2012\\\/02\\\/vlk1-225x300.jpg\"},{\"@type\":\"BreadcrumbList\",\"@id\":\"https:\\\/\\\/pmza.sk\\\/?p=5038#breadcrumb\",\"itemListElement\":[{\"@type\":\"ListItem\",\"position\":1,\"name\":\"Domovsk\u00e1 str\u00e1nka\",\"item\":\"https:\\\/\\\/pmza.sk\\\/\"},{\"@type\":\"ListItem\",\"position\":2,\"name\":\"Jedine\u010dn\u00e1 v\u00fdstava o na\u0161ich najv\u00e4\u010d\u0161\u00edch \u0161elm\u00e1ch\"}]},{\"@type\":\"WebSite\",\"@id\":\"https:\\\/\\\/pmza.sk\\\/#website\",\"url\":\"https:\\\/\\\/pmza.sk\\\/\",\"name\":\"Pova\u017esk\u00e9 m\u00fazeum\",\"description\":\"Pova\u017esk\u00e9 m\u00fazeum v \u017diline je region\u00e1lne m\u00fazeum so s\u00eddlom v Budat\u00edne. Jeho expoz\u00edcie s\u00fa zameran\u00e9 na dejiny slovensk\u00e9ho umenia, kult\u00fary a dopravy.\",\"publisher\":{\"@id\":\"https:\\\/\\\/pmza.sk\\\/#organization\"},\"potentialAction\":[{\"@type\":\"SearchAction\",\"target\":{\"@type\":\"EntryPoint\",\"urlTemplate\":\"https:\\\/\\\/pmza.sk\\\/?s={search_term_string}\"},\"query-input\":{\"@type\":\"PropertyValueSpecification\",\"valueRequired\":true,\"valueName\":\"search_term_string\"}}],\"inLanguage\":\"sk-SK\"},{\"@type\":\"Organization\",\"@id\":\"https:\\\/\\\/pmza.sk\\\/#organization\",\"name\":\"Pova\u017esk\u00e9 m\u00fazeum\",\"url\":\"https:\\\/\\\/pmza.sk\\\/\",\"logo\":{\"@type\":\"ImageObject\",\"inLanguage\":\"sk-SK\",\"@id\":\"https:\\\/\\\/pmza.sk\\\/#\\\/schema\\\/logo\\\/image\\\/\",\"url\":\"https:\\\/\\\/pmza.sk\\\/wp-content\\\/uploads\\\/2022\\\/01\\\/logo_PM_horizontal.jpg\",\"contentUrl\":\"https:\\\/\\\/pmza.sk\\\/wp-content\\\/uploads\\\/2022\\\/01\\\/logo_PM_horizontal.jpg\",\"width\":231,\"height\":142,\"caption\":\"Pova\u017esk\u00e9 m\u00fazeum\"},\"image\":{\"@id\":\"https:\\\/\\\/pmza.sk\\\/#\\\/schema\\\/logo\\\/image\\\/\"},\"sameAs\":[\"https:\\\/\\\/www.facebook.com\\\/povazskemuzeum\",\"https:\\\/\\\/www.instagram.com\\\/povazskemuzeum\\\/\"]},{\"@type\":\"Person\",\"@id\":\"https:\\\/\\\/pmza.sk\\\/#\\\/schema\\\/person\\\/595e6a2ce731ea94dcd5d7f50a41ae33\",\"name\":\"Pova\u017esk\u00e9 m\u00fazeum\",\"image\":{\"@type\":\"ImageObject\",\"inLanguage\":\"sk-SK\",\"@id\":\"https:\\\/\\\/secure.gravatar.com\\\/avatar\\\/2bb7f1561282132fb5826dfeccc66c7996d11ee392ac6aaf7ced8a1c2027fbb2?s=96&d=mm&r=g\",\"url\":\"https:\\\/\\\/secure.gravatar.com\\\/avatar\\\/2bb7f1561282132fb5826dfeccc66c7996d11ee392ac6aaf7ced8a1c2027fbb2?s=96&d=mm&r=g\",\"contentUrl\":\"https:\\\/\\\/secure.gravatar.com\\\/avatar\\\/2bb7f1561282132fb5826dfeccc66c7996d11ee392ac6aaf7ced8a1c2027fbb2?s=96&d=mm&r=g\",\"caption\":\"Pova\u017esk\u00e9 m\u00fazeum\"}}]}<\/script>\n<!-- \/ Yoast SEO plugin. -->","yoast_head_json":{"title":"Jedine\u010dn\u00e1 v\u00fdstava o na\u0161ich najv\u00e4\u010d\u0161\u00edch \u0161elm\u00e1ch - Pova\u017esk\u00e9 m\u00fazeum","robots":{"index":"index","follow":"follow","max-snippet":"max-snippet:-1","max-image-preview":"max-image-preview:large","max-video-preview":"max-video-preview:-1"},"canonical":"https:\/\/pmza.sk\/?p=5038","og_locale":"sk_SK","og_type":"article","og_title":"Jedine\u010dn\u00e1 v\u00fdstava o na\u0161ich najv\u00e4\u010d\u0161\u00edch \u0161elm\u00e1ch - Pova\u017esk\u00e9 m\u00fazeum","og_description":"Miesto: Are\u00e1l hradu Budat\u00edn D\u00e1tum a \u010das: 21. 2. &#8211; 23. 3. 2012, ut &#8211; ne od 9.00 do 16.00 hod. Na\u0161im najv\u00e4\u010d\u0161\u00edm \u0161elm\u00e1m \u2013 rysovi, vlkovi a\u00a0medve\u010fovi bude venovan\u00e1 v\u00fdstava, ktor\u00fa vo v\u00fdstavnej miestnosti Are\u00e1lu Budat\u00ednskeho hradu v\u00a0\u017diline pripravili Z\u00e1kladn\u00e1 organiz\u00e1cia \u010cesk\u00e9ho svazu ochr\u00e1nc\u016f p\u0159\u00edrody Radho\u0161\u0165 z\u00a0Ro\u017enova pod Radho\u0161t\u011bm, Spr\u00e1vou CHKO Beskydy a Pova\u017esk\u00e9 [&hellip;]","og_url":"https:\/\/pmza.sk\/?p=5038","og_site_name":"Pova\u017esk\u00e9 m\u00fazeum","article_publisher":"https:\/\/www.facebook.com\/povazskemuzeum","article_published_time":"2012-02-17T10:46:48+00:00","og_image":[{"url":"https:\/\/pmza.sk.sk\/wp-content\/uploads\/2012\/02\/vlk1-225x300.jpg","type":"","width":"","height":""}],"author":"Pova\u017esk\u00e9 m\u00fazeum","twitter_card":"summary_large_image","twitter_misc":{"Autor":"Pova\u017esk\u00e9 m\u00fazeum","Predpokladan\u00fd \u010das \u010d\u00edtania":"3 min\u00faty"},"schema":{"@context":"https:\/\/schema.org","@graph":[{"@type":"Article","@id":"https:\/\/pmza.sk\/?p=5038#article","isPartOf":{"@id":"https:\/\/pmza.sk\/?p=5038"},"author":{"name":"Pova\u017esk\u00e9 m\u00fazeum","@id":"https:\/\/pmza.sk\/#\/schema\/person\/595e6a2ce731ea94dcd5d7f50a41ae33"},"headline":"Jedine\u010dn\u00e1 v\u00fdstava o na\u0161ich najv\u00e4\u010d\u0161\u00edch \u0161elm\u00e1ch","datePublished":"2012-02-17T10:46:48+00:00","mainEntityOfPage":{"@id":"https:\/\/pmza.sk\/?p=5038"},"wordCount":593,"publisher":{"@id":"https:\/\/pmza.sk\/#organization"},"image":{"@id":"https:\/\/pmza.sk\/?p=5038#primaryimage"},"thumbnailUrl":"https:\/\/pmza.sk.sk\/wp-content\/uploads\/2012\/02\/vlk1-225x300.jpg","articleSection":["Arch\u00edv 2012"],"inLanguage":"sk-SK"},{"@type":"WebPage","@id":"https:\/\/pmza.sk\/?p=5038","url":"https:\/\/pmza.sk\/?p=5038","name":"Jedine\u010dn\u00e1 v\u00fdstava o na\u0161ich najv\u00e4\u010d\u0161\u00edch \u0161elm\u00e1ch - Pova\u017esk\u00e9 m\u00fazeum","isPartOf":{"@id":"https:\/\/pmza.sk\/#website"},"primaryImageOfPage":{"@id":"https:\/\/pmza.sk\/?p=5038#primaryimage"},"image":{"@id":"https:\/\/pmza.sk\/?p=5038#primaryimage"},"thumbnailUrl":"https:\/\/pmza.sk.sk\/wp-content\/uploads\/2012\/02\/vlk1-225x300.jpg","datePublished":"2012-02-17T10:46:48+00:00","breadcrumb":{"@id":"https:\/\/pmza.sk\/?p=5038#breadcrumb"},"inLanguage":"sk-SK","potentialAction":[{"@type":"ReadAction","target":["https:\/\/pmza.sk\/?p=5038"]}]},{"@type":"ImageObject","inLanguage":"sk-SK","@id":"https:\/\/pmza.sk\/?p=5038#primaryimage","url":"https:\/\/pmza.sk.sk\/wp-content\/uploads\/2012\/02\/vlk1-225x300.jpg","contentUrl":"https:\/\/pmza.sk.sk\/wp-content\/uploads\/2012\/02\/vlk1-225x300.jpg"},{"@type":"BreadcrumbList","@id":"https:\/\/pmza.sk\/?p=5038#breadcrumb","itemListElement":[{"@type":"ListItem","position":1,"name":"Domovsk\u00e1 str\u00e1nka","item":"https:\/\/pmza.sk\/"},{"@type":"ListItem","position":2,"name":"Jedine\u010dn\u00e1 v\u00fdstava o na\u0161ich najv\u00e4\u010d\u0161\u00edch \u0161elm\u00e1ch"}]},{"@type":"WebSite","@id":"https:\/\/pmza.sk\/#website","url":"https:\/\/pmza.sk\/","name":"Pova\u017esk\u00e9 m\u00fazeum","description":"Pova\u017esk\u00e9 m\u00fazeum v \u017diline je region\u00e1lne m\u00fazeum so s\u00eddlom v Budat\u00edne. Jeho expoz\u00edcie s\u00fa zameran\u00e9 na dejiny slovensk\u00e9ho umenia, kult\u00fary a dopravy.","publisher":{"@id":"https:\/\/pmza.sk\/#organization"},"potentialAction":[{"@type":"SearchAction","target":{"@type":"EntryPoint","urlTemplate":"https:\/\/pmza.sk\/?s={search_term_string}"},"query-input":{"@type":"PropertyValueSpecification","valueRequired":true,"valueName":"search_term_string"}}],"inLanguage":"sk-SK"},{"@type":"Organization","@id":"https:\/\/pmza.sk\/#organization","name":"Pova\u017esk\u00e9 m\u00fazeum","url":"https:\/\/pmza.sk\/","logo":{"@type":"ImageObject","inLanguage":"sk-SK","@id":"https:\/\/pmza.sk\/#\/schema\/logo\/image\/","url":"https:\/\/pmza.sk\/wp-content\/uploads\/2022\/01\/logo_PM_horizontal.jpg","contentUrl":"https:\/\/pmza.sk\/wp-content\/uploads\/2022\/01\/logo_PM_horizontal.jpg","width":231,"height":142,"caption":"Pova\u017esk\u00e9 m\u00fazeum"},"image":{"@id":"https:\/\/pmza.sk\/#\/schema\/logo\/image\/"},"sameAs":["https:\/\/www.facebook.com\/povazskemuzeum","https:\/\/www.instagram.com\/povazskemuzeum\/"]},{"@type":"Person","@id":"https:\/\/pmza.sk\/#\/schema\/person\/595e6a2ce731ea94dcd5d7f50a41ae33","name":"Pova\u017esk\u00e9 m\u00fazeum","image":{"@type":"ImageObject","inLanguage":"sk-SK","@id":"https:\/\/secure.gravatar.com\/avatar\/2bb7f1561282132fb5826dfeccc66c7996d11ee392ac6aaf7ced8a1c2027fbb2?s=96&d=mm&r=g","url":"https:\/\/secure.gravatar.com\/avatar\/2bb7f1561282132fb5826dfeccc66c7996d11ee392ac6aaf7ced8a1c2027fbb2?s=96&d=mm&r=g","contentUrl":"https:\/\/secure.gravatar.com\/avatar\/2bb7f1561282132fb5826dfeccc66c7996d11ee392ac6aaf7ced8a1c2027fbb2?s=96&d=mm&r=g","caption":"Pova\u017esk\u00e9 m\u00fazeum"}}]}},"_links":{"self":[{"href":"https:\/\/pmza.sk\/index.php?rest_route=\/wp\/v2\/posts\/5038","targetHints":{"allow":["GET"]}}],"collection":[{"href":"https:\/\/pmza.sk\/index.php?rest_route=\/wp\/v2\/posts"}],"about":[{"href":"https:\/\/pmza.sk\/index.php?rest_route=\/wp\/v2\/types\/post"}],"author":[{"embeddable":true,"href":"https:\/\/pmza.sk\/index.php?rest_route=\/wp\/v2\/users\/2"}],"replies":[{"embeddable":true,"href":"https:\/\/pmza.sk\/index.php?rest_route=%2Fwp%2Fv2%2Fcomments&post=5038"}],"version-history":[{"count":0,"href":"https:\/\/pmza.sk\/index.php?rest_route=\/wp\/v2\/posts\/5038\/revisions"}],"wp:attachment":[{"href":"https:\/\/pmza.sk\/index.php?rest_route=%2Fwp%2Fv2%2Fmedia&parent=5038"}],"wp:term":[{"taxonomy":"category","embeddable":true,"href":"https:\/\/pmza.sk\/index.php?rest_route=%2Fwp%2Fv2%2Fcategories&post=5038"},{"taxonomy":"post_tag","embeddable":true,"href":"https:\/\/pmza.sk\/index.php?rest_route=%2Fwp%2Fv2%2Ftags&post=5038"}],"curies":[{"name":"wp","href":"https:\/\/api.w.org\/{rel}","templated":true}]}}