{"id":50432,"date":"2022-03-31T14:34:04","date_gmt":"2022-03-31T12:34:04","guid":{"rendered":"https:\/\/pmza.sk\/?p=50432"},"modified":"2022-04-21T08:12:52","modified_gmt":"2022-04-21T06:12:52","slug":"budatinsky-hrad-bude-ziarit-namodro","status":"publish","type":"post","link":"https:\/\/pmza.sk\/?p=50432","title":{"rendered":"Budat\u00ednsky hrad bude \u017eiari\u0165 na modro"},"content":{"rendered":"<p>Budat\u00ednsky hrad bude v r\u00e1mci kampane Light it up blue op\u00e4\u0165 svieti\u0165 na modro.<\/p>\n<p>Tla\u010dov\u00e1 spr\u00e1va SPOSA-\u017dR<\/p>\n<p><strong>Spolo\u010dnos\u0165 na pomoc osob\u00e1m s autizmom &#8211; \u017dilinsk\u00fd regi\u00f3n<\/strong> sa do modrej kampane zap\u00e1ja od roku 2012, pri\u010dom sa k nej pripojilo aj mesto \u017dilina a Pova\u017esk\u00e9 M\u00fazeum s expoz\u00edciou Budat\u00ednsky hrad. Urobia tak vo ve\u010dern\u00fdch hodin\u00e1ch modr\u00fdm vysvieten\u00edm budovy \u017eilinskej radnice, Burianovej ve\u017ee a Budat\u00ednskej ve\u017ee od 1. 4. do 3. 4. 2022. Iniciat\u00edva \u00a0vych\u00e1dza z jednej\u00a0 najv\u00fdznamnej\u0161\u00edch svetov\u00fdch organiz\u00e1ci\u00ed Autism Speaks. Druh\u00fd apr\u00edl bol rezol\u00faciou Organiz\u00e1cie Spojen\u00fdch N\u00e1rodov prijat\u00fd ako Svetov\u00fd de\u0148 povedomia o autizme. Cie\u013eom kampane je zv\u00fd\u0161i\u0165 povedomie o autizme a snaha za\u010dleni\u0165 ich medzi seba a vytvori\u0165 im podmienky pre zmyslupln\u00fd \u017eivot.<\/p>\n<p>Modr\u00e9 svetlo pom\u00e1ha zacieli\u0165 pozornos\u0165 verejnosti na autizmus \u2013 v\u00fdvinov\u00fa poruchu, ktor\u00e1 ovplyv\u0148uje v s\u00fa\u010dasnosti viac ako 70 mili\u00f3nov \u013eud\u00ed na celom svete. Autizmom trp\u00ed viac \u013eud\u00ed ako cukrovkou a AIDS dohromady. Jeho symbolom je modr\u00e1 farba, teda farba komunik\u00e1cie a \u00fastredn\u00e1 farba celej kampane <strong>Light it up blue<\/strong>.<\/p>\n<p><strong>Autizmus<\/strong> je celo\u017eivotn\u00e1 porucha v\u00fdvinu, ktor\u00fa charakterizuj\u00fa nedostatky v oblasti komunik\u00e1cie, soci\u00e1lnej interakcie a predstavivosti. Prejavuje sa u det\u00ed od detstva, v\u00e4\u010d\u0161inou do piatich rokov. M\u00e1 viacero foriem, ka\u017ed\u00e1 m\u00f4\u017ee ma\u0165 in\u00fa intenzitu prejavov. Druhy autizmu s\u00fa r\u00f4zne, pri\u010dom niekedy sa autistick\u00e9 rysy m\u00f4\u017eu z\u00e1sadne l\u00ed\u0161i\u0165 a\u00a0nie v\u017edy je pr\u00edtomn\u00e1 ment\u00e1lna retard\u00e1cia. Diagn\u00f3zy autizmu maj\u00fa ozna\u010denie <strong>F84.<\/strong>&#8230;Prav\u00e9 pr\u00ed\u010diny vzniku autizmu s\u00fa nezn\u00e1me a\u00a0lek\u00e1rska veda zatia\u013e nepri\u0161la na p\u00f4vod ochorenia. V\u00e4\u010d\u0161ina odborn\u00edkov sa domnieva, \u017ee ochorenie sp\u00f4sobuje kombin\u00e1cia viacer\u00fdch faktorov. Deti trpiace autizmom potrebuj\u00fa \u0161peci\u00e1lne vzdel\u00e1vanie a celo\u017eivotn\u00fa starostlivos\u0165.<\/p>\n<p>\u0160irok\u00e1 verejnos\u0165 m\u00f4\u017ee 2.apr\u00edla svoju solidaritu prejavi\u0165 modr\u00fdm oble\u010den\u00edm.<\/p>\n","protected":false},"excerpt":{"rendered":"<p>Budat\u00ednsky hrad bude v r\u00e1mci kampane Light it up blue op\u00e4\u0165 svieti\u0165 na modro. Tla\u010dov\u00e1 spr\u00e1va SPOSA-\u017dR Spolo\u010dnos\u0165 na pomoc osob\u00e1m s autizmom &#8211; \u017dilinsk\u00fd regi\u00f3n sa do modrej kampane zap\u00e1ja od roku 2012, pri\u010dom sa k nej pripojilo aj mesto \u017dilina a Pova\u017esk\u00e9 M\u00fazeum s expoz\u00edciou Budat\u00ednsky hrad. Urobia tak vo ve\u010dern\u00fdch hodin\u00e1ch modr\u00fdm [&hellip;]<\/p>\n","protected":false},"author":2,"featured_media":38855,"comment_status":"open","ping_status":"open","sticky":false,"template":"","format":"standard","meta":{"site-sidebar-layout":"default","site-content-layout":"default","ast-site-content-layout":"","site-content-style":"default","site-sidebar-style":"default","ast-global-header-display":"","ast-banner-title-visibility":"","ast-main-header-display":"","ast-hfb-above-header-display":"","ast-hfb-below-header-display":"","ast-hfb-mobile-header-display":"","site-post-title":"","ast-breadcrumbs-content":"","ast-featured-img":"","footer-sml-layout":"","theme-transparent-header-meta":"default","adv-header-id-meta":"","stick-header-meta":"default","header-above-stick-meta":"","header-main-stick-meta":"","header-below-stick-meta":"","astra-migrate-meta-layouts":"default","ast-page-background-enabled":"default","ast-page-background-meta":{"desktop":{"background-color":"var(--ast-global-color-4)","background-image":"","background-repeat":"repeat","background-position":"center center","background-size":"auto","background-attachment":"scroll","background-type":"","background-media":"","overlay-type":"","overlay-color":"","overlay-opacity":"","overlay-gradient":""},"tablet":{"background-color":"","background-image":"","background-repeat":"repeat","background-position":"center center","background-size":"auto","background-attachment":"scroll","background-type":"","background-media":"","overlay-type":"","overlay-color":"","overlay-opacity":"","overlay-gradient":""},"mobile":{"background-color":"","background-image":"","background-repeat":"repeat","background-position":"center center","background-size":"auto","background-attachment":"scroll","background-type":"","background-media":"","overlay-type":"","overlay-color":"","overlay-opacity":"","overlay-gradient":""}},"ast-content-background-meta":{"desktop":{"background-color":"var(--ast-global-color-5)","background-image":"","background-repeat":"repeat","background-position":"center center","background-size":"auto","background-attachment":"scroll","background-type":"","background-media":"","overlay-type":"","overlay-color":"","overlay-opacity":"","overlay-gradient":""},"tablet":{"background-color":"var(--ast-global-color-5)","background-image":"","background-repeat":"repeat","background-position":"center center","background-size":"auto","background-attachment":"scroll","background-type":"","background-media":"","overlay-type":"","overlay-color":"","overlay-opacity":"","overlay-gradient":""},"mobile":{"background-color":"var(--ast-global-color-5)","background-image":"","background-repeat":"repeat","background-position":"center center","background-size":"auto","background-attachment":"scroll","background-type":"","background-media":"","overlay-type":"","overlay-color":"","overlay-opacity":"","overlay-gradient":""}},"footnotes":""},"categories":[31],"tags":[],"class_list":["post-50432","post","type-post","status-publish","format-standard","has-post-thumbnail","hentry","category-aktuality"],"yoast_head":"<!-- This site is optimized with the Yoast SEO plugin v27.4 - https:\/\/yoast.com\/product\/yoast-seo-wordpress\/ -->\n<title>Budat\u00ednsky hrad bude \u017eiari\u0165 na modro - Pova\u017esk\u00e9 m\u00fazeum<\/title>\n<meta name=\"description\" content=\"Budat\u00ednsky hrad bude v r\u00e1mci kampane Light it up blue op\u00e4\u0165 svieti\u0165 na modro. Od 1. apr\u00edla do 3. apr\u00edla tak pom\u00f4\u017ee upriami\u0165 pozornos\u0165 verejnosti na autizmus.\" \/>\n<meta name=\"robots\" content=\"index, follow, max-snippet:-1, max-image-preview:large, max-video-preview:-1\" \/>\n<link rel=\"canonical\" href=\"https:\/\/pmza.sk\/?p=50432\" \/>\n<meta property=\"og:locale\" content=\"sk_SK\" \/>\n<meta property=\"og:type\" content=\"article\" \/>\n<meta property=\"og:title\" content=\"Budat\u00ednsky hrad bude \u017eiari\u0165 na modro - Pova\u017esk\u00e9 m\u00fazeum\" \/>\n<meta property=\"og:description\" content=\"Budat\u00ednsky hrad bude v r\u00e1mci kampane Light it up blue op\u00e4\u0165 svieti\u0165 na modro. Od 1. apr\u00edla do 3. apr\u00edla tak pom\u00f4\u017ee upriami\u0165 pozornos\u0165 verejnosti na autizmus.\" \/>\n<meta property=\"og:url\" content=\"https:\/\/pmza.sk\/?p=50432\" \/>\n<meta property=\"og:site_name\" content=\"Pova\u017esk\u00e9 m\u00fazeum\" \/>\n<meta property=\"article:publisher\" content=\"https:\/\/www.facebook.com\/povazskemuzeum\" \/>\n<meta property=\"article:published_time\" content=\"2022-03-31T12:34:04+00:00\" \/>\n<meta property=\"article:modified_time\" content=\"2022-04-21T06:12:52+00:00\" \/>\n<meta property=\"og:image\" content=\"https:\/\/pmza.sk\/wp-content\/uploads\/2020\/03\/Modra-veza-z-2015.jpg\" \/>\n\t<meta property=\"og:image:width\" content=\"1024\" \/>\n\t<meta property=\"og:image:height\" content=\"683\" \/>\n\t<meta property=\"og:image:type\" content=\"image\/jpeg\" \/>\n<meta name=\"author\" content=\"Pova\u017esk\u00e9 m\u00fazeum\" \/>\n<meta name=\"twitter:card\" content=\"summary_large_image\" \/>\n<meta name=\"twitter:label1\" content=\"Autor\" \/>\n\t<meta name=\"twitter:data1\" content=\"Pova\u017esk\u00e9 m\u00fazeum\" \/>\n\t<meta name=\"twitter:label2\" content=\"Predpokladan\u00fd \u010das \u010d\u00edtania\" \/>\n\t<meta name=\"twitter:data2\" content=\"2 min\u00faty\" \/>\n<script type=\"application\/ld+json\" class=\"yoast-schema-graph\">{\"@context\":\"https:\\\/\\\/schema.org\",\"@graph\":[{\"@type\":\"Article\",\"@id\":\"https:\\\/\\\/pmza.sk\\\/?p=50432#article\",\"isPartOf\":{\"@id\":\"https:\\\/\\\/pmza.sk\\\/?p=50432\"},\"author\":{\"name\":\"Pova\u017esk\u00e9 m\u00fazeum\",\"@id\":\"https:\\\/\\\/pmza.sk\\\/#\\\/schema\\\/person\\\/595e6a2ce731ea94dcd5d7f50a41ae33\"},\"headline\":\"Budat\u00ednsky hrad bude \u017eiari\u0165 na modro\",\"datePublished\":\"2022-03-31T12:34:04+00:00\",\"dateModified\":\"2022-04-21T06:12:52+00:00\",\"mainEntityOfPage\":{\"@id\":\"https:\\\/\\\/pmza.sk\\\/?p=50432\"},\"wordCount\":340,\"commentCount\":0,\"publisher\":{\"@id\":\"https:\\\/\\\/pmza.sk\\\/#organization\"},\"image\":{\"@id\":\"https:\\\/\\\/pmza.sk\\\/?p=50432#primaryimage\"},\"thumbnailUrl\":\"https:\\\/\\\/pmza.sk\\\/wp-content\\\/uploads\\\/2020\\\/03\\\/Modra-veza-z-2015.jpg\",\"articleSection\":[\"Aktuality\"],\"inLanguage\":\"sk-SK\"},{\"@type\":\"WebPage\",\"@id\":\"https:\\\/\\\/pmza.sk\\\/?p=50432\",\"url\":\"https:\\\/\\\/pmza.sk\\\/?p=50432\",\"name\":\"Budat\u00ednsky hrad bude \u017eiari\u0165 na modro - Pova\u017esk\u00e9 m\u00fazeum\",\"isPartOf\":{\"@id\":\"https:\\\/\\\/pmza.sk\\\/#website\"},\"primaryImageOfPage\":{\"@id\":\"https:\\\/\\\/pmza.sk\\\/?p=50432#primaryimage\"},\"image\":{\"@id\":\"https:\\\/\\\/pmza.sk\\\/?p=50432#primaryimage\"},\"thumbnailUrl\":\"https:\\\/\\\/pmza.sk\\\/wp-content\\\/uploads\\\/2020\\\/03\\\/Modra-veza-z-2015.jpg\",\"datePublished\":\"2022-03-31T12:34:04+00:00\",\"dateModified\":\"2022-04-21T06:12:52+00:00\",\"description\":\"Budat\u00ednsky hrad bude v r\u00e1mci kampane Light it up blue op\u00e4\u0165 svieti\u0165 na modro. Od 1. apr\u00edla do 3. apr\u00edla tak pom\u00f4\u017ee upriami\u0165 pozornos\u0165 verejnosti na autizmus.\",\"breadcrumb\":{\"@id\":\"https:\\\/\\\/pmza.sk\\\/?p=50432#breadcrumb\"},\"inLanguage\":\"sk-SK\",\"potentialAction\":[{\"@type\":\"ReadAction\",\"target\":[\"https:\\\/\\\/pmza.sk\\\/?p=50432\"]}]},{\"@type\":\"ImageObject\",\"inLanguage\":\"sk-SK\",\"@id\":\"https:\\\/\\\/pmza.sk\\\/?p=50432#primaryimage\",\"url\":\"https:\\\/\\\/pmza.sk\\\/wp-content\\\/uploads\\\/2020\\\/03\\\/Modra-veza-z-2015.jpg\",\"contentUrl\":\"https:\\\/\\\/pmza.sk\\\/wp-content\\\/uploads\\\/2020\\\/03\\\/Modra-veza-z-2015.jpg\",\"width\":1024,\"height\":683},{\"@type\":\"BreadcrumbList\",\"@id\":\"https:\\\/\\\/pmza.sk\\\/?p=50432#breadcrumb\",\"itemListElement\":[{\"@type\":\"ListItem\",\"position\":1,\"name\":\"Domovsk\u00e1 str\u00e1nka\",\"item\":\"https:\\\/\\\/pmza.sk\\\/\"},{\"@type\":\"ListItem\",\"position\":2,\"name\":\"Budat\u00ednsky hrad bude \u017eiari\u0165 na modro\"}]},{\"@type\":\"WebSite\",\"@id\":\"https:\\\/\\\/pmza.sk\\\/#website\",\"url\":\"https:\\\/\\\/pmza.sk\\\/\",\"name\":\"Pova\u017esk\u00e9 m\u00fazeum\",\"description\":\"Pova\u017esk\u00e9 m\u00fazeum v \u017diline je region\u00e1lne m\u00fazeum so s\u00eddlom v Budat\u00edne. Jeho expoz\u00edcie s\u00fa zameran\u00e9 na dejiny slovensk\u00e9ho umenia, kult\u00fary a dopravy.\",\"publisher\":{\"@id\":\"https:\\\/\\\/pmza.sk\\\/#organization\"},\"potentialAction\":[{\"@type\":\"SearchAction\",\"target\":{\"@type\":\"EntryPoint\",\"urlTemplate\":\"https:\\\/\\\/pmza.sk\\\/?s={search_term_string}\"},\"query-input\":{\"@type\":\"PropertyValueSpecification\",\"valueRequired\":true,\"valueName\":\"search_term_string\"}}],\"inLanguage\":\"sk-SK\"},{\"@type\":\"Organization\",\"@id\":\"https:\\\/\\\/pmza.sk\\\/#organization\",\"name\":\"Pova\u017esk\u00e9 m\u00fazeum\",\"url\":\"https:\\\/\\\/pmza.sk\\\/\",\"logo\":{\"@type\":\"ImageObject\",\"inLanguage\":\"sk-SK\",\"@id\":\"https:\\\/\\\/pmza.sk\\\/#\\\/schema\\\/logo\\\/image\\\/\",\"url\":\"https:\\\/\\\/pmza.sk\\\/wp-content\\\/uploads\\\/2022\\\/01\\\/logo_PM_horizontal.jpg\",\"contentUrl\":\"https:\\\/\\\/pmza.sk\\\/wp-content\\\/uploads\\\/2022\\\/01\\\/logo_PM_horizontal.jpg\",\"width\":231,\"height\":142,\"caption\":\"Pova\u017esk\u00e9 m\u00fazeum\"},\"image\":{\"@id\":\"https:\\\/\\\/pmza.sk\\\/#\\\/schema\\\/logo\\\/image\\\/\"},\"sameAs\":[\"https:\\\/\\\/www.facebook.com\\\/povazskemuzeum\",\"https:\\\/\\\/www.instagram.com\\\/povazskemuzeum\\\/\"]},{\"@type\":\"Person\",\"@id\":\"https:\\\/\\\/pmza.sk\\\/#\\\/schema\\\/person\\\/595e6a2ce731ea94dcd5d7f50a41ae33\",\"name\":\"Pova\u017esk\u00e9 m\u00fazeum\",\"image\":{\"@type\":\"ImageObject\",\"inLanguage\":\"sk-SK\",\"@id\":\"https:\\\/\\\/secure.gravatar.com\\\/avatar\\\/2bb7f1561282132fb5826dfeccc66c7996d11ee392ac6aaf7ced8a1c2027fbb2?s=96&d=mm&r=g\",\"url\":\"https:\\\/\\\/secure.gravatar.com\\\/avatar\\\/2bb7f1561282132fb5826dfeccc66c7996d11ee392ac6aaf7ced8a1c2027fbb2?s=96&d=mm&r=g\",\"contentUrl\":\"https:\\\/\\\/secure.gravatar.com\\\/avatar\\\/2bb7f1561282132fb5826dfeccc66c7996d11ee392ac6aaf7ced8a1c2027fbb2?s=96&d=mm&r=g\",\"caption\":\"Pova\u017esk\u00e9 m\u00fazeum\"}}]}<\/script>\n<!-- \/ Yoast SEO plugin. -->","yoast_head_json":{"title":"Budat\u00ednsky hrad bude \u017eiari\u0165 na modro - Pova\u017esk\u00e9 m\u00fazeum","description":"Budat\u00ednsky hrad bude v r\u00e1mci kampane Light it up blue op\u00e4\u0165 svieti\u0165 na modro. Od 1. apr\u00edla do 3. apr\u00edla tak pom\u00f4\u017ee upriami\u0165 pozornos\u0165 verejnosti na autizmus.","robots":{"index":"index","follow":"follow","max-snippet":"max-snippet:-1","max-image-preview":"max-image-preview:large","max-video-preview":"max-video-preview:-1"},"canonical":"https:\/\/pmza.sk\/?p=50432","og_locale":"sk_SK","og_type":"article","og_title":"Budat\u00ednsky hrad bude \u017eiari\u0165 na modro - Pova\u017esk\u00e9 m\u00fazeum","og_description":"Budat\u00ednsky hrad bude v r\u00e1mci kampane Light it up blue op\u00e4\u0165 svieti\u0165 na modro. Od 1. apr\u00edla do 3. apr\u00edla tak pom\u00f4\u017ee upriami\u0165 pozornos\u0165 verejnosti na autizmus.","og_url":"https:\/\/pmza.sk\/?p=50432","og_site_name":"Pova\u017esk\u00e9 m\u00fazeum","article_publisher":"https:\/\/www.facebook.com\/povazskemuzeum","article_published_time":"2022-03-31T12:34:04+00:00","article_modified_time":"2022-04-21T06:12:52+00:00","og_image":[{"width":1024,"height":683,"url":"https:\/\/pmza.sk\/wp-content\/uploads\/2020\/03\/Modra-veza-z-2015.jpg","type":"image\/jpeg"}],"author":"Pova\u017esk\u00e9 m\u00fazeum","twitter_card":"summary_large_image","twitter_misc":{"Autor":"Pova\u017esk\u00e9 m\u00fazeum","Predpokladan\u00fd \u010das \u010d\u00edtania":"2 min\u00faty"},"schema":{"@context":"https:\/\/schema.org","@graph":[{"@type":"Article","@id":"https:\/\/pmza.sk\/?p=50432#article","isPartOf":{"@id":"https:\/\/pmza.sk\/?p=50432"},"author":{"name":"Pova\u017esk\u00e9 m\u00fazeum","@id":"https:\/\/pmza.sk\/#\/schema\/person\/595e6a2ce731ea94dcd5d7f50a41ae33"},"headline":"Budat\u00ednsky hrad bude \u017eiari\u0165 na modro","datePublished":"2022-03-31T12:34:04+00:00","dateModified":"2022-04-21T06:12:52+00:00","mainEntityOfPage":{"@id":"https:\/\/pmza.sk\/?p=50432"},"wordCount":340,"commentCount":0,"publisher":{"@id":"https:\/\/pmza.sk\/#organization"},"image":{"@id":"https:\/\/pmza.sk\/?p=50432#primaryimage"},"thumbnailUrl":"https:\/\/pmza.sk\/wp-content\/uploads\/2020\/03\/Modra-veza-z-2015.jpg","articleSection":["Aktuality"],"inLanguage":"sk-SK"},{"@type":"WebPage","@id":"https:\/\/pmza.sk\/?p=50432","url":"https:\/\/pmza.sk\/?p=50432","name":"Budat\u00ednsky hrad bude \u017eiari\u0165 na modro - Pova\u017esk\u00e9 m\u00fazeum","isPartOf":{"@id":"https:\/\/pmza.sk\/#website"},"primaryImageOfPage":{"@id":"https:\/\/pmza.sk\/?p=50432#primaryimage"},"image":{"@id":"https:\/\/pmza.sk\/?p=50432#primaryimage"},"thumbnailUrl":"https:\/\/pmza.sk\/wp-content\/uploads\/2020\/03\/Modra-veza-z-2015.jpg","datePublished":"2022-03-31T12:34:04+00:00","dateModified":"2022-04-21T06:12:52+00:00","description":"Budat\u00ednsky hrad bude v r\u00e1mci kampane Light it up blue op\u00e4\u0165 svieti\u0165 na modro. Od 1. apr\u00edla do 3. apr\u00edla tak pom\u00f4\u017ee upriami\u0165 pozornos\u0165 verejnosti na autizmus.","breadcrumb":{"@id":"https:\/\/pmza.sk\/?p=50432#breadcrumb"},"inLanguage":"sk-SK","potentialAction":[{"@type":"ReadAction","target":["https:\/\/pmza.sk\/?p=50432"]}]},{"@type":"ImageObject","inLanguage":"sk-SK","@id":"https:\/\/pmza.sk\/?p=50432#primaryimage","url":"https:\/\/pmza.sk\/wp-content\/uploads\/2020\/03\/Modra-veza-z-2015.jpg","contentUrl":"https:\/\/pmza.sk\/wp-content\/uploads\/2020\/03\/Modra-veza-z-2015.jpg","width":1024,"height":683},{"@type":"BreadcrumbList","@id":"https:\/\/pmza.sk\/?p=50432#breadcrumb","itemListElement":[{"@type":"ListItem","position":1,"name":"Domovsk\u00e1 str\u00e1nka","item":"https:\/\/pmza.sk\/"},{"@type":"ListItem","position":2,"name":"Budat\u00ednsky hrad bude \u017eiari\u0165 na modro"}]},{"@type":"WebSite","@id":"https:\/\/pmza.sk\/#website","url":"https:\/\/pmza.sk\/","name":"Pova\u017esk\u00e9 m\u00fazeum","description":"Pova\u017esk\u00e9 m\u00fazeum v \u017diline je region\u00e1lne m\u00fazeum so s\u00eddlom v Budat\u00edne. Jeho expoz\u00edcie s\u00fa zameran\u00e9 na dejiny slovensk\u00e9ho umenia, kult\u00fary a dopravy.","publisher":{"@id":"https:\/\/pmza.sk\/#organization"},"potentialAction":[{"@type":"SearchAction","target":{"@type":"EntryPoint","urlTemplate":"https:\/\/pmza.sk\/?s={search_term_string}"},"query-input":{"@type":"PropertyValueSpecification","valueRequired":true,"valueName":"search_term_string"}}],"inLanguage":"sk-SK"},{"@type":"Organization","@id":"https:\/\/pmza.sk\/#organization","name":"Pova\u017esk\u00e9 m\u00fazeum","url":"https:\/\/pmza.sk\/","logo":{"@type":"ImageObject","inLanguage":"sk-SK","@id":"https:\/\/pmza.sk\/#\/schema\/logo\/image\/","url":"https:\/\/pmza.sk\/wp-content\/uploads\/2022\/01\/logo_PM_horizontal.jpg","contentUrl":"https:\/\/pmza.sk\/wp-content\/uploads\/2022\/01\/logo_PM_horizontal.jpg","width":231,"height":142,"caption":"Pova\u017esk\u00e9 m\u00fazeum"},"image":{"@id":"https:\/\/pmza.sk\/#\/schema\/logo\/image\/"},"sameAs":["https:\/\/www.facebook.com\/povazskemuzeum","https:\/\/www.instagram.com\/povazskemuzeum\/"]},{"@type":"Person","@id":"https:\/\/pmza.sk\/#\/schema\/person\/595e6a2ce731ea94dcd5d7f50a41ae33","name":"Pova\u017esk\u00e9 m\u00fazeum","image":{"@type":"ImageObject","inLanguage":"sk-SK","@id":"https:\/\/secure.gravatar.com\/avatar\/2bb7f1561282132fb5826dfeccc66c7996d11ee392ac6aaf7ced8a1c2027fbb2?s=96&d=mm&r=g","url":"https:\/\/secure.gravatar.com\/avatar\/2bb7f1561282132fb5826dfeccc66c7996d11ee392ac6aaf7ced8a1c2027fbb2?s=96&d=mm&r=g","contentUrl":"https:\/\/secure.gravatar.com\/avatar\/2bb7f1561282132fb5826dfeccc66c7996d11ee392ac6aaf7ced8a1c2027fbb2?s=96&d=mm&r=g","caption":"Pova\u017esk\u00e9 m\u00fazeum"}}]}},"_links":{"self":[{"href":"https:\/\/pmza.sk\/index.php?rest_route=\/wp\/v2\/posts\/50432","targetHints":{"allow":["GET"]}}],"collection":[{"href":"https:\/\/pmza.sk\/index.php?rest_route=\/wp\/v2\/posts"}],"about":[{"href":"https:\/\/pmza.sk\/index.php?rest_route=\/wp\/v2\/types\/post"}],"author":[{"embeddable":true,"href":"https:\/\/pmza.sk\/index.php?rest_route=\/wp\/v2\/users\/2"}],"replies":[{"embeddable":true,"href":"https:\/\/pmza.sk\/index.php?rest_route=%2Fwp%2Fv2%2Fcomments&post=50432"}],"version-history":[{"count":0,"href":"https:\/\/pmza.sk\/index.php?rest_route=\/wp\/v2\/posts\/50432\/revisions"}],"wp:featuredmedia":[{"embeddable":true,"href":"https:\/\/pmza.sk\/index.php?rest_route=\/wp\/v2\/media\/38855"}],"wp:attachment":[{"href":"https:\/\/pmza.sk\/index.php?rest_route=%2Fwp%2Fv2%2Fmedia&parent=50432"}],"wp:term":[{"taxonomy":"category","embeddable":true,"href":"https:\/\/pmza.sk\/index.php?rest_route=%2Fwp%2Fv2%2Fcategories&post=50432"},{"taxonomy":"post_tag","embeddable":true,"href":"https:\/\/pmza.sk\/index.php?rest_route=%2Fwp%2Fv2%2Ftags&post=50432"}],"curies":[{"name":"wp","href":"https:\/\/api.w.org\/{rel}","templated":true}]}}