{"id":50529,"date":"2022-04-21T11:16:12","date_gmt":"2022-04-21T09:16:12","guid":{"rendered":"https:\/\/pmza.sk\/?p=50529"},"modified":"2022-06-09T10:49:25","modified_gmt":"2022-06-09T08:49:25","slug":"povedacky-na-terase-s-muzeom","status":"publish","type":"post","link":"https:\/\/pmza.sk\/?p=50529","title":{"rendered":"Poveda\u010dky na terase&#8230; s m\u00fazeom"},"content":{"rendered":"<p>Pova\u017esk\u00e9 m\u00fazeum oslavuje tento rok 80. v\u00fdro\u010die svojho vzniku a\u00a0pri tejto pr\u00edle\u017eitosti si pripravilo viacero podujat\u00ed. Prv\u00fdm z\u00a0nich bud\u00fa <em>Poveda\u010dky na terase&#8230; s\u00a0m\u00fazeom<\/em>, ktor\u00e9 sa uskuto\u010dnia 1. m\u00e1ja v\u00a0atrakt\u00edvnom prostred\u00ed z\u00e1padnej terasy Budat\u00ednskeho hradu.<\/p>\n<p>A\u00a0ako najlep\u0161ie o\u017eivi\u0165 hist\u00f3riu? Predsa zauj\u00edmav\u00fdm pr\u00edbehom! Predstavenie v\u00a0podan\u00ed divadelno-hrav\u00e9ho zoskupenia RAZCA pribl\u00ed\u017ei nie\u010do z hist\u00f3rie m\u00fazea a\u00a0predstav\u00ed jednotliv\u00e9 expoz\u00edcie. <em>,,Pri tvorbe scen\u00e1ra som sa zamyslela nad t\u00fdm, \u010do by sa stalo, keby o\u017eili historick\u00e9 osobnosti spojen\u00e9 s na\u0161imi expoz\u00edciami, ako napr\u00edklad \u017dofia Bosniakov\u00e1 z hradu Stre\u010dno alebo Juraj Turzo zo Sob\u00e1\u0161neho pal\u00e1ca v Byt\u010di. A ako by to vyzeralo, keby sa k nim pridala Ani\u010dka z Terchovej, Hani\u010dka z \u010ci\u010dmian, \u017eelezni\u010diarka Bo\u017eenka a gr\u00f3f \u010c\u00e1ki z Budat\u00ednskeho hradu a spolo\u010dne by nav\u0161t\u00edvili prv\u00fa riadite\u013eku m\u00fazea, Vlastu Kristenov\u00fa&#8230; A scen\u00e1r bol na svete,\u201c <\/em>vysvetlila \u010dlenka RAZCA Katar\u00edna Mar\u0161alov\u00e1.<\/p>\n<p>Humorn\u00e9 a\u00a0sem \u2013 tam pou\u010dn\u00e9 sc\u00e9nky doplnen\u00e9 \u013eudov\u00fdmi pies\u0148ami m\u00f4\u017eu n\u00e1v\u0161tevn\u00edci vidie\u0165 o\u00a017.00 a\u00a018.00. Je to skvel\u00e1 pr\u00edle\u017eitos\u0165 stretn\u00fa\u0165 na jednom mieste postavy s\u00favisiace so v\u0161etk\u00fdmi expoz\u00edciami Pova\u017esk\u00e9ho m\u00fazea a\u00a0str\u00e1vi\u0165 prv\u00fa m\u00e1jov\u00fa nede\u013eu na Budat\u00ednskom hrade.\u00a0 Prihl\u00e1si\u0165 sa m\u00f4\u017eete na tel. \u010d. 0907 108 659.<\/p>\n<p><img fetchpriority=\"high\" decoding=\"async\" class=\"alignnone wp-image-50531\" src=\"https:\/\/pmza.sk\/wp-content\/uploads\/2022\/04\/plagat_1_5-255x360.jpg\" alt=\"\" width=\"388\" height=\"548\" srcset=\"https:\/\/pmza.sk\/wp-content\/uploads\/2022\/04\/plagat_1_5-255x360.jpg 255w, https:\/\/pmza.sk\/wp-content\/uploads\/2022\/04\/plagat_1_5-520x736.jpg 520w, https:\/\/pmza.sk\/wp-content\/uploads\/2022\/04\/plagat_1_5-768x1086.jpg 768w, https:\/\/pmza.sk\/wp-content\/uploads\/2022\/04\/plagat_1_5-1086x1536.jpg 1086w, https:\/\/pmza.sk\/wp-content\/uploads\/2022\/04\/plagat_1_5-1448x2048.jpg 1448w, https:\/\/pmza.sk\/wp-content\/uploads\/2022\/04\/plagat_1_5-600x849.jpg 600w, https:\/\/pmza.sk\/wp-content\/uploads\/2022\/04\/plagat_1_5-scaled.jpg 1810w\" sizes=\"(max-width: 388px) 100vw, 388px\" \/><\/p>\n<p><em>\u00a0<\/em><\/p>\n","protected":false},"excerpt":{"rendered":"<p>Pova\u017esk\u00e9 m\u00fazeum oslavuje tento rok 80. v\u00fdro\u010die svojho vzniku a\u00a0pri tejto pr\u00edle\u017eitosti si pripravilo viacero podujat\u00ed. Prv\u00fdm z\u00a0nich bud\u00fa Poveda\u010dky na terase&#8230; s\u00a0m\u00fazeom, ktor\u00e9 sa uskuto\u010dnia 1. m\u00e1ja v\u00a0atrakt\u00edvnom prostred\u00ed z\u00e1padnej terasy Budat\u00ednskeho hradu. A\u00a0ako najlep\u0161ie o\u017eivi\u0165 hist\u00f3riu? Predsa zauj\u00edmav\u00fdm pr\u00edbehom! Predstavenie v\u00a0podan\u00ed divadelno-hrav\u00e9ho zoskupenia RAZCA pribl\u00ed\u017ei nie\u010do z hist\u00f3rie m\u00fazea a\u00a0predstav\u00ed jednotliv\u00e9 expoz\u00edcie. ,,Pri [&hellip;]<\/p>\n","protected":false},"author":2,"featured_media":50533,"comment_status":"open","ping_status":"open","sticky":false,"template":"","format":"standard","meta":{"site-sidebar-layout":"default","site-content-layout":"default","ast-site-content-layout":"","site-content-style":"default","site-sidebar-style":"default","ast-global-header-display":"","ast-banner-title-visibility":"","ast-main-header-display":"","ast-hfb-above-header-display":"","ast-hfb-below-header-display":"","ast-hfb-mobile-header-display":"","site-post-title":"","ast-breadcrumbs-content":"","ast-featured-img":"","footer-sml-layout":"","theme-transparent-header-meta":"default","adv-header-id-meta":"","stick-header-meta":"default","header-above-stick-meta":"","header-main-stick-meta":"","header-below-stick-meta":"","astra-migrate-meta-layouts":"default","ast-page-background-enabled":"default","ast-page-background-meta":{"desktop":{"background-color":"var(--ast-global-color-4)","background-image":"","background-repeat":"repeat","background-position":"center center","background-size":"auto","background-attachment":"scroll","background-type":"","background-media":"","overlay-type":"","overlay-color":"","overlay-opacity":"","overlay-gradient":""},"tablet":{"background-color":"","background-image":"","background-repeat":"repeat","background-position":"center center","background-size":"auto","background-attachment":"scroll","background-type":"","background-media":"","overlay-type":"","overlay-color":"","overlay-opacity":"","overlay-gradient":""},"mobile":{"background-color":"","background-image":"","background-repeat":"repeat","background-position":"center center","background-size":"auto","background-attachment":"scroll","background-type":"","background-media":"","overlay-type":"","overlay-color":"","overlay-opacity":"","overlay-gradient":""}},"ast-content-background-meta":{"desktop":{"background-color":"var(--ast-global-color-5)","background-image":"","background-repeat":"repeat","background-position":"center center","background-size":"auto","background-attachment":"scroll","background-type":"","background-media":"","overlay-type":"","overlay-color":"","overlay-opacity":"","overlay-gradient":""},"tablet":{"background-color":"var(--ast-global-color-5)","background-image":"","background-repeat":"repeat","background-position":"center center","background-size":"auto","background-attachment":"scroll","background-type":"","background-media":"","overlay-type":"","overlay-color":"","overlay-opacity":"","overlay-gradient":""},"mobile":{"background-color":"var(--ast-global-color-5)","background-image":"","background-repeat":"repeat","background-position":"center center","background-size":"auto","background-attachment":"scroll","background-type":"","background-media":"","overlay-type":"","overlay-color":"","overlay-opacity":"","overlay-gradient":""}},"footnotes":""},"categories":[71],"tags":[],"class_list":["post-50529","post","type-post","status-publish","format-standard","has-post-thumbnail","hentry","category-podujatia"],"yoast_head":"<!-- This site is optimized with the Yoast SEO plugin v27.4 - https:\/\/yoast.com\/product\/yoast-seo-wordpress\/ -->\n<title>Poveda\u010dky na terase... s m\u00fazeom - Pova\u017esk\u00e9 m\u00fazeum<\/title>\n<meta name=\"description\" content=\"Pova\u017esk\u00e9 m\u00fazeum oslavuje tento rok 80. v\u00fdro\u010die svojho vzniku a\u00a0pri tejto pr\u00edle\u017eitosti si pripravilo viacero podujat\u00ed. Prv\u00fdm z\u00a0nich bud\u00fa Poveda\u010dky na terase... s\u00a0m\u00fazeom, ktor\u00e9 sa uskuto\u010dnia 1. m\u00e1ja v\u00a0atrakt\u00edvnom prostred\u00ed z\u00e1padnej terasy Budat\u00ednskeho hradu.\" \/>\n<meta name=\"robots\" content=\"index, follow, max-snippet:-1, max-image-preview:large, max-video-preview:-1\" \/>\n<link rel=\"canonical\" href=\"https:\/\/pmza.sk\/?p=50529\" \/>\n<meta property=\"og:locale\" content=\"sk_SK\" \/>\n<meta property=\"og:type\" content=\"article\" \/>\n<meta property=\"og:title\" content=\"Poveda\u010dky na terase... s m\u00fazeom - Pova\u017esk\u00e9 m\u00fazeum\" \/>\n<meta property=\"og:description\" content=\"Pova\u017esk\u00e9 m\u00fazeum oslavuje tento rok 80. v\u00fdro\u010die svojho vzniku a\u00a0pri tejto pr\u00edle\u017eitosti si pripravilo viacero podujat\u00ed. Prv\u00fdm z\u00a0nich bud\u00fa Poveda\u010dky na terase... s\u00a0m\u00fazeom, ktor\u00e9 sa uskuto\u010dnia 1. m\u00e1ja v\u00a0atrakt\u00edvnom prostred\u00ed z\u00e1padnej terasy Budat\u00ednskeho hradu.\" \/>\n<meta property=\"og:url\" content=\"https:\/\/pmza.sk\/?p=50529\" \/>\n<meta property=\"og:site_name\" content=\"Pova\u017esk\u00e9 m\u00fazeum\" \/>\n<meta property=\"article:publisher\" content=\"https:\/\/www.facebook.com\/povazskemuzeum\" \/>\n<meta property=\"article:published_time\" content=\"2022-04-21T09:16:12+00:00\" \/>\n<meta property=\"article:modified_time\" content=\"2022-06-09T08:49:25+00:00\" \/>\n<meta property=\"og:image\" content=\"https:\/\/pmza.sk\/wp-content\/uploads\/2022\/04\/Gejza-Caki-web.jpg\" \/>\n\t<meta property=\"og:image:width\" content=\"1920\" \/>\n\t<meta property=\"og:image:height\" content=\"1171\" \/>\n\t<meta property=\"og:image:type\" content=\"image\/jpeg\" \/>\n<meta name=\"author\" content=\"Pova\u017esk\u00e9 m\u00fazeum\" \/>\n<meta name=\"twitter:card\" content=\"summary_large_image\" \/>\n<meta name=\"twitter:label1\" content=\"Autor\" \/>\n\t<meta name=\"twitter:data1\" content=\"Pova\u017esk\u00e9 m\u00fazeum\" \/>\n\t<meta name=\"twitter:label2\" content=\"Predpokladan\u00fd \u010das \u010d\u00edtania\" \/>\n\t<meta name=\"twitter:data2\" content=\"1 min\u00fata\" \/>\n<script type=\"application\/ld+json\" class=\"yoast-schema-graph\">{\"@context\":\"https:\\\/\\\/schema.org\",\"@graph\":[{\"@type\":\"Article\",\"@id\":\"https:\\\/\\\/pmza.sk\\\/?p=50529#article\",\"isPartOf\":{\"@id\":\"https:\\\/\\\/pmza.sk\\\/?p=50529\"},\"author\":{\"name\":\"Pova\u017esk\u00e9 m\u00fazeum\",\"@id\":\"https:\\\/\\\/pmza.sk\\\/#\\\/schema\\\/person\\\/595e6a2ce731ea94dcd5d7f50a41ae33\"},\"headline\":\"Poveda\u010dky na terase&#8230; s m\u00fazeom\",\"datePublished\":\"2022-04-21T09:16:12+00:00\",\"dateModified\":\"2022-06-09T08:49:25+00:00\",\"mainEntityOfPage\":{\"@id\":\"https:\\\/\\\/pmza.sk\\\/?p=50529\"},\"wordCount\":260,\"commentCount\":0,\"publisher\":{\"@id\":\"https:\\\/\\\/pmza.sk\\\/#organization\"},\"image\":{\"@id\":\"https:\\\/\\\/pmza.sk\\\/?p=50529#primaryimage\"},\"thumbnailUrl\":\"https:\\\/\\\/pmza.sk\\\/wp-content\\\/uploads\\\/2022\\\/04\\\/Gejza-Caki-web.jpg\",\"articleSection\":[\"Podujatia\"],\"inLanguage\":\"sk-SK\"},{\"@type\":\"WebPage\",\"@id\":\"https:\\\/\\\/pmza.sk\\\/?p=50529\",\"url\":\"https:\\\/\\\/pmza.sk\\\/?p=50529\",\"name\":\"Poveda\u010dky na terase... s m\u00fazeom - Pova\u017esk\u00e9 m\u00fazeum\",\"isPartOf\":{\"@id\":\"https:\\\/\\\/pmza.sk\\\/#website\"},\"primaryImageOfPage\":{\"@id\":\"https:\\\/\\\/pmza.sk\\\/?p=50529#primaryimage\"},\"image\":{\"@id\":\"https:\\\/\\\/pmza.sk\\\/?p=50529#primaryimage\"},\"thumbnailUrl\":\"https:\\\/\\\/pmza.sk\\\/wp-content\\\/uploads\\\/2022\\\/04\\\/Gejza-Caki-web.jpg\",\"datePublished\":\"2022-04-21T09:16:12+00:00\",\"dateModified\":\"2022-06-09T08:49:25+00:00\",\"description\":\"Pova\u017esk\u00e9 m\u00fazeum oslavuje tento rok 80. v\u00fdro\u010die svojho vzniku a\u00a0pri tejto pr\u00edle\u017eitosti si pripravilo viacero podujat\u00ed. Prv\u00fdm z\u00a0nich bud\u00fa Poveda\u010dky na terase... s\u00a0m\u00fazeom, ktor\u00e9 sa uskuto\u010dnia 1. m\u00e1ja v\u00a0atrakt\u00edvnom prostred\u00ed z\u00e1padnej terasy Budat\u00ednskeho hradu.\",\"breadcrumb\":{\"@id\":\"https:\\\/\\\/pmza.sk\\\/?p=50529#breadcrumb\"},\"inLanguage\":\"sk-SK\",\"potentialAction\":[{\"@type\":\"ReadAction\",\"target\":[\"https:\\\/\\\/pmza.sk\\\/?p=50529\"]}]},{\"@type\":\"ImageObject\",\"inLanguage\":\"sk-SK\",\"@id\":\"https:\\\/\\\/pmza.sk\\\/?p=50529#primaryimage\",\"url\":\"https:\\\/\\\/pmza.sk\\\/wp-content\\\/uploads\\\/2022\\\/04\\\/Gejza-Caki-web.jpg\",\"contentUrl\":\"https:\\\/\\\/pmza.sk\\\/wp-content\\\/uploads\\\/2022\\\/04\\\/Gejza-Caki-web.jpg\",\"width\":1920,\"height\":1171},{\"@type\":\"BreadcrumbList\",\"@id\":\"https:\\\/\\\/pmza.sk\\\/?p=50529#breadcrumb\",\"itemListElement\":[{\"@type\":\"ListItem\",\"position\":1,\"name\":\"Domovsk\u00e1 str\u00e1nka\",\"item\":\"https:\\\/\\\/pmza.sk\\\/\"},{\"@type\":\"ListItem\",\"position\":2,\"name\":\"Poveda\u010dky na terase&#8230; s m\u00fazeom\"}]},{\"@type\":\"WebSite\",\"@id\":\"https:\\\/\\\/pmza.sk\\\/#website\",\"url\":\"https:\\\/\\\/pmza.sk\\\/\",\"name\":\"Pova\u017esk\u00e9 m\u00fazeum\",\"description\":\"Pova\u017esk\u00e9 m\u00fazeum v \u017diline je region\u00e1lne m\u00fazeum so s\u00eddlom v Budat\u00edne. Jeho expoz\u00edcie s\u00fa zameran\u00e9 na dejiny slovensk\u00e9ho umenia, kult\u00fary a dopravy.\",\"publisher\":{\"@id\":\"https:\\\/\\\/pmza.sk\\\/#organization\"},\"potentialAction\":[{\"@type\":\"SearchAction\",\"target\":{\"@type\":\"EntryPoint\",\"urlTemplate\":\"https:\\\/\\\/pmza.sk\\\/?s={search_term_string}\"},\"query-input\":{\"@type\":\"PropertyValueSpecification\",\"valueRequired\":true,\"valueName\":\"search_term_string\"}}],\"inLanguage\":\"sk-SK\"},{\"@type\":\"Organization\",\"@id\":\"https:\\\/\\\/pmza.sk\\\/#organization\",\"name\":\"Pova\u017esk\u00e9 m\u00fazeum\",\"url\":\"https:\\\/\\\/pmza.sk\\\/\",\"logo\":{\"@type\":\"ImageObject\",\"inLanguage\":\"sk-SK\",\"@id\":\"https:\\\/\\\/pmza.sk\\\/#\\\/schema\\\/logo\\\/image\\\/\",\"url\":\"https:\\\/\\\/pmza.sk\\\/wp-content\\\/uploads\\\/2022\\\/01\\\/logo_PM_horizontal.jpg\",\"contentUrl\":\"https:\\\/\\\/pmza.sk\\\/wp-content\\\/uploads\\\/2022\\\/01\\\/logo_PM_horizontal.jpg\",\"width\":231,\"height\":142,\"caption\":\"Pova\u017esk\u00e9 m\u00fazeum\"},\"image\":{\"@id\":\"https:\\\/\\\/pmza.sk\\\/#\\\/schema\\\/logo\\\/image\\\/\"},\"sameAs\":[\"https:\\\/\\\/www.facebook.com\\\/povazskemuzeum\",\"https:\\\/\\\/www.instagram.com\\\/povazskemuzeum\\\/\"]},{\"@type\":\"Person\",\"@id\":\"https:\\\/\\\/pmza.sk\\\/#\\\/schema\\\/person\\\/595e6a2ce731ea94dcd5d7f50a41ae33\",\"name\":\"Pova\u017esk\u00e9 m\u00fazeum\",\"image\":{\"@type\":\"ImageObject\",\"inLanguage\":\"sk-SK\",\"@id\":\"https:\\\/\\\/secure.gravatar.com\\\/avatar\\\/2bb7f1561282132fb5826dfeccc66c7996d11ee392ac6aaf7ced8a1c2027fbb2?s=96&d=mm&r=g\",\"url\":\"https:\\\/\\\/secure.gravatar.com\\\/avatar\\\/2bb7f1561282132fb5826dfeccc66c7996d11ee392ac6aaf7ced8a1c2027fbb2?s=96&d=mm&r=g\",\"contentUrl\":\"https:\\\/\\\/secure.gravatar.com\\\/avatar\\\/2bb7f1561282132fb5826dfeccc66c7996d11ee392ac6aaf7ced8a1c2027fbb2?s=96&d=mm&r=g\",\"caption\":\"Pova\u017esk\u00e9 m\u00fazeum\"}}]}<\/script>\n<!-- \/ Yoast SEO plugin. -->","yoast_head_json":{"title":"Poveda\u010dky na terase... s m\u00fazeom - Pova\u017esk\u00e9 m\u00fazeum","description":"Pova\u017esk\u00e9 m\u00fazeum oslavuje tento rok 80. v\u00fdro\u010die svojho vzniku a\u00a0pri tejto pr\u00edle\u017eitosti si pripravilo viacero podujat\u00ed. Prv\u00fdm z\u00a0nich bud\u00fa Poveda\u010dky na terase... s\u00a0m\u00fazeom, ktor\u00e9 sa uskuto\u010dnia 1. m\u00e1ja v\u00a0atrakt\u00edvnom prostred\u00ed z\u00e1padnej terasy Budat\u00ednskeho hradu.","robots":{"index":"index","follow":"follow","max-snippet":"max-snippet:-1","max-image-preview":"max-image-preview:large","max-video-preview":"max-video-preview:-1"},"canonical":"https:\/\/pmza.sk\/?p=50529","og_locale":"sk_SK","og_type":"article","og_title":"Poveda\u010dky na terase... s m\u00fazeom - Pova\u017esk\u00e9 m\u00fazeum","og_description":"Pova\u017esk\u00e9 m\u00fazeum oslavuje tento rok 80. v\u00fdro\u010die svojho vzniku a\u00a0pri tejto pr\u00edle\u017eitosti si pripravilo viacero podujat\u00ed. Prv\u00fdm z\u00a0nich bud\u00fa Poveda\u010dky na terase... s\u00a0m\u00fazeom, ktor\u00e9 sa uskuto\u010dnia 1. m\u00e1ja v\u00a0atrakt\u00edvnom prostred\u00ed z\u00e1padnej terasy Budat\u00ednskeho hradu.","og_url":"https:\/\/pmza.sk\/?p=50529","og_site_name":"Pova\u017esk\u00e9 m\u00fazeum","article_publisher":"https:\/\/www.facebook.com\/povazskemuzeum","article_published_time":"2022-04-21T09:16:12+00:00","article_modified_time":"2022-06-09T08:49:25+00:00","og_image":[{"width":1920,"height":1171,"url":"https:\/\/pmza.sk\/wp-content\/uploads\/2022\/04\/Gejza-Caki-web.jpg","type":"image\/jpeg"}],"author":"Pova\u017esk\u00e9 m\u00fazeum","twitter_card":"summary_large_image","twitter_misc":{"Autor":"Pova\u017esk\u00e9 m\u00fazeum","Predpokladan\u00fd \u010das \u010d\u00edtania":"1 min\u00fata"},"schema":{"@context":"https:\/\/schema.org","@graph":[{"@type":"Article","@id":"https:\/\/pmza.sk\/?p=50529#article","isPartOf":{"@id":"https:\/\/pmza.sk\/?p=50529"},"author":{"name":"Pova\u017esk\u00e9 m\u00fazeum","@id":"https:\/\/pmza.sk\/#\/schema\/person\/595e6a2ce731ea94dcd5d7f50a41ae33"},"headline":"Poveda\u010dky na terase&#8230; s m\u00fazeom","datePublished":"2022-04-21T09:16:12+00:00","dateModified":"2022-06-09T08:49:25+00:00","mainEntityOfPage":{"@id":"https:\/\/pmza.sk\/?p=50529"},"wordCount":260,"commentCount":0,"publisher":{"@id":"https:\/\/pmza.sk\/#organization"},"image":{"@id":"https:\/\/pmza.sk\/?p=50529#primaryimage"},"thumbnailUrl":"https:\/\/pmza.sk\/wp-content\/uploads\/2022\/04\/Gejza-Caki-web.jpg","articleSection":["Podujatia"],"inLanguage":"sk-SK"},{"@type":"WebPage","@id":"https:\/\/pmza.sk\/?p=50529","url":"https:\/\/pmza.sk\/?p=50529","name":"Poveda\u010dky na terase... s m\u00fazeom - Pova\u017esk\u00e9 m\u00fazeum","isPartOf":{"@id":"https:\/\/pmza.sk\/#website"},"primaryImageOfPage":{"@id":"https:\/\/pmza.sk\/?p=50529#primaryimage"},"image":{"@id":"https:\/\/pmza.sk\/?p=50529#primaryimage"},"thumbnailUrl":"https:\/\/pmza.sk\/wp-content\/uploads\/2022\/04\/Gejza-Caki-web.jpg","datePublished":"2022-04-21T09:16:12+00:00","dateModified":"2022-06-09T08:49:25+00:00","description":"Pova\u017esk\u00e9 m\u00fazeum oslavuje tento rok 80. v\u00fdro\u010die svojho vzniku a\u00a0pri tejto pr\u00edle\u017eitosti si pripravilo viacero podujat\u00ed. Prv\u00fdm z\u00a0nich bud\u00fa Poveda\u010dky na terase... s\u00a0m\u00fazeom, ktor\u00e9 sa uskuto\u010dnia 1. m\u00e1ja v\u00a0atrakt\u00edvnom prostred\u00ed z\u00e1padnej terasy Budat\u00ednskeho hradu.","breadcrumb":{"@id":"https:\/\/pmza.sk\/?p=50529#breadcrumb"},"inLanguage":"sk-SK","potentialAction":[{"@type":"ReadAction","target":["https:\/\/pmza.sk\/?p=50529"]}]},{"@type":"ImageObject","inLanguage":"sk-SK","@id":"https:\/\/pmza.sk\/?p=50529#primaryimage","url":"https:\/\/pmza.sk\/wp-content\/uploads\/2022\/04\/Gejza-Caki-web.jpg","contentUrl":"https:\/\/pmza.sk\/wp-content\/uploads\/2022\/04\/Gejza-Caki-web.jpg","width":1920,"height":1171},{"@type":"BreadcrumbList","@id":"https:\/\/pmza.sk\/?p=50529#breadcrumb","itemListElement":[{"@type":"ListItem","position":1,"name":"Domovsk\u00e1 str\u00e1nka","item":"https:\/\/pmza.sk\/"},{"@type":"ListItem","position":2,"name":"Poveda\u010dky na terase&#8230; s m\u00fazeom"}]},{"@type":"WebSite","@id":"https:\/\/pmza.sk\/#website","url":"https:\/\/pmza.sk\/","name":"Pova\u017esk\u00e9 m\u00fazeum","description":"Pova\u017esk\u00e9 m\u00fazeum v \u017diline je region\u00e1lne m\u00fazeum so s\u00eddlom v Budat\u00edne. Jeho expoz\u00edcie s\u00fa zameran\u00e9 na dejiny slovensk\u00e9ho umenia, kult\u00fary a dopravy.","publisher":{"@id":"https:\/\/pmza.sk\/#organization"},"potentialAction":[{"@type":"SearchAction","target":{"@type":"EntryPoint","urlTemplate":"https:\/\/pmza.sk\/?s={search_term_string}"},"query-input":{"@type":"PropertyValueSpecification","valueRequired":true,"valueName":"search_term_string"}}],"inLanguage":"sk-SK"},{"@type":"Organization","@id":"https:\/\/pmza.sk\/#organization","name":"Pova\u017esk\u00e9 m\u00fazeum","url":"https:\/\/pmza.sk\/","logo":{"@type":"ImageObject","inLanguage":"sk-SK","@id":"https:\/\/pmza.sk\/#\/schema\/logo\/image\/","url":"https:\/\/pmza.sk\/wp-content\/uploads\/2022\/01\/logo_PM_horizontal.jpg","contentUrl":"https:\/\/pmza.sk\/wp-content\/uploads\/2022\/01\/logo_PM_horizontal.jpg","width":231,"height":142,"caption":"Pova\u017esk\u00e9 m\u00fazeum"},"image":{"@id":"https:\/\/pmza.sk\/#\/schema\/logo\/image\/"},"sameAs":["https:\/\/www.facebook.com\/povazskemuzeum","https:\/\/www.instagram.com\/povazskemuzeum\/"]},{"@type":"Person","@id":"https:\/\/pmza.sk\/#\/schema\/person\/595e6a2ce731ea94dcd5d7f50a41ae33","name":"Pova\u017esk\u00e9 m\u00fazeum","image":{"@type":"ImageObject","inLanguage":"sk-SK","@id":"https:\/\/secure.gravatar.com\/avatar\/2bb7f1561282132fb5826dfeccc66c7996d11ee392ac6aaf7ced8a1c2027fbb2?s=96&d=mm&r=g","url":"https:\/\/secure.gravatar.com\/avatar\/2bb7f1561282132fb5826dfeccc66c7996d11ee392ac6aaf7ced8a1c2027fbb2?s=96&d=mm&r=g","contentUrl":"https:\/\/secure.gravatar.com\/avatar\/2bb7f1561282132fb5826dfeccc66c7996d11ee392ac6aaf7ced8a1c2027fbb2?s=96&d=mm&r=g","caption":"Pova\u017esk\u00e9 m\u00fazeum"}}]}},"_links":{"self":[{"href":"https:\/\/pmza.sk\/index.php?rest_route=\/wp\/v2\/posts\/50529","targetHints":{"allow":["GET"]}}],"collection":[{"href":"https:\/\/pmza.sk\/index.php?rest_route=\/wp\/v2\/posts"}],"about":[{"href":"https:\/\/pmza.sk\/index.php?rest_route=\/wp\/v2\/types\/post"}],"author":[{"embeddable":true,"href":"https:\/\/pmza.sk\/index.php?rest_route=\/wp\/v2\/users\/2"}],"replies":[{"embeddable":true,"href":"https:\/\/pmza.sk\/index.php?rest_route=%2Fwp%2Fv2%2Fcomments&post=50529"}],"version-history":[{"count":0,"href":"https:\/\/pmza.sk\/index.php?rest_route=\/wp\/v2\/posts\/50529\/revisions"}],"wp:featuredmedia":[{"embeddable":true,"href":"https:\/\/pmza.sk\/index.php?rest_route=\/wp\/v2\/media\/50533"}],"wp:attachment":[{"href":"https:\/\/pmza.sk\/index.php?rest_route=%2Fwp%2Fv2%2Fmedia&parent=50529"}],"wp:term":[{"taxonomy":"category","embeddable":true,"href":"https:\/\/pmza.sk\/index.php?rest_route=%2Fwp%2Fv2%2Fcategories&post=50529"},{"taxonomy":"post_tag","embeddable":true,"href":"https:\/\/pmza.sk\/index.php?rest_route=%2Fwp%2Fv2%2Ftags&post=50529"}],"curies":[{"name":"wp","href":"https:\/\/api.w.org\/{rel}","templated":true}]}}