{"id":50548,"date":"2022-04-22T12:20:59","date_gmt":"2022-04-22T10:20:59","guid":{"rendered":"https:\/\/pmza.sk\/?p=50548"},"modified":"2023-04-12T08:04:47","modified_gmt":"2023-04-12T06:04:47","slug":"8-deka-muzea","status":"publish","type":"post","link":"https:\/\/pmza.sk\/?p=50548","title":{"rendered":"8 deka m\u00fazea"},"content":{"rendered":"<p>8 deka, 8 dek\u00e1d, 80 rokov. V\u00fdnimo\u010dn\u00e1 v\u00fdstava pri pr\u00edle\u017eitosti 80. v\u00fdro\u010dia zalo\u017eenia m\u00fazea pon\u00fakne to najzauj\u00edmavej\u0161ie, \u010do sa po\u010das 8 dek\u00e1d v m\u00fazeu podarilo. Spolo\u010dne budeme spom\u00edna\u0165 na v\u00fdvoj m\u00fazea, prib\u00fadanie expoz\u00edci\u00ed, ich rekon\u0161trukciu, predstav\u00edme niektor\u00e9 expon\u00e1ty a odhal\u00edme pr\u00edbehy s nimi spojen\u00e9. <em>\u201eM\u00fazeum u\u017e viac ako tri\u0161tvrte storo\u010dia nadob\u00fada, revitalizuje, sk\u00fama a vystavuje\u00a0 predmety o spolo\u010dnosti a pr\u00edrode, tvoriace kult\u00farne dedi\u010dstvo \u017diliny a jej \u0161irok\u00e9ho okolia. Pri pr\u00edle\u017eitosti tohtoro\u010dn\u00e9ho okr\u00fahleho v\u00fdro\u010dia sme si nevedeli predstavi\u0165 lep\u0161iu prezent\u00e1ciu na\u0161ej pr\u00e1ce ako pr\u00e1ve prostredn\u00edctvom v\u00fdstavy. Samotn\u00fd n\u00e1zov napoved\u00e1, \u017ee p\u00f4jde o\u00a0zauj\u00edmav\u00fa zmes r\u00f4znych k\u00faskov a\u00a0n\u00e1v\u0161tevn\u00edk dostane na tanieri pestr\u00fa porciu hist\u00f3rie. V\u0161etci sa te\u0161\u00edme na v\u00fdsledok a ver\u00edme, \u017ee verejnos\u0165 pr\u00edjemne prekvap\u00edme,\u201c<\/em> pribli\u017euje riadite\u013e Pova\u017esk\u00e9ho m\u00fazea Michal Jureck\u00fd.<\/p>\n<p>Snahy ved\u00face k vytvoreniu z\u00e1zemia pre uchov\u00e1vanie a prezent\u00e1ciu pam\u00e4tihodnost\u00ed Pova\u017eia sa \u00faspe\u0161ne zav\u0155\u0161ili v\u00a0roku 1942, ke\u010f v budove radnice v\u00a0\u017diline vznikla vlastivedn\u00e1 a\u00a0drot\u00e1rska expoz\u00edcia. Odvtedy m\u00fazeum pre\u0161lo z\u00e1sadn\u00fdmi zmenami s\u00favisiacimi nielen s\u00a0turbulentn\u00fdmi politick\u00fdmi udalos\u0165ami, ale aj \u010fal\u0161\u00edmi spolo\u010densk\u00fdmi procesmi, ktor\u00e9 formovali poh\u013ead na ochranu pamiatok, sp\u00f4sob ich v\u00fdskumu a spr\u00edstup\u0148ovania verejnosti. V\u00fdstava prin\u00e1\u0161a chronologick\u00fd preh\u013ead dej\u00edn Pova\u017esk\u00e9ho m\u00fazea, pri\u010dom zv\u00fd\u0161en\u00fa pozornos\u0165\u00a0 venuje \u00f4smim t\u00e9mam, charakteristick\u00fdm pre osobitn\u00e9 dek\u00e1dy jeho existencie<em>. \u201eZ\u00e1rove\u0148 v\u00fdstava svojou formou zv\u00fdraz\u0148uje aj v\u00fdvoj jednej z k\u013e\u00fa\u010dov\u00fdch n\u00e1pln\u00ed tejto in\u0161tit\u00facie \u2013 akvizi\u010dnej a v\u00fdstavnej \u010dinnosti. Jednotliv\u00e9 in\u0161tal\u00e1cie pon\u00fakaj\u00fa predstavu o\u00a0charaktere zbierkov\u00e9ho fondu a\u00a0z\u00e1rove\u0148 pribli\u017euj\u00fa sp\u00f4soby prezent\u00e1cie historick\u00fdch, umeleck\u00fdch a\u00a0pr\u00edrodn\u00fdch pamiatok \u017eilinsk\u00e9ho regi\u00f3nu v minulom storo\u010d\u00ed. Autori sa rozhodli da\u0165 priestor aj imagin\u00e1cii, a\u00a0preto jedna \u010das\u0165 v\u00fdstavy na\u010drt\u00e1va z\u00a0dej\u00edn m\u00fazea i to, \u010do n\u00e1m kv\u00f4li nedochovaniu \u00faplnosti historick\u00fdch prame\u0148ov zost\u00e1va st\u00e1le trochu skryt\u00e9,\u201c<\/em> vysvet\u013euje koordin\u00e1torka v\u00fdstavy \u2013 histori\u010dka Pova\u017esk\u00e9ho m\u00fazea Zuzana Kudzbelov\u00e1.\u00a0 Pri tomto v\u00fdro\u010d\u00ed m\u00fazeum poskytlo pr\u00edle\u017eitos\u0165 obyvate\u013eom \u017diliny a\u00a0jej okolia podeli\u0165 sa o svoje spomienky. S\u00fa\u010das\u0165ou\u00a0 jubilejnej v\u00fdstavy s\u00fa preto rozmanit\u00e9 predmety osobnej povahy, ktor\u00e9 rozpr\u00e1vaj\u00fa pr\u00edbehy t\u00fdchto \u013eud\u00ed a\u00a0poodha\u013euj\u00fa \u010das\u0165 ich hist\u00f3rie.<\/p>\n<p>Sl\u00e1vnostn\u00e9 otvorenie v\u00fdstavy sa uskuto\u010dn\u00ed 5. m\u00e1ja 2022 o\u00a016.00 hod. na Budat\u00ednskom hrade. \u00da\u010dastn\u00edci uvidia predstavenie Poveda\u010dky na terase&#8230; s\u00a0m\u00fazeom v\u00a0podan\u00ed divadelno-hrav\u00e9ho zoskupenia RAZCA, ktor\u00e9 prostredn\u00edctvom sc\u00e9nok a\u00a0piesn\u00ed pribl\u00ed\u017ei hist\u00f3riu m\u00fazea a\u00a0predstav\u00ed jednotliv\u00e9 expoz\u00edcie. Ch\u00fdba\u0165 nebude ani komentovan\u00e1 prehliadka v\u00fdnimo\u010dnej v\u00fdstavy. <em>\u201eKe\u010f\u017ee tento rok je pre n\u00e1s v\u00fdnimo\u010dn\u00fd, tradi\u010dn\u00e9 podujatia v\u00a0na\u0161ich expoz\u00edci\u00e1ch budeme venova\u0165 pr\u00e1ve v\u00fdro\u010diu. N\u00e1v\u0161tevn\u00edci sa teda naozaj maj\u00fa po\u010das cel\u00e9ho roka na \u010do te\u0161i\u0165. Otvorenie v\u00fdstavy 8 deka m\u00fazea je symbolick\u00fdm za\u010diatkom osl\u00e1v, a\u00a0preto v\u0161etk\u00fdch srde\u010dne poz\u00fdvame!\u201c<\/em> uzavrel Michal Jureck\u00fd.<\/p>\n<p>V\u00fdstava bude pre n\u00e1v\u0161tevn\u00edkov pr\u00edstupn\u00e1 do 11. apr\u00edla 2023.<\/p>\n<p><img fetchpriority=\"high\" decoding=\"async\" class=\"alignnone wp-image-50665\" src=\"https:\/\/pmza.sk\/wp-content\/uploads\/2022\/04\/8deka_A3_plagaty_1-254x360.jpg\" alt=\"\" width=\"359\" height=\"509\" srcset=\"https:\/\/pmza.sk\/wp-content\/uploads\/2022\/04\/8deka_A3_plagaty_1-254x360.jpg 254w, https:\/\/pmza.sk\/wp-content\/uploads\/2022\/04\/8deka_A3_plagaty_1-520x736.jpg 520w, https:\/\/pmza.sk\/wp-content\/uploads\/2022\/04\/8deka_A3_plagaty_1-768x1087.jpg 768w, https:\/\/pmza.sk\/wp-content\/uploads\/2022\/04\/8deka_A3_plagaty_1-600x849.jpg 600w, https:\/\/pmza.sk\/wp-content\/uploads\/2022\/04\/8deka_A3_plagaty_1.jpg 850w\" sizes=\"(max-width: 359px) 100vw, 359px\" \/><\/p>\n<p>Pozv\u00e1nku sa v\u00fdstavu si m\u00f4\u017eete pozrie\u0165 na: <a href=\"https:\/\/youtu.be\/vL1YdPONPr8\">https:\/\/youtu.be\/vL1YdPONPr8<\/a><\/p>\n<p>&nbsp;<\/p>\n<p>&nbsp;<\/p>\n<p>&nbsp;<\/p>\n","protected":false},"excerpt":{"rendered":"<p>8 deka, 8 dek\u00e1d, 80 rokov. V\u00fdnimo\u010dn\u00e1 v\u00fdstava pri pr\u00edle\u017eitosti 80. v\u00fdro\u010dia zalo\u017eenia m\u00fazea pon\u00fakne to najzauj\u00edmavej\u0161ie, \u010do sa po\u010das 8 dek\u00e1d v m\u00fazeu podarilo. Spolo\u010dne budeme spom\u00edna\u0165 na v\u00fdvoj m\u00fazea, prib\u00fadanie expoz\u00edci\u00ed, ich rekon\u0161trukciu, predstav\u00edme niektor\u00e9 expon\u00e1ty a odhal\u00edme pr\u00edbehy s nimi spojen\u00e9. \u201eM\u00fazeum u\u017e viac ako tri\u0161tvrte storo\u010dia nadob\u00fada, revitalizuje, sk\u00fama a vystavuje\u00a0 [&hellip;]<\/p>\n","protected":false},"author":2,"featured_media":50549,"comment_status":"open","ping_status":"open","sticky":false,"template":"","format":"standard","meta":{"site-sidebar-layout":"default","site-content-layout":"default","ast-site-content-layout":"","site-content-style":"default","site-sidebar-style":"default","ast-global-header-display":"","ast-banner-title-visibility":"","ast-main-header-display":"","ast-hfb-above-header-display":"","ast-hfb-below-header-display":"","ast-hfb-mobile-header-display":"","site-post-title":"","ast-breadcrumbs-content":"","ast-featured-img":"","footer-sml-layout":"","theme-transparent-header-meta":"default","adv-header-id-meta":"","stick-header-meta":"default","header-above-stick-meta":"","header-main-stick-meta":"","header-below-stick-meta":"","astra-migrate-meta-layouts":"default","ast-page-background-enabled":"default","ast-page-background-meta":{"desktop":{"background-color":"var(--ast-global-color-4)","background-image":"","background-repeat":"repeat","background-position":"center center","background-size":"auto","background-attachment":"scroll","background-type":"","background-media":"","overlay-type":"","overlay-color":"","overlay-opacity":"","overlay-gradient":""},"tablet":{"background-color":"","background-image":"","background-repeat":"repeat","background-position":"center center","background-size":"auto","background-attachment":"scroll","background-type":"","background-media":"","overlay-type":"","overlay-color":"","overlay-opacity":"","overlay-gradient":""},"mobile":{"background-color":"","background-image":"","background-repeat":"repeat","background-position":"center center","background-size":"auto","background-attachment":"scroll","background-type":"","background-media":"","overlay-type":"","overlay-color":"","overlay-opacity":"","overlay-gradient":""}},"ast-content-background-meta":{"desktop":{"background-color":"var(--ast-global-color-5)","background-image":"","background-repeat":"repeat","background-position":"center center","background-size":"auto","background-attachment":"scroll","background-type":"","background-media":"","overlay-type":"","overlay-color":"","overlay-opacity":"","overlay-gradient":""},"tablet":{"background-color":"var(--ast-global-color-5)","background-image":"","background-repeat":"repeat","background-position":"center center","background-size":"auto","background-attachment":"scroll","background-type":"","background-media":"","overlay-type":"","overlay-color":"","overlay-opacity":"","overlay-gradient":""},"mobile":{"background-color":"var(--ast-global-color-5)","background-image":"","background-repeat":"repeat","background-position":"center center","background-size":"auto","background-attachment":"scroll","background-type":"","background-media":"","overlay-type":"","overlay-color":"","overlay-opacity":"","overlay-gradient":""}},"footnotes":""},"categories":[72],"tags":[],"class_list":["post-50548","post","type-post","status-publish","format-standard","has-post-thumbnail","hentry","category-vystavy"],"yoast_head":"<!-- This site is optimized with the Yoast SEO plugin v27.4 - https:\/\/yoast.com\/product\/yoast-seo-wordpress\/ -->\n<title>8 deka m\u00fazea - Pova\u017esk\u00e9 m\u00fazeum<\/title>\n<meta name=\"description\" content=\"8 deka, 8 dek\u00e1d, 80 rokov. V\u00fdnimo\u010dn\u00e1 v\u00fdstava pri pr\u00edle\u017eitosti 80. v\u00fdro\u010dia zalo\u017eenia m\u00fazea pon\u00fakne pestr\u00fa porciu hist\u00f3rie a\u00a0n\u00e1v\u0161tevn\u00edkom naserv\u00edruje to najzauj\u00edmavej\u0161ie, \u010do sa po\u010das 8 dek\u00e1d v m\u00fazeu podarilo. Sl\u00e1vnostn\u00e9 otvorenie v\u00fdstavy\u00a0 sa uskuto\u010dn\u00ed 5. 5. 2022 o 16.00 hod. na Budat\u00ednskom hrade.\" \/>\n<meta name=\"robots\" content=\"index, follow, max-snippet:-1, max-image-preview:large, max-video-preview:-1\" \/>\n<link rel=\"canonical\" href=\"https:\/\/pmza.sk\/?p=50548\" \/>\n<meta property=\"og:locale\" content=\"sk_SK\" \/>\n<meta property=\"og:type\" content=\"article\" \/>\n<meta property=\"og:title\" content=\"8 deka m\u00fazea - Pova\u017esk\u00e9 m\u00fazeum\" \/>\n<meta property=\"og:description\" content=\"8 deka, 8 dek\u00e1d, 80 rokov. V\u00fdnimo\u010dn\u00e1 v\u00fdstava pri pr\u00edle\u017eitosti 80. v\u00fdro\u010dia zalo\u017eenia m\u00fazea pon\u00fakne pestr\u00fa porciu hist\u00f3rie a\u00a0n\u00e1v\u0161tevn\u00edkom naserv\u00edruje to najzauj\u00edmavej\u0161ie, \u010do sa po\u010das 8 dek\u00e1d v m\u00fazeu podarilo. Sl\u00e1vnostn\u00e9 otvorenie v\u00fdstavy\u00a0 sa uskuto\u010dn\u00ed 5. 5. 2022 o 16.00 hod. na Budat\u00ednskom hrade.\" \/>\n<meta property=\"og:url\" content=\"https:\/\/pmza.sk\/?p=50548\" \/>\n<meta property=\"og:site_name\" content=\"Pova\u017esk\u00e9 m\u00fazeum\" \/>\n<meta property=\"article:publisher\" content=\"https:\/\/www.facebook.com\/povazskemuzeum\" \/>\n<meta property=\"article:published_time\" content=\"2022-04-22T10:20:59+00:00\" \/>\n<meta property=\"article:modified_time\" content=\"2023-04-12T06:04:47+00:00\" \/>\n<meta property=\"og:image\" content=\"https:\/\/pmza.sk\/wp-content\/uploads\/2022\/04\/8-deka-muzea.jpg\" \/>\n\t<meta property=\"og:image:width\" content=\"1280\" \/>\n\t<meta property=\"og:image:height\" content=\"1250\" \/>\n\t<meta property=\"og:image:type\" content=\"image\/jpeg\" \/>\n<meta name=\"author\" content=\"Pova\u017esk\u00e9 m\u00fazeum\" \/>\n<meta name=\"twitter:card\" content=\"summary_large_image\" \/>\n<meta name=\"twitter:label1\" content=\"Autor\" \/>\n\t<meta name=\"twitter:data1\" content=\"Pova\u017esk\u00e9 m\u00fazeum\" \/>\n\t<meta name=\"twitter:label2\" content=\"Predpokladan\u00fd \u010das \u010d\u00edtania\" \/>\n\t<meta name=\"twitter:data2\" content=\"3 min\u00faty\" \/>\n<script type=\"application\/ld+json\" class=\"yoast-schema-graph\">{\"@context\":\"https:\\\/\\\/schema.org\",\"@graph\":[{\"@type\":\"Article\",\"@id\":\"https:\\\/\\\/pmza.sk\\\/?p=50548#article\",\"isPartOf\":{\"@id\":\"https:\\\/\\\/pmza.sk\\\/?p=50548\"},\"author\":{\"name\":\"Pova\u017esk\u00e9 m\u00fazeum\",\"@id\":\"https:\\\/\\\/pmza.sk\\\/#\\\/schema\\\/person\\\/595e6a2ce731ea94dcd5d7f50a41ae33\"},\"headline\":\"8 deka m\u00fazea\",\"datePublished\":\"2022-04-22T10:20:59+00:00\",\"dateModified\":\"2023-04-12T06:04:47+00:00\",\"mainEntityOfPage\":{\"@id\":\"https:\\\/\\\/pmza.sk\\\/?p=50548\"},\"wordCount\":632,\"commentCount\":0,\"publisher\":{\"@id\":\"https:\\\/\\\/pmza.sk\\\/#organization\"},\"image\":{\"@id\":\"https:\\\/\\\/pmza.sk\\\/?p=50548#primaryimage\"},\"thumbnailUrl\":\"https:\\\/\\\/pmza.sk\\\/wp-content\\\/uploads\\\/2022\\\/04\\\/8-deka-muzea.jpg\",\"articleSection\":[\"V\u00fdstavy\"],\"inLanguage\":\"sk-SK\"},{\"@type\":\"WebPage\",\"@id\":\"https:\\\/\\\/pmza.sk\\\/?p=50548\",\"url\":\"https:\\\/\\\/pmza.sk\\\/?p=50548\",\"name\":\"8 deka m\u00fazea - Pova\u017esk\u00e9 m\u00fazeum\",\"isPartOf\":{\"@id\":\"https:\\\/\\\/pmza.sk\\\/#website\"},\"primaryImageOfPage\":{\"@id\":\"https:\\\/\\\/pmza.sk\\\/?p=50548#primaryimage\"},\"image\":{\"@id\":\"https:\\\/\\\/pmza.sk\\\/?p=50548#primaryimage\"},\"thumbnailUrl\":\"https:\\\/\\\/pmza.sk\\\/wp-content\\\/uploads\\\/2022\\\/04\\\/8-deka-muzea.jpg\",\"datePublished\":\"2022-04-22T10:20:59+00:00\",\"dateModified\":\"2023-04-12T06:04:47+00:00\",\"description\":\"8 deka, 8 dek\u00e1d, 80 rokov. V\u00fdnimo\u010dn\u00e1 v\u00fdstava pri pr\u00edle\u017eitosti 80. v\u00fdro\u010dia zalo\u017eenia m\u00fazea pon\u00fakne pestr\u00fa porciu hist\u00f3rie a\u00a0n\u00e1v\u0161tevn\u00edkom naserv\u00edruje to najzauj\u00edmavej\u0161ie, \u010do sa po\u010das 8 dek\u00e1d v m\u00fazeu podarilo. Sl\u00e1vnostn\u00e9 otvorenie v\u00fdstavy\u00a0 sa uskuto\u010dn\u00ed 5. 5. 2022 o 16.00 hod. na Budat\u00ednskom hrade.\",\"breadcrumb\":{\"@id\":\"https:\\\/\\\/pmza.sk\\\/?p=50548#breadcrumb\"},\"inLanguage\":\"sk-SK\",\"potentialAction\":[{\"@type\":\"ReadAction\",\"target\":[\"https:\\\/\\\/pmza.sk\\\/?p=50548\"]}]},{\"@type\":\"ImageObject\",\"inLanguage\":\"sk-SK\",\"@id\":\"https:\\\/\\\/pmza.sk\\\/?p=50548#primaryimage\",\"url\":\"https:\\\/\\\/pmza.sk\\\/wp-content\\\/uploads\\\/2022\\\/04\\\/8-deka-muzea.jpg\",\"contentUrl\":\"https:\\\/\\\/pmza.sk\\\/wp-content\\\/uploads\\\/2022\\\/04\\\/8-deka-muzea.jpg\",\"width\":1280,\"height\":1250},{\"@type\":\"BreadcrumbList\",\"@id\":\"https:\\\/\\\/pmza.sk\\\/?p=50548#breadcrumb\",\"itemListElement\":[{\"@type\":\"ListItem\",\"position\":1,\"name\":\"Domovsk\u00e1 str\u00e1nka\",\"item\":\"https:\\\/\\\/pmza.sk\\\/\"},{\"@type\":\"ListItem\",\"position\":2,\"name\":\"8 deka m\u00fazea\"}]},{\"@type\":\"WebSite\",\"@id\":\"https:\\\/\\\/pmza.sk\\\/#website\",\"url\":\"https:\\\/\\\/pmza.sk\\\/\",\"name\":\"Pova\u017esk\u00e9 m\u00fazeum\",\"description\":\"Pova\u017esk\u00e9 m\u00fazeum v \u017diline je region\u00e1lne m\u00fazeum so s\u00eddlom v Budat\u00edne. Jeho expoz\u00edcie s\u00fa zameran\u00e9 na dejiny slovensk\u00e9ho umenia, kult\u00fary a dopravy.\",\"publisher\":{\"@id\":\"https:\\\/\\\/pmza.sk\\\/#organization\"},\"potentialAction\":[{\"@type\":\"SearchAction\",\"target\":{\"@type\":\"EntryPoint\",\"urlTemplate\":\"https:\\\/\\\/pmza.sk\\\/?s={search_term_string}\"},\"query-input\":{\"@type\":\"PropertyValueSpecification\",\"valueRequired\":true,\"valueName\":\"search_term_string\"}}],\"inLanguage\":\"sk-SK\"},{\"@type\":\"Organization\",\"@id\":\"https:\\\/\\\/pmza.sk\\\/#organization\",\"name\":\"Pova\u017esk\u00e9 m\u00fazeum\",\"url\":\"https:\\\/\\\/pmza.sk\\\/\",\"logo\":{\"@type\":\"ImageObject\",\"inLanguage\":\"sk-SK\",\"@id\":\"https:\\\/\\\/pmza.sk\\\/#\\\/schema\\\/logo\\\/image\\\/\",\"url\":\"https:\\\/\\\/pmza.sk\\\/wp-content\\\/uploads\\\/2022\\\/01\\\/logo_PM_horizontal.jpg\",\"contentUrl\":\"https:\\\/\\\/pmza.sk\\\/wp-content\\\/uploads\\\/2022\\\/01\\\/logo_PM_horizontal.jpg\",\"width\":231,\"height\":142,\"caption\":\"Pova\u017esk\u00e9 m\u00fazeum\"},\"image\":{\"@id\":\"https:\\\/\\\/pmza.sk\\\/#\\\/schema\\\/logo\\\/image\\\/\"},\"sameAs\":[\"https:\\\/\\\/www.facebook.com\\\/povazskemuzeum\",\"https:\\\/\\\/www.instagram.com\\\/povazskemuzeum\\\/\"]},{\"@type\":\"Person\",\"@id\":\"https:\\\/\\\/pmza.sk\\\/#\\\/schema\\\/person\\\/595e6a2ce731ea94dcd5d7f50a41ae33\",\"name\":\"Pova\u017esk\u00e9 m\u00fazeum\",\"image\":{\"@type\":\"ImageObject\",\"inLanguage\":\"sk-SK\",\"@id\":\"https:\\\/\\\/secure.gravatar.com\\\/avatar\\\/2bb7f1561282132fb5826dfeccc66c7996d11ee392ac6aaf7ced8a1c2027fbb2?s=96&d=mm&r=g\",\"url\":\"https:\\\/\\\/secure.gravatar.com\\\/avatar\\\/2bb7f1561282132fb5826dfeccc66c7996d11ee392ac6aaf7ced8a1c2027fbb2?s=96&d=mm&r=g\",\"contentUrl\":\"https:\\\/\\\/secure.gravatar.com\\\/avatar\\\/2bb7f1561282132fb5826dfeccc66c7996d11ee392ac6aaf7ced8a1c2027fbb2?s=96&d=mm&r=g\",\"caption\":\"Pova\u017esk\u00e9 m\u00fazeum\"}}]}<\/script>\n<!-- \/ Yoast SEO plugin. -->","yoast_head_json":{"title":"8 deka m\u00fazea - Pova\u017esk\u00e9 m\u00fazeum","description":"8 deka, 8 dek\u00e1d, 80 rokov. V\u00fdnimo\u010dn\u00e1 v\u00fdstava pri pr\u00edle\u017eitosti 80. v\u00fdro\u010dia zalo\u017eenia m\u00fazea pon\u00fakne pestr\u00fa porciu hist\u00f3rie a\u00a0n\u00e1v\u0161tevn\u00edkom naserv\u00edruje to najzauj\u00edmavej\u0161ie, \u010do sa po\u010das 8 dek\u00e1d v m\u00fazeu podarilo. Sl\u00e1vnostn\u00e9 otvorenie v\u00fdstavy\u00a0 sa uskuto\u010dn\u00ed 5. 5. 2022 o 16.00 hod. na Budat\u00ednskom hrade.","robots":{"index":"index","follow":"follow","max-snippet":"max-snippet:-1","max-image-preview":"max-image-preview:large","max-video-preview":"max-video-preview:-1"},"canonical":"https:\/\/pmza.sk\/?p=50548","og_locale":"sk_SK","og_type":"article","og_title":"8 deka m\u00fazea - Pova\u017esk\u00e9 m\u00fazeum","og_description":"8 deka, 8 dek\u00e1d, 80 rokov. V\u00fdnimo\u010dn\u00e1 v\u00fdstava pri pr\u00edle\u017eitosti 80. v\u00fdro\u010dia zalo\u017eenia m\u00fazea pon\u00fakne pestr\u00fa porciu hist\u00f3rie a\u00a0n\u00e1v\u0161tevn\u00edkom naserv\u00edruje to najzauj\u00edmavej\u0161ie, \u010do sa po\u010das 8 dek\u00e1d v m\u00fazeu podarilo. Sl\u00e1vnostn\u00e9 otvorenie v\u00fdstavy\u00a0 sa uskuto\u010dn\u00ed 5. 5. 2022 o 16.00 hod. na Budat\u00ednskom hrade.","og_url":"https:\/\/pmza.sk\/?p=50548","og_site_name":"Pova\u017esk\u00e9 m\u00fazeum","article_publisher":"https:\/\/www.facebook.com\/povazskemuzeum","article_published_time":"2022-04-22T10:20:59+00:00","article_modified_time":"2023-04-12T06:04:47+00:00","og_image":[{"width":1280,"height":1250,"url":"https:\/\/pmza.sk\/wp-content\/uploads\/2022\/04\/8-deka-muzea.jpg","type":"image\/jpeg"}],"author":"Pova\u017esk\u00e9 m\u00fazeum","twitter_card":"summary_large_image","twitter_misc":{"Autor":"Pova\u017esk\u00e9 m\u00fazeum","Predpokladan\u00fd \u010das \u010d\u00edtania":"3 min\u00faty"},"schema":{"@context":"https:\/\/schema.org","@graph":[{"@type":"Article","@id":"https:\/\/pmza.sk\/?p=50548#article","isPartOf":{"@id":"https:\/\/pmza.sk\/?p=50548"},"author":{"name":"Pova\u017esk\u00e9 m\u00fazeum","@id":"https:\/\/pmza.sk\/#\/schema\/person\/595e6a2ce731ea94dcd5d7f50a41ae33"},"headline":"8 deka m\u00fazea","datePublished":"2022-04-22T10:20:59+00:00","dateModified":"2023-04-12T06:04:47+00:00","mainEntityOfPage":{"@id":"https:\/\/pmza.sk\/?p=50548"},"wordCount":632,"commentCount":0,"publisher":{"@id":"https:\/\/pmza.sk\/#organization"},"image":{"@id":"https:\/\/pmza.sk\/?p=50548#primaryimage"},"thumbnailUrl":"https:\/\/pmza.sk\/wp-content\/uploads\/2022\/04\/8-deka-muzea.jpg","articleSection":["V\u00fdstavy"],"inLanguage":"sk-SK"},{"@type":"WebPage","@id":"https:\/\/pmza.sk\/?p=50548","url":"https:\/\/pmza.sk\/?p=50548","name":"8 deka m\u00fazea - Pova\u017esk\u00e9 m\u00fazeum","isPartOf":{"@id":"https:\/\/pmza.sk\/#website"},"primaryImageOfPage":{"@id":"https:\/\/pmza.sk\/?p=50548#primaryimage"},"image":{"@id":"https:\/\/pmza.sk\/?p=50548#primaryimage"},"thumbnailUrl":"https:\/\/pmza.sk\/wp-content\/uploads\/2022\/04\/8-deka-muzea.jpg","datePublished":"2022-04-22T10:20:59+00:00","dateModified":"2023-04-12T06:04:47+00:00","description":"8 deka, 8 dek\u00e1d, 80 rokov. V\u00fdnimo\u010dn\u00e1 v\u00fdstava pri pr\u00edle\u017eitosti 80. v\u00fdro\u010dia zalo\u017eenia m\u00fazea pon\u00fakne pestr\u00fa porciu hist\u00f3rie a\u00a0n\u00e1v\u0161tevn\u00edkom naserv\u00edruje to najzauj\u00edmavej\u0161ie, \u010do sa po\u010das 8 dek\u00e1d v m\u00fazeu podarilo. Sl\u00e1vnostn\u00e9 otvorenie v\u00fdstavy\u00a0 sa uskuto\u010dn\u00ed 5. 5. 2022 o 16.00 hod. na Budat\u00ednskom hrade.","breadcrumb":{"@id":"https:\/\/pmza.sk\/?p=50548#breadcrumb"},"inLanguage":"sk-SK","potentialAction":[{"@type":"ReadAction","target":["https:\/\/pmza.sk\/?p=50548"]}]},{"@type":"ImageObject","inLanguage":"sk-SK","@id":"https:\/\/pmza.sk\/?p=50548#primaryimage","url":"https:\/\/pmza.sk\/wp-content\/uploads\/2022\/04\/8-deka-muzea.jpg","contentUrl":"https:\/\/pmza.sk\/wp-content\/uploads\/2022\/04\/8-deka-muzea.jpg","width":1280,"height":1250},{"@type":"BreadcrumbList","@id":"https:\/\/pmza.sk\/?p=50548#breadcrumb","itemListElement":[{"@type":"ListItem","position":1,"name":"Domovsk\u00e1 str\u00e1nka","item":"https:\/\/pmza.sk\/"},{"@type":"ListItem","position":2,"name":"8 deka m\u00fazea"}]},{"@type":"WebSite","@id":"https:\/\/pmza.sk\/#website","url":"https:\/\/pmza.sk\/","name":"Pova\u017esk\u00e9 m\u00fazeum","description":"Pova\u017esk\u00e9 m\u00fazeum v \u017diline je region\u00e1lne m\u00fazeum so s\u00eddlom v Budat\u00edne. Jeho expoz\u00edcie s\u00fa zameran\u00e9 na dejiny slovensk\u00e9ho umenia, kult\u00fary a dopravy.","publisher":{"@id":"https:\/\/pmza.sk\/#organization"},"potentialAction":[{"@type":"SearchAction","target":{"@type":"EntryPoint","urlTemplate":"https:\/\/pmza.sk\/?s={search_term_string}"},"query-input":{"@type":"PropertyValueSpecification","valueRequired":true,"valueName":"search_term_string"}}],"inLanguage":"sk-SK"},{"@type":"Organization","@id":"https:\/\/pmza.sk\/#organization","name":"Pova\u017esk\u00e9 m\u00fazeum","url":"https:\/\/pmza.sk\/","logo":{"@type":"ImageObject","inLanguage":"sk-SK","@id":"https:\/\/pmza.sk\/#\/schema\/logo\/image\/","url":"https:\/\/pmza.sk\/wp-content\/uploads\/2022\/01\/logo_PM_horizontal.jpg","contentUrl":"https:\/\/pmza.sk\/wp-content\/uploads\/2022\/01\/logo_PM_horizontal.jpg","width":231,"height":142,"caption":"Pova\u017esk\u00e9 m\u00fazeum"},"image":{"@id":"https:\/\/pmza.sk\/#\/schema\/logo\/image\/"},"sameAs":["https:\/\/www.facebook.com\/povazskemuzeum","https:\/\/www.instagram.com\/povazskemuzeum\/"]},{"@type":"Person","@id":"https:\/\/pmza.sk\/#\/schema\/person\/595e6a2ce731ea94dcd5d7f50a41ae33","name":"Pova\u017esk\u00e9 m\u00fazeum","image":{"@type":"ImageObject","inLanguage":"sk-SK","@id":"https:\/\/secure.gravatar.com\/avatar\/2bb7f1561282132fb5826dfeccc66c7996d11ee392ac6aaf7ced8a1c2027fbb2?s=96&d=mm&r=g","url":"https:\/\/secure.gravatar.com\/avatar\/2bb7f1561282132fb5826dfeccc66c7996d11ee392ac6aaf7ced8a1c2027fbb2?s=96&d=mm&r=g","contentUrl":"https:\/\/secure.gravatar.com\/avatar\/2bb7f1561282132fb5826dfeccc66c7996d11ee392ac6aaf7ced8a1c2027fbb2?s=96&d=mm&r=g","caption":"Pova\u017esk\u00e9 m\u00fazeum"}}]}},"_links":{"self":[{"href":"https:\/\/pmza.sk\/index.php?rest_route=\/wp\/v2\/posts\/50548","targetHints":{"allow":["GET"]}}],"collection":[{"href":"https:\/\/pmza.sk\/index.php?rest_route=\/wp\/v2\/posts"}],"about":[{"href":"https:\/\/pmza.sk\/index.php?rest_route=\/wp\/v2\/types\/post"}],"author":[{"embeddable":true,"href":"https:\/\/pmza.sk\/index.php?rest_route=\/wp\/v2\/users\/2"}],"replies":[{"embeddable":true,"href":"https:\/\/pmza.sk\/index.php?rest_route=%2Fwp%2Fv2%2Fcomments&post=50548"}],"version-history":[{"count":0,"href":"https:\/\/pmza.sk\/index.php?rest_route=\/wp\/v2\/posts\/50548\/revisions"}],"wp:featuredmedia":[{"embeddable":true,"href":"https:\/\/pmza.sk\/index.php?rest_route=\/wp\/v2\/media\/50549"}],"wp:attachment":[{"href":"https:\/\/pmza.sk\/index.php?rest_route=%2Fwp%2Fv2%2Fmedia&parent=50548"}],"wp:term":[{"taxonomy":"category","embeddable":true,"href":"https:\/\/pmza.sk\/index.php?rest_route=%2Fwp%2Fv2%2Fcategories&post=50548"},{"taxonomy":"post_tag","embeddable":true,"href":"https:\/\/pmza.sk\/index.php?rest_route=%2Fwp%2Fv2%2Ftags&post=50548"}],"curies":[{"name":"wp","href":"https:\/\/api.w.org\/{rel}","templated":true}]}}