{"id":50677,"date":"2022-05-02T08:08:53","date_gmt":"2022-05-02T06:08:53","guid":{"rendered":"https:\/\/pmza.sk\/?p=50677"},"modified":"2022-06-09T10:47:31","modified_gmt":"2022-06-09T08:47:31","slug":"den-rodiny-2","status":"publish","type":"post","link":"https:\/\/pmza.sk\/?p=50677","title":{"rendered":"De\u0148 rodiny"},"content":{"rendered":"<p><span class=\"d2edcug0 hpfvmrgz qv66sw1b c1et5uql lr9zc1uh a8c37x1j fe6kdd0r mau55g9w c8b282yb keod5gw0 nxhoafnm aigsh9s9 d3f4x2em iv3no6db jq4qci2q a3bd9o3v b1v8xokw oo9gr5id\" dir=\"auto\">V sobotu 14. m\u00e1ja sa v are\u00e1li Budat\u00ednskeho hradu uskuto\u010dn\u00ed \u010fal\u0161\u00ed ro\u010dn\u00edk podujatia De\u0148 rodiny. Organizuje ho Sekcia ml\u00e1de\u017ee \u017dilinsk\u00e9ho samospr\u00e1vneho kraja v r\u00e1mci Roka ml\u00e1de\u017ee.\u00a0 Pre rodiny a ml\u00e1de\u017e je pripraven\u00fd bohat\u00fd program, ktor\u00e9ho s\u00fa\u010das\u0165ou bude cirkusov\u00e1 \u0161ou, divadlo, tvoriv\u00e9 dielne, diskusie a mno\u017estvo \u010fal\u0161ieho. Na z\u00e1ver vyst\u00fapi aj zn\u00e1ma spev\u00e1\u010dka Simona Magu\u0161inov\u00e1. Za\u010diatok je o 14.00.<br \/>\n<\/span><\/p>\n<p><img fetchpriority=\"high\" decoding=\"async\" class=\"alignnone wp-image-50679\" src=\"https:\/\/pmza.sk\/wp-content\/uploads\/2022\/05\/279053355_4748722145251106_2100916465165822398_n-249x360.jpg\" alt=\"\" width=\"364\" height=\"526\" srcset=\"https:\/\/pmza.sk\/wp-content\/uploads\/2022\/05\/279053355_4748722145251106_2100916465165822398_n-249x360.jpg 249w, https:\/\/pmza.sk\/wp-content\/uploads\/2022\/05\/279053355_4748722145251106_2100916465165822398_n-510x736.jpg 510w, https:\/\/pmza.sk\/wp-content\/uploads\/2022\/05\/279053355_4748722145251106_2100916465165822398_n-768x1109.jpg 768w, https:\/\/pmza.sk\/wp-content\/uploads\/2022\/05\/279053355_4748722145251106_2100916465165822398_n-1063x1536.jpg 1063w, https:\/\/pmza.sk\/wp-content\/uploads\/2022\/05\/279053355_4748722145251106_2100916465165822398_n-600x867.jpg 600w, https:\/\/pmza.sk\/wp-content\/uploads\/2022\/05\/279053355_4748722145251106_2100916465165822398_n.jpg 1080w\" sizes=\"(max-width: 364px) 100vw, 364px\" \/><\/p>\n","protected":false},"excerpt":{"rendered":"<p>V sobotu 14. m\u00e1ja sa v are\u00e1li Budat\u00ednskeho hradu uskuto\u010dn\u00ed \u010fal\u0161\u00ed ro\u010dn\u00edk podujatia De\u0148 rodiny. Organizuje ho Sekcia ml\u00e1de\u017ee \u017dilinsk\u00e9ho samospr\u00e1vneho kraja v r\u00e1mci Roka ml\u00e1de\u017ee.\u00a0 Pre rodiny a ml\u00e1de\u017e je pripraven\u00fd bohat\u00fd program, ktor\u00e9ho s\u00fa\u010das\u0165ou bude cirkusov\u00e1 \u0161ou, divadlo, tvoriv\u00e9 dielne, diskusie a mno\u017estvo \u010fal\u0161ieho. Na z\u00e1ver vyst\u00fapi aj zn\u00e1ma spev\u00e1\u010dka Simona Magu\u0161inov\u00e1. Za\u010diatok [&hellip;]<\/p>\n","protected":false},"author":2,"featured_media":50678,"comment_status":"open","ping_status":"open","sticky":false,"template":"","format":"standard","meta":{"site-sidebar-layout":"default","site-content-layout":"default","ast-site-content-layout":"","site-content-style":"default","site-sidebar-style":"default","ast-global-header-display":"","ast-banner-title-visibility":"","ast-main-header-display":"","ast-hfb-above-header-display":"","ast-hfb-below-header-display":"","ast-hfb-mobile-header-display":"","site-post-title":"","ast-breadcrumbs-content":"","ast-featured-img":"","footer-sml-layout":"","theme-transparent-header-meta":"default","adv-header-id-meta":"","stick-header-meta":"default","header-above-stick-meta":"","header-main-stick-meta":"","header-below-stick-meta":"","astra-migrate-meta-layouts":"default","ast-page-background-enabled":"default","ast-page-background-meta":{"desktop":{"background-color":"var(--ast-global-color-4)","background-image":"","background-repeat":"repeat","background-position":"center center","background-size":"auto","background-attachment":"scroll","background-type":"","background-media":"","overlay-type":"","overlay-color":"","overlay-opacity":"","overlay-gradient":""},"tablet":{"background-color":"","background-image":"","background-repeat":"repeat","background-position":"center center","background-size":"auto","background-attachment":"scroll","background-type":"","background-media":"","overlay-type":"","overlay-color":"","overlay-opacity":"","overlay-gradient":""},"mobile":{"background-color":"","background-image":"","background-repeat":"repeat","background-position":"center center","background-size":"auto","background-attachment":"scroll","background-type":"","background-media":"","overlay-type":"","overlay-color":"","overlay-opacity":"","overlay-gradient":""}},"ast-content-background-meta":{"desktop":{"background-color":"var(--ast-global-color-5)","background-image":"","background-repeat":"repeat","background-position":"center center","background-size":"auto","background-attachment":"scroll","background-type":"","background-media":"","overlay-type":"","overlay-color":"","overlay-opacity":"","overlay-gradient":""},"tablet":{"background-color":"var(--ast-global-color-5)","background-image":"","background-repeat":"repeat","background-position":"center center","background-size":"auto","background-attachment":"scroll","background-type":"","background-media":"","overlay-type":"","overlay-color":"","overlay-opacity":"","overlay-gradient":""},"mobile":{"background-color":"var(--ast-global-color-5)","background-image":"","background-repeat":"repeat","background-position":"center center","background-size":"auto","background-attachment":"scroll","background-type":"","background-media":"","overlay-type":"","overlay-color":"","overlay-opacity":"","overlay-gradient":""}},"footnotes":""},"categories":[71],"tags":[],"class_list":["post-50677","post","type-post","status-publish","format-standard","has-post-thumbnail","hentry","category-podujatia"],"yoast_head":"<!-- This site is optimized with the Yoast SEO plugin v27.4 - https:\/\/yoast.com\/product\/yoast-seo-wordpress\/ -->\n<title>De\u0148 rodiny - Pova\u017esk\u00e9 m\u00fazeum<\/title>\n<meta name=\"description\" content=\"V sobotu 14. m\u00e1ja sa v are\u00e1li Budat\u00ednskeho hradu uskuto\u010dn\u00ed \u010fal\u0161\u00ed ro\u010dn\u00edk podujatia De\u0148 rodiny. Organizuje ho Sekcia ml\u00e1de\u017ee \u017dilinsk\u00e9ho samospr\u00e1vneho kraja v r\u00e1mci Roka ml\u00e1de\u017ee.\u00a0 Pre rodiny a ml\u00e1de\u017e je pripraven\u00fd bohat\u00fd program, ktor\u00e9ho s\u00fa\u010das\u0165ou bude cirkusov\u00e1 \u0161ou, divadlo, tvoriv\u00e9 dielne, diskusie a mno\u017estvo \u010fal\u0161ieho. Na z\u00e1ver vyst\u00fapi aj zn\u00e1ma spev\u00e1\u010dka Simona Magu\u0161inov\u00e1.\" \/>\n<meta name=\"robots\" content=\"index, follow, max-snippet:-1, max-image-preview:large, max-video-preview:-1\" \/>\n<link rel=\"canonical\" href=\"https:\/\/pmza.sk\/?p=50677\" \/>\n<meta property=\"og:locale\" content=\"sk_SK\" \/>\n<meta property=\"og:type\" content=\"article\" \/>\n<meta property=\"og:title\" content=\"De\u0148 rodiny - Pova\u017esk\u00e9 m\u00fazeum\" \/>\n<meta property=\"og:description\" content=\"V sobotu 14. m\u00e1ja sa v are\u00e1li Budat\u00ednskeho hradu uskuto\u010dn\u00ed \u010fal\u0161\u00ed ro\u010dn\u00edk podujatia De\u0148 rodiny. Organizuje ho Sekcia ml\u00e1de\u017ee \u017dilinsk\u00e9ho samospr\u00e1vneho kraja v r\u00e1mci Roka ml\u00e1de\u017ee.\u00a0 Pre rodiny a ml\u00e1de\u017e je pripraven\u00fd bohat\u00fd program, ktor\u00e9ho s\u00fa\u010das\u0165ou bude cirkusov\u00e1 \u0161ou, divadlo, tvoriv\u00e9 dielne, diskusie a mno\u017estvo \u010fal\u0161ieho. Na z\u00e1ver vyst\u00fapi aj zn\u00e1ma spev\u00e1\u010dka Simona Magu\u0161inov\u00e1.\" \/>\n<meta property=\"og:url\" content=\"https:\/\/pmza.sk\/?p=50677\" \/>\n<meta property=\"og:site_name\" content=\"Pova\u017esk\u00e9 m\u00fazeum\" \/>\n<meta property=\"article:publisher\" content=\"https:\/\/www.facebook.com\/povazskemuzeum\" \/>\n<meta property=\"article:published_time\" content=\"2022-05-02T06:08:53+00:00\" \/>\n<meta property=\"article:modified_time\" content=\"2022-06-09T08:47:31+00:00\" \/>\n<meta property=\"og:image\" content=\"https:\/\/pmza.sk\/wp-content\/uploads\/2022\/05\/278321647_2676522589158875_3715679954046998973_n.jpg\" \/>\n\t<meta property=\"og:image:width\" content=\"1640\" \/>\n\t<meta property=\"og:image:height\" content=\"924\" \/>\n\t<meta property=\"og:image:type\" content=\"image\/jpeg\" \/>\n<meta name=\"author\" content=\"Pova\u017esk\u00e9 m\u00fazeum\" \/>\n<meta name=\"twitter:card\" content=\"summary_large_image\" \/>\n<meta name=\"twitter:label1\" content=\"Autor\" \/>\n\t<meta name=\"twitter:data1\" content=\"Pova\u017esk\u00e9 m\u00fazeum\" \/>\n<script type=\"application\/ld+json\" class=\"yoast-schema-graph\">{\"@context\":\"https:\\\/\\\/schema.org\",\"@graph\":[{\"@type\":\"Article\",\"@id\":\"https:\\\/\\\/pmza.sk\\\/?p=50677#article\",\"isPartOf\":{\"@id\":\"https:\\\/\\\/pmza.sk\\\/?p=50677\"},\"author\":{\"name\":\"Pova\u017esk\u00e9 m\u00fazeum\",\"@id\":\"https:\\\/\\\/pmza.sk\\\/#\\\/schema\\\/person\\\/595e6a2ce731ea94dcd5d7f50a41ae33\"},\"headline\":\"De\u0148 rodiny\",\"datePublished\":\"2022-05-02T06:08:53+00:00\",\"dateModified\":\"2022-06-09T08:47:31+00:00\",\"mainEntityOfPage\":{\"@id\":\"https:\\\/\\\/pmza.sk\\\/?p=50677\"},\"wordCount\":83,\"commentCount\":0,\"publisher\":{\"@id\":\"https:\\\/\\\/pmza.sk\\\/#organization\"},\"image\":{\"@id\":\"https:\\\/\\\/pmza.sk\\\/?p=50677#primaryimage\"},\"thumbnailUrl\":\"https:\\\/\\\/pmza.sk\\\/wp-content\\\/uploads\\\/2022\\\/05\\\/278321647_2676522589158875_3715679954046998973_n.jpg\",\"articleSection\":[\"Podujatia\"],\"inLanguage\":\"sk-SK\"},{\"@type\":\"WebPage\",\"@id\":\"https:\\\/\\\/pmza.sk\\\/?p=50677\",\"url\":\"https:\\\/\\\/pmza.sk\\\/?p=50677\",\"name\":\"De\u0148 rodiny - Pova\u017esk\u00e9 m\u00fazeum\",\"isPartOf\":{\"@id\":\"https:\\\/\\\/pmza.sk\\\/#website\"},\"primaryImageOfPage\":{\"@id\":\"https:\\\/\\\/pmza.sk\\\/?p=50677#primaryimage\"},\"image\":{\"@id\":\"https:\\\/\\\/pmza.sk\\\/?p=50677#primaryimage\"},\"thumbnailUrl\":\"https:\\\/\\\/pmza.sk\\\/wp-content\\\/uploads\\\/2022\\\/05\\\/278321647_2676522589158875_3715679954046998973_n.jpg\",\"datePublished\":\"2022-05-02T06:08:53+00:00\",\"dateModified\":\"2022-06-09T08:47:31+00:00\",\"description\":\"V sobotu 14. m\u00e1ja sa v are\u00e1li Budat\u00ednskeho hradu uskuto\u010dn\u00ed \u010fal\u0161\u00ed ro\u010dn\u00edk podujatia De\u0148 rodiny. Organizuje ho Sekcia ml\u00e1de\u017ee \u017dilinsk\u00e9ho samospr\u00e1vneho kraja v r\u00e1mci Roka ml\u00e1de\u017ee.\u00a0 Pre rodiny a ml\u00e1de\u017e je pripraven\u00fd bohat\u00fd program, ktor\u00e9ho s\u00fa\u010das\u0165ou bude cirkusov\u00e1 \u0161ou, divadlo, tvoriv\u00e9 dielne, diskusie a mno\u017estvo \u010fal\u0161ieho. Na z\u00e1ver vyst\u00fapi aj zn\u00e1ma spev\u00e1\u010dka Simona Magu\u0161inov\u00e1.\",\"breadcrumb\":{\"@id\":\"https:\\\/\\\/pmza.sk\\\/?p=50677#breadcrumb\"},\"inLanguage\":\"sk-SK\",\"potentialAction\":[{\"@type\":\"ReadAction\",\"target\":[\"https:\\\/\\\/pmza.sk\\\/?p=50677\"]}]},{\"@type\":\"ImageObject\",\"inLanguage\":\"sk-SK\",\"@id\":\"https:\\\/\\\/pmza.sk\\\/?p=50677#primaryimage\",\"url\":\"https:\\\/\\\/pmza.sk\\\/wp-content\\\/uploads\\\/2022\\\/05\\\/278321647_2676522589158875_3715679954046998973_n.jpg\",\"contentUrl\":\"https:\\\/\\\/pmza.sk\\\/wp-content\\\/uploads\\\/2022\\\/05\\\/278321647_2676522589158875_3715679954046998973_n.jpg\",\"width\":1640,\"height\":924},{\"@type\":\"BreadcrumbList\",\"@id\":\"https:\\\/\\\/pmza.sk\\\/?p=50677#breadcrumb\",\"itemListElement\":[{\"@type\":\"ListItem\",\"position\":1,\"name\":\"Domovsk\u00e1 str\u00e1nka\",\"item\":\"https:\\\/\\\/pmza.sk\\\/\"},{\"@type\":\"ListItem\",\"position\":2,\"name\":\"De\u0148 rodiny\"}]},{\"@type\":\"WebSite\",\"@id\":\"https:\\\/\\\/pmza.sk\\\/#website\",\"url\":\"https:\\\/\\\/pmza.sk\\\/\",\"name\":\"Pova\u017esk\u00e9 m\u00fazeum\",\"description\":\"Pova\u017esk\u00e9 m\u00fazeum v \u017diline je region\u00e1lne m\u00fazeum so s\u00eddlom v Budat\u00edne. Jeho expoz\u00edcie s\u00fa zameran\u00e9 na dejiny slovensk\u00e9ho umenia, kult\u00fary a dopravy.\",\"publisher\":{\"@id\":\"https:\\\/\\\/pmza.sk\\\/#organization\"},\"potentialAction\":[{\"@type\":\"SearchAction\",\"target\":{\"@type\":\"EntryPoint\",\"urlTemplate\":\"https:\\\/\\\/pmza.sk\\\/?s={search_term_string}\"},\"query-input\":{\"@type\":\"PropertyValueSpecification\",\"valueRequired\":true,\"valueName\":\"search_term_string\"}}],\"inLanguage\":\"sk-SK\"},{\"@type\":\"Organization\",\"@id\":\"https:\\\/\\\/pmza.sk\\\/#organization\",\"name\":\"Pova\u017esk\u00e9 m\u00fazeum\",\"url\":\"https:\\\/\\\/pmza.sk\\\/\",\"logo\":{\"@type\":\"ImageObject\",\"inLanguage\":\"sk-SK\",\"@id\":\"https:\\\/\\\/pmza.sk\\\/#\\\/schema\\\/logo\\\/image\\\/\",\"url\":\"https:\\\/\\\/pmza.sk\\\/wp-content\\\/uploads\\\/2022\\\/01\\\/logo_PM_horizontal.jpg\",\"contentUrl\":\"https:\\\/\\\/pmza.sk\\\/wp-content\\\/uploads\\\/2022\\\/01\\\/logo_PM_horizontal.jpg\",\"width\":231,\"height\":142,\"caption\":\"Pova\u017esk\u00e9 m\u00fazeum\"},\"image\":{\"@id\":\"https:\\\/\\\/pmza.sk\\\/#\\\/schema\\\/logo\\\/image\\\/\"},\"sameAs\":[\"https:\\\/\\\/www.facebook.com\\\/povazskemuzeum\",\"https:\\\/\\\/www.instagram.com\\\/povazskemuzeum\\\/\"]},{\"@type\":\"Person\",\"@id\":\"https:\\\/\\\/pmza.sk\\\/#\\\/schema\\\/person\\\/595e6a2ce731ea94dcd5d7f50a41ae33\",\"name\":\"Pova\u017esk\u00e9 m\u00fazeum\",\"image\":{\"@type\":\"ImageObject\",\"inLanguage\":\"sk-SK\",\"@id\":\"https:\\\/\\\/secure.gravatar.com\\\/avatar\\\/2bb7f1561282132fb5826dfeccc66c7996d11ee392ac6aaf7ced8a1c2027fbb2?s=96&d=mm&r=g\",\"url\":\"https:\\\/\\\/secure.gravatar.com\\\/avatar\\\/2bb7f1561282132fb5826dfeccc66c7996d11ee392ac6aaf7ced8a1c2027fbb2?s=96&d=mm&r=g\",\"contentUrl\":\"https:\\\/\\\/secure.gravatar.com\\\/avatar\\\/2bb7f1561282132fb5826dfeccc66c7996d11ee392ac6aaf7ced8a1c2027fbb2?s=96&d=mm&r=g\",\"caption\":\"Pova\u017esk\u00e9 m\u00fazeum\"}}]}<\/script>\n<!-- \/ Yoast SEO plugin. -->","yoast_head_json":{"title":"De\u0148 rodiny - Pova\u017esk\u00e9 m\u00fazeum","description":"V sobotu 14. m\u00e1ja sa v are\u00e1li Budat\u00ednskeho hradu uskuto\u010dn\u00ed \u010fal\u0161\u00ed ro\u010dn\u00edk podujatia De\u0148 rodiny. Organizuje ho Sekcia ml\u00e1de\u017ee \u017dilinsk\u00e9ho samospr\u00e1vneho kraja v r\u00e1mci Roka ml\u00e1de\u017ee.\u00a0 Pre rodiny a ml\u00e1de\u017e je pripraven\u00fd bohat\u00fd program, ktor\u00e9ho s\u00fa\u010das\u0165ou bude cirkusov\u00e1 \u0161ou, divadlo, tvoriv\u00e9 dielne, diskusie a mno\u017estvo \u010fal\u0161ieho. Na z\u00e1ver vyst\u00fapi aj zn\u00e1ma spev\u00e1\u010dka Simona Magu\u0161inov\u00e1.","robots":{"index":"index","follow":"follow","max-snippet":"max-snippet:-1","max-image-preview":"max-image-preview:large","max-video-preview":"max-video-preview:-1"},"canonical":"https:\/\/pmza.sk\/?p=50677","og_locale":"sk_SK","og_type":"article","og_title":"De\u0148 rodiny - Pova\u017esk\u00e9 m\u00fazeum","og_description":"V sobotu 14. m\u00e1ja sa v are\u00e1li Budat\u00ednskeho hradu uskuto\u010dn\u00ed \u010fal\u0161\u00ed ro\u010dn\u00edk podujatia De\u0148 rodiny. Organizuje ho Sekcia ml\u00e1de\u017ee \u017dilinsk\u00e9ho samospr\u00e1vneho kraja v r\u00e1mci Roka ml\u00e1de\u017ee.\u00a0 Pre rodiny a ml\u00e1de\u017e je pripraven\u00fd bohat\u00fd program, ktor\u00e9ho s\u00fa\u010das\u0165ou bude cirkusov\u00e1 \u0161ou, divadlo, tvoriv\u00e9 dielne, diskusie a mno\u017estvo \u010fal\u0161ieho. Na z\u00e1ver vyst\u00fapi aj zn\u00e1ma spev\u00e1\u010dka Simona Magu\u0161inov\u00e1.","og_url":"https:\/\/pmza.sk\/?p=50677","og_site_name":"Pova\u017esk\u00e9 m\u00fazeum","article_publisher":"https:\/\/www.facebook.com\/povazskemuzeum","article_published_time":"2022-05-02T06:08:53+00:00","article_modified_time":"2022-06-09T08:47:31+00:00","og_image":[{"width":1640,"height":924,"url":"https:\/\/pmza.sk\/wp-content\/uploads\/2022\/05\/278321647_2676522589158875_3715679954046998973_n.jpg","type":"image\/jpeg"}],"author":"Pova\u017esk\u00e9 m\u00fazeum","twitter_card":"summary_large_image","twitter_misc":{"Autor":"Pova\u017esk\u00e9 m\u00fazeum"},"schema":{"@context":"https:\/\/schema.org","@graph":[{"@type":"Article","@id":"https:\/\/pmza.sk\/?p=50677#article","isPartOf":{"@id":"https:\/\/pmza.sk\/?p=50677"},"author":{"name":"Pova\u017esk\u00e9 m\u00fazeum","@id":"https:\/\/pmza.sk\/#\/schema\/person\/595e6a2ce731ea94dcd5d7f50a41ae33"},"headline":"De\u0148 rodiny","datePublished":"2022-05-02T06:08:53+00:00","dateModified":"2022-06-09T08:47:31+00:00","mainEntityOfPage":{"@id":"https:\/\/pmza.sk\/?p=50677"},"wordCount":83,"commentCount":0,"publisher":{"@id":"https:\/\/pmza.sk\/#organization"},"image":{"@id":"https:\/\/pmza.sk\/?p=50677#primaryimage"},"thumbnailUrl":"https:\/\/pmza.sk\/wp-content\/uploads\/2022\/05\/278321647_2676522589158875_3715679954046998973_n.jpg","articleSection":["Podujatia"],"inLanguage":"sk-SK"},{"@type":"WebPage","@id":"https:\/\/pmza.sk\/?p=50677","url":"https:\/\/pmza.sk\/?p=50677","name":"De\u0148 rodiny - Pova\u017esk\u00e9 m\u00fazeum","isPartOf":{"@id":"https:\/\/pmza.sk\/#website"},"primaryImageOfPage":{"@id":"https:\/\/pmza.sk\/?p=50677#primaryimage"},"image":{"@id":"https:\/\/pmza.sk\/?p=50677#primaryimage"},"thumbnailUrl":"https:\/\/pmza.sk\/wp-content\/uploads\/2022\/05\/278321647_2676522589158875_3715679954046998973_n.jpg","datePublished":"2022-05-02T06:08:53+00:00","dateModified":"2022-06-09T08:47:31+00:00","description":"V sobotu 14. m\u00e1ja sa v are\u00e1li Budat\u00ednskeho hradu uskuto\u010dn\u00ed \u010fal\u0161\u00ed ro\u010dn\u00edk podujatia De\u0148 rodiny. Organizuje ho Sekcia ml\u00e1de\u017ee \u017dilinsk\u00e9ho samospr\u00e1vneho kraja v r\u00e1mci Roka ml\u00e1de\u017ee.\u00a0 Pre rodiny a ml\u00e1de\u017e je pripraven\u00fd bohat\u00fd program, ktor\u00e9ho s\u00fa\u010das\u0165ou bude cirkusov\u00e1 \u0161ou, divadlo, tvoriv\u00e9 dielne, diskusie a mno\u017estvo \u010fal\u0161ieho. Na z\u00e1ver vyst\u00fapi aj zn\u00e1ma spev\u00e1\u010dka Simona Magu\u0161inov\u00e1.","breadcrumb":{"@id":"https:\/\/pmza.sk\/?p=50677#breadcrumb"},"inLanguage":"sk-SK","potentialAction":[{"@type":"ReadAction","target":["https:\/\/pmza.sk\/?p=50677"]}]},{"@type":"ImageObject","inLanguage":"sk-SK","@id":"https:\/\/pmza.sk\/?p=50677#primaryimage","url":"https:\/\/pmza.sk\/wp-content\/uploads\/2022\/05\/278321647_2676522589158875_3715679954046998973_n.jpg","contentUrl":"https:\/\/pmza.sk\/wp-content\/uploads\/2022\/05\/278321647_2676522589158875_3715679954046998973_n.jpg","width":1640,"height":924},{"@type":"BreadcrumbList","@id":"https:\/\/pmza.sk\/?p=50677#breadcrumb","itemListElement":[{"@type":"ListItem","position":1,"name":"Domovsk\u00e1 str\u00e1nka","item":"https:\/\/pmza.sk\/"},{"@type":"ListItem","position":2,"name":"De\u0148 rodiny"}]},{"@type":"WebSite","@id":"https:\/\/pmza.sk\/#website","url":"https:\/\/pmza.sk\/","name":"Pova\u017esk\u00e9 m\u00fazeum","description":"Pova\u017esk\u00e9 m\u00fazeum v \u017diline je region\u00e1lne m\u00fazeum so s\u00eddlom v Budat\u00edne. Jeho expoz\u00edcie s\u00fa zameran\u00e9 na dejiny slovensk\u00e9ho umenia, kult\u00fary a dopravy.","publisher":{"@id":"https:\/\/pmza.sk\/#organization"},"potentialAction":[{"@type":"SearchAction","target":{"@type":"EntryPoint","urlTemplate":"https:\/\/pmza.sk\/?s={search_term_string}"},"query-input":{"@type":"PropertyValueSpecification","valueRequired":true,"valueName":"search_term_string"}}],"inLanguage":"sk-SK"},{"@type":"Organization","@id":"https:\/\/pmza.sk\/#organization","name":"Pova\u017esk\u00e9 m\u00fazeum","url":"https:\/\/pmza.sk\/","logo":{"@type":"ImageObject","inLanguage":"sk-SK","@id":"https:\/\/pmza.sk\/#\/schema\/logo\/image\/","url":"https:\/\/pmza.sk\/wp-content\/uploads\/2022\/01\/logo_PM_horizontal.jpg","contentUrl":"https:\/\/pmza.sk\/wp-content\/uploads\/2022\/01\/logo_PM_horizontal.jpg","width":231,"height":142,"caption":"Pova\u017esk\u00e9 m\u00fazeum"},"image":{"@id":"https:\/\/pmza.sk\/#\/schema\/logo\/image\/"},"sameAs":["https:\/\/www.facebook.com\/povazskemuzeum","https:\/\/www.instagram.com\/povazskemuzeum\/"]},{"@type":"Person","@id":"https:\/\/pmza.sk\/#\/schema\/person\/595e6a2ce731ea94dcd5d7f50a41ae33","name":"Pova\u017esk\u00e9 m\u00fazeum","image":{"@type":"ImageObject","inLanguage":"sk-SK","@id":"https:\/\/secure.gravatar.com\/avatar\/2bb7f1561282132fb5826dfeccc66c7996d11ee392ac6aaf7ced8a1c2027fbb2?s=96&d=mm&r=g","url":"https:\/\/secure.gravatar.com\/avatar\/2bb7f1561282132fb5826dfeccc66c7996d11ee392ac6aaf7ced8a1c2027fbb2?s=96&d=mm&r=g","contentUrl":"https:\/\/secure.gravatar.com\/avatar\/2bb7f1561282132fb5826dfeccc66c7996d11ee392ac6aaf7ced8a1c2027fbb2?s=96&d=mm&r=g","caption":"Pova\u017esk\u00e9 m\u00fazeum"}}]}},"_links":{"self":[{"href":"https:\/\/pmza.sk\/index.php?rest_route=\/wp\/v2\/posts\/50677","targetHints":{"allow":["GET"]}}],"collection":[{"href":"https:\/\/pmza.sk\/index.php?rest_route=\/wp\/v2\/posts"}],"about":[{"href":"https:\/\/pmza.sk\/index.php?rest_route=\/wp\/v2\/types\/post"}],"author":[{"embeddable":true,"href":"https:\/\/pmza.sk\/index.php?rest_route=\/wp\/v2\/users\/2"}],"replies":[{"embeddable":true,"href":"https:\/\/pmza.sk\/index.php?rest_route=%2Fwp%2Fv2%2Fcomments&post=50677"}],"version-history":[{"count":0,"href":"https:\/\/pmza.sk\/index.php?rest_route=\/wp\/v2\/posts\/50677\/revisions"}],"wp:featuredmedia":[{"embeddable":true,"href":"https:\/\/pmza.sk\/index.php?rest_route=\/wp\/v2\/media\/50678"}],"wp:attachment":[{"href":"https:\/\/pmza.sk\/index.php?rest_route=%2Fwp%2Fv2%2Fmedia&parent=50677"}],"wp:term":[{"taxonomy":"category","embeddable":true,"href":"https:\/\/pmza.sk\/index.php?rest_route=%2Fwp%2Fv2%2Fcategories&post=50677"},{"taxonomy":"post_tag","embeddable":true,"href":"https:\/\/pmza.sk\/index.php?rest_route=%2Fwp%2Fv2%2Ftags&post=50677"}],"curies":[{"name":"wp","href":"https:\/\/api.w.org\/{rel}","templated":true}]}}