{"id":50681,"date":"2022-05-02T08:32:30","date_gmt":"2022-05-02T06:32:30","guid":{"rendered":"https:\/\/pmza.sk\/?p=50681"},"modified":"2022-06-09T10:47:02","modified_gmt":"2022-06-09T08:47:02","slug":"noc-muzei-a-galerii-s-barborou-turzovou","status":"publish","type":"post","link":"https:\/\/pmza.sk\/?p=50681","title":{"rendered":"Noc m\u00faze\u00ed a gal\u00e9ri\u00ed s Barborou Turzovou"},"content":{"rendered":"<p>Pova\u017esk\u00e9 m\u00fazeum sa aj tento rok zapoj\u00ed do aktivity Noc m\u00faze\u00ed a\u00a0gal\u00e9ri\u00ed, ktorej cie\u013eom je v\u00a0\u010do najv\u00e4\u010d\u0161ej miere prezentova\u0165 kult\u00farne dedi\u010dstvo a\u00a0\u0161\u00edri\u0165 inform\u00e1cie o\u00a0kult\u00farnej rozmanitosti. V\u00a0minulosti sa toto podujatie konalo zv\u00e4\u010d\u0161a na hrade Stre\u010dno \u010di Budat\u00ednskom hrade. Teraz sa po prv\u00fdkr\u00e1t uskuto\u010dn\u00ed v Sob\u00e1\u0161nom pal\u00e1ci v\u00a0Byt\u010di, ktor\u00fd dal postavi\u0165 palat\u00edn Juraj Turzo v\u00a0roku 1601 pre svadobn\u00e9 hostiny svojich dc\u00e9r.<\/p>\n<p><em>\u201eRozhodli sme sa uk\u00e1za\u0165 n\u00e1v\u0161tevn\u00edkom kr\u00e1sne priestory pal\u00e1ca aj mimo be\u017en\u00fdch otv\u00e1rac\u00edch hod\u00edn a umo\u017enili im vstup ve\u010der o 17.00, 18.00, 19.00 a 20.00. \u00a0Pre z\u00e1ujemcov sme si pripravili \u0161peci\u00e1lnu prehliadku v renesan\u010dnom duchu. Po pamiatke \u00a0ich bude sprev\u00e1dza\u0165 samotn\u00e1 dc\u00e9ra palat\u00edna Juraja Turza \u2013 Barbora, ktor\u00e1 prezrad\u00ed r\u00f4zne tajomstv\u00e1 a zauj\u00edmavosti zo \u017eivota rodiny,\u201c<\/em> uviedla spr\u00e1vky\u0148a Sob\u00e1\u0161neho pal\u00e1ca Andrea Tur\u010d\u00e1kov\u00e1.<\/p>\n<p>Okrem prehliadky bude pre n\u00e1v\u0161tevn\u00edkov l\u00e1kadlom ur\u010dite aj v\u00fdstava Remeslo m\u00e1 modr\u00e9 dno prezentuj\u00faca v\u00fdvoj a remeslo modrotla\u010de na na\u0161om \u00fazem\u00ed od 18. do 21. storo\u010dia. Viac inform\u00e1ci\u00ed na <a href=\"http:\/\/www.pmza.sk\">www.pmza.sk<\/a>.<\/p>\n<p><img fetchpriority=\"high\" decoding=\"async\" class=\"alignnone wp-image-50682\" src=\"https:\/\/pmza.sk\/wp-content\/uploads\/2022\/05\/plagat_noc-255x360.jpg\" alt=\"\" width=\"344\" height=\"486\" srcset=\"https:\/\/pmza.sk\/wp-content\/uploads\/2022\/05\/plagat_noc-255x360.jpg 255w, https:\/\/pmza.sk\/wp-content\/uploads\/2022\/05\/plagat_noc-520x736.jpg 520w, https:\/\/pmza.sk\/wp-content\/uploads\/2022\/05\/plagat_noc-768x1086.jpg 768w, https:\/\/pmza.sk\/wp-content\/uploads\/2022\/05\/plagat_noc-1086x1536.jpg 1086w, https:\/\/pmza.sk\/wp-content\/uploads\/2022\/05\/plagat_noc-1448x2048.jpg 1448w, https:\/\/pmza.sk\/wp-content\/uploads\/2022\/05\/plagat_noc-600x849.jpg 600w, https:\/\/pmza.sk\/wp-content\/uploads\/2022\/05\/plagat_noc-scaled.jpg 1810w\" sizes=\"(max-width: 344px) 100vw, 344px\" \/><\/p>\n<p>&nbsp;<\/p>\n","protected":false},"excerpt":{"rendered":"<p>Pova\u017esk\u00e9 m\u00fazeum sa aj tento rok zapoj\u00ed do aktivity Noc m\u00faze\u00ed a\u00a0gal\u00e9ri\u00ed, ktorej cie\u013eom je v\u00a0\u010do najv\u00e4\u010d\u0161ej miere prezentova\u0165 kult\u00farne dedi\u010dstvo a\u00a0\u0161\u00edri\u0165 inform\u00e1cie o\u00a0kult\u00farnej rozmanitosti. V\u00a0minulosti sa toto podujatie konalo zv\u00e4\u010d\u0161a na hrade Stre\u010dno \u010di Budat\u00ednskom hrade. Teraz sa po prv\u00fdkr\u00e1t uskuto\u010dn\u00ed v Sob\u00e1\u0161nom pal\u00e1ci v\u00a0Byt\u010di, ktor\u00fd dal postavi\u0165 palat\u00edn Juraj Turzo v\u00a0roku 1601 pre [&hellip;]<\/p>\n","protected":false},"author":2,"featured_media":50683,"comment_status":"open","ping_status":"open","sticky":false,"template":"","format":"standard","meta":{"site-sidebar-layout":"default","site-content-layout":"default","ast-site-content-layout":"","site-content-style":"default","site-sidebar-style":"default","ast-global-header-display":"","ast-banner-title-visibility":"","ast-main-header-display":"","ast-hfb-above-header-display":"","ast-hfb-below-header-display":"","ast-hfb-mobile-header-display":"","site-post-title":"","ast-breadcrumbs-content":"","ast-featured-img":"","footer-sml-layout":"","theme-transparent-header-meta":"default","adv-header-id-meta":"","stick-header-meta":"default","header-above-stick-meta":"","header-main-stick-meta":"","header-below-stick-meta":"","astra-migrate-meta-layouts":"default","ast-page-background-enabled":"default","ast-page-background-meta":{"desktop":{"background-color":"var(--ast-global-color-4)","background-image":"","background-repeat":"repeat","background-position":"center center","background-size":"auto","background-attachment":"scroll","background-type":"","background-media":"","overlay-type":"","overlay-color":"","overlay-opacity":"","overlay-gradient":""},"tablet":{"background-color":"","background-image":"","background-repeat":"repeat","background-position":"center center","background-size":"auto","background-attachment":"scroll","background-type":"","background-media":"","overlay-type":"","overlay-color":"","overlay-opacity":"","overlay-gradient":""},"mobile":{"background-color":"","background-image":"","background-repeat":"repeat","background-position":"center center","background-size":"auto","background-attachment":"scroll","background-type":"","background-media":"","overlay-type":"","overlay-color":"","overlay-opacity":"","overlay-gradient":""}},"ast-content-background-meta":{"desktop":{"background-color":"var(--ast-global-color-5)","background-image":"","background-repeat":"repeat","background-position":"center center","background-size":"auto","background-attachment":"scroll","background-type":"","background-media":"","overlay-type":"","overlay-color":"","overlay-opacity":"","overlay-gradient":""},"tablet":{"background-color":"var(--ast-global-color-5)","background-image":"","background-repeat":"repeat","background-position":"center center","background-size":"auto","background-attachment":"scroll","background-type":"","background-media":"","overlay-type":"","overlay-color":"","overlay-opacity":"","overlay-gradient":""},"mobile":{"background-color":"var(--ast-global-color-5)","background-image":"","background-repeat":"repeat","background-position":"center center","background-size":"auto","background-attachment":"scroll","background-type":"","background-media":"","overlay-type":"","overlay-color":"","overlay-opacity":"","overlay-gradient":""}},"footnotes":""},"categories":[71],"tags":[],"class_list":["post-50681","post","type-post","status-publish","format-standard","has-post-thumbnail","hentry","category-podujatia"],"yoast_head":"<!-- This site is optimized with the Yoast SEO plugin v27.4 - https:\/\/yoast.com\/product\/yoast-seo-wordpress\/ -->\n<title>Noc m\u00faze\u00ed a gal\u00e9ri\u00ed s Barborou Turzovou - Pova\u017esk\u00e9 m\u00fazeum<\/title>\n<meta name=\"description\" content=\"Pri pr\u00edle\u017eitosti celoslovensk\u00e9ho podujatia Noci m\u00faze\u00ed a gal\u00e9ri\u00ed bude v Sob\u00e1\u0161nom pal\u00e1ci v Byt\u010di prebieha\u0165 \u0161peci\u00e1lna prehliadka v renesan\u010dnom duchu so sprievodom Barbory Turzovej, ktor\u00e1 v\u00e1s prevedie po svojom panstve a porozpr\u00e1va o svojom otcovi - uhorskom palat\u00ednovi Jurajovi Turzovi.\" \/>\n<meta name=\"robots\" content=\"index, follow, max-snippet:-1, max-image-preview:large, max-video-preview:-1\" \/>\n<link rel=\"canonical\" href=\"https:\/\/pmza.sk\/?p=50681\" \/>\n<meta property=\"og:locale\" content=\"sk_SK\" \/>\n<meta property=\"og:type\" content=\"article\" \/>\n<meta property=\"og:title\" content=\"Noc m\u00faze\u00ed a gal\u00e9ri\u00ed s Barborou Turzovou - Pova\u017esk\u00e9 m\u00fazeum\" \/>\n<meta property=\"og:description\" content=\"Pri pr\u00edle\u017eitosti celoslovensk\u00e9ho podujatia Noci m\u00faze\u00ed a gal\u00e9ri\u00ed bude v Sob\u00e1\u0161nom pal\u00e1ci v Byt\u010di prebieha\u0165 \u0161peci\u00e1lna prehliadka v renesan\u010dnom duchu so sprievodom Barbory Turzovej, ktor\u00e1 v\u00e1s prevedie po svojom panstve a porozpr\u00e1va o svojom otcovi - uhorskom palat\u00ednovi Jurajovi Turzovi.\" \/>\n<meta property=\"og:url\" content=\"https:\/\/pmza.sk\/?p=50681\" \/>\n<meta property=\"og:site_name\" content=\"Pova\u017esk\u00e9 m\u00fazeum\" \/>\n<meta property=\"article:publisher\" content=\"https:\/\/www.facebook.com\/povazskemuzeum\" \/>\n<meta property=\"article:published_time\" content=\"2022-05-02T06:32:30+00:00\" \/>\n<meta property=\"article:modified_time\" content=\"2022-06-09T08:47:02+00:00\" \/>\n<meta property=\"og:image\" content=\"https:\/\/pmza.sk\/wp-content\/uploads\/2022\/05\/plagat_noc-foto-web.jpg\" \/>\n\t<meta property=\"og:image:width\" content=\"2473\" \/>\n\t<meta property=\"og:image:height\" content=\"1145\" \/>\n\t<meta property=\"og:image:type\" content=\"image\/jpeg\" \/>\n<meta name=\"author\" content=\"Pova\u017esk\u00e9 m\u00fazeum\" \/>\n<meta name=\"twitter:card\" content=\"summary_large_image\" \/>\n<meta name=\"twitter:label1\" content=\"Autor\" \/>\n\t<meta name=\"twitter:data1\" content=\"Pova\u017esk\u00e9 m\u00fazeum\" \/>\n\t<meta name=\"twitter:label2\" content=\"Predpokladan\u00fd \u010das \u010d\u00edtania\" \/>\n\t<meta name=\"twitter:data2\" content=\"1 min\u00fata\" \/>\n<script type=\"application\/ld+json\" class=\"yoast-schema-graph\">{\"@context\":\"https:\\\/\\\/schema.org\",\"@graph\":[{\"@type\":\"Article\",\"@id\":\"https:\\\/\\\/pmza.sk\\\/?p=50681#article\",\"isPartOf\":{\"@id\":\"https:\\\/\\\/pmza.sk\\\/?p=50681\"},\"author\":{\"name\":\"Pova\u017esk\u00e9 m\u00fazeum\",\"@id\":\"https:\\\/\\\/pmza.sk\\\/#\\\/schema\\\/person\\\/595e6a2ce731ea94dcd5d7f50a41ae33\"},\"headline\":\"Noc m\u00faze\u00ed a gal\u00e9ri\u00ed s Barborou Turzovou\",\"datePublished\":\"2022-05-02T06:32:30+00:00\",\"dateModified\":\"2022-06-09T08:47:02+00:00\",\"mainEntityOfPage\":{\"@id\":\"https:\\\/\\\/pmza.sk\\\/?p=50681\"},\"wordCount\":220,\"commentCount\":0,\"publisher\":{\"@id\":\"https:\\\/\\\/pmza.sk\\\/#organization\"},\"image\":{\"@id\":\"https:\\\/\\\/pmza.sk\\\/?p=50681#primaryimage\"},\"thumbnailUrl\":\"https:\\\/\\\/pmza.sk\\\/wp-content\\\/uploads\\\/2022\\\/05\\\/plagat_noc-foto-web.jpg\",\"articleSection\":[\"Podujatia\"],\"inLanguage\":\"sk-SK\"},{\"@type\":\"WebPage\",\"@id\":\"https:\\\/\\\/pmza.sk\\\/?p=50681\",\"url\":\"https:\\\/\\\/pmza.sk\\\/?p=50681\",\"name\":\"Noc m\u00faze\u00ed a gal\u00e9ri\u00ed s Barborou Turzovou - Pova\u017esk\u00e9 m\u00fazeum\",\"isPartOf\":{\"@id\":\"https:\\\/\\\/pmza.sk\\\/#website\"},\"primaryImageOfPage\":{\"@id\":\"https:\\\/\\\/pmza.sk\\\/?p=50681#primaryimage\"},\"image\":{\"@id\":\"https:\\\/\\\/pmza.sk\\\/?p=50681#primaryimage\"},\"thumbnailUrl\":\"https:\\\/\\\/pmza.sk\\\/wp-content\\\/uploads\\\/2022\\\/05\\\/plagat_noc-foto-web.jpg\",\"datePublished\":\"2022-05-02T06:32:30+00:00\",\"dateModified\":\"2022-06-09T08:47:02+00:00\",\"description\":\"Pri pr\u00edle\u017eitosti celoslovensk\u00e9ho podujatia Noci m\u00faze\u00ed a gal\u00e9ri\u00ed bude v Sob\u00e1\u0161nom pal\u00e1ci v Byt\u010di prebieha\u0165 \u0161peci\u00e1lna prehliadka v renesan\u010dnom duchu so sprievodom Barbory Turzovej, ktor\u00e1 v\u00e1s prevedie po svojom panstve a porozpr\u00e1va o svojom otcovi - uhorskom palat\u00ednovi Jurajovi Turzovi.\",\"breadcrumb\":{\"@id\":\"https:\\\/\\\/pmza.sk\\\/?p=50681#breadcrumb\"},\"inLanguage\":\"sk-SK\",\"potentialAction\":[{\"@type\":\"ReadAction\",\"target\":[\"https:\\\/\\\/pmza.sk\\\/?p=50681\"]}]},{\"@type\":\"ImageObject\",\"inLanguage\":\"sk-SK\",\"@id\":\"https:\\\/\\\/pmza.sk\\\/?p=50681#primaryimage\",\"url\":\"https:\\\/\\\/pmza.sk\\\/wp-content\\\/uploads\\\/2022\\\/05\\\/plagat_noc-foto-web.jpg\",\"contentUrl\":\"https:\\\/\\\/pmza.sk\\\/wp-content\\\/uploads\\\/2022\\\/05\\\/plagat_noc-foto-web.jpg\",\"width\":2473,\"height\":1145},{\"@type\":\"BreadcrumbList\",\"@id\":\"https:\\\/\\\/pmza.sk\\\/?p=50681#breadcrumb\",\"itemListElement\":[{\"@type\":\"ListItem\",\"position\":1,\"name\":\"Domovsk\u00e1 str\u00e1nka\",\"item\":\"https:\\\/\\\/pmza.sk\\\/\"},{\"@type\":\"ListItem\",\"position\":2,\"name\":\"Noc m\u00faze\u00ed a gal\u00e9ri\u00ed s Barborou Turzovou\"}]},{\"@type\":\"WebSite\",\"@id\":\"https:\\\/\\\/pmza.sk\\\/#website\",\"url\":\"https:\\\/\\\/pmza.sk\\\/\",\"name\":\"Pova\u017esk\u00e9 m\u00fazeum\",\"description\":\"Pova\u017esk\u00e9 m\u00fazeum v \u017diline je region\u00e1lne m\u00fazeum so s\u00eddlom v Budat\u00edne. Jeho expoz\u00edcie s\u00fa zameran\u00e9 na dejiny slovensk\u00e9ho umenia, kult\u00fary a dopravy.\",\"publisher\":{\"@id\":\"https:\\\/\\\/pmza.sk\\\/#organization\"},\"potentialAction\":[{\"@type\":\"SearchAction\",\"target\":{\"@type\":\"EntryPoint\",\"urlTemplate\":\"https:\\\/\\\/pmza.sk\\\/?s={search_term_string}\"},\"query-input\":{\"@type\":\"PropertyValueSpecification\",\"valueRequired\":true,\"valueName\":\"search_term_string\"}}],\"inLanguage\":\"sk-SK\"},{\"@type\":\"Organization\",\"@id\":\"https:\\\/\\\/pmza.sk\\\/#organization\",\"name\":\"Pova\u017esk\u00e9 m\u00fazeum\",\"url\":\"https:\\\/\\\/pmza.sk\\\/\",\"logo\":{\"@type\":\"ImageObject\",\"inLanguage\":\"sk-SK\",\"@id\":\"https:\\\/\\\/pmza.sk\\\/#\\\/schema\\\/logo\\\/image\\\/\",\"url\":\"https:\\\/\\\/pmza.sk\\\/wp-content\\\/uploads\\\/2022\\\/01\\\/logo_PM_horizontal.jpg\",\"contentUrl\":\"https:\\\/\\\/pmza.sk\\\/wp-content\\\/uploads\\\/2022\\\/01\\\/logo_PM_horizontal.jpg\",\"width\":231,\"height\":142,\"caption\":\"Pova\u017esk\u00e9 m\u00fazeum\"},\"image\":{\"@id\":\"https:\\\/\\\/pmza.sk\\\/#\\\/schema\\\/logo\\\/image\\\/\"},\"sameAs\":[\"https:\\\/\\\/www.facebook.com\\\/povazskemuzeum\",\"https:\\\/\\\/www.instagram.com\\\/povazskemuzeum\\\/\"]},{\"@type\":\"Person\",\"@id\":\"https:\\\/\\\/pmza.sk\\\/#\\\/schema\\\/person\\\/595e6a2ce731ea94dcd5d7f50a41ae33\",\"name\":\"Pova\u017esk\u00e9 m\u00fazeum\",\"image\":{\"@type\":\"ImageObject\",\"inLanguage\":\"sk-SK\",\"@id\":\"https:\\\/\\\/secure.gravatar.com\\\/avatar\\\/2bb7f1561282132fb5826dfeccc66c7996d11ee392ac6aaf7ced8a1c2027fbb2?s=96&d=mm&r=g\",\"url\":\"https:\\\/\\\/secure.gravatar.com\\\/avatar\\\/2bb7f1561282132fb5826dfeccc66c7996d11ee392ac6aaf7ced8a1c2027fbb2?s=96&d=mm&r=g\",\"contentUrl\":\"https:\\\/\\\/secure.gravatar.com\\\/avatar\\\/2bb7f1561282132fb5826dfeccc66c7996d11ee392ac6aaf7ced8a1c2027fbb2?s=96&d=mm&r=g\",\"caption\":\"Pova\u017esk\u00e9 m\u00fazeum\"}}]}<\/script>\n<!-- \/ Yoast SEO plugin. -->","yoast_head_json":{"title":"Noc m\u00faze\u00ed a gal\u00e9ri\u00ed s Barborou Turzovou - Pova\u017esk\u00e9 m\u00fazeum","description":"Pri pr\u00edle\u017eitosti celoslovensk\u00e9ho podujatia Noci m\u00faze\u00ed a gal\u00e9ri\u00ed bude v Sob\u00e1\u0161nom pal\u00e1ci v Byt\u010di prebieha\u0165 \u0161peci\u00e1lna prehliadka v renesan\u010dnom duchu so sprievodom Barbory Turzovej, ktor\u00e1 v\u00e1s prevedie po svojom panstve a porozpr\u00e1va o svojom otcovi - uhorskom palat\u00ednovi Jurajovi Turzovi.","robots":{"index":"index","follow":"follow","max-snippet":"max-snippet:-1","max-image-preview":"max-image-preview:large","max-video-preview":"max-video-preview:-1"},"canonical":"https:\/\/pmza.sk\/?p=50681","og_locale":"sk_SK","og_type":"article","og_title":"Noc m\u00faze\u00ed a gal\u00e9ri\u00ed s Barborou Turzovou - Pova\u017esk\u00e9 m\u00fazeum","og_description":"Pri pr\u00edle\u017eitosti celoslovensk\u00e9ho podujatia Noci m\u00faze\u00ed a gal\u00e9ri\u00ed bude v Sob\u00e1\u0161nom pal\u00e1ci v Byt\u010di prebieha\u0165 \u0161peci\u00e1lna prehliadka v renesan\u010dnom duchu so sprievodom Barbory Turzovej, ktor\u00e1 v\u00e1s prevedie po svojom panstve a porozpr\u00e1va o svojom otcovi - uhorskom palat\u00ednovi Jurajovi Turzovi.","og_url":"https:\/\/pmza.sk\/?p=50681","og_site_name":"Pova\u017esk\u00e9 m\u00fazeum","article_publisher":"https:\/\/www.facebook.com\/povazskemuzeum","article_published_time":"2022-05-02T06:32:30+00:00","article_modified_time":"2022-06-09T08:47:02+00:00","og_image":[{"width":2473,"height":1145,"url":"https:\/\/pmza.sk\/wp-content\/uploads\/2022\/05\/plagat_noc-foto-web.jpg","type":"image\/jpeg"}],"author":"Pova\u017esk\u00e9 m\u00fazeum","twitter_card":"summary_large_image","twitter_misc":{"Autor":"Pova\u017esk\u00e9 m\u00fazeum","Predpokladan\u00fd \u010das \u010d\u00edtania":"1 min\u00fata"},"schema":{"@context":"https:\/\/schema.org","@graph":[{"@type":"Article","@id":"https:\/\/pmza.sk\/?p=50681#article","isPartOf":{"@id":"https:\/\/pmza.sk\/?p=50681"},"author":{"name":"Pova\u017esk\u00e9 m\u00fazeum","@id":"https:\/\/pmza.sk\/#\/schema\/person\/595e6a2ce731ea94dcd5d7f50a41ae33"},"headline":"Noc m\u00faze\u00ed a gal\u00e9ri\u00ed s Barborou Turzovou","datePublished":"2022-05-02T06:32:30+00:00","dateModified":"2022-06-09T08:47:02+00:00","mainEntityOfPage":{"@id":"https:\/\/pmza.sk\/?p=50681"},"wordCount":220,"commentCount":0,"publisher":{"@id":"https:\/\/pmza.sk\/#organization"},"image":{"@id":"https:\/\/pmza.sk\/?p=50681#primaryimage"},"thumbnailUrl":"https:\/\/pmza.sk\/wp-content\/uploads\/2022\/05\/plagat_noc-foto-web.jpg","articleSection":["Podujatia"],"inLanguage":"sk-SK"},{"@type":"WebPage","@id":"https:\/\/pmza.sk\/?p=50681","url":"https:\/\/pmza.sk\/?p=50681","name":"Noc m\u00faze\u00ed a gal\u00e9ri\u00ed s Barborou Turzovou - Pova\u017esk\u00e9 m\u00fazeum","isPartOf":{"@id":"https:\/\/pmza.sk\/#website"},"primaryImageOfPage":{"@id":"https:\/\/pmza.sk\/?p=50681#primaryimage"},"image":{"@id":"https:\/\/pmza.sk\/?p=50681#primaryimage"},"thumbnailUrl":"https:\/\/pmza.sk\/wp-content\/uploads\/2022\/05\/plagat_noc-foto-web.jpg","datePublished":"2022-05-02T06:32:30+00:00","dateModified":"2022-06-09T08:47:02+00:00","description":"Pri pr\u00edle\u017eitosti celoslovensk\u00e9ho podujatia Noci m\u00faze\u00ed a gal\u00e9ri\u00ed bude v Sob\u00e1\u0161nom pal\u00e1ci v Byt\u010di prebieha\u0165 \u0161peci\u00e1lna prehliadka v renesan\u010dnom duchu so sprievodom Barbory Turzovej, ktor\u00e1 v\u00e1s prevedie po svojom panstve a porozpr\u00e1va o svojom otcovi - uhorskom palat\u00ednovi Jurajovi Turzovi.","breadcrumb":{"@id":"https:\/\/pmza.sk\/?p=50681#breadcrumb"},"inLanguage":"sk-SK","potentialAction":[{"@type":"ReadAction","target":["https:\/\/pmza.sk\/?p=50681"]}]},{"@type":"ImageObject","inLanguage":"sk-SK","@id":"https:\/\/pmza.sk\/?p=50681#primaryimage","url":"https:\/\/pmza.sk\/wp-content\/uploads\/2022\/05\/plagat_noc-foto-web.jpg","contentUrl":"https:\/\/pmza.sk\/wp-content\/uploads\/2022\/05\/plagat_noc-foto-web.jpg","width":2473,"height":1145},{"@type":"BreadcrumbList","@id":"https:\/\/pmza.sk\/?p=50681#breadcrumb","itemListElement":[{"@type":"ListItem","position":1,"name":"Domovsk\u00e1 str\u00e1nka","item":"https:\/\/pmza.sk\/"},{"@type":"ListItem","position":2,"name":"Noc m\u00faze\u00ed a gal\u00e9ri\u00ed s Barborou Turzovou"}]},{"@type":"WebSite","@id":"https:\/\/pmza.sk\/#website","url":"https:\/\/pmza.sk\/","name":"Pova\u017esk\u00e9 m\u00fazeum","description":"Pova\u017esk\u00e9 m\u00fazeum v \u017diline je region\u00e1lne m\u00fazeum so s\u00eddlom v Budat\u00edne. Jeho expoz\u00edcie s\u00fa zameran\u00e9 na dejiny slovensk\u00e9ho umenia, kult\u00fary a dopravy.","publisher":{"@id":"https:\/\/pmza.sk\/#organization"},"potentialAction":[{"@type":"SearchAction","target":{"@type":"EntryPoint","urlTemplate":"https:\/\/pmza.sk\/?s={search_term_string}"},"query-input":{"@type":"PropertyValueSpecification","valueRequired":true,"valueName":"search_term_string"}}],"inLanguage":"sk-SK"},{"@type":"Organization","@id":"https:\/\/pmza.sk\/#organization","name":"Pova\u017esk\u00e9 m\u00fazeum","url":"https:\/\/pmza.sk\/","logo":{"@type":"ImageObject","inLanguage":"sk-SK","@id":"https:\/\/pmza.sk\/#\/schema\/logo\/image\/","url":"https:\/\/pmza.sk\/wp-content\/uploads\/2022\/01\/logo_PM_horizontal.jpg","contentUrl":"https:\/\/pmza.sk\/wp-content\/uploads\/2022\/01\/logo_PM_horizontal.jpg","width":231,"height":142,"caption":"Pova\u017esk\u00e9 m\u00fazeum"},"image":{"@id":"https:\/\/pmza.sk\/#\/schema\/logo\/image\/"},"sameAs":["https:\/\/www.facebook.com\/povazskemuzeum","https:\/\/www.instagram.com\/povazskemuzeum\/"]},{"@type":"Person","@id":"https:\/\/pmza.sk\/#\/schema\/person\/595e6a2ce731ea94dcd5d7f50a41ae33","name":"Pova\u017esk\u00e9 m\u00fazeum","image":{"@type":"ImageObject","inLanguage":"sk-SK","@id":"https:\/\/secure.gravatar.com\/avatar\/2bb7f1561282132fb5826dfeccc66c7996d11ee392ac6aaf7ced8a1c2027fbb2?s=96&d=mm&r=g","url":"https:\/\/secure.gravatar.com\/avatar\/2bb7f1561282132fb5826dfeccc66c7996d11ee392ac6aaf7ced8a1c2027fbb2?s=96&d=mm&r=g","contentUrl":"https:\/\/secure.gravatar.com\/avatar\/2bb7f1561282132fb5826dfeccc66c7996d11ee392ac6aaf7ced8a1c2027fbb2?s=96&d=mm&r=g","caption":"Pova\u017esk\u00e9 m\u00fazeum"}}]}},"_links":{"self":[{"href":"https:\/\/pmza.sk\/index.php?rest_route=\/wp\/v2\/posts\/50681","targetHints":{"allow":["GET"]}}],"collection":[{"href":"https:\/\/pmza.sk\/index.php?rest_route=\/wp\/v2\/posts"}],"about":[{"href":"https:\/\/pmza.sk\/index.php?rest_route=\/wp\/v2\/types\/post"}],"author":[{"embeddable":true,"href":"https:\/\/pmza.sk\/index.php?rest_route=\/wp\/v2\/users\/2"}],"replies":[{"embeddable":true,"href":"https:\/\/pmza.sk\/index.php?rest_route=%2Fwp%2Fv2%2Fcomments&post=50681"}],"version-history":[{"count":0,"href":"https:\/\/pmza.sk\/index.php?rest_route=\/wp\/v2\/posts\/50681\/revisions"}],"wp:featuredmedia":[{"embeddable":true,"href":"https:\/\/pmza.sk\/index.php?rest_route=\/wp\/v2\/media\/50683"}],"wp:attachment":[{"href":"https:\/\/pmza.sk\/index.php?rest_route=%2Fwp%2Fv2%2Fmedia&parent=50681"}],"wp:term":[{"taxonomy":"category","embeddable":true,"href":"https:\/\/pmza.sk\/index.php?rest_route=%2Fwp%2Fv2%2Fcategories&post=50681"},{"taxonomy":"post_tag","embeddable":true,"href":"https:\/\/pmza.sk\/index.php?rest_route=%2Fwp%2Fv2%2Ftags&post=50681"}],"curies":[{"name":"wp","href":"https:\/\/api.w.org\/{rel}","templated":true}]}}