{"id":50970,"date":"2022-05-11T07:37:58","date_gmt":"2022-05-11T05:37:58","guid":{"rendered":"https:\/\/pmza.sk\/?p=50970"},"modified":"2022-06-17T08:10:32","modified_gmt":"2022-06-17T06:10:32","slug":"hrad-strecno-otvara-letnu-sezonu","status":"publish","type":"post","link":"https:\/\/pmza.sk\/?p=50970","title":{"rendered":"Hrad Stre\u010dno otv\u00e1ra letn\u00fa sez\u00f3nu"},"content":{"rendered":"<p>Na hrade Stre\u010dno za\u010d\u00edna letn\u00e1 sez\u00f3na. Svoje br\u00e1ny otv\u00e1ra po nieko\u013ek\u00fdch mesiacoch v pondelok 16. m\u00e1ja 2022. Zatvoren\u00fd bol od okt\u00f3bra minul\u00e9ho roka, nako\u013eko sa pokra\u010dovalo v \u010fal\u0161ej etape re\u0161taurovania interi\u00e9ru severn\u00e9ho pal\u00e1ca a sakristie a aj v tomto \u010dase e\u0161te prebieha rekon\u0161trukcia hlavnej br\u00e1ny. <em>\u201eKe\u010f\u017ee rekon\u0161truk\u010dn\u00e9 pr\u00e1ce nie s\u00fa ukon\u010den\u00e9 a\u00a0n\u00e1v\u0161tevn\u00edci nebud\u00fa m\u00f4c\u0165 vidie\u0165 expoz\u00edciu archeol\u00f3gie, po\u010das tejto doby sme zn\u00ed\u017eili vstupn\u00e9 na be\u017en\u00e9 prehliadky. Ver\u00edme, \u017ee kompletn\u00e1 prehliadka hradu bude umo\u017enen\u00e1 od polovice j\u00fana,\u201c<\/em> vysvetlila spr\u00e1vky\u0148a hradu Stre\u010dno Katar\u00edna Rep\u00e1\u0148ov\u00e1.<\/p>\n<p>Sl\u00e1vnostn\u00e9 otvorenie letnej sez\u00f3ny a\u00a0z\u00e1rove\u0148 De\u0148 det\u00ed sa bude kona\u0165 v\u00a0nede\u013eu 29. m\u00e1ja. Program bude naozaj bohat\u00fd. \u201e<em>Mal\u00fdch i\u00a0ve\u013ek\u00fdch \u010dak\u00e1 de\u0148 pln\u00fd hier a\u00a0z\u00e1bavy<\/em>. <em>Od 10. do 17.00 vyst\u00fapia sokoliari sv. Bavona, skupina historick\u00e9ho \u0161ermu Vir Fortis, \u010dlenovia zdru\u017eenia Cech Terra de Selinan, detsk\u00fd folkl\u00f3rny s\u00fabor Lieska \u2013 SZU\u0160 Anima Libera, divadlo Sa\u0161a Ja\u0161a a\u00a0Sa\u0161a Bela, ch\u00fdba\u0165 nebud\u00fa historick\u00e9 remesl\u00e1 \u010di ochutn\u00e1vka stredovekej kuchyne,\u201c <\/em>poz\u00fdva K. Rep\u00e1\u0148ov\u00e1. N\u00e1v\u0161tevn\u00edci bud\u00fa po hrade chodi\u0165 samostatne a\u00a0vychutn\u00e1va\u0165 si v\u0161etky aktivity, ktor\u00e9 s\u00fa pre nich pripraven\u00e9.<\/p>\n","protected":false},"excerpt":{"rendered":"<p>Na hrade Stre\u010dno za\u010d\u00edna letn\u00e1 sez\u00f3na. Svoje br\u00e1ny otv\u00e1ra po nieko\u013ek\u00fdch mesiacoch v pondelok 16. m\u00e1ja 2022. Zatvoren\u00fd bol od okt\u00f3bra minul\u00e9ho roka, nako\u013eko sa pokra\u010dovalo v \u010fal\u0161ej etape re\u0161taurovania interi\u00e9ru severn\u00e9ho pal\u00e1ca a sakristie a aj v tomto \u010dase e\u0161te prebieha rekon\u0161trukcia hlavnej br\u00e1ny. \u201eKe\u010f\u017ee rekon\u0161truk\u010dn\u00e9 pr\u00e1ce nie s\u00fa ukon\u010den\u00e9 a\u00a0n\u00e1v\u0161tevn\u00edci nebud\u00fa m\u00f4c\u0165 vidie\u0165 [&hellip;]<\/p>\n","protected":false},"author":2,"featured_media":50971,"comment_status":"open","ping_status":"open","sticky":false,"template":"","format":"standard","meta":{"site-sidebar-layout":"default","site-content-layout":"default","ast-site-content-layout":"","site-content-style":"default","site-sidebar-style":"default","ast-global-header-display":"","ast-banner-title-visibility":"","ast-main-header-display":"","ast-hfb-above-header-display":"","ast-hfb-below-header-display":"","ast-hfb-mobile-header-display":"","site-post-title":"","ast-breadcrumbs-content":"","ast-featured-img":"","footer-sml-layout":"","theme-transparent-header-meta":"default","adv-header-id-meta":"","stick-header-meta":"default","header-above-stick-meta":"","header-main-stick-meta":"","header-below-stick-meta":"","astra-migrate-meta-layouts":"default","ast-page-background-enabled":"default","ast-page-background-meta":{"desktop":{"background-color":"var(--ast-global-color-4)","background-image":"","background-repeat":"repeat","background-position":"center center","background-size":"auto","background-attachment":"scroll","background-type":"","background-media":"","overlay-type":"","overlay-color":"","overlay-opacity":"","overlay-gradient":""},"tablet":{"background-color":"","background-image":"","background-repeat":"repeat","background-position":"center center","background-size":"auto","background-attachment":"scroll","background-type":"","background-media":"","overlay-type":"","overlay-color":"","overlay-opacity":"","overlay-gradient":""},"mobile":{"background-color":"","background-image":"","background-repeat":"repeat","background-position":"center center","background-size":"auto","background-attachment":"scroll","background-type":"","background-media":"","overlay-type":"","overlay-color":"","overlay-opacity":"","overlay-gradient":""}},"ast-content-background-meta":{"desktop":{"background-color":"var(--ast-global-color-5)","background-image":"","background-repeat":"repeat","background-position":"center center","background-size":"auto","background-attachment":"scroll","background-type":"","background-media":"","overlay-type":"","overlay-color":"","overlay-opacity":"","overlay-gradient":""},"tablet":{"background-color":"var(--ast-global-color-5)","background-image":"","background-repeat":"repeat","background-position":"center center","background-size":"auto","background-attachment":"scroll","background-type":"","background-media":"","overlay-type":"","overlay-color":"","overlay-opacity":"","overlay-gradient":""},"mobile":{"background-color":"var(--ast-global-color-5)","background-image":"","background-repeat":"repeat","background-position":"center center","background-size":"auto","background-attachment":"scroll","background-type":"","background-media":"","overlay-type":"","overlay-color":"","overlay-opacity":"","overlay-gradient":""}},"footnotes":""},"categories":[31],"tags":[],"class_list":["post-50970","post","type-post","status-publish","format-standard","has-post-thumbnail","hentry","category-aktuality"],"yoast_head":"<!-- This site is optimized with the Yoast SEO plugin v27.4 - https:\/\/yoast.com\/product\/yoast-seo-wordpress\/ -->\n<title>Hrad Stre\u010dno otv\u00e1ra letn\u00fa sez\u00f3nu - Pova\u017esk\u00e9 m\u00fazeum<\/title>\n<meta name=\"description\" content=\"Na hrade Stre\u010dno za\u010d\u00edna letn\u00e1 sez\u00f3na. Svoje br\u00e1ny otv\u00e1ra po nieko\u013ek\u00fdch mesiacoch v pondelok 16. m\u00e1ja 2022. Zatvoren\u00fd bol od okt\u00f3bra minul\u00e9ho roka, nako\u013eko sa pokra\u010dovalo v \u010fal\u0161ej etape re\u0161taurovania interi\u00e9ru severn\u00e9ho pal\u00e1ca a sakristie a aj v tomto \u010dase e\u0161te prebieha rekon\u0161trukcia hlavnej br\u00e1ny. Sl\u00e1vnostn\u00e9 otvorenie letnej sez\u00f3ny a\u00a0z\u00e1rove\u0148 De\u0148 det\u00ed sa bude kona\u0165 v\u00a0nede\u013eu 29. m\u00e1ja.\" \/>\n<meta name=\"robots\" content=\"index, follow, max-snippet:-1, max-image-preview:large, max-video-preview:-1\" \/>\n<link rel=\"canonical\" href=\"https:\/\/pmza.sk\/?p=50970\" \/>\n<meta property=\"og:locale\" content=\"sk_SK\" \/>\n<meta property=\"og:type\" content=\"article\" \/>\n<meta property=\"og:title\" content=\"Hrad Stre\u010dno otv\u00e1ra letn\u00fa sez\u00f3nu - Pova\u017esk\u00e9 m\u00fazeum\" \/>\n<meta property=\"og:description\" content=\"Na hrade Stre\u010dno za\u010d\u00edna letn\u00e1 sez\u00f3na. Svoje br\u00e1ny otv\u00e1ra po nieko\u013ek\u00fdch mesiacoch v pondelok 16. m\u00e1ja 2022. Zatvoren\u00fd bol od okt\u00f3bra minul\u00e9ho roka, nako\u013eko sa pokra\u010dovalo v \u010fal\u0161ej etape re\u0161taurovania interi\u00e9ru severn\u00e9ho pal\u00e1ca a sakristie a aj v tomto \u010dase e\u0161te prebieha rekon\u0161trukcia hlavnej br\u00e1ny. Sl\u00e1vnostn\u00e9 otvorenie letnej sez\u00f3ny a\u00a0z\u00e1rove\u0148 De\u0148 det\u00ed sa bude kona\u0165 v\u00a0nede\u013eu 29. m\u00e1ja.\" \/>\n<meta property=\"og:url\" content=\"https:\/\/pmza.sk\/?p=50970\" \/>\n<meta property=\"og:site_name\" content=\"Pova\u017esk\u00e9 m\u00fazeum\" \/>\n<meta property=\"article:publisher\" content=\"https:\/\/www.facebook.com\/povazskemuzeum\" \/>\n<meta property=\"article:published_time\" content=\"2022-05-11T05:37:58+00:00\" \/>\n<meta property=\"article:modified_time\" content=\"2022-06-17T06:10:32+00:00\" \/>\n<meta property=\"og:image\" content=\"https:\/\/pmza.sk\/wp-content\/uploads\/2022\/05\/hrad-Strecno.jpg\" \/>\n\t<meta property=\"og:image:width\" content=\"1920\" \/>\n\t<meta property=\"og:image:height\" content=\"1440\" \/>\n\t<meta property=\"og:image:type\" content=\"image\/jpeg\" \/>\n<meta name=\"author\" content=\"Pova\u017esk\u00e9 m\u00fazeum\" \/>\n<meta name=\"twitter:card\" content=\"summary_large_image\" \/>\n<meta name=\"twitter:label1\" content=\"Autor\" \/>\n\t<meta name=\"twitter:data1\" content=\"Pova\u017esk\u00e9 m\u00fazeum\" \/>\n\t<meta name=\"twitter:label2\" content=\"Predpokladan\u00fd \u010das \u010d\u00edtania\" \/>\n\t<meta name=\"twitter:data2\" content=\"1 min\u00fata\" \/>\n<script type=\"application\/ld+json\" class=\"yoast-schema-graph\">{\"@context\":\"https:\\\/\\\/schema.org\",\"@graph\":[{\"@type\":\"Article\",\"@id\":\"https:\\\/\\\/pmza.sk\\\/?p=50970#article\",\"isPartOf\":{\"@id\":\"https:\\\/\\\/pmza.sk\\\/?p=50970\"},\"author\":{\"name\":\"Pova\u017esk\u00e9 m\u00fazeum\",\"@id\":\"https:\\\/\\\/pmza.sk\\\/#\\\/schema\\\/person\\\/595e6a2ce731ea94dcd5d7f50a41ae33\"},\"headline\":\"Hrad Stre\u010dno otv\u00e1ra letn\u00fa sez\u00f3nu\",\"datePublished\":\"2022-05-11T05:37:58+00:00\",\"dateModified\":\"2022-06-17T06:10:32+00:00\",\"mainEntityOfPage\":{\"@id\":\"https:\\\/\\\/pmza.sk\\\/?p=50970\"},\"wordCount\":241,\"commentCount\":2,\"publisher\":{\"@id\":\"https:\\\/\\\/pmza.sk\\\/#organization\"},\"image\":{\"@id\":\"https:\\\/\\\/pmza.sk\\\/?p=50970#primaryimage\"},\"thumbnailUrl\":\"https:\\\/\\\/pmza.sk\\\/wp-content\\\/uploads\\\/2022\\\/05\\\/hrad-Strecno.jpg\",\"articleSection\":[\"Aktuality\"],\"inLanguage\":\"sk-SK\"},{\"@type\":\"WebPage\",\"@id\":\"https:\\\/\\\/pmza.sk\\\/?p=50970\",\"url\":\"https:\\\/\\\/pmza.sk\\\/?p=50970\",\"name\":\"Hrad Stre\u010dno otv\u00e1ra letn\u00fa sez\u00f3nu - Pova\u017esk\u00e9 m\u00fazeum\",\"isPartOf\":{\"@id\":\"https:\\\/\\\/pmza.sk\\\/#website\"},\"primaryImageOfPage\":{\"@id\":\"https:\\\/\\\/pmza.sk\\\/?p=50970#primaryimage\"},\"image\":{\"@id\":\"https:\\\/\\\/pmza.sk\\\/?p=50970#primaryimage\"},\"thumbnailUrl\":\"https:\\\/\\\/pmza.sk\\\/wp-content\\\/uploads\\\/2022\\\/05\\\/hrad-Strecno.jpg\",\"datePublished\":\"2022-05-11T05:37:58+00:00\",\"dateModified\":\"2022-06-17T06:10:32+00:00\",\"description\":\"Na hrade Stre\u010dno za\u010d\u00edna letn\u00e1 sez\u00f3na. Svoje br\u00e1ny otv\u00e1ra po nieko\u013ek\u00fdch mesiacoch v pondelok 16. m\u00e1ja 2022. Zatvoren\u00fd bol od okt\u00f3bra minul\u00e9ho roka, nako\u013eko sa pokra\u010dovalo v \u010fal\u0161ej etape re\u0161taurovania interi\u00e9ru severn\u00e9ho pal\u00e1ca a sakristie a aj v tomto \u010dase e\u0161te prebieha rekon\u0161trukcia hlavnej br\u00e1ny. Sl\u00e1vnostn\u00e9 otvorenie letnej sez\u00f3ny a\u00a0z\u00e1rove\u0148 De\u0148 det\u00ed sa bude kona\u0165 v\u00a0nede\u013eu 29. m\u00e1ja.\",\"breadcrumb\":{\"@id\":\"https:\\\/\\\/pmza.sk\\\/?p=50970#breadcrumb\"},\"inLanguage\":\"sk-SK\",\"potentialAction\":[{\"@type\":\"ReadAction\",\"target\":[\"https:\\\/\\\/pmza.sk\\\/?p=50970\"]}]},{\"@type\":\"ImageObject\",\"inLanguage\":\"sk-SK\",\"@id\":\"https:\\\/\\\/pmza.sk\\\/?p=50970#primaryimage\",\"url\":\"https:\\\/\\\/pmza.sk\\\/wp-content\\\/uploads\\\/2022\\\/05\\\/hrad-Strecno.jpg\",\"contentUrl\":\"https:\\\/\\\/pmza.sk\\\/wp-content\\\/uploads\\\/2022\\\/05\\\/hrad-Strecno.jpg\",\"width\":1920,\"height\":1440},{\"@type\":\"BreadcrumbList\",\"@id\":\"https:\\\/\\\/pmza.sk\\\/?p=50970#breadcrumb\",\"itemListElement\":[{\"@type\":\"ListItem\",\"position\":1,\"name\":\"Domovsk\u00e1 str\u00e1nka\",\"item\":\"https:\\\/\\\/pmza.sk\\\/\"},{\"@type\":\"ListItem\",\"position\":2,\"name\":\"Hrad Stre\u010dno otv\u00e1ra letn\u00fa sez\u00f3nu\"}]},{\"@type\":\"WebSite\",\"@id\":\"https:\\\/\\\/pmza.sk\\\/#website\",\"url\":\"https:\\\/\\\/pmza.sk\\\/\",\"name\":\"Pova\u017esk\u00e9 m\u00fazeum\",\"description\":\"Pova\u017esk\u00e9 m\u00fazeum v \u017diline je region\u00e1lne m\u00fazeum so s\u00eddlom v Budat\u00edne. Jeho expoz\u00edcie s\u00fa zameran\u00e9 na dejiny slovensk\u00e9ho umenia, kult\u00fary a dopravy.\",\"publisher\":{\"@id\":\"https:\\\/\\\/pmza.sk\\\/#organization\"},\"potentialAction\":[{\"@type\":\"SearchAction\",\"target\":{\"@type\":\"EntryPoint\",\"urlTemplate\":\"https:\\\/\\\/pmza.sk\\\/?s={search_term_string}\"},\"query-input\":{\"@type\":\"PropertyValueSpecification\",\"valueRequired\":true,\"valueName\":\"search_term_string\"}}],\"inLanguage\":\"sk-SK\"},{\"@type\":\"Organization\",\"@id\":\"https:\\\/\\\/pmza.sk\\\/#organization\",\"name\":\"Pova\u017esk\u00e9 m\u00fazeum\",\"url\":\"https:\\\/\\\/pmza.sk\\\/\",\"logo\":{\"@type\":\"ImageObject\",\"inLanguage\":\"sk-SK\",\"@id\":\"https:\\\/\\\/pmza.sk\\\/#\\\/schema\\\/logo\\\/image\\\/\",\"url\":\"https:\\\/\\\/pmza.sk\\\/wp-content\\\/uploads\\\/2022\\\/01\\\/logo_PM_horizontal.jpg\",\"contentUrl\":\"https:\\\/\\\/pmza.sk\\\/wp-content\\\/uploads\\\/2022\\\/01\\\/logo_PM_horizontal.jpg\",\"width\":231,\"height\":142,\"caption\":\"Pova\u017esk\u00e9 m\u00fazeum\"},\"image\":{\"@id\":\"https:\\\/\\\/pmza.sk\\\/#\\\/schema\\\/logo\\\/image\\\/\"},\"sameAs\":[\"https:\\\/\\\/www.facebook.com\\\/povazskemuzeum\",\"https:\\\/\\\/www.instagram.com\\\/povazskemuzeum\\\/\"]},{\"@type\":\"Person\",\"@id\":\"https:\\\/\\\/pmza.sk\\\/#\\\/schema\\\/person\\\/595e6a2ce731ea94dcd5d7f50a41ae33\",\"name\":\"Pova\u017esk\u00e9 m\u00fazeum\",\"image\":{\"@type\":\"ImageObject\",\"inLanguage\":\"sk-SK\",\"@id\":\"https:\\\/\\\/secure.gravatar.com\\\/avatar\\\/2bb7f1561282132fb5826dfeccc66c7996d11ee392ac6aaf7ced8a1c2027fbb2?s=96&d=mm&r=g\",\"url\":\"https:\\\/\\\/secure.gravatar.com\\\/avatar\\\/2bb7f1561282132fb5826dfeccc66c7996d11ee392ac6aaf7ced8a1c2027fbb2?s=96&d=mm&r=g\",\"contentUrl\":\"https:\\\/\\\/secure.gravatar.com\\\/avatar\\\/2bb7f1561282132fb5826dfeccc66c7996d11ee392ac6aaf7ced8a1c2027fbb2?s=96&d=mm&r=g\",\"caption\":\"Pova\u017esk\u00e9 m\u00fazeum\"}}]}<\/script>\n<!-- \/ Yoast SEO plugin. -->","yoast_head_json":{"title":"Hrad Stre\u010dno otv\u00e1ra letn\u00fa sez\u00f3nu - Pova\u017esk\u00e9 m\u00fazeum","description":"Na hrade Stre\u010dno za\u010d\u00edna letn\u00e1 sez\u00f3na. Svoje br\u00e1ny otv\u00e1ra po nieko\u013ek\u00fdch mesiacoch v pondelok 16. m\u00e1ja 2022. Zatvoren\u00fd bol od okt\u00f3bra minul\u00e9ho roka, nako\u013eko sa pokra\u010dovalo v \u010fal\u0161ej etape re\u0161taurovania interi\u00e9ru severn\u00e9ho pal\u00e1ca a sakristie a aj v tomto \u010dase e\u0161te prebieha rekon\u0161trukcia hlavnej br\u00e1ny. Sl\u00e1vnostn\u00e9 otvorenie letnej sez\u00f3ny a\u00a0z\u00e1rove\u0148 De\u0148 det\u00ed sa bude kona\u0165 v\u00a0nede\u013eu 29. m\u00e1ja.","robots":{"index":"index","follow":"follow","max-snippet":"max-snippet:-1","max-image-preview":"max-image-preview:large","max-video-preview":"max-video-preview:-1"},"canonical":"https:\/\/pmza.sk\/?p=50970","og_locale":"sk_SK","og_type":"article","og_title":"Hrad Stre\u010dno otv\u00e1ra letn\u00fa sez\u00f3nu - Pova\u017esk\u00e9 m\u00fazeum","og_description":"Na hrade Stre\u010dno za\u010d\u00edna letn\u00e1 sez\u00f3na. Svoje br\u00e1ny otv\u00e1ra po nieko\u013ek\u00fdch mesiacoch v pondelok 16. m\u00e1ja 2022. Zatvoren\u00fd bol od okt\u00f3bra minul\u00e9ho roka, nako\u013eko sa pokra\u010dovalo v \u010fal\u0161ej etape re\u0161taurovania interi\u00e9ru severn\u00e9ho pal\u00e1ca a sakristie a aj v tomto \u010dase e\u0161te prebieha rekon\u0161trukcia hlavnej br\u00e1ny. Sl\u00e1vnostn\u00e9 otvorenie letnej sez\u00f3ny a\u00a0z\u00e1rove\u0148 De\u0148 det\u00ed sa bude kona\u0165 v\u00a0nede\u013eu 29. m\u00e1ja.","og_url":"https:\/\/pmza.sk\/?p=50970","og_site_name":"Pova\u017esk\u00e9 m\u00fazeum","article_publisher":"https:\/\/www.facebook.com\/povazskemuzeum","article_published_time":"2022-05-11T05:37:58+00:00","article_modified_time":"2022-06-17T06:10:32+00:00","og_image":[{"width":1920,"height":1440,"url":"https:\/\/pmza.sk\/wp-content\/uploads\/2022\/05\/hrad-Strecno.jpg","type":"image\/jpeg"}],"author":"Pova\u017esk\u00e9 m\u00fazeum","twitter_card":"summary_large_image","twitter_misc":{"Autor":"Pova\u017esk\u00e9 m\u00fazeum","Predpokladan\u00fd \u010das \u010d\u00edtania":"1 min\u00fata"},"schema":{"@context":"https:\/\/schema.org","@graph":[{"@type":"Article","@id":"https:\/\/pmza.sk\/?p=50970#article","isPartOf":{"@id":"https:\/\/pmza.sk\/?p=50970"},"author":{"name":"Pova\u017esk\u00e9 m\u00fazeum","@id":"https:\/\/pmza.sk\/#\/schema\/person\/595e6a2ce731ea94dcd5d7f50a41ae33"},"headline":"Hrad Stre\u010dno otv\u00e1ra letn\u00fa sez\u00f3nu","datePublished":"2022-05-11T05:37:58+00:00","dateModified":"2022-06-17T06:10:32+00:00","mainEntityOfPage":{"@id":"https:\/\/pmza.sk\/?p=50970"},"wordCount":241,"commentCount":2,"publisher":{"@id":"https:\/\/pmza.sk\/#organization"},"image":{"@id":"https:\/\/pmza.sk\/?p=50970#primaryimage"},"thumbnailUrl":"https:\/\/pmza.sk\/wp-content\/uploads\/2022\/05\/hrad-Strecno.jpg","articleSection":["Aktuality"],"inLanguage":"sk-SK"},{"@type":"WebPage","@id":"https:\/\/pmza.sk\/?p=50970","url":"https:\/\/pmza.sk\/?p=50970","name":"Hrad Stre\u010dno otv\u00e1ra letn\u00fa sez\u00f3nu - Pova\u017esk\u00e9 m\u00fazeum","isPartOf":{"@id":"https:\/\/pmza.sk\/#website"},"primaryImageOfPage":{"@id":"https:\/\/pmza.sk\/?p=50970#primaryimage"},"image":{"@id":"https:\/\/pmza.sk\/?p=50970#primaryimage"},"thumbnailUrl":"https:\/\/pmza.sk\/wp-content\/uploads\/2022\/05\/hrad-Strecno.jpg","datePublished":"2022-05-11T05:37:58+00:00","dateModified":"2022-06-17T06:10:32+00:00","description":"Na hrade Stre\u010dno za\u010d\u00edna letn\u00e1 sez\u00f3na. Svoje br\u00e1ny otv\u00e1ra po nieko\u013ek\u00fdch mesiacoch v pondelok 16. m\u00e1ja 2022. Zatvoren\u00fd bol od okt\u00f3bra minul\u00e9ho roka, nako\u013eko sa pokra\u010dovalo v \u010fal\u0161ej etape re\u0161taurovania interi\u00e9ru severn\u00e9ho pal\u00e1ca a sakristie a aj v tomto \u010dase e\u0161te prebieha rekon\u0161trukcia hlavnej br\u00e1ny. Sl\u00e1vnostn\u00e9 otvorenie letnej sez\u00f3ny a\u00a0z\u00e1rove\u0148 De\u0148 det\u00ed sa bude kona\u0165 v\u00a0nede\u013eu 29. m\u00e1ja.","breadcrumb":{"@id":"https:\/\/pmza.sk\/?p=50970#breadcrumb"},"inLanguage":"sk-SK","potentialAction":[{"@type":"ReadAction","target":["https:\/\/pmza.sk\/?p=50970"]}]},{"@type":"ImageObject","inLanguage":"sk-SK","@id":"https:\/\/pmza.sk\/?p=50970#primaryimage","url":"https:\/\/pmza.sk\/wp-content\/uploads\/2022\/05\/hrad-Strecno.jpg","contentUrl":"https:\/\/pmza.sk\/wp-content\/uploads\/2022\/05\/hrad-Strecno.jpg","width":1920,"height":1440},{"@type":"BreadcrumbList","@id":"https:\/\/pmza.sk\/?p=50970#breadcrumb","itemListElement":[{"@type":"ListItem","position":1,"name":"Domovsk\u00e1 str\u00e1nka","item":"https:\/\/pmza.sk\/"},{"@type":"ListItem","position":2,"name":"Hrad Stre\u010dno otv\u00e1ra letn\u00fa sez\u00f3nu"}]},{"@type":"WebSite","@id":"https:\/\/pmza.sk\/#website","url":"https:\/\/pmza.sk\/","name":"Pova\u017esk\u00e9 m\u00fazeum","description":"Pova\u017esk\u00e9 m\u00fazeum v \u017diline je region\u00e1lne m\u00fazeum so s\u00eddlom v Budat\u00edne. Jeho expoz\u00edcie s\u00fa zameran\u00e9 na dejiny slovensk\u00e9ho umenia, kult\u00fary a dopravy.","publisher":{"@id":"https:\/\/pmza.sk\/#organization"},"potentialAction":[{"@type":"SearchAction","target":{"@type":"EntryPoint","urlTemplate":"https:\/\/pmza.sk\/?s={search_term_string}"},"query-input":{"@type":"PropertyValueSpecification","valueRequired":true,"valueName":"search_term_string"}}],"inLanguage":"sk-SK"},{"@type":"Organization","@id":"https:\/\/pmza.sk\/#organization","name":"Pova\u017esk\u00e9 m\u00fazeum","url":"https:\/\/pmza.sk\/","logo":{"@type":"ImageObject","inLanguage":"sk-SK","@id":"https:\/\/pmza.sk\/#\/schema\/logo\/image\/","url":"https:\/\/pmza.sk\/wp-content\/uploads\/2022\/01\/logo_PM_horizontal.jpg","contentUrl":"https:\/\/pmza.sk\/wp-content\/uploads\/2022\/01\/logo_PM_horizontal.jpg","width":231,"height":142,"caption":"Pova\u017esk\u00e9 m\u00fazeum"},"image":{"@id":"https:\/\/pmza.sk\/#\/schema\/logo\/image\/"},"sameAs":["https:\/\/www.facebook.com\/povazskemuzeum","https:\/\/www.instagram.com\/povazskemuzeum\/"]},{"@type":"Person","@id":"https:\/\/pmza.sk\/#\/schema\/person\/595e6a2ce731ea94dcd5d7f50a41ae33","name":"Pova\u017esk\u00e9 m\u00fazeum","image":{"@type":"ImageObject","inLanguage":"sk-SK","@id":"https:\/\/secure.gravatar.com\/avatar\/2bb7f1561282132fb5826dfeccc66c7996d11ee392ac6aaf7ced8a1c2027fbb2?s=96&d=mm&r=g","url":"https:\/\/secure.gravatar.com\/avatar\/2bb7f1561282132fb5826dfeccc66c7996d11ee392ac6aaf7ced8a1c2027fbb2?s=96&d=mm&r=g","contentUrl":"https:\/\/secure.gravatar.com\/avatar\/2bb7f1561282132fb5826dfeccc66c7996d11ee392ac6aaf7ced8a1c2027fbb2?s=96&d=mm&r=g","caption":"Pova\u017esk\u00e9 m\u00fazeum"}}]}},"_links":{"self":[{"href":"https:\/\/pmza.sk\/index.php?rest_route=\/wp\/v2\/posts\/50970","targetHints":{"allow":["GET"]}}],"collection":[{"href":"https:\/\/pmza.sk\/index.php?rest_route=\/wp\/v2\/posts"}],"about":[{"href":"https:\/\/pmza.sk\/index.php?rest_route=\/wp\/v2\/types\/post"}],"author":[{"embeddable":true,"href":"https:\/\/pmza.sk\/index.php?rest_route=\/wp\/v2\/users\/2"}],"replies":[{"embeddable":true,"href":"https:\/\/pmza.sk\/index.php?rest_route=%2Fwp%2Fv2%2Fcomments&post=50970"}],"version-history":[{"count":0,"href":"https:\/\/pmza.sk\/index.php?rest_route=\/wp\/v2\/posts\/50970\/revisions"}],"wp:featuredmedia":[{"embeddable":true,"href":"https:\/\/pmza.sk\/index.php?rest_route=\/wp\/v2\/media\/50971"}],"wp:attachment":[{"href":"https:\/\/pmza.sk\/index.php?rest_route=%2Fwp%2Fv2%2Fmedia&parent=50970"}],"wp:term":[{"taxonomy":"category","embeddable":true,"href":"https:\/\/pmza.sk\/index.php?rest_route=%2Fwp%2Fv2%2Fcategories&post=50970"},{"taxonomy":"post_tag","embeddable":true,"href":"https:\/\/pmza.sk\/index.php?rest_route=%2Fwp%2Fv2%2Ftags&post=50970"}],"curies":[{"name":"wp","href":"https:\/\/api.w.org\/{rel}","templated":true}]}}