{"id":51131,"date":"2022-05-23T07:40:14","date_gmt":"2022-05-23T05:40:14","guid":{"rendered":"https:\/\/pmza.sk\/?p=51131"},"modified":"2022-06-09T10:35:17","modified_gmt":"2022-06-09T08:35:17","slug":"vikend-otvorenych-parkov-a-zahrad-v-budatine","status":"publish","type":"post","link":"https:\/\/pmza.sk\/?p=51131","title":{"rendered":"V\u00edkend otvoren\u00fdch parkov a z\u00e1hrad v Budat\u00edne"},"content":{"rendered":"<p>Pova\u017esk\u00e9 m\u00fazeum sa op\u00e4\u0165 zap\u00e1ja do celoslovensk\u00e9ho podujatia V\u00edkend otvoren\u00fdch parkov a z\u00e1hrad a po\u010das prv\u00e9ho j\u00fanov\u00e9ho v\u00edkendu zorganizuje v Budat\u00ednskom parku nieko\u013eko aktiv\u00edt. Hlavnou tohtoro\u010dnou t\u00e9mou je: Parky a z\u00e1hrady \u010delia klimatickej zmene.<\/p>\n<p>Piatok 3.6. 2022 doobeda bude venovan\u00fd vzdel\u00e1vac\u00edm aktivit\u00e1m pre \u0161koly o problematike zmeny kl\u00edmy v are\u00e1li Budat\u00ednskeho hradu a o 15.00 prebehne pre verejnos\u0165 Kurz pozn\u00e1vania jednotliv\u00fdch druhov drev\u00edn v atrakt\u00edvnom prostred\u00ed Budat\u00ednskeho parku.<\/p>\n<p>V nede\u013eu 5. 6. o 15.00 bude ma\u0165 v tomto duchu predn\u00e1\u0161ku pre verejnos\u0165 botani\u010dka Pova\u017esk\u00e9ho m\u00fazea Kv\u011bta Kickov\u00e1, ktor\u00e1 v\u00e1s prevedie cel\u00fdm podujat\u00edm.<\/p>\n<p><img fetchpriority=\"high\" decoding=\"async\" class=\"alignnone wp-image-51133\" src=\"https:\/\/pmza.sk\/wp-content\/uploads\/2022\/05\/Plagat-A3_VOPZ_20222_web-255x360.jpg\" alt=\"\" width=\"444\" height=\"627\" srcset=\"https:\/\/pmza.sk\/wp-content\/uploads\/2022\/05\/Plagat-A3_VOPZ_20222_web-255x360.jpg 255w, https:\/\/pmza.sk\/wp-content\/uploads\/2022\/05\/Plagat-A3_VOPZ_20222_web-520x736.jpg 520w, https:\/\/pmza.sk\/wp-content\/uploads\/2022\/05\/Plagat-A3_VOPZ_20222_web-768x1086.jpg 768w, https:\/\/pmza.sk\/wp-content\/uploads\/2022\/05\/Plagat-A3_VOPZ_20222_web-1086x1536.jpg 1086w, https:\/\/pmza.sk\/wp-content\/uploads\/2022\/05\/Plagat-A3_VOPZ_20222_web-1448x2048.jpg 1448w, https:\/\/pmza.sk\/wp-content\/uploads\/2022\/05\/Plagat-A3_VOPZ_20222_web-600x849.jpg 600w, https:\/\/pmza.sk\/wp-content\/uploads\/2022\/05\/Plagat-A3_VOPZ_20222_web-scaled.jpg 1810w\" sizes=\"(max-width: 444px) 100vw, 444px\" \/><\/p>\n","protected":false},"excerpt":{"rendered":"<p>Pova\u017esk\u00e9 m\u00fazeum sa op\u00e4\u0165 zap\u00e1ja do celoslovensk\u00e9ho podujatia V\u00edkend otvoren\u00fdch parkov a z\u00e1hrad a po\u010das prv\u00e9ho j\u00fanov\u00e9ho v\u00edkendu zorganizuje v Budat\u00ednskom parku nieko\u013eko aktiv\u00edt. Hlavnou tohtoro\u010dnou t\u00e9mou je: Parky a z\u00e1hrady \u010delia klimatickej zmene. Piatok 3.6. 2022 doobeda bude venovan\u00fd vzdel\u00e1vac\u00edm aktivit\u00e1m pre \u0161koly o problematike zmeny kl\u00edmy v are\u00e1li Budat\u00ednskeho hradu a o 15.00 [&hellip;]<\/p>\n","protected":false},"author":2,"featured_media":51132,"comment_status":"open","ping_status":"open","sticky":false,"template":"","format":"standard","meta":{"site-sidebar-layout":"default","site-content-layout":"default","ast-site-content-layout":"","site-content-style":"default","site-sidebar-style":"default","ast-global-header-display":"","ast-banner-title-visibility":"","ast-main-header-display":"","ast-hfb-above-header-display":"","ast-hfb-below-header-display":"","ast-hfb-mobile-header-display":"","site-post-title":"","ast-breadcrumbs-content":"","ast-featured-img":"","footer-sml-layout":"","theme-transparent-header-meta":"default","adv-header-id-meta":"","stick-header-meta":"default","header-above-stick-meta":"","header-main-stick-meta":"","header-below-stick-meta":"","astra-migrate-meta-layouts":"default","ast-page-background-enabled":"default","ast-page-background-meta":{"desktop":{"background-color":"var(--ast-global-color-4)","background-image":"","background-repeat":"repeat","background-position":"center center","background-size":"auto","background-attachment":"scroll","background-type":"","background-media":"","overlay-type":"","overlay-color":"","overlay-opacity":"","overlay-gradient":""},"tablet":{"background-color":"","background-image":"","background-repeat":"repeat","background-position":"center center","background-size":"auto","background-attachment":"scroll","background-type":"","background-media":"","overlay-type":"","overlay-color":"","overlay-opacity":"","overlay-gradient":""},"mobile":{"background-color":"","background-image":"","background-repeat":"repeat","background-position":"center center","background-size":"auto","background-attachment":"scroll","background-type":"","background-media":"","overlay-type":"","overlay-color":"","overlay-opacity":"","overlay-gradient":""}},"ast-content-background-meta":{"desktop":{"background-color":"var(--ast-global-color-5)","background-image":"","background-repeat":"repeat","background-position":"center center","background-size":"auto","background-attachment":"scroll","background-type":"","background-media":"","overlay-type":"","overlay-color":"","overlay-opacity":"","overlay-gradient":""},"tablet":{"background-color":"var(--ast-global-color-5)","background-image":"","background-repeat":"repeat","background-position":"center center","background-size":"auto","background-attachment":"scroll","background-type":"","background-media":"","overlay-type":"","overlay-color":"","overlay-opacity":"","overlay-gradient":""},"mobile":{"background-color":"var(--ast-global-color-5)","background-image":"","background-repeat":"repeat","background-position":"center center","background-size":"auto","background-attachment":"scroll","background-type":"","background-media":"","overlay-type":"","overlay-color":"","overlay-opacity":"","overlay-gradient":""}},"footnotes":""},"categories":[71],"tags":[],"class_list":["post-51131","post","type-post","status-publish","format-standard","has-post-thumbnail","hentry","category-podujatia"],"yoast_head":"<!-- This site is optimized with the Yoast SEO plugin v27.4 - https:\/\/yoast.com\/product\/yoast-seo-wordpress\/ -->\n<title>V\u00edkend otvoren\u00fdch parkov a z\u00e1hrad v Budat\u00edne - Pova\u017esk\u00e9 m\u00fazeum<\/title>\n<meta name=\"description\" content=\"Pova\u017esk\u00e9 m\u00fazeum sa op\u00e4\u0165 zap\u00e1ja do celoslovensk\u00e9ho podujatia V\u00edkend otvoren\u00fdch parkov a z\u00e1hrad a po\u010das prv\u00e9ho j\u00fanov\u00e9ho v\u00edkendu zorganizuje v Budat\u00ednskom parku nieko\u013eko aktiv\u00edt. Hlavnou tohtoro\u010dnou t\u00e9mou je: Parky a z\u00e1hrady \u010delia klimatickej zmene.\" \/>\n<meta name=\"robots\" content=\"index, follow, max-snippet:-1, max-image-preview:large, max-video-preview:-1\" \/>\n<link rel=\"canonical\" href=\"https:\/\/pmza.sk\/?p=51131\" \/>\n<meta property=\"og:locale\" content=\"sk_SK\" \/>\n<meta property=\"og:type\" content=\"article\" \/>\n<meta property=\"og:title\" content=\"V\u00edkend otvoren\u00fdch parkov a z\u00e1hrad v Budat\u00edne - Pova\u017esk\u00e9 m\u00fazeum\" \/>\n<meta property=\"og:description\" content=\"Pova\u017esk\u00e9 m\u00fazeum sa op\u00e4\u0165 zap\u00e1ja do celoslovensk\u00e9ho podujatia V\u00edkend otvoren\u00fdch parkov a z\u00e1hrad a po\u010das prv\u00e9ho j\u00fanov\u00e9ho v\u00edkendu zorganizuje v Budat\u00ednskom parku nieko\u013eko aktiv\u00edt. Hlavnou tohtoro\u010dnou t\u00e9mou je: Parky a z\u00e1hrady \u010delia klimatickej zmene.\" \/>\n<meta property=\"og:url\" content=\"https:\/\/pmza.sk\/?p=51131\" \/>\n<meta property=\"og:site_name\" content=\"Pova\u017esk\u00e9 m\u00fazeum\" \/>\n<meta property=\"article:publisher\" content=\"https:\/\/www.facebook.com\/povazskemuzeum\" \/>\n<meta property=\"article:published_time\" content=\"2022-05-23T05:40:14+00:00\" \/>\n<meta property=\"article:modified_time\" content=\"2022-06-09T08:35:17+00:00\" \/>\n<meta property=\"og:image\" content=\"https:\/\/pmza.sk\/wp-content\/uploads\/2022\/05\/FB_Event_500_262_SK_-2.jpg\" \/>\n\t<meta property=\"og:image:width\" content=\"500\" \/>\n\t<meta property=\"og:image:height\" content=\"262\" \/>\n\t<meta property=\"og:image:type\" content=\"image\/jpeg\" \/>\n<meta name=\"author\" content=\"Pova\u017esk\u00e9 m\u00fazeum\" \/>\n<meta name=\"twitter:card\" content=\"summary_large_image\" \/>\n<meta name=\"twitter:label1\" content=\"Autor\" \/>\n\t<meta name=\"twitter:data1\" content=\"Pova\u017esk\u00e9 m\u00fazeum\" \/>\n\t<meta name=\"twitter:label2\" content=\"Predpokladan\u00fd \u010das \u010d\u00edtania\" \/>\n\t<meta name=\"twitter:data2\" content=\"1 min\u00fata\" \/>\n<script type=\"application\/ld+json\" class=\"yoast-schema-graph\">{\"@context\":\"https:\\\/\\\/schema.org\",\"@graph\":[{\"@type\":\"Article\",\"@id\":\"https:\\\/\\\/pmza.sk\\\/?p=51131#article\",\"isPartOf\":{\"@id\":\"https:\\\/\\\/pmza.sk\\\/?p=51131\"},\"author\":{\"name\":\"Pova\u017esk\u00e9 m\u00fazeum\",\"@id\":\"https:\\\/\\\/pmza.sk\\\/#\\\/schema\\\/person\\\/595e6a2ce731ea94dcd5d7f50a41ae33\"},\"headline\":\"V\u00edkend otvoren\u00fdch parkov a z\u00e1hrad v Budat\u00edne\",\"datePublished\":\"2022-05-23T05:40:14+00:00\",\"dateModified\":\"2022-06-09T08:35:17+00:00\",\"mainEntityOfPage\":{\"@id\":\"https:\\\/\\\/pmza.sk\\\/?p=51131\"},\"wordCount\":136,\"commentCount\":0,\"publisher\":{\"@id\":\"https:\\\/\\\/pmza.sk\\\/#organization\"},\"image\":{\"@id\":\"https:\\\/\\\/pmza.sk\\\/?p=51131#primaryimage\"},\"thumbnailUrl\":\"https:\\\/\\\/pmza.sk\\\/wp-content\\\/uploads\\\/2022\\\/05\\\/FB_Event_500_262_SK_-2.jpg\",\"articleSection\":[\"Podujatia\"],\"inLanguage\":\"sk-SK\"},{\"@type\":\"WebPage\",\"@id\":\"https:\\\/\\\/pmza.sk\\\/?p=51131\",\"url\":\"https:\\\/\\\/pmza.sk\\\/?p=51131\",\"name\":\"V\u00edkend otvoren\u00fdch parkov a z\u00e1hrad v Budat\u00edne - Pova\u017esk\u00e9 m\u00fazeum\",\"isPartOf\":{\"@id\":\"https:\\\/\\\/pmza.sk\\\/#website\"},\"primaryImageOfPage\":{\"@id\":\"https:\\\/\\\/pmza.sk\\\/?p=51131#primaryimage\"},\"image\":{\"@id\":\"https:\\\/\\\/pmza.sk\\\/?p=51131#primaryimage\"},\"thumbnailUrl\":\"https:\\\/\\\/pmza.sk\\\/wp-content\\\/uploads\\\/2022\\\/05\\\/FB_Event_500_262_SK_-2.jpg\",\"datePublished\":\"2022-05-23T05:40:14+00:00\",\"dateModified\":\"2022-06-09T08:35:17+00:00\",\"description\":\"Pova\u017esk\u00e9 m\u00fazeum sa op\u00e4\u0165 zap\u00e1ja do celoslovensk\u00e9ho podujatia V\u00edkend otvoren\u00fdch parkov a z\u00e1hrad a po\u010das prv\u00e9ho j\u00fanov\u00e9ho v\u00edkendu zorganizuje v Budat\u00ednskom parku nieko\u013eko aktiv\u00edt. Hlavnou tohtoro\u010dnou t\u00e9mou je: Parky a z\u00e1hrady \u010delia klimatickej zmene.\",\"breadcrumb\":{\"@id\":\"https:\\\/\\\/pmza.sk\\\/?p=51131#breadcrumb\"},\"inLanguage\":\"sk-SK\",\"potentialAction\":[{\"@type\":\"ReadAction\",\"target\":[\"https:\\\/\\\/pmza.sk\\\/?p=51131\"]}]},{\"@type\":\"ImageObject\",\"inLanguage\":\"sk-SK\",\"@id\":\"https:\\\/\\\/pmza.sk\\\/?p=51131#primaryimage\",\"url\":\"https:\\\/\\\/pmza.sk\\\/wp-content\\\/uploads\\\/2022\\\/05\\\/FB_Event_500_262_SK_-2.jpg\",\"contentUrl\":\"https:\\\/\\\/pmza.sk\\\/wp-content\\\/uploads\\\/2022\\\/05\\\/FB_Event_500_262_SK_-2.jpg\",\"width\":500,\"height\":262},{\"@type\":\"BreadcrumbList\",\"@id\":\"https:\\\/\\\/pmza.sk\\\/?p=51131#breadcrumb\",\"itemListElement\":[{\"@type\":\"ListItem\",\"position\":1,\"name\":\"Domovsk\u00e1 str\u00e1nka\",\"item\":\"https:\\\/\\\/pmza.sk\\\/\"},{\"@type\":\"ListItem\",\"position\":2,\"name\":\"V\u00edkend otvoren\u00fdch parkov a z\u00e1hrad v Budat\u00edne\"}]},{\"@type\":\"WebSite\",\"@id\":\"https:\\\/\\\/pmza.sk\\\/#website\",\"url\":\"https:\\\/\\\/pmza.sk\\\/\",\"name\":\"Pova\u017esk\u00e9 m\u00fazeum\",\"description\":\"Pova\u017esk\u00e9 m\u00fazeum v \u017diline je region\u00e1lne m\u00fazeum so s\u00eddlom v Budat\u00edne. Jeho expoz\u00edcie s\u00fa zameran\u00e9 na dejiny slovensk\u00e9ho umenia, kult\u00fary a dopravy.\",\"publisher\":{\"@id\":\"https:\\\/\\\/pmza.sk\\\/#organization\"},\"potentialAction\":[{\"@type\":\"SearchAction\",\"target\":{\"@type\":\"EntryPoint\",\"urlTemplate\":\"https:\\\/\\\/pmza.sk\\\/?s={search_term_string}\"},\"query-input\":{\"@type\":\"PropertyValueSpecification\",\"valueRequired\":true,\"valueName\":\"search_term_string\"}}],\"inLanguage\":\"sk-SK\"},{\"@type\":\"Organization\",\"@id\":\"https:\\\/\\\/pmza.sk\\\/#organization\",\"name\":\"Pova\u017esk\u00e9 m\u00fazeum\",\"url\":\"https:\\\/\\\/pmza.sk\\\/\",\"logo\":{\"@type\":\"ImageObject\",\"inLanguage\":\"sk-SK\",\"@id\":\"https:\\\/\\\/pmza.sk\\\/#\\\/schema\\\/logo\\\/image\\\/\",\"url\":\"https:\\\/\\\/pmza.sk\\\/wp-content\\\/uploads\\\/2022\\\/01\\\/logo_PM_horizontal.jpg\",\"contentUrl\":\"https:\\\/\\\/pmza.sk\\\/wp-content\\\/uploads\\\/2022\\\/01\\\/logo_PM_horizontal.jpg\",\"width\":231,\"height\":142,\"caption\":\"Pova\u017esk\u00e9 m\u00fazeum\"},\"image\":{\"@id\":\"https:\\\/\\\/pmza.sk\\\/#\\\/schema\\\/logo\\\/image\\\/\"},\"sameAs\":[\"https:\\\/\\\/www.facebook.com\\\/povazskemuzeum\",\"https:\\\/\\\/www.instagram.com\\\/povazskemuzeum\\\/\"]},{\"@type\":\"Person\",\"@id\":\"https:\\\/\\\/pmza.sk\\\/#\\\/schema\\\/person\\\/595e6a2ce731ea94dcd5d7f50a41ae33\",\"name\":\"Pova\u017esk\u00e9 m\u00fazeum\",\"image\":{\"@type\":\"ImageObject\",\"inLanguage\":\"sk-SK\",\"@id\":\"https:\\\/\\\/secure.gravatar.com\\\/avatar\\\/2bb7f1561282132fb5826dfeccc66c7996d11ee392ac6aaf7ced8a1c2027fbb2?s=96&d=mm&r=g\",\"url\":\"https:\\\/\\\/secure.gravatar.com\\\/avatar\\\/2bb7f1561282132fb5826dfeccc66c7996d11ee392ac6aaf7ced8a1c2027fbb2?s=96&d=mm&r=g\",\"contentUrl\":\"https:\\\/\\\/secure.gravatar.com\\\/avatar\\\/2bb7f1561282132fb5826dfeccc66c7996d11ee392ac6aaf7ced8a1c2027fbb2?s=96&d=mm&r=g\",\"caption\":\"Pova\u017esk\u00e9 m\u00fazeum\"}}]}<\/script>\n<!-- \/ Yoast SEO plugin. -->","yoast_head_json":{"title":"V\u00edkend otvoren\u00fdch parkov a z\u00e1hrad v Budat\u00edne - Pova\u017esk\u00e9 m\u00fazeum","description":"Pova\u017esk\u00e9 m\u00fazeum sa op\u00e4\u0165 zap\u00e1ja do celoslovensk\u00e9ho podujatia V\u00edkend otvoren\u00fdch parkov a z\u00e1hrad a po\u010das prv\u00e9ho j\u00fanov\u00e9ho v\u00edkendu zorganizuje v Budat\u00ednskom parku nieko\u013eko aktiv\u00edt. Hlavnou tohtoro\u010dnou t\u00e9mou je: Parky a z\u00e1hrady \u010delia klimatickej zmene.","robots":{"index":"index","follow":"follow","max-snippet":"max-snippet:-1","max-image-preview":"max-image-preview:large","max-video-preview":"max-video-preview:-1"},"canonical":"https:\/\/pmza.sk\/?p=51131","og_locale":"sk_SK","og_type":"article","og_title":"V\u00edkend otvoren\u00fdch parkov a z\u00e1hrad v Budat\u00edne - Pova\u017esk\u00e9 m\u00fazeum","og_description":"Pova\u017esk\u00e9 m\u00fazeum sa op\u00e4\u0165 zap\u00e1ja do celoslovensk\u00e9ho podujatia V\u00edkend otvoren\u00fdch parkov a z\u00e1hrad a po\u010das prv\u00e9ho j\u00fanov\u00e9ho v\u00edkendu zorganizuje v Budat\u00ednskom parku nieko\u013eko aktiv\u00edt. Hlavnou tohtoro\u010dnou t\u00e9mou je: Parky a z\u00e1hrady \u010delia klimatickej zmene.","og_url":"https:\/\/pmza.sk\/?p=51131","og_site_name":"Pova\u017esk\u00e9 m\u00fazeum","article_publisher":"https:\/\/www.facebook.com\/povazskemuzeum","article_published_time":"2022-05-23T05:40:14+00:00","article_modified_time":"2022-06-09T08:35:17+00:00","og_image":[{"width":500,"height":262,"url":"https:\/\/pmza.sk\/wp-content\/uploads\/2022\/05\/FB_Event_500_262_SK_-2.jpg","type":"image\/jpeg"}],"author":"Pova\u017esk\u00e9 m\u00fazeum","twitter_card":"summary_large_image","twitter_misc":{"Autor":"Pova\u017esk\u00e9 m\u00fazeum","Predpokladan\u00fd \u010das \u010d\u00edtania":"1 min\u00fata"},"schema":{"@context":"https:\/\/schema.org","@graph":[{"@type":"Article","@id":"https:\/\/pmza.sk\/?p=51131#article","isPartOf":{"@id":"https:\/\/pmza.sk\/?p=51131"},"author":{"name":"Pova\u017esk\u00e9 m\u00fazeum","@id":"https:\/\/pmza.sk\/#\/schema\/person\/595e6a2ce731ea94dcd5d7f50a41ae33"},"headline":"V\u00edkend otvoren\u00fdch parkov a z\u00e1hrad v Budat\u00edne","datePublished":"2022-05-23T05:40:14+00:00","dateModified":"2022-06-09T08:35:17+00:00","mainEntityOfPage":{"@id":"https:\/\/pmza.sk\/?p=51131"},"wordCount":136,"commentCount":0,"publisher":{"@id":"https:\/\/pmza.sk\/#organization"},"image":{"@id":"https:\/\/pmza.sk\/?p=51131#primaryimage"},"thumbnailUrl":"https:\/\/pmza.sk\/wp-content\/uploads\/2022\/05\/FB_Event_500_262_SK_-2.jpg","articleSection":["Podujatia"],"inLanguage":"sk-SK"},{"@type":"WebPage","@id":"https:\/\/pmza.sk\/?p=51131","url":"https:\/\/pmza.sk\/?p=51131","name":"V\u00edkend otvoren\u00fdch parkov a z\u00e1hrad v Budat\u00edne - Pova\u017esk\u00e9 m\u00fazeum","isPartOf":{"@id":"https:\/\/pmza.sk\/#website"},"primaryImageOfPage":{"@id":"https:\/\/pmza.sk\/?p=51131#primaryimage"},"image":{"@id":"https:\/\/pmza.sk\/?p=51131#primaryimage"},"thumbnailUrl":"https:\/\/pmza.sk\/wp-content\/uploads\/2022\/05\/FB_Event_500_262_SK_-2.jpg","datePublished":"2022-05-23T05:40:14+00:00","dateModified":"2022-06-09T08:35:17+00:00","description":"Pova\u017esk\u00e9 m\u00fazeum sa op\u00e4\u0165 zap\u00e1ja do celoslovensk\u00e9ho podujatia V\u00edkend otvoren\u00fdch parkov a z\u00e1hrad a po\u010das prv\u00e9ho j\u00fanov\u00e9ho v\u00edkendu zorganizuje v Budat\u00ednskom parku nieko\u013eko aktiv\u00edt. Hlavnou tohtoro\u010dnou t\u00e9mou je: Parky a z\u00e1hrady \u010delia klimatickej zmene.","breadcrumb":{"@id":"https:\/\/pmza.sk\/?p=51131#breadcrumb"},"inLanguage":"sk-SK","potentialAction":[{"@type":"ReadAction","target":["https:\/\/pmza.sk\/?p=51131"]}]},{"@type":"ImageObject","inLanguage":"sk-SK","@id":"https:\/\/pmza.sk\/?p=51131#primaryimage","url":"https:\/\/pmza.sk\/wp-content\/uploads\/2022\/05\/FB_Event_500_262_SK_-2.jpg","contentUrl":"https:\/\/pmza.sk\/wp-content\/uploads\/2022\/05\/FB_Event_500_262_SK_-2.jpg","width":500,"height":262},{"@type":"BreadcrumbList","@id":"https:\/\/pmza.sk\/?p=51131#breadcrumb","itemListElement":[{"@type":"ListItem","position":1,"name":"Domovsk\u00e1 str\u00e1nka","item":"https:\/\/pmza.sk\/"},{"@type":"ListItem","position":2,"name":"V\u00edkend otvoren\u00fdch parkov a z\u00e1hrad v Budat\u00edne"}]},{"@type":"WebSite","@id":"https:\/\/pmza.sk\/#website","url":"https:\/\/pmza.sk\/","name":"Pova\u017esk\u00e9 m\u00fazeum","description":"Pova\u017esk\u00e9 m\u00fazeum v \u017diline je region\u00e1lne m\u00fazeum so s\u00eddlom v Budat\u00edne. Jeho expoz\u00edcie s\u00fa zameran\u00e9 na dejiny slovensk\u00e9ho umenia, kult\u00fary a dopravy.","publisher":{"@id":"https:\/\/pmza.sk\/#organization"},"potentialAction":[{"@type":"SearchAction","target":{"@type":"EntryPoint","urlTemplate":"https:\/\/pmza.sk\/?s={search_term_string}"},"query-input":{"@type":"PropertyValueSpecification","valueRequired":true,"valueName":"search_term_string"}}],"inLanguage":"sk-SK"},{"@type":"Organization","@id":"https:\/\/pmza.sk\/#organization","name":"Pova\u017esk\u00e9 m\u00fazeum","url":"https:\/\/pmza.sk\/","logo":{"@type":"ImageObject","inLanguage":"sk-SK","@id":"https:\/\/pmza.sk\/#\/schema\/logo\/image\/","url":"https:\/\/pmza.sk\/wp-content\/uploads\/2022\/01\/logo_PM_horizontal.jpg","contentUrl":"https:\/\/pmza.sk\/wp-content\/uploads\/2022\/01\/logo_PM_horizontal.jpg","width":231,"height":142,"caption":"Pova\u017esk\u00e9 m\u00fazeum"},"image":{"@id":"https:\/\/pmza.sk\/#\/schema\/logo\/image\/"},"sameAs":["https:\/\/www.facebook.com\/povazskemuzeum","https:\/\/www.instagram.com\/povazskemuzeum\/"]},{"@type":"Person","@id":"https:\/\/pmza.sk\/#\/schema\/person\/595e6a2ce731ea94dcd5d7f50a41ae33","name":"Pova\u017esk\u00e9 m\u00fazeum","image":{"@type":"ImageObject","inLanguage":"sk-SK","@id":"https:\/\/secure.gravatar.com\/avatar\/2bb7f1561282132fb5826dfeccc66c7996d11ee392ac6aaf7ced8a1c2027fbb2?s=96&d=mm&r=g","url":"https:\/\/secure.gravatar.com\/avatar\/2bb7f1561282132fb5826dfeccc66c7996d11ee392ac6aaf7ced8a1c2027fbb2?s=96&d=mm&r=g","contentUrl":"https:\/\/secure.gravatar.com\/avatar\/2bb7f1561282132fb5826dfeccc66c7996d11ee392ac6aaf7ced8a1c2027fbb2?s=96&d=mm&r=g","caption":"Pova\u017esk\u00e9 m\u00fazeum"}}]}},"_links":{"self":[{"href":"https:\/\/pmza.sk\/index.php?rest_route=\/wp\/v2\/posts\/51131","targetHints":{"allow":["GET"]}}],"collection":[{"href":"https:\/\/pmza.sk\/index.php?rest_route=\/wp\/v2\/posts"}],"about":[{"href":"https:\/\/pmza.sk\/index.php?rest_route=\/wp\/v2\/types\/post"}],"author":[{"embeddable":true,"href":"https:\/\/pmza.sk\/index.php?rest_route=\/wp\/v2\/users\/2"}],"replies":[{"embeddable":true,"href":"https:\/\/pmza.sk\/index.php?rest_route=%2Fwp%2Fv2%2Fcomments&post=51131"}],"version-history":[{"count":0,"href":"https:\/\/pmza.sk\/index.php?rest_route=\/wp\/v2\/posts\/51131\/revisions"}],"wp:featuredmedia":[{"embeddable":true,"href":"https:\/\/pmza.sk\/index.php?rest_route=\/wp\/v2\/media\/51132"}],"wp:attachment":[{"href":"https:\/\/pmza.sk\/index.php?rest_route=%2Fwp%2Fv2%2Fmedia&parent=51131"}],"wp:term":[{"taxonomy":"category","embeddable":true,"href":"https:\/\/pmza.sk\/index.php?rest_route=%2Fwp%2Fv2%2Fcategories&post=51131"},{"taxonomy":"post_tag","embeddable":true,"href":"https:\/\/pmza.sk\/index.php?rest_route=%2Fwp%2Fv2%2Ftags&post=51131"}],"curies":[{"name":"wp","href":"https:\/\/api.w.org\/{rel}","templated":true}]}}