{"id":51371,"date":"2022-06-07T08:01:04","date_gmt":"2022-06-07T06:01:04","guid":{"rendered":"https:\/\/pmza.sk\/?p=51371"},"modified":"2022-06-22T13:56:17","modified_gmt":"2022-06-22T11:56:17","slug":"biele-na-modrom","status":"publish","type":"post","link":"https:\/\/pmza.sk\/?p=51371","title":{"rendered":"Biele na modrom"},"content":{"rendered":"<p>Pova\u017esk\u00e9 m\u00fazeum srde\u010dne poz\u00fdva na podujatie s\u00a0n\u00e1zvom Biele na modrom \u2013 modrotla\u010dov\u00fa tvoriv\u00fa diel\u0148u s\u00a0majstrom Petrom Trnkom, ktor\u00e1 sa uskuto\u010dn\u00ed v nede\u013eu 19. j\u00fana 2022 o\u00a014.00 hod. v\u00a0Sob\u00e1\u0161nom pal\u00e1ci v\u00a0Byt\u010di.<\/p>\n<p>N\u00e1v\u0161tevn\u00edci bud\u00fa ma\u0165 mo\u017enos\u0165 vysk\u00fa\u0161a\u0165 si jedine\u010dn\u00fa\u00a0tradi\u010dn\u00fa ru\u010dn\u00fa modrotla\u010dov\u00fa v\u00fdrobu, dozvedia\u00a0sa viac o vzniku a historickom v\u00fdvoji nieko\u013eko sto rokov nezmenenej techniky a\u00a0nav\u0161t\u00edvia v\u00fdstavu Remeslo m\u00e1 modr\u00e9 dno. \u00a0Ka\u017ed\u00fd \u00fa\u010dastn\u00edk si prejde cel\u00fdm nieko\u013ekohodinov\u00fdm procesom v\u00fdroby modrotla\u010de, a\u00a0to potl\u00e1\u010dan\u00edm kombin\u00e1ciou vybran\u00fdch vzorov, farben\u00edm indigom, pran\u00edm v\u00a0kyseline s\u00edrovej a\u00a0na z\u00e1ver su\u0161en\u00edm. \u00a0<em>\u201eNa workshope predstav\u00edm vznik a\u00a0historick\u00fd v\u00fdvoj 400 rokov nezmenenej techniky modrotla\u010de. Dozviete sa, \u017ee modrotla\u010d je indigom farben\u00e1 bavlnen\u00e1 l\u00e1tka s tla\u010den\u00fdmi vzormi, \u017ee negat\u00edvne vzorovanie sa docie\u013euje tzv. rezervou \u2013 zamedzen\u00edm farbenia l\u00e1tky v mieste vzoru, ako\u00a0 sa pri v\u00fdrobe modrotla\u010de pou\u017e\u00edvala krycia ka\u0161a \u2013 pap, ktor\u00e1 sa nan\u00e1\u0161ala ru\u010dne tla\u010den\u00edm pomocou modrotla\u010diarskych foriem, ale aj ako pracuje potla\u010den\u00e9 pl\u00e1tno po zaschnut\u00ed farby ponoren\u00edm do kad\u00ed naplnen\u00fdch indigov\u00fdm roztokom tzv. kypy. N\u00e1sledne si uk\u00e1\u017eeme, ako sa rezerva odstra\u0148uje pran\u00edm v roztoku kyseliny s\u00edrovej a\u00a0usu\u0161en\u00edm v\u00fdrobn\u00fd proces ukon\u010d\u00edme,\u201c<\/em> pribli\u017euje majster Peter Trnka, ktor\u00e9ho rodinn\u00e1 firma sa v\u00fdrobe modrotla\u010de venuje u\u017e viac ako 100 rokov.<\/p>\n<p>\u201e<em>Ve\u013emi n\u00e1s te\u0161\u00ed vysok\u00e1 n\u00e1v\u0161tevnos\u0165 modrotla\u010dovej v\u00fdstavy Remeslo m\u00e1 modr\u00e9 dno, \u00a0a\u00a0tak sme sa rozhodli, \u017ee na\u0161im n\u00e1v\u0161tevn\u00edkom d\u00e1me mo\u017enos\u0165 si samotn\u00fa v\u00fdrobu spojen\u00fa s\u00a0potl\u00e1\u010dan\u00edm vysk\u00fa\u0161a\u0165. Tak\u00fdto workshop je skuto\u010dne jedine\u010dn\u00fd, no aj \u010dasovo n\u00e1ro\u010dn\u00fd, preto sa ho m\u00f4\u017ee \u00a0z\u00fa\u010dastni\u0165 len ur\u010dit\u00fd po\u010det uch\u00e1dza\u010dov. \u00a0Kto r\u00e1d tvor\u00ed a\u00a0chce si vysk\u00fa\u0161a\u0165 nie\u010do nov\u00e9, nemal by si necha\u0165 ujs\u0165 pr\u00edle\u017eitos\u0165 sa tejto dielne z\u00fa\u010dastni\u0165, \u201c <\/em>poz\u00fdva spr\u00e1vky\u0148a Sob\u00e1\u0161neho pal\u00e1ca v\u00a0Byt\u010di Andrea Tur\u010d\u00e1kov\u00e1.<\/p>\n<p>Po\u010det n\u00e1v\u0161tevn\u00edkov podujatia je obmedzen\u00fd. Na modrotla\u010dov\u00fa diel\u0148u je potrebn\u00e9 sa vopred objedna\u0165 do 15. j\u00fana mailom na: <a href=\"mailto:sobasnypalac@pmza.sk\">sobasnypalac@pmza.sk<\/a> alebo telefonicky na 041\/552 30 27. Cena za diel\u0148u vr\u00e1tane n\u00e1v\u0161tevy Sob\u00e1\u0161neho pal\u00e1ca a v\u00fdstavy Remeslo m\u00e1 modr\u00e9 dno je 20 eur na osobu.<\/p>\n<p><img fetchpriority=\"high\" decoding=\"async\" class=\"alignnone wp-image-51373\" src=\"https:\/\/pmza.sk\/wp-content\/uploads\/2022\/06\/modrotlac-255x360.jpg\" alt=\"\" width=\"325\" height=\"459\" srcset=\"https:\/\/pmza.sk\/wp-content\/uploads\/2022\/06\/modrotlac-255x360.jpg 255w, https:\/\/pmza.sk\/wp-content\/uploads\/2022\/06\/modrotlac-520x736.jpg 520w, https:\/\/pmza.sk\/wp-content\/uploads\/2022\/06\/modrotlac-768x1086.jpg 768w, https:\/\/pmza.sk\/wp-content\/uploads\/2022\/06\/modrotlac-1086x1536.jpg 1086w, https:\/\/pmza.sk\/wp-content\/uploads\/2022\/06\/modrotlac-1448x2048.jpg 1448w, https:\/\/pmza.sk\/wp-content\/uploads\/2022\/06\/modrotlac-600x849.jpg 600w, https:\/\/pmza.sk\/wp-content\/uploads\/2022\/06\/modrotlac-scaled.jpg 1810w\" sizes=\"(max-width: 325px) 100vw, 325px\" \/><\/p>\n","protected":false},"excerpt":{"rendered":"<p>Pova\u017esk\u00e9 m\u00fazeum srde\u010dne poz\u00fdva na podujatie s\u00a0n\u00e1zvom Biele na modrom \u2013 modrotla\u010dov\u00fa tvoriv\u00fa diel\u0148u s\u00a0majstrom Petrom Trnkom, ktor\u00e1 sa uskuto\u010dn\u00ed v nede\u013eu 19. j\u00fana 2022 o\u00a014.00 hod. v\u00a0Sob\u00e1\u0161nom pal\u00e1ci v\u00a0Byt\u010di. N\u00e1v\u0161tevn\u00edci bud\u00fa ma\u0165 mo\u017enos\u0165 vysk\u00fa\u0161a\u0165 si jedine\u010dn\u00fa\u00a0tradi\u010dn\u00fa ru\u010dn\u00fa modrotla\u010dov\u00fa v\u00fdrobu, dozvedia\u00a0sa viac o vzniku a historickom v\u00fdvoji nieko\u013eko sto rokov nezmenenej techniky a\u00a0nav\u0161t\u00edvia v\u00fdstavu Remeslo [&hellip;]<\/p>\n","protected":false},"author":2,"featured_media":51372,"comment_status":"open","ping_status":"open","sticky":false,"template":"","format":"standard","meta":{"site-sidebar-layout":"default","site-content-layout":"default","ast-site-content-layout":"","site-content-style":"default","site-sidebar-style":"default","ast-global-header-display":"","ast-banner-title-visibility":"","ast-main-header-display":"","ast-hfb-above-header-display":"","ast-hfb-below-header-display":"","ast-hfb-mobile-header-display":"","site-post-title":"","ast-breadcrumbs-content":"","ast-featured-img":"","footer-sml-layout":"","theme-transparent-header-meta":"default","adv-header-id-meta":"","stick-header-meta":"default","header-above-stick-meta":"","header-main-stick-meta":"","header-below-stick-meta":"","astra-migrate-meta-layouts":"default","ast-page-background-enabled":"default","ast-page-background-meta":{"desktop":{"background-color":"var(--ast-global-color-4)","background-image":"","background-repeat":"repeat","background-position":"center center","background-size":"auto","background-attachment":"scroll","background-type":"","background-media":"","overlay-type":"","overlay-color":"","overlay-opacity":"","overlay-gradient":""},"tablet":{"background-color":"","background-image":"","background-repeat":"repeat","background-position":"center center","background-size":"auto","background-attachment":"scroll","background-type":"","background-media":"","overlay-type":"","overlay-color":"","overlay-opacity":"","overlay-gradient":""},"mobile":{"background-color":"","background-image":"","background-repeat":"repeat","background-position":"center center","background-size":"auto","background-attachment":"scroll","background-type":"","background-media":"","overlay-type":"","overlay-color":"","overlay-opacity":"","overlay-gradient":""}},"ast-content-background-meta":{"desktop":{"background-color":"var(--ast-global-color-5)","background-image":"","background-repeat":"repeat","background-position":"center center","background-size":"auto","background-attachment":"scroll","background-type":"","background-media":"","overlay-type":"","overlay-color":"","overlay-opacity":"","overlay-gradient":""},"tablet":{"background-color":"var(--ast-global-color-5)","background-image":"","background-repeat":"repeat","background-position":"center center","background-size":"auto","background-attachment":"scroll","background-type":"","background-media":"","overlay-type":"","overlay-color":"","overlay-opacity":"","overlay-gradient":""},"mobile":{"background-color":"var(--ast-global-color-5)","background-image":"","background-repeat":"repeat","background-position":"center center","background-size":"auto","background-attachment":"scroll","background-type":"","background-media":"","overlay-type":"","overlay-color":"","overlay-opacity":"","overlay-gradient":""}},"footnotes":""},"categories":[71],"tags":[],"class_list":["post-51371","post","type-post","status-publish","format-standard","has-post-thumbnail","hentry","category-podujatia"],"yoast_head":"<!-- This site is optimized with the Yoast SEO plugin v27.4 - https:\/\/yoast.com\/product\/yoast-seo-wordpress\/ -->\n<title>Biele na modrom - Pova\u017esk\u00e9 m\u00fazeum<\/title>\n<meta name=\"description\" content=\"Pova\u017esk\u00e9 m\u00fazeum srde\u010dne poz\u00fdva na podujatie s\u00a0n\u00e1zvom Biele na modrom \u2013 modrotla\u010dov\u00fa tvoriv\u00fa diel\u0148u s\u00a0majstrom Petrom Trnkom, ktor\u00e1 sa uskuto\u010dn\u00ed v nede\u013eu 19. j\u00fana 2022 o\u00a014.00 hod. v\u00a0Sob\u00e1\u0161nom pal\u00e1ci v\u00a0Byt\u010di. \u00a0N\u00e1v\u0161tevn\u00edci bud\u00fa ma\u0165 mo\u017enos\u0165 vysk\u00fa\u0161a\u0165 si jedine\u010dn\u00fa\u00a0tradi\u010dn\u00fa ru\u010dn\u00fa modrotla\u010dov\u00fa v\u00fdrobu, dozvedia\u00a0sa viac o vzniku a historickom v\u00fdvoji nieko\u013eko sto rokov nezmenenej techniky a\u00a0nav\u0161t\u00edvia v\u00fdstavu Remeslo m\u00e1 modr\u00e9 dno.\" \/>\n<meta name=\"robots\" content=\"index, follow, max-snippet:-1, max-image-preview:large, max-video-preview:-1\" \/>\n<link rel=\"canonical\" href=\"https:\/\/pmza.sk\/?p=51371\" \/>\n<meta property=\"og:locale\" content=\"sk_SK\" \/>\n<meta property=\"og:type\" content=\"article\" \/>\n<meta property=\"og:title\" content=\"Biele na modrom - Pova\u017esk\u00e9 m\u00fazeum\" \/>\n<meta property=\"og:description\" content=\"Pova\u017esk\u00e9 m\u00fazeum srde\u010dne poz\u00fdva na podujatie s\u00a0n\u00e1zvom Biele na modrom \u2013 modrotla\u010dov\u00fa tvoriv\u00fa diel\u0148u s\u00a0majstrom Petrom Trnkom, ktor\u00e1 sa uskuto\u010dn\u00ed v nede\u013eu 19. j\u00fana 2022 o\u00a014.00 hod. v\u00a0Sob\u00e1\u0161nom pal\u00e1ci v\u00a0Byt\u010di. \u00a0N\u00e1v\u0161tevn\u00edci bud\u00fa ma\u0165 mo\u017enos\u0165 vysk\u00fa\u0161a\u0165 si jedine\u010dn\u00fa\u00a0tradi\u010dn\u00fa ru\u010dn\u00fa modrotla\u010dov\u00fa v\u00fdrobu, dozvedia\u00a0sa viac o vzniku a historickom v\u00fdvoji nieko\u013eko sto rokov nezmenenej techniky a\u00a0nav\u0161t\u00edvia v\u00fdstavu Remeslo m\u00e1 modr\u00e9 dno.\" \/>\n<meta property=\"og:url\" content=\"https:\/\/pmza.sk\/?p=51371\" \/>\n<meta property=\"og:site_name\" content=\"Pova\u017esk\u00e9 m\u00fazeum\" \/>\n<meta property=\"article:publisher\" content=\"https:\/\/www.facebook.com\/povazskemuzeum\" \/>\n<meta property=\"article:published_time\" content=\"2022-06-07T06:01:04+00:00\" \/>\n<meta property=\"article:modified_time\" content=\"2022-06-22T11:56:17+00:00\" \/>\n<meta property=\"og:image\" content=\"https:\/\/pmza.sk\/wp-content\/uploads\/2022\/06\/48403061_2783506071873867_2725974171782742016_o.jpg\" \/>\n\t<meta property=\"og:image:width\" content=\"2048\" \/>\n\t<meta property=\"og:image:height\" content=\"1356\" \/>\n\t<meta property=\"og:image:type\" content=\"image\/jpeg\" \/>\n<meta name=\"author\" content=\"Pova\u017esk\u00e9 m\u00fazeum\" \/>\n<meta name=\"twitter:card\" content=\"summary_large_image\" \/>\n<meta name=\"twitter:label1\" content=\"Autor\" \/>\n\t<meta name=\"twitter:data1\" content=\"Pova\u017esk\u00e9 m\u00fazeum\" \/>\n\t<meta name=\"twitter:label2\" content=\"Predpokladan\u00fd \u010das \u010d\u00edtania\" \/>\n\t<meta name=\"twitter:data2\" content=\"2 min\u00faty\" \/>\n<script type=\"application\/ld+json\" class=\"yoast-schema-graph\">{\"@context\":\"https:\\\/\\\/schema.org\",\"@graph\":[{\"@type\":\"Article\",\"@id\":\"https:\\\/\\\/pmza.sk\\\/?p=51371#article\",\"isPartOf\":{\"@id\":\"https:\\\/\\\/pmza.sk\\\/?p=51371\"},\"author\":{\"name\":\"Pova\u017esk\u00e9 m\u00fazeum\",\"@id\":\"https:\\\/\\\/pmza.sk\\\/#\\\/schema\\\/person\\\/595e6a2ce731ea94dcd5d7f50a41ae33\"},\"headline\":\"Biele na modrom\",\"datePublished\":\"2022-06-07T06:01:04+00:00\",\"dateModified\":\"2022-06-22T11:56:17+00:00\",\"mainEntityOfPage\":{\"@id\":\"https:\\\/\\\/pmza.sk\\\/?p=51371\"},\"wordCount\":441,\"commentCount\":0,\"publisher\":{\"@id\":\"https:\\\/\\\/pmza.sk\\\/#organization\"},\"image\":{\"@id\":\"https:\\\/\\\/pmza.sk\\\/?p=51371#primaryimage\"},\"thumbnailUrl\":\"https:\\\/\\\/pmza.sk\\\/wp-content\\\/uploads\\\/2022\\\/06\\\/48403061_2783506071873867_2725974171782742016_o.jpg\",\"articleSection\":[\"Podujatia\"],\"inLanguage\":\"sk-SK\"},{\"@type\":\"WebPage\",\"@id\":\"https:\\\/\\\/pmza.sk\\\/?p=51371\",\"url\":\"https:\\\/\\\/pmza.sk\\\/?p=51371\",\"name\":\"Biele na modrom - Pova\u017esk\u00e9 m\u00fazeum\",\"isPartOf\":{\"@id\":\"https:\\\/\\\/pmza.sk\\\/#website\"},\"primaryImageOfPage\":{\"@id\":\"https:\\\/\\\/pmza.sk\\\/?p=51371#primaryimage\"},\"image\":{\"@id\":\"https:\\\/\\\/pmza.sk\\\/?p=51371#primaryimage\"},\"thumbnailUrl\":\"https:\\\/\\\/pmza.sk\\\/wp-content\\\/uploads\\\/2022\\\/06\\\/48403061_2783506071873867_2725974171782742016_o.jpg\",\"datePublished\":\"2022-06-07T06:01:04+00:00\",\"dateModified\":\"2022-06-22T11:56:17+00:00\",\"description\":\"Pova\u017esk\u00e9 m\u00fazeum srde\u010dne poz\u00fdva na podujatie s\u00a0n\u00e1zvom Biele na modrom \u2013 modrotla\u010dov\u00fa tvoriv\u00fa diel\u0148u s\u00a0majstrom Petrom Trnkom, ktor\u00e1 sa uskuto\u010dn\u00ed v nede\u013eu 19. j\u00fana 2022 o\u00a014.00 hod. v\u00a0Sob\u00e1\u0161nom pal\u00e1ci v\u00a0Byt\u010di. \u00a0N\u00e1v\u0161tevn\u00edci bud\u00fa ma\u0165 mo\u017enos\u0165 vysk\u00fa\u0161a\u0165 si jedine\u010dn\u00fa\u00a0tradi\u010dn\u00fa ru\u010dn\u00fa modrotla\u010dov\u00fa v\u00fdrobu, dozvedia\u00a0sa viac o vzniku a historickom v\u00fdvoji nieko\u013eko sto rokov nezmenenej techniky a\u00a0nav\u0161t\u00edvia v\u00fdstavu Remeslo m\u00e1 modr\u00e9 dno.\",\"breadcrumb\":{\"@id\":\"https:\\\/\\\/pmza.sk\\\/?p=51371#breadcrumb\"},\"inLanguage\":\"sk-SK\",\"potentialAction\":[{\"@type\":\"ReadAction\",\"target\":[\"https:\\\/\\\/pmza.sk\\\/?p=51371\"]}]},{\"@type\":\"ImageObject\",\"inLanguage\":\"sk-SK\",\"@id\":\"https:\\\/\\\/pmza.sk\\\/?p=51371#primaryimage\",\"url\":\"https:\\\/\\\/pmza.sk\\\/wp-content\\\/uploads\\\/2022\\\/06\\\/48403061_2783506071873867_2725974171782742016_o.jpg\",\"contentUrl\":\"https:\\\/\\\/pmza.sk\\\/wp-content\\\/uploads\\\/2022\\\/06\\\/48403061_2783506071873867_2725974171782742016_o.jpg\",\"width\":2048,\"height\":1356},{\"@type\":\"BreadcrumbList\",\"@id\":\"https:\\\/\\\/pmza.sk\\\/?p=51371#breadcrumb\",\"itemListElement\":[{\"@type\":\"ListItem\",\"position\":1,\"name\":\"Domovsk\u00e1 str\u00e1nka\",\"item\":\"https:\\\/\\\/pmza.sk\\\/\"},{\"@type\":\"ListItem\",\"position\":2,\"name\":\"Biele na modrom\"}]},{\"@type\":\"WebSite\",\"@id\":\"https:\\\/\\\/pmza.sk\\\/#website\",\"url\":\"https:\\\/\\\/pmza.sk\\\/\",\"name\":\"Pova\u017esk\u00e9 m\u00fazeum\",\"description\":\"Pova\u017esk\u00e9 m\u00fazeum v \u017diline je region\u00e1lne m\u00fazeum so s\u00eddlom v Budat\u00edne. Jeho expoz\u00edcie s\u00fa zameran\u00e9 na dejiny slovensk\u00e9ho umenia, kult\u00fary a dopravy.\",\"publisher\":{\"@id\":\"https:\\\/\\\/pmza.sk\\\/#organization\"},\"potentialAction\":[{\"@type\":\"SearchAction\",\"target\":{\"@type\":\"EntryPoint\",\"urlTemplate\":\"https:\\\/\\\/pmza.sk\\\/?s={search_term_string}\"},\"query-input\":{\"@type\":\"PropertyValueSpecification\",\"valueRequired\":true,\"valueName\":\"search_term_string\"}}],\"inLanguage\":\"sk-SK\"},{\"@type\":\"Organization\",\"@id\":\"https:\\\/\\\/pmza.sk\\\/#organization\",\"name\":\"Pova\u017esk\u00e9 m\u00fazeum\",\"url\":\"https:\\\/\\\/pmza.sk\\\/\",\"logo\":{\"@type\":\"ImageObject\",\"inLanguage\":\"sk-SK\",\"@id\":\"https:\\\/\\\/pmza.sk\\\/#\\\/schema\\\/logo\\\/image\\\/\",\"url\":\"https:\\\/\\\/pmza.sk\\\/wp-content\\\/uploads\\\/2022\\\/01\\\/logo_PM_horizontal.jpg\",\"contentUrl\":\"https:\\\/\\\/pmza.sk\\\/wp-content\\\/uploads\\\/2022\\\/01\\\/logo_PM_horizontal.jpg\",\"width\":231,\"height\":142,\"caption\":\"Pova\u017esk\u00e9 m\u00fazeum\"},\"image\":{\"@id\":\"https:\\\/\\\/pmza.sk\\\/#\\\/schema\\\/logo\\\/image\\\/\"},\"sameAs\":[\"https:\\\/\\\/www.facebook.com\\\/povazskemuzeum\",\"https:\\\/\\\/www.instagram.com\\\/povazskemuzeum\\\/\"]},{\"@type\":\"Person\",\"@id\":\"https:\\\/\\\/pmza.sk\\\/#\\\/schema\\\/person\\\/595e6a2ce731ea94dcd5d7f50a41ae33\",\"name\":\"Pova\u017esk\u00e9 m\u00fazeum\",\"image\":{\"@type\":\"ImageObject\",\"inLanguage\":\"sk-SK\",\"@id\":\"https:\\\/\\\/secure.gravatar.com\\\/avatar\\\/2bb7f1561282132fb5826dfeccc66c7996d11ee392ac6aaf7ced8a1c2027fbb2?s=96&d=mm&r=g\",\"url\":\"https:\\\/\\\/secure.gravatar.com\\\/avatar\\\/2bb7f1561282132fb5826dfeccc66c7996d11ee392ac6aaf7ced8a1c2027fbb2?s=96&d=mm&r=g\",\"contentUrl\":\"https:\\\/\\\/secure.gravatar.com\\\/avatar\\\/2bb7f1561282132fb5826dfeccc66c7996d11ee392ac6aaf7ced8a1c2027fbb2?s=96&d=mm&r=g\",\"caption\":\"Pova\u017esk\u00e9 m\u00fazeum\"}}]}<\/script>\n<!-- \/ Yoast SEO plugin. -->","yoast_head_json":{"title":"Biele na modrom - Pova\u017esk\u00e9 m\u00fazeum","description":"Pova\u017esk\u00e9 m\u00fazeum srde\u010dne poz\u00fdva na podujatie s\u00a0n\u00e1zvom Biele na modrom \u2013 modrotla\u010dov\u00fa tvoriv\u00fa diel\u0148u s\u00a0majstrom Petrom Trnkom, ktor\u00e1 sa uskuto\u010dn\u00ed v nede\u013eu 19. j\u00fana 2022 o\u00a014.00 hod. v\u00a0Sob\u00e1\u0161nom pal\u00e1ci v\u00a0Byt\u010di. \u00a0N\u00e1v\u0161tevn\u00edci bud\u00fa ma\u0165 mo\u017enos\u0165 vysk\u00fa\u0161a\u0165 si jedine\u010dn\u00fa\u00a0tradi\u010dn\u00fa ru\u010dn\u00fa modrotla\u010dov\u00fa v\u00fdrobu, dozvedia\u00a0sa viac o vzniku a historickom v\u00fdvoji nieko\u013eko sto rokov nezmenenej techniky a\u00a0nav\u0161t\u00edvia v\u00fdstavu Remeslo m\u00e1 modr\u00e9 dno.","robots":{"index":"index","follow":"follow","max-snippet":"max-snippet:-1","max-image-preview":"max-image-preview:large","max-video-preview":"max-video-preview:-1"},"canonical":"https:\/\/pmza.sk\/?p=51371","og_locale":"sk_SK","og_type":"article","og_title":"Biele na modrom - Pova\u017esk\u00e9 m\u00fazeum","og_description":"Pova\u017esk\u00e9 m\u00fazeum srde\u010dne poz\u00fdva na podujatie s\u00a0n\u00e1zvom Biele na modrom \u2013 modrotla\u010dov\u00fa tvoriv\u00fa diel\u0148u s\u00a0majstrom Petrom Trnkom, ktor\u00e1 sa uskuto\u010dn\u00ed v nede\u013eu 19. j\u00fana 2022 o\u00a014.00 hod. v\u00a0Sob\u00e1\u0161nom pal\u00e1ci v\u00a0Byt\u010di. \u00a0N\u00e1v\u0161tevn\u00edci bud\u00fa ma\u0165 mo\u017enos\u0165 vysk\u00fa\u0161a\u0165 si jedine\u010dn\u00fa\u00a0tradi\u010dn\u00fa ru\u010dn\u00fa modrotla\u010dov\u00fa v\u00fdrobu, dozvedia\u00a0sa viac o vzniku a historickom v\u00fdvoji nieko\u013eko sto rokov nezmenenej techniky a\u00a0nav\u0161t\u00edvia v\u00fdstavu Remeslo m\u00e1 modr\u00e9 dno.","og_url":"https:\/\/pmza.sk\/?p=51371","og_site_name":"Pova\u017esk\u00e9 m\u00fazeum","article_publisher":"https:\/\/www.facebook.com\/povazskemuzeum","article_published_time":"2022-06-07T06:01:04+00:00","article_modified_time":"2022-06-22T11:56:17+00:00","og_image":[{"width":2048,"height":1356,"url":"https:\/\/pmza.sk\/wp-content\/uploads\/2022\/06\/48403061_2783506071873867_2725974171782742016_o.jpg","type":"image\/jpeg"}],"author":"Pova\u017esk\u00e9 m\u00fazeum","twitter_card":"summary_large_image","twitter_misc":{"Autor":"Pova\u017esk\u00e9 m\u00fazeum","Predpokladan\u00fd \u010das \u010d\u00edtania":"2 min\u00faty"},"schema":{"@context":"https:\/\/schema.org","@graph":[{"@type":"Article","@id":"https:\/\/pmza.sk\/?p=51371#article","isPartOf":{"@id":"https:\/\/pmza.sk\/?p=51371"},"author":{"name":"Pova\u017esk\u00e9 m\u00fazeum","@id":"https:\/\/pmza.sk\/#\/schema\/person\/595e6a2ce731ea94dcd5d7f50a41ae33"},"headline":"Biele na modrom","datePublished":"2022-06-07T06:01:04+00:00","dateModified":"2022-06-22T11:56:17+00:00","mainEntityOfPage":{"@id":"https:\/\/pmza.sk\/?p=51371"},"wordCount":441,"commentCount":0,"publisher":{"@id":"https:\/\/pmza.sk\/#organization"},"image":{"@id":"https:\/\/pmza.sk\/?p=51371#primaryimage"},"thumbnailUrl":"https:\/\/pmza.sk\/wp-content\/uploads\/2022\/06\/48403061_2783506071873867_2725974171782742016_o.jpg","articleSection":["Podujatia"],"inLanguage":"sk-SK"},{"@type":"WebPage","@id":"https:\/\/pmza.sk\/?p=51371","url":"https:\/\/pmza.sk\/?p=51371","name":"Biele na modrom - Pova\u017esk\u00e9 m\u00fazeum","isPartOf":{"@id":"https:\/\/pmza.sk\/#website"},"primaryImageOfPage":{"@id":"https:\/\/pmza.sk\/?p=51371#primaryimage"},"image":{"@id":"https:\/\/pmza.sk\/?p=51371#primaryimage"},"thumbnailUrl":"https:\/\/pmza.sk\/wp-content\/uploads\/2022\/06\/48403061_2783506071873867_2725974171782742016_o.jpg","datePublished":"2022-06-07T06:01:04+00:00","dateModified":"2022-06-22T11:56:17+00:00","description":"Pova\u017esk\u00e9 m\u00fazeum srde\u010dne poz\u00fdva na podujatie s\u00a0n\u00e1zvom Biele na modrom \u2013 modrotla\u010dov\u00fa tvoriv\u00fa diel\u0148u s\u00a0majstrom Petrom Trnkom, ktor\u00e1 sa uskuto\u010dn\u00ed v nede\u013eu 19. j\u00fana 2022 o\u00a014.00 hod. v\u00a0Sob\u00e1\u0161nom pal\u00e1ci v\u00a0Byt\u010di. \u00a0N\u00e1v\u0161tevn\u00edci bud\u00fa ma\u0165 mo\u017enos\u0165 vysk\u00fa\u0161a\u0165 si jedine\u010dn\u00fa\u00a0tradi\u010dn\u00fa ru\u010dn\u00fa modrotla\u010dov\u00fa v\u00fdrobu, dozvedia\u00a0sa viac o vzniku a historickom v\u00fdvoji nieko\u013eko sto rokov nezmenenej techniky a\u00a0nav\u0161t\u00edvia v\u00fdstavu Remeslo m\u00e1 modr\u00e9 dno.","breadcrumb":{"@id":"https:\/\/pmza.sk\/?p=51371#breadcrumb"},"inLanguage":"sk-SK","potentialAction":[{"@type":"ReadAction","target":["https:\/\/pmza.sk\/?p=51371"]}]},{"@type":"ImageObject","inLanguage":"sk-SK","@id":"https:\/\/pmza.sk\/?p=51371#primaryimage","url":"https:\/\/pmza.sk\/wp-content\/uploads\/2022\/06\/48403061_2783506071873867_2725974171782742016_o.jpg","contentUrl":"https:\/\/pmza.sk\/wp-content\/uploads\/2022\/06\/48403061_2783506071873867_2725974171782742016_o.jpg","width":2048,"height":1356},{"@type":"BreadcrumbList","@id":"https:\/\/pmza.sk\/?p=51371#breadcrumb","itemListElement":[{"@type":"ListItem","position":1,"name":"Domovsk\u00e1 str\u00e1nka","item":"https:\/\/pmza.sk\/"},{"@type":"ListItem","position":2,"name":"Biele na modrom"}]},{"@type":"WebSite","@id":"https:\/\/pmza.sk\/#website","url":"https:\/\/pmza.sk\/","name":"Pova\u017esk\u00e9 m\u00fazeum","description":"Pova\u017esk\u00e9 m\u00fazeum v \u017diline je region\u00e1lne m\u00fazeum so s\u00eddlom v Budat\u00edne. Jeho expoz\u00edcie s\u00fa zameran\u00e9 na dejiny slovensk\u00e9ho umenia, kult\u00fary a dopravy.","publisher":{"@id":"https:\/\/pmza.sk\/#organization"},"potentialAction":[{"@type":"SearchAction","target":{"@type":"EntryPoint","urlTemplate":"https:\/\/pmza.sk\/?s={search_term_string}"},"query-input":{"@type":"PropertyValueSpecification","valueRequired":true,"valueName":"search_term_string"}}],"inLanguage":"sk-SK"},{"@type":"Organization","@id":"https:\/\/pmza.sk\/#organization","name":"Pova\u017esk\u00e9 m\u00fazeum","url":"https:\/\/pmza.sk\/","logo":{"@type":"ImageObject","inLanguage":"sk-SK","@id":"https:\/\/pmza.sk\/#\/schema\/logo\/image\/","url":"https:\/\/pmza.sk\/wp-content\/uploads\/2022\/01\/logo_PM_horizontal.jpg","contentUrl":"https:\/\/pmza.sk\/wp-content\/uploads\/2022\/01\/logo_PM_horizontal.jpg","width":231,"height":142,"caption":"Pova\u017esk\u00e9 m\u00fazeum"},"image":{"@id":"https:\/\/pmza.sk\/#\/schema\/logo\/image\/"},"sameAs":["https:\/\/www.facebook.com\/povazskemuzeum","https:\/\/www.instagram.com\/povazskemuzeum\/"]},{"@type":"Person","@id":"https:\/\/pmza.sk\/#\/schema\/person\/595e6a2ce731ea94dcd5d7f50a41ae33","name":"Pova\u017esk\u00e9 m\u00fazeum","image":{"@type":"ImageObject","inLanguage":"sk-SK","@id":"https:\/\/secure.gravatar.com\/avatar\/2bb7f1561282132fb5826dfeccc66c7996d11ee392ac6aaf7ced8a1c2027fbb2?s=96&d=mm&r=g","url":"https:\/\/secure.gravatar.com\/avatar\/2bb7f1561282132fb5826dfeccc66c7996d11ee392ac6aaf7ced8a1c2027fbb2?s=96&d=mm&r=g","contentUrl":"https:\/\/secure.gravatar.com\/avatar\/2bb7f1561282132fb5826dfeccc66c7996d11ee392ac6aaf7ced8a1c2027fbb2?s=96&d=mm&r=g","caption":"Pova\u017esk\u00e9 m\u00fazeum"}}]}},"_links":{"self":[{"href":"https:\/\/pmza.sk\/index.php?rest_route=\/wp\/v2\/posts\/51371","targetHints":{"allow":["GET"]}}],"collection":[{"href":"https:\/\/pmza.sk\/index.php?rest_route=\/wp\/v2\/posts"}],"about":[{"href":"https:\/\/pmza.sk\/index.php?rest_route=\/wp\/v2\/types\/post"}],"author":[{"embeddable":true,"href":"https:\/\/pmza.sk\/index.php?rest_route=\/wp\/v2\/users\/2"}],"replies":[{"embeddable":true,"href":"https:\/\/pmza.sk\/index.php?rest_route=%2Fwp%2Fv2%2Fcomments&post=51371"}],"version-history":[{"count":0,"href":"https:\/\/pmza.sk\/index.php?rest_route=\/wp\/v2\/posts\/51371\/revisions"}],"wp:featuredmedia":[{"embeddable":true,"href":"https:\/\/pmza.sk\/index.php?rest_route=\/wp\/v2\/media\/51372"}],"wp:attachment":[{"href":"https:\/\/pmza.sk\/index.php?rest_route=%2Fwp%2Fv2%2Fmedia&parent=51371"}],"wp:term":[{"taxonomy":"category","embeddable":true,"href":"https:\/\/pmza.sk\/index.php?rest_route=%2Fwp%2Fv2%2Fcategories&post=51371"},{"taxonomy":"post_tag","embeddable":true,"href":"https:\/\/pmza.sk\/index.php?rest_route=%2Fwp%2Fv2%2Ftags&post=51371"}],"curies":[{"name":"wp","href":"https:\/\/api.w.org\/{rel}","templated":true}]}}