{"id":51423,"date":"2022-06-10T08:23:27","date_gmt":"2022-06-10T06:23:27","guid":{"rendered":"https:\/\/pmza.sk\/?p=51423"},"modified":"2022-06-24T08:46:52","modified_gmt":"2022-06-24T06:46:52","slug":"muzeum-pre-vas-riaditel-sprevadza-2","status":"publish","type":"post","link":"https:\/\/pmza.sk\/?p=51423","title":{"rendered":"M\u00fazeum pre v\u00e1s: Riadite\u013e sprev\u00e1dza"},"content":{"rendered":"<p>V\u00a0r\u00e1mci cyklu M\u00fazeum pre v\u00e1s pon\u00faka Pova\u017esk\u00e9 m\u00fazeum ka\u017ed\u00fd mesiac zauj\u00edmav\u00e9 podujatie. Ve\u013emi ob\u013e\u00faben\u00fdmi sa stali \u0161peci\u00e1lne prehliadky s\u00a0riadite\u013eom Michalom Jureck\u00fdm, ktor\u00e9 sa konaj\u00fa pravidelne raz do roka. Na \u010fal\u0161iu sa m\u00f4\u017eu n\u00e1v\u0161tevn\u00edci te\u0161i\u0165 vo \u0161tvrtok 23. j\u00fana o\u00a016.00. <em>\u201eMoj\u00edm zvykom pri sprev\u00e1dzan\u00ed po hrade je, \u017ee uvo\u013enenou formou hovor\u00edm nielen o\u00a0z\u00e1kladn\u00fdch faktoch, ktor\u00e9 ku prehliadke patria, ale sna\u017e\u00edm sa poveda\u0165 aj r\u00f4zne pr\u00edbehy zo z\u00e1kulisia m\u00fazea. \u013dudia sa takto m\u00f4\u017eu napr\u00edklad dozvedie\u0165, \u017ee niektor\u00e9 legendy sp\u00e1jan\u00e9 s\u00a0hradom nie s\u00fa \u00faplne pravdiv\u00e9,\u201c <\/em>vysvet\u013euje Michal Jureck\u00fd.<\/p>\n<p>Ke\u010f\u017ee Pova\u017esk\u00e9 m\u00fazeum oslavuje v\u00a0tomto roku 80. v\u00fdro\u010die od svojho zalo\u017eenia, s\u00fa\u010das\u0165ou prehliadky bude aj predstavenie jubilejnej v\u00fdstavy s\u00a0n\u00e1zvom 8 deka m\u00fazea. <em>\u201ePrehliadka bude ur\u010dite pr\u00ednosn\u00e1 pre ka\u017ed\u00e9ho, kto chce spozna\u0165 m\u00fazeum z\u00a0inej strany, ako je be\u017ene prezentovan\u00e9. V\u00a0r\u00e1mci neform\u00e1lnej debaty budem odpoveda\u0165 na v\u0161etky zvedav\u00e9 ot\u00e1zky a\u00a0nevynech\u00e1m ani pl\u00e1ny do bud\u00facnosti, pr\u00edpadne probl\u00e9my, s\u00a0ktor\u00fdm sa stret\u00e1vame,\u201c <\/em>dop\u013a\u0148a riadite\u013e m\u00fazea.<\/p>\n<p>Na podujatie M\u00fazeum pre v\u00e1s: Riadite\u013e sprev\u00e1dza je obmedzen\u00fd po\u010det os\u00f4b, preto je vhodn\u00e9 sa vopred objedna\u0165 na tel. \u010d. 0907 108\u00a0659. <em>\u00a0\u00a0<\/em><\/p>\n<p><img fetchpriority=\"high\" decoding=\"async\" class=\"alignnone wp-image-51456\" src=\"https:\/\/pmza.sk\/wp-content\/uploads\/2022\/06\/Riaditel-255x360.jpg\" alt=\"\" width=\"315\" height=\"445\" srcset=\"https:\/\/pmza.sk\/wp-content\/uploads\/2022\/06\/Riaditel-255x360.jpg 255w, https:\/\/pmza.sk\/wp-content\/uploads\/2022\/06\/Riaditel-520x736.jpg 520w, https:\/\/pmza.sk\/wp-content\/uploads\/2022\/06\/Riaditel-768x1086.jpg 768w, https:\/\/pmza.sk\/wp-content\/uploads\/2022\/06\/Riaditel-1086x1536.jpg 1086w, https:\/\/pmza.sk\/wp-content\/uploads\/2022\/06\/Riaditel-1448x2048.jpg 1448w, https:\/\/pmza.sk\/wp-content\/uploads\/2022\/06\/Riaditel-600x849.jpg 600w, https:\/\/pmza.sk\/wp-content\/uploads\/2022\/06\/Riaditel-scaled.jpg 1810w\" sizes=\"(max-width: 315px) 100vw, 315px\" \/><\/p>\n","protected":false},"excerpt":{"rendered":"<p>V\u00a0r\u00e1mci cyklu M\u00fazeum pre v\u00e1s pon\u00faka Pova\u017esk\u00e9 m\u00fazeum ka\u017ed\u00fd mesiac zauj\u00edmav\u00e9 podujatie. Ve\u013emi ob\u013e\u00faben\u00fdmi sa stali \u0161peci\u00e1lne prehliadky s\u00a0riadite\u013eom Michalom Jureck\u00fdm, ktor\u00e9 sa konaj\u00fa pravidelne raz do roka. Na \u010fal\u0161iu sa m\u00f4\u017eu n\u00e1v\u0161tevn\u00edci te\u0161i\u0165 vo \u0161tvrtok 23. j\u00fana o\u00a016.00. \u201eMoj\u00edm zvykom pri sprev\u00e1dzan\u00ed po hrade je, \u017ee uvo\u013enenou formou hovor\u00edm nielen o\u00a0z\u00e1kladn\u00fdch faktoch, ktor\u00e9 ku [&hellip;]<\/p>\n","protected":false},"author":2,"featured_media":51424,"comment_status":"open","ping_status":"open","sticky":false,"template":"","format":"standard","meta":{"site-sidebar-layout":"default","site-content-layout":"default","ast-site-content-layout":"","site-content-style":"default","site-sidebar-style":"default","ast-global-header-display":"","ast-banner-title-visibility":"","ast-main-header-display":"","ast-hfb-above-header-display":"","ast-hfb-below-header-display":"","ast-hfb-mobile-header-display":"","site-post-title":"","ast-breadcrumbs-content":"","ast-featured-img":"","footer-sml-layout":"","theme-transparent-header-meta":"default","adv-header-id-meta":"","stick-header-meta":"default","header-above-stick-meta":"","header-main-stick-meta":"","header-below-stick-meta":"","astra-migrate-meta-layouts":"default","ast-page-background-enabled":"default","ast-page-background-meta":{"desktop":{"background-color":"var(--ast-global-color-4)","background-image":"","background-repeat":"repeat","background-position":"center center","background-size":"auto","background-attachment":"scroll","background-type":"","background-media":"","overlay-type":"","overlay-color":"","overlay-opacity":"","overlay-gradient":""},"tablet":{"background-color":"","background-image":"","background-repeat":"repeat","background-position":"center center","background-size":"auto","background-attachment":"scroll","background-type":"","background-media":"","overlay-type":"","overlay-color":"","overlay-opacity":"","overlay-gradient":""},"mobile":{"background-color":"","background-image":"","background-repeat":"repeat","background-position":"center center","background-size":"auto","background-attachment":"scroll","background-type":"","background-media":"","overlay-type":"","overlay-color":"","overlay-opacity":"","overlay-gradient":""}},"ast-content-background-meta":{"desktop":{"background-color":"var(--ast-global-color-5)","background-image":"","background-repeat":"repeat","background-position":"center center","background-size":"auto","background-attachment":"scroll","background-type":"","background-media":"","overlay-type":"","overlay-color":"","overlay-opacity":"","overlay-gradient":""},"tablet":{"background-color":"var(--ast-global-color-5)","background-image":"","background-repeat":"repeat","background-position":"center center","background-size":"auto","background-attachment":"scroll","background-type":"","background-media":"","overlay-type":"","overlay-color":"","overlay-opacity":"","overlay-gradient":""},"mobile":{"background-color":"var(--ast-global-color-5)","background-image":"","background-repeat":"repeat","background-position":"center center","background-size":"auto","background-attachment":"scroll","background-type":"","background-media":"","overlay-type":"","overlay-color":"","overlay-opacity":"","overlay-gradient":""}},"footnotes":""},"categories":[71],"tags":[],"class_list":["post-51423","post","type-post","status-publish","format-standard","has-post-thumbnail","hentry","category-podujatia"],"yoast_head":"<!-- This site is optimized with the Yoast SEO plugin v27.4 - https:\/\/yoast.com\/product\/yoast-seo-wordpress\/ -->\n<title>M\u00fazeum pre v\u00e1s: Riadite\u013e sprev\u00e1dza - Pova\u017esk\u00e9 m\u00fazeum<\/title>\n<meta name=\"description\" content=\"J\u00fanov\u00e9 podujatie z cyklu M\u00fazeum pre v\u00e1s bude naozaj \u0161peci\u00e1lne. N\u00e1v\u0161tevn\u00edci sa m\u00f4\u017eu vo \u0161tvrtok 23. j\u00fana o 16.00 te\u0161i\u0165 na netradi\u010dn\u00fa prehliadku Budat\u00ednskeho hradu s riadite\u013eom Pova\u017esk\u00e9ho m\u00fazea Michalom Jureck\u00fdm. Dozvedia sa zauj\u00edmav\u00e9 inform\u00e1cie z hist\u00f3rie hradu i cel\u00e9ho m\u00fazea, vypo\u010duj\u00fa si pr\u00edbehy zbierkov\u00fdch predmetov, fakty o rekon\u0161trukcii hradu i pl\u00e1ny do bud\u00facnosti. Ke\u010f\u017ee v tomto roku oslavuje Pova\u017esk\u00e9 m\u00fazeum 80. v\u00fdro\u010die svojho zalo\u017eenia, ch\u00fdba\u0165 nebude ani predstavenie jubilejnej v\u00fdstavy s n\u00e1zvom 8 deka m\u00fazea.\" \/>\n<meta name=\"robots\" content=\"index, follow, max-snippet:-1, max-image-preview:large, max-video-preview:-1\" \/>\n<link rel=\"canonical\" href=\"https:\/\/pmza.sk\/?p=51423\" \/>\n<meta property=\"og:locale\" content=\"sk_SK\" \/>\n<meta property=\"og:type\" content=\"article\" \/>\n<meta property=\"og:title\" content=\"M\u00fazeum pre v\u00e1s: Riadite\u013e sprev\u00e1dza - Pova\u017esk\u00e9 m\u00fazeum\" \/>\n<meta property=\"og:description\" content=\"J\u00fanov\u00e9 podujatie z cyklu M\u00fazeum pre v\u00e1s bude naozaj \u0161peci\u00e1lne. N\u00e1v\u0161tevn\u00edci sa m\u00f4\u017eu vo \u0161tvrtok 23. j\u00fana o 16.00 te\u0161i\u0165 na netradi\u010dn\u00fa prehliadku Budat\u00ednskeho hradu s riadite\u013eom Pova\u017esk\u00e9ho m\u00fazea Michalom Jureck\u00fdm. Dozvedia sa zauj\u00edmav\u00e9 inform\u00e1cie z hist\u00f3rie hradu i cel\u00e9ho m\u00fazea, vypo\u010duj\u00fa si pr\u00edbehy zbierkov\u00fdch predmetov, fakty o rekon\u0161trukcii hradu i pl\u00e1ny do bud\u00facnosti. Ke\u010f\u017ee v tomto roku oslavuje Pova\u017esk\u00e9 m\u00fazeum 80. v\u00fdro\u010die svojho zalo\u017eenia, ch\u00fdba\u0165 nebude ani predstavenie jubilejnej v\u00fdstavy s n\u00e1zvom 8 deka m\u00fazea.\" \/>\n<meta property=\"og:url\" content=\"https:\/\/pmza.sk\/?p=51423\" \/>\n<meta property=\"og:site_name\" content=\"Pova\u017esk\u00e9 m\u00fazeum\" \/>\n<meta property=\"article:publisher\" content=\"https:\/\/www.facebook.com\/povazskemuzeum\" \/>\n<meta property=\"article:published_time\" content=\"2022-06-10T06:23:27+00:00\" \/>\n<meta property=\"article:modified_time\" content=\"2022-06-24T06:46:52+00:00\" \/>\n<meta property=\"og:image\" content=\"https:\/\/pmza.sk\/wp-content\/uploads\/2022\/06\/IMG_2340.jpg\" \/>\n\t<meta property=\"og:image:width\" content=\"1280\" \/>\n\t<meta property=\"og:image:height\" content=\"853\" \/>\n\t<meta property=\"og:image:type\" content=\"image\/jpeg\" \/>\n<meta name=\"author\" content=\"Pova\u017esk\u00e9 m\u00fazeum\" \/>\n<meta name=\"twitter:card\" content=\"summary_large_image\" \/>\n<meta name=\"twitter:label1\" content=\"Autor\" \/>\n\t<meta name=\"twitter:data1\" content=\"Pova\u017esk\u00e9 m\u00fazeum\" \/>\n\t<meta name=\"twitter:label2\" content=\"Predpokladan\u00fd \u010das \u010d\u00edtania\" \/>\n\t<meta name=\"twitter:data2\" content=\"1 min\u00fata\" \/>\n<script type=\"application\/ld+json\" class=\"yoast-schema-graph\">{\"@context\":\"https:\\\/\\\/schema.org\",\"@graph\":[{\"@type\":\"Article\",\"@id\":\"https:\\\/\\\/pmza.sk\\\/?p=51423#article\",\"isPartOf\":{\"@id\":\"https:\\\/\\\/pmza.sk\\\/?p=51423\"},\"author\":{\"name\":\"Pova\u017esk\u00e9 m\u00fazeum\",\"@id\":\"https:\\\/\\\/pmza.sk\\\/#\\\/schema\\\/person\\\/595e6a2ce731ea94dcd5d7f50a41ae33\"},\"headline\":\"M\u00fazeum pre v\u00e1s: Riadite\u013e sprev\u00e1dza\",\"datePublished\":\"2022-06-10T06:23:27+00:00\",\"dateModified\":\"2022-06-24T06:46:52+00:00\",\"mainEntityOfPage\":{\"@id\":\"https:\\\/\\\/pmza.sk\\\/?p=51423\"},\"wordCount\":250,\"commentCount\":0,\"publisher\":{\"@id\":\"https:\\\/\\\/pmza.sk\\\/#organization\"},\"image\":{\"@id\":\"https:\\\/\\\/pmza.sk\\\/?p=51423#primaryimage\"},\"thumbnailUrl\":\"https:\\\/\\\/pmza.sk\\\/wp-content\\\/uploads\\\/2022\\\/06\\\/IMG_2340.jpg\",\"articleSection\":[\"Podujatia\"],\"inLanguage\":\"sk-SK\"},{\"@type\":\"WebPage\",\"@id\":\"https:\\\/\\\/pmza.sk\\\/?p=51423\",\"url\":\"https:\\\/\\\/pmza.sk\\\/?p=51423\",\"name\":\"M\u00fazeum pre v\u00e1s: Riadite\u013e sprev\u00e1dza - Pova\u017esk\u00e9 m\u00fazeum\",\"isPartOf\":{\"@id\":\"https:\\\/\\\/pmza.sk\\\/#website\"},\"primaryImageOfPage\":{\"@id\":\"https:\\\/\\\/pmza.sk\\\/?p=51423#primaryimage\"},\"image\":{\"@id\":\"https:\\\/\\\/pmza.sk\\\/?p=51423#primaryimage\"},\"thumbnailUrl\":\"https:\\\/\\\/pmza.sk\\\/wp-content\\\/uploads\\\/2022\\\/06\\\/IMG_2340.jpg\",\"datePublished\":\"2022-06-10T06:23:27+00:00\",\"dateModified\":\"2022-06-24T06:46:52+00:00\",\"description\":\"J\u00fanov\u00e9 podujatie z cyklu M\u00fazeum pre v\u00e1s bude naozaj \u0161peci\u00e1lne. N\u00e1v\u0161tevn\u00edci sa m\u00f4\u017eu vo \u0161tvrtok 23. j\u00fana o 16.00 te\u0161i\u0165 na netradi\u010dn\u00fa prehliadku Budat\u00ednskeho hradu s riadite\u013eom Pova\u017esk\u00e9ho m\u00fazea Michalom Jureck\u00fdm. Dozvedia sa zauj\u00edmav\u00e9 inform\u00e1cie z hist\u00f3rie hradu i cel\u00e9ho m\u00fazea, vypo\u010duj\u00fa si pr\u00edbehy zbierkov\u00fdch predmetov, fakty o rekon\u0161trukcii hradu i pl\u00e1ny do bud\u00facnosti. Ke\u010f\u017ee v tomto roku oslavuje Pova\u017esk\u00e9 m\u00fazeum 80. v\u00fdro\u010die svojho zalo\u017eenia, ch\u00fdba\u0165 nebude ani predstavenie jubilejnej v\u00fdstavy s n\u00e1zvom 8 deka m\u00fazea.\",\"breadcrumb\":{\"@id\":\"https:\\\/\\\/pmza.sk\\\/?p=51423#breadcrumb\"},\"inLanguage\":\"sk-SK\",\"potentialAction\":[{\"@type\":\"ReadAction\",\"target\":[\"https:\\\/\\\/pmza.sk\\\/?p=51423\"]}]},{\"@type\":\"ImageObject\",\"inLanguage\":\"sk-SK\",\"@id\":\"https:\\\/\\\/pmza.sk\\\/?p=51423#primaryimage\",\"url\":\"https:\\\/\\\/pmza.sk\\\/wp-content\\\/uploads\\\/2022\\\/06\\\/IMG_2340.jpg\",\"contentUrl\":\"https:\\\/\\\/pmza.sk\\\/wp-content\\\/uploads\\\/2022\\\/06\\\/IMG_2340.jpg\",\"width\":1280,\"height\":853},{\"@type\":\"BreadcrumbList\",\"@id\":\"https:\\\/\\\/pmza.sk\\\/?p=51423#breadcrumb\",\"itemListElement\":[{\"@type\":\"ListItem\",\"position\":1,\"name\":\"Domovsk\u00e1 str\u00e1nka\",\"item\":\"https:\\\/\\\/pmza.sk\\\/\"},{\"@type\":\"ListItem\",\"position\":2,\"name\":\"M\u00fazeum pre v\u00e1s: Riadite\u013e sprev\u00e1dza\"}]},{\"@type\":\"WebSite\",\"@id\":\"https:\\\/\\\/pmza.sk\\\/#website\",\"url\":\"https:\\\/\\\/pmza.sk\\\/\",\"name\":\"Pova\u017esk\u00e9 m\u00fazeum\",\"description\":\"Pova\u017esk\u00e9 m\u00fazeum v \u017diline je region\u00e1lne m\u00fazeum so s\u00eddlom v Budat\u00edne. Jeho expoz\u00edcie s\u00fa zameran\u00e9 na dejiny slovensk\u00e9ho umenia, kult\u00fary a dopravy.\",\"publisher\":{\"@id\":\"https:\\\/\\\/pmza.sk\\\/#organization\"},\"potentialAction\":[{\"@type\":\"SearchAction\",\"target\":{\"@type\":\"EntryPoint\",\"urlTemplate\":\"https:\\\/\\\/pmza.sk\\\/?s={search_term_string}\"},\"query-input\":{\"@type\":\"PropertyValueSpecification\",\"valueRequired\":true,\"valueName\":\"search_term_string\"}}],\"inLanguage\":\"sk-SK\"},{\"@type\":\"Organization\",\"@id\":\"https:\\\/\\\/pmza.sk\\\/#organization\",\"name\":\"Pova\u017esk\u00e9 m\u00fazeum\",\"url\":\"https:\\\/\\\/pmza.sk\\\/\",\"logo\":{\"@type\":\"ImageObject\",\"inLanguage\":\"sk-SK\",\"@id\":\"https:\\\/\\\/pmza.sk\\\/#\\\/schema\\\/logo\\\/image\\\/\",\"url\":\"https:\\\/\\\/pmza.sk\\\/wp-content\\\/uploads\\\/2022\\\/01\\\/logo_PM_horizontal.jpg\",\"contentUrl\":\"https:\\\/\\\/pmza.sk\\\/wp-content\\\/uploads\\\/2022\\\/01\\\/logo_PM_horizontal.jpg\",\"width\":231,\"height\":142,\"caption\":\"Pova\u017esk\u00e9 m\u00fazeum\"},\"image\":{\"@id\":\"https:\\\/\\\/pmza.sk\\\/#\\\/schema\\\/logo\\\/image\\\/\"},\"sameAs\":[\"https:\\\/\\\/www.facebook.com\\\/povazskemuzeum\",\"https:\\\/\\\/www.instagram.com\\\/povazskemuzeum\\\/\"]},{\"@type\":\"Person\",\"@id\":\"https:\\\/\\\/pmza.sk\\\/#\\\/schema\\\/person\\\/595e6a2ce731ea94dcd5d7f50a41ae33\",\"name\":\"Pova\u017esk\u00e9 m\u00fazeum\",\"image\":{\"@type\":\"ImageObject\",\"inLanguage\":\"sk-SK\",\"@id\":\"https:\\\/\\\/secure.gravatar.com\\\/avatar\\\/2bb7f1561282132fb5826dfeccc66c7996d11ee392ac6aaf7ced8a1c2027fbb2?s=96&d=mm&r=g\",\"url\":\"https:\\\/\\\/secure.gravatar.com\\\/avatar\\\/2bb7f1561282132fb5826dfeccc66c7996d11ee392ac6aaf7ced8a1c2027fbb2?s=96&d=mm&r=g\",\"contentUrl\":\"https:\\\/\\\/secure.gravatar.com\\\/avatar\\\/2bb7f1561282132fb5826dfeccc66c7996d11ee392ac6aaf7ced8a1c2027fbb2?s=96&d=mm&r=g\",\"caption\":\"Pova\u017esk\u00e9 m\u00fazeum\"}}]}<\/script>\n<!-- \/ Yoast SEO plugin. -->","yoast_head_json":{"title":"M\u00fazeum pre v\u00e1s: Riadite\u013e sprev\u00e1dza - Pova\u017esk\u00e9 m\u00fazeum","description":"J\u00fanov\u00e9 podujatie z cyklu M\u00fazeum pre v\u00e1s bude naozaj \u0161peci\u00e1lne. N\u00e1v\u0161tevn\u00edci sa m\u00f4\u017eu vo \u0161tvrtok 23. j\u00fana o 16.00 te\u0161i\u0165 na netradi\u010dn\u00fa prehliadku Budat\u00ednskeho hradu s riadite\u013eom Pova\u017esk\u00e9ho m\u00fazea Michalom Jureck\u00fdm. Dozvedia sa zauj\u00edmav\u00e9 inform\u00e1cie z hist\u00f3rie hradu i cel\u00e9ho m\u00fazea, vypo\u010duj\u00fa si pr\u00edbehy zbierkov\u00fdch predmetov, fakty o rekon\u0161trukcii hradu i pl\u00e1ny do bud\u00facnosti. Ke\u010f\u017ee v tomto roku oslavuje Pova\u017esk\u00e9 m\u00fazeum 80. v\u00fdro\u010die svojho zalo\u017eenia, ch\u00fdba\u0165 nebude ani predstavenie jubilejnej v\u00fdstavy s n\u00e1zvom 8 deka m\u00fazea.","robots":{"index":"index","follow":"follow","max-snippet":"max-snippet:-1","max-image-preview":"max-image-preview:large","max-video-preview":"max-video-preview:-1"},"canonical":"https:\/\/pmza.sk\/?p=51423","og_locale":"sk_SK","og_type":"article","og_title":"M\u00fazeum pre v\u00e1s: Riadite\u013e sprev\u00e1dza - Pova\u017esk\u00e9 m\u00fazeum","og_description":"J\u00fanov\u00e9 podujatie z cyklu M\u00fazeum pre v\u00e1s bude naozaj \u0161peci\u00e1lne. N\u00e1v\u0161tevn\u00edci sa m\u00f4\u017eu vo \u0161tvrtok 23. j\u00fana o 16.00 te\u0161i\u0165 na netradi\u010dn\u00fa prehliadku Budat\u00ednskeho hradu s riadite\u013eom Pova\u017esk\u00e9ho m\u00fazea Michalom Jureck\u00fdm. Dozvedia sa zauj\u00edmav\u00e9 inform\u00e1cie z hist\u00f3rie hradu i cel\u00e9ho m\u00fazea, vypo\u010duj\u00fa si pr\u00edbehy zbierkov\u00fdch predmetov, fakty o rekon\u0161trukcii hradu i pl\u00e1ny do bud\u00facnosti. Ke\u010f\u017ee v tomto roku oslavuje Pova\u017esk\u00e9 m\u00fazeum 80. v\u00fdro\u010die svojho zalo\u017eenia, ch\u00fdba\u0165 nebude ani predstavenie jubilejnej v\u00fdstavy s n\u00e1zvom 8 deka m\u00fazea.","og_url":"https:\/\/pmza.sk\/?p=51423","og_site_name":"Pova\u017esk\u00e9 m\u00fazeum","article_publisher":"https:\/\/www.facebook.com\/povazskemuzeum","article_published_time":"2022-06-10T06:23:27+00:00","article_modified_time":"2022-06-24T06:46:52+00:00","og_image":[{"width":1280,"height":853,"url":"https:\/\/pmza.sk\/wp-content\/uploads\/2022\/06\/IMG_2340.jpg","type":"image\/jpeg"}],"author":"Pova\u017esk\u00e9 m\u00fazeum","twitter_card":"summary_large_image","twitter_misc":{"Autor":"Pova\u017esk\u00e9 m\u00fazeum","Predpokladan\u00fd \u010das \u010d\u00edtania":"1 min\u00fata"},"schema":{"@context":"https:\/\/schema.org","@graph":[{"@type":"Article","@id":"https:\/\/pmza.sk\/?p=51423#article","isPartOf":{"@id":"https:\/\/pmza.sk\/?p=51423"},"author":{"name":"Pova\u017esk\u00e9 m\u00fazeum","@id":"https:\/\/pmza.sk\/#\/schema\/person\/595e6a2ce731ea94dcd5d7f50a41ae33"},"headline":"M\u00fazeum pre v\u00e1s: Riadite\u013e sprev\u00e1dza","datePublished":"2022-06-10T06:23:27+00:00","dateModified":"2022-06-24T06:46:52+00:00","mainEntityOfPage":{"@id":"https:\/\/pmza.sk\/?p=51423"},"wordCount":250,"commentCount":0,"publisher":{"@id":"https:\/\/pmza.sk\/#organization"},"image":{"@id":"https:\/\/pmza.sk\/?p=51423#primaryimage"},"thumbnailUrl":"https:\/\/pmza.sk\/wp-content\/uploads\/2022\/06\/IMG_2340.jpg","articleSection":["Podujatia"],"inLanguage":"sk-SK"},{"@type":"WebPage","@id":"https:\/\/pmza.sk\/?p=51423","url":"https:\/\/pmza.sk\/?p=51423","name":"M\u00fazeum pre v\u00e1s: Riadite\u013e sprev\u00e1dza - Pova\u017esk\u00e9 m\u00fazeum","isPartOf":{"@id":"https:\/\/pmza.sk\/#website"},"primaryImageOfPage":{"@id":"https:\/\/pmza.sk\/?p=51423#primaryimage"},"image":{"@id":"https:\/\/pmza.sk\/?p=51423#primaryimage"},"thumbnailUrl":"https:\/\/pmza.sk\/wp-content\/uploads\/2022\/06\/IMG_2340.jpg","datePublished":"2022-06-10T06:23:27+00:00","dateModified":"2022-06-24T06:46:52+00:00","description":"J\u00fanov\u00e9 podujatie z cyklu M\u00fazeum pre v\u00e1s bude naozaj \u0161peci\u00e1lne. N\u00e1v\u0161tevn\u00edci sa m\u00f4\u017eu vo \u0161tvrtok 23. j\u00fana o 16.00 te\u0161i\u0165 na netradi\u010dn\u00fa prehliadku Budat\u00ednskeho hradu s riadite\u013eom Pova\u017esk\u00e9ho m\u00fazea Michalom Jureck\u00fdm. Dozvedia sa zauj\u00edmav\u00e9 inform\u00e1cie z hist\u00f3rie hradu i cel\u00e9ho m\u00fazea, vypo\u010duj\u00fa si pr\u00edbehy zbierkov\u00fdch predmetov, fakty o rekon\u0161trukcii hradu i pl\u00e1ny do bud\u00facnosti. Ke\u010f\u017ee v tomto roku oslavuje Pova\u017esk\u00e9 m\u00fazeum 80. v\u00fdro\u010die svojho zalo\u017eenia, ch\u00fdba\u0165 nebude ani predstavenie jubilejnej v\u00fdstavy s n\u00e1zvom 8 deka m\u00fazea.","breadcrumb":{"@id":"https:\/\/pmza.sk\/?p=51423#breadcrumb"},"inLanguage":"sk-SK","potentialAction":[{"@type":"ReadAction","target":["https:\/\/pmza.sk\/?p=51423"]}]},{"@type":"ImageObject","inLanguage":"sk-SK","@id":"https:\/\/pmza.sk\/?p=51423#primaryimage","url":"https:\/\/pmza.sk\/wp-content\/uploads\/2022\/06\/IMG_2340.jpg","contentUrl":"https:\/\/pmza.sk\/wp-content\/uploads\/2022\/06\/IMG_2340.jpg","width":1280,"height":853},{"@type":"BreadcrumbList","@id":"https:\/\/pmza.sk\/?p=51423#breadcrumb","itemListElement":[{"@type":"ListItem","position":1,"name":"Domovsk\u00e1 str\u00e1nka","item":"https:\/\/pmza.sk\/"},{"@type":"ListItem","position":2,"name":"M\u00fazeum pre v\u00e1s: Riadite\u013e sprev\u00e1dza"}]},{"@type":"WebSite","@id":"https:\/\/pmza.sk\/#website","url":"https:\/\/pmza.sk\/","name":"Pova\u017esk\u00e9 m\u00fazeum","description":"Pova\u017esk\u00e9 m\u00fazeum v \u017diline je region\u00e1lne m\u00fazeum so s\u00eddlom v Budat\u00edne. Jeho expoz\u00edcie s\u00fa zameran\u00e9 na dejiny slovensk\u00e9ho umenia, kult\u00fary a dopravy.","publisher":{"@id":"https:\/\/pmza.sk\/#organization"},"potentialAction":[{"@type":"SearchAction","target":{"@type":"EntryPoint","urlTemplate":"https:\/\/pmza.sk\/?s={search_term_string}"},"query-input":{"@type":"PropertyValueSpecification","valueRequired":true,"valueName":"search_term_string"}}],"inLanguage":"sk-SK"},{"@type":"Organization","@id":"https:\/\/pmza.sk\/#organization","name":"Pova\u017esk\u00e9 m\u00fazeum","url":"https:\/\/pmza.sk\/","logo":{"@type":"ImageObject","inLanguage":"sk-SK","@id":"https:\/\/pmza.sk\/#\/schema\/logo\/image\/","url":"https:\/\/pmza.sk\/wp-content\/uploads\/2022\/01\/logo_PM_horizontal.jpg","contentUrl":"https:\/\/pmza.sk\/wp-content\/uploads\/2022\/01\/logo_PM_horizontal.jpg","width":231,"height":142,"caption":"Pova\u017esk\u00e9 m\u00fazeum"},"image":{"@id":"https:\/\/pmza.sk\/#\/schema\/logo\/image\/"},"sameAs":["https:\/\/www.facebook.com\/povazskemuzeum","https:\/\/www.instagram.com\/povazskemuzeum\/"]},{"@type":"Person","@id":"https:\/\/pmza.sk\/#\/schema\/person\/595e6a2ce731ea94dcd5d7f50a41ae33","name":"Pova\u017esk\u00e9 m\u00fazeum","image":{"@type":"ImageObject","inLanguage":"sk-SK","@id":"https:\/\/secure.gravatar.com\/avatar\/2bb7f1561282132fb5826dfeccc66c7996d11ee392ac6aaf7ced8a1c2027fbb2?s=96&d=mm&r=g","url":"https:\/\/secure.gravatar.com\/avatar\/2bb7f1561282132fb5826dfeccc66c7996d11ee392ac6aaf7ced8a1c2027fbb2?s=96&d=mm&r=g","contentUrl":"https:\/\/secure.gravatar.com\/avatar\/2bb7f1561282132fb5826dfeccc66c7996d11ee392ac6aaf7ced8a1c2027fbb2?s=96&d=mm&r=g","caption":"Pova\u017esk\u00e9 m\u00fazeum"}}]}},"_links":{"self":[{"href":"https:\/\/pmza.sk\/index.php?rest_route=\/wp\/v2\/posts\/51423","targetHints":{"allow":["GET"]}}],"collection":[{"href":"https:\/\/pmza.sk\/index.php?rest_route=\/wp\/v2\/posts"}],"about":[{"href":"https:\/\/pmza.sk\/index.php?rest_route=\/wp\/v2\/types\/post"}],"author":[{"embeddable":true,"href":"https:\/\/pmza.sk\/index.php?rest_route=\/wp\/v2\/users\/2"}],"replies":[{"embeddable":true,"href":"https:\/\/pmza.sk\/index.php?rest_route=%2Fwp%2Fv2%2Fcomments&post=51423"}],"version-history":[{"count":0,"href":"https:\/\/pmza.sk\/index.php?rest_route=\/wp\/v2\/posts\/51423\/revisions"}],"wp:featuredmedia":[{"embeddable":true,"href":"https:\/\/pmza.sk\/index.php?rest_route=\/wp\/v2\/media\/51424"}],"wp:attachment":[{"href":"https:\/\/pmza.sk\/index.php?rest_route=%2Fwp%2Fv2%2Fmedia&parent=51423"}],"wp:term":[{"taxonomy":"category","embeddable":true,"href":"https:\/\/pmza.sk\/index.php?rest_route=%2Fwp%2Fv2%2Fcategories&post=51423"},{"taxonomy":"post_tag","embeddable":true,"href":"https:\/\/pmza.sk\/index.php?rest_route=%2Fwp%2Fv2%2Ftags&post=51423"}],"curies":[{"name":"wp","href":"https:\/\/api.w.org\/{rel}","templated":true}]}}