{"id":51426,"date":"2022-06-13T07:30:26","date_gmt":"2022-06-13T05:30:26","guid":{"rendered":"https:\/\/pmza.sk\/?p=51426"},"modified":"2022-07-06T07:10:13","modified_gmt":"2022-07-06T05:10:13","slug":"zlate-casy-budatinske-3","status":"publish","type":"post","link":"https:\/\/pmza.sk\/?p=51426","title":{"rendered":"Zlat\u00e9 \u010dasy budat\u00ednske"},"content":{"rendered":"<p>Letn\u00e1 sez\u00f3na v\u00a0Pova\u017eskom m\u00fazeu za\u010dne vo ve\u013ekom \u0161t\u00fdle. V\u00a0utorok 5. j\u00fala za\u017eij\u00fa n\u00e1v\u0161tevn\u00edci Budat\u00ednskeho hradu atmosf\u00e9ru ako za \u010dias posledn\u00e9ho majite\u013ea \u2013 gr\u00f3fa Gejzu \u010c\u00e1kiho. Ke\u010f\u017ee m\u00fazeum oslavuje 80. v\u00fdro\u010die od svojho zalo\u017eenia, podujatie sa bude nies\u0165 v\u00a0tomto duchu. <em>\u201eZlat\u00e9 \u010dasy budat\u00ednske sme z\u00e1merne napl\u00e1novali na \u0161t\u00e1tny sviatok, preto\u017ee ver\u00edme, \u017ee \u013eudia radi str\u00e1via vo\u013en\u00fd de\u0148 v\u00a0pr\u00edjemnom prostred\u00ed, kde ich po\u010das cel\u00e9ho d\u0148a \u010dakaj\u00fa zauj\u00edmav\u00e9 aktivity. Navy\u0161e m\u00fazeum bolo ofici\u00e1lne otvoren\u00e9 7. j\u00fala 1942 na sl\u00e1vnostnom zasadnut\u00ed zastupite\u013esk\u00e9ho zboru mesta \u017dilina a\u00a0s\u00eddlilo na \u017eilinskej radnici,\u201c<\/em> vysvetlil riadite\u013e Pova\u017esk\u00e9ho m\u00fazea Michal Jureck\u00fd.<\/p>\n<p>Hoci podujatie je tradi\u010dnou s\u00fa\u010das\u0165ou j\u00falov\u00fdch akci\u00ed, tento rok bude program v\u010faka oslav\u00e1m v\u00fdro\u010dia atrakt\u00edvnej\u0161\u00ed. Obdobiu, ke\u010f vzniklo m\u00fazeum, s\u00fa prisp\u00f4soben\u00e9 aj z\u00e1\u017eitkov\u00e9 prehliadky v\u00a0hrade, ktor\u00e9 pribl\u00ed\u017eia vojnov\u00e9 roky v\u00a0rodine Gejzu \u010c\u00e1kiho. Divadelno-hrav\u00e9 zoskupenie RAZCA pon\u00fakne n\u00e1v\u0161tevn\u00edkom predstavenia po\u010das cel\u00e9ho d\u0148a. <em>\u201eHlavn\u00fd program na p\u00f3diu za\u010dne o <\/em><em>13.30 m\u00f3dnou prehliadkou dobov\u00fdch kost\u00fdmov\u00a0 a\u00a0pokra\u010dova\u0165 bude \u0161kolou tanca v\u00a0podan\u00ed Klubu milovn\u00edkov argent\u00ednskeho tanga. O\u00a015.00 vyst\u00fapi skupina V\u00a08 band a\u00a0o hodinu nesk\u00f4r podujatie spr\u00edjemn\u00ed Funny Fellows a\u00a0Csongor Kassai. Vrcholom programu bude koncert skupiny Korben Dallas o\u00a018.00,\u201c <\/em>poz\u00fdva kult\u00farna mana\u017e\u00e9rka Petra Labantov\u00e1.<\/p>\n<p>Zamestnanci Pova\u017esk\u00e9ho m\u00fazea si od 10.00 pripravili muze\u00e1lne meste\u010dko, v\u00a0ktorom n\u00e1v\u0161tevn\u00edkov \u010dakaj\u00fa r\u00f4zne zauj\u00edmav\u00e9 aktivity. Predn\u00e1\u0161ky archeologi\u010dky a\u00a0dokumentaristky sa bud\u00fa kona\u0165 vo v\u00fdchodnom pal\u00e1ci, \u010fal\u0161\u00ed odborn\u00ed pracovn\u00edci bud\u00fa prezentova\u0165 svoju \u010dinnos\u0165 priamo v\u00a0parku. Tam svoje diela predstavia aj umelci \u2013 v\u00fdtvarn\u00edci pod veden\u00edm konzerv\u00e1torky skla a\u00a0keramiky Pova\u017esk\u00e9ho m\u00fazea. O\u00a011.00 a\u00a014.30 zabav\u00ed v\u0161etky deti divadlo F\u00e9der Te\u00e1ter, ktor\u00e9 priprav\u00ed i\u00a0tvoriv\u00e9 dielne. Ch\u00fdba\u0165 nebud\u00fa remeseln\u00edcke st\u00e1nky, ob\u010derstvenie \u010di fotok\u00fatik.<\/p>\n<p>Parkovisko pred are\u00e1lom hradu bude pre verejnos\u0165 uzatvoren\u00e9, parkova\u0165 bude mo\u017en\u00e9 na do\u010dasnom parkovisku na ulici Doln\u00e1 v\u00a0Budat\u00edne.<\/p>\n<p>Prineste si deky, piknikov\u00e9 ko\u0161e a vychutnajte si v\u00fdnimo\u010dn\u00fa atmosf\u00e9ru j\u00falov\u00e9ho d\u0148a!<\/p>\n<p><strong>AKTUALIZ\u00c1CIA ZO D\u0147A 4. 7.:<\/strong><\/p>\n<div dir=\"auto\"><span class=\"pq6dq46d tbxw36s4 knj5qynh kvgmc6g5 ditlmg2l oygrvhab nvdbi5me sf5mxxl7 gl3lb2sf hhz5lgdu\"><img decoding=\"async\" src=\"https:\/\/static.xx.fbcdn.net\/images\/emoji.php\/v9\/t77\/1\/16\/203c.png\" alt=\"\u203c\ufe0f\" width=\"16\" height=\"16\" \/><\/span>POZOR, ZMENA PROGRAMU<span class=\"pq6dq46d tbxw36s4 knj5qynh kvgmc6g5 ditlmg2l oygrvhab nvdbi5me sf5mxxl7 gl3lb2sf hhz5lgdu\"><img decoding=\"async\" src=\"https:\/\/static.xx.fbcdn.net\/images\/emoji.php\/v9\/t77\/1\/16\/203c.png\" alt=\"\u203c\ufe0f\" width=\"16\" height=\"16\" \/><\/span><\/div>\n<div dir=\"auto\">V\u0161etk\u00fdm na\u0161im priaznivcom oznamujeme, \u017ee podujatie Zlat\u00e9 \u010dasy budat\u00ednske bude kv\u00f4li nepriazniv\u00e9mu po\u010dasiu v\u00fdrazne obmedzen\u00e9.<\/div>\n<div dir=\"auto\"><span class=\"pq6dq46d tbxw36s4 knj5qynh kvgmc6g5 ditlmg2l oygrvhab nvdbi5me sf5mxxl7 gl3lb2sf hhz5lgdu\"><img decoding=\"async\" src=\"https:\/\/static.xx.fbcdn.net\/images\/emoji.php\/v9\/tdd\/1\/16\/274c.png\" alt=\"\u274c\" width=\"16\" height=\"16\" \/><\/span>RU\u0160\u00cd SA:<\/div>\n<div dir=\"auto\">hlavn\u00fd program na p\u00f3diu (m\u00f3dna prehliadka, \u0161kola tanca, koncerty Funny Fellows, V8 Band, Korben Dallas)<\/div>\n<div dir=\"auto\">umelci &#8211; v\u00fdtvarn\u00edci v parku<\/div>\n<div dir=\"auto\">divadlo pre deti a tvoriv\u00e9 dielne (F\u00e9der Te\u00e1ter)<\/div>\n<div dir=\"auto\"><span class=\"pq6dq46d tbxw36s4 knj5qynh kvgmc6g5 ditlmg2l oygrvhab nvdbi5me sf5mxxl7 gl3lb2sf hhz5lgdu\"><img decoding=\"async\" src=\"https:\/\/static.xx.fbcdn.net\/images\/emoji.php\/v9\/t9e\/1\/16\/27a1.png\" alt=\"\u27a1\ufe0f\" width=\"16\" height=\"16\" \/><\/span>PRES\u00daVA SA:<\/div>\n<div dir=\"auto\">muze\u00e1lne meste\u010dko z parku do kaplnky (pracovn\u00edci Pova\u017esk\u00e9ho m\u00fazea)<\/div>\n<div dir=\"auto\"><span class=\"pq6dq46d tbxw36s4 knj5qynh kvgmc6g5 ditlmg2l oygrvhab nvdbi5me sf5mxxl7 gl3lb2sf hhz5lgdu\"><img loading=\"lazy\" decoding=\"async\" src=\"https:\/\/static.xx.fbcdn.net\/images\/emoji.php\/v9\/t51\/1\/16\/2714.png\" alt=\"\u2714\ufe0f\" width=\"16\" height=\"16\" \/><\/span>OST\u00c1VA:<\/div>\n<div dir=\"auto\">z\u00e1\u017eitkov\u00e1 prehliadka Budat\u00ednskeho hradu v podan\u00ed RAZCA<\/div>\n<div dir=\"auto\">predn\u00e1\u0161ky odborn\u00fdch zamestnancov Pova\u017esk\u00e9ho m\u00fazea vo V\u00fdchodnom pal\u00e1ci hradu<\/div>\n<div dir=\"auto\"><span class=\"pq6dq46d tbxw36s4 knj5qynh kvgmc6g5 ditlmg2l oygrvhab nvdbi5me sf5mxxl7 gl3lb2sf hhz5lgdu\"><img loading=\"lazy\" decoding=\"async\" src=\"https:\/\/static.xx.fbcdn.net\/images\/emoji.php\/v9\/t8e\/1\/16\/2139.png\" alt=\"\u2139\ufe0f\" width=\"16\" height=\"16\" \/><\/span>VSTUPN\u00c9, PARKOVANIE<\/div>\n<div dir=\"auto\">vstupn\u00e9 do are\u00e1lu bude zadarmo<\/div>\n<div dir=\"auto\">do Budat\u00ednskeho hradu a Drot\u00e1rskeho pavil\u00f3nu je be\u017en\u00e9 vstupn\u00e9 (8 eur z\u00e1kladn\u00e9, 4 eur\u00e1 z\u013eavnen\u00e9)<\/div>\n<div dir=\"auto\">parkovisko pred are\u00e1lom bude pre verejnos\u0165 pr\u00edstupn\u00e9<\/div>\n<div dir=\"auto\"><span class=\"pq6dq46d tbxw36s4 knj5qynh kvgmc6g5 ditlmg2l oygrvhab nvdbi5me sf5mxxl7 gl3lb2sf hhz5lgdu\"><img loading=\"lazy\" decoding=\"async\" src=\"https:\/\/static.xx.fbcdn.net\/images\/emoji.php\/v9\/t6c\/1\/16\/2764.png\" alt=\"\u2764\ufe0f\" width=\"16\" height=\"16\" \/><\/span>\u010eakujeme za pochopenie a ver\u00edme, \u017ee n\u00e1s pr\u00eddete podpori\u0165, pozrie\u0165 si \u0161peci\u00e1lnu prehliadku v hrade a aktivity v muze\u00e1lnom meste\u010dku.<\/div>\n<p>&nbsp;<\/p>\n<p><img loading=\"lazy\" decoding=\"async\" class=\"alignnone wp-image-51521\" src=\"https:\/\/pmza.sk\/wp-content\/uploads\/2022\/06\/Budatin_zlate_casy_2022_A4-255x360.jpg\" alt=\"\" width=\"396\" height=\"559\" srcset=\"https:\/\/pmza.sk\/wp-content\/uploads\/2022\/06\/Budatin_zlate_casy_2022_A4-255x360.jpg 255w, https:\/\/pmza.sk\/wp-content\/uploads\/2022\/06\/Budatin_zlate_casy_2022_A4-521x736.jpg 521w, https:\/\/pmza.sk\/wp-content\/uploads\/2022\/06\/Budatin_zlate_casy_2022_A4-768x1086.jpg 768w, https:\/\/pmza.sk\/wp-content\/uploads\/2022\/06\/Budatin_zlate_casy_2022_A4-1086x1536.jpg 1086w, https:\/\/pmza.sk\/wp-content\/uploads\/2022\/06\/Budatin_zlate_casy_2022_A4-1448x2048.jpg 1448w, https:\/\/pmza.sk\/wp-content\/uploads\/2022\/06\/Budatin_zlate_casy_2022_A4-600x848.jpg 600w, https:\/\/pmza.sk\/wp-content\/uploads\/2022\/06\/Budatin_zlate_casy_2022_A4-scaled.jpg 1811w\" sizes=\"(max-width: 396px) 100vw, 396px\" \/><\/p>\n<p>&nbsp;<\/p>\n","protected":false},"excerpt":{"rendered":"<p>Letn\u00e1 sez\u00f3na v\u00a0Pova\u017eskom m\u00fazeu za\u010dne vo ve\u013ekom \u0161t\u00fdle. V\u00a0utorok 5. j\u00fala za\u017eij\u00fa n\u00e1v\u0161tevn\u00edci Budat\u00ednskeho hradu atmosf\u00e9ru ako za \u010dias posledn\u00e9ho majite\u013ea \u2013 gr\u00f3fa Gejzu \u010c\u00e1kiho. Ke\u010f\u017ee m\u00fazeum oslavuje 80. v\u00fdro\u010die od svojho zalo\u017eenia, podujatie sa bude nies\u0165 v\u00a0tomto duchu. \u201eZlat\u00e9 \u010dasy budat\u00ednske sme z\u00e1merne napl\u00e1novali na \u0161t\u00e1tny sviatok, preto\u017ee ver\u00edme, \u017ee \u013eudia radi str\u00e1via vo\u013en\u00fd [&hellip;]<\/p>\n","protected":false},"author":2,"featured_media":35116,"comment_status":"open","ping_status":"open","sticky":false,"template":"","format":"standard","meta":{"site-sidebar-layout":"default","site-content-layout":"default","ast-site-content-layout":"","site-content-style":"default","site-sidebar-style":"default","ast-global-header-display":"","ast-banner-title-visibility":"","ast-main-header-display":"","ast-hfb-above-header-display":"","ast-hfb-below-header-display":"","ast-hfb-mobile-header-display":"","site-post-title":"","ast-breadcrumbs-content":"","ast-featured-img":"","footer-sml-layout":"","theme-transparent-header-meta":"default","adv-header-id-meta":"","stick-header-meta":"default","header-above-stick-meta":"","header-main-stick-meta":"","header-below-stick-meta":"","astra-migrate-meta-layouts":"default","ast-page-background-enabled":"default","ast-page-background-meta":{"desktop":{"background-color":"var(--ast-global-color-4)","background-image":"","background-repeat":"repeat","background-position":"center center","background-size":"auto","background-attachment":"scroll","background-type":"","background-media":"","overlay-type":"","overlay-color":"","overlay-opacity":"","overlay-gradient":""},"tablet":{"background-color":"","background-image":"","background-repeat":"repeat","background-position":"center center","background-size":"auto","background-attachment":"scroll","background-type":"","background-media":"","overlay-type":"","overlay-color":"","overlay-opacity":"","overlay-gradient":""},"mobile":{"background-color":"","background-image":"","background-repeat":"repeat","background-position":"center center","background-size":"auto","background-attachment":"scroll","background-type":"","background-media":"","overlay-type":"","overlay-color":"","overlay-opacity":"","overlay-gradient":""}},"ast-content-background-meta":{"desktop":{"background-color":"var(--ast-global-color-5)","background-image":"","background-repeat":"repeat","background-position":"center center","background-size":"auto","background-attachment":"scroll","background-type":"","background-media":"","overlay-type":"","overlay-color":"","overlay-opacity":"","overlay-gradient":""},"tablet":{"background-color":"var(--ast-global-color-5)","background-image":"","background-repeat":"repeat","background-position":"center center","background-size":"auto","background-attachment":"scroll","background-type":"","background-media":"","overlay-type":"","overlay-color":"","overlay-opacity":"","overlay-gradient":""},"mobile":{"background-color":"var(--ast-global-color-5)","background-image":"","background-repeat":"repeat","background-position":"center center","background-size":"auto","background-attachment":"scroll","background-type":"","background-media":"","overlay-type":"","overlay-color":"","overlay-opacity":"","overlay-gradient":""}},"footnotes":""},"categories":[71],"tags":[],"class_list":["post-51426","post","type-post","status-publish","format-standard","has-post-thumbnail","hentry","category-podujatia"],"yoast_head":"<!-- This site is optimized with the Yoast SEO plugin v27.4 - https:\/\/yoast.com\/product\/yoast-seo-wordpress\/ -->\n<title>Zlat\u00e9 \u010dasy budat\u00ednske - Pova\u017esk\u00e9 m\u00fazeum<\/title>\n<meta name=\"description\" content=\"Preneste sa s nami do \u010dias minul\u00fdch a u\u017eite si oslavy 80. v\u00fdro\u010dia zalo\u017eenia Pova\u017esk\u00e9ho m\u00fazea na najv\u00e4\u010d\u0161om podujat\u00ed letn\u00fdch pr\u00e1zdnin! Te\u0161i\u0165 sa m\u00f4\u017eete na dobov\u00fa hudbu, m\u00f3dnu prehliadku, divadlo, tvoriv\u00e9 dielne, fotok\u00fatik a z\u00e1\u017eitkov\u00fa prehliadku zo \u017eivota Gejzu \u010c\u00e1kiho na Budat\u00ednskom hrade. Ch\u00fdba\u0165 nebud\u00fa remeseln\u00edcke trhy a ve\u010der vyst\u00fapi zn\u00e1ma slovensk\u00e1 kapela. Prineste si deky, piknikov\u00e9 ko\u0161e a vychutnajte si v\u00fdnimo\u010dn\u00fa atmosf\u00e9ru j\u00falov\u00e9ho d\u0148a.\" \/>\n<meta name=\"robots\" content=\"index, follow, max-snippet:-1, max-image-preview:large, max-video-preview:-1\" \/>\n<link rel=\"canonical\" href=\"https:\/\/pmza.sk\/?p=51426\" \/>\n<meta property=\"og:locale\" content=\"sk_SK\" \/>\n<meta property=\"og:type\" content=\"article\" \/>\n<meta property=\"og:title\" content=\"Zlat\u00e9 \u010dasy budat\u00ednske - Pova\u017esk\u00e9 m\u00fazeum\" \/>\n<meta property=\"og:description\" content=\"Preneste sa s nami do \u010dias minul\u00fdch a u\u017eite si oslavy 80. v\u00fdro\u010dia zalo\u017eenia Pova\u017esk\u00e9ho m\u00fazea na najv\u00e4\u010d\u0161om podujat\u00ed letn\u00fdch pr\u00e1zdnin! Te\u0161i\u0165 sa m\u00f4\u017eete na dobov\u00fa hudbu, m\u00f3dnu prehliadku, divadlo, tvoriv\u00e9 dielne, fotok\u00fatik a z\u00e1\u017eitkov\u00fa prehliadku zo \u017eivota Gejzu \u010c\u00e1kiho na Budat\u00ednskom hrade. Ch\u00fdba\u0165 nebud\u00fa remeseln\u00edcke trhy a ve\u010der vyst\u00fapi zn\u00e1ma slovensk\u00e1 kapela. Prineste si deky, piknikov\u00e9 ko\u0161e a vychutnajte si v\u00fdnimo\u010dn\u00fa atmosf\u00e9ru j\u00falov\u00e9ho d\u0148a.\" \/>\n<meta property=\"og:url\" content=\"https:\/\/pmza.sk\/?p=51426\" \/>\n<meta property=\"og:site_name\" content=\"Pova\u017esk\u00e9 m\u00fazeum\" \/>\n<meta property=\"article:publisher\" content=\"https:\/\/www.facebook.com\/povazskemuzeum\" \/>\n<meta property=\"article:published_time\" content=\"2022-06-13T05:30:26+00:00\" \/>\n<meta property=\"article:modified_time\" content=\"2022-07-06T05:10:13+00:00\" \/>\n<meta property=\"og:image\" content=\"https:\/\/pmza.sk\/wp-content\/uploads\/2019\/07\/IMG_3431.jpg\" \/>\n\t<meta property=\"og:image:width\" content=\"1024\" \/>\n\t<meta property=\"og:image:height\" content=\"683\" \/>\n\t<meta property=\"og:image:type\" content=\"image\/jpeg\" \/>\n<meta name=\"author\" content=\"Pova\u017esk\u00e9 m\u00fazeum\" \/>\n<meta name=\"twitter:card\" content=\"summary_large_image\" \/>\n<meta name=\"twitter:label1\" content=\"Autor\" \/>\n\t<meta name=\"twitter:data1\" content=\"Pova\u017esk\u00e9 m\u00fazeum\" \/>\n\t<meta name=\"twitter:label2\" content=\"Predpokladan\u00fd \u010das \u010d\u00edtania\" \/>\n\t<meta name=\"twitter:data2\" content=\"3 min\u00faty\" \/>\n<script type=\"application\/ld+json\" class=\"yoast-schema-graph\">{\"@context\":\"https:\\\/\\\/schema.org\",\"@graph\":[{\"@type\":\"Article\",\"@id\":\"https:\\\/\\\/pmza.sk\\\/?p=51426#article\",\"isPartOf\":{\"@id\":\"https:\\\/\\\/pmza.sk\\\/?p=51426\"},\"author\":{\"name\":\"Pova\u017esk\u00e9 m\u00fazeum\",\"@id\":\"https:\\\/\\\/pmza.sk\\\/#\\\/schema\\\/person\\\/595e6a2ce731ea94dcd5d7f50a41ae33\"},\"headline\":\"Zlat\u00e9 \u010dasy budat\u00ednske\",\"datePublished\":\"2022-06-13T05:30:26+00:00\",\"dateModified\":\"2022-07-06T05:10:13+00:00\",\"mainEntityOfPage\":{\"@id\":\"https:\\\/\\\/pmza.sk\\\/?p=51426\"},\"wordCount\":586,\"commentCount\":0,\"publisher\":{\"@id\":\"https:\\\/\\\/pmza.sk\\\/#organization\"},\"image\":{\"@id\":\"https:\\\/\\\/pmza.sk\\\/?p=51426#primaryimage\"},\"thumbnailUrl\":\"https:\\\/\\\/pmza.sk\\\/wp-content\\\/uploads\\\/2019\\\/07\\\/IMG_3431.jpg\",\"articleSection\":[\"Podujatia\"],\"inLanguage\":\"sk-SK\"},{\"@type\":\"WebPage\",\"@id\":\"https:\\\/\\\/pmza.sk\\\/?p=51426\",\"url\":\"https:\\\/\\\/pmza.sk\\\/?p=51426\",\"name\":\"Zlat\u00e9 \u010dasy budat\u00ednske - Pova\u017esk\u00e9 m\u00fazeum\",\"isPartOf\":{\"@id\":\"https:\\\/\\\/pmza.sk\\\/#website\"},\"primaryImageOfPage\":{\"@id\":\"https:\\\/\\\/pmza.sk\\\/?p=51426#primaryimage\"},\"image\":{\"@id\":\"https:\\\/\\\/pmza.sk\\\/?p=51426#primaryimage\"},\"thumbnailUrl\":\"https:\\\/\\\/pmza.sk\\\/wp-content\\\/uploads\\\/2019\\\/07\\\/IMG_3431.jpg\",\"datePublished\":\"2022-06-13T05:30:26+00:00\",\"dateModified\":\"2022-07-06T05:10:13+00:00\",\"description\":\"Preneste sa s nami do \u010dias minul\u00fdch a u\u017eite si oslavy 80. v\u00fdro\u010dia zalo\u017eenia Pova\u017esk\u00e9ho m\u00fazea na najv\u00e4\u010d\u0161om podujat\u00ed letn\u00fdch pr\u00e1zdnin! Te\u0161i\u0165 sa m\u00f4\u017eete na dobov\u00fa hudbu, m\u00f3dnu prehliadku, divadlo, tvoriv\u00e9 dielne, fotok\u00fatik a z\u00e1\u017eitkov\u00fa prehliadku zo \u017eivota Gejzu \u010c\u00e1kiho na Budat\u00ednskom hrade. Ch\u00fdba\u0165 nebud\u00fa remeseln\u00edcke trhy a ve\u010der vyst\u00fapi zn\u00e1ma slovensk\u00e1 kapela. Prineste si deky, piknikov\u00e9 ko\u0161e a vychutnajte si v\u00fdnimo\u010dn\u00fa atmosf\u00e9ru j\u00falov\u00e9ho d\u0148a.\",\"breadcrumb\":{\"@id\":\"https:\\\/\\\/pmza.sk\\\/?p=51426#breadcrumb\"},\"inLanguage\":\"sk-SK\",\"potentialAction\":[{\"@type\":\"ReadAction\",\"target\":[\"https:\\\/\\\/pmza.sk\\\/?p=51426\"]}]},{\"@type\":\"ImageObject\",\"inLanguage\":\"sk-SK\",\"@id\":\"https:\\\/\\\/pmza.sk\\\/?p=51426#primaryimage\",\"url\":\"https:\\\/\\\/pmza.sk\\\/wp-content\\\/uploads\\\/2019\\\/07\\\/IMG_3431.jpg\",\"contentUrl\":\"https:\\\/\\\/pmza.sk\\\/wp-content\\\/uploads\\\/2019\\\/07\\\/IMG_3431.jpg\",\"width\":1024,\"height\":683},{\"@type\":\"BreadcrumbList\",\"@id\":\"https:\\\/\\\/pmza.sk\\\/?p=51426#breadcrumb\",\"itemListElement\":[{\"@type\":\"ListItem\",\"position\":1,\"name\":\"Domovsk\u00e1 str\u00e1nka\",\"item\":\"https:\\\/\\\/pmza.sk\\\/\"},{\"@type\":\"ListItem\",\"position\":2,\"name\":\"Zlat\u00e9 \u010dasy budat\u00ednske\"}]},{\"@type\":\"WebSite\",\"@id\":\"https:\\\/\\\/pmza.sk\\\/#website\",\"url\":\"https:\\\/\\\/pmza.sk\\\/\",\"name\":\"Pova\u017esk\u00e9 m\u00fazeum\",\"description\":\"Pova\u017esk\u00e9 m\u00fazeum v \u017diline je region\u00e1lne m\u00fazeum so s\u00eddlom v Budat\u00edne. Jeho expoz\u00edcie s\u00fa zameran\u00e9 na dejiny slovensk\u00e9ho umenia, kult\u00fary a dopravy.\",\"publisher\":{\"@id\":\"https:\\\/\\\/pmza.sk\\\/#organization\"},\"potentialAction\":[{\"@type\":\"SearchAction\",\"target\":{\"@type\":\"EntryPoint\",\"urlTemplate\":\"https:\\\/\\\/pmza.sk\\\/?s={search_term_string}\"},\"query-input\":{\"@type\":\"PropertyValueSpecification\",\"valueRequired\":true,\"valueName\":\"search_term_string\"}}],\"inLanguage\":\"sk-SK\"},{\"@type\":\"Organization\",\"@id\":\"https:\\\/\\\/pmza.sk\\\/#organization\",\"name\":\"Pova\u017esk\u00e9 m\u00fazeum\",\"url\":\"https:\\\/\\\/pmza.sk\\\/\",\"logo\":{\"@type\":\"ImageObject\",\"inLanguage\":\"sk-SK\",\"@id\":\"https:\\\/\\\/pmza.sk\\\/#\\\/schema\\\/logo\\\/image\\\/\",\"url\":\"https:\\\/\\\/pmza.sk\\\/wp-content\\\/uploads\\\/2022\\\/01\\\/logo_PM_horizontal.jpg\",\"contentUrl\":\"https:\\\/\\\/pmza.sk\\\/wp-content\\\/uploads\\\/2022\\\/01\\\/logo_PM_horizontal.jpg\",\"width\":231,\"height\":142,\"caption\":\"Pova\u017esk\u00e9 m\u00fazeum\"},\"image\":{\"@id\":\"https:\\\/\\\/pmza.sk\\\/#\\\/schema\\\/logo\\\/image\\\/\"},\"sameAs\":[\"https:\\\/\\\/www.facebook.com\\\/povazskemuzeum\",\"https:\\\/\\\/www.instagram.com\\\/povazskemuzeum\\\/\"]},{\"@type\":\"Person\",\"@id\":\"https:\\\/\\\/pmza.sk\\\/#\\\/schema\\\/person\\\/595e6a2ce731ea94dcd5d7f50a41ae33\",\"name\":\"Pova\u017esk\u00e9 m\u00fazeum\",\"image\":{\"@type\":\"ImageObject\",\"inLanguage\":\"sk-SK\",\"@id\":\"https:\\\/\\\/secure.gravatar.com\\\/avatar\\\/2bb7f1561282132fb5826dfeccc66c7996d11ee392ac6aaf7ced8a1c2027fbb2?s=96&d=mm&r=g\",\"url\":\"https:\\\/\\\/secure.gravatar.com\\\/avatar\\\/2bb7f1561282132fb5826dfeccc66c7996d11ee392ac6aaf7ced8a1c2027fbb2?s=96&d=mm&r=g\",\"contentUrl\":\"https:\\\/\\\/secure.gravatar.com\\\/avatar\\\/2bb7f1561282132fb5826dfeccc66c7996d11ee392ac6aaf7ced8a1c2027fbb2?s=96&d=mm&r=g\",\"caption\":\"Pova\u017esk\u00e9 m\u00fazeum\"}}]}<\/script>\n<!-- \/ Yoast SEO plugin. -->","yoast_head_json":{"title":"Zlat\u00e9 \u010dasy budat\u00ednske - Pova\u017esk\u00e9 m\u00fazeum","description":"Preneste sa s nami do \u010dias minul\u00fdch a u\u017eite si oslavy 80. v\u00fdro\u010dia zalo\u017eenia Pova\u017esk\u00e9ho m\u00fazea na najv\u00e4\u010d\u0161om podujat\u00ed letn\u00fdch pr\u00e1zdnin! Te\u0161i\u0165 sa m\u00f4\u017eete na dobov\u00fa hudbu, m\u00f3dnu prehliadku, divadlo, tvoriv\u00e9 dielne, fotok\u00fatik a z\u00e1\u017eitkov\u00fa prehliadku zo \u017eivota Gejzu \u010c\u00e1kiho na Budat\u00ednskom hrade. Ch\u00fdba\u0165 nebud\u00fa remeseln\u00edcke trhy a ve\u010der vyst\u00fapi zn\u00e1ma slovensk\u00e1 kapela. Prineste si deky, piknikov\u00e9 ko\u0161e a vychutnajte si v\u00fdnimo\u010dn\u00fa atmosf\u00e9ru j\u00falov\u00e9ho d\u0148a.","robots":{"index":"index","follow":"follow","max-snippet":"max-snippet:-1","max-image-preview":"max-image-preview:large","max-video-preview":"max-video-preview:-1"},"canonical":"https:\/\/pmza.sk\/?p=51426","og_locale":"sk_SK","og_type":"article","og_title":"Zlat\u00e9 \u010dasy budat\u00ednske - Pova\u017esk\u00e9 m\u00fazeum","og_description":"Preneste sa s nami do \u010dias minul\u00fdch a u\u017eite si oslavy 80. v\u00fdro\u010dia zalo\u017eenia Pova\u017esk\u00e9ho m\u00fazea na najv\u00e4\u010d\u0161om podujat\u00ed letn\u00fdch pr\u00e1zdnin! Te\u0161i\u0165 sa m\u00f4\u017eete na dobov\u00fa hudbu, m\u00f3dnu prehliadku, divadlo, tvoriv\u00e9 dielne, fotok\u00fatik a z\u00e1\u017eitkov\u00fa prehliadku zo \u017eivota Gejzu \u010c\u00e1kiho na Budat\u00ednskom hrade. Ch\u00fdba\u0165 nebud\u00fa remeseln\u00edcke trhy a ve\u010der vyst\u00fapi zn\u00e1ma slovensk\u00e1 kapela. Prineste si deky, piknikov\u00e9 ko\u0161e a vychutnajte si v\u00fdnimo\u010dn\u00fa atmosf\u00e9ru j\u00falov\u00e9ho d\u0148a.","og_url":"https:\/\/pmza.sk\/?p=51426","og_site_name":"Pova\u017esk\u00e9 m\u00fazeum","article_publisher":"https:\/\/www.facebook.com\/povazskemuzeum","article_published_time":"2022-06-13T05:30:26+00:00","article_modified_time":"2022-07-06T05:10:13+00:00","og_image":[{"width":1024,"height":683,"url":"https:\/\/pmza.sk\/wp-content\/uploads\/2019\/07\/IMG_3431.jpg","type":"image\/jpeg"}],"author":"Pova\u017esk\u00e9 m\u00fazeum","twitter_card":"summary_large_image","twitter_misc":{"Autor":"Pova\u017esk\u00e9 m\u00fazeum","Predpokladan\u00fd \u010das \u010d\u00edtania":"3 min\u00faty"},"schema":{"@context":"https:\/\/schema.org","@graph":[{"@type":"Article","@id":"https:\/\/pmza.sk\/?p=51426#article","isPartOf":{"@id":"https:\/\/pmza.sk\/?p=51426"},"author":{"name":"Pova\u017esk\u00e9 m\u00fazeum","@id":"https:\/\/pmza.sk\/#\/schema\/person\/595e6a2ce731ea94dcd5d7f50a41ae33"},"headline":"Zlat\u00e9 \u010dasy budat\u00ednske","datePublished":"2022-06-13T05:30:26+00:00","dateModified":"2022-07-06T05:10:13+00:00","mainEntityOfPage":{"@id":"https:\/\/pmza.sk\/?p=51426"},"wordCount":586,"commentCount":0,"publisher":{"@id":"https:\/\/pmza.sk\/#organization"},"image":{"@id":"https:\/\/pmza.sk\/?p=51426#primaryimage"},"thumbnailUrl":"https:\/\/pmza.sk\/wp-content\/uploads\/2019\/07\/IMG_3431.jpg","articleSection":["Podujatia"],"inLanguage":"sk-SK"},{"@type":"WebPage","@id":"https:\/\/pmza.sk\/?p=51426","url":"https:\/\/pmza.sk\/?p=51426","name":"Zlat\u00e9 \u010dasy budat\u00ednske - Pova\u017esk\u00e9 m\u00fazeum","isPartOf":{"@id":"https:\/\/pmza.sk\/#website"},"primaryImageOfPage":{"@id":"https:\/\/pmza.sk\/?p=51426#primaryimage"},"image":{"@id":"https:\/\/pmza.sk\/?p=51426#primaryimage"},"thumbnailUrl":"https:\/\/pmza.sk\/wp-content\/uploads\/2019\/07\/IMG_3431.jpg","datePublished":"2022-06-13T05:30:26+00:00","dateModified":"2022-07-06T05:10:13+00:00","description":"Preneste sa s nami do \u010dias minul\u00fdch a u\u017eite si oslavy 80. v\u00fdro\u010dia zalo\u017eenia Pova\u017esk\u00e9ho m\u00fazea na najv\u00e4\u010d\u0161om podujat\u00ed letn\u00fdch pr\u00e1zdnin! Te\u0161i\u0165 sa m\u00f4\u017eete na dobov\u00fa hudbu, m\u00f3dnu prehliadku, divadlo, tvoriv\u00e9 dielne, fotok\u00fatik a z\u00e1\u017eitkov\u00fa prehliadku zo \u017eivota Gejzu \u010c\u00e1kiho na Budat\u00ednskom hrade. Ch\u00fdba\u0165 nebud\u00fa remeseln\u00edcke trhy a ve\u010der vyst\u00fapi zn\u00e1ma slovensk\u00e1 kapela. Prineste si deky, piknikov\u00e9 ko\u0161e a vychutnajte si v\u00fdnimo\u010dn\u00fa atmosf\u00e9ru j\u00falov\u00e9ho d\u0148a.","breadcrumb":{"@id":"https:\/\/pmza.sk\/?p=51426#breadcrumb"},"inLanguage":"sk-SK","potentialAction":[{"@type":"ReadAction","target":["https:\/\/pmza.sk\/?p=51426"]}]},{"@type":"ImageObject","inLanguage":"sk-SK","@id":"https:\/\/pmza.sk\/?p=51426#primaryimage","url":"https:\/\/pmza.sk\/wp-content\/uploads\/2019\/07\/IMG_3431.jpg","contentUrl":"https:\/\/pmza.sk\/wp-content\/uploads\/2019\/07\/IMG_3431.jpg","width":1024,"height":683},{"@type":"BreadcrumbList","@id":"https:\/\/pmza.sk\/?p=51426#breadcrumb","itemListElement":[{"@type":"ListItem","position":1,"name":"Domovsk\u00e1 str\u00e1nka","item":"https:\/\/pmza.sk\/"},{"@type":"ListItem","position":2,"name":"Zlat\u00e9 \u010dasy budat\u00ednske"}]},{"@type":"WebSite","@id":"https:\/\/pmza.sk\/#website","url":"https:\/\/pmza.sk\/","name":"Pova\u017esk\u00e9 m\u00fazeum","description":"Pova\u017esk\u00e9 m\u00fazeum v \u017diline je region\u00e1lne m\u00fazeum so s\u00eddlom v Budat\u00edne. Jeho expoz\u00edcie s\u00fa zameran\u00e9 na dejiny slovensk\u00e9ho umenia, kult\u00fary a dopravy.","publisher":{"@id":"https:\/\/pmza.sk\/#organization"},"potentialAction":[{"@type":"SearchAction","target":{"@type":"EntryPoint","urlTemplate":"https:\/\/pmza.sk\/?s={search_term_string}"},"query-input":{"@type":"PropertyValueSpecification","valueRequired":true,"valueName":"search_term_string"}}],"inLanguage":"sk-SK"},{"@type":"Organization","@id":"https:\/\/pmza.sk\/#organization","name":"Pova\u017esk\u00e9 m\u00fazeum","url":"https:\/\/pmza.sk\/","logo":{"@type":"ImageObject","inLanguage":"sk-SK","@id":"https:\/\/pmza.sk\/#\/schema\/logo\/image\/","url":"https:\/\/pmza.sk\/wp-content\/uploads\/2022\/01\/logo_PM_horizontal.jpg","contentUrl":"https:\/\/pmza.sk\/wp-content\/uploads\/2022\/01\/logo_PM_horizontal.jpg","width":231,"height":142,"caption":"Pova\u017esk\u00e9 m\u00fazeum"},"image":{"@id":"https:\/\/pmza.sk\/#\/schema\/logo\/image\/"},"sameAs":["https:\/\/www.facebook.com\/povazskemuzeum","https:\/\/www.instagram.com\/povazskemuzeum\/"]},{"@type":"Person","@id":"https:\/\/pmza.sk\/#\/schema\/person\/595e6a2ce731ea94dcd5d7f50a41ae33","name":"Pova\u017esk\u00e9 m\u00fazeum","image":{"@type":"ImageObject","inLanguage":"sk-SK","@id":"https:\/\/secure.gravatar.com\/avatar\/2bb7f1561282132fb5826dfeccc66c7996d11ee392ac6aaf7ced8a1c2027fbb2?s=96&d=mm&r=g","url":"https:\/\/secure.gravatar.com\/avatar\/2bb7f1561282132fb5826dfeccc66c7996d11ee392ac6aaf7ced8a1c2027fbb2?s=96&d=mm&r=g","contentUrl":"https:\/\/secure.gravatar.com\/avatar\/2bb7f1561282132fb5826dfeccc66c7996d11ee392ac6aaf7ced8a1c2027fbb2?s=96&d=mm&r=g","caption":"Pova\u017esk\u00e9 m\u00fazeum"}}]}},"_links":{"self":[{"href":"https:\/\/pmza.sk\/index.php?rest_route=\/wp\/v2\/posts\/51426","targetHints":{"allow":["GET"]}}],"collection":[{"href":"https:\/\/pmza.sk\/index.php?rest_route=\/wp\/v2\/posts"}],"about":[{"href":"https:\/\/pmza.sk\/index.php?rest_route=\/wp\/v2\/types\/post"}],"author":[{"embeddable":true,"href":"https:\/\/pmza.sk\/index.php?rest_route=\/wp\/v2\/users\/2"}],"replies":[{"embeddable":true,"href":"https:\/\/pmza.sk\/index.php?rest_route=%2Fwp%2Fv2%2Fcomments&post=51426"}],"version-history":[{"count":0,"href":"https:\/\/pmza.sk\/index.php?rest_route=\/wp\/v2\/posts\/51426\/revisions"}],"wp:featuredmedia":[{"embeddable":true,"href":"https:\/\/pmza.sk\/index.php?rest_route=\/wp\/v2\/media\/35116"}],"wp:attachment":[{"href":"https:\/\/pmza.sk\/index.php?rest_route=%2Fwp%2Fv2%2Fmedia&parent=51426"}],"wp:term":[{"taxonomy":"category","embeddable":true,"href":"https:\/\/pmza.sk\/index.php?rest_route=%2Fwp%2Fv2%2Fcategories&post=51426"},{"taxonomy":"post_tag","embeddable":true,"href":"https:\/\/pmza.sk\/index.php?rest_route=%2Fwp%2Fv2%2Ftags&post=51426"}],"curies":[{"name":"wp","href":"https:\/\/api.w.org\/{rel}","templated":true}]}}