{"id":51458,"date":"2022-06-16T10:55:00","date_gmt":"2022-06-16T08:55:00","guid":{"rendered":"https:\/\/pmza.sk\/?p=51458"},"modified":"2022-07-21T09:39:46","modified_gmt":"2022-07-21T07:39:46","slug":"nocna-prehliadka-hradu-strecno-3","status":"publish","type":"post","link":"https:\/\/pmza.sk\/?p=51458","title":{"rendered":"No\u010dn\u00e1 prehliadka hradu Stre\u010dno"},"content":{"rendered":"<p>Za\u017eite atmosf\u00e9ru stredovek\u00e9ho hradu a\u00a0vychutnajte si no\u010dn\u00fa prehliadku! Pova\u017esk\u00e9 m\u00fazeum poz\u00fdva na prv\u00fa tohtoro\u010dn\u00fa no\u010dn\u00fa prehliadku hradu Stre\u010dno, ktor\u00e1 sa bude kona\u0165 v\u00a0stredu 20. j\u00fala od 20.00. Program je naozaj bohat\u00fd a\u00a0na svoje si pr\u00eddu n\u00e1v\u0161tevn\u00edci r\u00f4znych vekov\u00fdch kateg\u00f3ri\u00ed. Ke\u010f\u017ee Pova\u017esk\u00e9 m\u00fazeum oslavuje tento rok 80. v\u00fdro\u010die svojho zalo\u017eenia, k\u00a0tomuto obdobiu sa via\u017ee aj z\u00e1\u017eitkov\u00e1 prehliadka s\u00a0n\u00e1zvom Hej, partiz\u00e1n, vezmi ma so sebou!<\/p>\n<p><em>\u201eDej sa bude odohr\u00e1va\u0165 priamo v\u00a0priestoroch hradu na pozad\u00ed Slovensk\u00e9ho n\u00e1rodn\u00e9ho povstania, ktor\u00e9 priamo zasiahlo aj dejiny Stre\u010dna a\u00a0jeho okolia. \u010co sa stane, ke\u010f sa na hrade stretne dedinsk\u00e9 diev\u010da \u017dofka a franc\u00fazsky partiz\u00e1n Pierre? Bude z toho l\u00e1ska na prv\u00fd poh\u013ead? A ako toto stretnutie ovplyvn\u00ed ich osudy? Zist\u00edte po\u010das prehliadky,\u201c<\/em> pribli\u017euje \u010dlenka divadelno-hrav\u00e9ho zoskupenia RAZCA Katar\u00edna Mar\u0161alov\u00e1. V\u00fdznamn\u00e9 udalosti, ktor\u00e9 sa udiali na hrade \u010di u\u017e historick\u00e9 alebo s\u00fa\u010dasn\u00e9 budete m\u00f4c\u0165 prostredn\u00edctvom mappingu vidie\u0165 na hradn\u00fdch m\u00faroch. <em>\u201eS\u00fa\u010das\u0165ou programu bude aj \u00fachvatn\u00e1 oh\u0148ov\u00e1 \u0161ou v\u00a0podan\u00ed Black Evils. Stredovek\u00e1 kuchy\u0148a rozvonia are\u00e1l hradu v\u010faka zdru\u017eeniu Cech Terra de Selinan a\u00a0hradn\u00e9 delo o\u017eiv\u00ed OZ Turiec. Prehliadky bud\u00fa prebieha\u0165 v\u00a0\u0161iestich vstupoch od 20.00 do 22.30, <\/em><em>odpor\u00fa\u010dame vzia\u0165 si baterky.\u201c <\/em>dod\u00e1va spr\u00e1vky\u0148a hradu Stre\u010dno Katar\u00edna Rep\u00e1\u0148ov\u00e1.<\/p>\n<p>Vstupn\u00e9 je jednotn\u00e9 9 eur pre v\u0161etk\u00fdch n\u00e1v\u0161tevn\u00edkov bez rozdielu veku, vstupenky je mo\u017en\u00e9 k\u00fapi\u0165 len cez predpredaj na linku: <a href=\"https:\/\/predpredaj.zoznam.sk\/sk\/listky\/nocna-prehliadka-hradu-strecno-2022-07-20\/\">https:\/\/predpredaj.zoznam.sk\/sk\/listky\/nocna-prehliadka-hradu-strecno-2022-07-20\/<\/a><\/p>\n<p><img fetchpriority=\"high\" decoding=\"async\" class=\"alignnone wp-image-51459\" src=\"https:\/\/pmza.sk\/wp-content\/uploads\/2022\/06\/NOCNA-260x360.jpg\" alt=\"\" width=\"280\" height=\"388\" srcset=\"https:\/\/pmza.sk\/wp-content\/uploads\/2022\/06\/NOCNA-260x360.jpg 260w, https:\/\/pmza.sk\/wp-content\/uploads\/2022\/06\/NOCNA-531x736.jpg 531w, https:\/\/pmza.sk\/wp-content\/uploads\/2022\/06\/NOCNA-768x1065.jpg 768w, https:\/\/pmza.sk\/wp-content\/uploads\/2022\/06\/NOCNA-1108x1536.jpg 1108w, https:\/\/pmza.sk\/wp-content\/uploads\/2022\/06\/NOCNA-1477x2048.jpg 1477w, https:\/\/pmza.sk\/wp-content\/uploads\/2022\/06\/NOCNA-600x832.jpg 600w, https:\/\/pmza.sk\/wp-content\/uploads\/2022\/06\/NOCNA-scaled.jpg 1846w\" sizes=\"(max-width: 280px) 100vw, 280px\" \/><\/p>\n","protected":false},"excerpt":{"rendered":"<p>Za\u017eite atmosf\u00e9ru stredovek\u00e9ho hradu a\u00a0vychutnajte si no\u010dn\u00fa prehliadku! Pova\u017esk\u00e9 m\u00fazeum poz\u00fdva na prv\u00fa tohtoro\u010dn\u00fa no\u010dn\u00fa prehliadku hradu Stre\u010dno, ktor\u00e1 sa bude kona\u0165 v\u00a0stredu 20. j\u00fala od 20.00. Program je naozaj bohat\u00fd a\u00a0na svoje si pr\u00eddu n\u00e1v\u0161tevn\u00edci r\u00f4znych vekov\u00fdch kateg\u00f3ri\u00ed. Ke\u010f\u017ee Pova\u017esk\u00e9 m\u00fazeum oslavuje tento rok 80. v\u00fdro\u010die svojho zalo\u017eenia, k\u00a0tomuto obdobiu sa via\u017ee aj z\u00e1\u017eitkov\u00e1 [&hellip;]<\/p>\n","protected":false},"author":2,"featured_media":35260,"comment_status":"open","ping_status":"open","sticky":false,"template":"","format":"standard","meta":{"site-sidebar-layout":"default","site-content-layout":"default","ast-site-content-layout":"","site-content-style":"default","site-sidebar-style":"default","ast-global-header-display":"","ast-banner-title-visibility":"","ast-main-header-display":"","ast-hfb-above-header-display":"","ast-hfb-below-header-display":"","ast-hfb-mobile-header-display":"","site-post-title":"","ast-breadcrumbs-content":"","ast-featured-img":"","footer-sml-layout":"","theme-transparent-header-meta":"default","adv-header-id-meta":"","stick-header-meta":"default","header-above-stick-meta":"","header-main-stick-meta":"","header-below-stick-meta":"","astra-migrate-meta-layouts":"default","ast-page-background-enabled":"default","ast-page-background-meta":{"desktop":{"background-color":"var(--ast-global-color-4)","background-image":"","background-repeat":"repeat","background-position":"center center","background-size":"auto","background-attachment":"scroll","background-type":"","background-media":"","overlay-type":"","overlay-color":"","overlay-opacity":"","overlay-gradient":""},"tablet":{"background-color":"","background-image":"","background-repeat":"repeat","background-position":"center center","background-size":"auto","background-attachment":"scroll","background-type":"","background-media":"","overlay-type":"","overlay-color":"","overlay-opacity":"","overlay-gradient":""},"mobile":{"background-color":"","background-image":"","background-repeat":"repeat","background-position":"center center","background-size":"auto","background-attachment":"scroll","background-type":"","background-media":"","overlay-type":"","overlay-color":"","overlay-opacity":"","overlay-gradient":""}},"ast-content-background-meta":{"desktop":{"background-color":"var(--ast-global-color-5)","background-image":"","background-repeat":"repeat","background-position":"center center","background-size":"auto","background-attachment":"scroll","background-type":"","background-media":"","overlay-type":"","overlay-color":"","overlay-opacity":"","overlay-gradient":""},"tablet":{"background-color":"var(--ast-global-color-5)","background-image":"","background-repeat":"repeat","background-position":"center center","background-size":"auto","background-attachment":"scroll","background-type":"","background-media":"","overlay-type":"","overlay-color":"","overlay-opacity":"","overlay-gradient":""},"mobile":{"background-color":"var(--ast-global-color-5)","background-image":"","background-repeat":"repeat","background-position":"center center","background-size":"auto","background-attachment":"scroll","background-type":"","background-media":"","overlay-type":"","overlay-color":"","overlay-opacity":"","overlay-gradient":""}},"footnotes":""},"categories":[71],"tags":[],"class_list":["post-51458","post","type-post","status-publish","format-standard","has-post-thumbnail","hentry","category-podujatia"],"yoast_head":"<!-- This site is optimized with the Yoast SEO plugin v27.4 - https:\/\/yoast.com\/product\/yoast-seo-wordpress\/ -->\n<title>No\u010dn\u00e1 prehliadka hradu Stre\u010dno - Pova\u017esk\u00e9 m\u00fazeum<\/title>\n<meta name=\"description\" content=\"Za\u017eite atmosf\u00e9ru stredovek\u00e9ho hradu a\u00a0vychutnajte si no\u010dn\u00fa prehliadku! V\u00a0stredu 20. j\u00fala 2022 sa m\u00f4\u017eete te\u0161i\u0165 na predstavenie divadelno-hrav\u00e9ho zoskupenia RAZCA pod n\u00e1zvom Hej partiz\u00e1n, vezmi ma so sebou! Dej sa bude odohr\u00e1va\u0165 v\u00a0priestoroch hradu na pozad\u00ed Slovensk\u00e9ho n\u00e1rodn\u00e9ho povstania, ktor\u00e9 neobi\u0161lo ani hrad Stre\u010dno. Udalosti na hrade a\u00a0jeho hist\u00f3riu pribl\u00ed\u017eime prostredn\u00edctvom video mappingu od ob\u010dianskeho zdru\u017eenia Trakt. S\u00fa\u010das\u0165ou programu bude aj \u00fachvatn\u00e1 oh\u0148ov\u00e1 \u0161ou v\u00a0podan\u00ed Black Evils, stredovek\u00e1 kuchy\u0148a rozvonia v\u010faka zdru\u017eeniu Cech Terra de Selinan a\u00a0hradn\u00e9 delo o\u017eiv\u00ed OZ Turiec.\" \/>\n<meta name=\"robots\" content=\"index, follow, max-snippet:-1, max-image-preview:large, max-video-preview:-1\" \/>\n<link rel=\"canonical\" href=\"https:\/\/pmza.sk\/?p=51458\" \/>\n<meta property=\"og:locale\" content=\"sk_SK\" \/>\n<meta property=\"og:type\" content=\"article\" \/>\n<meta property=\"og:title\" content=\"No\u010dn\u00e1 prehliadka hradu Stre\u010dno - Pova\u017esk\u00e9 m\u00fazeum\" \/>\n<meta property=\"og:description\" content=\"Za\u017eite atmosf\u00e9ru stredovek\u00e9ho hradu a\u00a0vychutnajte si no\u010dn\u00fa prehliadku! V\u00a0stredu 20. j\u00fala 2022 sa m\u00f4\u017eete te\u0161i\u0165 na predstavenie divadelno-hrav\u00e9ho zoskupenia RAZCA pod n\u00e1zvom Hej partiz\u00e1n, vezmi ma so sebou! Dej sa bude odohr\u00e1va\u0165 v\u00a0priestoroch hradu na pozad\u00ed Slovensk\u00e9ho n\u00e1rodn\u00e9ho povstania, ktor\u00e9 neobi\u0161lo ani hrad Stre\u010dno. Udalosti na hrade a\u00a0jeho hist\u00f3riu pribl\u00ed\u017eime prostredn\u00edctvom video mappingu od ob\u010dianskeho zdru\u017eenia Trakt. S\u00fa\u010das\u0165ou programu bude aj \u00fachvatn\u00e1 oh\u0148ov\u00e1 \u0161ou v\u00a0podan\u00ed Black Evils, stredovek\u00e1 kuchy\u0148a rozvonia v\u010faka zdru\u017eeniu Cech Terra de Selinan a\u00a0hradn\u00e9 delo o\u017eiv\u00ed OZ Turiec.\" \/>\n<meta property=\"og:url\" content=\"https:\/\/pmza.sk\/?p=51458\" \/>\n<meta property=\"og:site_name\" content=\"Pova\u017esk\u00e9 m\u00fazeum\" \/>\n<meta property=\"article:publisher\" content=\"https:\/\/www.facebook.com\/povazskemuzeum\" \/>\n<meta property=\"article:published_time\" content=\"2022-06-16T08:55:00+00:00\" \/>\n<meta property=\"article:modified_time\" content=\"2022-07-21T07:39:46+00:00\" \/>\n<meta property=\"og:image\" content=\"https:\/\/pmza.sk\/wp-content\/uploads\/2019\/07\/IMG_6281-Medium.jpg\" \/>\n\t<meta property=\"og:image:width\" content=\"1152\" \/>\n\t<meta property=\"og:image:height\" content=\"768\" \/>\n\t<meta property=\"og:image:type\" content=\"image\/jpeg\" \/>\n<meta name=\"author\" content=\"Pova\u017esk\u00e9 m\u00fazeum\" \/>\n<meta name=\"twitter:card\" content=\"summary_large_image\" \/>\n<meta name=\"twitter:label1\" content=\"Autor\" \/>\n\t<meta name=\"twitter:data1\" content=\"Pova\u017esk\u00e9 m\u00fazeum\" \/>\n\t<meta name=\"twitter:label2\" content=\"Predpokladan\u00fd \u010das \u010d\u00edtania\" \/>\n\t<meta name=\"twitter:data2\" content=\"1 min\u00fata\" \/>\n<script type=\"application\/ld+json\" class=\"yoast-schema-graph\">{\"@context\":\"https:\\\/\\\/schema.org\",\"@graph\":[{\"@type\":\"Article\",\"@id\":\"https:\\\/\\\/pmza.sk\\\/?p=51458#article\",\"isPartOf\":{\"@id\":\"https:\\\/\\\/pmza.sk\\\/?p=51458\"},\"author\":{\"name\":\"Pova\u017esk\u00e9 m\u00fazeum\",\"@id\":\"https:\\\/\\\/pmza.sk\\\/#\\\/schema\\\/person\\\/595e6a2ce731ea94dcd5d7f50a41ae33\"},\"headline\":\"No\u010dn\u00e1 prehliadka hradu Stre\u010dno\",\"datePublished\":\"2022-06-16T08:55:00+00:00\",\"dateModified\":\"2022-07-21T07:39:46+00:00\",\"mainEntityOfPage\":{\"@id\":\"https:\\\/\\\/pmza.sk\\\/?p=51458\"},\"wordCount\":298,\"commentCount\":2,\"publisher\":{\"@id\":\"https:\\\/\\\/pmza.sk\\\/#organization\"},\"image\":{\"@id\":\"https:\\\/\\\/pmza.sk\\\/?p=51458#primaryimage\"},\"thumbnailUrl\":\"https:\\\/\\\/pmza.sk\\\/wp-content\\\/uploads\\\/2019\\\/07\\\/IMG_6281-Medium.jpg\",\"articleSection\":[\"Podujatia\"],\"inLanguage\":\"sk-SK\"},{\"@type\":\"WebPage\",\"@id\":\"https:\\\/\\\/pmza.sk\\\/?p=51458\",\"url\":\"https:\\\/\\\/pmza.sk\\\/?p=51458\",\"name\":\"No\u010dn\u00e1 prehliadka hradu Stre\u010dno - Pova\u017esk\u00e9 m\u00fazeum\",\"isPartOf\":{\"@id\":\"https:\\\/\\\/pmza.sk\\\/#website\"},\"primaryImageOfPage\":{\"@id\":\"https:\\\/\\\/pmza.sk\\\/?p=51458#primaryimage\"},\"image\":{\"@id\":\"https:\\\/\\\/pmza.sk\\\/?p=51458#primaryimage\"},\"thumbnailUrl\":\"https:\\\/\\\/pmza.sk\\\/wp-content\\\/uploads\\\/2019\\\/07\\\/IMG_6281-Medium.jpg\",\"datePublished\":\"2022-06-16T08:55:00+00:00\",\"dateModified\":\"2022-07-21T07:39:46+00:00\",\"description\":\"Za\u017eite atmosf\u00e9ru stredovek\u00e9ho hradu a\u00a0vychutnajte si no\u010dn\u00fa prehliadku! V\u00a0stredu 20. j\u00fala 2022 sa m\u00f4\u017eete te\u0161i\u0165 na predstavenie divadelno-hrav\u00e9ho zoskupenia RAZCA pod n\u00e1zvom Hej partiz\u00e1n, vezmi ma so sebou! Dej sa bude odohr\u00e1va\u0165 v\u00a0priestoroch hradu na pozad\u00ed Slovensk\u00e9ho n\u00e1rodn\u00e9ho povstania, ktor\u00e9 neobi\u0161lo ani hrad Stre\u010dno. Udalosti na hrade a\u00a0jeho hist\u00f3riu pribl\u00ed\u017eime prostredn\u00edctvom video mappingu od ob\u010dianskeho zdru\u017eenia Trakt. S\u00fa\u010das\u0165ou programu bude aj \u00fachvatn\u00e1 oh\u0148ov\u00e1 \u0161ou v\u00a0podan\u00ed Black Evils, stredovek\u00e1 kuchy\u0148a rozvonia v\u010faka zdru\u017eeniu Cech Terra de Selinan a\u00a0hradn\u00e9 delo o\u017eiv\u00ed OZ Turiec.\",\"breadcrumb\":{\"@id\":\"https:\\\/\\\/pmza.sk\\\/?p=51458#breadcrumb\"},\"inLanguage\":\"sk-SK\",\"potentialAction\":[{\"@type\":\"ReadAction\",\"target\":[\"https:\\\/\\\/pmza.sk\\\/?p=51458\"]}]},{\"@type\":\"ImageObject\",\"inLanguage\":\"sk-SK\",\"@id\":\"https:\\\/\\\/pmza.sk\\\/?p=51458#primaryimage\",\"url\":\"https:\\\/\\\/pmza.sk\\\/wp-content\\\/uploads\\\/2019\\\/07\\\/IMG_6281-Medium.jpg\",\"contentUrl\":\"https:\\\/\\\/pmza.sk\\\/wp-content\\\/uploads\\\/2019\\\/07\\\/IMG_6281-Medium.jpg\",\"width\":1152,\"height\":768},{\"@type\":\"BreadcrumbList\",\"@id\":\"https:\\\/\\\/pmza.sk\\\/?p=51458#breadcrumb\",\"itemListElement\":[{\"@type\":\"ListItem\",\"position\":1,\"name\":\"Domovsk\u00e1 str\u00e1nka\",\"item\":\"https:\\\/\\\/pmza.sk\\\/\"},{\"@type\":\"ListItem\",\"position\":2,\"name\":\"No\u010dn\u00e1 prehliadka hradu Stre\u010dno\"}]},{\"@type\":\"WebSite\",\"@id\":\"https:\\\/\\\/pmza.sk\\\/#website\",\"url\":\"https:\\\/\\\/pmza.sk\\\/\",\"name\":\"Pova\u017esk\u00e9 m\u00fazeum\",\"description\":\"Pova\u017esk\u00e9 m\u00fazeum v \u017diline je region\u00e1lne m\u00fazeum so s\u00eddlom v Budat\u00edne. Jeho expoz\u00edcie s\u00fa zameran\u00e9 na dejiny slovensk\u00e9ho umenia, kult\u00fary a dopravy.\",\"publisher\":{\"@id\":\"https:\\\/\\\/pmza.sk\\\/#organization\"},\"potentialAction\":[{\"@type\":\"SearchAction\",\"target\":{\"@type\":\"EntryPoint\",\"urlTemplate\":\"https:\\\/\\\/pmza.sk\\\/?s={search_term_string}\"},\"query-input\":{\"@type\":\"PropertyValueSpecification\",\"valueRequired\":true,\"valueName\":\"search_term_string\"}}],\"inLanguage\":\"sk-SK\"},{\"@type\":\"Organization\",\"@id\":\"https:\\\/\\\/pmza.sk\\\/#organization\",\"name\":\"Pova\u017esk\u00e9 m\u00fazeum\",\"url\":\"https:\\\/\\\/pmza.sk\\\/\",\"logo\":{\"@type\":\"ImageObject\",\"inLanguage\":\"sk-SK\",\"@id\":\"https:\\\/\\\/pmza.sk\\\/#\\\/schema\\\/logo\\\/image\\\/\",\"url\":\"https:\\\/\\\/pmza.sk\\\/wp-content\\\/uploads\\\/2022\\\/01\\\/logo_PM_horizontal.jpg\",\"contentUrl\":\"https:\\\/\\\/pmza.sk\\\/wp-content\\\/uploads\\\/2022\\\/01\\\/logo_PM_horizontal.jpg\",\"width\":231,\"height\":142,\"caption\":\"Pova\u017esk\u00e9 m\u00fazeum\"},\"image\":{\"@id\":\"https:\\\/\\\/pmza.sk\\\/#\\\/schema\\\/logo\\\/image\\\/\"},\"sameAs\":[\"https:\\\/\\\/www.facebook.com\\\/povazskemuzeum\",\"https:\\\/\\\/www.instagram.com\\\/povazskemuzeum\\\/\"]},{\"@type\":\"Person\",\"@id\":\"https:\\\/\\\/pmza.sk\\\/#\\\/schema\\\/person\\\/595e6a2ce731ea94dcd5d7f50a41ae33\",\"name\":\"Pova\u017esk\u00e9 m\u00fazeum\",\"image\":{\"@type\":\"ImageObject\",\"inLanguage\":\"sk-SK\",\"@id\":\"https:\\\/\\\/secure.gravatar.com\\\/avatar\\\/2bb7f1561282132fb5826dfeccc66c7996d11ee392ac6aaf7ced8a1c2027fbb2?s=96&d=mm&r=g\",\"url\":\"https:\\\/\\\/secure.gravatar.com\\\/avatar\\\/2bb7f1561282132fb5826dfeccc66c7996d11ee392ac6aaf7ced8a1c2027fbb2?s=96&d=mm&r=g\",\"contentUrl\":\"https:\\\/\\\/secure.gravatar.com\\\/avatar\\\/2bb7f1561282132fb5826dfeccc66c7996d11ee392ac6aaf7ced8a1c2027fbb2?s=96&d=mm&r=g\",\"caption\":\"Pova\u017esk\u00e9 m\u00fazeum\"}}]}<\/script>\n<!-- \/ Yoast SEO plugin. -->","yoast_head_json":{"title":"No\u010dn\u00e1 prehliadka hradu Stre\u010dno - Pova\u017esk\u00e9 m\u00fazeum","description":"Za\u017eite atmosf\u00e9ru stredovek\u00e9ho hradu a\u00a0vychutnajte si no\u010dn\u00fa prehliadku! V\u00a0stredu 20. j\u00fala 2022 sa m\u00f4\u017eete te\u0161i\u0165 na predstavenie divadelno-hrav\u00e9ho zoskupenia RAZCA pod n\u00e1zvom Hej partiz\u00e1n, vezmi ma so sebou! Dej sa bude odohr\u00e1va\u0165 v\u00a0priestoroch hradu na pozad\u00ed Slovensk\u00e9ho n\u00e1rodn\u00e9ho povstania, ktor\u00e9 neobi\u0161lo ani hrad Stre\u010dno. Udalosti na hrade a\u00a0jeho hist\u00f3riu pribl\u00ed\u017eime prostredn\u00edctvom video mappingu od ob\u010dianskeho zdru\u017eenia Trakt. S\u00fa\u010das\u0165ou programu bude aj \u00fachvatn\u00e1 oh\u0148ov\u00e1 \u0161ou v\u00a0podan\u00ed Black Evils, stredovek\u00e1 kuchy\u0148a rozvonia v\u010faka zdru\u017eeniu Cech Terra de Selinan a\u00a0hradn\u00e9 delo o\u017eiv\u00ed OZ Turiec.","robots":{"index":"index","follow":"follow","max-snippet":"max-snippet:-1","max-image-preview":"max-image-preview:large","max-video-preview":"max-video-preview:-1"},"canonical":"https:\/\/pmza.sk\/?p=51458","og_locale":"sk_SK","og_type":"article","og_title":"No\u010dn\u00e1 prehliadka hradu Stre\u010dno - Pova\u017esk\u00e9 m\u00fazeum","og_description":"Za\u017eite atmosf\u00e9ru stredovek\u00e9ho hradu a\u00a0vychutnajte si no\u010dn\u00fa prehliadku! V\u00a0stredu 20. j\u00fala 2022 sa m\u00f4\u017eete te\u0161i\u0165 na predstavenie divadelno-hrav\u00e9ho zoskupenia RAZCA pod n\u00e1zvom Hej partiz\u00e1n, vezmi ma so sebou! Dej sa bude odohr\u00e1va\u0165 v\u00a0priestoroch hradu na pozad\u00ed Slovensk\u00e9ho n\u00e1rodn\u00e9ho povstania, ktor\u00e9 neobi\u0161lo ani hrad Stre\u010dno. Udalosti na hrade a\u00a0jeho hist\u00f3riu pribl\u00ed\u017eime prostredn\u00edctvom video mappingu od ob\u010dianskeho zdru\u017eenia Trakt. S\u00fa\u010das\u0165ou programu bude aj \u00fachvatn\u00e1 oh\u0148ov\u00e1 \u0161ou v\u00a0podan\u00ed Black Evils, stredovek\u00e1 kuchy\u0148a rozvonia v\u010faka zdru\u017eeniu Cech Terra de Selinan a\u00a0hradn\u00e9 delo o\u017eiv\u00ed OZ Turiec.","og_url":"https:\/\/pmza.sk\/?p=51458","og_site_name":"Pova\u017esk\u00e9 m\u00fazeum","article_publisher":"https:\/\/www.facebook.com\/povazskemuzeum","article_published_time":"2022-06-16T08:55:00+00:00","article_modified_time":"2022-07-21T07:39:46+00:00","og_image":[{"width":1152,"height":768,"url":"https:\/\/pmza.sk\/wp-content\/uploads\/2019\/07\/IMG_6281-Medium.jpg","type":"image\/jpeg"}],"author":"Pova\u017esk\u00e9 m\u00fazeum","twitter_card":"summary_large_image","twitter_misc":{"Autor":"Pova\u017esk\u00e9 m\u00fazeum","Predpokladan\u00fd \u010das \u010d\u00edtania":"1 min\u00fata"},"schema":{"@context":"https:\/\/schema.org","@graph":[{"@type":"Article","@id":"https:\/\/pmza.sk\/?p=51458#article","isPartOf":{"@id":"https:\/\/pmza.sk\/?p=51458"},"author":{"name":"Pova\u017esk\u00e9 m\u00fazeum","@id":"https:\/\/pmza.sk\/#\/schema\/person\/595e6a2ce731ea94dcd5d7f50a41ae33"},"headline":"No\u010dn\u00e1 prehliadka hradu Stre\u010dno","datePublished":"2022-06-16T08:55:00+00:00","dateModified":"2022-07-21T07:39:46+00:00","mainEntityOfPage":{"@id":"https:\/\/pmza.sk\/?p=51458"},"wordCount":298,"commentCount":2,"publisher":{"@id":"https:\/\/pmza.sk\/#organization"},"image":{"@id":"https:\/\/pmza.sk\/?p=51458#primaryimage"},"thumbnailUrl":"https:\/\/pmza.sk\/wp-content\/uploads\/2019\/07\/IMG_6281-Medium.jpg","articleSection":["Podujatia"],"inLanguage":"sk-SK"},{"@type":"WebPage","@id":"https:\/\/pmza.sk\/?p=51458","url":"https:\/\/pmza.sk\/?p=51458","name":"No\u010dn\u00e1 prehliadka hradu Stre\u010dno - Pova\u017esk\u00e9 m\u00fazeum","isPartOf":{"@id":"https:\/\/pmza.sk\/#website"},"primaryImageOfPage":{"@id":"https:\/\/pmza.sk\/?p=51458#primaryimage"},"image":{"@id":"https:\/\/pmza.sk\/?p=51458#primaryimage"},"thumbnailUrl":"https:\/\/pmza.sk\/wp-content\/uploads\/2019\/07\/IMG_6281-Medium.jpg","datePublished":"2022-06-16T08:55:00+00:00","dateModified":"2022-07-21T07:39:46+00:00","description":"Za\u017eite atmosf\u00e9ru stredovek\u00e9ho hradu a\u00a0vychutnajte si no\u010dn\u00fa prehliadku! V\u00a0stredu 20. j\u00fala 2022 sa m\u00f4\u017eete te\u0161i\u0165 na predstavenie divadelno-hrav\u00e9ho zoskupenia RAZCA pod n\u00e1zvom Hej partiz\u00e1n, vezmi ma so sebou! Dej sa bude odohr\u00e1va\u0165 v\u00a0priestoroch hradu na pozad\u00ed Slovensk\u00e9ho n\u00e1rodn\u00e9ho povstania, ktor\u00e9 neobi\u0161lo ani hrad Stre\u010dno. Udalosti na hrade a\u00a0jeho hist\u00f3riu pribl\u00ed\u017eime prostredn\u00edctvom video mappingu od ob\u010dianskeho zdru\u017eenia Trakt. S\u00fa\u010das\u0165ou programu bude aj \u00fachvatn\u00e1 oh\u0148ov\u00e1 \u0161ou v\u00a0podan\u00ed Black Evils, stredovek\u00e1 kuchy\u0148a rozvonia v\u010faka zdru\u017eeniu Cech Terra de Selinan a\u00a0hradn\u00e9 delo o\u017eiv\u00ed OZ Turiec.","breadcrumb":{"@id":"https:\/\/pmza.sk\/?p=51458#breadcrumb"},"inLanguage":"sk-SK","potentialAction":[{"@type":"ReadAction","target":["https:\/\/pmza.sk\/?p=51458"]}]},{"@type":"ImageObject","inLanguage":"sk-SK","@id":"https:\/\/pmza.sk\/?p=51458#primaryimage","url":"https:\/\/pmza.sk\/wp-content\/uploads\/2019\/07\/IMG_6281-Medium.jpg","contentUrl":"https:\/\/pmza.sk\/wp-content\/uploads\/2019\/07\/IMG_6281-Medium.jpg","width":1152,"height":768},{"@type":"BreadcrumbList","@id":"https:\/\/pmza.sk\/?p=51458#breadcrumb","itemListElement":[{"@type":"ListItem","position":1,"name":"Domovsk\u00e1 str\u00e1nka","item":"https:\/\/pmza.sk\/"},{"@type":"ListItem","position":2,"name":"No\u010dn\u00e1 prehliadka hradu Stre\u010dno"}]},{"@type":"WebSite","@id":"https:\/\/pmza.sk\/#website","url":"https:\/\/pmza.sk\/","name":"Pova\u017esk\u00e9 m\u00fazeum","description":"Pova\u017esk\u00e9 m\u00fazeum v \u017diline je region\u00e1lne m\u00fazeum so s\u00eddlom v Budat\u00edne. Jeho expoz\u00edcie s\u00fa zameran\u00e9 na dejiny slovensk\u00e9ho umenia, kult\u00fary a dopravy.","publisher":{"@id":"https:\/\/pmza.sk\/#organization"},"potentialAction":[{"@type":"SearchAction","target":{"@type":"EntryPoint","urlTemplate":"https:\/\/pmza.sk\/?s={search_term_string}"},"query-input":{"@type":"PropertyValueSpecification","valueRequired":true,"valueName":"search_term_string"}}],"inLanguage":"sk-SK"},{"@type":"Organization","@id":"https:\/\/pmza.sk\/#organization","name":"Pova\u017esk\u00e9 m\u00fazeum","url":"https:\/\/pmza.sk\/","logo":{"@type":"ImageObject","inLanguage":"sk-SK","@id":"https:\/\/pmza.sk\/#\/schema\/logo\/image\/","url":"https:\/\/pmza.sk\/wp-content\/uploads\/2022\/01\/logo_PM_horizontal.jpg","contentUrl":"https:\/\/pmza.sk\/wp-content\/uploads\/2022\/01\/logo_PM_horizontal.jpg","width":231,"height":142,"caption":"Pova\u017esk\u00e9 m\u00fazeum"},"image":{"@id":"https:\/\/pmza.sk\/#\/schema\/logo\/image\/"},"sameAs":["https:\/\/www.facebook.com\/povazskemuzeum","https:\/\/www.instagram.com\/povazskemuzeum\/"]},{"@type":"Person","@id":"https:\/\/pmza.sk\/#\/schema\/person\/595e6a2ce731ea94dcd5d7f50a41ae33","name":"Pova\u017esk\u00e9 m\u00fazeum","image":{"@type":"ImageObject","inLanguage":"sk-SK","@id":"https:\/\/secure.gravatar.com\/avatar\/2bb7f1561282132fb5826dfeccc66c7996d11ee392ac6aaf7ced8a1c2027fbb2?s=96&d=mm&r=g","url":"https:\/\/secure.gravatar.com\/avatar\/2bb7f1561282132fb5826dfeccc66c7996d11ee392ac6aaf7ced8a1c2027fbb2?s=96&d=mm&r=g","contentUrl":"https:\/\/secure.gravatar.com\/avatar\/2bb7f1561282132fb5826dfeccc66c7996d11ee392ac6aaf7ced8a1c2027fbb2?s=96&d=mm&r=g","caption":"Pova\u017esk\u00e9 m\u00fazeum"}}]}},"_links":{"self":[{"href":"https:\/\/pmza.sk\/index.php?rest_route=\/wp\/v2\/posts\/51458","targetHints":{"allow":["GET"]}}],"collection":[{"href":"https:\/\/pmza.sk\/index.php?rest_route=\/wp\/v2\/posts"}],"about":[{"href":"https:\/\/pmza.sk\/index.php?rest_route=\/wp\/v2\/types\/post"}],"author":[{"embeddable":true,"href":"https:\/\/pmza.sk\/index.php?rest_route=\/wp\/v2\/users\/2"}],"replies":[{"embeddable":true,"href":"https:\/\/pmza.sk\/index.php?rest_route=%2Fwp%2Fv2%2Fcomments&post=51458"}],"version-history":[{"count":0,"href":"https:\/\/pmza.sk\/index.php?rest_route=\/wp\/v2\/posts\/51458\/revisions"}],"wp:featuredmedia":[{"embeddable":true,"href":"https:\/\/pmza.sk\/index.php?rest_route=\/wp\/v2\/media\/35260"}],"wp:attachment":[{"href":"https:\/\/pmza.sk\/index.php?rest_route=%2Fwp%2Fv2%2Fmedia&parent=51458"}],"wp:term":[{"taxonomy":"category","embeddable":true,"href":"https:\/\/pmza.sk\/index.php?rest_route=%2Fwp%2Fv2%2Fcategories&post=51458"},{"taxonomy":"post_tag","embeddable":true,"href":"https:\/\/pmza.sk\/index.php?rest_route=%2Fwp%2Fv2%2Ftags&post=51458"}],"curies":[{"name":"wp","href":"https:\/\/api.w.org\/{rel}","templated":true}]}}