{"id":51468,"date":"2022-06-16T13:02:07","date_gmt":"2022-06-16T11:02:07","guid":{"rendered":"https:\/\/pmza.sk\/?p=51468"},"modified":"2022-08-11T09:20:09","modified_gmt":"2022-08-11T07:20:09","slug":"elementarnost","status":"publish","type":"post","link":"https:\/\/pmza.sk\/?p=51468","title":{"rendered":"Element\u00e1rnos\u0165"},"content":{"rendered":"<p>V\u00a0kaplnke Budat\u00ednskeho hradu bude od soboty 18. 6. 2022 pre verejnos\u0165 pr\u00edstupn\u00e1 v\u00fdstava Element\u00e1rnos\u0165. Jej autorom je historik umenia Pova\u017esk\u00e9ho m\u00fazea Zden\u011bk Hogh a\u00a0tvor\u00ed ju kolekcia svietidiel s\u00a0\u013eahko vymenite\u013en\u00fdm, prioritne papierov\u00fdm tienidlom, ktor\u00e9 si m\u00f4\u017ee u\u017e\u00edvate\u013e vyrobi\u0165 s\u00e1m s\u00a0vyu\u017eit\u00edm r\u00f4znych sp\u00f4sobov pr\u00e1ce s\u00a0papierom. <em>\u201eProjekt vych\u00e1dza z filozofie jednoduchosti, a\u00a0to v\u00a0rovine estetickej aj kon\u0161truk\u010dnej a\u00a0particip\u00e1cie kone\u010dn\u00e9ho u\u017e\u00edvate\u013ea na dotv\u00e1ran\u00ed produktu a\u00a0vlastn\u00e9ho priestoru. Cie\u013eovou skupinou s\u00fa u\u017e\u00edvatelia r\u00f4znych vekov\u00fdch kateg\u00f3ri\u00ed, po\u010dn\u00fac de\u0165mi mlad\u0161ieho \u0161kolsk\u00e9ho veku,\u201c <\/em>vysvet\u013euje autor.<\/p>\n<p><em>\u201eAktu\u00e1lny s\u00fabor papierov\u00fdch svietidiel \u2013 s\u010dasti l\u00e1mp, s\u010dasti tienidiel, celkom dobre ilustruje element\u00e1rne princ\u00edpy tvorby Zde\u0148ka Hogha. Zauj\u00edma ho svet okolo n\u00e1s \u2013 jednoduch\u00e9 tvary, z\u00e1kladn\u00e9 farby a pr\u00edrodn\u00e9, udr\u017eate\u013en\u00e9 materi\u00e1ly. Celkom aktu\u00e1lna v\u00a0dne\u0161n\u00fdch \u010dasoch je aj energetick\u00e1 alternat\u00edvnos\u0165 jeho light artov. V\u00e4\u010d\u0161ina l\u00e1mp \u0161tandardne svieti. Niektor\u00e9 v\u0161ak m\u00f4\u017eu fungova\u0165 aj bezz\u00e1\u0165a\u017eovo, v\u00a0\u010disto estetickom re\u017eime, po\u010d\u00edtaj\u00fac (len) s\u00a0denn\u00fdm svetlom a\u00a0jeho optick\u00fdm mene\u017ementom,\u201c<\/em> dop\u013a\u0148a kur\u00e1torka v\u00fdstavy Petra Han\u00e1kov\u00e1.<\/p>\n<p>V\u00fdstavu Element\u00e1rnos\u0165 n\u00e1jdu z\u00e1ujemcovia v\u00a0komunitnej miestnosti kaplnky Budat\u00ednskeho hradu do konca j\u00fala 2022.<\/p>\n<p><img fetchpriority=\"high\" decoding=\"async\" class=\"alignnone wp-image-51529\" src=\"https:\/\/pmza.sk\/wp-content\/uploads\/2022\/06\/elementarnost_2-233x360.jpg\" alt=\"\" width=\"331\" height=\"511\" srcset=\"https:\/\/pmza.sk\/wp-content\/uploads\/2022\/06\/elementarnost_2-233x360.jpg 233w, https:\/\/pmza.sk\/wp-content\/uploads\/2022\/06\/elementarnost_2-476x736.jpg 476w, https:\/\/pmza.sk\/wp-content\/uploads\/2022\/06\/elementarnost_2-600x928.jpg 600w, https:\/\/pmza.sk\/wp-content\/uploads\/2022\/06\/elementarnost_2.jpg 630w\" sizes=\"(max-width: 331px) 100vw, 331px\" \/><\/p>\n<p>Projekt podporil Fond na podporu umenia formou \u0161tipendia.<\/p>\n<p><img decoding=\"async\" class=\"alignnone size-medium wp-image-51473\" src=\"https:\/\/pmza.sk\/wp-content\/uploads\/2022\/06\/FPU_logo1_modre-480x360.jpg\" alt=\"\" width=\"480\" height=\"360\" srcset=\"https:\/\/pmza.sk\/wp-content\/uploads\/2022\/06\/FPU_logo1_modre-480x360.jpg 480w, https:\/\/pmza.sk\/wp-content\/uploads\/2022\/06\/FPU_logo1_modre-982x736.jpg 982w, https:\/\/pmza.sk\/wp-content\/uploads\/2022\/06\/FPU_logo1_modre-768x576.jpg 768w, https:\/\/pmza.sk\/wp-content\/uploads\/2022\/06\/FPU_logo1_modre-1536x1152.jpg 1536w, https:\/\/pmza.sk\/wp-content\/uploads\/2022\/06\/FPU_logo1_modre-2048x1536.jpg 2048w, https:\/\/pmza.sk\/wp-content\/uploads\/2022\/06\/FPU_logo1_modre-600x450.jpg 600w\" sizes=\"(max-width: 480px) 100vw, 480px\" \/><\/p>\n<p>&nbsp;<\/p>\n<p>&nbsp;<\/p>\n","protected":false},"excerpt":{"rendered":"<p>V\u00a0kaplnke Budat\u00ednskeho hradu bude od soboty 18. 6. 2022 pre verejnos\u0165 pr\u00edstupn\u00e1 v\u00fdstava Element\u00e1rnos\u0165. Jej autorom je historik umenia Pova\u017esk\u00e9ho m\u00fazea Zden\u011bk Hogh a\u00a0tvor\u00ed ju kolekcia svietidiel s\u00a0\u013eahko vymenite\u013en\u00fdm, prioritne papierov\u00fdm tienidlom, ktor\u00e9 si m\u00f4\u017ee u\u017e\u00edvate\u013e vyrobi\u0165 s\u00e1m s\u00a0vyu\u017eit\u00edm r\u00f4znych sp\u00f4sobov pr\u00e1ce s\u00a0papierom. \u201eProjekt vych\u00e1dza z filozofie jednoduchosti, a\u00a0to v\u00a0rovine estetickej aj kon\u0161truk\u010dnej a\u00a0particip\u00e1cie kone\u010dn\u00e9ho [&hellip;]<\/p>\n","protected":false},"author":2,"featured_media":51485,"comment_status":"open","ping_status":"open","sticky":false,"template":"","format":"standard","meta":{"site-sidebar-layout":"default","site-content-layout":"default","ast-site-content-layout":"","site-content-style":"default","site-sidebar-style":"default","ast-global-header-display":"","ast-banner-title-visibility":"","ast-main-header-display":"","ast-hfb-above-header-display":"","ast-hfb-below-header-display":"","ast-hfb-mobile-header-display":"","site-post-title":"","ast-breadcrumbs-content":"","ast-featured-img":"","footer-sml-layout":"","theme-transparent-header-meta":"default","adv-header-id-meta":"","stick-header-meta":"default","header-above-stick-meta":"","header-main-stick-meta":"","header-below-stick-meta":"","astra-migrate-meta-layouts":"default","ast-page-background-enabled":"default","ast-page-background-meta":{"desktop":{"background-color":"var(--ast-global-color-4)","background-image":"","background-repeat":"repeat","background-position":"center center","background-size":"auto","background-attachment":"scroll","background-type":"","background-media":"","overlay-type":"","overlay-color":"","overlay-opacity":"","overlay-gradient":""},"tablet":{"background-color":"","background-image":"","background-repeat":"repeat","background-position":"center center","background-size":"auto","background-attachment":"scroll","background-type":"","background-media":"","overlay-type":"","overlay-color":"","overlay-opacity":"","overlay-gradient":""},"mobile":{"background-color":"","background-image":"","background-repeat":"repeat","background-position":"center center","background-size":"auto","background-attachment":"scroll","background-type":"","background-media":"","overlay-type":"","overlay-color":"","overlay-opacity":"","overlay-gradient":""}},"ast-content-background-meta":{"desktop":{"background-color":"var(--ast-global-color-5)","background-image":"","background-repeat":"repeat","background-position":"center center","background-size":"auto","background-attachment":"scroll","background-type":"","background-media":"","overlay-type":"","overlay-color":"","overlay-opacity":"","overlay-gradient":""},"tablet":{"background-color":"var(--ast-global-color-5)","background-image":"","background-repeat":"repeat","background-position":"center center","background-size":"auto","background-attachment":"scroll","background-type":"","background-media":"","overlay-type":"","overlay-color":"","overlay-opacity":"","overlay-gradient":""},"mobile":{"background-color":"var(--ast-global-color-5)","background-image":"","background-repeat":"repeat","background-position":"center center","background-size":"auto","background-attachment":"scroll","background-type":"","background-media":"","overlay-type":"","overlay-color":"","overlay-opacity":"","overlay-gradient":""}},"footnotes":""},"categories":[72],"tags":[],"class_list":["post-51468","post","type-post","status-publish","format-standard","has-post-thumbnail","hentry","category-vystavy"],"yoast_head":"<!-- This site is optimized with the Yoast SEO plugin v27.4 - https:\/\/yoast.com\/product\/yoast-seo-wordpress\/ -->\n<title>Element\u00e1rnos\u0165 - Pova\u017esk\u00e9 m\u00fazeum<\/title>\n<meta name=\"description\" content=\"V\u00a0kaplnke Budat\u00ednskeho hradu bude od soboty 18. 6. 2022 pre verejnos\u0165 pr\u00edstupn\u00e1 v\u00fdstava Element\u00e1rnos\u0165. Jej autorom je historik umenia Pova\u017esk\u00e9ho m\u00fazea Zden\u011bk Hogh a\u00a0tvor\u00ed ju kolekcia svietidiel s\u00a0\u013eahko vymenite\u013en\u00fdm, prioritne papierov\u00fdm tienidlom, ktor\u00e9 si m\u00f4\u017ee u\u017e\u00edvate\u013e vyrobi\u0165 s\u00e1m s\u00a0vyu\u017eit\u00edm r\u00f4znych sp\u00f4sobov pr\u00e1ce s\u00a0papierom. V\u00fdstavu Element\u00e1rnos\u0165 n\u00e1jdu z\u00e1ujemcovia v\u00a0komunitnej miestnosti kaplnky Budat\u00ednskeho hradu do konca j\u00fala 2022.\" \/>\n<meta name=\"robots\" content=\"index, follow, max-snippet:-1, max-image-preview:large, max-video-preview:-1\" \/>\n<link rel=\"canonical\" href=\"https:\/\/pmza.sk\/?p=51468\" \/>\n<meta property=\"og:locale\" content=\"sk_SK\" \/>\n<meta property=\"og:type\" content=\"article\" \/>\n<meta property=\"og:title\" content=\"Element\u00e1rnos\u0165 - Pova\u017esk\u00e9 m\u00fazeum\" \/>\n<meta property=\"og:description\" content=\"V\u00a0kaplnke Budat\u00ednskeho hradu bude od soboty 18. 6. 2022 pre verejnos\u0165 pr\u00edstupn\u00e1 v\u00fdstava Element\u00e1rnos\u0165. Jej autorom je historik umenia Pova\u017esk\u00e9ho m\u00fazea Zden\u011bk Hogh a\u00a0tvor\u00ed ju kolekcia svietidiel s\u00a0\u013eahko vymenite\u013en\u00fdm, prioritne papierov\u00fdm tienidlom, ktor\u00e9 si m\u00f4\u017ee u\u017e\u00edvate\u013e vyrobi\u0165 s\u00e1m s\u00a0vyu\u017eit\u00edm r\u00f4znych sp\u00f4sobov pr\u00e1ce s\u00a0papierom. V\u00fdstavu Element\u00e1rnos\u0165 n\u00e1jdu z\u00e1ujemcovia v\u00a0komunitnej miestnosti kaplnky Budat\u00ednskeho hradu do konca j\u00fala 2022.\" \/>\n<meta property=\"og:url\" content=\"https:\/\/pmza.sk\/?p=51468\" \/>\n<meta property=\"og:site_name\" content=\"Pova\u017esk\u00e9 m\u00fazeum\" \/>\n<meta property=\"article:publisher\" content=\"https:\/\/www.facebook.com\/povazskemuzeum\" \/>\n<meta property=\"article:published_time\" content=\"2022-06-16T11:02:07+00:00\" \/>\n<meta property=\"article:modified_time\" content=\"2022-08-11T07:20:09+00:00\" \/>\n<meta property=\"og:image\" content=\"https:\/\/pmza.sk\/wp-content\/uploads\/2022\/06\/Rodinne-poklady-a-1-scaled.jpg\" \/>\n\t<meta property=\"og:image:width\" content=\"1992\" \/>\n\t<meta property=\"og:image:height\" content=\"2560\" \/>\n\t<meta property=\"og:image:type\" content=\"image\/jpeg\" \/>\n<meta name=\"author\" content=\"Pova\u017esk\u00e9 m\u00fazeum\" \/>\n<meta name=\"twitter:card\" content=\"summary_large_image\" \/>\n<meta name=\"twitter:label1\" content=\"Autor\" \/>\n\t<meta name=\"twitter:data1\" content=\"Pova\u017esk\u00e9 m\u00fazeum\" \/>\n\t<meta name=\"twitter:label2\" content=\"Predpokladan\u00fd \u010das \u010d\u00edtania\" \/>\n\t<meta name=\"twitter:data2\" content=\"1 min\u00fata\" \/>\n<script type=\"application\/ld+json\" class=\"yoast-schema-graph\">{\"@context\":\"https:\\\/\\\/schema.org\",\"@graph\":[{\"@type\":\"Article\",\"@id\":\"https:\\\/\\\/pmza.sk\\\/?p=51468#article\",\"isPartOf\":{\"@id\":\"https:\\\/\\\/pmza.sk\\\/?p=51468\"},\"author\":{\"name\":\"Pova\u017esk\u00e9 m\u00fazeum\",\"@id\":\"https:\\\/\\\/pmza.sk\\\/#\\\/schema\\\/person\\\/595e6a2ce731ea94dcd5d7f50a41ae33\"},\"headline\":\"Element\u00e1rnos\u0165\",\"datePublished\":\"2022-06-16T11:02:07+00:00\",\"dateModified\":\"2022-08-11T07:20:09+00:00\",\"mainEntityOfPage\":{\"@id\":\"https:\\\/\\\/pmza.sk\\\/?p=51468\"},\"wordCount\":257,\"commentCount\":0,\"publisher\":{\"@id\":\"https:\\\/\\\/pmza.sk\\\/#organization\"},\"image\":{\"@id\":\"https:\\\/\\\/pmza.sk\\\/?p=51468#primaryimage\"},\"thumbnailUrl\":\"https:\\\/\\\/pmza.sk\\\/wp-content\\\/uploads\\\/2022\\\/06\\\/Rodinne-poklady-a-1-scaled.jpg\",\"articleSection\":[\"V\u00fdstavy\"],\"inLanguage\":\"sk-SK\"},{\"@type\":\"WebPage\",\"@id\":\"https:\\\/\\\/pmza.sk\\\/?p=51468\",\"url\":\"https:\\\/\\\/pmza.sk\\\/?p=51468\",\"name\":\"Element\u00e1rnos\u0165 - Pova\u017esk\u00e9 m\u00fazeum\",\"isPartOf\":{\"@id\":\"https:\\\/\\\/pmza.sk\\\/#website\"},\"primaryImageOfPage\":{\"@id\":\"https:\\\/\\\/pmza.sk\\\/?p=51468#primaryimage\"},\"image\":{\"@id\":\"https:\\\/\\\/pmza.sk\\\/?p=51468#primaryimage\"},\"thumbnailUrl\":\"https:\\\/\\\/pmza.sk\\\/wp-content\\\/uploads\\\/2022\\\/06\\\/Rodinne-poklady-a-1-scaled.jpg\",\"datePublished\":\"2022-06-16T11:02:07+00:00\",\"dateModified\":\"2022-08-11T07:20:09+00:00\",\"description\":\"V\u00a0kaplnke Budat\u00ednskeho hradu bude od soboty 18. 6. 2022 pre verejnos\u0165 pr\u00edstupn\u00e1 v\u00fdstava Element\u00e1rnos\u0165. Jej autorom je historik umenia Pova\u017esk\u00e9ho m\u00fazea Zden\u011bk Hogh a\u00a0tvor\u00ed ju kolekcia svietidiel s\u00a0\u013eahko vymenite\u013en\u00fdm, prioritne papierov\u00fdm tienidlom, ktor\u00e9 si m\u00f4\u017ee u\u017e\u00edvate\u013e vyrobi\u0165 s\u00e1m s\u00a0vyu\u017eit\u00edm r\u00f4znych sp\u00f4sobov pr\u00e1ce s\u00a0papierom. V\u00fdstavu Element\u00e1rnos\u0165 n\u00e1jdu z\u00e1ujemcovia v\u00a0komunitnej miestnosti kaplnky Budat\u00ednskeho hradu do konca j\u00fala 2022.\",\"breadcrumb\":{\"@id\":\"https:\\\/\\\/pmza.sk\\\/?p=51468#breadcrumb\"},\"inLanguage\":\"sk-SK\",\"potentialAction\":[{\"@type\":\"ReadAction\",\"target\":[\"https:\\\/\\\/pmza.sk\\\/?p=51468\"]}]},{\"@type\":\"ImageObject\",\"inLanguage\":\"sk-SK\",\"@id\":\"https:\\\/\\\/pmza.sk\\\/?p=51468#primaryimage\",\"url\":\"https:\\\/\\\/pmza.sk\\\/wp-content\\\/uploads\\\/2022\\\/06\\\/Rodinne-poklady-a-1-scaled.jpg\",\"contentUrl\":\"https:\\\/\\\/pmza.sk\\\/wp-content\\\/uploads\\\/2022\\\/06\\\/Rodinne-poklady-a-1-scaled.jpg\",\"width\":1992,\"height\":2560,\"caption\":\"????????????????????????????????????\"},{\"@type\":\"BreadcrumbList\",\"@id\":\"https:\\\/\\\/pmza.sk\\\/?p=51468#breadcrumb\",\"itemListElement\":[{\"@type\":\"ListItem\",\"position\":1,\"name\":\"Domovsk\u00e1 str\u00e1nka\",\"item\":\"https:\\\/\\\/pmza.sk\\\/\"},{\"@type\":\"ListItem\",\"position\":2,\"name\":\"Element\u00e1rnos\u0165\"}]},{\"@type\":\"WebSite\",\"@id\":\"https:\\\/\\\/pmza.sk\\\/#website\",\"url\":\"https:\\\/\\\/pmza.sk\\\/\",\"name\":\"Pova\u017esk\u00e9 m\u00fazeum\",\"description\":\"Pova\u017esk\u00e9 m\u00fazeum v \u017diline je region\u00e1lne m\u00fazeum so s\u00eddlom v Budat\u00edne. Jeho expoz\u00edcie s\u00fa zameran\u00e9 na dejiny slovensk\u00e9ho umenia, kult\u00fary a dopravy.\",\"publisher\":{\"@id\":\"https:\\\/\\\/pmza.sk\\\/#organization\"},\"potentialAction\":[{\"@type\":\"SearchAction\",\"target\":{\"@type\":\"EntryPoint\",\"urlTemplate\":\"https:\\\/\\\/pmza.sk\\\/?s={search_term_string}\"},\"query-input\":{\"@type\":\"PropertyValueSpecification\",\"valueRequired\":true,\"valueName\":\"search_term_string\"}}],\"inLanguage\":\"sk-SK\"},{\"@type\":\"Organization\",\"@id\":\"https:\\\/\\\/pmza.sk\\\/#organization\",\"name\":\"Pova\u017esk\u00e9 m\u00fazeum\",\"url\":\"https:\\\/\\\/pmza.sk\\\/\",\"logo\":{\"@type\":\"ImageObject\",\"inLanguage\":\"sk-SK\",\"@id\":\"https:\\\/\\\/pmza.sk\\\/#\\\/schema\\\/logo\\\/image\\\/\",\"url\":\"https:\\\/\\\/pmza.sk\\\/wp-content\\\/uploads\\\/2022\\\/01\\\/logo_PM_horizontal.jpg\",\"contentUrl\":\"https:\\\/\\\/pmza.sk\\\/wp-content\\\/uploads\\\/2022\\\/01\\\/logo_PM_horizontal.jpg\",\"width\":231,\"height\":142,\"caption\":\"Pova\u017esk\u00e9 m\u00fazeum\"},\"image\":{\"@id\":\"https:\\\/\\\/pmza.sk\\\/#\\\/schema\\\/logo\\\/image\\\/\"},\"sameAs\":[\"https:\\\/\\\/www.facebook.com\\\/povazskemuzeum\",\"https:\\\/\\\/www.instagram.com\\\/povazskemuzeum\\\/\"]},{\"@type\":\"Person\",\"@id\":\"https:\\\/\\\/pmza.sk\\\/#\\\/schema\\\/person\\\/595e6a2ce731ea94dcd5d7f50a41ae33\",\"name\":\"Pova\u017esk\u00e9 m\u00fazeum\",\"image\":{\"@type\":\"ImageObject\",\"inLanguage\":\"sk-SK\",\"@id\":\"https:\\\/\\\/secure.gravatar.com\\\/avatar\\\/2bb7f1561282132fb5826dfeccc66c7996d11ee392ac6aaf7ced8a1c2027fbb2?s=96&d=mm&r=g\",\"url\":\"https:\\\/\\\/secure.gravatar.com\\\/avatar\\\/2bb7f1561282132fb5826dfeccc66c7996d11ee392ac6aaf7ced8a1c2027fbb2?s=96&d=mm&r=g\",\"contentUrl\":\"https:\\\/\\\/secure.gravatar.com\\\/avatar\\\/2bb7f1561282132fb5826dfeccc66c7996d11ee392ac6aaf7ced8a1c2027fbb2?s=96&d=mm&r=g\",\"caption\":\"Pova\u017esk\u00e9 m\u00fazeum\"}}]}<\/script>\n<!-- \/ Yoast SEO plugin. -->","yoast_head_json":{"title":"Element\u00e1rnos\u0165 - Pova\u017esk\u00e9 m\u00fazeum","description":"V\u00a0kaplnke Budat\u00ednskeho hradu bude od soboty 18. 6. 2022 pre verejnos\u0165 pr\u00edstupn\u00e1 v\u00fdstava Element\u00e1rnos\u0165. Jej autorom je historik umenia Pova\u017esk\u00e9ho m\u00fazea Zden\u011bk Hogh a\u00a0tvor\u00ed ju kolekcia svietidiel s\u00a0\u013eahko vymenite\u013en\u00fdm, prioritne papierov\u00fdm tienidlom, ktor\u00e9 si m\u00f4\u017ee u\u017e\u00edvate\u013e vyrobi\u0165 s\u00e1m s\u00a0vyu\u017eit\u00edm r\u00f4znych sp\u00f4sobov pr\u00e1ce s\u00a0papierom. V\u00fdstavu Element\u00e1rnos\u0165 n\u00e1jdu z\u00e1ujemcovia v\u00a0komunitnej miestnosti kaplnky Budat\u00ednskeho hradu do konca j\u00fala 2022.","robots":{"index":"index","follow":"follow","max-snippet":"max-snippet:-1","max-image-preview":"max-image-preview:large","max-video-preview":"max-video-preview:-1"},"canonical":"https:\/\/pmza.sk\/?p=51468","og_locale":"sk_SK","og_type":"article","og_title":"Element\u00e1rnos\u0165 - Pova\u017esk\u00e9 m\u00fazeum","og_description":"V\u00a0kaplnke Budat\u00ednskeho hradu bude od soboty 18. 6. 2022 pre verejnos\u0165 pr\u00edstupn\u00e1 v\u00fdstava Element\u00e1rnos\u0165. Jej autorom je historik umenia Pova\u017esk\u00e9ho m\u00fazea Zden\u011bk Hogh a\u00a0tvor\u00ed ju kolekcia svietidiel s\u00a0\u013eahko vymenite\u013en\u00fdm, prioritne papierov\u00fdm tienidlom, ktor\u00e9 si m\u00f4\u017ee u\u017e\u00edvate\u013e vyrobi\u0165 s\u00e1m s\u00a0vyu\u017eit\u00edm r\u00f4znych sp\u00f4sobov pr\u00e1ce s\u00a0papierom. V\u00fdstavu Element\u00e1rnos\u0165 n\u00e1jdu z\u00e1ujemcovia v\u00a0komunitnej miestnosti kaplnky Budat\u00ednskeho hradu do konca j\u00fala 2022.","og_url":"https:\/\/pmza.sk\/?p=51468","og_site_name":"Pova\u017esk\u00e9 m\u00fazeum","article_publisher":"https:\/\/www.facebook.com\/povazskemuzeum","article_published_time":"2022-06-16T11:02:07+00:00","article_modified_time":"2022-08-11T07:20:09+00:00","og_image":[{"width":1992,"height":2560,"url":"https:\/\/pmza.sk\/wp-content\/uploads\/2022\/06\/Rodinne-poklady-a-1-scaled.jpg","type":"image\/jpeg"}],"author":"Pova\u017esk\u00e9 m\u00fazeum","twitter_card":"summary_large_image","twitter_misc":{"Autor":"Pova\u017esk\u00e9 m\u00fazeum","Predpokladan\u00fd \u010das \u010d\u00edtania":"1 min\u00fata"},"schema":{"@context":"https:\/\/schema.org","@graph":[{"@type":"Article","@id":"https:\/\/pmza.sk\/?p=51468#article","isPartOf":{"@id":"https:\/\/pmza.sk\/?p=51468"},"author":{"name":"Pova\u017esk\u00e9 m\u00fazeum","@id":"https:\/\/pmza.sk\/#\/schema\/person\/595e6a2ce731ea94dcd5d7f50a41ae33"},"headline":"Element\u00e1rnos\u0165","datePublished":"2022-06-16T11:02:07+00:00","dateModified":"2022-08-11T07:20:09+00:00","mainEntityOfPage":{"@id":"https:\/\/pmza.sk\/?p=51468"},"wordCount":257,"commentCount":0,"publisher":{"@id":"https:\/\/pmza.sk\/#organization"},"image":{"@id":"https:\/\/pmza.sk\/?p=51468#primaryimage"},"thumbnailUrl":"https:\/\/pmza.sk\/wp-content\/uploads\/2022\/06\/Rodinne-poklady-a-1-scaled.jpg","articleSection":["V\u00fdstavy"],"inLanguage":"sk-SK"},{"@type":"WebPage","@id":"https:\/\/pmza.sk\/?p=51468","url":"https:\/\/pmza.sk\/?p=51468","name":"Element\u00e1rnos\u0165 - Pova\u017esk\u00e9 m\u00fazeum","isPartOf":{"@id":"https:\/\/pmza.sk\/#website"},"primaryImageOfPage":{"@id":"https:\/\/pmza.sk\/?p=51468#primaryimage"},"image":{"@id":"https:\/\/pmza.sk\/?p=51468#primaryimage"},"thumbnailUrl":"https:\/\/pmza.sk\/wp-content\/uploads\/2022\/06\/Rodinne-poklady-a-1-scaled.jpg","datePublished":"2022-06-16T11:02:07+00:00","dateModified":"2022-08-11T07:20:09+00:00","description":"V\u00a0kaplnke Budat\u00ednskeho hradu bude od soboty 18. 6. 2022 pre verejnos\u0165 pr\u00edstupn\u00e1 v\u00fdstava Element\u00e1rnos\u0165. Jej autorom je historik umenia Pova\u017esk\u00e9ho m\u00fazea Zden\u011bk Hogh a\u00a0tvor\u00ed ju kolekcia svietidiel s\u00a0\u013eahko vymenite\u013en\u00fdm, prioritne papierov\u00fdm tienidlom, ktor\u00e9 si m\u00f4\u017ee u\u017e\u00edvate\u013e vyrobi\u0165 s\u00e1m s\u00a0vyu\u017eit\u00edm r\u00f4znych sp\u00f4sobov pr\u00e1ce s\u00a0papierom. V\u00fdstavu Element\u00e1rnos\u0165 n\u00e1jdu z\u00e1ujemcovia v\u00a0komunitnej miestnosti kaplnky Budat\u00ednskeho hradu do konca j\u00fala 2022.","breadcrumb":{"@id":"https:\/\/pmza.sk\/?p=51468#breadcrumb"},"inLanguage":"sk-SK","potentialAction":[{"@type":"ReadAction","target":["https:\/\/pmza.sk\/?p=51468"]}]},{"@type":"ImageObject","inLanguage":"sk-SK","@id":"https:\/\/pmza.sk\/?p=51468#primaryimage","url":"https:\/\/pmza.sk\/wp-content\/uploads\/2022\/06\/Rodinne-poklady-a-1-scaled.jpg","contentUrl":"https:\/\/pmza.sk\/wp-content\/uploads\/2022\/06\/Rodinne-poklady-a-1-scaled.jpg","width":1992,"height":2560,"caption":"????????????????????????????????????"},{"@type":"BreadcrumbList","@id":"https:\/\/pmza.sk\/?p=51468#breadcrumb","itemListElement":[{"@type":"ListItem","position":1,"name":"Domovsk\u00e1 str\u00e1nka","item":"https:\/\/pmza.sk\/"},{"@type":"ListItem","position":2,"name":"Element\u00e1rnos\u0165"}]},{"@type":"WebSite","@id":"https:\/\/pmza.sk\/#website","url":"https:\/\/pmza.sk\/","name":"Pova\u017esk\u00e9 m\u00fazeum","description":"Pova\u017esk\u00e9 m\u00fazeum v \u017diline je region\u00e1lne m\u00fazeum so s\u00eddlom v Budat\u00edne. Jeho expoz\u00edcie s\u00fa zameran\u00e9 na dejiny slovensk\u00e9ho umenia, kult\u00fary a dopravy.","publisher":{"@id":"https:\/\/pmza.sk\/#organization"},"potentialAction":[{"@type":"SearchAction","target":{"@type":"EntryPoint","urlTemplate":"https:\/\/pmza.sk\/?s={search_term_string}"},"query-input":{"@type":"PropertyValueSpecification","valueRequired":true,"valueName":"search_term_string"}}],"inLanguage":"sk-SK"},{"@type":"Organization","@id":"https:\/\/pmza.sk\/#organization","name":"Pova\u017esk\u00e9 m\u00fazeum","url":"https:\/\/pmza.sk\/","logo":{"@type":"ImageObject","inLanguage":"sk-SK","@id":"https:\/\/pmza.sk\/#\/schema\/logo\/image\/","url":"https:\/\/pmza.sk\/wp-content\/uploads\/2022\/01\/logo_PM_horizontal.jpg","contentUrl":"https:\/\/pmza.sk\/wp-content\/uploads\/2022\/01\/logo_PM_horizontal.jpg","width":231,"height":142,"caption":"Pova\u017esk\u00e9 m\u00fazeum"},"image":{"@id":"https:\/\/pmza.sk\/#\/schema\/logo\/image\/"},"sameAs":["https:\/\/www.facebook.com\/povazskemuzeum","https:\/\/www.instagram.com\/povazskemuzeum\/"]},{"@type":"Person","@id":"https:\/\/pmza.sk\/#\/schema\/person\/595e6a2ce731ea94dcd5d7f50a41ae33","name":"Pova\u017esk\u00e9 m\u00fazeum","image":{"@type":"ImageObject","inLanguage":"sk-SK","@id":"https:\/\/secure.gravatar.com\/avatar\/2bb7f1561282132fb5826dfeccc66c7996d11ee392ac6aaf7ced8a1c2027fbb2?s=96&d=mm&r=g","url":"https:\/\/secure.gravatar.com\/avatar\/2bb7f1561282132fb5826dfeccc66c7996d11ee392ac6aaf7ced8a1c2027fbb2?s=96&d=mm&r=g","contentUrl":"https:\/\/secure.gravatar.com\/avatar\/2bb7f1561282132fb5826dfeccc66c7996d11ee392ac6aaf7ced8a1c2027fbb2?s=96&d=mm&r=g","caption":"Pova\u017esk\u00e9 m\u00fazeum"}}]}},"_links":{"self":[{"href":"https:\/\/pmza.sk\/index.php?rest_route=\/wp\/v2\/posts\/51468","targetHints":{"allow":["GET"]}}],"collection":[{"href":"https:\/\/pmza.sk\/index.php?rest_route=\/wp\/v2\/posts"}],"about":[{"href":"https:\/\/pmza.sk\/index.php?rest_route=\/wp\/v2\/types\/post"}],"author":[{"embeddable":true,"href":"https:\/\/pmza.sk\/index.php?rest_route=\/wp\/v2\/users\/2"}],"replies":[{"embeddable":true,"href":"https:\/\/pmza.sk\/index.php?rest_route=%2Fwp%2Fv2%2Fcomments&post=51468"}],"version-history":[{"count":0,"href":"https:\/\/pmza.sk\/index.php?rest_route=\/wp\/v2\/posts\/51468\/revisions"}],"wp:featuredmedia":[{"embeddable":true,"href":"https:\/\/pmza.sk\/index.php?rest_route=\/wp\/v2\/media\/51485"}],"wp:attachment":[{"href":"https:\/\/pmza.sk\/index.php?rest_route=%2Fwp%2Fv2%2Fmedia&parent=51468"}],"wp:term":[{"taxonomy":"category","embeddable":true,"href":"https:\/\/pmza.sk\/index.php?rest_route=%2Fwp%2Fv2%2Fcategories&post=51468"},{"taxonomy":"post_tag","embeddable":true,"href":"https:\/\/pmza.sk\/index.php?rest_route=%2Fwp%2Fv2%2Ftags&post=51468"}],"curies":[{"name":"wp","href":"https:\/\/api.w.org\/{rel}","templated":true}]}}