{"id":51526,"date":"2022-06-29T07:53:52","date_gmt":"2022-06-29T05:53:52","guid":{"rendered":"https:\/\/pmza.sk\/?p=51526"},"modified":"2025-05-15T07:12:40","modified_gmt":"2025-05-15T05:12:40","slug":"sezona-v-povazskom-muzeu","status":"publish","type":"post","link":"https:\/\/pmza.sk\/?p=51526","title":{"rendered":"Sez\u00f3na v Pova\u017eskom m\u00fazeu"},"content":{"rendered":"<p>Sez\u00f3na roku 2022 bude v Pova\u017eskom m\u00fazeu naozaj pestr\u00e1. A ke\u010f\u017ee v tomto roku oslavujeme\u00a0 80. v\u00fdro\u010die od zalo\u017eenia m\u00fazea, ve\u013ek\u00e9 podujatia sa bud\u00fa nies\u0165 v tomto duchu.<\/p>\n<p>Leto za\u010dneme vo ve\u013ekom \u0161t\u00fdle na podujat\u00ed Zlat\u00e9 \u010dasy budat\u00ednske, na ktorom sa vr\u00e1time do \u010dias posledn\u00e9ho majite\u013ea Budat\u00ednskeho hradu &#8211; gr\u00f3fa Gejzu \u010c\u00e1kiho. Po dvoch rokoch bude na Budat\u00edne De\u0148 po\u013eskej kult\u00fary a po minuloro\u010dnom \u00faspechu podujatia Dra\u010die dni, sa v auguste uskuto\u010dnia op\u00e4\u0165. V septembri bud\u00fa n\u00e1v\u0161tevn\u00edci l\u00fa\u0161ti\u0165 spolu so Sherlockom Holmesom Z\u00e1hadu srdcovej kr\u00e1\u013eovnej a v okt\u00f3bri sa stretneme na ob\u013e\u00fabenej akcii Budat\u00ednsky r\u00ednok.<\/p>\n<p>Na hrade Stre\u010dno sa m\u00f4\u017eu n\u00e1v\u0161tevn\u00edci te\u0161i\u0165 na tradi\u010dn\u00e9 no\u010dn\u00e9 prehliadky, ktor\u00e9 sa uskuto\u010dnia v j\u00fali a v auguste a leto spestria i Hradn\u00e9 hry \u017dofie Bosniakovej. Tento rok bud\u00fa novinkou koncerty Lenky Filipovej a Pavla Hammela v stredovekej dedine Paseka. Na konci leta sa bude kona\u0165 Pasekanie a jese\u0148 prinesie Cestovanie v \u010dase. Sez\u00f3nu ukon\u010d\u00edme na Noci duchov, tekv\u00edc a stra\u0161idiel.<\/p>\n<p>No\u010dn\u00e9 prehliadky sa bud\u00fa po prv\u00fdkr\u00e1t kona\u0165 aj v Sob\u00e1\u0161nom pal\u00e1ci v Byt\u010di,\u00a0 z\u00e1ujemcovia si ich bud\u00fa m\u00f4c\u0165 vychutna\u0165 v j\u00fali i auguste. Na konci septembra sa komentovanou prehliadkou rozl\u00fa\u010dime s v\u00fdstavou Remeslo m\u00e1 modr\u00e9 dno.<\/p>\n<p>Rajeck\u00e1 An\u010da spestr\u00ed druh\u00fd augustov\u00fd v\u00edkend mnoh\u00fdm rodin\u00e1m s de\u0165mi a program bude aj v M\u00fazeu dopravy v Rajeck\u00fdch Tepliciach.<\/p>\n<p>S\u00fa\u010das\u0165ou J\u00e1no\u0161\u00edkov\u00fdch dn\u00ed v Terchovej bud\u00fa tie\u017e aktivity v Expoz\u00edcii J\u00e1no\u0161\u00edk a Terchov\u00e1 pod n\u00e1zvom Zbojn\u00edckym chodn\u00ed\u010dkom.<\/p>\n<p>\u010ci\u010dmany v tomto roku oslavuj\u00fa 750. v\u00fdro\u010die prvej p\u00edsomnej zmienky a \u010dakaj\u00fa ich aj hody a celosvetov\u00e9 stretnutie fujaristov. Po\u010das podujat\u00ed bude mo\u017en\u00e9 nav\u0161t\u00edvi\u0165 Objekty \u013eudovej architekt\u00fary.<\/p>\n","protected":false},"excerpt":{"rendered":"<p>Sez\u00f3na roku 2022 bude v Pova\u017eskom m\u00fazeu naozaj pestr\u00e1. A ke\u010f\u017ee v tomto roku oslavujeme\u00a0 80. v\u00fdro\u010die od zalo\u017eenia m\u00fazea, ve\u013ek\u00e9 podujatia sa bud\u00fa nies\u0165 v tomto duchu. Leto za\u010dneme vo ve\u013ekom \u0161t\u00fdle na podujat\u00ed Zlat\u00e9 \u010dasy budat\u00ednske, na ktorom sa vr\u00e1time do \u010dias posledn\u00e9ho majite\u013ea Budat\u00ednskeho hradu &#8211; gr\u00f3fa Gejzu \u010c\u00e1kiho. Po dvoch rokoch [&hellip;]<\/p>\n","protected":false},"author":2,"featured_media":51527,"comment_status":"closed","ping_status":"closed","sticky":false,"template":"","format":"standard","meta":{"site-sidebar-layout":"default","site-content-layout":"default","ast-site-content-layout":"default","site-content-style":"default","site-sidebar-style":"default","ast-global-header-display":"","ast-banner-title-visibility":"","ast-main-header-display":"","ast-hfb-above-header-display":"","ast-hfb-below-header-display":"","ast-hfb-mobile-header-display":"","site-post-title":"","ast-breadcrumbs-content":"","ast-featured-img":"","footer-sml-layout":"","theme-transparent-header-meta":"default","adv-header-id-meta":"","stick-header-meta":"default","header-above-stick-meta":"","header-main-stick-meta":"","header-below-stick-meta":"","astra-migrate-meta-layouts":"set","ast-page-background-enabled":"default","ast-page-background-meta":{"desktop":{"background-color":"var(--ast-global-color-4)","background-image":"","background-repeat":"repeat","background-position":"center center","background-size":"auto","background-attachment":"scroll","background-type":"","background-media":"","overlay-type":"","overlay-color":"","overlay-opacity":"","overlay-gradient":""},"tablet":{"background-color":"","background-image":"","background-repeat":"repeat","background-position":"center center","background-size":"auto","background-attachment":"scroll","background-type":"","background-media":"","overlay-type":"","overlay-color":"","overlay-opacity":"","overlay-gradient":""},"mobile":{"background-color":"","background-image":"","background-repeat":"repeat","background-position":"center center","background-size":"auto","background-attachment":"scroll","background-type":"","background-media":"","overlay-type":"","overlay-color":"","overlay-opacity":"","overlay-gradient":""}},"ast-content-background-meta":{"desktop":{"background-color":"var(--ast-global-color-5)","background-image":"","background-repeat":"repeat","background-position":"center center","background-size":"auto","background-attachment":"scroll","background-type":"","background-media":"","overlay-type":"","overlay-color":"","overlay-opacity":"","overlay-gradient":""},"tablet":{"background-color":"var(--ast-global-color-5)","background-image":"","background-repeat":"repeat","background-position":"center center","background-size":"auto","background-attachment":"scroll","background-type":"","background-media":"","overlay-type":"","overlay-color":"","overlay-opacity":"","overlay-gradient":""},"mobile":{"background-color":"var(--ast-global-color-5)","background-image":"","background-repeat":"repeat","background-position":"center center","background-size":"auto","background-attachment":"scroll","background-type":"","background-media":"","overlay-type":"","overlay-color":"","overlay-opacity":"","overlay-gradient":""}},"footnotes":""},"categories":[31],"tags":[],"class_list":["post-51526","post","type-post","status-publish","format-standard","has-post-thumbnail","hentry","category-aktuality"],"yoast_head":"<!-- This site is optimized with the Yoast SEO plugin v27.4 - https:\/\/yoast.com\/product\/yoast-seo-wordpress\/ -->\n<title>Sez\u00f3na v Pova\u017eskom m\u00fazeu - Pova\u017esk\u00e9 m\u00fazeum<\/title>\n<meta name=\"robots\" content=\"index, follow, max-snippet:-1, max-image-preview:large, max-video-preview:-1\" \/>\n<link rel=\"canonical\" href=\"https:\/\/pmza.sk\/?p=51526\" \/>\n<meta property=\"og:locale\" content=\"sk_SK\" \/>\n<meta property=\"og:type\" content=\"article\" \/>\n<meta property=\"og:title\" content=\"Sez\u00f3na v Pova\u017eskom m\u00fazeu - Pova\u017esk\u00e9 m\u00fazeum\" \/>\n<meta property=\"og:description\" content=\"Sez\u00f3na roku 2022 bude v Pova\u017eskom m\u00fazeu naozaj pestr\u00e1. A ke\u010f\u017ee v tomto roku oslavujeme\u00a0 80. v\u00fdro\u010die od zalo\u017eenia m\u00fazea, ve\u013ek\u00e9 podujatia sa bud\u00fa nies\u0165 v tomto duchu. Leto za\u010dneme vo ve\u013ekom \u0161t\u00fdle na podujat\u00ed Zlat\u00e9 \u010dasy budat\u00ednske, na ktorom sa vr\u00e1time do \u010dias posledn\u00e9ho majite\u013ea Budat\u00ednskeho hradu &#8211; gr\u00f3fa Gejzu \u010c\u00e1kiho. Po dvoch rokoch [&hellip;]\" \/>\n<meta property=\"og:url\" content=\"https:\/\/pmza.sk\/?p=51526\" \/>\n<meta property=\"og:site_name\" content=\"Pova\u017esk\u00e9 m\u00fazeum\" \/>\n<meta property=\"article:publisher\" content=\"https:\/\/www.facebook.com\/povazskemuzeum\" \/>\n<meta property=\"article:published_time\" content=\"2022-06-29T05:53:52+00:00\" \/>\n<meta property=\"article:modified_time\" content=\"2025-05-15T05:12:40+00:00\" \/>\n<meta property=\"og:image\" content=\"https:\/\/pmza.sk\/wp-content\/uploads\/2022\/06\/podujatia_3-scaled.jpg\" \/>\n\t<meta property=\"og:image:width\" content=\"1810\" \/>\n\t<meta property=\"og:image:height\" content=\"2560\" \/>\n\t<meta property=\"og:image:type\" content=\"image\/jpeg\" \/>\n<meta name=\"author\" content=\"Pova\u017esk\u00e9 m\u00fazeum\" \/>\n<meta name=\"twitter:card\" content=\"summary_large_image\" \/>\n<meta name=\"twitter:label1\" content=\"Autor\" \/>\n\t<meta name=\"twitter:data1\" content=\"Pova\u017esk\u00e9 m\u00fazeum\" \/>\n\t<meta name=\"twitter:label2\" content=\"Predpokladan\u00fd \u010das \u010d\u00edtania\" \/>\n\t<meta name=\"twitter:data2\" content=\"2 min\u00faty\" \/>\n<script type=\"application\/ld+json\" class=\"yoast-schema-graph\">{\"@context\":\"https:\\\/\\\/schema.org\",\"@graph\":[{\"@type\":\"Article\",\"@id\":\"https:\\\/\\\/pmza.sk\\\/?p=51526#article\",\"isPartOf\":{\"@id\":\"https:\\\/\\\/pmza.sk\\\/?p=51526\"},\"author\":{\"name\":\"Pova\u017esk\u00e9 m\u00fazeum\",\"@id\":\"https:\\\/\\\/pmza.sk\\\/#\\\/schema\\\/person\\\/595e6a2ce731ea94dcd5d7f50a41ae33\"},\"headline\":\"Sez\u00f3na v Pova\u017eskom m\u00fazeu\",\"datePublished\":\"2022-06-29T05:53:52+00:00\",\"dateModified\":\"2025-05-15T05:12:40+00:00\",\"mainEntityOfPage\":{\"@id\":\"https:\\\/\\\/pmza.sk\\\/?p=51526\"},\"wordCount\":347,\"publisher\":{\"@id\":\"https:\\\/\\\/pmza.sk\\\/#organization\"},\"image\":{\"@id\":\"https:\\\/\\\/pmza.sk\\\/?p=51526#primaryimage\"},\"thumbnailUrl\":\"https:\\\/\\\/pmza.sk\\\/wp-content\\\/uploads\\\/2022\\\/06\\\/podujatia_3-scaled.jpg\",\"articleSection\":[\"Aktuality\"],\"inLanguage\":\"sk-SK\"},{\"@type\":\"WebPage\",\"@id\":\"https:\\\/\\\/pmza.sk\\\/?p=51526\",\"url\":\"https:\\\/\\\/pmza.sk\\\/?p=51526\",\"name\":\"Sez\u00f3na v Pova\u017eskom m\u00fazeu - Pova\u017esk\u00e9 m\u00fazeum\",\"isPartOf\":{\"@id\":\"https:\\\/\\\/pmza.sk\\\/#website\"},\"primaryImageOfPage\":{\"@id\":\"https:\\\/\\\/pmza.sk\\\/?p=51526#primaryimage\"},\"image\":{\"@id\":\"https:\\\/\\\/pmza.sk\\\/?p=51526#primaryimage\"},\"thumbnailUrl\":\"https:\\\/\\\/pmza.sk\\\/wp-content\\\/uploads\\\/2022\\\/06\\\/podujatia_3-scaled.jpg\",\"datePublished\":\"2022-06-29T05:53:52+00:00\",\"dateModified\":\"2025-05-15T05:12:40+00:00\",\"breadcrumb\":{\"@id\":\"https:\\\/\\\/pmza.sk\\\/?p=51526#breadcrumb\"},\"inLanguage\":\"sk-SK\",\"potentialAction\":[{\"@type\":\"ReadAction\",\"target\":[\"https:\\\/\\\/pmza.sk\\\/?p=51526\"]}]},{\"@type\":\"ImageObject\",\"inLanguage\":\"sk-SK\",\"@id\":\"https:\\\/\\\/pmza.sk\\\/?p=51526#primaryimage\",\"url\":\"https:\\\/\\\/pmza.sk\\\/wp-content\\\/uploads\\\/2022\\\/06\\\/podujatia_3-scaled.jpg\",\"contentUrl\":\"https:\\\/\\\/pmza.sk\\\/wp-content\\\/uploads\\\/2022\\\/06\\\/podujatia_3-scaled.jpg\",\"width\":1810,\"height\":2560},{\"@type\":\"BreadcrumbList\",\"@id\":\"https:\\\/\\\/pmza.sk\\\/?p=51526#breadcrumb\",\"itemListElement\":[{\"@type\":\"ListItem\",\"position\":1,\"name\":\"Domovsk\u00e1 str\u00e1nka\",\"item\":\"https:\\\/\\\/pmza.sk\\\/\"},{\"@type\":\"ListItem\",\"position\":2,\"name\":\"Sez\u00f3na v Pova\u017eskom m\u00fazeu\"}]},{\"@type\":\"WebSite\",\"@id\":\"https:\\\/\\\/pmza.sk\\\/#website\",\"url\":\"https:\\\/\\\/pmza.sk\\\/\",\"name\":\"Pova\u017esk\u00e9 m\u00fazeum\",\"description\":\"Pova\u017esk\u00e9 m\u00fazeum v \u017diline je region\u00e1lne m\u00fazeum so s\u00eddlom v Budat\u00edne. Jeho expoz\u00edcie s\u00fa zameran\u00e9 na dejiny slovensk\u00e9ho umenia, kult\u00fary a dopravy.\",\"publisher\":{\"@id\":\"https:\\\/\\\/pmza.sk\\\/#organization\"},\"potentialAction\":[{\"@type\":\"SearchAction\",\"target\":{\"@type\":\"EntryPoint\",\"urlTemplate\":\"https:\\\/\\\/pmza.sk\\\/?s={search_term_string}\"},\"query-input\":{\"@type\":\"PropertyValueSpecification\",\"valueRequired\":true,\"valueName\":\"search_term_string\"}}],\"inLanguage\":\"sk-SK\"},{\"@type\":\"Organization\",\"@id\":\"https:\\\/\\\/pmza.sk\\\/#organization\",\"name\":\"Pova\u017esk\u00e9 m\u00fazeum\",\"url\":\"https:\\\/\\\/pmza.sk\\\/\",\"logo\":{\"@type\":\"ImageObject\",\"inLanguage\":\"sk-SK\",\"@id\":\"https:\\\/\\\/pmza.sk\\\/#\\\/schema\\\/logo\\\/image\\\/\",\"url\":\"https:\\\/\\\/pmza.sk\\\/wp-content\\\/uploads\\\/2022\\\/01\\\/logo_PM_horizontal.jpg\",\"contentUrl\":\"https:\\\/\\\/pmza.sk\\\/wp-content\\\/uploads\\\/2022\\\/01\\\/logo_PM_horizontal.jpg\",\"width\":231,\"height\":142,\"caption\":\"Pova\u017esk\u00e9 m\u00fazeum\"},\"image\":{\"@id\":\"https:\\\/\\\/pmza.sk\\\/#\\\/schema\\\/logo\\\/image\\\/\"},\"sameAs\":[\"https:\\\/\\\/www.facebook.com\\\/povazskemuzeum\",\"https:\\\/\\\/www.instagram.com\\\/povazskemuzeum\\\/\"]},{\"@type\":\"Person\",\"@id\":\"https:\\\/\\\/pmza.sk\\\/#\\\/schema\\\/person\\\/595e6a2ce731ea94dcd5d7f50a41ae33\",\"name\":\"Pova\u017esk\u00e9 m\u00fazeum\",\"image\":{\"@type\":\"ImageObject\",\"inLanguage\":\"sk-SK\",\"@id\":\"https:\\\/\\\/secure.gravatar.com\\\/avatar\\\/2bb7f1561282132fb5826dfeccc66c7996d11ee392ac6aaf7ced8a1c2027fbb2?s=96&d=mm&r=g\",\"url\":\"https:\\\/\\\/secure.gravatar.com\\\/avatar\\\/2bb7f1561282132fb5826dfeccc66c7996d11ee392ac6aaf7ced8a1c2027fbb2?s=96&d=mm&r=g\",\"contentUrl\":\"https:\\\/\\\/secure.gravatar.com\\\/avatar\\\/2bb7f1561282132fb5826dfeccc66c7996d11ee392ac6aaf7ced8a1c2027fbb2?s=96&d=mm&r=g\",\"caption\":\"Pova\u017esk\u00e9 m\u00fazeum\"}}]}<\/script>\n<!-- \/ Yoast SEO plugin. -->","yoast_head_json":{"title":"Sez\u00f3na v Pova\u017eskom m\u00fazeu - Pova\u017esk\u00e9 m\u00fazeum","robots":{"index":"index","follow":"follow","max-snippet":"max-snippet:-1","max-image-preview":"max-image-preview:large","max-video-preview":"max-video-preview:-1"},"canonical":"https:\/\/pmza.sk\/?p=51526","og_locale":"sk_SK","og_type":"article","og_title":"Sez\u00f3na v Pova\u017eskom m\u00fazeu - Pova\u017esk\u00e9 m\u00fazeum","og_description":"Sez\u00f3na roku 2022 bude v Pova\u017eskom m\u00fazeu naozaj pestr\u00e1. A ke\u010f\u017ee v tomto roku oslavujeme\u00a0 80. v\u00fdro\u010die od zalo\u017eenia m\u00fazea, ve\u013ek\u00e9 podujatia sa bud\u00fa nies\u0165 v tomto duchu. Leto za\u010dneme vo ve\u013ekom \u0161t\u00fdle na podujat\u00ed Zlat\u00e9 \u010dasy budat\u00ednske, na ktorom sa vr\u00e1time do \u010dias posledn\u00e9ho majite\u013ea Budat\u00ednskeho hradu &#8211; gr\u00f3fa Gejzu \u010c\u00e1kiho. Po dvoch rokoch [&hellip;]","og_url":"https:\/\/pmza.sk\/?p=51526","og_site_name":"Pova\u017esk\u00e9 m\u00fazeum","article_publisher":"https:\/\/www.facebook.com\/povazskemuzeum","article_published_time":"2022-06-29T05:53:52+00:00","article_modified_time":"2025-05-15T05:12:40+00:00","og_image":[{"width":1810,"height":2560,"url":"https:\/\/pmza.sk\/wp-content\/uploads\/2022\/06\/podujatia_3-scaled.jpg","type":"image\/jpeg"}],"author":"Pova\u017esk\u00e9 m\u00fazeum","twitter_card":"summary_large_image","twitter_misc":{"Autor":"Pova\u017esk\u00e9 m\u00fazeum","Predpokladan\u00fd \u010das \u010d\u00edtania":"2 min\u00faty"},"schema":{"@context":"https:\/\/schema.org","@graph":[{"@type":"Article","@id":"https:\/\/pmza.sk\/?p=51526#article","isPartOf":{"@id":"https:\/\/pmza.sk\/?p=51526"},"author":{"name":"Pova\u017esk\u00e9 m\u00fazeum","@id":"https:\/\/pmza.sk\/#\/schema\/person\/595e6a2ce731ea94dcd5d7f50a41ae33"},"headline":"Sez\u00f3na v Pova\u017eskom m\u00fazeu","datePublished":"2022-06-29T05:53:52+00:00","dateModified":"2025-05-15T05:12:40+00:00","mainEntityOfPage":{"@id":"https:\/\/pmza.sk\/?p=51526"},"wordCount":347,"publisher":{"@id":"https:\/\/pmza.sk\/#organization"},"image":{"@id":"https:\/\/pmza.sk\/?p=51526#primaryimage"},"thumbnailUrl":"https:\/\/pmza.sk\/wp-content\/uploads\/2022\/06\/podujatia_3-scaled.jpg","articleSection":["Aktuality"],"inLanguage":"sk-SK"},{"@type":"WebPage","@id":"https:\/\/pmza.sk\/?p=51526","url":"https:\/\/pmza.sk\/?p=51526","name":"Sez\u00f3na v Pova\u017eskom m\u00fazeu - Pova\u017esk\u00e9 m\u00fazeum","isPartOf":{"@id":"https:\/\/pmza.sk\/#website"},"primaryImageOfPage":{"@id":"https:\/\/pmza.sk\/?p=51526#primaryimage"},"image":{"@id":"https:\/\/pmza.sk\/?p=51526#primaryimage"},"thumbnailUrl":"https:\/\/pmza.sk\/wp-content\/uploads\/2022\/06\/podujatia_3-scaled.jpg","datePublished":"2022-06-29T05:53:52+00:00","dateModified":"2025-05-15T05:12:40+00:00","breadcrumb":{"@id":"https:\/\/pmza.sk\/?p=51526#breadcrumb"},"inLanguage":"sk-SK","potentialAction":[{"@type":"ReadAction","target":["https:\/\/pmza.sk\/?p=51526"]}]},{"@type":"ImageObject","inLanguage":"sk-SK","@id":"https:\/\/pmza.sk\/?p=51526#primaryimage","url":"https:\/\/pmza.sk\/wp-content\/uploads\/2022\/06\/podujatia_3-scaled.jpg","contentUrl":"https:\/\/pmza.sk\/wp-content\/uploads\/2022\/06\/podujatia_3-scaled.jpg","width":1810,"height":2560},{"@type":"BreadcrumbList","@id":"https:\/\/pmza.sk\/?p=51526#breadcrumb","itemListElement":[{"@type":"ListItem","position":1,"name":"Domovsk\u00e1 str\u00e1nka","item":"https:\/\/pmza.sk\/"},{"@type":"ListItem","position":2,"name":"Sez\u00f3na v Pova\u017eskom m\u00fazeu"}]},{"@type":"WebSite","@id":"https:\/\/pmza.sk\/#website","url":"https:\/\/pmza.sk\/","name":"Pova\u017esk\u00e9 m\u00fazeum","description":"Pova\u017esk\u00e9 m\u00fazeum v \u017diline je region\u00e1lne m\u00fazeum so s\u00eddlom v Budat\u00edne. Jeho expoz\u00edcie s\u00fa zameran\u00e9 na dejiny slovensk\u00e9ho umenia, kult\u00fary a dopravy.","publisher":{"@id":"https:\/\/pmza.sk\/#organization"},"potentialAction":[{"@type":"SearchAction","target":{"@type":"EntryPoint","urlTemplate":"https:\/\/pmza.sk\/?s={search_term_string}"},"query-input":{"@type":"PropertyValueSpecification","valueRequired":true,"valueName":"search_term_string"}}],"inLanguage":"sk-SK"},{"@type":"Organization","@id":"https:\/\/pmza.sk\/#organization","name":"Pova\u017esk\u00e9 m\u00fazeum","url":"https:\/\/pmza.sk\/","logo":{"@type":"ImageObject","inLanguage":"sk-SK","@id":"https:\/\/pmza.sk\/#\/schema\/logo\/image\/","url":"https:\/\/pmza.sk\/wp-content\/uploads\/2022\/01\/logo_PM_horizontal.jpg","contentUrl":"https:\/\/pmza.sk\/wp-content\/uploads\/2022\/01\/logo_PM_horizontal.jpg","width":231,"height":142,"caption":"Pova\u017esk\u00e9 m\u00fazeum"},"image":{"@id":"https:\/\/pmza.sk\/#\/schema\/logo\/image\/"},"sameAs":["https:\/\/www.facebook.com\/povazskemuzeum","https:\/\/www.instagram.com\/povazskemuzeum\/"]},{"@type":"Person","@id":"https:\/\/pmza.sk\/#\/schema\/person\/595e6a2ce731ea94dcd5d7f50a41ae33","name":"Pova\u017esk\u00e9 m\u00fazeum","image":{"@type":"ImageObject","inLanguage":"sk-SK","@id":"https:\/\/secure.gravatar.com\/avatar\/2bb7f1561282132fb5826dfeccc66c7996d11ee392ac6aaf7ced8a1c2027fbb2?s=96&d=mm&r=g","url":"https:\/\/secure.gravatar.com\/avatar\/2bb7f1561282132fb5826dfeccc66c7996d11ee392ac6aaf7ced8a1c2027fbb2?s=96&d=mm&r=g","contentUrl":"https:\/\/secure.gravatar.com\/avatar\/2bb7f1561282132fb5826dfeccc66c7996d11ee392ac6aaf7ced8a1c2027fbb2?s=96&d=mm&r=g","caption":"Pova\u017esk\u00e9 m\u00fazeum"}}]}},"_links":{"self":[{"href":"https:\/\/pmza.sk\/index.php?rest_route=\/wp\/v2\/posts\/51526","targetHints":{"allow":["GET"]}}],"collection":[{"href":"https:\/\/pmza.sk\/index.php?rest_route=\/wp\/v2\/posts"}],"about":[{"href":"https:\/\/pmza.sk\/index.php?rest_route=\/wp\/v2\/types\/post"}],"author":[{"embeddable":true,"href":"https:\/\/pmza.sk\/index.php?rest_route=\/wp\/v2\/users\/2"}],"replies":[{"embeddable":true,"href":"https:\/\/pmza.sk\/index.php?rest_route=%2Fwp%2Fv2%2Fcomments&post=51526"}],"version-history":[{"count":0,"href":"https:\/\/pmza.sk\/index.php?rest_route=\/wp\/v2\/posts\/51526\/revisions"}],"wp:featuredmedia":[{"embeddable":true,"href":"https:\/\/pmza.sk\/index.php?rest_route=\/wp\/v2\/media\/51527"}],"wp:attachment":[{"href":"https:\/\/pmza.sk\/index.php?rest_route=%2Fwp%2Fv2%2Fmedia&parent=51526"}],"wp:term":[{"taxonomy":"category","embeddable":true,"href":"https:\/\/pmza.sk\/index.php?rest_route=%2Fwp%2Fv2%2Fcategories&post=51526"},{"taxonomy":"post_tag","embeddable":true,"href":"https:\/\/pmza.sk\/index.php?rest_route=%2Fwp%2Fv2%2Ftags&post=51526"}],"curies":[{"name":"wp","href":"https:\/\/api.w.org\/{rel}","templated":true}]}}