{"id":5159,"date":"2012-03-01T11:23:30","date_gmt":"2012-03-01T10:23:30","guid":{"rendered":"https:\/\/pmza.sk.sk\/?p=5159"},"modified":"2012-03-01T11:23:30","modified_gmt":"2012-03-01T10:23:30","slug":"muzeum-pripravuje-pre-skoly-specialne-prehliadky-k-vystave-o-selmach","status":"publish","type":"post","link":"https:\/\/pmza.sk\/?p=5159","title":{"rendered":"M\u00fazeum pripravuje pre \u0161koly \u0161peci\u00e1lne prehliadky k v\u00fdstave o \u0161elm\u00e1ch"},"content":{"rendered":"<p><strong> <\/strong><\/p>\n<p><strong> <\/strong><a href=\"https:\/\/pmza.sk\/wp-content\/uploads\/2012\/03\/rys.jpg\"><img fetchpriority=\"high\" decoding=\"async\" class=\"alignleft size-medium wp-image-5160\" style=\"margin: 4px; border: 2px solid black;\" title=\"rys\" src=\"https:\/\/pmza.sk.sk\/wp-content\/uploads\/2012\/03\/rys-300x200.jpg\" alt=\"\" width=\"300\" height=\"200\" \/><\/a>Takmer 150, preva\u017ene detsk\u00fdch n\u00e1v\u0161tevn\u00edkov, nav\u0161t\u00edvilo doteraz v\u00fdstavu pod n\u00e1zvom <strong>Ve\u013ek\u00e9 \u0161elmy \u2013 rys, vlk a\u00a0medve\u010f v\u00a0\u010ceskej a\u00a0Slovenskej Republike<\/strong>, ktor\u00e1 je od 21. febru\u00e1ra 2012 nain\u0161talovan\u00e1 vo v\u00fdstavnej miestnosti Are\u00e1lu Budat\u00ednskeho hradu. V\u00fdstava je spolo\u010dn\u00fdm projektom Z\u00e1kladnej organiz\u00e1cie \u010cesk\u00e9ho zv\u00e4zu ochrancov pr\u00edrody Radho\u0161\u0165 z\u00a0Ro\u017enova pod Radho\u0161t\u011bm, Spr\u00e1vy CHKO Beskydy a\u00a0Pova\u017esk\u00e9ho m\u00fazea v\u00a0\u017diline. \u00daspech v\u00fdstavy in\u0161piroval organiz\u00e1torov pon\u00faknu\u0165 \u017eiakom z\u00e1kladn\u00fdch a\u00a0stredn\u00fdch \u0161k\u00f4l \u0161peci\u00e1lne prehliadky spojen\u00e9 s\u00a0diskusiou o\u00a0na\u0161ich najv\u00e4\u010d\u0161\u00edch pred\u00e1toroch.<\/p>\n<p>,,<em>Tieto zvierat\u00e1, \u010dasto vzbudzuj\u00fa u \u013eud\u00ed strach. Mnohokr\u00e1t s\u00fa n\u00e1zory na ne skreslen\u00e9 nepresn\u00fdmi inform\u00e1ciami a\u00a0predsudkami. Aj prostredn\u00edctvom pripravovan\u00fdch aktiv\u00edt sa budeme sna\u017ei\u0165 ozrejmi\u0165 niektor\u00e9 fakty zo \u017eivota t\u00fdchto \u0161eliem, ich roz\u0161\u00edrenie, potravn\u00fa ekol\u00f3giu, rozmno\u017eovanie, ochranu, ale aj vz\u0165ah s\u00a0\u010dlovekom<\/em>, \u201c povedal Ladislav Hl\u00f4\u0161ka, zool\u00f3g Pova\u017esk\u00e9ho m\u00fazea v\u00a0\u017diline.<!--more--><\/p>\n<p>Prostredn\u00edctvom r\u00f4znorod\u00fdch aktiv\u00edt sa \u017eiaci dozvedia napr\u00edklad, \u017ee rys je akt\u00edvny lovec hlavne za s\u00famraku, za de\u0148 spotrebuje a\u017e 2 kg m\u00e4sa, srnca je schopn\u00fd uzrie\u0165 na vzdialenos\u0165 600 m. Najv\u00e4\u010d\u0161\u00ed z\u00e1stupca psovit\u00fdch \u0161eliem \u2013 vlk je zn\u00e1my svojim sp\u00f4sobom komunik\u00e1cie, ktor\u00fdm je vl\u010die vytie. Vytia sa z\u00fa\u010dast\u0148uje cel\u00e1 svorka a\u00a0po\u010du\u0165 ho a\u017e do vzdialenosti 14 km. Medve\u010f napr\u00edklad nem\u00e1 \u017eiadnu mimiku, a\u00a0preto je na \u0148om \u0165a\u017eko rozozna\u0165 ak\u00fa m\u00e1 n\u00e1ladu a\u00a0\u010do v\u00a0danej chv\u00edli urob\u00ed. <em>,, Budeme sa rozpr\u00e1va\u0165 aj o \u010dasto medializovan\u00fdch \u00fatokoch medve\u010fa na \u010dloveka. \u00datok medve\u010fa sa neprejavuje ako<\/em><em> spr\u00e1vanie pred\u00e1tora, ale ako snaha br\u00e1ni\u0165 seba, ml\u00e1\u010fat\u00e1, alebo uloven\u00fa koris\u0165<\/em>,\u201c dodal geol\u00f3g a\u00a0profesion\u00e1lny ochranca pr\u00edrody Franti\u0161ek \u0160ulgan.<\/p>\n<p>Dermoplastick\u00e9 a lebkov\u00e9 prepar\u00e1ty, rie\u0161enie \u00faloh v\u00a0skupin\u00e1ch, konfront\u00e1cia m\u00fdtov a\u00a0skuto\u010dnosti, rozpozn\u00e1vanie odtla\u010dkov st\u00f4p \u0161eliem\u00a0 povzbudia \u017eiakov tvorivo myslie\u0165, diskutova\u0165 a\u00a0lep\u0161ie spozn\u00e1va\u0165 tieto zvierat\u00e1. \u00a0\u0160peci\u00e1lne prehliadky sa uskuto\u010dnia v\u00a0d\u0148och <strong>14., 15. a 16. marca 2012<\/strong>, z\u00e1ujemcovia sa m\u00f4\u017eu objedn\u00e1va\u0165 na tel. \u010d\u00edsle 041\/ 500 15 11. Organiz\u00e1torom podujatia je \u017dilinsk\u00fd samospr\u00e1vny kraj, Pova\u017esk\u00e9 m\u00fazeum v\u00a0\u017diline, Z\u00e1kladn\u00e1 organiz\u00e1cia \u010cesk\u00e9ho zv\u00e4zu ochrancov pr\u00edrody z\u00a0Ro\u017enova pod Radho\u0161t\u011bm a\u00a0Spr\u00e1va CHKO Beskydy.<\/p>\n","protected":false},"excerpt":{"rendered":"<p>Takmer 150, preva\u017ene detsk\u00fdch n\u00e1v\u0161tevn\u00edkov, nav\u0161t\u00edvilo doteraz v\u00fdstavu pod n\u00e1zvom Ve\u013ek\u00e9 \u0161elmy \u2013 rys, vlk a\u00a0medve\u010f v\u00a0\u010ceskej a\u00a0Slovenskej Republike, ktor\u00e1 je od 21. febru\u00e1ra 2012 nain\u0161talovan\u00e1 vo v\u00fdstavnej miestnosti Are\u00e1lu Budat\u00ednskeho hradu. V\u00fdstava je spolo\u010dn\u00fdm projektom Z\u00e1kladnej organiz\u00e1cie \u010cesk\u00e9ho zv\u00e4zu ochrancov pr\u00edrody Radho\u0161\u0165 z\u00a0Ro\u017enova pod Radho\u0161t\u011bm, Spr\u00e1vy CHKO Beskydy a\u00a0Pova\u017esk\u00e9ho m\u00fazea v\u00a0\u017diline. \u00daspech v\u00fdstavy in\u0161piroval [&hellip;]<\/p>\n","protected":false},"author":2,"featured_media":0,"comment_status":"closed","ping_status":"closed","sticky":false,"template":"","format":"standard","meta":{"site-sidebar-layout":"default","site-content-layout":"","ast-site-content-layout":"","site-content-style":"default","site-sidebar-style":"default","ast-global-header-display":"","ast-banner-title-visibility":"","ast-main-header-display":"","ast-hfb-above-header-display":"","ast-hfb-below-header-display":"","ast-hfb-mobile-header-display":"","site-post-title":"","ast-breadcrumbs-content":"","ast-featured-img":"","footer-sml-layout":"","theme-transparent-header-meta":"","adv-header-id-meta":"","stick-header-meta":"","header-above-stick-meta":"","header-main-stick-meta":"","header-below-stick-meta":"","astra-migrate-meta-layouts":"default","ast-page-background-enabled":"default","ast-page-background-meta":{"desktop":{"background-color":"var(--ast-global-color-4)","background-image":"","background-repeat":"repeat","background-position":"center center","background-size":"auto","background-attachment":"scroll","background-type":"","background-media":"","overlay-type":"","overlay-color":"","overlay-opacity":"","overlay-gradient":""},"tablet":{"background-color":"","background-image":"","background-repeat":"repeat","background-position":"center center","background-size":"auto","background-attachment":"scroll","background-type":"","background-media":"","overlay-type":"","overlay-color":"","overlay-opacity":"","overlay-gradient":""},"mobile":{"background-color":"","background-image":"","background-repeat":"repeat","background-position":"center center","background-size":"auto","background-attachment":"scroll","background-type":"","background-media":"","overlay-type":"","overlay-color":"","overlay-opacity":"","overlay-gradient":""}},"ast-content-background-meta":{"desktop":{"background-color":"var(--ast-global-color-5)","background-image":"","background-repeat":"repeat","background-position":"center center","background-size":"auto","background-attachment":"scroll","background-type":"","background-media":"","overlay-type":"","overlay-color":"","overlay-opacity":"","overlay-gradient":""},"tablet":{"background-color":"var(--ast-global-color-5)","background-image":"","background-repeat":"repeat","background-position":"center center","background-size":"auto","background-attachment":"scroll","background-type":"","background-media":"","overlay-type":"","overlay-color":"","overlay-opacity":"","overlay-gradient":""},"mobile":{"background-color":"var(--ast-global-color-5)","background-image":"","background-repeat":"repeat","background-position":"center center","background-size":"auto","background-attachment":"scroll","background-type":"","background-media":"","overlay-type":"","overlay-color":"","overlay-opacity":"","overlay-gradient":""}},"footnotes":""},"categories":[32],"tags":[],"class_list":["post-5159","post","type-post","status-publish","format-standard","hentry","category-archiv-2012"],"yoast_head":"<!-- This site is optimized with the Yoast SEO plugin v27.4 - https:\/\/yoast.com\/product\/yoast-seo-wordpress\/ -->\n<title>M\u00fazeum pripravuje pre \u0161koly \u0161peci\u00e1lne prehliadky k v\u00fdstave o \u0161elm\u00e1ch - Pova\u017esk\u00e9 m\u00fazeum<\/title>\n<meta name=\"robots\" content=\"index, follow, max-snippet:-1, max-image-preview:large, max-video-preview:-1\" \/>\n<link rel=\"canonical\" href=\"https:\/\/pmza.sk\/?p=5159\" \/>\n<meta property=\"og:locale\" content=\"sk_SK\" \/>\n<meta property=\"og:type\" content=\"article\" \/>\n<meta property=\"og:title\" content=\"M\u00fazeum pripravuje pre \u0161koly \u0161peci\u00e1lne prehliadky k v\u00fdstave o \u0161elm\u00e1ch - Pova\u017esk\u00e9 m\u00fazeum\" \/>\n<meta property=\"og:description\" content=\"Takmer 150, preva\u017ene detsk\u00fdch n\u00e1v\u0161tevn\u00edkov, nav\u0161t\u00edvilo doteraz v\u00fdstavu pod n\u00e1zvom Ve\u013ek\u00e9 \u0161elmy \u2013 rys, vlk a\u00a0medve\u010f v\u00a0\u010ceskej a\u00a0Slovenskej Republike, ktor\u00e1 je od 21. febru\u00e1ra 2012 nain\u0161talovan\u00e1 vo v\u00fdstavnej miestnosti Are\u00e1lu Budat\u00ednskeho hradu. V\u00fdstava je spolo\u010dn\u00fdm projektom Z\u00e1kladnej organiz\u00e1cie \u010cesk\u00e9ho zv\u00e4zu ochrancov pr\u00edrody Radho\u0161\u0165 z\u00a0Ro\u017enova pod Radho\u0161t\u011bm, Spr\u00e1vy CHKO Beskydy a\u00a0Pova\u017esk\u00e9ho m\u00fazea v\u00a0\u017diline. \u00daspech v\u00fdstavy in\u0161piroval [&hellip;]\" \/>\n<meta property=\"og:url\" content=\"https:\/\/pmza.sk\/?p=5159\" \/>\n<meta property=\"og:site_name\" content=\"Pova\u017esk\u00e9 m\u00fazeum\" \/>\n<meta property=\"article:publisher\" content=\"https:\/\/www.facebook.com\/povazskemuzeum\" \/>\n<meta property=\"article:published_time\" content=\"2012-03-01T10:23:30+00:00\" \/>\n<meta property=\"og:image\" content=\"https:\/\/pmza.sk.sk\/wp-content\/uploads\/2012\/03\/rys-300x200.jpg\" \/>\n<meta name=\"author\" content=\"Pova\u017esk\u00e9 m\u00fazeum\" \/>\n<meta name=\"twitter:card\" content=\"summary_large_image\" \/>\n<meta name=\"twitter:label1\" content=\"Autor\" \/>\n\t<meta name=\"twitter:data1\" content=\"Pova\u017esk\u00e9 m\u00fazeum\" \/>\n\t<meta name=\"twitter:label2\" content=\"Predpokladan\u00fd \u010das \u010d\u00edtania\" \/>\n\t<meta name=\"twitter:data2\" content=\"2 min\u00faty\" \/>\n<script type=\"application\/ld+json\" class=\"yoast-schema-graph\">{\"@context\":\"https:\\\/\\\/schema.org\",\"@graph\":[{\"@type\":\"Article\",\"@id\":\"https:\\\/\\\/pmza.sk\\\/?p=5159#article\",\"isPartOf\":{\"@id\":\"https:\\\/\\\/pmza.sk\\\/?p=5159\"},\"author\":{\"name\":\"Pova\u017esk\u00e9 m\u00fazeum\",\"@id\":\"https:\\\/\\\/pmza.sk\\\/#\\\/schema\\\/person\\\/595e6a2ce731ea94dcd5d7f50a41ae33\"},\"headline\":\"M\u00fazeum pripravuje pre \u0161koly \u0161peci\u00e1lne prehliadky k v\u00fdstave o \u0161elm\u00e1ch\",\"datePublished\":\"2012-03-01T10:23:30+00:00\",\"mainEntityOfPage\":{\"@id\":\"https:\\\/\\\/pmza.sk\\\/?p=5159\"},\"wordCount\":436,\"publisher\":{\"@id\":\"https:\\\/\\\/pmza.sk\\\/#organization\"},\"image\":{\"@id\":\"https:\\\/\\\/pmza.sk\\\/?p=5159#primaryimage\"},\"thumbnailUrl\":\"http:\\\/\\\/pmza.sk.sk\\\/wp-content\\\/uploads\\\/2012\\\/03\\\/rys-300x200.jpg\",\"articleSection\":[\"Arch\u00edv 2012\"],\"inLanguage\":\"sk-SK\"},{\"@type\":\"WebPage\",\"@id\":\"https:\\\/\\\/pmza.sk\\\/?p=5159\",\"url\":\"https:\\\/\\\/pmza.sk\\\/?p=5159\",\"name\":\"M\u00fazeum pripravuje pre \u0161koly \u0161peci\u00e1lne prehliadky k v\u00fdstave o \u0161elm\u00e1ch - Pova\u017esk\u00e9 m\u00fazeum\",\"isPartOf\":{\"@id\":\"https:\\\/\\\/pmza.sk\\\/#website\"},\"primaryImageOfPage\":{\"@id\":\"https:\\\/\\\/pmza.sk\\\/?p=5159#primaryimage\"},\"image\":{\"@id\":\"https:\\\/\\\/pmza.sk\\\/?p=5159#primaryimage\"},\"thumbnailUrl\":\"http:\\\/\\\/pmza.sk.sk\\\/wp-content\\\/uploads\\\/2012\\\/03\\\/rys-300x200.jpg\",\"datePublished\":\"2012-03-01T10:23:30+00:00\",\"breadcrumb\":{\"@id\":\"https:\\\/\\\/pmza.sk\\\/?p=5159#breadcrumb\"},\"inLanguage\":\"sk-SK\",\"potentialAction\":[{\"@type\":\"ReadAction\",\"target\":[\"https:\\\/\\\/pmza.sk\\\/?p=5159\"]}]},{\"@type\":\"ImageObject\",\"inLanguage\":\"sk-SK\",\"@id\":\"https:\\\/\\\/pmza.sk\\\/?p=5159#primaryimage\",\"url\":\"http:\\\/\\\/pmza.sk.sk\\\/wp-content\\\/uploads\\\/2012\\\/03\\\/rys-300x200.jpg\",\"contentUrl\":\"http:\\\/\\\/pmza.sk.sk\\\/wp-content\\\/uploads\\\/2012\\\/03\\\/rys-300x200.jpg\"},{\"@type\":\"BreadcrumbList\",\"@id\":\"https:\\\/\\\/pmza.sk\\\/?p=5159#breadcrumb\",\"itemListElement\":[{\"@type\":\"ListItem\",\"position\":1,\"name\":\"Domovsk\u00e1 str\u00e1nka\",\"item\":\"https:\\\/\\\/pmza.sk\\\/\"},{\"@type\":\"ListItem\",\"position\":2,\"name\":\"M\u00fazeum pripravuje pre \u0161koly \u0161peci\u00e1lne prehliadky k v\u00fdstave o \u0161elm\u00e1ch\"}]},{\"@type\":\"WebSite\",\"@id\":\"https:\\\/\\\/pmza.sk\\\/#website\",\"url\":\"https:\\\/\\\/pmza.sk\\\/\",\"name\":\"Pova\u017esk\u00e9 m\u00fazeum\",\"description\":\"Pova\u017esk\u00e9 m\u00fazeum v \u017diline je region\u00e1lne m\u00fazeum so s\u00eddlom v Budat\u00edne. Jeho expoz\u00edcie s\u00fa zameran\u00e9 na dejiny slovensk\u00e9ho umenia, kult\u00fary a dopravy.\",\"publisher\":{\"@id\":\"https:\\\/\\\/pmza.sk\\\/#organization\"},\"potentialAction\":[{\"@type\":\"SearchAction\",\"target\":{\"@type\":\"EntryPoint\",\"urlTemplate\":\"https:\\\/\\\/pmza.sk\\\/?s={search_term_string}\"},\"query-input\":{\"@type\":\"PropertyValueSpecification\",\"valueRequired\":true,\"valueName\":\"search_term_string\"}}],\"inLanguage\":\"sk-SK\"},{\"@type\":\"Organization\",\"@id\":\"https:\\\/\\\/pmza.sk\\\/#organization\",\"name\":\"Pova\u017esk\u00e9 m\u00fazeum\",\"url\":\"https:\\\/\\\/pmza.sk\\\/\",\"logo\":{\"@type\":\"ImageObject\",\"inLanguage\":\"sk-SK\",\"@id\":\"https:\\\/\\\/pmza.sk\\\/#\\\/schema\\\/logo\\\/image\\\/\",\"url\":\"https:\\\/\\\/pmza.sk\\\/wp-content\\\/uploads\\\/2022\\\/01\\\/logo_PM_horizontal.jpg\",\"contentUrl\":\"https:\\\/\\\/pmza.sk\\\/wp-content\\\/uploads\\\/2022\\\/01\\\/logo_PM_horizontal.jpg\",\"width\":231,\"height\":142,\"caption\":\"Pova\u017esk\u00e9 m\u00fazeum\"},\"image\":{\"@id\":\"https:\\\/\\\/pmza.sk\\\/#\\\/schema\\\/logo\\\/image\\\/\"},\"sameAs\":[\"https:\\\/\\\/www.facebook.com\\\/povazskemuzeum\",\"https:\\\/\\\/www.instagram.com\\\/povazskemuzeum\\\/\"]},{\"@type\":\"Person\",\"@id\":\"https:\\\/\\\/pmza.sk\\\/#\\\/schema\\\/person\\\/595e6a2ce731ea94dcd5d7f50a41ae33\",\"name\":\"Pova\u017esk\u00e9 m\u00fazeum\",\"image\":{\"@type\":\"ImageObject\",\"inLanguage\":\"sk-SK\",\"@id\":\"https:\\\/\\\/secure.gravatar.com\\\/avatar\\\/2bb7f1561282132fb5826dfeccc66c7996d11ee392ac6aaf7ced8a1c2027fbb2?s=96&d=mm&r=g\",\"url\":\"https:\\\/\\\/secure.gravatar.com\\\/avatar\\\/2bb7f1561282132fb5826dfeccc66c7996d11ee392ac6aaf7ced8a1c2027fbb2?s=96&d=mm&r=g\",\"contentUrl\":\"https:\\\/\\\/secure.gravatar.com\\\/avatar\\\/2bb7f1561282132fb5826dfeccc66c7996d11ee392ac6aaf7ced8a1c2027fbb2?s=96&d=mm&r=g\",\"caption\":\"Pova\u017esk\u00e9 m\u00fazeum\"}}]}<\/script>\n<!-- \/ Yoast SEO plugin. -->","yoast_head_json":{"title":"M\u00fazeum pripravuje pre \u0161koly \u0161peci\u00e1lne prehliadky k v\u00fdstave o \u0161elm\u00e1ch - Pova\u017esk\u00e9 m\u00fazeum","robots":{"index":"index","follow":"follow","max-snippet":"max-snippet:-1","max-image-preview":"max-image-preview:large","max-video-preview":"max-video-preview:-1"},"canonical":"https:\/\/pmza.sk\/?p=5159","og_locale":"sk_SK","og_type":"article","og_title":"M\u00fazeum pripravuje pre \u0161koly \u0161peci\u00e1lne prehliadky k v\u00fdstave o \u0161elm\u00e1ch - Pova\u017esk\u00e9 m\u00fazeum","og_description":"Takmer 150, preva\u017ene detsk\u00fdch n\u00e1v\u0161tevn\u00edkov, nav\u0161t\u00edvilo doteraz v\u00fdstavu pod n\u00e1zvom Ve\u013ek\u00e9 \u0161elmy \u2013 rys, vlk a\u00a0medve\u010f v\u00a0\u010ceskej a\u00a0Slovenskej Republike, ktor\u00e1 je od 21. febru\u00e1ra 2012 nain\u0161talovan\u00e1 vo v\u00fdstavnej miestnosti Are\u00e1lu Budat\u00ednskeho hradu. V\u00fdstava je spolo\u010dn\u00fdm projektom Z\u00e1kladnej organiz\u00e1cie \u010cesk\u00e9ho zv\u00e4zu ochrancov pr\u00edrody Radho\u0161\u0165 z\u00a0Ro\u017enova pod Radho\u0161t\u011bm, Spr\u00e1vy CHKO Beskydy a\u00a0Pova\u017esk\u00e9ho m\u00fazea v\u00a0\u017diline. \u00daspech v\u00fdstavy in\u0161piroval [&hellip;]","og_url":"https:\/\/pmza.sk\/?p=5159","og_site_name":"Pova\u017esk\u00e9 m\u00fazeum","article_publisher":"https:\/\/www.facebook.com\/povazskemuzeum","article_published_time":"2012-03-01T10:23:30+00:00","og_image":[{"url":"https:\/\/pmza.sk.sk\/wp-content\/uploads\/2012\/03\/rys-300x200.jpg","type":"","width":"","height":""}],"author":"Pova\u017esk\u00e9 m\u00fazeum","twitter_card":"summary_large_image","twitter_misc":{"Autor":"Pova\u017esk\u00e9 m\u00fazeum","Predpokladan\u00fd \u010das \u010d\u00edtania":"2 min\u00faty"},"schema":{"@context":"https:\/\/schema.org","@graph":[{"@type":"Article","@id":"https:\/\/pmza.sk\/?p=5159#article","isPartOf":{"@id":"https:\/\/pmza.sk\/?p=5159"},"author":{"name":"Pova\u017esk\u00e9 m\u00fazeum","@id":"https:\/\/pmza.sk\/#\/schema\/person\/595e6a2ce731ea94dcd5d7f50a41ae33"},"headline":"M\u00fazeum pripravuje pre \u0161koly \u0161peci\u00e1lne prehliadky k v\u00fdstave o \u0161elm\u00e1ch","datePublished":"2012-03-01T10:23:30+00:00","mainEntityOfPage":{"@id":"https:\/\/pmza.sk\/?p=5159"},"wordCount":436,"publisher":{"@id":"https:\/\/pmza.sk\/#organization"},"image":{"@id":"https:\/\/pmza.sk\/?p=5159#primaryimage"},"thumbnailUrl":"https:\/\/pmza.sk.sk\/wp-content\/uploads\/2012\/03\/rys-300x200.jpg","articleSection":["Arch\u00edv 2012"],"inLanguage":"sk-SK"},{"@type":"WebPage","@id":"https:\/\/pmza.sk\/?p=5159","url":"https:\/\/pmza.sk\/?p=5159","name":"M\u00fazeum pripravuje pre \u0161koly \u0161peci\u00e1lne prehliadky k v\u00fdstave o \u0161elm\u00e1ch - Pova\u017esk\u00e9 m\u00fazeum","isPartOf":{"@id":"https:\/\/pmza.sk\/#website"},"primaryImageOfPage":{"@id":"https:\/\/pmza.sk\/?p=5159#primaryimage"},"image":{"@id":"https:\/\/pmza.sk\/?p=5159#primaryimage"},"thumbnailUrl":"https:\/\/pmza.sk.sk\/wp-content\/uploads\/2012\/03\/rys-300x200.jpg","datePublished":"2012-03-01T10:23:30+00:00","breadcrumb":{"@id":"https:\/\/pmza.sk\/?p=5159#breadcrumb"},"inLanguage":"sk-SK","potentialAction":[{"@type":"ReadAction","target":["https:\/\/pmza.sk\/?p=5159"]}]},{"@type":"ImageObject","inLanguage":"sk-SK","@id":"https:\/\/pmza.sk\/?p=5159#primaryimage","url":"https:\/\/pmza.sk.sk\/wp-content\/uploads\/2012\/03\/rys-300x200.jpg","contentUrl":"https:\/\/pmza.sk.sk\/wp-content\/uploads\/2012\/03\/rys-300x200.jpg"},{"@type":"BreadcrumbList","@id":"https:\/\/pmza.sk\/?p=5159#breadcrumb","itemListElement":[{"@type":"ListItem","position":1,"name":"Domovsk\u00e1 str\u00e1nka","item":"https:\/\/pmza.sk\/"},{"@type":"ListItem","position":2,"name":"M\u00fazeum pripravuje pre \u0161koly \u0161peci\u00e1lne prehliadky k v\u00fdstave o \u0161elm\u00e1ch"}]},{"@type":"WebSite","@id":"https:\/\/pmza.sk\/#website","url":"https:\/\/pmza.sk\/","name":"Pova\u017esk\u00e9 m\u00fazeum","description":"Pova\u017esk\u00e9 m\u00fazeum v \u017diline je region\u00e1lne m\u00fazeum so s\u00eddlom v Budat\u00edne. Jeho expoz\u00edcie s\u00fa zameran\u00e9 na dejiny slovensk\u00e9ho umenia, kult\u00fary a dopravy.","publisher":{"@id":"https:\/\/pmza.sk\/#organization"},"potentialAction":[{"@type":"SearchAction","target":{"@type":"EntryPoint","urlTemplate":"https:\/\/pmza.sk\/?s={search_term_string}"},"query-input":{"@type":"PropertyValueSpecification","valueRequired":true,"valueName":"search_term_string"}}],"inLanguage":"sk-SK"},{"@type":"Organization","@id":"https:\/\/pmza.sk\/#organization","name":"Pova\u017esk\u00e9 m\u00fazeum","url":"https:\/\/pmza.sk\/","logo":{"@type":"ImageObject","inLanguage":"sk-SK","@id":"https:\/\/pmza.sk\/#\/schema\/logo\/image\/","url":"https:\/\/pmza.sk\/wp-content\/uploads\/2022\/01\/logo_PM_horizontal.jpg","contentUrl":"https:\/\/pmza.sk\/wp-content\/uploads\/2022\/01\/logo_PM_horizontal.jpg","width":231,"height":142,"caption":"Pova\u017esk\u00e9 m\u00fazeum"},"image":{"@id":"https:\/\/pmza.sk\/#\/schema\/logo\/image\/"},"sameAs":["https:\/\/www.facebook.com\/povazskemuzeum","https:\/\/www.instagram.com\/povazskemuzeum\/"]},{"@type":"Person","@id":"https:\/\/pmza.sk\/#\/schema\/person\/595e6a2ce731ea94dcd5d7f50a41ae33","name":"Pova\u017esk\u00e9 m\u00fazeum","image":{"@type":"ImageObject","inLanguage":"sk-SK","@id":"https:\/\/secure.gravatar.com\/avatar\/2bb7f1561282132fb5826dfeccc66c7996d11ee392ac6aaf7ced8a1c2027fbb2?s=96&d=mm&r=g","url":"https:\/\/secure.gravatar.com\/avatar\/2bb7f1561282132fb5826dfeccc66c7996d11ee392ac6aaf7ced8a1c2027fbb2?s=96&d=mm&r=g","contentUrl":"https:\/\/secure.gravatar.com\/avatar\/2bb7f1561282132fb5826dfeccc66c7996d11ee392ac6aaf7ced8a1c2027fbb2?s=96&d=mm&r=g","caption":"Pova\u017esk\u00e9 m\u00fazeum"}}]}},"_links":{"self":[{"href":"https:\/\/pmza.sk\/index.php?rest_route=\/wp\/v2\/posts\/5159","targetHints":{"allow":["GET"]}}],"collection":[{"href":"https:\/\/pmza.sk\/index.php?rest_route=\/wp\/v2\/posts"}],"about":[{"href":"https:\/\/pmza.sk\/index.php?rest_route=\/wp\/v2\/types\/post"}],"author":[{"embeddable":true,"href":"https:\/\/pmza.sk\/index.php?rest_route=\/wp\/v2\/users\/2"}],"replies":[{"embeddable":true,"href":"https:\/\/pmza.sk\/index.php?rest_route=%2Fwp%2Fv2%2Fcomments&post=5159"}],"version-history":[{"count":0,"href":"https:\/\/pmza.sk\/index.php?rest_route=\/wp\/v2\/posts\/5159\/revisions"}],"wp:attachment":[{"href":"https:\/\/pmza.sk\/index.php?rest_route=%2Fwp%2Fv2%2Fmedia&parent=5159"}],"wp:term":[{"taxonomy":"category","embeddable":true,"href":"https:\/\/pmza.sk\/index.php?rest_route=%2Fwp%2Fv2%2Fcategories&post=5159"},{"taxonomy":"post_tag","embeddable":true,"href":"https:\/\/pmza.sk\/index.php?rest_route=%2Fwp%2Fv2%2Ftags&post=5159"}],"curies":[{"name":"wp","href":"https:\/\/api.w.org\/{rel}","templated":true}]}}