{"id":51711,"date":"2022-07-06T12:07:27","date_gmt":"2022-07-06T10:07:27","guid":{"rendered":"https:\/\/pmza.sk\/?p=51711"},"modified":"2025-05-15T07:12:09","modified_gmt":"2025-05-15T05:12:09","slug":"vyberove-konanie-na-poziciu-riaditela-povazskeho-muzea","status":"publish","type":"post","link":"https:\/\/pmza.sk\/?p=51711","title":{"rendered":"V\u00fdberov\u00e9 konanie na poz\u00edciu riadite\u013ea Pova\u017esk\u00e9ho m\u00fazea"},"content":{"rendered":"<p>N\u00e1zov poz\u00edcie: <strong>riadite\u013e Pova\u017esk\u00e9ho m\u00fazea<\/strong><\/p>\n<p>Identifik\u00e1tor v\u00fdberov\u00e9ho konania: <strong>VK\/\u017dSK\/13\/2022<\/strong><\/p>\n<p>N\u00e1zov organiz\u00e1cie: Pova\u017esk\u00e9 m\u00fazeum, Topo\u013eov\u00e1 1, 010 03 \u017dilina<\/p>\n<p>Pracovn\u00e1 oblas\u0165: verejn\u00e1 spr\u00e1va \u2013 oblas\u0165 kult\u00fary<\/p>\n<p>Miesto v\u00fdkonu pr\u00e1ce: Pova\u017esk\u00e9 m\u00fazeum, Topo\u013eov\u00e1 1, 010 03 \u017dilina<\/p>\n<p>Po\u010det obsadzovan\u00fdch miest: 1<\/p>\n<p>Pracovn\u00fd pomer: TPP<\/p>\n<p>Druh pracovn\u00e9ho \u00fav\u00e4zku: pln\u00fd pracovn\u00fd \u00fav\u00e4zok<\/p>\n<p>Pracovn\u00fd \u010das: 37,5 hodinov\u00fd pracovn\u00fd t\u00fd\u017ede\u0148<\/p>\n<p>D\u00e1tum n\u00e1stupu: od 01.10. 2022, pr\u00edp. dohodou<\/p>\n<p>Platov\u00e9 podmienky: od 1\u00a0800 \u20ac brutto\/mesiac<\/p>\n<p>Plat bude stanoven\u00fd v\u00a0zmysle ustanoven\u00ed z. \u010d. 553\/2003 Z. z.\u00a0 o\u00a0odme\u0148ovan\u00ed niektor\u00fdch zamestnancov pri v\u00fdkone pr\u00e1ce vo verejnom z\u00e1ujme v\u00a0znen\u00ed neskor\u0161\u00edch predpisov.<\/p>\n<p>Zamestnaneck\u00e9 v\u00fdhody, benefity:<\/p>\n<ul>\n<li>stabiln\u00e1 verejn\u00e1 in\u0161tit\u00facia<\/li>\n<\/ul>\n<p>Popis \u010dinnosti pracovn\u00e9ho miesta:<\/p>\n<ul>\n<li>komplexn\u00e9 riadenie a zodpovednos\u0165 za vykon\u00e1vanie \u010dinnosti organiz\u00e1cie,<\/li>\n<li>zodpovednos\u0165 za zve\u013ea\u010fovanie a efekt\u00edvne a hospod\u00e1rne nakladanie so zveren\u00fdm majetkom organiz\u00e1cie.<\/li>\n<\/ul>\n<p>PO\u017dIADAVKY NA UCH\u00c1DZA\u010cA<\/p>\n<p>Stupe\u0148 vzdelania: vysoko\u0161kolsk\u00e9 II. stup\u0148a<\/p>\n<p>\u0160tudijn\u00fd odbor: zameranie na oblas\u0165 kult\u00fary a\u00a0cestovn\u00e9ho ruchu v\u00fdhodou<\/p>\n<p>Po\u017eadovan\u00e1 prax:\u00a0 5 ro\u010dn\u00e1 odborn\u00e1 prax v oblasti kult\u00fary a cestovn\u00e9ho ruchu, 3 ro\u010dn\u00e1 riadiaca prax<\/p>\n<p>Poz\u00edcia vhodn\u00e1 pre absolventa: nie<\/p>\n<p>Znalos\u0165 \u0161t\u00e1tneho jazyka: vy\u017eaduje sa<\/p>\n<p>Vodi\u010dsk\u00fd preukaz: skupiny B<\/p>\n<p>Z\u00e1kladn\u00e9 a osobnostn\u00e9 predpoklady:<\/p>\n<ul>\n<li>mana\u017e\u00e9rske zru\u010dnosti a osobnostn\u00e9 predpoklady na v\u00fdkon funkcie,<\/li>\n<li>znalos\u0165 \u0161t\u00e1tneho jazyka,<\/li>\n<li>znalos\u0165 cudzieho jazyka \u2013 v\u00edtan\u00e1,<\/li>\n<li>akt\u00edvna pr\u00e1ca s PC a in\u00fdmi be\u017ene pou\u017e\u00edvan\u00fdmi komunika\u010dn\u00fdmi technol\u00f3giami,<\/li>\n<li>bez\u00fahonnos\u0165 (preukazuje sa \u010destn\u00fdm vyhl\u00e1sen\u00edm o\u00a0bez\u00fahonnosti),<\/li>\n<li>zdravotn\u00e1 sp\u00f4sobilos\u0165 na pr\u00e1cu.<\/li>\n<\/ul>\n<p>\u010eal\u0161ie po\u017eiadavky:<\/p>\n<ul>\n<li>odbornos\u0165 \u2013 znalos\u0165 pr\u00edslu\u0161nej legislat\u00edvy (napr. Z\u00e1kon \u010d. 206\/2009 Z. z. o m\u00faze\u00e1ch\u00a0 a o gal\u00e9ri\u00e1ch a o ochrane predmetov kult\u00farnej hodnoty, Z\u00e1kon \u010d. 207\/2009 Z. z. o podmienkach v\u00fdvozu a dovozu predmetu kult\u00farnej hodnoty, z\u00e1kon \u010d. 49\/2002 Z. z. o ochrane pamiatkov\u00e9ho fondu, Z\u00e1kon \u010d. 126\/2015 Z. z. o kni\u017eniciach a pod.),<\/li>\n<li>ostatn\u00fdch v\u0161eobecne z\u00e1v\u00e4zn\u00fdch pr\u00e1vnych predpisov (napr.: Z\u00e1kon \u010d. 302\/2001 Z. z. o samospr\u00e1ve vy\u0161\u0161\u00edch \u00fazemn\u00fdch celkov, Z\u00e1konn\u00edk pr\u00e1ce \u010d. 311\/2001 z., Z\u00e1kon \u010d. 523\/2004 Z. z. o rozpo\u010dtov\u00fdch pravidl\u00e1ch verejnej spr\u00e1vy, Z\u00e1kon \u010d. 583\/2004 Z. z. o rozpo\u010dtov\u00fdch pravidl\u00e1ch \u00fazemnej samospr\u00e1vy, Z\u00e1kon \u010d. 552\/2003 Z. z. o v\u00fdkone pr\u00e1ce vo verejnom z\u00e1ujme a Z\u00e1kon \u010d. 553\/2003\u00a0 Z. z. o odme\u0148ovan\u00ed niektor\u00fdch zamestnancov pri v\u00fdkone pr\u00e1ce vo verejnom z\u00e1ujme a pod.).<\/li>\n<\/ul>\n<p>Podmienky zaradenia uch\u00e1dza\u010da do v\u00fdberov\u00e9ho konania:<\/p>\n<ul>\n<li>splnenie stanoven\u00fdch kvalifika\u010dn\u00fdch predpokladov a\u00a0ostatn\u00fdch po\u017eiadaviek v\u00a0zmysle inzer\u00e1tu,<\/li>\n<li>doru\u010denie po\u017eadovan\u00fdch dokumentov do term\u00ednu uz\u00e1vierky.<\/li>\n<\/ul>\n<p>Zoznam po\u017eadovan\u00fdch dokumentov:<\/p>\n<ul>\n<li>\u017eiados\u0165 o\u00a0zaradenie do v\u00fdberov\u00e9ho konania,<\/li>\n<li>motiva\u010dn\u00fd list,<\/li>\n<li>\u0161trukt\u00farovan\u00fd profesijn\u00fd \u017eivotopis,<\/li>\n<li>k\u00f3pia dokladu o ukon\u010den\u00ed vysoko\u0161kolsk\u00e9ho \u0161t\u00fadia,<\/li>\n<li>\u010destn\u00e9 vyhl\u00e1senie o pravdivosti \u00fadajov uv\u00e1dzan\u00fdch v \u017eiadosti a v\u00a0\u017eivotopise,<\/li>\n<li>projekt so zameran\u00edm <em>na v\u00edziu smerovania organiz\u00e1cie, rozvoja a skvalitnenia kult\u00farnej ponuky a slu\u017eieb<\/em> <em>s d\u00f4razom na efekt\u00edvnu hospod\u00e1rnos\u0165 a\u00a0finan\u010dn\u00fa udr\u017eate\u013enos\u0165 organiz\u00e1cie na najbli\u017e\u0161\u00edch 5 rokov <\/em>v\u00a0\u0161trukt\u00fare pod\u013ea Smernice \u010d. 137\/2021 \u017dilinsk\u00e9ho samospr\u00e1vneho kraja (\u010cl. IV, odsek 3), 4) a\u00a05)), ktor\u00e1 je zverejnen\u00e1 na internetovej str\u00e1nke\u00a0 <a href=\"http:\/\/www.regionzilina.sk\/\">regionzilina.sk<\/a><u> <strong>\u00bb<\/strong> oznamy <strong>\u00bb<\/strong> dokumenty <strong>\u00bb <\/strong>smernice <strong>\u00bb<\/strong> schv\u00e1len\u00e9 v\u00a0roku 2021<\/u>.<\/li>\n<\/ul>\n<p>INFORM\u00c1CIE O OBSADZOVANOM MIESTE<\/p>\n<p>D\u00e1tum vyhl\u00e1senia v\u00fdberov\u00e9ho konania: 04. 07. 2022<\/p>\n<p>Term\u00edn na podanie \u017eiadosti s ostatn\u00fdmi po\u017eadovan\u00fdmi dokumentmi: do <strong>15. 08. 2022<\/strong><\/p>\n<p>Sp\u00f4sob podania \u017eiadosti s ostatn\u00fdmi po\u017eadovan\u00fdmi dokumentmi:<\/p>\n<p><u>po\u0161tou na adresu (pr\u00edpadne osobne do podate\u013ene \u00daradu \u017dSK):<\/u> <strong>\u00darad \u017dSK, Komensk\u00e9ho 48, 011 09 \u017dilina<\/strong> s ozna\u010den\u00edm ob\u00e1lky \u201ev\u00fdberov\u00e9 konanie \u2013 riadite\u013e \u2013 n\u00e1zov organiz\u00e1cie\u201c, pri\u010dom rozhoduj\u00faci je d\u00e1tum na po\u0161tovej pe\u010diatke,<\/p>\n<p>alebo<\/p>\n<p><u>formou elektronickej schr\u00e1nky <\/u>\u2013 pod\u013ea z. \u010d. 305\/\/2013 Z. z. o\u00a0elektronickej podobe v\u00fdkonu p\u00f4sobnosti org\u00e1nov verejnej moci a\u00a0o\u00a0zmene a\u00a0doplnen\u00ed niektor\u00fdch z\u00e1konov (\u010falej \u201ez\u00e1kon o\u00a0e-Governmente\u201c).<\/p>\n<p>Predpokladan\u00e9 miesto uskuto\u010dnenia v\u00fdberov\u00e9ho konania: \u00darad \u017dSK, Komensk\u00e9ho 48, 011 09 \u017dilina<\/p>\n<p>Sp\u00f4sob vykonania v\u00fdberov\u00e9ho konania: p\u00edsomn\u00e1 forma osobnostn\u00e9ho dotazn\u00edka a\u00a0osobn\u00fd pohovor<\/p>\n<p>Kontaktn\u00e1 osoba: p. M\u00e1ria Pe\u010den\u00e1, t. \u010d. 041\/5032 422, e-mail: <a href=\"mailto:maria.pecena@zilinskazupa.sk\">maria.pecena@zilinskazupa.sk<\/a><\/p>\n<p>S osobn\u00fdmi \u00fadajmi, ktor\u00e9 bud\u00fa obsahova\u0165 doru\u010den\u00e9 dokumenty od uch\u00e1dza\u010dov bude zamestn\u00e1vate\u013e naklada\u0165 v s\u00falade so z\u00e1konom \u010d.\u00a018\/2018 Z. z. o ochrane osobn\u00fdch \u00fadajov a o zmene a doplnen\u00ed niektor\u00fdch z\u00e1konov.<\/p>\n","protected":false},"excerpt":{"rendered":"<p>N\u00e1zov poz\u00edcie: riadite\u013e Pova\u017esk\u00e9ho m\u00fazea Identifik\u00e1tor v\u00fdberov\u00e9ho konania: VK\/\u017dSK\/13\/2022 N\u00e1zov organiz\u00e1cie: Pova\u017esk\u00e9 m\u00fazeum, Topo\u013eov\u00e1 1, 010 03 \u017dilina Pracovn\u00e1 oblas\u0165: verejn\u00e1 spr\u00e1va \u2013 oblas\u0165 kult\u00fary Miesto v\u00fdkonu pr\u00e1ce: Pova\u017esk\u00e9 m\u00fazeum, Topo\u013eov\u00e1 1, 010 03 \u017dilina Po\u010det obsadzovan\u00fdch miest: 1 Pracovn\u00fd pomer: TPP Druh pracovn\u00e9ho \u00fav\u00e4zku: pln\u00fd pracovn\u00fd \u00fav\u00e4zok Pracovn\u00fd \u010das: 37,5 hodinov\u00fd pracovn\u00fd t\u00fd\u017ede\u0148 D\u00e1tum [&hellip;]<\/p>\n","protected":false},"author":2,"featured_media":51713,"comment_status":"closed","ping_status":"closed","sticky":false,"template":"","format":"standard","meta":{"site-sidebar-layout":"default","site-content-layout":"default","ast-site-content-layout":"default","site-content-style":"default","site-sidebar-style":"default","ast-global-header-display":"","ast-banner-title-visibility":"","ast-main-header-display":"","ast-hfb-above-header-display":"","ast-hfb-below-header-display":"","ast-hfb-mobile-header-display":"","site-post-title":"","ast-breadcrumbs-content":"","ast-featured-img":"","footer-sml-layout":"","theme-transparent-header-meta":"default","adv-header-id-meta":"","stick-header-meta":"default","header-above-stick-meta":"","header-main-stick-meta":"","header-below-stick-meta":"","astra-migrate-meta-layouts":"set","ast-page-background-enabled":"default","ast-page-background-meta":{"desktop":{"background-color":"var(--ast-global-color-4)","background-image":"","background-repeat":"repeat","background-position":"center center","background-size":"auto","background-attachment":"scroll","background-type":"","background-media":"","overlay-type":"","overlay-color":"","overlay-opacity":"","overlay-gradient":""},"tablet":{"background-color":"","background-image":"","background-repeat":"repeat","background-position":"center center","background-size":"auto","background-attachment":"scroll","background-type":"","background-media":"","overlay-type":"","overlay-color":"","overlay-opacity":"","overlay-gradient":""},"mobile":{"background-color":"","background-image":"","background-repeat":"repeat","background-position":"center center","background-size":"auto","background-attachment":"scroll","background-type":"","background-media":"","overlay-type":"","overlay-color":"","overlay-opacity":"","overlay-gradient":""}},"ast-content-background-meta":{"desktop":{"background-color":"var(--ast-global-color-5)","background-image":"","background-repeat":"repeat","background-position":"center center","background-size":"auto","background-attachment":"scroll","background-type":"","background-media":"","overlay-type":"","overlay-color":"","overlay-opacity":"","overlay-gradient":""},"tablet":{"background-color":"var(--ast-global-color-5)","background-image":"","background-repeat":"repeat","background-position":"center center","background-size":"auto","background-attachment":"scroll","background-type":"","background-media":"","overlay-type":"","overlay-color":"","overlay-opacity":"","overlay-gradient":""},"mobile":{"background-color":"var(--ast-global-color-5)","background-image":"","background-repeat":"repeat","background-position":"center center","background-size":"auto","background-attachment":"scroll","background-type":"","background-media":"","overlay-type":"","overlay-color":"","overlay-opacity":"","overlay-gradient":""}},"footnotes":""},"categories":[31],"tags":[],"class_list":["post-51711","post","type-post","status-publish","format-standard","has-post-thumbnail","hentry","category-aktuality"],"yoast_head":"<!-- This site is optimized with the Yoast SEO plugin v27.4 - https:\/\/yoast.com\/product\/yoast-seo-wordpress\/ -->\n<title>V\u00fdberov\u00e9 konanie na poz\u00edciu riadite\u013ea Pova\u017esk\u00e9ho m\u00fazea - Pova\u017esk\u00e9 m\u00fazeum<\/title>\n<meta name=\"robots\" content=\"index, follow, max-snippet:-1, max-image-preview:large, max-video-preview:-1\" \/>\n<link rel=\"canonical\" href=\"https:\/\/pmza.sk\/?p=51711\" \/>\n<meta property=\"og:locale\" content=\"sk_SK\" \/>\n<meta property=\"og:type\" content=\"article\" \/>\n<meta property=\"og:title\" content=\"V\u00fdberov\u00e9 konanie na poz\u00edciu riadite\u013ea Pova\u017esk\u00e9ho m\u00fazea - Pova\u017esk\u00e9 m\u00fazeum\" \/>\n<meta property=\"og:description\" content=\"N\u00e1zov poz\u00edcie: riadite\u013e Pova\u017esk\u00e9ho m\u00fazea Identifik\u00e1tor v\u00fdberov\u00e9ho konania: VK\/\u017dSK\/13\/2022 N\u00e1zov organiz\u00e1cie: Pova\u017esk\u00e9 m\u00fazeum, Topo\u013eov\u00e1 1, 010 03 \u017dilina Pracovn\u00e1 oblas\u0165: verejn\u00e1 spr\u00e1va \u2013 oblas\u0165 kult\u00fary Miesto v\u00fdkonu pr\u00e1ce: Pova\u017esk\u00e9 m\u00fazeum, Topo\u013eov\u00e1 1, 010 03 \u017dilina Po\u010det obsadzovan\u00fdch miest: 1 Pracovn\u00fd pomer: TPP Druh pracovn\u00e9ho \u00fav\u00e4zku: pln\u00fd pracovn\u00fd \u00fav\u00e4zok Pracovn\u00fd \u010das: 37,5 hodinov\u00fd pracovn\u00fd t\u00fd\u017ede\u0148 D\u00e1tum [&hellip;]\" \/>\n<meta property=\"og:url\" content=\"https:\/\/pmza.sk\/?p=51711\" \/>\n<meta property=\"og:site_name\" content=\"Pova\u017esk\u00e9 m\u00fazeum\" \/>\n<meta property=\"article:publisher\" content=\"https:\/\/www.facebook.com\/povazskemuzeum\" \/>\n<meta property=\"article:published_time\" content=\"2022-07-06T10:07:27+00:00\" \/>\n<meta property=\"article:modified_time\" content=\"2025-05-15T05:12:09+00:00\" \/>\n<meta property=\"og:image\" content=\"https:\/\/pmza.sk\/wp-content\/uploads\/2022\/07\/logo_PM_horizontal-1.jpg\" \/>\n\t<meta property=\"og:image:width\" content=\"1280\" \/>\n\t<meta property=\"og:image:height\" content=\"787\" \/>\n\t<meta property=\"og:image:type\" content=\"image\/jpeg\" \/>\n<meta name=\"author\" content=\"Pova\u017esk\u00e9 m\u00fazeum\" \/>\n<meta name=\"twitter:card\" content=\"summary_large_image\" \/>\n<meta name=\"twitter:label1\" content=\"Autor\" \/>\n\t<meta name=\"twitter:data1\" content=\"Pova\u017esk\u00e9 m\u00fazeum\" \/>\n\t<meta name=\"twitter:label2\" content=\"Predpokladan\u00fd \u010das \u010d\u00edtania\" \/>\n\t<meta name=\"twitter:data2\" content=\"4 min\u00faty\" \/>\n<script type=\"application\/ld+json\" class=\"yoast-schema-graph\">{\"@context\":\"https:\\\/\\\/schema.org\",\"@graph\":[{\"@type\":\"Article\",\"@id\":\"https:\\\/\\\/pmza.sk\\\/?p=51711#article\",\"isPartOf\":{\"@id\":\"https:\\\/\\\/pmza.sk\\\/?p=51711\"},\"author\":{\"name\":\"Pova\u017esk\u00e9 m\u00fazeum\",\"@id\":\"https:\\\/\\\/pmza.sk\\\/#\\\/schema\\\/person\\\/595e6a2ce731ea94dcd5d7f50a41ae33\"},\"headline\":\"V\u00fdberov\u00e9 konanie na poz\u00edciu riadite\u013ea Pova\u017esk\u00e9ho m\u00fazea\",\"datePublished\":\"2022-07-06T10:07:27+00:00\",\"dateModified\":\"2025-05-15T05:12:09+00:00\",\"mainEntityOfPage\":{\"@id\":\"https:\\\/\\\/pmza.sk\\\/?p=51711\"},\"wordCount\":799,\"publisher\":{\"@id\":\"https:\\\/\\\/pmza.sk\\\/#organization\"},\"image\":{\"@id\":\"https:\\\/\\\/pmza.sk\\\/?p=51711#primaryimage\"},\"thumbnailUrl\":\"https:\\\/\\\/pmza.sk\\\/wp-content\\\/uploads\\\/2022\\\/07\\\/logo_PM_horizontal-1.jpg\",\"articleSection\":[\"Aktuality\"],\"inLanguage\":\"sk-SK\"},{\"@type\":\"WebPage\",\"@id\":\"https:\\\/\\\/pmza.sk\\\/?p=51711\",\"url\":\"https:\\\/\\\/pmza.sk\\\/?p=51711\",\"name\":\"V\u00fdberov\u00e9 konanie na poz\u00edciu riadite\u013ea Pova\u017esk\u00e9ho m\u00fazea - Pova\u017esk\u00e9 m\u00fazeum\",\"isPartOf\":{\"@id\":\"https:\\\/\\\/pmza.sk\\\/#website\"},\"primaryImageOfPage\":{\"@id\":\"https:\\\/\\\/pmza.sk\\\/?p=51711#primaryimage\"},\"image\":{\"@id\":\"https:\\\/\\\/pmza.sk\\\/?p=51711#primaryimage\"},\"thumbnailUrl\":\"https:\\\/\\\/pmza.sk\\\/wp-content\\\/uploads\\\/2022\\\/07\\\/logo_PM_horizontal-1.jpg\",\"datePublished\":\"2022-07-06T10:07:27+00:00\",\"dateModified\":\"2025-05-15T05:12:09+00:00\",\"breadcrumb\":{\"@id\":\"https:\\\/\\\/pmza.sk\\\/?p=51711#breadcrumb\"},\"inLanguage\":\"sk-SK\",\"potentialAction\":[{\"@type\":\"ReadAction\",\"target\":[\"https:\\\/\\\/pmza.sk\\\/?p=51711\"]}]},{\"@type\":\"ImageObject\",\"inLanguage\":\"sk-SK\",\"@id\":\"https:\\\/\\\/pmza.sk\\\/?p=51711#primaryimage\",\"url\":\"https:\\\/\\\/pmza.sk\\\/wp-content\\\/uploads\\\/2022\\\/07\\\/logo_PM_horizontal-1.jpg\",\"contentUrl\":\"https:\\\/\\\/pmza.sk\\\/wp-content\\\/uploads\\\/2022\\\/07\\\/logo_PM_horizontal-1.jpg\",\"width\":1280,\"height\":787},{\"@type\":\"BreadcrumbList\",\"@id\":\"https:\\\/\\\/pmza.sk\\\/?p=51711#breadcrumb\",\"itemListElement\":[{\"@type\":\"ListItem\",\"position\":1,\"name\":\"Domovsk\u00e1 str\u00e1nka\",\"item\":\"https:\\\/\\\/pmza.sk\\\/\"},{\"@type\":\"ListItem\",\"position\":2,\"name\":\"V\u00fdberov\u00e9 konanie na poz\u00edciu riadite\u013ea Pova\u017esk\u00e9ho m\u00fazea\"}]},{\"@type\":\"WebSite\",\"@id\":\"https:\\\/\\\/pmza.sk\\\/#website\",\"url\":\"https:\\\/\\\/pmza.sk\\\/\",\"name\":\"Pova\u017esk\u00e9 m\u00fazeum\",\"description\":\"Pova\u017esk\u00e9 m\u00fazeum v \u017diline je region\u00e1lne m\u00fazeum so s\u00eddlom v Budat\u00edne. Jeho expoz\u00edcie s\u00fa zameran\u00e9 na dejiny slovensk\u00e9ho umenia, kult\u00fary a dopravy.\",\"publisher\":{\"@id\":\"https:\\\/\\\/pmza.sk\\\/#organization\"},\"potentialAction\":[{\"@type\":\"SearchAction\",\"target\":{\"@type\":\"EntryPoint\",\"urlTemplate\":\"https:\\\/\\\/pmza.sk\\\/?s={search_term_string}\"},\"query-input\":{\"@type\":\"PropertyValueSpecification\",\"valueRequired\":true,\"valueName\":\"search_term_string\"}}],\"inLanguage\":\"sk-SK\"},{\"@type\":\"Organization\",\"@id\":\"https:\\\/\\\/pmza.sk\\\/#organization\",\"name\":\"Pova\u017esk\u00e9 m\u00fazeum\",\"url\":\"https:\\\/\\\/pmza.sk\\\/\",\"logo\":{\"@type\":\"ImageObject\",\"inLanguage\":\"sk-SK\",\"@id\":\"https:\\\/\\\/pmza.sk\\\/#\\\/schema\\\/logo\\\/image\\\/\",\"url\":\"https:\\\/\\\/pmza.sk\\\/wp-content\\\/uploads\\\/2022\\\/01\\\/logo_PM_horizontal.jpg\",\"contentUrl\":\"https:\\\/\\\/pmza.sk\\\/wp-content\\\/uploads\\\/2022\\\/01\\\/logo_PM_horizontal.jpg\",\"width\":231,\"height\":142,\"caption\":\"Pova\u017esk\u00e9 m\u00fazeum\"},\"image\":{\"@id\":\"https:\\\/\\\/pmza.sk\\\/#\\\/schema\\\/logo\\\/image\\\/\"},\"sameAs\":[\"https:\\\/\\\/www.facebook.com\\\/povazskemuzeum\",\"https:\\\/\\\/www.instagram.com\\\/povazskemuzeum\\\/\"]},{\"@type\":\"Person\",\"@id\":\"https:\\\/\\\/pmza.sk\\\/#\\\/schema\\\/person\\\/595e6a2ce731ea94dcd5d7f50a41ae33\",\"name\":\"Pova\u017esk\u00e9 m\u00fazeum\",\"image\":{\"@type\":\"ImageObject\",\"inLanguage\":\"sk-SK\",\"@id\":\"https:\\\/\\\/secure.gravatar.com\\\/avatar\\\/2bb7f1561282132fb5826dfeccc66c7996d11ee392ac6aaf7ced8a1c2027fbb2?s=96&d=mm&r=g\",\"url\":\"https:\\\/\\\/secure.gravatar.com\\\/avatar\\\/2bb7f1561282132fb5826dfeccc66c7996d11ee392ac6aaf7ced8a1c2027fbb2?s=96&d=mm&r=g\",\"contentUrl\":\"https:\\\/\\\/secure.gravatar.com\\\/avatar\\\/2bb7f1561282132fb5826dfeccc66c7996d11ee392ac6aaf7ced8a1c2027fbb2?s=96&d=mm&r=g\",\"caption\":\"Pova\u017esk\u00e9 m\u00fazeum\"}}]}<\/script>\n<!-- \/ Yoast SEO plugin. -->","yoast_head_json":{"title":"V\u00fdberov\u00e9 konanie na poz\u00edciu riadite\u013ea Pova\u017esk\u00e9ho m\u00fazea - Pova\u017esk\u00e9 m\u00fazeum","robots":{"index":"index","follow":"follow","max-snippet":"max-snippet:-1","max-image-preview":"max-image-preview:large","max-video-preview":"max-video-preview:-1"},"canonical":"https:\/\/pmza.sk\/?p=51711","og_locale":"sk_SK","og_type":"article","og_title":"V\u00fdberov\u00e9 konanie na poz\u00edciu riadite\u013ea Pova\u017esk\u00e9ho m\u00fazea - Pova\u017esk\u00e9 m\u00fazeum","og_description":"N\u00e1zov poz\u00edcie: riadite\u013e Pova\u017esk\u00e9ho m\u00fazea Identifik\u00e1tor v\u00fdberov\u00e9ho konania: VK\/\u017dSK\/13\/2022 N\u00e1zov organiz\u00e1cie: Pova\u017esk\u00e9 m\u00fazeum, Topo\u013eov\u00e1 1, 010 03 \u017dilina Pracovn\u00e1 oblas\u0165: verejn\u00e1 spr\u00e1va \u2013 oblas\u0165 kult\u00fary Miesto v\u00fdkonu pr\u00e1ce: Pova\u017esk\u00e9 m\u00fazeum, Topo\u013eov\u00e1 1, 010 03 \u017dilina Po\u010det obsadzovan\u00fdch miest: 1 Pracovn\u00fd pomer: TPP Druh pracovn\u00e9ho \u00fav\u00e4zku: pln\u00fd pracovn\u00fd \u00fav\u00e4zok Pracovn\u00fd \u010das: 37,5 hodinov\u00fd pracovn\u00fd t\u00fd\u017ede\u0148 D\u00e1tum [&hellip;]","og_url":"https:\/\/pmza.sk\/?p=51711","og_site_name":"Pova\u017esk\u00e9 m\u00fazeum","article_publisher":"https:\/\/www.facebook.com\/povazskemuzeum","article_published_time":"2022-07-06T10:07:27+00:00","article_modified_time":"2025-05-15T05:12:09+00:00","og_image":[{"width":1280,"height":787,"url":"https:\/\/pmza.sk\/wp-content\/uploads\/2022\/07\/logo_PM_horizontal-1.jpg","type":"image\/jpeg"}],"author":"Pova\u017esk\u00e9 m\u00fazeum","twitter_card":"summary_large_image","twitter_misc":{"Autor":"Pova\u017esk\u00e9 m\u00fazeum","Predpokladan\u00fd \u010das \u010d\u00edtania":"4 min\u00faty"},"schema":{"@context":"https:\/\/schema.org","@graph":[{"@type":"Article","@id":"https:\/\/pmza.sk\/?p=51711#article","isPartOf":{"@id":"https:\/\/pmza.sk\/?p=51711"},"author":{"name":"Pova\u017esk\u00e9 m\u00fazeum","@id":"https:\/\/pmza.sk\/#\/schema\/person\/595e6a2ce731ea94dcd5d7f50a41ae33"},"headline":"V\u00fdberov\u00e9 konanie na poz\u00edciu riadite\u013ea Pova\u017esk\u00e9ho m\u00fazea","datePublished":"2022-07-06T10:07:27+00:00","dateModified":"2025-05-15T05:12:09+00:00","mainEntityOfPage":{"@id":"https:\/\/pmza.sk\/?p=51711"},"wordCount":799,"publisher":{"@id":"https:\/\/pmza.sk\/#organization"},"image":{"@id":"https:\/\/pmza.sk\/?p=51711#primaryimage"},"thumbnailUrl":"https:\/\/pmza.sk\/wp-content\/uploads\/2022\/07\/logo_PM_horizontal-1.jpg","articleSection":["Aktuality"],"inLanguage":"sk-SK"},{"@type":"WebPage","@id":"https:\/\/pmza.sk\/?p=51711","url":"https:\/\/pmza.sk\/?p=51711","name":"V\u00fdberov\u00e9 konanie na poz\u00edciu riadite\u013ea Pova\u017esk\u00e9ho m\u00fazea - Pova\u017esk\u00e9 m\u00fazeum","isPartOf":{"@id":"https:\/\/pmza.sk\/#website"},"primaryImageOfPage":{"@id":"https:\/\/pmza.sk\/?p=51711#primaryimage"},"image":{"@id":"https:\/\/pmza.sk\/?p=51711#primaryimage"},"thumbnailUrl":"https:\/\/pmza.sk\/wp-content\/uploads\/2022\/07\/logo_PM_horizontal-1.jpg","datePublished":"2022-07-06T10:07:27+00:00","dateModified":"2025-05-15T05:12:09+00:00","breadcrumb":{"@id":"https:\/\/pmza.sk\/?p=51711#breadcrumb"},"inLanguage":"sk-SK","potentialAction":[{"@type":"ReadAction","target":["https:\/\/pmza.sk\/?p=51711"]}]},{"@type":"ImageObject","inLanguage":"sk-SK","@id":"https:\/\/pmza.sk\/?p=51711#primaryimage","url":"https:\/\/pmza.sk\/wp-content\/uploads\/2022\/07\/logo_PM_horizontal-1.jpg","contentUrl":"https:\/\/pmza.sk\/wp-content\/uploads\/2022\/07\/logo_PM_horizontal-1.jpg","width":1280,"height":787},{"@type":"BreadcrumbList","@id":"https:\/\/pmza.sk\/?p=51711#breadcrumb","itemListElement":[{"@type":"ListItem","position":1,"name":"Domovsk\u00e1 str\u00e1nka","item":"https:\/\/pmza.sk\/"},{"@type":"ListItem","position":2,"name":"V\u00fdberov\u00e9 konanie na poz\u00edciu riadite\u013ea Pova\u017esk\u00e9ho m\u00fazea"}]},{"@type":"WebSite","@id":"https:\/\/pmza.sk\/#website","url":"https:\/\/pmza.sk\/","name":"Pova\u017esk\u00e9 m\u00fazeum","description":"Pova\u017esk\u00e9 m\u00fazeum v \u017diline je region\u00e1lne m\u00fazeum so s\u00eddlom v Budat\u00edne. Jeho expoz\u00edcie s\u00fa zameran\u00e9 na dejiny slovensk\u00e9ho umenia, kult\u00fary a dopravy.","publisher":{"@id":"https:\/\/pmza.sk\/#organization"},"potentialAction":[{"@type":"SearchAction","target":{"@type":"EntryPoint","urlTemplate":"https:\/\/pmza.sk\/?s={search_term_string}"},"query-input":{"@type":"PropertyValueSpecification","valueRequired":true,"valueName":"search_term_string"}}],"inLanguage":"sk-SK"},{"@type":"Organization","@id":"https:\/\/pmza.sk\/#organization","name":"Pova\u017esk\u00e9 m\u00fazeum","url":"https:\/\/pmza.sk\/","logo":{"@type":"ImageObject","inLanguage":"sk-SK","@id":"https:\/\/pmza.sk\/#\/schema\/logo\/image\/","url":"https:\/\/pmza.sk\/wp-content\/uploads\/2022\/01\/logo_PM_horizontal.jpg","contentUrl":"https:\/\/pmza.sk\/wp-content\/uploads\/2022\/01\/logo_PM_horizontal.jpg","width":231,"height":142,"caption":"Pova\u017esk\u00e9 m\u00fazeum"},"image":{"@id":"https:\/\/pmza.sk\/#\/schema\/logo\/image\/"},"sameAs":["https:\/\/www.facebook.com\/povazskemuzeum","https:\/\/www.instagram.com\/povazskemuzeum\/"]},{"@type":"Person","@id":"https:\/\/pmza.sk\/#\/schema\/person\/595e6a2ce731ea94dcd5d7f50a41ae33","name":"Pova\u017esk\u00e9 m\u00fazeum","image":{"@type":"ImageObject","inLanguage":"sk-SK","@id":"https:\/\/secure.gravatar.com\/avatar\/2bb7f1561282132fb5826dfeccc66c7996d11ee392ac6aaf7ced8a1c2027fbb2?s=96&d=mm&r=g","url":"https:\/\/secure.gravatar.com\/avatar\/2bb7f1561282132fb5826dfeccc66c7996d11ee392ac6aaf7ced8a1c2027fbb2?s=96&d=mm&r=g","contentUrl":"https:\/\/secure.gravatar.com\/avatar\/2bb7f1561282132fb5826dfeccc66c7996d11ee392ac6aaf7ced8a1c2027fbb2?s=96&d=mm&r=g","caption":"Pova\u017esk\u00e9 m\u00fazeum"}}]}},"_links":{"self":[{"href":"https:\/\/pmza.sk\/index.php?rest_route=\/wp\/v2\/posts\/51711","targetHints":{"allow":["GET"]}}],"collection":[{"href":"https:\/\/pmza.sk\/index.php?rest_route=\/wp\/v2\/posts"}],"about":[{"href":"https:\/\/pmza.sk\/index.php?rest_route=\/wp\/v2\/types\/post"}],"author":[{"embeddable":true,"href":"https:\/\/pmza.sk\/index.php?rest_route=\/wp\/v2\/users\/2"}],"replies":[{"embeddable":true,"href":"https:\/\/pmza.sk\/index.php?rest_route=%2Fwp%2Fv2%2Fcomments&post=51711"}],"version-history":[{"count":0,"href":"https:\/\/pmza.sk\/index.php?rest_route=\/wp\/v2\/posts\/51711\/revisions"}],"wp:featuredmedia":[{"embeddable":true,"href":"https:\/\/pmza.sk\/index.php?rest_route=\/wp\/v2\/media\/51713"}],"wp:attachment":[{"href":"https:\/\/pmza.sk\/index.php?rest_route=%2Fwp%2Fv2%2Fmedia&parent=51711"}],"wp:term":[{"taxonomy":"category","embeddable":true,"href":"https:\/\/pmza.sk\/index.php?rest_route=%2Fwp%2Fv2%2Fcategories&post=51711"},{"taxonomy":"post_tag","embeddable":true,"href":"https:\/\/pmza.sk\/index.php?rest_route=%2Fwp%2Fv2%2Ftags&post=51711"}],"curies":[{"name":"wp","href":"https:\/\/api.w.org\/{rel}","templated":true}]}}