{"id":51717,"date":"2022-07-06T12:18:17","date_gmt":"2022-07-06T10:18:17","guid":{"rendered":"https:\/\/pmza.sk\/?p=51717"},"modified":"2025-05-15T07:11:35","modified_gmt":"2025-05-15T05:11:35","slug":"do-muzea-dopravy-prijmeme-lektora-pokladnika","status":"publish","type":"post","link":"https:\/\/pmza.sk\/?p=51717","title":{"rendered":"Do M\u00fazea dopravy pr\u00edjmeme lektora\/pokladn\u00edka"},"content":{"rendered":"\t\t<div data-elementor-type=\"wp-post\" data-elementor-id=\"51717\" class=\"elementor elementor-51717\">\n\t\t\t\t\t\t<section class=\"elementor-section elementor-top-section elementor-element elementor-element-3ce98c56 elementor-section-boxed elementor-section-height-default elementor-section-height-default\" data-id=\"3ce98c56\" data-element_type=\"section\">\n\t\t\t\t\t\t<div class=\"elementor-container elementor-column-gap-default\">\n\t\t\t\t\t<div class=\"elementor-column elementor-col-100 elementor-top-column elementor-element elementor-element-68e3a6b5\" data-id=\"68e3a6b5\" data-element_type=\"column\">\n\t\t\t<div class=\"elementor-widget-wrap elementor-element-populated\">\n\t\t\t\t\t\t<div class=\"elementor-element elementor-element-2ea53922 elementor-widget elementor-widget-text-editor\" data-id=\"2ea53922\" data-element_type=\"widget\" data-widget_type=\"text-editor.default\">\n\t\t\t\t<div class=\"elementor-widget-container\">\n\t\t\t\t\t\t\t\t\t<p><strong>Pova\u017esk\u00e9 m\u00fazeum, Topo\u013eov\u00e1 1, 010 03 \u017dilina <\/strong><\/p><p><strong>\u00a0<\/strong>pr\u00edjme \u00a0do pracovn\u00e9ho pomeru <strong>pokladn\u00edka\/lektora<\/strong><\/p><p>Miesto v\u00fdkonu pr\u00e1ce: \u00a0\u00a0\u00a0\u00a0\u00a0\u00a0\u00a0\u00a0\u00a0\u00a0\u00a0\u00a0\u00a0\u00a0\u00a0\u00a0\u00a0\u00a0\u00a0\u00a0\u00a0\u00a0 \u00a0\u00a0 <strong>M\u00fazeum dopravy Rajeck\u00e9 Teplice <\/strong><\/p><p>Pon\u00fakan\u00fd plat (brutto): \u00a0\u00a0\u00a0\u00a0\u00a0\u00a0\u00a0\u00a0\u00a0\u00a0\u00a0\u00a0\u00a0\u00a0\u00a0\u00a0\u00a0\u00a0\u00a0\u00a0\u00a0 v\u00a0zmysle z\u00e1kona 553\/2003 Z. z. (od 646\u20ac) pod\u013ea d\u013a\u017eky zapo\u010d\u00edtanej praxe<\/p><p>Predpokladan\u00fd term\u00edn n\u00e1stupu:\u00a0 \u00a0 \u00a0 \u00a0<strong>23. august <\/strong><strong>2022<\/strong><\/p><p>Druh pracovn\u00e9ho pomeru: \u00a0\u00a0\u00a0\u00a0\u00a0\u00a0\u00a0\u00a0\u00a0\u00a0\u00a0\u00a0\u00a0\u00a0\u00a0\u00a0 pracovn\u00fd t\u00fd\u017ede\u0148 je od utorka do soboty na pln\u00fd pracovn\u00fd \u00fav\u00e4zok, t. j. 37,5h\/t\u00fd\u017ede\u0148<\/p><p>Pracovn\u00e1 n\u00e1pl\u0148, pr\u00e1vomoci a\u00a0zodpovednosti:<\/p><ul><li>sprev\u00e1dzanie n\u00e1v\u0161tevn\u00edkov s odborn\u00fdm v\u00fdkladom o hist\u00f3rii a vystaven\u00fdch zbierkov\u00fdch predmetoch v M\u00fazeu dej\u00edn dopravy v Rajeck\u00fdch Tepliciach v slovenskom, resp. anglickom jazyku,<\/li><li>dozor nad zbierkami vo zveren\u00fdch expoz\u00edci\u00e1ch, upratovanie expoz\u00edcie<\/li><li>hmotn\u00e1 zodpovednos\u0165 za predaj vstupeniek, suven\u00edrov, publik\u00e1ci\u00ed a in\u00e9ho propaga\u010dno-predajn\u00e9ho materi\u00e1lu,<\/li><li>spolupr\u00e1ca na obsahovej a\u00a0organiza\u010dnej pr\u00edprave a\u00a0realiz\u00e1cii kult\u00farnych podujat\u00ed<\/li><li>propag\u00e1cia na soci\u00e1lnych sie\u0165ach, v hoteloch a\u00a0pod.<\/li><\/ul><p><strong>Po\u017eiadavky<\/strong>:<\/p><ul><li>\u00fapln\u00e9 stredn\u00e9 vzdelanie \u2013 maturita<\/li><li>znalos\u0165 anglick\u00e9ho jazyka<\/li><li>komunikat\u00edvnos\u0165<\/li><li>primeran\u00fd verb\u00e1lny prejav<\/li><li>pr\u00edjemn\u00e9 vystupovanie<\/li><li>flexibilita<\/li><li>znalos\u0165 pr\u00e1ce s\u00a0poklad\u0148ou v\u00edtan\u00e1<\/li><li>znalos\u0165 \u010fal\u0161ieho cudzieho jazyka v\u00edtan\u00e1<\/li><li>znalos\u0165 obsluhy modelovej \u017eeleznice v\u00edtan\u00e1<\/li><\/ul><p>\u017diados\u0165 spolu so \u0161trukt\u00farovan\u00fdm \u017eivotopisom a s\u00fahlasom so spracovan\u00edm osobn\u00fdch \u00fadajov zasielajte do 31. j\u00fala 2022 na adresu: Pova\u017esk\u00e9 m\u00fazeum, Topo\u013eov\u00e1 l, 010 03\u00a0 \u017dilina; email:\u00a0 <a href=\"mailto:muzeum@pmza.sk\">muzeum@pmza.sk.<\/a><\/p>\t\t\t\t\t\t\t\t<\/div>\n\t\t\t\t<\/div>\n\t\t\t\t\t<\/div>\n\t\t<\/div>\n\t\t\t\t\t<\/div>\n\t\t<\/section>\n\t\t\t\t<\/div>\n\t\t","protected":false},"excerpt":{"rendered":"<p>Pova\u017esk\u00e9 m\u00fazeum, Topo\u013eov\u00e1 1, 010 03 \u017dilina \u00a0pr\u00edjme \u00a0do pracovn\u00e9ho pomeru pokladn\u00edka\/lektora Miesto v\u00fdkonu pr\u00e1ce: \u00a0\u00a0\u00a0\u00a0\u00a0\u00a0\u00a0\u00a0\u00a0\u00a0\u00a0\u00a0\u00a0\u00a0\u00a0\u00a0\u00a0\u00a0\u00a0\u00a0\u00a0\u00a0 \u00a0\u00a0 M\u00fazeum dopravy Rajeck\u00e9 Teplice Pon\u00fakan\u00fd plat (brutto): \u00a0\u00a0\u00a0\u00a0\u00a0\u00a0\u00a0\u00a0\u00a0\u00a0\u00a0\u00a0\u00a0\u00a0\u00a0\u00a0\u00a0\u00a0\u00a0\u00a0\u00a0 v\u00a0zmysle z\u00e1kona 553\/2003 Z. z. (od 646\u20ac) pod\u013ea d\u013a\u017eky zapo\u010d\u00edtanej praxe Predpokladan\u00fd term\u00edn n\u00e1stupu:\u00a0 \u00a0 \u00a0 \u00a023. august 2022 Druh pracovn\u00e9ho pomeru: \u00a0\u00a0\u00a0\u00a0\u00a0\u00a0\u00a0\u00a0\u00a0\u00a0\u00a0\u00a0\u00a0\u00a0\u00a0\u00a0 pracovn\u00fd t\u00fd\u017ede\u0148 je od utorka do soboty [&hellip;]<\/p>\n","protected":false},"author":2,"featured_media":51722,"comment_status":"closed","ping_status":"closed","sticky":false,"template":"","format":"standard","meta":{"site-sidebar-layout":"default","site-content-layout":"default","ast-site-content-layout":"default","site-content-style":"default","site-sidebar-style":"default","ast-global-header-display":"","ast-banner-title-visibility":"","ast-main-header-display":"","ast-hfb-above-header-display":"","ast-hfb-below-header-display":"","ast-hfb-mobile-header-display":"","site-post-title":"","ast-breadcrumbs-content":"","ast-featured-img":"","footer-sml-layout":"","theme-transparent-header-meta":"default","adv-header-id-meta":"","stick-header-meta":"default","header-above-stick-meta":"","header-main-stick-meta":"","header-below-stick-meta":"","astra-migrate-meta-layouts":"set","ast-page-background-enabled":"default","ast-page-background-meta":{"desktop":{"background-color":"var(--ast-global-color-4)","background-image":"","background-repeat":"repeat","background-position":"center center","background-size":"auto","background-attachment":"scroll","background-type":"","background-media":"","overlay-type":"","overlay-color":"","overlay-opacity":"","overlay-gradient":""},"tablet":{"background-color":"","background-image":"","background-repeat":"repeat","background-position":"center center","background-size":"auto","background-attachment":"scroll","background-type":"","background-media":"","overlay-type":"","overlay-color":"","overlay-opacity":"","overlay-gradient":""},"mobile":{"background-color":"","background-image":"","background-repeat":"repeat","background-position":"center center","background-size":"auto","background-attachment":"scroll","background-type":"","background-media":"","overlay-type":"","overlay-color":"","overlay-opacity":"","overlay-gradient":""}},"ast-content-background-meta":{"desktop":{"background-color":"var(--ast-global-color-5)","background-image":"","background-repeat":"repeat","background-position":"center center","background-size":"auto","background-attachment":"scroll","background-type":"","background-media":"","overlay-type":"","overlay-color":"","overlay-opacity":"","overlay-gradient":""},"tablet":{"background-color":"var(--ast-global-color-5)","background-image":"","background-repeat":"repeat","background-position":"center center","background-size":"auto","background-attachment":"scroll","background-type":"","background-media":"","overlay-type":"","overlay-color":"","overlay-opacity":"","overlay-gradient":""},"mobile":{"background-color":"var(--ast-global-color-5)","background-image":"","background-repeat":"repeat","background-position":"center center","background-size":"auto","background-attachment":"scroll","background-type":"","background-media":"","overlay-type":"","overlay-color":"","overlay-opacity":"","overlay-gradient":""}},"footnotes":""},"categories":[31],"tags":[],"class_list":["post-51717","post","type-post","status-publish","format-standard","has-post-thumbnail","hentry","category-aktuality"],"yoast_head":"<!-- This site is optimized with the Yoast SEO plugin v27.4 - https:\/\/yoast.com\/product\/yoast-seo-wordpress\/ -->\n<title>Do M\u00fazea dopravy pr\u00edjmeme lektora\/pokladn\u00edka - Pova\u017esk\u00e9 m\u00fazeum<\/title>\n<meta name=\"description\" content=\"Pova\u017esk\u00e9 m\u00fazeum pr\u00edjme do expoz\u00edcie M\u00fazeum dopravy v Rajeck\u00fdch Tepliciach pr\u00edjmeme od 1. septembra 2022 lektora\/brig\u00e1dnika.\" \/>\n<meta name=\"robots\" content=\"index, follow, max-snippet:-1, max-image-preview:large, max-video-preview:-1\" \/>\n<link rel=\"canonical\" href=\"https:\/\/pmza.sk\/?p=51717\" \/>\n<meta property=\"og:locale\" content=\"sk_SK\" \/>\n<meta property=\"og:type\" content=\"article\" \/>\n<meta property=\"og:title\" content=\"Do M\u00fazea dopravy pr\u00edjmeme lektora\/pokladn\u00edka - Pova\u017esk\u00e9 m\u00fazeum\" \/>\n<meta property=\"og:description\" content=\"Pova\u017esk\u00e9 m\u00fazeum pr\u00edjme do expoz\u00edcie M\u00fazeum dopravy v Rajeck\u00fdch Tepliciach pr\u00edjmeme od 1. septembra 2022 lektora\/brig\u00e1dnika.\" \/>\n<meta property=\"og:url\" content=\"https:\/\/pmza.sk\/?p=51717\" \/>\n<meta property=\"og:site_name\" content=\"Pova\u017esk\u00e9 m\u00fazeum\" \/>\n<meta property=\"article:publisher\" content=\"https:\/\/www.facebook.com\/povazskemuzeum\" \/>\n<meta property=\"article:published_time\" content=\"2022-07-06T10:18:17+00:00\" \/>\n<meta property=\"article:modified_time\" content=\"2025-05-15T05:11:35+00:00\" \/>\n<meta property=\"og:image\" content=\"https:\/\/pmza.sk\/wp-content\/uploads\/2022\/07\/1648712939144-scaled.jpg\" \/>\n\t<meta property=\"og:image:width\" content=\"2560\" \/>\n\t<meta property=\"og:image:height\" content=\"1181\" \/>\n\t<meta property=\"og:image:type\" content=\"image\/jpeg\" \/>\n<meta name=\"author\" content=\"Pova\u017esk\u00e9 m\u00fazeum\" \/>\n<meta name=\"twitter:card\" content=\"summary_large_image\" \/>\n<meta name=\"twitter:label1\" content=\"Autor\" \/>\n\t<meta name=\"twitter:data1\" content=\"Pova\u017esk\u00e9 m\u00fazeum\" \/>\n\t<meta name=\"twitter:label2\" content=\"Predpokladan\u00fd \u010das \u010d\u00edtania\" \/>\n\t<meta name=\"twitter:data2\" content=\"1 min\u00fata\" \/>\n<script type=\"application\/ld+json\" class=\"yoast-schema-graph\">{\"@context\":\"https:\\\/\\\/schema.org\",\"@graph\":[{\"@type\":\"Article\",\"@id\":\"https:\\\/\\\/pmza.sk\\\/?p=51717#article\",\"isPartOf\":{\"@id\":\"https:\\\/\\\/pmza.sk\\\/?p=51717\"},\"author\":{\"name\":\"Pova\u017esk\u00e9 m\u00fazeum\",\"@id\":\"https:\\\/\\\/pmza.sk\\\/#\\\/schema\\\/person\\\/595e6a2ce731ea94dcd5d7f50a41ae33\"},\"headline\":\"Do M\u00fazea dopravy pr\u00edjmeme lektora\\\/pokladn\u00edka\",\"datePublished\":\"2022-07-06T10:18:17+00:00\",\"dateModified\":\"2025-05-15T05:11:35+00:00\",\"mainEntityOfPage\":{\"@id\":\"https:\\\/\\\/pmza.sk\\\/?p=51717\"},\"wordCount\":253,\"publisher\":{\"@id\":\"https:\\\/\\\/pmza.sk\\\/#organization\"},\"image\":{\"@id\":\"https:\\\/\\\/pmza.sk\\\/?p=51717#primaryimage\"},\"thumbnailUrl\":\"https:\\\/\\\/pmza.sk\\\/wp-content\\\/uploads\\\/2022\\\/07\\\/1648712939144-scaled.jpg\",\"articleSection\":[\"Aktuality\"],\"inLanguage\":\"sk-SK\"},{\"@type\":\"WebPage\",\"@id\":\"https:\\\/\\\/pmza.sk\\\/?p=51717\",\"url\":\"https:\\\/\\\/pmza.sk\\\/?p=51717\",\"name\":\"Do M\u00fazea dopravy pr\u00edjmeme lektora\\\/pokladn\u00edka - Pova\u017esk\u00e9 m\u00fazeum\",\"isPartOf\":{\"@id\":\"https:\\\/\\\/pmza.sk\\\/#website\"},\"primaryImageOfPage\":{\"@id\":\"https:\\\/\\\/pmza.sk\\\/?p=51717#primaryimage\"},\"image\":{\"@id\":\"https:\\\/\\\/pmza.sk\\\/?p=51717#primaryimage\"},\"thumbnailUrl\":\"https:\\\/\\\/pmza.sk\\\/wp-content\\\/uploads\\\/2022\\\/07\\\/1648712939144-scaled.jpg\",\"datePublished\":\"2022-07-06T10:18:17+00:00\",\"dateModified\":\"2025-05-15T05:11:35+00:00\",\"description\":\"Pova\u017esk\u00e9 m\u00fazeum pr\u00edjme do expoz\u00edcie M\u00fazeum dopravy v Rajeck\u00fdch Tepliciach pr\u00edjmeme od 1. septembra 2022 lektora\\\/brig\u00e1dnika.\",\"breadcrumb\":{\"@id\":\"https:\\\/\\\/pmza.sk\\\/?p=51717#breadcrumb\"},\"inLanguage\":\"sk-SK\",\"potentialAction\":[{\"@type\":\"ReadAction\",\"target\":[\"https:\\\/\\\/pmza.sk\\\/?p=51717\"]}]},{\"@type\":\"ImageObject\",\"inLanguage\":\"sk-SK\",\"@id\":\"https:\\\/\\\/pmza.sk\\\/?p=51717#primaryimage\",\"url\":\"https:\\\/\\\/pmza.sk\\\/wp-content\\\/uploads\\\/2022\\\/07\\\/1648712939144-scaled.jpg\",\"contentUrl\":\"https:\\\/\\\/pmza.sk\\\/wp-content\\\/uploads\\\/2022\\\/07\\\/1648712939144-scaled.jpg\",\"width\":2560,\"height\":1181},{\"@type\":\"BreadcrumbList\",\"@id\":\"https:\\\/\\\/pmza.sk\\\/?p=51717#breadcrumb\",\"itemListElement\":[{\"@type\":\"ListItem\",\"position\":1,\"name\":\"Domovsk\u00e1 str\u00e1nka\",\"item\":\"https:\\\/\\\/pmza.sk\\\/\"},{\"@type\":\"ListItem\",\"position\":2,\"name\":\"Do M\u00fazea dopravy pr\u00edjmeme lektora\\\/pokladn\u00edka\"}]},{\"@type\":\"WebSite\",\"@id\":\"https:\\\/\\\/pmza.sk\\\/#website\",\"url\":\"https:\\\/\\\/pmza.sk\\\/\",\"name\":\"Pova\u017esk\u00e9 m\u00fazeum\",\"description\":\"Pova\u017esk\u00e9 m\u00fazeum v \u017diline je region\u00e1lne m\u00fazeum so s\u00eddlom v Budat\u00edne. Jeho expoz\u00edcie s\u00fa zameran\u00e9 na dejiny slovensk\u00e9ho umenia, kult\u00fary a dopravy.\",\"publisher\":{\"@id\":\"https:\\\/\\\/pmza.sk\\\/#organization\"},\"potentialAction\":[{\"@type\":\"SearchAction\",\"target\":{\"@type\":\"EntryPoint\",\"urlTemplate\":\"https:\\\/\\\/pmza.sk\\\/?s={search_term_string}\"},\"query-input\":{\"@type\":\"PropertyValueSpecification\",\"valueRequired\":true,\"valueName\":\"search_term_string\"}}],\"inLanguage\":\"sk-SK\"},{\"@type\":\"Organization\",\"@id\":\"https:\\\/\\\/pmza.sk\\\/#organization\",\"name\":\"Pova\u017esk\u00e9 m\u00fazeum\",\"url\":\"https:\\\/\\\/pmza.sk\\\/\",\"logo\":{\"@type\":\"ImageObject\",\"inLanguage\":\"sk-SK\",\"@id\":\"https:\\\/\\\/pmza.sk\\\/#\\\/schema\\\/logo\\\/image\\\/\",\"url\":\"https:\\\/\\\/pmza.sk\\\/wp-content\\\/uploads\\\/2022\\\/01\\\/logo_PM_horizontal.jpg\",\"contentUrl\":\"https:\\\/\\\/pmza.sk\\\/wp-content\\\/uploads\\\/2022\\\/01\\\/logo_PM_horizontal.jpg\",\"width\":231,\"height\":142,\"caption\":\"Pova\u017esk\u00e9 m\u00fazeum\"},\"image\":{\"@id\":\"https:\\\/\\\/pmza.sk\\\/#\\\/schema\\\/logo\\\/image\\\/\"},\"sameAs\":[\"https:\\\/\\\/www.facebook.com\\\/povazskemuzeum\",\"https:\\\/\\\/www.instagram.com\\\/povazskemuzeum\\\/\"]},{\"@type\":\"Person\",\"@id\":\"https:\\\/\\\/pmza.sk\\\/#\\\/schema\\\/person\\\/595e6a2ce731ea94dcd5d7f50a41ae33\",\"name\":\"Pova\u017esk\u00e9 m\u00fazeum\",\"image\":{\"@type\":\"ImageObject\",\"inLanguage\":\"sk-SK\",\"@id\":\"https:\\\/\\\/secure.gravatar.com\\\/avatar\\\/2bb7f1561282132fb5826dfeccc66c7996d11ee392ac6aaf7ced8a1c2027fbb2?s=96&d=mm&r=g\",\"url\":\"https:\\\/\\\/secure.gravatar.com\\\/avatar\\\/2bb7f1561282132fb5826dfeccc66c7996d11ee392ac6aaf7ced8a1c2027fbb2?s=96&d=mm&r=g\",\"contentUrl\":\"https:\\\/\\\/secure.gravatar.com\\\/avatar\\\/2bb7f1561282132fb5826dfeccc66c7996d11ee392ac6aaf7ced8a1c2027fbb2?s=96&d=mm&r=g\",\"caption\":\"Pova\u017esk\u00e9 m\u00fazeum\"}}]}<\/script>\n<!-- \/ Yoast SEO plugin. -->","yoast_head_json":{"title":"Do M\u00fazea dopravy pr\u00edjmeme lektora\/pokladn\u00edka - Pova\u017esk\u00e9 m\u00fazeum","description":"Pova\u017esk\u00e9 m\u00fazeum pr\u00edjme do expoz\u00edcie M\u00fazeum dopravy v Rajeck\u00fdch Tepliciach pr\u00edjmeme od 1. septembra 2022 lektora\/brig\u00e1dnika.","robots":{"index":"index","follow":"follow","max-snippet":"max-snippet:-1","max-image-preview":"max-image-preview:large","max-video-preview":"max-video-preview:-1"},"canonical":"https:\/\/pmza.sk\/?p=51717","og_locale":"sk_SK","og_type":"article","og_title":"Do M\u00fazea dopravy pr\u00edjmeme lektora\/pokladn\u00edka - Pova\u017esk\u00e9 m\u00fazeum","og_description":"Pova\u017esk\u00e9 m\u00fazeum pr\u00edjme do expoz\u00edcie M\u00fazeum dopravy v Rajeck\u00fdch Tepliciach pr\u00edjmeme od 1. septembra 2022 lektora\/brig\u00e1dnika.","og_url":"https:\/\/pmza.sk\/?p=51717","og_site_name":"Pova\u017esk\u00e9 m\u00fazeum","article_publisher":"https:\/\/www.facebook.com\/povazskemuzeum","article_published_time":"2022-07-06T10:18:17+00:00","article_modified_time":"2025-05-15T05:11:35+00:00","og_image":[{"width":2560,"height":1181,"url":"https:\/\/pmza.sk\/wp-content\/uploads\/2022\/07\/1648712939144-scaled.jpg","type":"image\/jpeg"}],"author":"Pova\u017esk\u00e9 m\u00fazeum","twitter_card":"summary_large_image","twitter_misc":{"Autor":"Pova\u017esk\u00e9 m\u00fazeum","Predpokladan\u00fd \u010das \u010d\u00edtania":"1 min\u00fata"},"schema":{"@context":"https:\/\/schema.org","@graph":[{"@type":"Article","@id":"https:\/\/pmza.sk\/?p=51717#article","isPartOf":{"@id":"https:\/\/pmza.sk\/?p=51717"},"author":{"name":"Pova\u017esk\u00e9 m\u00fazeum","@id":"https:\/\/pmza.sk\/#\/schema\/person\/595e6a2ce731ea94dcd5d7f50a41ae33"},"headline":"Do M\u00fazea dopravy pr\u00edjmeme lektora\/pokladn\u00edka","datePublished":"2022-07-06T10:18:17+00:00","dateModified":"2025-05-15T05:11:35+00:00","mainEntityOfPage":{"@id":"https:\/\/pmza.sk\/?p=51717"},"wordCount":253,"publisher":{"@id":"https:\/\/pmza.sk\/#organization"},"image":{"@id":"https:\/\/pmza.sk\/?p=51717#primaryimage"},"thumbnailUrl":"https:\/\/pmza.sk\/wp-content\/uploads\/2022\/07\/1648712939144-scaled.jpg","articleSection":["Aktuality"],"inLanguage":"sk-SK"},{"@type":"WebPage","@id":"https:\/\/pmza.sk\/?p=51717","url":"https:\/\/pmza.sk\/?p=51717","name":"Do M\u00fazea dopravy pr\u00edjmeme lektora\/pokladn\u00edka - Pova\u017esk\u00e9 m\u00fazeum","isPartOf":{"@id":"https:\/\/pmza.sk\/#website"},"primaryImageOfPage":{"@id":"https:\/\/pmza.sk\/?p=51717#primaryimage"},"image":{"@id":"https:\/\/pmza.sk\/?p=51717#primaryimage"},"thumbnailUrl":"https:\/\/pmza.sk\/wp-content\/uploads\/2022\/07\/1648712939144-scaled.jpg","datePublished":"2022-07-06T10:18:17+00:00","dateModified":"2025-05-15T05:11:35+00:00","description":"Pova\u017esk\u00e9 m\u00fazeum pr\u00edjme do expoz\u00edcie M\u00fazeum dopravy v Rajeck\u00fdch Tepliciach pr\u00edjmeme od 1. septembra 2022 lektora\/brig\u00e1dnika.","breadcrumb":{"@id":"https:\/\/pmza.sk\/?p=51717#breadcrumb"},"inLanguage":"sk-SK","potentialAction":[{"@type":"ReadAction","target":["https:\/\/pmza.sk\/?p=51717"]}]},{"@type":"ImageObject","inLanguage":"sk-SK","@id":"https:\/\/pmza.sk\/?p=51717#primaryimage","url":"https:\/\/pmza.sk\/wp-content\/uploads\/2022\/07\/1648712939144-scaled.jpg","contentUrl":"https:\/\/pmza.sk\/wp-content\/uploads\/2022\/07\/1648712939144-scaled.jpg","width":2560,"height":1181},{"@type":"BreadcrumbList","@id":"https:\/\/pmza.sk\/?p=51717#breadcrumb","itemListElement":[{"@type":"ListItem","position":1,"name":"Domovsk\u00e1 str\u00e1nka","item":"https:\/\/pmza.sk\/"},{"@type":"ListItem","position":2,"name":"Do M\u00fazea dopravy pr\u00edjmeme lektora\/pokladn\u00edka"}]},{"@type":"WebSite","@id":"https:\/\/pmza.sk\/#website","url":"https:\/\/pmza.sk\/","name":"Pova\u017esk\u00e9 m\u00fazeum","description":"Pova\u017esk\u00e9 m\u00fazeum v \u017diline je region\u00e1lne m\u00fazeum so s\u00eddlom v Budat\u00edne. Jeho expoz\u00edcie s\u00fa zameran\u00e9 na dejiny slovensk\u00e9ho umenia, kult\u00fary a dopravy.","publisher":{"@id":"https:\/\/pmza.sk\/#organization"},"potentialAction":[{"@type":"SearchAction","target":{"@type":"EntryPoint","urlTemplate":"https:\/\/pmza.sk\/?s={search_term_string}"},"query-input":{"@type":"PropertyValueSpecification","valueRequired":true,"valueName":"search_term_string"}}],"inLanguage":"sk-SK"},{"@type":"Organization","@id":"https:\/\/pmza.sk\/#organization","name":"Pova\u017esk\u00e9 m\u00fazeum","url":"https:\/\/pmza.sk\/","logo":{"@type":"ImageObject","inLanguage":"sk-SK","@id":"https:\/\/pmza.sk\/#\/schema\/logo\/image\/","url":"https:\/\/pmza.sk\/wp-content\/uploads\/2022\/01\/logo_PM_horizontal.jpg","contentUrl":"https:\/\/pmza.sk\/wp-content\/uploads\/2022\/01\/logo_PM_horizontal.jpg","width":231,"height":142,"caption":"Pova\u017esk\u00e9 m\u00fazeum"},"image":{"@id":"https:\/\/pmza.sk\/#\/schema\/logo\/image\/"},"sameAs":["https:\/\/www.facebook.com\/povazskemuzeum","https:\/\/www.instagram.com\/povazskemuzeum\/"]},{"@type":"Person","@id":"https:\/\/pmza.sk\/#\/schema\/person\/595e6a2ce731ea94dcd5d7f50a41ae33","name":"Pova\u017esk\u00e9 m\u00fazeum","image":{"@type":"ImageObject","inLanguage":"sk-SK","@id":"https:\/\/secure.gravatar.com\/avatar\/2bb7f1561282132fb5826dfeccc66c7996d11ee392ac6aaf7ced8a1c2027fbb2?s=96&d=mm&r=g","url":"https:\/\/secure.gravatar.com\/avatar\/2bb7f1561282132fb5826dfeccc66c7996d11ee392ac6aaf7ced8a1c2027fbb2?s=96&d=mm&r=g","contentUrl":"https:\/\/secure.gravatar.com\/avatar\/2bb7f1561282132fb5826dfeccc66c7996d11ee392ac6aaf7ced8a1c2027fbb2?s=96&d=mm&r=g","caption":"Pova\u017esk\u00e9 m\u00fazeum"}}]}},"_links":{"self":[{"href":"https:\/\/pmza.sk\/index.php?rest_route=\/wp\/v2\/posts\/51717","targetHints":{"allow":["GET"]}}],"collection":[{"href":"https:\/\/pmza.sk\/index.php?rest_route=\/wp\/v2\/posts"}],"about":[{"href":"https:\/\/pmza.sk\/index.php?rest_route=\/wp\/v2\/types\/post"}],"author":[{"embeddable":true,"href":"https:\/\/pmza.sk\/index.php?rest_route=\/wp\/v2\/users\/2"}],"replies":[{"embeddable":true,"href":"https:\/\/pmza.sk\/index.php?rest_route=%2Fwp%2Fv2%2Fcomments&post=51717"}],"version-history":[{"count":0,"href":"https:\/\/pmza.sk\/index.php?rest_route=\/wp\/v2\/posts\/51717\/revisions"}],"wp:featuredmedia":[{"embeddable":true,"href":"https:\/\/pmza.sk\/index.php?rest_route=\/wp\/v2\/media\/51722"}],"wp:attachment":[{"href":"https:\/\/pmza.sk\/index.php?rest_route=%2Fwp%2Fv2%2Fmedia&parent=51717"}],"wp:term":[{"taxonomy":"category","embeddable":true,"href":"https:\/\/pmza.sk\/index.php?rest_route=%2Fwp%2Fv2%2Fcategories&post=51717"},{"taxonomy":"post_tag","embeddable":true,"href":"https:\/\/pmza.sk\/index.php?rest_route=%2Fwp%2Fv2%2Ftags&post=51717"}],"curies":[{"name":"wp","href":"https:\/\/api.w.org\/{rel}","templated":true}]}}