{"id":51729,"date":"2022-07-07T11:06:12","date_gmt":"2022-07-07T09:06:12","guid":{"rendered":"https:\/\/pmza.sk\/?p=51729"},"modified":"2022-07-25T08:16:09","modified_gmt":"2022-07-25T06:16:09","slug":"nocna-prehliadka-s-palatinom","status":"publish","type":"post","link":"https:\/\/pmza.sk\/?p=51729","title":{"rendered":"No\u010dn\u00e1 prehliadka s palat\u00ednom"},"content":{"rendered":"<p>Pova\u017esk\u00e9 m\u00fazeum tento rok po prv\u00fdkr\u00e1t zorganizuje no\u010dn\u00fa prehliadku v\u00a0Sob\u00e1\u0161nom pal\u00e1ci v\u00a0Byt\u010di. <em>\u201eTak\u00e9to prehliadky s\u00fa medzi n\u00e1v\u0161tevn\u00edkmi na\u0161ich expoz\u00edci\u00ed ve\u013emi ob\u013e\u00faben\u00e9, trad\u00edciu maj\u00fa najm\u00e4 na hrade Stre\u010dno, preto sme sa rozhodli vysk\u00fa\u0161a\u0165 nie\u010do podobn\u00e9 aj v\u00a0na\u0161ich renesan\u010dn\u00fdch priestoroch a\u00a0pribl\u00ed\u017ei\u0165 ich kr\u00e1su po zotmen\u00ed. Po\u010das podujatia Noc m\u00faze\u00ed a\u00a0gal\u00e9ri\u00ed n\u00e1s pote\u0161ila ve\u013ek\u00e1 n\u00e1v\u0161tevnos\u0165, \u010do n\u00e1s povzbudilo k\u00a0tomu, aby sme pal\u00e1c pre verejnos\u0165 op\u00e4\u0165 otvorili v\u00a0netradi\u010dnom \u010dase. D\u00fafame, \u017ee \u013eudia si t\u00fato pr\u00edle\u017eitos\u0165 nenechaj\u00fa ujs\u0165,\u201c <\/em>vysvet\u013euje spr\u00e1vky\u0148a Sob\u00e1\u0161neho pal\u00e1ca v\u00a0Byt\u010di Andrea Tur\u010d\u00e1kov\u00e1.<\/p>\n<p>N\u00e1v\u0161tevn\u00edci sa m\u00f4\u017eu te\u0161i\u0165 na \u0161peci\u00e1lnu prehliadku v\u00a0historick\u00fdch kost\u00fdmoch v\u00a0sprievode Juraja Turza a\u00a0jeho man\u017eelky Al\u017ebety Czoborovej, ktor\u00ed prezradia mnoho zauj\u00edmavost\u00ed nielen zo \u017eivota rodiny Turzovcov. Atmosf\u00e9ru umocn\u00ed \u017eiv\u00e1 renesan\u010dn\u00e1 hudba v\u00a0podan\u00ed hudobn\u00e9ho zoskupenia Tonus Eos. Ch\u00fdba\u0165 nebude ani tradi\u010dn\u00fd historick\u00fd n\u00e1stroj \u010dembalo. No\u010dn\u00e9 prehliadky s\u00fa vhodn\u00e9 pre v\u0161etky vekov\u00e9 kateg\u00f3rie a bud\u00fa sa kona\u0165 v\u00a0dvoch term\u00ednoch: 23. j\u00fala a\u00a020. augusta o\u00a018.00, 20.00 a\u00a022.00. Kv\u00f4li obmedzenej kapacite je vhodn\u00e9 sa vopred objedna\u0165 na tel. \u010d. 041\/5523027 alebo emailom na <a href=\"mailto:sobasnypalac@pmza.sk\">sobasnypalac@pmza.sk.<\/a><\/p>\n<p><img fetchpriority=\"high\" decoding=\"async\" class=\"alignnone wp-image-51730\" src=\"https:\/\/pmza.sk\/wp-content\/uploads\/2022\/07\/S-palatinom-255x360.jpg\" alt=\"\" width=\"300\" height=\"424\" srcset=\"https:\/\/pmza.sk\/wp-content\/uploads\/2022\/07\/S-palatinom-255x360.jpg 255w, https:\/\/pmza.sk\/wp-content\/uploads\/2022\/07\/S-palatinom-520x736.jpg 520w, https:\/\/pmza.sk\/wp-content\/uploads\/2022\/07\/S-palatinom-768x1086.jpg 768w, https:\/\/pmza.sk\/wp-content\/uploads\/2022\/07\/S-palatinom-1086x1536.jpg 1086w, https:\/\/pmza.sk\/wp-content\/uploads\/2022\/07\/S-palatinom-1448x2048.jpg 1448w, https:\/\/pmza.sk\/wp-content\/uploads\/2022\/07\/S-palatinom-600x849.jpg 600w, https:\/\/pmza.sk\/wp-content\/uploads\/2022\/07\/S-palatinom-scaled.jpg 1810w\" sizes=\"(max-width: 300px) 100vw, 300px\" \/><\/p>\n","protected":false},"excerpt":{"rendered":"<p>Pova\u017esk\u00e9 m\u00fazeum tento rok po prv\u00fdkr\u00e1t zorganizuje no\u010dn\u00fa prehliadku v\u00a0Sob\u00e1\u0161nom pal\u00e1ci v\u00a0Byt\u010di. \u201eTak\u00e9to prehliadky s\u00fa medzi n\u00e1v\u0161tevn\u00edkmi na\u0161ich expoz\u00edci\u00ed ve\u013emi ob\u013e\u00faben\u00e9, trad\u00edciu maj\u00fa najm\u00e4 na hrade Stre\u010dno, preto sme sa rozhodli vysk\u00fa\u0161a\u0165 nie\u010do podobn\u00e9 aj v\u00a0na\u0161ich renesan\u010dn\u00fdch priestoroch a\u00a0pribl\u00ed\u017ei\u0165 ich kr\u00e1su po zotmen\u00ed. Po\u010das podujatia Noc m\u00faze\u00ed a\u00a0gal\u00e9ri\u00ed n\u00e1s pote\u0161ila ve\u013ek\u00e1 n\u00e1v\u0161tevnos\u0165, \u010do n\u00e1s povzbudilo [&hellip;]<\/p>\n","protected":false},"author":2,"featured_media":51731,"comment_status":"open","ping_status":"open","sticky":false,"template":"","format":"standard","meta":{"site-sidebar-layout":"default","site-content-layout":"default","ast-site-content-layout":"","site-content-style":"default","site-sidebar-style":"default","ast-global-header-display":"","ast-banner-title-visibility":"","ast-main-header-display":"","ast-hfb-above-header-display":"","ast-hfb-below-header-display":"","ast-hfb-mobile-header-display":"","site-post-title":"","ast-breadcrumbs-content":"","ast-featured-img":"","footer-sml-layout":"","theme-transparent-header-meta":"default","adv-header-id-meta":"","stick-header-meta":"default","header-above-stick-meta":"","header-main-stick-meta":"","header-below-stick-meta":"","astra-migrate-meta-layouts":"default","ast-page-background-enabled":"default","ast-page-background-meta":{"desktop":{"background-color":"var(--ast-global-color-4)","background-image":"","background-repeat":"repeat","background-position":"center center","background-size":"auto","background-attachment":"scroll","background-type":"","background-media":"","overlay-type":"","overlay-color":"","overlay-opacity":"","overlay-gradient":""},"tablet":{"background-color":"","background-image":"","background-repeat":"repeat","background-position":"center center","background-size":"auto","background-attachment":"scroll","background-type":"","background-media":"","overlay-type":"","overlay-color":"","overlay-opacity":"","overlay-gradient":""},"mobile":{"background-color":"","background-image":"","background-repeat":"repeat","background-position":"center center","background-size":"auto","background-attachment":"scroll","background-type":"","background-media":"","overlay-type":"","overlay-color":"","overlay-opacity":"","overlay-gradient":""}},"ast-content-background-meta":{"desktop":{"background-color":"var(--ast-global-color-5)","background-image":"","background-repeat":"repeat","background-position":"center center","background-size":"auto","background-attachment":"scroll","background-type":"","background-media":"","overlay-type":"","overlay-color":"","overlay-opacity":"","overlay-gradient":""},"tablet":{"background-color":"var(--ast-global-color-5)","background-image":"","background-repeat":"repeat","background-position":"center center","background-size":"auto","background-attachment":"scroll","background-type":"","background-media":"","overlay-type":"","overlay-color":"","overlay-opacity":"","overlay-gradient":""},"mobile":{"background-color":"var(--ast-global-color-5)","background-image":"","background-repeat":"repeat","background-position":"center center","background-size":"auto","background-attachment":"scroll","background-type":"","background-media":"","overlay-type":"","overlay-color":"","overlay-opacity":"","overlay-gradient":""}},"footnotes":""},"categories":[71],"tags":[],"class_list":["post-51729","post","type-post","status-publish","format-standard","has-post-thumbnail","hentry","category-podujatia"],"yoast_head":"<!-- This site is optimized with the Yoast SEO plugin v27.4 - https:\/\/yoast.com\/product\/yoast-seo-wordpress\/ -->\n<title>No\u010dn\u00e1 prehliadka s palat\u00ednom - Pova\u017esk\u00e9 m\u00fazeum<\/title>\n<meta name=\"description\" content=\"Pova\u017esk\u00e9 m\u00fazeum tento rok po prv\u00fdkr\u00e1t zorganizuje no\u010dn\u00fa prehliadku v\u00a0Sob\u00e1\u0161nom pal\u00e1ci v\u00a0Byt\u010di. N\u00e1v\u0161tevn\u00edci sa m\u00f4\u017eu te\u0161i\u0165 na \u0161peci\u00e1lnu prehliadku v\u00a0historick\u00fdch kost\u00fdmoch v\u00a0sprievode Juraja Turza a\u00a0jeho man\u017eelky Al\u017ebety Czoborovej, ktor\u00ed prezradia mnoho zauj\u00edmavost\u00ed nielen zo \u017eivota rodiny Turzovcov. Atmosf\u00e9ru umocn\u00ed \u017eiv\u00e1 renesan\u010dn\u00e1 hudba v\u00a0podan\u00ed hudobn\u00e9ho zoskupenia Tonus Eos. Ch\u00fdba\u0165 nebude ani tradi\u010dn\u00fd historick\u00fd n\u00e1stroj \u010dembalo. No\u010dn\u00e9 prehliadky s\u00fa vhodn\u00e9 pre v\u0161etky vekov\u00e9 kateg\u00f3rie a bud\u00fa sa kona\u0165 v\u00a0dvoch term\u00ednoch: 23. j\u00fala a\u00a020. augusta o\u00a018.00, 20.00 a\u00a022.00.\" \/>\n<meta name=\"robots\" content=\"index, follow, max-snippet:-1, max-image-preview:large, max-video-preview:-1\" \/>\n<link rel=\"canonical\" href=\"https:\/\/pmza.sk\/?p=51729\" \/>\n<meta property=\"og:locale\" content=\"sk_SK\" \/>\n<meta property=\"og:type\" content=\"article\" \/>\n<meta property=\"og:title\" content=\"No\u010dn\u00e1 prehliadka s palat\u00ednom - Pova\u017esk\u00e9 m\u00fazeum\" \/>\n<meta property=\"og:description\" content=\"Pova\u017esk\u00e9 m\u00fazeum tento rok po prv\u00fdkr\u00e1t zorganizuje no\u010dn\u00fa prehliadku v\u00a0Sob\u00e1\u0161nom pal\u00e1ci v\u00a0Byt\u010di. N\u00e1v\u0161tevn\u00edci sa m\u00f4\u017eu te\u0161i\u0165 na \u0161peci\u00e1lnu prehliadku v\u00a0historick\u00fdch kost\u00fdmoch v\u00a0sprievode Juraja Turza a\u00a0jeho man\u017eelky Al\u017ebety Czoborovej, ktor\u00ed prezradia mnoho zauj\u00edmavost\u00ed nielen zo \u017eivota rodiny Turzovcov. Atmosf\u00e9ru umocn\u00ed \u017eiv\u00e1 renesan\u010dn\u00e1 hudba v\u00a0podan\u00ed hudobn\u00e9ho zoskupenia Tonus Eos. Ch\u00fdba\u0165 nebude ani tradi\u010dn\u00fd historick\u00fd n\u00e1stroj \u010dembalo. No\u010dn\u00e9 prehliadky s\u00fa vhodn\u00e9 pre v\u0161etky vekov\u00e9 kateg\u00f3rie a bud\u00fa sa kona\u0165 v\u00a0dvoch term\u00ednoch: 23. j\u00fala a\u00a020. augusta o\u00a018.00, 20.00 a\u00a022.00.\" \/>\n<meta property=\"og:url\" content=\"https:\/\/pmza.sk\/?p=51729\" \/>\n<meta property=\"og:site_name\" content=\"Pova\u017esk\u00e9 m\u00fazeum\" \/>\n<meta property=\"article:publisher\" content=\"https:\/\/www.facebook.com\/povazskemuzeum\" \/>\n<meta property=\"article:published_time\" content=\"2022-07-07T09:06:12+00:00\" \/>\n<meta property=\"article:modified_time\" content=\"2022-07-25T06:16:09+00:00\" \/>\n<meta property=\"og:image\" content=\"https:\/\/pmza.sk\/wp-content\/uploads\/2022\/07\/IMG_3787.jpg\" \/>\n\t<meta property=\"og:image:width\" content=\"1280\" \/>\n\t<meta property=\"og:image:height\" content=\"853\" \/>\n\t<meta property=\"og:image:type\" content=\"image\/jpeg\" \/>\n<meta name=\"author\" content=\"Pova\u017esk\u00e9 m\u00fazeum\" \/>\n<meta name=\"twitter:card\" content=\"summary_large_image\" \/>\n<meta name=\"twitter:label1\" content=\"Autor\" \/>\n\t<meta name=\"twitter:data1\" content=\"Pova\u017esk\u00e9 m\u00fazeum\" \/>\n\t<meta name=\"twitter:label2\" content=\"Predpokladan\u00fd \u010das \u010d\u00edtania\" \/>\n\t<meta name=\"twitter:data2\" content=\"1 min\u00fata\" \/>\n<script type=\"application\/ld+json\" class=\"yoast-schema-graph\">{\"@context\":\"https:\\\/\\\/schema.org\",\"@graph\":[{\"@type\":\"Article\",\"@id\":\"https:\\\/\\\/pmza.sk\\\/?p=51729#article\",\"isPartOf\":{\"@id\":\"https:\\\/\\\/pmza.sk\\\/?p=51729\"},\"author\":{\"name\":\"Pova\u017esk\u00e9 m\u00fazeum\",\"@id\":\"https:\\\/\\\/pmza.sk\\\/#\\\/schema\\\/person\\\/595e6a2ce731ea94dcd5d7f50a41ae33\"},\"headline\":\"No\u010dn\u00e1 prehliadka s palat\u00ednom\",\"datePublished\":\"2022-07-07T09:06:12+00:00\",\"dateModified\":\"2022-07-25T06:16:09+00:00\",\"mainEntityOfPage\":{\"@id\":\"https:\\\/\\\/pmza.sk\\\/?p=51729\"},\"wordCount\":246,\"commentCount\":0,\"publisher\":{\"@id\":\"https:\\\/\\\/pmza.sk\\\/#organization\"},\"image\":{\"@id\":\"https:\\\/\\\/pmza.sk\\\/?p=51729#primaryimage\"},\"thumbnailUrl\":\"https:\\\/\\\/pmza.sk\\\/wp-content\\\/uploads\\\/2022\\\/07\\\/IMG_3787.jpg\",\"articleSection\":[\"Podujatia\"],\"inLanguage\":\"sk-SK\"},{\"@type\":\"WebPage\",\"@id\":\"https:\\\/\\\/pmza.sk\\\/?p=51729\",\"url\":\"https:\\\/\\\/pmza.sk\\\/?p=51729\",\"name\":\"No\u010dn\u00e1 prehliadka s palat\u00ednom - Pova\u017esk\u00e9 m\u00fazeum\",\"isPartOf\":{\"@id\":\"https:\\\/\\\/pmza.sk\\\/#website\"},\"primaryImageOfPage\":{\"@id\":\"https:\\\/\\\/pmza.sk\\\/?p=51729#primaryimage\"},\"image\":{\"@id\":\"https:\\\/\\\/pmza.sk\\\/?p=51729#primaryimage\"},\"thumbnailUrl\":\"https:\\\/\\\/pmza.sk\\\/wp-content\\\/uploads\\\/2022\\\/07\\\/IMG_3787.jpg\",\"datePublished\":\"2022-07-07T09:06:12+00:00\",\"dateModified\":\"2022-07-25T06:16:09+00:00\",\"description\":\"Pova\u017esk\u00e9 m\u00fazeum tento rok po prv\u00fdkr\u00e1t zorganizuje no\u010dn\u00fa prehliadku v\u00a0Sob\u00e1\u0161nom pal\u00e1ci v\u00a0Byt\u010di. N\u00e1v\u0161tevn\u00edci sa m\u00f4\u017eu te\u0161i\u0165 na \u0161peci\u00e1lnu prehliadku v\u00a0historick\u00fdch kost\u00fdmoch v\u00a0sprievode Juraja Turza a\u00a0jeho man\u017eelky Al\u017ebety Czoborovej, ktor\u00ed prezradia mnoho zauj\u00edmavost\u00ed nielen zo \u017eivota rodiny Turzovcov. Atmosf\u00e9ru umocn\u00ed \u017eiv\u00e1 renesan\u010dn\u00e1 hudba v\u00a0podan\u00ed hudobn\u00e9ho zoskupenia Tonus Eos. Ch\u00fdba\u0165 nebude ani tradi\u010dn\u00fd historick\u00fd n\u00e1stroj \u010dembalo. No\u010dn\u00e9 prehliadky s\u00fa vhodn\u00e9 pre v\u0161etky vekov\u00e9 kateg\u00f3rie a bud\u00fa sa kona\u0165 v\u00a0dvoch term\u00ednoch: 23. j\u00fala a\u00a020. augusta o\u00a018.00, 20.00 a\u00a022.00.\",\"breadcrumb\":{\"@id\":\"https:\\\/\\\/pmza.sk\\\/?p=51729#breadcrumb\"},\"inLanguage\":\"sk-SK\",\"potentialAction\":[{\"@type\":\"ReadAction\",\"target\":[\"https:\\\/\\\/pmza.sk\\\/?p=51729\"]}]},{\"@type\":\"ImageObject\",\"inLanguage\":\"sk-SK\",\"@id\":\"https:\\\/\\\/pmza.sk\\\/?p=51729#primaryimage\",\"url\":\"https:\\\/\\\/pmza.sk\\\/wp-content\\\/uploads\\\/2022\\\/07\\\/IMG_3787.jpg\",\"contentUrl\":\"https:\\\/\\\/pmza.sk\\\/wp-content\\\/uploads\\\/2022\\\/07\\\/IMG_3787.jpg\",\"width\":1280,\"height\":853},{\"@type\":\"BreadcrumbList\",\"@id\":\"https:\\\/\\\/pmza.sk\\\/?p=51729#breadcrumb\",\"itemListElement\":[{\"@type\":\"ListItem\",\"position\":1,\"name\":\"Domovsk\u00e1 str\u00e1nka\",\"item\":\"https:\\\/\\\/pmza.sk\\\/\"},{\"@type\":\"ListItem\",\"position\":2,\"name\":\"No\u010dn\u00e1 prehliadka s palat\u00ednom\"}]},{\"@type\":\"WebSite\",\"@id\":\"https:\\\/\\\/pmza.sk\\\/#website\",\"url\":\"https:\\\/\\\/pmza.sk\\\/\",\"name\":\"Pova\u017esk\u00e9 m\u00fazeum\",\"description\":\"Pova\u017esk\u00e9 m\u00fazeum v \u017diline je region\u00e1lne m\u00fazeum so s\u00eddlom v Budat\u00edne. Jeho expoz\u00edcie s\u00fa zameran\u00e9 na dejiny slovensk\u00e9ho umenia, kult\u00fary a dopravy.\",\"publisher\":{\"@id\":\"https:\\\/\\\/pmza.sk\\\/#organization\"},\"potentialAction\":[{\"@type\":\"SearchAction\",\"target\":{\"@type\":\"EntryPoint\",\"urlTemplate\":\"https:\\\/\\\/pmza.sk\\\/?s={search_term_string}\"},\"query-input\":{\"@type\":\"PropertyValueSpecification\",\"valueRequired\":true,\"valueName\":\"search_term_string\"}}],\"inLanguage\":\"sk-SK\"},{\"@type\":\"Organization\",\"@id\":\"https:\\\/\\\/pmza.sk\\\/#organization\",\"name\":\"Pova\u017esk\u00e9 m\u00fazeum\",\"url\":\"https:\\\/\\\/pmza.sk\\\/\",\"logo\":{\"@type\":\"ImageObject\",\"inLanguage\":\"sk-SK\",\"@id\":\"https:\\\/\\\/pmza.sk\\\/#\\\/schema\\\/logo\\\/image\\\/\",\"url\":\"https:\\\/\\\/pmza.sk\\\/wp-content\\\/uploads\\\/2022\\\/01\\\/logo_PM_horizontal.jpg\",\"contentUrl\":\"https:\\\/\\\/pmza.sk\\\/wp-content\\\/uploads\\\/2022\\\/01\\\/logo_PM_horizontal.jpg\",\"width\":231,\"height\":142,\"caption\":\"Pova\u017esk\u00e9 m\u00fazeum\"},\"image\":{\"@id\":\"https:\\\/\\\/pmza.sk\\\/#\\\/schema\\\/logo\\\/image\\\/\"},\"sameAs\":[\"https:\\\/\\\/www.facebook.com\\\/povazskemuzeum\",\"https:\\\/\\\/www.instagram.com\\\/povazskemuzeum\\\/\"]},{\"@type\":\"Person\",\"@id\":\"https:\\\/\\\/pmza.sk\\\/#\\\/schema\\\/person\\\/595e6a2ce731ea94dcd5d7f50a41ae33\",\"name\":\"Pova\u017esk\u00e9 m\u00fazeum\",\"image\":{\"@type\":\"ImageObject\",\"inLanguage\":\"sk-SK\",\"@id\":\"https:\\\/\\\/secure.gravatar.com\\\/avatar\\\/2bb7f1561282132fb5826dfeccc66c7996d11ee392ac6aaf7ced8a1c2027fbb2?s=96&d=mm&r=g\",\"url\":\"https:\\\/\\\/secure.gravatar.com\\\/avatar\\\/2bb7f1561282132fb5826dfeccc66c7996d11ee392ac6aaf7ced8a1c2027fbb2?s=96&d=mm&r=g\",\"contentUrl\":\"https:\\\/\\\/secure.gravatar.com\\\/avatar\\\/2bb7f1561282132fb5826dfeccc66c7996d11ee392ac6aaf7ced8a1c2027fbb2?s=96&d=mm&r=g\",\"caption\":\"Pova\u017esk\u00e9 m\u00fazeum\"}}]}<\/script>\n<!-- \/ Yoast SEO plugin. -->","yoast_head_json":{"title":"No\u010dn\u00e1 prehliadka s palat\u00ednom - Pova\u017esk\u00e9 m\u00fazeum","description":"Pova\u017esk\u00e9 m\u00fazeum tento rok po prv\u00fdkr\u00e1t zorganizuje no\u010dn\u00fa prehliadku v\u00a0Sob\u00e1\u0161nom pal\u00e1ci v\u00a0Byt\u010di. N\u00e1v\u0161tevn\u00edci sa m\u00f4\u017eu te\u0161i\u0165 na \u0161peci\u00e1lnu prehliadku v\u00a0historick\u00fdch kost\u00fdmoch v\u00a0sprievode Juraja Turza a\u00a0jeho man\u017eelky Al\u017ebety Czoborovej, ktor\u00ed prezradia mnoho zauj\u00edmavost\u00ed nielen zo \u017eivota rodiny Turzovcov. Atmosf\u00e9ru umocn\u00ed \u017eiv\u00e1 renesan\u010dn\u00e1 hudba v\u00a0podan\u00ed hudobn\u00e9ho zoskupenia Tonus Eos. Ch\u00fdba\u0165 nebude ani tradi\u010dn\u00fd historick\u00fd n\u00e1stroj \u010dembalo. No\u010dn\u00e9 prehliadky s\u00fa vhodn\u00e9 pre v\u0161etky vekov\u00e9 kateg\u00f3rie a bud\u00fa sa kona\u0165 v\u00a0dvoch term\u00ednoch: 23. j\u00fala a\u00a020. augusta o\u00a018.00, 20.00 a\u00a022.00.","robots":{"index":"index","follow":"follow","max-snippet":"max-snippet:-1","max-image-preview":"max-image-preview:large","max-video-preview":"max-video-preview:-1"},"canonical":"https:\/\/pmza.sk\/?p=51729","og_locale":"sk_SK","og_type":"article","og_title":"No\u010dn\u00e1 prehliadka s palat\u00ednom - Pova\u017esk\u00e9 m\u00fazeum","og_description":"Pova\u017esk\u00e9 m\u00fazeum tento rok po prv\u00fdkr\u00e1t zorganizuje no\u010dn\u00fa prehliadku v\u00a0Sob\u00e1\u0161nom pal\u00e1ci v\u00a0Byt\u010di. N\u00e1v\u0161tevn\u00edci sa m\u00f4\u017eu te\u0161i\u0165 na \u0161peci\u00e1lnu prehliadku v\u00a0historick\u00fdch kost\u00fdmoch v\u00a0sprievode Juraja Turza a\u00a0jeho man\u017eelky Al\u017ebety Czoborovej, ktor\u00ed prezradia mnoho zauj\u00edmavost\u00ed nielen zo \u017eivota rodiny Turzovcov. Atmosf\u00e9ru umocn\u00ed \u017eiv\u00e1 renesan\u010dn\u00e1 hudba v\u00a0podan\u00ed hudobn\u00e9ho zoskupenia Tonus Eos. Ch\u00fdba\u0165 nebude ani tradi\u010dn\u00fd historick\u00fd n\u00e1stroj \u010dembalo. No\u010dn\u00e9 prehliadky s\u00fa vhodn\u00e9 pre v\u0161etky vekov\u00e9 kateg\u00f3rie a bud\u00fa sa kona\u0165 v\u00a0dvoch term\u00ednoch: 23. j\u00fala a\u00a020. augusta o\u00a018.00, 20.00 a\u00a022.00.","og_url":"https:\/\/pmza.sk\/?p=51729","og_site_name":"Pova\u017esk\u00e9 m\u00fazeum","article_publisher":"https:\/\/www.facebook.com\/povazskemuzeum","article_published_time":"2022-07-07T09:06:12+00:00","article_modified_time":"2022-07-25T06:16:09+00:00","og_image":[{"width":1280,"height":853,"url":"https:\/\/pmza.sk\/wp-content\/uploads\/2022\/07\/IMG_3787.jpg","type":"image\/jpeg"}],"author":"Pova\u017esk\u00e9 m\u00fazeum","twitter_card":"summary_large_image","twitter_misc":{"Autor":"Pova\u017esk\u00e9 m\u00fazeum","Predpokladan\u00fd \u010das \u010d\u00edtania":"1 min\u00fata"},"schema":{"@context":"https:\/\/schema.org","@graph":[{"@type":"Article","@id":"https:\/\/pmza.sk\/?p=51729#article","isPartOf":{"@id":"https:\/\/pmza.sk\/?p=51729"},"author":{"name":"Pova\u017esk\u00e9 m\u00fazeum","@id":"https:\/\/pmza.sk\/#\/schema\/person\/595e6a2ce731ea94dcd5d7f50a41ae33"},"headline":"No\u010dn\u00e1 prehliadka s palat\u00ednom","datePublished":"2022-07-07T09:06:12+00:00","dateModified":"2022-07-25T06:16:09+00:00","mainEntityOfPage":{"@id":"https:\/\/pmza.sk\/?p=51729"},"wordCount":246,"commentCount":0,"publisher":{"@id":"https:\/\/pmza.sk\/#organization"},"image":{"@id":"https:\/\/pmza.sk\/?p=51729#primaryimage"},"thumbnailUrl":"https:\/\/pmza.sk\/wp-content\/uploads\/2022\/07\/IMG_3787.jpg","articleSection":["Podujatia"],"inLanguage":"sk-SK"},{"@type":"WebPage","@id":"https:\/\/pmza.sk\/?p=51729","url":"https:\/\/pmza.sk\/?p=51729","name":"No\u010dn\u00e1 prehliadka s palat\u00ednom - Pova\u017esk\u00e9 m\u00fazeum","isPartOf":{"@id":"https:\/\/pmza.sk\/#website"},"primaryImageOfPage":{"@id":"https:\/\/pmza.sk\/?p=51729#primaryimage"},"image":{"@id":"https:\/\/pmza.sk\/?p=51729#primaryimage"},"thumbnailUrl":"https:\/\/pmza.sk\/wp-content\/uploads\/2022\/07\/IMG_3787.jpg","datePublished":"2022-07-07T09:06:12+00:00","dateModified":"2022-07-25T06:16:09+00:00","description":"Pova\u017esk\u00e9 m\u00fazeum tento rok po prv\u00fdkr\u00e1t zorganizuje no\u010dn\u00fa prehliadku v\u00a0Sob\u00e1\u0161nom pal\u00e1ci v\u00a0Byt\u010di. N\u00e1v\u0161tevn\u00edci sa m\u00f4\u017eu te\u0161i\u0165 na \u0161peci\u00e1lnu prehliadku v\u00a0historick\u00fdch kost\u00fdmoch v\u00a0sprievode Juraja Turza a\u00a0jeho man\u017eelky Al\u017ebety Czoborovej, ktor\u00ed prezradia mnoho zauj\u00edmavost\u00ed nielen zo \u017eivota rodiny Turzovcov. Atmosf\u00e9ru umocn\u00ed \u017eiv\u00e1 renesan\u010dn\u00e1 hudba v\u00a0podan\u00ed hudobn\u00e9ho zoskupenia Tonus Eos. Ch\u00fdba\u0165 nebude ani tradi\u010dn\u00fd historick\u00fd n\u00e1stroj \u010dembalo. No\u010dn\u00e9 prehliadky s\u00fa vhodn\u00e9 pre v\u0161etky vekov\u00e9 kateg\u00f3rie a bud\u00fa sa kona\u0165 v\u00a0dvoch term\u00ednoch: 23. j\u00fala a\u00a020. augusta o\u00a018.00, 20.00 a\u00a022.00.","breadcrumb":{"@id":"https:\/\/pmza.sk\/?p=51729#breadcrumb"},"inLanguage":"sk-SK","potentialAction":[{"@type":"ReadAction","target":["https:\/\/pmza.sk\/?p=51729"]}]},{"@type":"ImageObject","inLanguage":"sk-SK","@id":"https:\/\/pmza.sk\/?p=51729#primaryimage","url":"https:\/\/pmza.sk\/wp-content\/uploads\/2022\/07\/IMG_3787.jpg","contentUrl":"https:\/\/pmza.sk\/wp-content\/uploads\/2022\/07\/IMG_3787.jpg","width":1280,"height":853},{"@type":"BreadcrumbList","@id":"https:\/\/pmza.sk\/?p=51729#breadcrumb","itemListElement":[{"@type":"ListItem","position":1,"name":"Domovsk\u00e1 str\u00e1nka","item":"https:\/\/pmza.sk\/"},{"@type":"ListItem","position":2,"name":"No\u010dn\u00e1 prehliadka s palat\u00ednom"}]},{"@type":"WebSite","@id":"https:\/\/pmza.sk\/#website","url":"https:\/\/pmza.sk\/","name":"Pova\u017esk\u00e9 m\u00fazeum","description":"Pova\u017esk\u00e9 m\u00fazeum v \u017diline je region\u00e1lne m\u00fazeum so s\u00eddlom v Budat\u00edne. Jeho expoz\u00edcie s\u00fa zameran\u00e9 na dejiny slovensk\u00e9ho umenia, kult\u00fary a dopravy.","publisher":{"@id":"https:\/\/pmza.sk\/#organization"},"potentialAction":[{"@type":"SearchAction","target":{"@type":"EntryPoint","urlTemplate":"https:\/\/pmza.sk\/?s={search_term_string}"},"query-input":{"@type":"PropertyValueSpecification","valueRequired":true,"valueName":"search_term_string"}}],"inLanguage":"sk-SK"},{"@type":"Organization","@id":"https:\/\/pmza.sk\/#organization","name":"Pova\u017esk\u00e9 m\u00fazeum","url":"https:\/\/pmza.sk\/","logo":{"@type":"ImageObject","inLanguage":"sk-SK","@id":"https:\/\/pmza.sk\/#\/schema\/logo\/image\/","url":"https:\/\/pmza.sk\/wp-content\/uploads\/2022\/01\/logo_PM_horizontal.jpg","contentUrl":"https:\/\/pmza.sk\/wp-content\/uploads\/2022\/01\/logo_PM_horizontal.jpg","width":231,"height":142,"caption":"Pova\u017esk\u00e9 m\u00fazeum"},"image":{"@id":"https:\/\/pmza.sk\/#\/schema\/logo\/image\/"},"sameAs":["https:\/\/www.facebook.com\/povazskemuzeum","https:\/\/www.instagram.com\/povazskemuzeum\/"]},{"@type":"Person","@id":"https:\/\/pmza.sk\/#\/schema\/person\/595e6a2ce731ea94dcd5d7f50a41ae33","name":"Pova\u017esk\u00e9 m\u00fazeum","image":{"@type":"ImageObject","inLanguage":"sk-SK","@id":"https:\/\/secure.gravatar.com\/avatar\/2bb7f1561282132fb5826dfeccc66c7996d11ee392ac6aaf7ced8a1c2027fbb2?s=96&d=mm&r=g","url":"https:\/\/secure.gravatar.com\/avatar\/2bb7f1561282132fb5826dfeccc66c7996d11ee392ac6aaf7ced8a1c2027fbb2?s=96&d=mm&r=g","contentUrl":"https:\/\/secure.gravatar.com\/avatar\/2bb7f1561282132fb5826dfeccc66c7996d11ee392ac6aaf7ced8a1c2027fbb2?s=96&d=mm&r=g","caption":"Pova\u017esk\u00e9 m\u00fazeum"}}]}},"_links":{"self":[{"href":"https:\/\/pmza.sk\/index.php?rest_route=\/wp\/v2\/posts\/51729","targetHints":{"allow":["GET"]}}],"collection":[{"href":"https:\/\/pmza.sk\/index.php?rest_route=\/wp\/v2\/posts"}],"about":[{"href":"https:\/\/pmza.sk\/index.php?rest_route=\/wp\/v2\/types\/post"}],"author":[{"embeddable":true,"href":"https:\/\/pmza.sk\/index.php?rest_route=\/wp\/v2\/users\/2"}],"replies":[{"embeddable":true,"href":"https:\/\/pmza.sk\/index.php?rest_route=%2Fwp%2Fv2%2Fcomments&post=51729"}],"version-history":[{"count":0,"href":"https:\/\/pmza.sk\/index.php?rest_route=\/wp\/v2\/posts\/51729\/revisions"}],"wp:featuredmedia":[{"embeddable":true,"href":"https:\/\/pmza.sk\/index.php?rest_route=\/wp\/v2\/media\/51731"}],"wp:attachment":[{"href":"https:\/\/pmza.sk\/index.php?rest_route=%2Fwp%2Fv2%2Fmedia&parent=51729"}],"wp:term":[{"taxonomy":"category","embeddable":true,"href":"https:\/\/pmza.sk\/index.php?rest_route=%2Fwp%2Fv2%2Fcategories&post=51729"},{"taxonomy":"post_tag","embeddable":true,"href":"https:\/\/pmza.sk\/index.php?rest_route=%2Fwp%2Fv2%2Ftags&post=51729"}],"curies":[{"name":"wp","href":"https:\/\/api.w.org\/{rel}","templated":true}]}}